{"id":188219,"date":"2024-05-29T21:09:12","date_gmt":"2024-05-30T00:09:12","guid":{"rendered":"https:\/\/www.informelitoral.com.ar\/?p=188219"},"modified":"2024-05-29T21:09:37","modified_gmt":"2024-05-30T00:09:37","slug":"benedetti-propone-crear-el-regimen-de-inversiones-para-el-desarrollo-agroindustrial-rida","status":"publish","type":"post","link":"https:\/\/informelitoral.com.ar\/benedetti-propone-crear-el-regimen-de-inversiones-para-el-desarrollo-agroindustrial-rida\/","title":{"rendered":"Benedetti propone crear el r\u00e9gimen de Inversiones para el Desarrollo Agroindustrial (RIDA)"},"content":{"rendered":"<p>La propuesta del RIDA es dar impulso a la producci\u00f3n y la competitividad de los distintos sectores que forman parte de las cadenas agroindustriales.<\/p>\n<p>Adem\u00e1s, en el proyecto de Benedetti, presidente de la Comisi\u00f3n de Agricultura en la C\u00e1mara de Diputados de la Naci\u00f3n, se destaca que el prop\u00f3sito es procurar el aprovechamiento integral de la biomasa y su transformaci\u00f3n en bioproductos de alto valor agregado.<\/p>\n<p>\u00abEsta propuesta que tendr\u00eda un plazo de vigencia de tres a\u00f1os, con posibilidad de ser prorrogado por dos a\u00f1os m\u00e1s, busca potenciar la producci\u00f3n de alimentos listos para consumir, productos agroforestales y de tecnolog\u00edas y servicios para el agro\u00bb, manifest\u00f3 Benedetti.<\/p>\n<p>Otro de los ejes de la propuesta es fomentar la incorporaci\u00f3n de valor agregado a la producci\u00f3n primaria.<\/p>\n<p>El proyecto de ley establece que no se fija piso o m\u00ednimo de inversi\u00f3n y el tr\u00e1mite de adhesi\u00f3n es desburocratizado con el objetivo de fomentar la incorporaci\u00f3n al R\u00e9gimen, la que se operar\u00e1 trav\u00e9s de la Ventanilla \u00fanica de la Administraci\u00f3n P\u00fablica Nacional.<\/p>\n<p>Adem\u00e1s, se propone fijar un tratamiento fiscal diferenciado, con un mecanismo de amortizaci\u00f3n acelerado de las inversiones, una devoluci\u00f3n de saldo t\u00e9cnico de IVA en plazo reducido y un procedimiento de valuaci\u00f3n de hacienda menos gravoso para los productores.<\/p>\n<p>Este proyecto busca impulsar el desarrollo de cuatro ejes de promoci\u00f3n como el incremento del uso de semilla fiscalizada de especies aut\u00f3gamas de producci\u00f3n nacional, debidamente aprobadas por el Instituto Nacional de Semillas (INASE), organismo descentralizado en la \u00f3rbita de la Secretar\u00eda de Bioeconom\u00eda y dem\u00e1s organismos de contralor.<\/p>\n<p>Uno de lo objetivos centrales de la propuesta es estimular la producci\u00f3n sustentable a trav\u00e9s de la promoci\u00f3n del uso de fertilizantes y otro tipo de insumos debidamente registrados y autorizados por la autoridad competente.<\/p>\n<p>\u00abCon la sanci\u00f3n de esta nueva norma, se busca el incremento de la productividad de la ganader\u00eda extensiva e intensiva y la adopci\u00f3n de sistemas de gesti\u00f3n de la calidad, inocuidad, de triple impacto y de certificaciones oficiales\u00bb finaliz\u00f3 el diputado Entrerriano.<\/p>\n","protected":false},"excerpt":{"rendered":"<p>A trav\u00e9s de un proyecto del diputado Nacional, Atilio Benedetti, propone la creaci\u00f3n del r\u00e9gimen de Inversiones para el Desarrollo Agroindustrial (RIDA), con el objetivo de promover el incremento de la inversi\u00f3n y el empleo.<\/p>\n","protected":false},"author":2,"featured_media":188220,"comment_status":"open","ping_status":"open","sticky":false,"template":"","format":"standard","meta":{"fifu_image_url":"","fifu_image_alt":"","footnotes":""},"categories":[16],"tags":[274,1283,287,492],"class_list":{"0":"post-188219","1":"post","2":"type-post","3":"status-publish","4":"format-standard","5":"has-post-thumbnail","7":"category-politi","8":"tag-agroindustria","9":"tag-atilio-benedetti","10":"tag-legislativas","11":"tag-proyecto-de-ley"},"yoast_head":"<title>Benedetti propone crear el r\u00e9gimen de Inversiones para el Desarrollo Agroindustrial (RIDA) - Informe Litoral<\/title>\n<meta name=\"robots\" content=\"index, follow, max-snippet:-1, max-image-preview:large, max-video-preview:-1\" \/>\n<link rel=\"canonical\" href=\"https:\/\/informelitoral.com.ar\/benedetti-propone-crear-el-regimen-de-inversiones-para-el-desarrollo-agroindustrial-rida\/\" \/>\n<meta property=\"og:locale\" content=\"es_ES\" \/>\n<meta property=\"og:type\" content=\"article\" \/>\n<meta property=\"og:title\" content=\"Benedetti propone crear el r\u00e9gimen de Inversiones para el Desarrollo Agroindustrial (RIDA) - Informe Litoral\" \/>\n<meta property=\"og:description\" content=\"A trav\u00e9s de un proyecto del diputado Nacional, Atilio Benedetti, propone la creaci\u00f3n del r\u00e9gimen de Inversiones para el Desarrollo Agroindustrial (RIDA), con el objetivo de promover el incremento de la inversi\u00f3n y el empleo.\" \/>\n<meta property=\"og:url\" content=\"https:\/\/informelitoral.com.ar\/benedetti-propone-crear-el-regimen-de-inversiones-para-el-desarrollo-agroindustrial-rida\/\" \/>\n<meta property=\"og:site_name\" content=\"Informe Litoral\" \/>\n<meta property=\"article:publisher\" content=\"https:\/\/www.facebook.com\/informelitoral\/\" \/>\n<meta property=\"article:published_time\" content=\"2024-05-30T00:09:12+00:00\" \/>\n<meta property=\"article:modified_time\" content=\"2024-05-30T00:09:37+00:00\" \/>\n<meta property=\"og:image\" content=\"https:\/\/informelitoral.com.ar\/%77%70%2d%63%6f%6e%74%65%6e%74\/uploads\/2024\/05\/Imagen-de-WhatsApp-2024-05-29-a-las-17.52.37_03be36ef.jpg\" \/>\n\t<meta property=\"og:image:width\" content=\"1321\" \/>\n\t<meta property=\"og:image:height\" content=\"1159\" \/>\n\t<meta property=\"og:image:type\" content=\"image\/jpeg\" \/>\n<meta name=\"author\" content=\"Gonzalo Schmidt\" \/>\n<meta name=\"twitter:card\" content=\"summary_large_image\" \/>\n<meta name=\"twitter:creator\" content=\"@InformeLitoral\" \/>\n<meta name=\"twitter:site\" content=\"@InformeLitoral\" \/>\n<meta name=\"twitter:label1\" content=\"Escrito por\" \/>\n\t<meta name=\"twitter:data1\" content=\"Gonzalo Schmidt\" \/>\n\t<meta name=\"twitter:label2\" content=\"Tiempo de lectura\" \/>\n\t<meta name=\"twitter:data2\" content=\"2 minutos\" \/>\n<script type=\"application\/ld+json\" class=\"yoast-schema-graph\">{\"@context\":\"https:\\\/\\\/schema.org\",\"@graph\":[{\"@type\":\"Article\",\"@id\":\"https:\\\/\\\/informelitoral.com.ar\\\/benedetti-propone-crear-el-regimen-de-inversiones-para-el-desarrollo-agroindustrial-rida\\\/#article\",\"isPartOf\":{\"@id\":\"https:\\\/\\\/informelitoral.com.ar\\\/benedetti-propone-crear-el-regimen-de-inversiones-para-el-desarrollo-agroindustrial-rida\\\/\"},\"author\":{\"name\":\"Gonzalo Schmidt\",\"@id\":\"https:\\\/\\\/informelitoral.com.ar\\\/#\\\/schema\\\/person\\\/b9d00407c836482871ef1d57bf8e3180\"},\"headline\":\"Benedetti propone crear el r\u00e9gimen de Inversiones para el Desarrollo Agroindustrial (RIDA)\",\"datePublished\":\"2024-05-30T00:09:12+00:00\",\"dateModified\":\"2024-05-30T00:09:37+00:00\",\"mainEntityOfPage\":{\"@id\":\"https:\\\/\\\/informelitoral.com.ar\\\/benedetti-propone-crear-el-regimen-de-inversiones-para-el-desarrollo-agroindustrial-rida\\\/\"},\"wordCount\":389,\"commentCount\":0,\"publisher\":{\"@id\":\"https:\\\/\\\/informelitoral.com.ar\\\/#organization\"},\"image\":{\"@id\":\"https:\\\/\\\/informelitoral.com.ar\\\/benedetti-propone-crear-el-regimen-de-inversiones-para-el-desarrollo-agroindustrial-rida\\\/#primaryimage\"},\"thumbnailUrl\":\"https:\\\/\\\/informelitoral.com.ar\\\/%77%70%2d%63%6f%6e%74%65%6e%74\\\/uploads\\\/2024\\\/05\\\/Imagen-de-WhatsApp-2024-05-29-a-las-17.52.37_03be36ef.jpg\",\"keywords\":[\"Agroindustria\",\"Atilio Benedetti\",\"Legislativas\",\"Proyecto de Ley\"],\"articleSection\":[\"Politica\"],\"inLanguage\":\"es\",\"potentialAction\":[{\"@type\":\"CommentAction\",\"name\":\"Comment\",\"target\":[\"https:\\\/\\\/informelitoral.com.ar\\\/benedetti-propone-crear-el-regimen-de-inversiones-para-el-desarrollo-agroindustrial-rida\\\/#respond\"]}]},{\"@type\":\"WebPage\",\"@id\":\"https:\\\/\\\/informelitoral.com.ar\\\/benedetti-propone-crear-el-regimen-de-inversiones-para-el-desarrollo-agroindustrial-rida\\\/\",\"url\":\"https:\\\/\\\/informelitoral.com.ar\\\/benedetti-propone-crear-el-regimen-de-inversiones-para-el-desarrollo-agroindustrial-rida\\\/\",\"name\":\"Benedetti propone crear el r\u00e9gimen de Inversiones para el Desarrollo Agroindustrial (RIDA) - Informe Litoral\",\"isPartOf\":{\"@id\":\"https:\\\/\\\/informelitoral.com.ar\\\/#website\"},\"primaryImageOfPage\":{\"@id\":\"https:\\\/\\\/informelitoral.com.ar\\\/benedetti-propone-crear-el-regimen-de-inversiones-para-el-desarrollo-agroindustrial-rida\\\/#primaryimage\"},\"image\":{\"@id\":\"https:\\\/\\\/informelitoral.com.ar\\\/benedetti-propone-crear-el-regimen-de-inversiones-para-el-desarrollo-agroindustrial-rida\\\/#primaryimage\"},\"thumbnailUrl\":\"https:\\\/\\\/informelitoral.com.ar\\\/%77%70%2d%63%6f%6e%74%65%6e%74\\\/uploads\\\/2024\\\/05\\\/Imagen-de-WhatsApp-2024-05-29-a-las-17.52.37_03be36ef.jpg\",\"datePublished\":\"2024-05-30T00:09:12+00:00\",\"dateModified\":\"2024-05-30T00:09:37+00:00\",\"breadcrumb\":{\"@id\":\"https:\\\/\\\/informelitoral.com.ar\\\/benedetti-propone-crear-el-regimen-de-inversiones-para-el-desarrollo-agroindustrial-rida\\\/#breadcrumb\"},\"inLanguage\":\"es\",\"potentialAction\":[{\"@type\":\"ReadAction\",\"target\":[\"https:\\\/\\\/informelitoral.com.ar\\\/benedetti-propone-crear-el-regimen-de-inversiones-para-el-desarrollo-agroindustrial-rida\\\/\"]}]},{\"@type\":\"ImageObject\",\"inLanguage\":\"es\",\"@id\":\"https:\\\/\\\/informelitoral.com.ar\\\/benedetti-propone-crear-el-regimen-de-inversiones-para-el-desarrollo-agroindustrial-rida\\\/#primaryimage\",\"url\":\"https:\\\/\\\/informelitoral.com.ar\\\/%77%70%2d%63%6f%6e%74%65%6e%74\\\/uploads\\\/2024\\\/05\\\/Imagen-de-WhatsApp-2024-05-29-a-las-17.52.37_03be36ef.jpg\",\"contentUrl\":\"https:\\\/\\\/informelitoral.com.ar\\\/%77%70%2d%63%6f%6e%74%65%6e%74\\\/uploads\\\/2024\\\/05\\\/Imagen-de-WhatsApp-2024-05-29-a-las-17.52.37_03be36ef.jpg\",\"width\":1321,\"height\":1159},{\"@type\":\"BreadcrumbList\",\"@id\":\"https:\\\/\\\/informelitoral.com.ar\\\/benedetti-propone-crear-el-regimen-de-inversiones-para-el-desarrollo-agroindustrial-rida\\\/#breadcrumb\",\"itemListElement\":[{\"@type\":\"ListItem\",\"position\":1,\"name\":\"Portada\",\"item\":\"https:\\\/\\\/informelitoral.com.ar\\\/\"},{\"@type\":\"ListItem\",\"position\":2,\"name\":\"Benedetti propone crear el r\u00e9gimen de Inversiones para el Desarrollo Agroindustrial (RIDA)\"}]},{\"@type\":\"WebSite\",\"@id\":\"https:\\\/\\\/informelitoral.com.ar\\\/#website\",\"url\":\"https:\\\/\\\/informelitoral.com.ar\\\/\",\"name\":\"Informe Litoral\",\"description\":\"&quot;Nos informamos&quot; \",\"publisher\":{\"@id\":\"https:\\\/\\\/informelitoral.com.ar\\\/#organization\"},\"potentialAction\":[{\"@type\":\"SearchAction\",\"target\":{\"@type\":\"EntryPoint\",\"urlTemplate\":\"https:\\\/\\\/informelitoral.com.ar\\\/?s={search_term_string}\"},\"query-input\":{\"@type\":\"PropertyValueSpecification\",\"valueRequired\":true,\"valueName\":\"search_term_string\"}}],\"inLanguage\":\"es\"},{\"@type\":\"Organization\",\"@id\":\"https:\\\/\\\/informelitoral.com.ar\\\/#organization\",\"name\":\"Informe Litoral\",\"url\":\"https:\\\/\\\/informelitoral.com.ar\\\/\",\"logo\":{\"@type\":\"ImageObject\",\"inLanguage\":\"es\",\"@id\":\"https:\\\/\\\/informelitoral.com.ar\\\/#\\\/schema\\\/logo\\\/image\\\/\",\"url\":\"https:\\\/\\\/informelitoral.com.ar\\\/%77%70%2d%63%6f%6e%74%65%6e%74\\\/uploads\\\/2021\\\/01\\\/circulo.png\",\"contentUrl\":\"https:\\\/\\\/informelitoral.com.ar\\\/%77%70%2d%63%6f%6e%74%65%6e%74\\\/uploads\\\/2021\\\/01\\\/circulo.png\",\"width\":723,\"height\":731,\"caption\":\"Informe Litoral\"},\"image\":{\"@id\":\"https:\\\/\\\/informelitoral.com.ar\\\/#\\\/schema\\\/logo\\\/image\\\/\"},\"sameAs\":[\"https:\\\/\\\/www.facebook.com\\\/informelitoral\\\/\",\"https:\\\/\\\/x.com\\\/InformeLitoral\",\"https:\\\/\\\/www.instagram.com\\\/informelitoral\\\/\",\"https:\\\/\\\/www.youtube.com\\\/channel\\\/UCua4Qvz8Icb6MYqhoq9xLXw\"]},{\"@type\":\"Person\",\"@id\":\"https:\\\/\\\/informelitoral.com.ar\\\/#\\\/schema\\\/person\\\/b9d00407c836482871ef1d57bf8e3180\",\"name\":\"Gonzalo Schmidt\",\"image\":{\"@type\":\"ImageObject\",\"inLanguage\":\"es\",\"@id\":\"https:\\\/\\\/secure.gravatar.com\\\/avatar\\\/31a1a7b66ff2de83bd0e9fd79d026630d2d99e55e8bfe501287647b4fd9743de?s=96&d=mm&r=g\",\"url\":\"https:\\\/\\\/secure.gravatar.com\\\/avatar\\\/31a1a7b66ff2de83bd0e9fd79d026630d2d99e55e8bfe501287647b4fd9743de?s=96&d=mm&r=g\",\"contentUrl\":\"https:\\\/\\\/secure.gravatar.com\\\/avatar\\\/31a1a7b66ff2de83bd0e9fd79d026630d2d99e55e8bfe501287647b4fd9743de?s=96&d=mm&r=g\",\"caption\":\"Gonzalo Schmidt\"},\"description\":\"Sitio web de noticias de la provincia de Entre R\u00edos, Argentina. Informaci\u00f3n y entretenimiento. Informe Litoral, nos informamos.\",\"sameAs\":[\"http:\\\/\\\/www.isletasnoticias.com.ar\"],\"url\":\"https:\\\/\\\/informelitoral.com.ar\\\/author\\\/gonzalo\\\/\"}]}<\/script>","yoast_head_json":{"title":"Benedetti propone crear el r\u00e9gimen de Inversiones para el Desarrollo Agroindustrial (RIDA) - Informe Litoral","robots":{"index":"index","follow":"follow","max-snippet":"max-snippet:-1","max-image-preview":"max-image-preview:large","max-video-preview":"max-video-preview:-1"},"canonical":"https:\/\/informelitoral.com.ar\/benedetti-propone-crear-el-regimen-de-inversiones-para-el-desarrollo-agroindustrial-rida\/","og_locale":"es_ES","og_type":"article","og_title":"Benedetti propone crear el r\u00e9gimen de Inversiones para el Desarrollo Agroindustrial (RIDA) - Informe Litoral","og_description":"A trav\u00e9s de un proyecto del diputado Nacional, Atilio Benedetti, propone la creaci\u00f3n del r\u00e9gimen de Inversiones para el Desarrollo Agroindustrial (RIDA), con el objetivo de promover el incremento de la inversi\u00f3n y el empleo.","og_url":"https:\/\/informelitoral.com.ar\/benedetti-propone-crear-el-regimen-de-inversiones-para-el-desarrollo-agroindustrial-rida\/","og_site_name":"Informe Litoral","article_publisher":"https:\/\/www.facebook.com\/informelitoral\/","article_published_time":"2024-05-30T00:09:12+00:00","article_modified_time":"2024-05-30T00:09:37+00:00","og_image":[{"width":1321,"height":1159,"url":"https:\/\/informelitoral.com.ar\/%77%70%2d%63%6f%6e%74%65%6e%74\/uploads\/2024\/05\/Imagen-de-WhatsApp-2024-05-29-a-las-17.52.37_03be36ef.jpg","type":"image\/jpeg"}],"author":"Gonzalo Schmidt","twitter_card":"summary_large_image","twitter_creator":"@InformeLitoral","twitter_site":"@InformeLitoral","twitter_misc":{"Escrito por":"Gonzalo Schmidt","Tiempo de lectura":"2 minutos"},"schema":{"@context":"https:\/\/schema.org","@graph":[{"@type":"Article","@id":"https:\/\/informelitoral.com.ar\/benedetti-propone-crear-el-regimen-de-inversiones-para-el-desarrollo-agroindustrial-rida\/#article","isPartOf":{"@id":"https:\/\/informelitoral.com.ar\/benedetti-propone-crear-el-regimen-de-inversiones-para-el-desarrollo-agroindustrial-rida\/"},"author":{"name":"Gonzalo Schmidt","@id":"https:\/\/informelitoral.com.ar\/#\/schema\/person\/b9d00407c836482871ef1d57bf8e3180"},"headline":"Benedetti propone crear el r\u00e9gimen de Inversiones para el Desarrollo Agroindustrial (RIDA)","datePublished":"2024-05-30T00:09:12+00:00","dateModified":"2024-05-30T00:09:37+00:00","mainEntityOfPage":{"@id":"https:\/\/informelitoral.com.ar\/benedetti-propone-crear-el-regimen-de-inversiones-para-el-desarrollo-agroindustrial-rida\/"},"wordCount":389,"commentCount":0,"publisher":{"@id":"https:\/\/informelitoral.com.ar\/#organization"},"image":{"@id":"https:\/\/informelitoral.com.ar\/benedetti-propone-crear-el-regimen-de-inversiones-para-el-desarrollo-agroindustrial-rida\/#primaryimage"},"thumbnailUrl":"https:\/\/informelitoral.com.ar\/%77%70%2d%63%6f%6e%74%65%6e%74\/uploads\/2024\/05\/Imagen-de-WhatsApp-2024-05-29-a-las-17.52.37_03be36ef.jpg","keywords":["Agroindustria","Atilio Benedetti","Legislativas","Proyecto de Ley"],"articleSection":["Politica"],"inLanguage":"es","potentialAction":[{"@type":"CommentAction","name":"Comment","target":["https:\/\/informelitoral.com.ar\/benedetti-propone-crear-el-regimen-de-inversiones-para-el-desarrollo-agroindustrial-rida\/#respond"]}]},{"@type":"WebPage","@id":"https:\/\/informelitoral.com.ar\/benedetti-propone-crear-el-regimen-de-inversiones-para-el-desarrollo-agroindustrial-rida\/","url":"https:\/\/informelitoral.com.ar\/benedetti-propone-crear-el-regimen-de-inversiones-para-el-desarrollo-agroindustrial-rida\/","name":"Benedetti propone crear el r\u00e9gimen de Inversiones para el Desarrollo Agroindustrial (RIDA) - Informe Litoral","isPartOf":{"@id":"https:\/\/informelitoral.com.ar\/#website"},"primaryImageOfPage":{"@id":"https:\/\/informelitoral.com.ar\/benedetti-propone-crear-el-regimen-de-inversiones-para-el-desarrollo-agroindustrial-rida\/#primaryimage"},"image":{"@id":"https:\/\/informelitoral.com.ar\/benedetti-propone-crear-el-regimen-de-inversiones-para-el-desarrollo-agroindustrial-rida\/#primaryimage"},"thumbnailUrl":"https:\/\/informelitoral.com.ar\/%77%70%2d%63%6f%6e%74%65%6e%74\/uploads\/2024\/05\/Imagen-de-WhatsApp-2024-05-29-a-las-17.52.37_03be36ef.jpg","datePublished":"2024-05-30T00:09:12+00:00","dateModified":"2024-05-30T00:09:37+00:00","breadcrumb":{"@id":"https:\/\/informelitoral.com.ar\/benedetti-propone-crear-el-regimen-de-inversiones-para-el-desarrollo-agroindustrial-rida\/#breadcrumb"},"inLanguage":"es","potentialAction":[{"@type":"ReadAction","target":["https:\/\/informelitoral.com.ar\/benedetti-propone-crear-el-regimen-de-inversiones-para-el-desarrollo-agroindustrial-rida\/"]}]},{"@type":"ImageObject","inLanguage":"es","@id":"https:\/\/informelitoral.com.ar\/benedetti-propone-crear-el-regimen-de-inversiones-para-el-desarrollo-agroindustrial-rida\/#primaryimage","url":"https:\/\/informelitoral.com.ar\/%77%70%2d%63%6f%6e%74%65%6e%74\/uploads\/2024\/05\/Imagen-de-WhatsApp-2024-05-29-a-las-17.52.37_03be36ef.jpg","contentUrl":"https:\/\/informelitoral.com.ar\/%77%70%2d%63%6f%6e%74%65%6e%74\/uploads\/2024\/05\/Imagen-de-WhatsApp-2024-05-29-a-las-17.52.37_03be36ef.jpg","width":1321,"height":1159},{"@type":"BreadcrumbList","@id":"https:\/\/informelitoral.com.ar\/benedetti-propone-crear-el-regimen-de-inversiones-para-el-desarrollo-agroindustrial-rida\/#breadcrumb","itemListElement":[{"@type":"ListItem","position":1,"name":"Portada","item":"https:\/\/informelitoral.com.ar\/"},{"@type":"ListItem","position":2,"name":"Benedetti propone crear el r\u00e9gimen de Inversiones para el Desarrollo Agroindustrial (RIDA)"}]},{"@type":"WebSite","@id":"https:\/\/informelitoral.com.ar\/#website","url":"https:\/\/informelitoral.com.ar\/","name":"Informe Litoral","description":"&quot;Nos informamos&quot; ","publisher":{"@id":"https:\/\/informelitoral.com.ar\/#organization"},"potentialAction":[{"@type":"SearchAction","target":{"@type":"EntryPoint","urlTemplate":"https:\/\/informelitoral.com.ar\/?s={search_term_string}"},"query-input":{"@type":"PropertyValueSpecification","valueRequired":true,"valueName":"search_term_string"}}],"inLanguage":"es"},{"@type":"Organization","@id":"https:\/\/informelitoral.com.ar\/#organization","name":"Informe Litoral","url":"https:\/\/informelitoral.com.ar\/","logo":{"@type":"ImageObject","inLanguage":"es","@id":"https:\/\/informelitoral.com.ar\/#\/schema\/logo\/image\/","url":"https:\/\/informelitoral.com.ar\/%77%70%2d%63%6f%6e%74%65%6e%74\/uploads\/2021\/01\/circulo.png","contentUrl":"https:\/\/informelitoral.com.ar\/%77%70%2d%63%6f%6e%74%65%6e%74\/uploads\/2021\/01\/circulo.png","width":723,"height":731,"caption":"Informe Litoral"},"image":{"@id":"https:\/\/informelitoral.com.ar\/#\/schema\/logo\/image\/"},"sameAs":["https:\/\/www.facebook.com\/informelitoral\/","https:\/\/x.com\/InformeLitoral","https:\/\/www.instagram.com\/informelitoral\/","https:\/\/www.youtube.com\/channel\/UCua4Qvz8Icb6MYqhoq9xLXw"]},{"@type":"Person","@id":"https:\/\/informelitoral.com.ar\/#\/schema\/person\/b9d00407c836482871ef1d57bf8e3180","name":"Gonzalo Schmidt","image":{"@type":"ImageObject","inLanguage":"es","@id":"https:\/\/secure.gravatar.com\/avatar\/31a1a7b66ff2de83bd0e9fd79d026630d2d99e55e8bfe501287647b4fd9743de?s=96&d=mm&r=g","url":"https:\/\/secure.gravatar.com\/avatar\/31a1a7b66ff2de83bd0e9fd79d026630d2d99e55e8bfe501287647b4fd9743de?s=96&d=mm&r=g","contentUrl":"https:\/\/secure.gravatar.com\/avatar\/31a1a7b66ff2de83bd0e9fd79d026630d2d99e55e8bfe501287647b4fd9743de?s=96&d=mm&r=g","caption":"Gonzalo Schmidt"},"description":"Sitio web de noticias de la provincia de Entre R\u00edos, Argentina. Informaci\u00f3n y entretenimiento. Informe Litoral, nos informamos.","sameAs":["http:\/\/www.isletasnoticias.com.ar"],"url":"https:\/\/informelitoral.com.ar\/author\/gonzalo\/"}]}},"_links":{"self":[{"href":"https:\/\/informelitoral.com.ar\/%77%70%2d%6a%73%6f%6e\/wp\/v2\/posts\/188219","targetHints":{"allow":["GET"]}}],"collection":[{"href":"https:\/\/informelitoral.com.ar\/%77%70%2d%6a%73%6f%6e\/wp\/v2\/posts"}],"about":[{"href":"https:\/\/informelitoral.com.ar\/%77%70%2d%6a%73%6f%6e\/wp\/v2\/types\/post"}],"author":[{"embeddable":true,"href":"https:\/\/informelitoral.com.ar\/%77%70%2d%6a%73%6f%6e\/wp\/v2\/users\/2"}],"replies":[{"embeddable":true,"href":"https:\/\/informelitoral.com.ar\/%77%70%2d%6a%73%6f%6e\/wp\/v2\/comments?post=188219"}],"version-history":[{"count":0,"href":"https:\/\/informelitoral.com.ar\/%77%70%2d%6a%73%6f%6e\/wp\/v2\/posts\/188219\/revisions"}],"wp:featuredmedia":[{"embeddable":true,"href":"https:\/\/informelitoral.com.ar\/%77%70%2d%6a%73%6f%6e\/wp\/v2\/media\/188220"}],"wp:attachment":[{"href":"https:\/\/informelitoral.com.ar\/%77%70%2d%6a%73%6f%6e\/wp\/v2\/media?parent=188219"}],"wp:term":[{"taxonomy":"category","embeddable":true,"href":"https:\/\/informelitoral.com.ar\/%77%70%2d%6a%73%6f%6e\/wp\/v2\/categories?post=188219"},{"taxonomy":"post_tag","embeddable":true,"href":"https:\/\/informelitoral.com.ar\/%77%70%2d%6a%73%6f%6e\/wp\/v2\/tags?post=188219"}],"curies":[{"name":"wp","href":"https:\/\/api.w.org\/{rel}","templated":true}]}}