{"id":188023,"date":"2024-05-28T11:18:10","date_gmt":"2024-05-28T14:18:10","guid":{"rendered":"https:\/\/www.informelitoral.com.ar\/?p=188023"},"modified":"2024-05-28T12:02:29","modified_gmt":"2024-05-28T15:02:29","slug":"el-directorio-del-iapv-mantuvo-una-reunion-con-las-regionales-del-organismo","status":"publish","type":"post","link":"https:\/\/informelitoral.com.ar\/el-directorio-del-iapv-mantuvo-una-reunion-con-las-regionales-del-organismo\/","title":{"rendered":"El directorio del IAPV mantuvo una reuni\u00f3n con las regionales del organismo"},"content":{"rendered":"<p>El encuentro, que se desarroll\u00f3 en la sede del organismo provincial, fue encabezado por el presidente del IAPV, Manuel Sch\u00f6nhals, quien estuvo acompa\u00f1ado por los vocales, Luis Uriona y An\u00edbal Steren.<\/p>\n<p>Al respecto, el titular del IAPV, Manuel Sch\u00f6nhals coment\u00f3 que uno de los temas tratados fue \u00a0\u00abla resoluci\u00f3n que crea la cuota m\u00ednima para la totalidad de los cr\u00e9ditos vigentes del instituto, tanto para el c\u00e1lculo de amortizaci\u00f3n como de la cuota mensual\u00bb.<\/p>\n<p>Seguidamente, el funcionario indic\u00f3 que \u00abhay que avanzar con el programa de entrega de escrituras en marcha y llevar adelante nuevas escrituraciones, para reducir plazos y realizar los relevamientos de los barrios construidos por el organismo en las diversas localidades entrerrianas\u00bb. \u00abEs imprescindible trabajar en forma conjunta con los municipios\u00bb, enfatiz\u00f3.<\/p>\n<p>\u00abSi hay viviendas sin ocupar en barrios del IAPV, significa que no estamos haciendo bien nuestro trabajo\u00bb expres\u00f3 Sch\u00f6nhals para impulsar la necesidad de conocer en qu\u00e9 condiciones se encuentran las viviendas construidas en la provincia a trav\u00e9s del tiempo.<\/p>\n<p>Tambi\u00e9n participaron de la reuni\u00f3n, los directores de las regionales Salto Grande, Alfonso Sa; Centro Este; Gabriel Bochatay; Oeste, Candela Temon y Sur, Pablo Echandi.<\/p>\n","protected":false},"excerpt":{"rendered":"<p>El directorio del Instituto Aut\u00e1rquico de Planeamiento y Vivienda (IAPV) mantuvo una reuni\u00f3n de trabajo con los directores de las regionales y representantes de las \u00e1reas sociales y comerciales, con el fin de analizar las resoluciones destinadas a mejorar la operatividad de sus planes de financiaci\u00f3n y garantizar la regularizaci\u00f3n dominial a los beneficiarios de sus programas habitacionales.<\/p>\n","protected":false},"author":8,"featured_media":188025,"comment_status":"open","ping_status":"open","sticky":false,"template":"","format":"standard","meta":{"fifu_image_url":"","fifu_image_alt":"","footnotes":""},"categories":[6],"tags":[1517,642],"class_list":{"0":"post-188023","1":"post","2":"type-post","3":"status-publish","4":"format-standard","5":"has-post-thumbnail","7":"category-entre-rios","8":"tag-iapv","9":"tag-reunion"},"yoast_head":"<title>El directorio del IAPV mantuvo una reuni\u00f3n con las regionales del organismo - Informe Litoral<\/title>\n<meta name=\"robots\" content=\"index, follow, max-snippet:-1, max-image-preview:large, max-video-preview:-1\" \/>\n<link rel=\"canonical\" href=\"https:\/\/informelitoral.com.ar\/el-directorio-del-iapv-mantuvo-una-reunion-con-las-regionales-del-organismo\/\" \/>\n<meta property=\"og:locale\" content=\"es_ES\" \/>\n<meta property=\"og:type\" content=\"article\" \/>\n<meta property=\"og:title\" content=\"El directorio del IAPV mantuvo una reuni\u00f3n con las regionales del organismo - Informe Litoral\" \/>\n<meta property=\"og:description\" content=\"El directorio del Instituto Aut\u00e1rquico de Planeamiento y Vivienda (IAPV) mantuvo una reuni\u00f3n de trabajo con los directores de las regionales y representantes de las \u00e1reas sociales y comerciales, con el fin de analizar las resoluciones destinadas a mejorar la operatividad de sus planes de financiaci\u00f3n y garantizar la regularizaci\u00f3n dominial a los beneficiarios de sus programas habitacionales.\" \/>\n<meta property=\"og:url\" content=\"https:\/\/informelitoral.com.ar\/el-directorio-del-iapv-mantuvo-una-reunion-con-las-regionales-del-organismo\/\" \/>\n<meta property=\"og:site_name\" content=\"Informe Litoral\" \/>\n<meta property=\"article:publisher\" content=\"https:\/\/www.facebook.com\/informelitoral\/\" \/>\n<meta property=\"article:published_time\" content=\"2024-05-28T14:18:10+00:00\" \/>\n<meta property=\"article:modified_time\" content=\"2024-05-28T15:02:29+00:00\" \/>\n<meta property=\"og:image\" content=\"https:\/\/informelitoral.com.ar\/%77%70%2d%63%6f%6e%74%65%6e%74\/uploads\/2024\/05\/descarga-13-1.jpg\" \/>\n\t<meta property=\"og:image:width\" content=\"1920\" \/>\n\t<meta property=\"og:image:height\" content=\"1280\" \/>\n\t<meta property=\"og:image:type\" content=\"image\/jpeg\" \/>\n<meta name=\"author\" content=\"Sebastian\" \/>\n<meta name=\"twitter:card\" content=\"summary_large_image\" \/>\n<meta name=\"twitter:creator\" content=\"@InformeLitoral\" \/>\n<meta name=\"twitter:site\" content=\"@InformeLitoral\" \/>\n<meta name=\"twitter:label1\" content=\"Escrito por\" \/>\n\t<meta name=\"twitter:data1\" content=\"Sebastian\" \/>\n\t<meta name=\"twitter:label2\" content=\"Tiempo de lectura\" \/>\n\t<meta name=\"twitter:data2\" content=\"1 minuto\" \/>\n<script type=\"application\/ld+json\" class=\"yoast-schema-graph\">{\"@context\":\"https:\\\/\\\/schema.org\",\"@graph\":[{\"@type\":\"Article\",\"@id\":\"https:\\\/\\\/informelitoral.com.ar\\\/el-directorio-del-iapv-mantuvo-una-reunion-con-las-regionales-del-organismo\\\/#article\",\"isPartOf\":{\"@id\":\"https:\\\/\\\/informelitoral.com.ar\\\/el-directorio-del-iapv-mantuvo-una-reunion-con-las-regionales-del-organismo\\\/\"},\"author\":{\"name\":\"Sebastian\",\"@id\":\"https:\\\/\\\/informelitoral.com.ar\\\/#\\\/schema\\\/person\\\/f05f9f461677119578717524b127d6d5\"},\"headline\":\"El directorio del IAPV mantuvo una reuni\u00f3n con las regionales del organismo\",\"datePublished\":\"2024-05-28T14:18:10+00:00\",\"dateModified\":\"2024-05-28T15:02:29+00:00\",\"mainEntityOfPage\":{\"@id\":\"https:\\\/\\\/informelitoral.com.ar\\\/el-directorio-del-iapv-mantuvo-una-reunion-con-las-regionales-del-organismo\\\/\"},\"wordCount\":216,\"commentCount\":0,\"publisher\":{\"@id\":\"https:\\\/\\\/informelitoral.com.ar\\\/#organization\"},\"image\":{\"@id\":\"https:\\\/\\\/informelitoral.com.ar\\\/el-directorio-del-iapv-mantuvo-una-reunion-con-las-regionales-del-organismo\\\/#primaryimage\"},\"thumbnailUrl\":\"https:\\\/\\\/informelitoral.com.ar\\\/%77%70%2d%63%6f%6e%74%65%6e%74\\\/uploads\\\/2024\\\/05\\\/descarga-13-1.jpg\",\"keywords\":[\"IAPV\",\"Reuni\u00f3n\"],\"articleSection\":[\"Entre R\u00edos\"],\"inLanguage\":\"es\",\"potentialAction\":[{\"@type\":\"CommentAction\",\"name\":\"Comment\",\"target\":[\"https:\\\/\\\/informelitoral.com.ar\\\/el-directorio-del-iapv-mantuvo-una-reunion-con-las-regionales-del-organismo\\\/#respond\"]}]},{\"@type\":\"WebPage\",\"@id\":\"https:\\\/\\\/informelitoral.com.ar\\\/el-directorio-del-iapv-mantuvo-una-reunion-con-las-regionales-del-organismo\\\/\",\"url\":\"https:\\\/\\\/informelitoral.com.ar\\\/el-directorio-del-iapv-mantuvo-una-reunion-con-las-regionales-del-organismo\\\/\",\"name\":\"El directorio del IAPV mantuvo una reuni\u00f3n con las regionales del organismo - Informe Litoral\",\"isPartOf\":{\"@id\":\"https:\\\/\\\/informelitoral.com.ar\\\/#website\"},\"primaryImageOfPage\":{\"@id\":\"https:\\\/\\\/informelitoral.com.ar\\\/el-directorio-del-iapv-mantuvo-una-reunion-con-las-regionales-del-organismo\\\/#primaryimage\"},\"image\":{\"@id\":\"https:\\\/\\\/informelitoral.com.ar\\\/el-directorio-del-iapv-mantuvo-una-reunion-con-las-regionales-del-organismo\\\/#primaryimage\"},\"thumbnailUrl\":\"https:\\\/\\\/informelitoral.com.ar\\\/%77%70%2d%63%6f%6e%74%65%6e%74\\\/uploads\\\/2024\\\/05\\\/descarga-13-1.jpg\",\"datePublished\":\"2024-05-28T14:18:10+00:00\",\"dateModified\":\"2024-05-28T15:02:29+00:00\",\"breadcrumb\":{\"@id\":\"https:\\\/\\\/informelitoral.com.ar\\\/el-directorio-del-iapv-mantuvo-una-reunion-con-las-regionales-del-organismo\\\/#breadcrumb\"},\"inLanguage\":\"es\",\"potentialAction\":[{\"@type\":\"ReadAction\",\"target\":[\"https:\\\/\\\/informelitoral.com.ar\\\/el-directorio-del-iapv-mantuvo-una-reunion-con-las-regionales-del-organismo\\\/\"]}]},{\"@type\":\"ImageObject\",\"inLanguage\":\"es\",\"@id\":\"https:\\\/\\\/informelitoral.com.ar\\\/el-directorio-del-iapv-mantuvo-una-reunion-con-las-regionales-del-organismo\\\/#primaryimage\",\"url\":\"https:\\\/\\\/informelitoral.com.ar\\\/%77%70%2d%63%6f%6e%74%65%6e%74\\\/uploads\\\/2024\\\/05\\\/descarga-13-1.jpg\",\"contentUrl\":\"https:\\\/\\\/informelitoral.com.ar\\\/%77%70%2d%63%6f%6e%74%65%6e%74\\\/uploads\\\/2024\\\/05\\\/descarga-13-1.jpg\",\"width\":1920,\"height\":1280},{\"@type\":\"BreadcrumbList\",\"@id\":\"https:\\\/\\\/informelitoral.com.ar\\\/el-directorio-del-iapv-mantuvo-una-reunion-con-las-regionales-del-organismo\\\/#breadcrumb\",\"itemListElement\":[{\"@type\":\"ListItem\",\"position\":1,\"name\":\"Portada\",\"item\":\"https:\\\/\\\/informelitoral.com.ar\\\/\"},{\"@type\":\"ListItem\",\"position\":2,\"name\":\"El directorio del IAPV mantuvo una reuni\u00f3n con las regionales del organismo\"}]},{\"@type\":\"WebSite\",\"@id\":\"https:\\\/\\\/informelitoral.com.ar\\\/#website\",\"url\":\"https:\\\/\\\/informelitoral.com.ar\\\/\",\"name\":\"Informe Litoral\",\"description\":\"&quot;Nos informamos&quot; \",\"publisher\":{\"@id\":\"https:\\\/\\\/informelitoral.com.ar\\\/#organization\"},\"potentialAction\":[{\"@type\":\"SearchAction\",\"target\":{\"@type\":\"EntryPoint\",\"urlTemplate\":\"https:\\\/\\\/informelitoral.com.ar\\\/?s={search_term_string}\"},\"query-input\":{\"@type\":\"PropertyValueSpecification\",\"valueRequired\":true,\"valueName\":\"search_term_string\"}}],\"inLanguage\":\"es\"},{\"@type\":\"Organization\",\"@id\":\"https:\\\/\\\/informelitoral.com.ar\\\/#organization\",\"name\":\"Informe Litoral\",\"url\":\"https:\\\/\\\/informelitoral.com.ar\\\/\",\"logo\":{\"@type\":\"ImageObject\",\"inLanguage\":\"es\",\"@id\":\"https:\\\/\\\/informelitoral.com.ar\\\/#\\\/schema\\\/logo\\\/image\\\/\",\"url\":\"https:\\\/\\\/informelitoral.com.ar\\\/%77%70%2d%63%6f%6e%74%65%6e%74\\\/uploads\\\/2021\\\/01\\\/circulo.png\",\"contentUrl\":\"https:\\\/\\\/informelitoral.com.ar\\\/%77%70%2d%63%6f%6e%74%65%6e%74\\\/uploads\\\/2021\\\/01\\\/circulo.png\",\"width\":723,\"height\":731,\"caption\":\"Informe Litoral\"},\"image\":{\"@id\":\"https:\\\/\\\/informelitoral.com.ar\\\/#\\\/schema\\\/logo\\\/image\\\/\"},\"sameAs\":[\"https:\\\/\\\/www.facebook.com\\\/informelitoral\\\/\",\"https:\\\/\\\/x.com\\\/InformeLitoral\",\"https:\\\/\\\/www.instagram.com\\\/informelitoral\\\/\",\"https:\\\/\\\/www.youtube.com\\\/channel\\\/UCua4Qvz8Icb6MYqhoq9xLXw\"]},{\"@type\":\"Person\",\"@id\":\"https:\\\/\\\/informelitoral.com.ar\\\/#\\\/schema\\\/person\\\/f05f9f461677119578717524b127d6d5\",\"name\":\"Sebastian\",\"image\":{\"@type\":\"ImageObject\",\"inLanguage\":\"es\",\"@id\":\"https:\\\/\\\/secure.gravatar.com\\\/avatar\\\/b71bf7481d447dfb9583c7f2798e7cc64de6efb9067b74633ed8c31059a3bd82?s=96&d=mm&r=g\",\"url\":\"https:\\\/\\\/secure.gravatar.com\\\/avatar\\\/b71bf7481d447dfb9583c7f2798e7cc64de6efb9067b74633ed8c31059a3bd82?s=96&d=mm&r=g\",\"contentUrl\":\"https:\\\/\\\/secure.gravatar.com\\\/avatar\\\/b71bf7481d447dfb9583c7f2798e7cc64de6efb9067b74633ed8c31059a3bd82?s=96&d=mm&r=g\",\"caption\":\"Sebastian\"},\"url\":\"https:\\\/\\\/informelitoral.com.ar\\\/author\\\/sebastian\\\/\"}]}<\/script>","yoast_head_json":{"title":"El directorio del IAPV mantuvo una reuni\u00f3n con las regionales del organismo - Informe Litoral","robots":{"index":"index","follow":"follow","max-snippet":"max-snippet:-1","max-image-preview":"max-image-preview:large","max-video-preview":"max-video-preview:-1"},"canonical":"https:\/\/informelitoral.com.ar\/el-directorio-del-iapv-mantuvo-una-reunion-con-las-regionales-del-organismo\/","og_locale":"es_ES","og_type":"article","og_title":"El directorio del IAPV mantuvo una reuni\u00f3n con las regionales del organismo - Informe Litoral","og_description":"El directorio del Instituto Aut\u00e1rquico de Planeamiento y Vivienda (IAPV) mantuvo una reuni\u00f3n de trabajo con los directores de las regionales y representantes de las \u00e1reas sociales y comerciales, con el fin de analizar las resoluciones destinadas a mejorar la operatividad de sus planes de financiaci\u00f3n y garantizar la regularizaci\u00f3n dominial a los beneficiarios de sus programas habitacionales.","og_url":"https:\/\/informelitoral.com.ar\/el-directorio-del-iapv-mantuvo-una-reunion-con-las-regionales-del-organismo\/","og_site_name":"Informe Litoral","article_publisher":"https:\/\/www.facebook.com\/informelitoral\/","article_published_time":"2024-05-28T14:18:10+00:00","article_modified_time":"2024-05-28T15:02:29+00:00","og_image":[{"width":1920,"height":1280,"url":"https:\/\/informelitoral.com.ar\/%77%70%2d%63%6f%6e%74%65%6e%74\/uploads\/2024\/05\/descarga-13-1.jpg","type":"image\/jpeg"}],"author":"Sebastian","twitter_card":"summary_large_image","twitter_creator":"@InformeLitoral","twitter_site":"@InformeLitoral","twitter_misc":{"Escrito por":"Sebastian","Tiempo de lectura":"1 minuto"},"schema":{"@context":"https:\/\/schema.org","@graph":[{"@type":"Article","@id":"https:\/\/informelitoral.com.ar\/el-directorio-del-iapv-mantuvo-una-reunion-con-las-regionales-del-organismo\/#article","isPartOf":{"@id":"https:\/\/informelitoral.com.ar\/el-directorio-del-iapv-mantuvo-una-reunion-con-las-regionales-del-organismo\/"},"author":{"name":"Sebastian","@id":"https:\/\/informelitoral.com.ar\/#\/schema\/person\/f05f9f461677119578717524b127d6d5"},"headline":"El directorio del IAPV mantuvo una reuni\u00f3n con las regionales del organismo","datePublished":"2024-05-28T14:18:10+00:00","dateModified":"2024-05-28T15:02:29+00:00","mainEntityOfPage":{"@id":"https:\/\/informelitoral.com.ar\/el-directorio-del-iapv-mantuvo-una-reunion-con-las-regionales-del-organismo\/"},"wordCount":216,"commentCount":0,"publisher":{"@id":"https:\/\/informelitoral.com.ar\/#organization"},"image":{"@id":"https:\/\/informelitoral.com.ar\/el-directorio-del-iapv-mantuvo-una-reunion-con-las-regionales-del-organismo\/#primaryimage"},"thumbnailUrl":"https:\/\/informelitoral.com.ar\/%77%70%2d%63%6f%6e%74%65%6e%74\/uploads\/2024\/05\/descarga-13-1.jpg","keywords":["IAPV","Reuni\u00f3n"],"articleSection":["Entre R\u00edos"],"inLanguage":"es","potentialAction":[{"@type":"CommentAction","name":"Comment","target":["https:\/\/informelitoral.com.ar\/el-directorio-del-iapv-mantuvo-una-reunion-con-las-regionales-del-organismo\/#respond"]}]},{"@type":"WebPage","@id":"https:\/\/informelitoral.com.ar\/el-directorio-del-iapv-mantuvo-una-reunion-con-las-regionales-del-organismo\/","url":"https:\/\/informelitoral.com.ar\/el-directorio-del-iapv-mantuvo-una-reunion-con-las-regionales-del-organismo\/","name":"El directorio del IAPV mantuvo una reuni\u00f3n con las regionales del organismo - Informe Litoral","isPartOf":{"@id":"https:\/\/informelitoral.com.ar\/#website"},"primaryImageOfPage":{"@id":"https:\/\/informelitoral.com.ar\/el-directorio-del-iapv-mantuvo-una-reunion-con-las-regionales-del-organismo\/#primaryimage"},"image":{"@id":"https:\/\/informelitoral.com.ar\/el-directorio-del-iapv-mantuvo-una-reunion-con-las-regionales-del-organismo\/#primaryimage"},"thumbnailUrl":"https:\/\/informelitoral.com.ar\/%77%70%2d%63%6f%6e%74%65%6e%74\/uploads\/2024\/05\/descarga-13-1.jpg","datePublished":"2024-05-28T14:18:10+00:00","dateModified":"2024-05-28T15:02:29+00:00","breadcrumb":{"@id":"https:\/\/informelitoral.com.ar\/el-directorio-del-iapv-mantuvo-una-reunion-con-las-regionales-del-organismo\/#breadcrumb"},"inLanguage":"es","potentialAction":[{"@type":"ReadAction","target":["https:\/\/informelitoral.com.ar\/el-directorio-del-iapv-mantuvo-una-reunion-con-las-regionales-del-organismo\/"]}]},{"@type":"ImageObject","inLanguage":"es","@id":"https:\/\/informelitoral.com.ar\/el-directorio-del-iapv-mantuvo-una-reunion-con-las-regionales-del-organismo\/#primaryimage","url":"https:\/\/informelitoral.com.ar\/%77%70%2d%63%6f%6e%74%65%6e%74\/uploads\/2024\/05\/descarga-13-1.jpg","contentUrl":"https:\/\/informelitoral.com.ar\/%77%70%2d%63%6f%6e%74%65%6e%74\/uploads\/2024\/05\/descarga-13-1.jpg","width":1920,"height":1280},{"@type":"BreadcrumbList","@id":"https:\/\/informelitoral.com.ar\/el-directorio-del-iapv-mantuvo-una-reunion-con-las-regionales-del-organismo\/#breadcrumb","itemListElement":[{"@type":"ListItem","position":1,"name":"Portada","item":"https:\/\/informelitoral.com.ar\/"},{"@type":"ListItem","position":2,"name":"El directorio del IAPV mantuvo una reuni\u00f3n con las regionales del organismo"}]},{"@type":"WebSite","@id":"https:\/\/informelitoral.com.ar\/#website","url":"https:\/\/informelitoral.com.ar\/","name":"Informe Litoral","description":"&quot;Nos informamos&quot; ","publisher":{"@id":"https:\/\/informelitoral.com.ar\/#organization"},"potentialAction":[{"@type":"SearchAction","target":{"@type":"EntryPoint","urlTemplate":"https:\/\/informelitoral.com.ar\/?s={search_term_string}"},"query-input":{"@type":"PropertyValueSpecification","valueRequired":true,"valueName":"search_term_string"}}],"inLanguage":"es"},{"@type":"Organization","@id":"https:\/\/informelitoral.com.ar\/#organization","name":"Informe Litoral","url":"https:\/\/informelitoral.com.ar\/","logo":{"@type":"ImageObject","inLanguage":"es","@id":"https:\/\/informelitoral.com.ar\/#\/schema\/logo\/image\/","url":"https:\/\/informelitoral.com.ar\/%77%70%2d%63%6f%6e%74%65%6e%74\/uploads\/2021\/01\/circulo.png","contentUrl":"https:\/\/informelitoral.com.ar\/%77%70%2d%63%6f%6e%74%65%6e%74\/uploads\/2021\/01\/circulo.png","width":723,"height":731,"caption":"Informe Litoral"},"image":{"@id":"https:\/\/informelitoral.com.ar\/#\/schema\/logo\/image\/"},"sameAs":["https:\/\/www.facebook.com\/informelitoral\/","https:\/\/x.com\/InformeLitoral","https:\/\/www.instagram.com\/informelitoral\/","https:\/\/www.youtube.com\/channel\/UCua4Qvz8Icb6MYqhoq9xLXw"]},{"@type":"Person","@id":"https:\/\/informelitoral.com.ar\/#\/schema\/person\/f05f9f461677119578717524b127d6d5","name":"Sebastian","image":{"@type":"ImageObject","inLanguage":"es","@id":"https:\/\/secure.gravatar.com\/avatar\/b71bf7481d447dfb9583c7f2798e7cc64de6efb9067b74633ed8c31059a3bd82?s=96&d=mm&r=g","url":"https:\/\/secure.gravatar.com\/avatar\/b71bf7481d447dfb9583c7f2798e7cc64de6efb9067b74633ed8c31059a3bd82?s=96&d=mm&r=g","contentUrl":"https:\/\/secure.gravatar.com\/avatar\/b71bf7481d447dfb9583c7f2798e7cc64de6efb9067b74633ed8c31059a3bd82?s=96&d=mm&r=g","caption":"Sebastian"},"url":"https:\/\/informelitoral.com.ar\/author\/sebastian\/"}]}},"_links":{"self":[{"href":"https:\/\/informelitoral.com.ar\/%77%70%2d%6a%73%6f%6e\/wp\/v2\/posts\/188023","targetHints":{"allow":["GET"]}}],"collection":[{"href":"https:\/\/informelitoral.com.ar\/%77%70%2d%6a%73%6f%6e\/wp\/v2\/posts"}],"about":[{"href":"https:\/\/informelitoral.com.ar\/%77%70%2d%6a%73%6f%6e\/wp\/v2\/types\/post"}],"author":[{"embeddable":true,"href":"https:\/\/informelitoral.com.ar\/%77%70%2d%6a%73%6f%6e\/wp\/v2\/users\/8"}],"replies":[{"embeddable":true,"href":"https:\/\/informelitoral.com.ar\/%77%70%2d%6a%73%6f%6e\/wp\/v2\/comments?post=188023"}],"version-history":[{"count":0,"href":"https:\/\/informelitoral.com.ar\/%77%70%2d%6a%73%6f%6e\/wp\/v2\/posts\/188023\/revisions"}],"wp:featuredmedia":[{"embeddable":true,"href":"https:\/\/informelitoral.com.ar\/%77%70%2d%6a%73%6f%6e\/wp\/v2\/media\/188025"}],"wp:attachment":[{"href":"https:\/\/informelitoral.com.ar\/%77%70%2d%6a%73%6f%6e\/wp\/v2\/media?parent=188023"}],"wp:term":[{"taxonomy":"category","embeddable":true,"href":"https:\/\/informelitoral.com.ar\/%77%70%2d%6a%73%6f%6e\/wp\/v2\/categories?post=188023"},{"taxonomy":"post_tag","embeddable":true,"href":"https:\/\/informelitoral.com.ar\/%77%70%2d%6a%73%6f%6e\/wp\/v2\/tags?post=188023"}],"curies":[{"name":"wp","href":"https:\/\/api.w.org\/{rel}","templated":true}]}}