{"id":1878,"date":"2013-05-23T09:53:42","date_gmt":"2013-05-23T12:53:42","guid":{"rendered":"http:\/\/www.isletasnoticias.com.ar\/?p=1878"},"modified":"2013-05-23T10:10:26","modified_gmt":"2013-05-23T13:10:26","slug":"kramer-se-reunio-con-presidententes-de-juntas-de-gobierno","status":"publish","type":"post","link":"https:\/\/informelitoral.com.ar\/kramer-se-reunio-con-presidententes-de-juntas-de-gobierno\/","title":{"rendered":"Kramer se reuni\u00f3 con presidentes de Juntas de Gobierno"},"content":{"rendered":"<p><strong>En los \u00faltimos d\u00edas, el senador por el departamento Diamante,<em> Daniel Ernesto Kramer<\/em> (FPV), recibi\u00f3 a los presidentes de las Juntas de Gobierno de Camps, Alvear, Aldea Brasilera, Protestante y Las Cuevas. Hablaron de problem\u00e1ticas locales y en el caso de la \u00faltima localidad, el legislador entreg\u00f3 aportes para una instituci\u00f3n de Costa Doll.\u00a0<\/strong><\/p>\n<p><img loading=\"lazy\" decoding=\"async\" class=\"size-medium wp-image-1879 alignright\" title=\"Kramer reunido con el presidente de la Junta de Gobierno de Camps.\" alt=\"camps\" src=\"http:\/\/www.isletasnoticias.com.ar\/%77%70%2d%63%6f%6e%74%65%6e%74\/uploads\/2013\/05\/camps-300x200.jpg\" width=\"300\" height=\"200\" srcset=\"https:\/\/informelitoral.com.ar\/%77%70%2d%63%6f%6e%74%65%6e%74\/uploads\/2013\/05\/camps-300x200.jpg 300w, https:\/\/informelitoral.com.ar\/%77%70%2d%63%6f%6e%74%65%6e%74\/uploads\/2013\/05\/camps.jpg 960w\" sizes=\"auto, (max-width: 300px) 100vw, 300px\" \/><\/p>\n<p><strong>Encuentro con Lu\u00eds Rivero de Camps<\/strong><\/p>\n<p>Luego de la entrega de las Netbooks, que se realiz\u00f3 en el sal\u00f3n de la Junta de Gobierno, \u00abme reun\u00ed en su despacho con el presidente\u00bb de la misma<strong> Luis Rivero.<\/strong>\u00a0Coment\u00f3 el senador\u00a0y continu\u00f3:\u00a0\u00a0\u00abnos realizaron un reportaje y luego charlamos de distintos aspectos institucionales\u00a0y de la localidad. Me reiter\u00f3 que todav\u00eda no se han construido los 6 Km. de broza en el camino que va hasta la Escuela \u00a0\u00a0N\u00b033 Nicol\u00e1s Avellaneda, del cual est\u00e1 el compromiso de Vialidad desde el a\u00f1o pasado\u00bb. Sostuvo.<\/p>\n<p>&nbsp;<\/p>\n<p><strong>Reuni\u00f3n con \u00a0Marina Meccia y Hugo Ram\u00edrez<\/strong><\/p>\n<p>El ex intendente de Ram\u00edrez, tambi\u00e9n recibi\u00f3 a los presidentes de las Juntas de Gobierno de Alvear <strong>Marina Meccia<\/strong>\u00a0y de Aldea Brasilera<strong>\u00a0Hugo Ram\u00edrez.<\/strong><\/p>\n<p><img loading=\"lazy\" decoding=\"async\" class=\"size-medium wp-image-1881 alignleft\" title=\"Kramer reunido con los presidentes de las Juntas de Gobierno de Alvear y Brasilera.\" alt=\"kramer las cuevas\" src=\"http:\/\/www.isletasnoticias.com.ar\/%77%70%2d%63%6f%6e%74%65%6e%74\/uploads\/2013\/05\/kramer-las-cuevas-300x200.jpg\" width=\"300\" height=\"200\" srcset=\"https:\/\/informelitoral.com.ar\/%77%70%2d%63%6f%6e%74%65%6e%74\/uploads\/2013\/05\/kramer-las-cuevas-300x200.jpg 300w, https:\/\/informelitoral.com.ar\/%77%70%2d%63%6f%6e%74%65%6e%74\/uploads\/2013\/05\/kramer-las-cuevas.jpg 960w\" sizes=\"auto, (max-width: 300px) 100vw, 300px\" \/><\/p>\n<p>En la oportunidad<strong> \u00ab<\/strong>abordamos distintos temas pero principalmente charlamos sobre la resoluci\u00f3n 2305 de Vialidad Provincial, la que genera dificultades para\u00a0realizar trabajos conjuntos entre la Zonal de Vialidad y las Juntas de Gobierno. Ya que las comunas cuentan con escasos recursos econ\u00f3micos y por ello se hace dif\u00edcil afrontar gastos de mano de obra y horas m\u00e1quinas que deben abonar para que Vialidad le realice los trabajos\u00bb. Reconoci\u00f3 el legislador y agreg\u00f3: \u00abAdem\u00e1s charlamos sobre la regulaci\u00f3n de los Centros de salud de ambas localidades\u00bb.<\/p>\n<p>&nbsp;<\/p>\n<p><strong>Encuentro con Arturo Schaedel<\/strong><\/p>\n<p><img loading=\"lazy\" decoding=\"async\" class=\"size-medium wp-image-1880 alignright\" title=\"Kramer durante la entrega del decreto al Centro de Jubilados de Aldea Protestante.\" alt=\"kramer decreto\" src=\"http:\/\/www.isletasnoticias.com.ar\/%77%70%2d%63%6f%6e%74%65%6e%74\/uploads\/2013\/05\/kramer-decreto-300x225.jpg\" width=\"300\" height=\"225\" srcset=\"https:\/\/informelitoral.com.ar\/%77%70%2d%63%6f%6e%74%65%6e%74\/uploads\/2013\/05\/kramer-decreto-300x225.jpg 300w, https:\/\/informelitoral.com.ar\/%77%70%2d%63%6f%6e%74%65%6e%74\/uploads\/2013\/05\/kramer-decreto.jpg 960w\" sizes=\"auto, (max-width: 300px) 100vw, 300px\" \/><\/p>\n<p>Kramer tambi\u00e9n visit\u00f3 junto al presidente de la Junta de Gobierno de Aldea Protestante\u00a0<strong>Arturo Schaedel<\/strong> el Centro de Jubilados de dicho lugar, donde entreg\u00f3 a la comisi\u00f3n de la mencionada entidad, un decreto del gobernador en el cual se le otorga en comodato por 25 a\u00f1os un terreno para la construcci\u00f3n de la sede propia. \u00abFelicitaciones a toda esta linda gente que trabaja por el bienestar de la tercera edad\u00bb. \u00abAdem\u00e1s visit\u00e9 la escuela Secundaria en donde voy a colaborar con un viaje en el mes de junio que realizar\u00e1 dicha Instituci\u00f3n\u00bb. Agreg\u00f3 el funcionario.<\/p>\n<p>&nbsp;<\/p>\n<p><strong>Reuni\u00f3n con Susana Sol\u00eds de Las Cuevas<\/strong><\/p>\n<p><a href=\"http:\/\/www.isletasnoticias.com.ar\/%77%70%2d%63%6f%6e%74%65%6e%74\/uploads\/2013\/05\/kramer-las-cuevas2.jpg\"><img loading=\"lazy\" decoding=\"async\" class=\"size-medium wp-image-1883 alignleft\" title=\"Kramer junto a la presidente de la Junta de Gobierno de Las Cuevas.\" alt=\"kramer las cuevas\" src=\"http:\/\/www.isletasnoticias.com.ar\/%77%70%2d%63%6f%6e%74%65%6e%74\/uploads\/2013\/05\/kramer-las-cuevas2-300x225.jpg\" width=\"300\" height=\"225\" srcset=\"https:\/\/informelitoral.com.ar\/%77%70%2d%63%6f%6e%74%65%6e%74\/uploads\/2013\/05\/kramer-las-cuevas2-300x225.jpg 300w, https:\/\/informelitoral.com.ar\/%77%70%2d%63%6f%6e%74%65%6e%74\/uploads\/2013\/05\/kramer-las-cuevas2.jpg 960w\" sizes=\"auto, (max-width: 300px) 100vw, 300px\" \/><\/a><\/p>\n<p>Finalmente, Kramer se encontr\u00f3 con la presidente de la Junta de Gobierno de Las Cuevas <strong>Susana Sol\u00eds.<\/strong> \u00abEntregamos un aporte econ\u00f3mico a la Sra. directora de la Escuela Facundo Arce de Costa Doll, para finalizar con el pago de la terminaci\u00f3n de un pozo de agua en dicha Instituci\u00f3n educativa\u00bb. Inform\u00f3 el senador por el departamento Diamante.<\/p>\n<p>&nbsp;<\/p>\n","protected":false},"excerpt":{"rendered":"<p>En los &uacute;ltimos d&iacute;as, el senador por el departamento Diamante, Daniel Ernesto Kramer (FPV), recibi&oacute; a los presidentes de las Juntas de Gobierno de Camps, Alvear, Aldea Brasilera, Protestante y Las Cuevas. Hablaron de problem&aacute;ticas locales y en el caso de la &uacute;ltima localidad, el legislador entreg&oacute; aportes para una instituci&oacute;n de Costa Doll.&nbsp; Encuentro [&hellip;]<\/p>\n","protected":false},"author":2,"featured_media":0,"comment_status":"open","ping_status":"open","sticky":false,"template":"","format":"standard","meta":{"fifu_image_url":"","fifu_image_alt":"","footnotes":""},"categories":[5,16],"tags":[],"class_list":{"0":"post-1878","1":"post","2":"type-post","3":"status-publish","4":"format-standard","6":"category-zonales","7":"category-politi"},"yoast_head":"<title>Kramer se reuni\u00f3 con presidentes de Juntas de Gobierno - Informe Litoral<\/title>\n<meta name=\"robots\" content=\"index, follow, max-snippet:-1, max-image-preview:large, max-video-preview:-1\" \/>\n<link rel=\"canonical\" href=\"https:\/\/informelitoral.com.ar\/kramer-se-reunio-con-presidententes-de-juntas-de-gobierno\/\" \/>\n<meta property=\"og:locale\" content=\"es_ES\" \/>\n<meta property=\"og:type\" content=\"article\" \/>\n<meta property=\"og:title\" content=\"Kramer se reuni\u00f3 con presidentes de Juntas de Gobierno - Informe Litoral\" \/>\n<meta property=\"og:description\" content=\"En los &uacute;ltimos d&iacute;as, el senador por el departamento Diamante, Daniel Ernesto Kramer (FPV), recibi&oacute; a los presidentes de las Juntas de Gobierno de Camps, Alvear, Aldea Brasilera, Protestante y Las Cuevas. Hablaron de problem&aacute;ticas locales y en el caso de la &uacute;ltima localidad, el legislador entreg&oacute; aportes para una instituci&oacute;n de Costa Doll.&nbsp; Encuentro [&hellip;]\" \/>\n<meta property=\"og:url\" content=\"https:\/\/informelitoral.com.ar\/kramer-se-reunio-con-presidententes-de-juntas-de-gobierno\/\" \/>\n<meta property=\"og:site_name\" content=\"Informe Litoral\" \/>\n<meta property=\"article:publisher\" content=\"https:\/\/www.facebook.com\/informelitoral\/\" \/>\n<meta property=\"article:published_time\" content=\"2013-05-23T12:53:42+00:00\" \/>\n<meta property=\"article:modified_time\" content=\"2013-05-23T13:10:26+00:00\" \/>\n<meta property=\"og:image\" content=\"https:\/\/informelitoral.com.ar\/%77%70%2d%63%6f%6e%74%65%6e%74\/uploads\/2013\/05\/camps.jpg\" \/>\n\t<meta property=\"og:image:width\" content=\"960\" \/>\n\t<meta property=\"og:image:height\" content=\"640\" \/>\n\t<meta property=\"og:image:type\" content=\"image\/jpeg\" \/>\n<meta name=\"author\" content=\"Gonzalo Schmidt\" \/>\n<meta name=\"twitter:card\" content=\"summary_large_image\" \/>\n<meta name=\"twitter:creator\" content=\"@InformeLitoral\" \/>\n<meta name=\"twitter:site\" content=\"@InformeLitoral\" \/>\n<meta name=\"twitter:label1\" content=\"Escrito por\" \/>\n\t<meta name=\"twitter:data1\" content=\"Gonzalo Schmidt\" \/>\n\t<meta name=\"twitter:label2\" content=\"Tiempo de lectura\" \/>\n\t<meta name=\"twitter:data2\" content=\"2 minutos\" \/>\n<script type=\"application\/ld+json\" class=\"yoast-schema-graph\">{\"@context\":\"https:\\\/\\\/schema.org\",\"@graph\":[{\"@type\":\"Article\",\"@id\":\"https:\\\/\\\/informelitoral.com.ar\\\/kramer-se-reunio-con-presidententes-de-juntas-de-gobierno\\\/#article\",\"isPartOf\":{\"@id\":\"https:\\\/\\\/informelitoral.com.ar\\\/kramer-se-reunio-con-presidententes-de-juntas-de-gobierno\\\/\"},\"author\":{\"name\":\"Gonzalo Schmidt\",\"@id\":\"https:\\\/\\\/informelitoral.com.ar\\\/#\\\/schema\\\/person\\\/b9d00407c836482871ef1d57bf8e3180\"},\"headline\":\"Kramer se reuni\u00f3 con presidentes de Juntas de Gobierno\",\"datePublished\":\"2013-05-23T12:53:42+00:00\",\"dateModified\":\"2013-05-23T13:10:26+00:00\",\"mainEntityOfPage\":{\"@id\":\"https:\\\/\\\/informelitoral.com.ar\\\/kramer-se-reunio-con-presidententes-de-juntas-de-gobierno\\\/\"},\"wordCount\":470,\"commentCount\":0,\"publisher\":{\"@id\":\"https:\\\/\\\/informelitoral.com.ar\\\/#organization\"},\"image\":{\"@id\":\"https:\\\/\\\/informelitoral.com.ar\\\/kramer-se-reunio-con-presidententes-de-juntas-de-gobierno\\\/#primaryimage\"},\"thumbnailUrl\":\"http:\\\/\\\/www.isletasnoticias.com.ar\\\/%77%70%2d%63%6f%6e%74%65%6e%74\\\/uploads\\\/2013\\\/05\\\/camps-300x200.jpg\",\"articleSection\":[\"Departamento Diamante\",\"Politica\"],\"inLanguage\":\"es\",\"potentialAction\":[{\"@type\":\"CommentAction\",\"name\":\"Comment\",\"target\":[\"https:\\\/\\\/informelitoral.com.ar\\\/kramer-se-reunio-con-presidententes-de-juntas-de-gobierno\\\/#respond\"]}]},{\"@type\":\"WebPage\",\"@id\":\"https:\\\/\\\/informelitoral.com.ar\\\/kramer-se-reunio-con-presidententes-de-juntas-de-gobierno\\\/\",\"url\":\"https:\\\/\\\/informelitoral.com.ar\\\/kramer-se-reunio-con-presidententes-de-juntas-de-gobierno\\\/\",\"name\":\"Kramer se reuni\u00f3 con presidentes de Juntas de Gobierno - Informe Litoral\",\"isPartOf\":{\"@id\":\"https:\\\/\\\/informelitoral.com.ar\\\/#website\"},\"primaryImageOfPage\":{\"@id\":\"https:\\\/\\\/informelitoral.com.ar\\\/kramer-se-reunio-con-presidententes-de-juntas-de-gobierno\\\/#primaryimage\"},\"image\":{\"@id\":\"https:\\\/\\\/informelitoral.com.ar\\\/kramer-se-reunio-con-presidententes-de-juntas-de-gobierno\\\/#primaryimage\"},\"thumbnailUrl\":\"http:\\\/\\\/www.isletasnoticias.com.ar\\\/%77%70%2d%63%6f%6e%74%65%6e%74\\\/uploads\\\/2013\\\/05\\\/camps-300x200.jpg\",\"datePublished\":\"2013-05-23T12:53:42+00:00\",\"dateModified\":\"2013-05-23T13:10:26+00:00\",\"breadcrumb\":{\"@id\":\"https:\\\/\\\/informelitoral.com.ar\\\/kramer-se-reunio-con-presidententes-de-juntas-de-gobierno\\\/#breadcrumb\"},\"inLanguage\":\"es\",\"potentialAction\":[{\"@type\":\"ReadAction\",\"target\":[\"https:\\\/\\\/informelitoral.com.ar\\\/kramer-se-reunio-con-presidententes-de-juntas-de-gobierno\\\/\"]}]},{\"@type\":\"ImageObject\",\"inLanguage\":\"es\",\"@id\":\"https:\\\/\\\/informelitoral.com.ar\\\/kramer-se-reunio-con-presidententes-de-juntas-de-gobierno\\\/#primaryimage\",\"url\":\"http:\\\/\\\/www.isletasnoticias.com.ar\\\/%77%70%2d%63%6f%6e%74%65%6e%74\\\/uploads\\\/2013\\\/05\\\/camps-300x200.jpg\",\"contentUrl\":\"http:\\\/\\\/www.isletasnoticias.com.ar\\\/%77%70%2d%63%6f%6e%74%65%6e%74\\\/uploads\\\/2013\\\/05\\\/camps-300x200.jpg\"},{\"@type\":\"BreadcrumbList\",\"@id\":\"https:\\\/\\\/informelitoral.com.ar\\\/kramer-se-reunio-con-presidententes-de-juntas-de-gobierno\\\/#breadcrumb\",\"itemListElement\":[{\"@type\":\"ListItem\",\"position\":1,\"name\":\"Portada\",\"item\":\"https:\\\/\\\/informelitoral.com.ar\\\/\"},{\"@type\":\"ListItem\",\"position\":2,\"name\":\"Kramer se reuni\u00f3 con presidentes de Juntas de Gobierno\"}]},{\"@type\":\"WebSite\",\"@id\":\"https:\\\/\\\/informelitoral.com.ar\\\/#website\",\"url\":\"https:\\\/\\\/informelitoral.com.ar\\\/\",\"name\":\"Informe Litoral\",\"description\":\"&quot;Nos informamos&quot; \",\"publisher\":{\"@id\":\"https:\\\/\\\/informelitoral.com.ar\\\/#organization\"},\"potentialAction\":[{\"@type\":\"SearchAction\",\"target\":{\"@type\":\"EntryPoint\",\"urlTemplate\":\"https:\\\/\\\/informelitoral.com.ar\\\/?s={search_term_string}\"},\"query-input\":{\"@type\":\"PropertyValueSpecification\",\"valueRequired\":true,\"valueName\":\"search_term_string\"}}],\"inLanguage\":\"es\"},{\"@type\":\"Organization\",\"@id\":\"https:\\\/\\\/informelitoral.com.ar\\\/#organization\",\"name\":\"Informe Litoral\",\"url\":\"https:\\\/\\\/informelitoral.com.ar\\\/\",\"logo\":{\"@type\":\"ImageObject\",\"inLanguage\":\"es\",\"@id\":\"https:\\\/\\\/informelitoral.com.ar\\\/#\\\/schema\\\/logo\\\/image\\\/\",\"url\":\"https:\\\/\\\/informelitoral.com.ar\\\/%77%70%2d%63%6f%6e%74%65%6e%74\\\/uploads\\\/2021\\\/01\\\/circulo.png\",\"contentUrl\":\"https:\\\/\\\/informelitoral.com.ar\\\/%77%70%2d%63%6f%6e%74%65%6e%74\\\/uploads\\\/2021\\\/01\\\/circulo.png\",\"width\":723,\"height\":731,\"caption\":\"Informe Litoral\"},\"image\":{\"@id\":\"https:\\\/\\\/informelitoral.com.ar\\\/#\\\/schema\\\/logo\\\/image\\\/\"},\"sameAs\":[\"https:\\\/\\\/www.facebook.com\\\/informelitoral\\\/\",\"https:\\\/\\\/x.com\\\/InformeLitoral\",\"https:\\\/\\\/www.instagram.com\\\/informelitoral\\\/\",\"https:\\\/\\\/www.youtube.com\\\/channel\\\/UCua4Qvz8Icb6MYqhoq9xLXw\"]},{\"@type\":\"Person\",\"@id\":\"https:\\\/\\\/informelitoral.com.ar\\\/#\\\/schema\\\/person\\\/b9d00407c836482871ef1d57bf8e3180\",\"name\":\"Gonzalo Schmidt\",\"image\":{\"@type\":\"ImageObject\",\"inLanguage\":\"es\",\"@id\":\"https:\\\/\\\/secure.gravatar.com\\\/avatar\\\/31a1a7b66ff2de83bd0e9fd79d026630d2d99e55e8bfe501287647b4fd9743de?s=96&d=mm&r=g\",\"url\":\"https:\\\/\\\/secure.gravatar.com\\\/avatar\\\/31a1a7b66ff2de83bd0e9fd79d026630d2d99e55e8bfe501287647b4fd9743de?s=96&d=mm&r=g\",\"contentUrl\":\"https:\\\/\\\/secure.gravatar.com\\\/avatar\\\/31a1a7b66ff2de83bd0e9fd79d026630d2d99e55e8bfe501287647b4fd9743de?s=96&d=mm&r=g\",\"caption\":\"Gonzalo Schmidt\"},\"description\":\"Sitio web de noticias de la provincia de Entre R\u00edos, Argentina. Informaci\u00f3n y entretenimiento. Informe Litoral, nos informamos.\",\"sameAs\":[\"http:\\\/\\\/www.isletasnoticias.com.ar\"],\"url\":\"https:\\\/\\\/informelitoral.com.ar\\\/author\\\/gonzalo\\\/\"}]}<\/script>","yoast_head_json":{"title":"Kramer se reuni\u00f3 con presidentes de Juntas de Gobierno - Informe Litoral","robots":{"index":"index","follow":"follow","max-snippet":"max-snippet:-1","max-image-preview":"max-image-preview:large","max-video-preview":"max-video-preview:-1"},"canonical":"https:\/\/informelitoral.com.ar\/kramer-se-reunio-con-presidententes-de-juntas-de-gobierno\/","og_locale":"es_ES","og_type":"article","og_title":"Kramer se reuni\u00f3 con presidentes de Juntas de Gobierno - Informe Litoral","og_description":"En los &uacute;ltimos d&iacute;as, el senador por el departamento Diamante, Daniel Ernesto Kramer (FPV), recibi&oacute; a los presidentes de las Juntas de Gobierno de Camps, Alvear, Aldea Brasilera, Protestante y Las Cuevas. Hablaron de problem&aacute;ticas locales y en el caso de la &uacute;ltima localidad, el legislador entreg&oacute; aportes para una instituci&oacute;n de Costa Doll.&nbsp; Encuentro [&hellip;]","og_url":"https:\/\/informelitoral.com.ar\/kramer-se-reunio-con-presidententes-de-juntas-de-gobierno\/","og_site_name":"Informe Litoral","article_publisher":"https:\/\/www.facebook.com\/informelitoral\/","article_published_time":"2013-05-23T12:53:42+00:00","article_modified_time":"2013-05-23T13:10:26+00:00","og_image":[{"width":960,"height":640,"url":"https:\/\/informelitoral.com.ar\/%77%70%2d%63%6f%6e%74%65%6e%74\/uploads\/2013\/05\/camps.jpg","type":"image\/jpeg"}],"author":"Gonzalo Schmidt","twitter_card":"summary_large_image","twitter_creator":"@InformeLitoral","twitter_site":"@InformeLitoral","twitter_misc":{"Escrito por":"Gonzalo Schmidt","Tiempo de lectura":"2 minutos"},"schema":{"@context":"https:\/\/schema.org","@graph":[{"@type":"Article","@id":"https:\/\/informelitoral.com.ar\/kramer-se-reunio-con-presidententes-de-juntas-de-gobierno\/#article","isPartOf":{"@id":"https:\/\/informelitoral.com.ar\/kramer-se-reunio-con-presidententes-de-juntas-de-gobierno\/"},"author":{"name":"Gonzalo Schmidt","@id":"https:\/\/informelitoral.com.ar\/#\/schema\/person\/b9d00407c836482871ef1d57bf8e3180"},"headline":"Kramer se reuni\u00f3 con presidentes de Juntas de Gobierno","datePublished":"2013-05-23T12:53:42+00:00","dateModified":"2013-05-23T13:10:26+00:00","mainEntityOfPage":{"@id":"https:\/\/informelitoral.com.ar\/kramer-se-reunio-con-presidententes-de-juntas-de-gobierno\/"},"wordCount":470,"commentCount":0,"publisher":{"@id":"https:\/\/informelitoral.com.ar\/#organization"},"image":{"@id":"https:\/\/informelitoral.com.ar\/kramer-se-reunio-con-presidententes-de-juntas-de-gobierno\/#primaryimage"},"thumbnailUrl":"http:\/\/www.isletasnoticias.com.ar\/%77%70%2d%63%6f%6e%74%65%6e%74\/uploads\/2013\/05\/camps-300x200.jpg","articleSection":["Departamento Diamante","Politica"],"inLanguage":"es","potentialAction":[{"@type":"CommentAction","name":"Comment","target":["https:\/\/informelitoral.com.ar\/kramer-se-reunio-con-presidententes-de-juntas-de-gobierno\/#respond"]}]},{"@type":"WebPage","@id":"https:\/\/informelitoral.com.ar\/kramer-se-reunio-con-presidententes-de-juntas-de-gobierno\/","url":"https:\/\/informelitoral.com.ar\/kramer-se-reunio-con-presidententes-de-juntas-de-gobierno\/","name":"Kramer se reuni\u00f3 con presidentes de Juntas de Gobierno - Informe Litoral","isPartOf":{"@id":"https:\/\/informelitoral.com.ar\/#website"},"primaryImageOfPage":{"@id":"https:\/\/informelitoral.com.ar\/kramer-se-reunio-con-presidententes-de-juntas-de-gobierno\/#primaryimage"},"image":{"@id":"https:\/\/informelitoral.com.ar\/kramer-se-reunio-con-presidententes-de-juntas-de-gobierno\/#primaryimage"},"thumbnailUrl":"http:\/\/www.isletasnoticias.com.ar\/%77%70%2d%63%6f%6e%74%65%6e%74\/uploads\/2013\/05\/camps-300x200.jpg","datePublished":"2013-05-23T12:53:42+00:00","dateModified":"2013-05-23T13:10:26+00:00","breadcrumb":{"@id":"https:\/\/informelitoral.com.ar\/kramer-se-reunio-con-presidententes-de-juntas-de-gobierno\/#breadcrumb"},"inLanguage":"es","potentialAction":[{"@type":"ReadAction","target":["https:\/\/informelitoral.com.ar\/kramer-se-reunio-con-presidententes-de-juntas-de-gobierno\/"]}]},{"@type":"ImageObject","inLanguage":"es","@id":"https:\/\/informelitoral.com.ar\/kramer-se-reunio-con-presidententes-de-juntas-de-gobierno\/#primaryimage","url":"http:\/\/www.isletasnoticias.com.ar\/%77%70%2d%63%6f%6e%74%65%6e%74\/uploads\/2013\/05\/camps-300x200.jpg","contentUrl":"http:\/\/www.isletasnoticias.com.ar\/%77%70%2d%63%6f%6e%74%65%6e%74\/uploads\/2013\/05\/camps-300x200.jpg"},{"@type":"BreadcrumbList","@id":"https:\/\/informelitoral.com.ar\/kramer-se-reunio-con-presidententes-de-juntas-de-gobierno\/#breadcrumb","itemListElement":[{"@type":"ListItem","position":1,"name":"Portada","item":"https:\/\/informelitoral.com.ar\/"},{"@type":"ListItem","position":2,"name":"Kramer se reuni\u00f3 con presidentes de Juntas de Gobierno"}]},{"@type":"WebSite","@id":"https:\/\/informelitoral.com.ar\/#website","url":"https:\/\/informelitoral.com.ar\/","name":"Informe Litoral","description":"&quot;Nos informamos&quot; ","publisher":{"@id":"https:\/\/informelitoral.com.ar\/#organization"},"potentialAction":[{"@type":"SearchAction","target":{"@type":"EntryPoint","urlTemplate":"https:\/\/informelitoral.com.ar\/?s={search_term_string}"},"query-input":{"@type":"PropertyValueSpecification","valueRequired":true,"valueName":"search_term_string"}}],"inLanguage":"es"},{"@type":"Organization","@id":"https:\/\/informelitoral.com.ar\/#organization","name":"Informe Litoral","url":"https:\/\/informelitoral.com.ar\/","logo":{"@type":"ImageObject","inLanguage":"es","@id":"https:\/\/informelitoral.com.ar\/#\/schema\/logo\/image\/","url":"https:\/\/informelitoral.com.ar\/%77%70%2d%63%6f%6e%74%65%6e%74\/uploads\/2021\/01\/circulo.png","contentUrl":"https:\/\/informelitoral.com.ar\/%77%70%2d%63%6f%6e%74%65%6e%74\/uploads\/2021\/01\/circulo.png","width":723,"height":731,"caption":"Informe Litoral"},"image":{"@id":"https:\/\/informelitoral.com.ar\/#\/schema\/logo\/image\/"},"sameAs":["https:\/\/www.facebook.com\/informelitoral\/","https:\/\/x.com\/InformeLitoral","https:\/\/www.instagram.com\/informelitoral\/","https:\/\/www.youtube.com\/channel\/UCua4Qvz8Icb6MYqhoq9xLXw"]},{"@type":"Person","@id":"https:\/\/informelitoral.com.ar\/#\/schema\/person\/b9d00407c836482871ef1d57bf8e3180","name":"Gonzalo Schmidt","image":{"@type":"ImageObject","inLanguage":"es","@id":"https:\/\/secure.gravatar.com\/avatar\/31a1a7b66ff2de83bd0e9fd79d026630d2d99e55e8bfe501287647b4fd9743de?s=96&d=mm&r=g","url":"https:\/\/secure.gravatar.com\/avatar\/31a1a7b66ff2de83bd0e9fd79d026630d2d99e55e8bfe501287647b4fd9743de?s=96&d=mm&r=g","contentUrl":"https:\/\/secure.gravatar.com\/avatar\/31a1a7b66ff2de83bd0e9fd79d026630d2d99e55e8bfe501287647b4fd9743de?s=96&d=mm&r=g","caption":"Gonzalo Schmidt"},"description":"Sitio web de noticias de la provincia de Entre R\u00edos, Argentina. Informaci\u00f3n y entretenimiento. Informe Litoral, nos informamos.","sameAs":["http:\/\/www.isletasnoticias.com.ar"],"url":"https:\/\/informelitoral.com.ar\/author\/gonzalo\/"}]}},"_links":{"self":[{"href":"https:\/\/informelitoral.com.ar\/%77%70%2d%6a%73%6f%6e\/wp\/v2\/posts\/1878","targetHints":{"allow":["GET"]}}],"collection":[{"href":"https:\/\/informelitoral.com.ar\/%77%70%2d%6a%73%6f%6e\/wp\/v2\/posts"}],"about":[{"href":"https:\/\/informelitoral.com.ar\/%77%70%2d%6a%73%6f%6e\/wp\/v2\/types\/post"}],"author":[{"embeddable":true,"href":"https:\/\/informelitoral.com.ar\/%77%70%2d%6a%73%6f%6e\/wp\/v2\/users\/2"}],"replies":[{"embeddable":true,"href":"https:\/\/informelitoral.com.ar\/%77%70%2d%6a%73%6f%6e\/wp\/v2\/comments?post=1878"}],"version-history":[{"count":0,"href":"https:\/\/informelitoral.com.ar\/%77%70%2d%6a%73%6f%6e\/wp\/v2\/posts\/1878\/revisions"}],"wp:attachment":[{"href":"https:\/\/informelitoral.com.ar\/%77%70%2d%6a%73%6f%6e\/wp\/v2\/media?parent=1878"}],"wp:term":[{"taxonomy":"category","embeddable":true,"href":"https:\/\/informelitoral.com.ar\/%77%70%2d%6a%73%6f%6e\/wp\/v2\/categories?post=1878"},{"taxonomy":"post_tag","embeddable":true,"href":"https:\/\/informelitoral.com.ar\/%77%70%2d%6a%73%6f%6e\/wp\/v2\/tags?post=1878"}],"curies":[{"name":"wp","href":"https:\/\/api.w.org\/{rel}","templated":true}]}}