{"id":1873,"date":"2013-05-23T08:57:35","date_gmt":"2013-05-23T11:57:35","guid":{"rendered":"http:\/\/www.isletasnoticias.com.ar\/?p=1873"},"modified":"2013-05-23T09:14:08","modified_gmt":"2013-05-23T12:14:08","slug":"dimante-se-realiza-este-fin-de-semana-la-travesia-al-parque-nacional-pre-delta","status":"publish","type":"post","link":"https:\/\/informelitoral.com.ar\/dimante-se-realiza-este-fin-de-semana-la-travesia-al-parque-nacional-pre-delta\/","title":{"rendered":"Dimante: se realiza este fin de semana la traves\u00eda al Parque Nacional Pre Delta"},"content":{"rendered":"<p><strong><span style=\"color: #000000;\">Desde este 24 y al 26 de mayo se realizar\u00e1 la quinta edici\u00f3n del encuentro \u00abTraves\u00eda al Parque Nacional Pre Delta\u00bb. El evento organizado por los grupos Kayicidas y Paran\u00e1 en Kayak, de la Capital Provincial, tiene el apoyo del Club de Pe<strong>scadores y N\u00e1utico esa ciudad.<\/strong><\/span><\/strong><\/p>\n<p><img loading=\"lazy\" decoding=\"async\" class=\"size-medium wp-image-1874 aligncenter\" alt=\"parque\" src=\"http:\/\/www.isletasnoticias.com.ar\/%77%70%2d%63%6f%6e%74%65%6e%74\/uploads\/2013\/05\/parque-300x225.jpg\" width=\"300\" height=\"225\" srcset=\"https:\/\/informelitoral.com.ar\/%77%70%2d%63%6f%6e%74%65%6e%74\/uploads\/2013\/05\/parque-300x225.jpg 300w, https:\/\/informelitoral.com.ar\/%77%70%2d%63%6f%6e%74%65%6e%74\/uploads\/2013\/05\/parque.jpg 720w\" sizes=\"auto, (max-width: 300px) 100vw, 300px\" \/><\/p>\n<p style=\"text-align: left;\">Para esta quinta edici\u00f3n, \u00abun nutrido grupo de palistas visitar\u00e1n la ribera Diamantina, bordeando la costa e intern\u00e1ndose en los canales internos del Parque Nacional\u00bb, explic\u00f3 el subsecretario de Turismo, <strong>Alejandro Richardet.\u00a0<\/strong>All\u00ed ser\u00e1n recibidos por una delegaci\u00f3n de la subsecretar\u00eda de Turismo. El grupo est\u00e1 compuesto por m\u00e1s de 100 participantes oriundos de Paran\u00e1, de distintos puntos del pa\u00eds e inclusive del extranjero.<\/p>\n<p style=\"text-align: left;\">Por su parte los organizadores informaron que la traves\u00eda contar\u00e1 con un recorrido de\u00a089 km, a realizarse en dos d\u00edas y est\u00e1 destinada a palistas mayores de edad de ambos sexos, con experiencia con la actividad y la vida al aire libre.<\/p>\n<p>El evento comenzar\u00e1 el viernes 24 dando la bienvenida a los participantes en el Club de Pescadores y N\u00e1utico Paran\u00e1, y a primera hora del s\u00e1bado 25 se trasladar\u00e1n los veh\u00edculos con sus choferes al Camping de Valle Mar\u00eda, donde los esperar\u00e1 un veh\u00edculo para llevarlos nuevamente al club.<\/p>\n<p>Alrededor de las 9:30 se iniciar\u00e1 el evento con los botes en el agua, rumbo al Balneario de Valle Mar\u00eda, donde se acampar\u00e1 y habr\u00e1 una cena show, sorteos y charlas.<\/p>\n<p>El domingo cerca de las 8.00 \u00a0retomar\u00e1n el viaje con rumbo al Parque Nacional Pre Delta, almorzar\u00e1n en el lugar y recorrer\u00e1n riachos y lagunas en un circuito de ida y vuelta. Al mediod\u00eda se dar\u00e1 por terminado el encuentro, quedando a criterio del palista el horario de regreso al camping de Valle Mar\u00eda por agua o por tierra.<\/p>\n<p>\u00abLa finalidad principal del evento es conocer nuestro Parque Nacional Pre Delta, el r\u00edo, nuestra gente, fomentar la actividad y el turismo en la zona, la camarader\u00eda, la naturaleza y lo m\u00e1s importante, la amistad\u00bb, expresaron los organizadores.<\/p>\n<p><strong>D\u00eda por d\u00eda\u00a0<\/strong><\/p>\n<p style=\"text-align: left;\">La jornada comenzar\u00e1 en la noche del viernes, con una cena en el Club de Pescadores, una de las entidades que apoya la traves\u00eda junto al Club N\u00e1utico. Los palistas dormir\u00e1n en los clubes y a las siete de la ma\u00f1ana, se iniciar\u00e1 la largada de las embarcaciones para comenzar con la traves\u00eda.<\/p>\n<p style=\"text-align: left;\">El primer trayecto de la aventura acu\u00e1tica ser\u00e1 de\u00a029 kil\u00f3metros, despu\u00e9s del almuerzo que se realizar\u00e1 en el camping de Aldea Brasilera para continuar con el segundo trayecto de\u00a015 kil\u00f3metros. Se armar\u00e1 campamento en Valle Mar\u00eda, donde es tradicional la cena.<\/p>\n<p style=\"text-align: left;\">El domingo temprano, los aventureros volver\u00e1n a botar las embarcaciones al agua para continuar con el tramo final de la traves\u00eda. En esta \u00faltima etapa se remar\u00e1, tambi\u00e9n a partir de las 7:00, unos\u00a031 kil\u00f3metros\u00a0hasta llegar al Pre Delta.<\/p>\n<p style=\"text-align: left;\">\u00abEsta traves\u00eda surgi\u00f3 de un grupo de seis palistas de Paran\u00e1 que siempre nos encontr\u00e1bamos en distintas ciudades del pa\u00eds y, por eso, decidimos armar la nuestra en el Pre Delta\u00bb, record\u00f3<strong> Sant Comaleras.<\/strong><\/p>\n<p style=\"text-align: left;\">Esta ser\u00e1 la quinta edici\u00f3n de la traves\u00eda, s\u00f3lo un a\u00f1o, la del 2010, no se realiz\u00f3 por la creciente del Paran\u00e1. La primera cont\u00f3 con la participaci\u00f3n de 50 palistas y la \u00faltima fue de 150, por lo que los organizadores aspiran a sumar m\u00e1s aventureros.<\/p>\n<p style=\"text-align: left;\"><strong>Sin competencia\u00a0<\/strong><\/p>\n<p>La Traves\u00eda\u00a0del Parque Nacional Pre Delta no es una actividad competitiva, es una jornada para redescubrir los lugares desde el r\u00edo, para contemplar la naturaleza y fortalecer la camarader\u00eda entre los participantes.<br \/>\nEl encuentro adem\u00e1s de \u00ablas remadas\u00bb incluye comidas t\u00edpicas (locro, para el s\u00e1bado a la noche), fogones, show, charlas y sorteo de premios para los participantes.<\/p>\n<p style=\"text-align: left;\"><strong>Cronograma\u00a0<\/strong><\/p>\n<p style=\"text-align: left;\">(Sujeto a modificaciones de los organizadores)<\/p>\n<p><em>Viernes 24 de mayo\u00a0<\/em><\/p>\n<p>20.00 | Arribo al Club de Pescadores y N\u00e1utico Paran\u00e1<\/p>\n<p>Cantina, cena y bienvenida<\/p>\n<p>Presentaci\u00f3n de grupos<\/p>\n<p><em>S\u00e1bado 25 de mayo\u00a0<\/em><\/p>\n<p>07.00 | Desayuno y Traslado de Transportes a Valle Mar\u00eda<\/p>\n<p>08.00 | Colectivo desde Valle Mar\u00eda al Club<\/p>\n<p>09.30 | Partida rumbo al Campin de Valle Mar\u00eda<\/p>\n<p>13.00 | Parada refrigerio, almuerzo liviano, descanso y reagrupamiento<\/p>\n<p>14.30 | Partida con grupos completos<\/p>\n<p>17.30 | Campamento Camping valle Mar\u00eda<\/p>\n<p><em>Domingo 26 de mayo\u00a0<\/em><\/p>\n<p>07.00 | Desarme de campamento<\/p>\n<p>08.00 | Todos al agua, contin\u00faan el circuito con rumbo al Parque Nacional Pre Delta<\/p>\n<p>12.00 | Almuerzo en el Parque Nacional<\/p>\n<p>14.30 | Llegada a \u00abLa Jaula\u00bb<\/p>\n<p><em>Culmina el Encuentro\u00a0<\/em><\/p>\n<p>Desde este lugar los kayakistas por su propia responsabilidad volver\u00e1n por sus propios medios y horarios.<\/p>\n<p>Costo de inscripci\u00f3n: 150 pesos<\/p>\n<p>Cierre de inscripci\u00f3n: 18 de Mayo<\/p>\n<p style=\"text-align: left;\">Fuente:\u00a0La Ciudad<\/p>\n","protected":false},"excerpt":{"rendered":"<p>Desde este 24 y al 26 de mayo se realizar&aacute; la quinta edici&oacute;n del encuentro &laquo;Traves&iacute;a al Parque Nacional Pre Delta&raquo;. El evento organizado por los grupos Kayicidas y Paran&aacute; en Kayak, de la Capital Provincial, tiene el apoyo del Club de Pescadores y N&aacute;utico esa ciudad. Para esta quinta edici&oacute;n, &laquo;un nutrido grupo de [&hellip;]<\/p>\n","protected":false},"author":2,"featured_media":0,"comment_status":"open","ping_status":"open","sticky":false,"template":"","format":"standard","meta":{"fifu_image_url":"","fifu_image_alt":"","footnotes":""},"categories":[5],"tags":[],"class_list":{"0":"post-1873","1":"post","2":"type-post","3":"status-publish","4":"format-standard","6":"category-zonales"},"yoast_head":"<title>Dimante: se realiza este fin de semana la traves\u00eda al Parque Nacional Pre Delta - Informe Litoral<\/title>\n<meta name=\"robots\" content=\"index, follow, max-snippet:-1, max-image-preview:large, max-video-preview:-1\" \/>\n<link rel=\"canonical\" href=\"https:\/\/informelitoral.com.ar\/dimante-se-realiza-este-fin-de-semana-la-travesia-al-parque-nacional-pre-delta\/\" \/>\n<meta property=\"og:locale\" content=\"es_ES\" \/>\n<meta property=\"og:type\" content=\"article\" \/>\n<meta property=\"og:title\" content=\"Dimante: se realiza este fin de semana la traves\u00eda al Parque Nacional Pre Delta - Informe Litoral\" \/>\n<meta property=\"og:description\" content=\"Desde este 24 y al 26 de mayo se realizar&aacute; la quinta edici&oacute;n del encuentro &laquo;Traves&iacute;a al Parque Nacional Pre Delta&raquo;. El evento organizado por los grupos Kayicidas y Paran&aacute; en Kayak, de la Capital Provincial, tiene el apoyo del Club de Pescadores y N&aacute;utico esa ciudad. Para esta quinta edici&oacute;n, &laquo;un nutrido grupo de [&hellip;]\" \/>\n<meta property=\"og:url\" content=\"https:\/\/informelitoral.com.ar\/dimante-se-realiza-este-fin-de-semana-la-travesia-al-parque-nacional-pre-delta\/\" \/>\n<meta property=\"og:site_name\" content=\"Informe Litoral\" \/>\n<meta property=\"article:publisher\" content=\"https:\/\/www.facebook.com\/informelitoral\/\" \/>\n<meta property=\"article:published_time\" content=\"2013-05-23T11:57:35+00:00\" \/>\n<meta property=\"article:modified_time\" content=\"2013-05-23T12:14:08+00:00\" \/>\n<meta property=\"og:image\" content=\"https:\/\/informelitoral.com.ar\/%77%70%2d%63%6f%6e%74%65%6e%74\/uploads\/2013\/05\/parque.jpg\" \/>\n\t<meta property=\"og:image:width\" content=\"720\" \/>\n\t<meta property=\"og:image:height\" content=\"540\" \/>\n\t<meta property=\"og:image:type\" content=\"image\/jpeg\" \/>\n<meta name=\"author\" content=\"Gonzalo Schmidt\" \/>\n<meta name=\"twitter:card\" content=\"summary_large_image\" \/>\n<meta name=\"twitter:creator\" content=\"@InformeLitoral\" \/>\n<meta name=\"twitter:site\" content=\"@InformeLitoral\" \/>\n<meta name=\"twitter:label1\" content=\"Escrito por\" \/>\n\t<meta name=\"twitter:data1\" content=\"Gonzalo Schmidt\" \/>\n\t<meta name=\"twitter:label2\" content=\"Tiempo de lectura\" \/>\n\t<meta name=\"twitter:data2\" content=\"4 minutos\" \/>\n<script type=\"application\/ld+json\" class=\"yoast-schema-graph\">{\"@context\":\"https:\\\/\\\/schema.org\",\"@graph\":[{\"@type\":\"Article\",\"@id\":\"https:\\\/\\\/informelitoral.com.ar\\\/dimante-se-realiza-este-fin-de-semana-la-travesia-al-parque-nacional-pre-delta\\\/#article\",\"isPartOf\":{\"@id\":\"https:\\\/\\\/informelitoral.com.ar\\\/dimante-se-realiza-este-fin-de-semana-la-travesia-al-parque-nacional-pre-delta\\\/\"},\"author\":{\"name\":\"Gonzalo Schmidt\",\"@id\":\"https:\\\/\\\/informelitoral.com.ar\\\/#\\\/schema\\\/person\\\/b9d00407c836482871ef1d57bf8e3180\"},\"headline\":\"Dimante: se realiza este fin de semana la traves\u00eda al Parque Nacional Pre Delta\",\"datePublished\":\"2013-05-23T11:57:35+00:00\",\"dateModified\":\"2013-05-23T12:14:08+00:00\",\"mainEntityOfPage\":{\"@id\":\"https:\\\/\\\/informelitoral.com.ar\\\/dimante-se-realiza-este-fin-de-semana-la-travesia-al-parque-nacional-pre-delta\\\/\"},\"wordCount\":806,\"commentCount\":0,\"publisher\":{\"@id\":\"https:\\\/\\\/informelitoral.com.ar\\\/#organization\"},\"image\":{\"@id\":\"https:\\\/\\\/informelitoral.com.ar\\\/dimante-se-realiza-este-fin-de-semana-la-travesia-al-parque-nacional-pre-delta\\\/#primaryimage\"},\"thumbnailUrl\":\"http:\\\/\\\/www.isletasnoticias.com.ar\\\/%77%70%2d%63%6f%6e%74%65%6e%74\\\/uploads\\\/2013\\\/05\\\/parque-300x225.jpg\",\"articleSection\":[\"Departamento Diamante\"],\"inLanguage\":\"es\",\"potentialAction\":[{\"@type\":\"CommentAction\",\"name\":\"Comment\",\"target\":[\"https:\\\/\\\/informelitoral.com.ar\\\/dimante-se-realiza-este-fin-de-semana-la-travesia-al-parque-nacional-pre-delta\\\/#respond\"]}]},{\"@type\":\"WebPage\",\"@id\":\"https:\\\/\\\/informelitoral.com.ar\\\/dimante-se-realiza-este-fin-de-semana-la-travesia-al-parque-nacional-pre-delta\\\/\",\"url\":\"https:\\\/\\\/informelitoral.com.ar\\\/dimante-se-realiza-este-fin-de-semana-la-travesia-al-parque-nacional-pre-delta\\\/\",\"name\":\"Dimante: se realiza este fin de semana la traves\u00eda al Parque Nacional Pre Delta - Informe Litoral\",\"isPartOf\":{\"@id\":\"https:\\\/\\\/informelitoral.com.ar\\\/#website\"},\"primaryImageOfPage\":{\"@id\":\"https:\\\/\\\/informelitoral.com.ar\\\/dimante-se-realiza-este-fin-de-semana-la-travesia-al-parque-nacional-pre-delta\\\/#primaryimage\"},\"image\":{\"@id\":\"https:\\\/\\\/informelitoral.com.ar\\\/dimante-se-realiza-este-fin-de-semana-la-travesia-al-parque-nacional-pre-delta\\\/#primaryimage\"},\"thumbnailUrl\":\"http:\\\/\\\/www.isletasnoticias.com.ar\\\/%77%70%2d%63%6f%6e%74%65%6e%74\\\/uploads\\\/2013\\\/05\\\/parque-300x225.jpg\",\"datePublished\":\"2013-05-23T11:57:35+00:00\",\"dateModified\":\"2013-05-23T12:14:08+00:00\",\"breadcrumb\":{\"@id\":\"https:\\\/\\\/informelitoral.com.ar\\\/dimante-se-realiza-este-fin-de-semana-la-travesia-al-parque-nacional-pre-delta\\\/#breadcrumb\"},\"inLanguage\":\"es\",\"potentialAction\":[{\"@type\":\"ReadAction\",\"target\":[\"https:\\\/\\\/informelitoral.com.ar\\\/dimante-se-realiza-este-fin-de-semana-la-travesia-al-parque-nacional-pre-delta\\\/\"]}]},{\"@type\":\"ImageObject\",\"inLanguage\":\"es\",\"@id\":\"https:\\\/\\\/informelitoral.com.ar\\\/dimante-se-realiza-este-fin-de-semana-la-travesia-al-parque-nacional-pre-delta\\\/#primaryimage\",\"url\":\"http:\\\/\\\/www.isletasnoticias.com.ar\\\/%77%70%2d%63%6f%6e%74%65%6e%74\\\/uploads\\\/2013\\\/05\\\/parque-300x225.jpg\",\"contentUrl\":\"http:\\\/\\\/www.isletasnoticias.com.ar\\\/%77%70%2d%63%6f%6e%74%65%6e%74\\\/uploads\\\/2013\\\/05\\\/parque-300x225.jpg\"},{\"@type\":\"BreadcrumbList\",\"@id\":\"https:\\\/\\\/informelitoral.com.ar\\\/dimante-se-realiza-este-fin-de-semana-la-travesia-al-parque-nacional-pre-delta\\\/#breadcrumb\",\"itemListElement\":[{\"@type\":\"ListItem\",\"position\":1,\"name\":\"Portada\",\"item\":\"https:\\\/\\\/informelitoral.com.ar\\\/\"},{\"@type\":\"ListItem\",\"position\":2,\"name\":\"Dimante: se realiza este fin de semana la traves\u00eda al Parque Nacional Pre Delta\"}]},{\"@type\":\"WebSite\",\"@id\":\"https:\\\/\\\/informelitoral.com.ar\\\/#website\",\"url\":\"https:\\\/\\\/informelitoral.com.ar\\\/\",\"name\":\"Informe Litoral\",\"description\":\"&quot;Nos informamos&quot; \",\"publisher\":{\"@id\":\"https:\\\/\\\/informelitoral.com.ar\\\/#organization\"},\"potentialAction\":[{\"@type\":\"SearchAction\",\"target\":{\"@type\":\"EntryPoint\",\"urlTemplate\":\"https:\\\/\\\/informelitoral.com.ar\\\/?s={search_term_string}\"},\"query-input\":{\"@type\":\"PropertyValueSpecification\",\"valueRequired\":true,\"valueName\":\"search_term_string\"}}],\"inLanguage\":\"es\"},{\"@type\":\"Organization\",\"@id\":\"https:\\\/\\\/informelitoral.com.ar\\\/#organization\",\"name\":\"Informe Litoral\",\"url\":\"https:\\\/\\\/informelitoral.com.ar\\\/\",\"logo\":{\"@type\":\"ImageObject\",\"inLanguage\":\"es\",\"@id\":\"https:\\\/\\\/informelitoral.com.ar\\\/#\\\/schema\\\/logo\\\/image\\\/\",\"url\":\"https:\\\/\\\/informelitoral.com.ar\\\/%77%70%2d%63%6f%6e%74%65%6e%74\\\/uploads\\\/2021\\\/01\\\/circulo.png\",\"contentUrl\":\"https:\\\/\\\/informelitoral.com.ar\\\/%77%70%2d%63%6f%6e%74%65%6e%74\\\/uploads\\\/2021\\\/01\\\/circulo.png\",\"width\":723,\"height\":731,\"caption\":\"Informe Litoral\"},\"image\":{\"@id\":\"https:\\\/\\\/informelitoral.com.ar\\\/#\\\/schema\\\/logo\\\/image\\\/\"},\"sameAs\":[\"https:\\\/\\\/www.facebook.com\\\/informelitoral\\\/\",\"https:\\\/\\\/x.com\\\/InformeLitoral\",\"https:\\\/\\\/www.instagram.com\\\/informelitoral\\\/\",\"https:\\\/\\\/www.youtube.com\\\/channel\\\/UCua4Qvz8Icb6MYqhoq9xLXw\"]},{\"@type\":\"Person\",\"@id\":\"https:\\\/\\\/informelitoral.com.ar\\\/#\\\/schema\\\/person\\\/b9d00407c836482871ef1d57bf8e3180\",\"name\":\"Gonzalo Schmidt\",\"image\":{\"@type\":\"ImageObject\",\"inLanguage\":\"es\",\"@id\":\"https:\\\/\\\/secure.gravatar.com\\\/avatar\\\/31a1a7b66ff2de83bd0e9fd79d026630d2d99e55e8bfe501287647b4fd9743de?s=96&d=mm&r=g\",\"url\":\"https:\\\/\\\/secure.gravatar.com\\\/avatar\\\/31a1a7b66ff2de83bd0e9fd79d026630d2d99e55e8bfe501287647b4fd9743de?s=96&d=mm&r=g\",\"contentUrl\":\"https:\\\/\\\/secure.gravatar.com\\\/avatar\\\/31a1a7b66ff2de83bd0e9fd79d026630d2d99e55e8bfe501287647b4fd9743de?s=96&d=mm&r=g\",\"caption\":\"Gonzalo Schmidt\"},\"description\":\"Sitio web de noticias de la provincia de Entre R\u00edos, Argentina. Informaci\u00f3n y entretenimiento. Informe Litoral, nos informamos.\",\"sameAs\":[\"http:\\\/\\\/www.isletasnoticias.com.ar\"],\"url\":\"https:\\\/\\\/informelitoral.com.ar\\\/author\\\/gonzalo\\\/\"}]}<\/script>","yoast_head_json":{"title":"Dimante: se realiza este fin de semana la traves\u00eda al Parque Nacional Pre Delta - Informe Litoral","robots":{"index":"index","follow":"follow","max-snippet":"max-snippet:-1","max-image-preview":"max-image-preview:large","max-video-preview":"max-video-preview:-1"},"canonical":"https:\/\/informelitoral.com.ar\/dimante-se-realiza-este-fin-de-semana-la-travesia-al-parque-nacional-pre-delta\/","og_locale":"es_ES","og_type":"article","og_title":"Dimante: se realiza este fin de semana la traves\u00eda al Parque Nacional Pre Delta - Informe Litoral","og_description":"Desde este 24 y al 26 de mayo se realizar&aacute; la quinta edici&oacute;n del encuentro &laquo;Traves&iacute;a al Parque Nacional Pre Delta&raquo;. El evento organizado por los grupos Kayicidas y Paran&aacute; en Kayak, de la Capital Provincial, tiene el apoyo del Club de Pescadores y N&aacute;utico esa ciudad. Para esta quinta edici&oacute;n, &laquo;un nutrido grupo de [&hellip;]","og_url":"https:\/\/informelitoral.com.ar\/dimante-se-realiza-este-fin-de-semana-la-travesia-al-parque-nacional-pre-delta\/","og_site_name":"Informe Litoral","article_publisher":"https:\/\/www.facebook.com\/informelitoral\/","article_published_time":"2013-05-23T11:57:35+00:00","article_modified_time":"2013-05-23T12:14:08+00:00","og_image":[{"width":720,"height":540,"url":"https:\/\/informelitoral.com.ar\/%77%70%2d%63%6f%6e%74%65%6e%74\/uploads\/2013\/05\/parque.jpg","type":"image\/jpeg"}],"author":"Gonzalo Schmidt","twitter_card":"summary_large_image","twitter_creator":"@InformeLitoral","twitter_site":"@InformeLitoral","twitter_misc":{"Escrito por":"Gonzalo Schmidt","Tiempo de lectura":"4 minutos"},"schema":{"@context":"https:\/\/schema.org","@graph":[{"@type":"Article","@id":"https:\/\/informelitoral.com.ar\/dimante-se-realiza-este-fin-de-semana-la-travesia-al-parque-nacional-pre-delta\/#article","isPartOf":{"@id":"https:\/\/informelitoral.com.ar\/dimante-se-realiza-este-fin-de-semana-la-travesia-al-parque-nacional-pre-delta\/"},"author":{"name":"Gonzalo Schmidt","@id":"https:\/\/informelitoral.com.ar\/#\/schema\/person\/b9d00407c836482871ef1d57bf8e3180"},"headline":"Dimante: se realiza este fin de semana la traves\u00eda al Parque Nacional Pre Delta","datePublished":"2013-05-23T11:57:35+00:00","dateModified":"2013-05-23T12:14:08+00:00","mainEntityOfPage":{"@id":"https:\/\/informelitoral.com.ar\/dimante-se-realiza-este-fin-de-semana-la-travesia-al-parque-nacional-pre-delta\/"},"wordCount":806,"commentCount":0,"publisher":{"@id":"https:\/\/informelitoral.com.ar\/#organization"},"image":{"@id":"https:\/\/informelitoral.com.ar\/dimante-se-realiza-este-fin-de-semana-la-travesia-al-parque-nacional-pre-delta\/#primaryimage"},"thumbnailUrl":"http:\/\/www.isletasnoticias.com.ar\/%77%70%2d%63%6f%6e%74%65%6e%74\/uploads\/2013\/05\/parque-300x225.jpg","articleSection":["Departamento Diamante"],"inLanguage":"es","potentialAction":[{"@type":"CommentAction","name":"Comment","target":["https:\/\/informelitoral.com.ar\/dimante-se-realiza-este-fin-de-semana-la-travesia-al-parque-nacional-pre-delta\/#respond"]}]},{"@type":"WebPage","@id":"https:\/\/informelitoral.com.ar\/dimante-se-realiza-este-fin-de-semana-la-travesia-al-parque-nacional-pre-delta\/","url":"https:\/\/informelitoral.com.ar\/dimante-se-realiza-este-fin-de-semana-la-travesia-al-parque-nacional-pre-delta\/","name":"Dimante: se realiza este fin de semana la traves\u00eda al Parque Nacional Pre Delta - Informe Litoral","isPartOf":{"@id":"https:\/\/informelitoral.com.ar\/#website"},"primaryImageOfPage":{"@id":"https:\/\/informelitoral.com.ar\/dimante-se-realiza-este-fin-de-semana-la-travesia-al-parque-nacional-pre-delta\/#primaryimage"},"image":{"@id":"https:\/\/informelitoral.com.ar\/dimante-se-realiza-este-fin-de-semana-la-travesia-al-parque-nacional-pre-delta\/#primaryimage"},"thumbnailUrl":"http:\/\/www.isletasnoticias.com.ar\/%77%70%2d%63%6f%6e%74%65%6e%74\/uploads\/2013\/05\/parque-300x225.jpg","datePublished":"2013-05-23T11:57:35+00:00","dateModified":"2013-05-23T12:14:08+00:00","breadcrumb":{"@id":"https:\/\/informelitoral.com.ar\/dimante-se-realiza-este-fin-de-semana-la-travesia-al-parque-nacional-pre-delta\/#breadcrumb"},"inLanguage":"es","potentialAction":[{"@type":"ReadAction","target":["https:\/\/informelitoral.com.ar\/dimante-se-realiza-este-fin-de-semana-la-travesia-al-parque-nacional-pre-delta\/"]}]},{"@type":"ImageObject","inLanguage":"es","@id":"https:\/\/informelitoral.com.ar\/dimante-se-realiza-este-fin-de-semana-la-travesia-al-parque-nacional-pre-delta\/#primaryimage","url":"http:\/\/www.isletasnoticias.com.ar\/%77%70%2d%63%6f%6e%74%65%6e%74\/uploads\/2013\/05\/parque-300x225.jpg","contentUrl":"http:\/\/www.isletasnoticias.com.ar\/%77%70%2d%63%6f%6e%74%65%6e%74\/uploads\/2013\/05\/parque-300x225.jpg"},{"@type":"BreadcrumbList","@id":"https:\/\/informelitoral.com.ar\/dimante-se-realiza-este-fin-de-semana-la-travesia-al-parque-nacional-pre-delta\/#breadcrumb","itemListElement":[{"@type":"ListItem","position":1,"name":"Portada","item":"https:\/\/informelitoral.com.ar\/"},{"@type":"ListItem","position":2,"name":"Dimante: se realiza este fin de semana la traves\u00eda al Parque Nacional Pre Delta"}]},{"@type":"WebSite","@id":"https:\/\/informelitoral.com.ar\/#website","url":"https:\/\/informelitoral.com.ar\/","name":"Informe Litoral","description":"&quot;Nos informamos&quot; ","publisher":{"@id":"https:\/\/informelitoral.com.ar\/#organization"},"potentialAction":[{"@type":"SearchAction","target":{"@type":"EntryPoint","urlTemplate":"https:\/\/informelitoral.com.ar\/?s={search_term_string}"},"query-input":{"@type":"PropertyValueSpecification","valueRequired":true,"valueName":"search_term_string"}}],"inLanguage":"es"},{"@type":"Organization","@id":"https:\/\/informelitoral.com.ar\/#organization","name":"Informe Litoral","url":"https:\/\/informelitoral.com.ar\/","logo":{"@type":"ImageObject","inLanguage":"es","@id":"https:\/\/informelitoral.com.ar\/#\/schema\/logo\/image\/","url":"https:\/\/informelitoral.com.ar\/%77%70%2d%63%6f%6e%74%65%6e%74\/uploads\/2021\/01\/circulo.png","contentUrl":"https:\/\/informelitoral.com.ar\/%77%70%2d%63%6f%6e%74%65%6e%74\/uploads\/2021\/01\/circulo.png","width":723,"height":731,"caption":"Informe Litoral"},"image":{"@id":"https:\/\/informelitoral.com.ar\/#\/schema\/logo\/image\/"},"sameAs":["https:\/\/www.facebook.com\/informelitoral\/","https:\/\/x.com\/InformeLitoral","https:\/\/www.instagram.com\/informelitoral\/","https:\/\/www.youtube.com\/channel\/UCua4Qvz8Icb6MYqhoq9xLXw"]},{"@type":"Person","@id":"https:\/\/informelitoral.com.ar\/#\/schema\/person\/b9d00407c836482871ef1d57bf8e3180","name":"Gonzalo Schmidt","image":{"@type":"ImageObject","inLanguage":"es","@id":"https:\/\/secure.gravatar.com\/avatar\/31a1a7b66ff2de83bd0e9fd79d026630d2d99e55e8bfe501287647b4fd9743de?s=96&d=mm&r=g","url":"https:\/\/secure.gravatar.com\/avatar\/31a1a7b66ff2de83bd0e9fd79d026630d2d99e55e8bfe501287647b4fd9743de?s=96&d=mm&r=g","contentUrl":"https:\/\/secure.gravatar.com\/avatar\/31a1a7b66ff2de83bd0e9fd79d026630d2d99e55e8bfe501287647b4fd9743de?s=96&d=mm&r=g","caption":"Gonzalo Schmidt"},"description":"Sitio web de noticias de la provincia de Entre R\u00edos, Argentina. Informaci\u00f3n y entretenimiento. Informe Litoral, nos informamos.","sameAs":["http:\/\/www.isletasnoticias.com.ar"],"url":"https:\/\/informelitoral.com.ar\/author\/gonzalo\/"}]}},"_links":{"self":[{"href":"https:\/\/informelitoral.com.ar\/%77%70%2d%6a%73%6f%6e\/wp\/v2\/posts\/1873","targetHints":{"allow":["GET"]}}],"collection":[{"href":"https:\/\/informelitoral.com.ar\/%77%70%2d%6a%73%6f%6e\/wp\/v2\/posts"}],"about":[{"href":"https:\/\/informelitoral.com.ar\/%77%70%2d%6a%73%6f%6e\/wp\/v2\/types\/post"}],"author":[{"embeddable":true,"href":"https:\/\/informelitoral.com.ar\/%77%70%2d%6a%73%6f%6e\/wp\/v2\/users\/2"}],"replies":[{"embeddable":true,"href":"https:\/\/informelitoral.com.ar\/%77%70%2d%6a%73%6f%6e\/wp\/v2\/comments?post=1873"}],"version-history":[{"count":0,"href":"https:\/\/informelitoral.com.ar\/%77%70%2d%6a%73%6f%6e\/wp\/v2\/posts\/1873\/revisions"}],"wp:attachment":[{"href":"https:\/\/informelitoral.com.ar\/%77%70%2d%6a%73%6f%6e\/wp\/v2\/media?parent=1873"}],"wp:term":[{"taxonomy":"category","embeddable":true,"href":"https:\/\/informelitoral.com.ar\/%77%70%2d%6a%73%6f%6e\/wp\/v2\/categories?post=1873"},{"taxonomy":"post_tag","embeddable":true,"href":"https:\/\/informelitoral.com.ar\/%77%70%2d%6a%73%6f%6e\/wp\/v2\/tags?post=1873"}],"curies":[{"name":"wp","href":"https:\/\/api.w.org\/{rel}","templated":true}]}}