{"id":187063,"date":"2024-05-17T21:03:27","date_gmt":"2024-05-18T00:03:27","guid":{"rendered":"https:\/\/www.informelitoral.com.ar\/?p=187063"},"modified":"2024-05-17T21:03:27","modified_gmt":"2024-05-18T00:03:27","slug":"pavimento-de-hormigon-armado-en-aranguren-aprobaron-la-contribucion-por-mejoras","status":"publish","type":"post","link":"https:\/\/informelitoral.com.ar\/pavimento-de-hormigon-armado-en-aranguren-aprobaron-la-contribucion-por-mejoras\/","title":{"rendered":"Pavimento de hormig\u00f3n armado: en Aranguren aprobaron la contribuci\u00f3n por mejoras"},"content":{"rendered":"<p>El Concejo Deliberante de Aranguren aprob\u00f3 por Simple Mayor\u00eda la Ordenanza que establece el pago de un canon para los frentistas beneficiados con 10 cuadras de calle con Pavimento de Hormig\u00f3n Armado, lo que gener\u00f3 una importante revalorizaci\u00f3n de propiedades, entre otros aspectos satisfactorios. Se cobrar\u00e1 el 50% de la obra conforme al c\u00e1lculo realizado por el Departamento de Obras y Servicios P\u00fablicos del Municipio de Aranguren \u00a0y el monto se establecer\u00e1 de acuerdo a los metros cuadrados de obra ejecutados en el frente de cada propiedad. Por otra parte, se especific\u00f3 que habr\u00e1 facilidades y diferentes planes de pago contemplando la situaci\u00f3n econ\u00f3mica, como as\u00ed tambi\u00e9n descuentos para jubilados y pensionados. Lo recaudado ser\u00e1 destinado para continuar con mejoras de similares caracter\u00edsticas en otros sectores del pueblo.<\/p>\n<p>El mencionado Proyecto de Ordenanza, presentado por el Bloque <em>M\u00e1s Para Entre R\u00edos<\/em>, se aprob\u00f3 en la sesi\u00f3n del lunes 13 de mayo del corriente a\u00f1o donde tambi\u00e9n hubo otros temas que se abordaron de acuerdo al orden del d\u00eda.<\/p>\n<p>Luego de la lectura del Proyecto de Ordenanza por parte de la secretaria del Concejo Deliberante, <strong>Mar\u00eda Alejandra Viola<\/strong>, la Licenciada <strong>Mirta Levars,<\/strong> presidente del Concejo Deliberante, explic\u00f3 que el tratamiento del mismo cont\u00f3 con tres reuniones de comisi\u00f3n.<\/p>\n<h2><strong>Como fue la votaci\u00f3n:<\/strong><\/h2>\n<p><strong>Votos Positivos:<\/strong> Concejales: Anabel Ostorero, Jorge Libralato, Mariana Coronel y Gerardo Nichea (M\u00e1s para Entre R\u00edos).<\/p>\n<p><strong>Votos Negativos:<\/strong> Concejales: Vanesa Bruselario y Guillermo Zabala (Juntos por Aranguren).<\/p>\n<p><strong>Abstenci\u00f3n:<\/strong> Concejal Roberto Soave (Juntos por Aranguren).<\/p>\n<h2><strong>Conceptos de los Concejales:<\/strong><\/h2>\n<p><strong>Gerardo Nichea: \u201c<\/strong>Como ya lo expres\u00e9 en Comisi\u00f3n, es un proyecto que nace del Ejecutivo y hubiese sido bueno unificar posturas entre los bloques y trabajarlo como equipo y no solo como bloque ya que tenemos que velar no solo por los derechos y el bienestar de los ciudadanos sino que adem\u00e1s nuestra funci\u00f3n es la promoci\u00f3n del desarrollo del Municipio dentro de diversas \u00e1reas. En este caso puntual la obra surgi\u00f3 por requerimiento de los vecinos, la cual es muy beneficiosa para los frentistas. A su vez, el Municipio aclar\u00f3 que no se va a poner en riesgo a nadie, es simplemente un paso para seguir creciendo y cada contribuyente va a saber contemplar su situaci\u00f3n econ\u00f3mica porque adem\u00e1s se ofrecer\u00e1n distintas posibilidades de pago. Sabemos la situaci\u00f3n que est\u00e1 atravesando el Pa\u00eds y con un Estado ausente no solamente consideramos que es justo sino que tambi\u00e9n es necesario poder recuperar la inversi\u00f3n de la Municipalidad para poder beneficiar a otros vecinos, por todo lo expresado mi voto es positivo\u201d.<\/p>\n<p><strong>Concejal Anabel Ostorero:<\/strong> \u201cSin ser redundante de acuerdo a lo mencionado por Gerardo, tambi\u00e9n es muy importante aprobar el Proyecto para que otros vecinos reciban beneficios de obras y que tambi\u00e9n nuestro Municipio tenga la posibilidad de seguir embelleciendo nuestro pueblo. Adem\u00e1s, todas las obras como veredas, cord\u00f3n cuneta, asfalto, son cobradas, cada obra que se ha hecho se le ha cobrado a cada vecino, no es la primera vez que se va a hacer\u201d.<\/p>\n<p><strong>Vanesa Bruselario: \u201c<\/strong>Nosotros comprendemos la situaci\u00f3n econ\u00f3mica del Pa\u00eds pero tambi\u00e9n hay que ponerse del lado del vecino, por lo tanto consideramos que no es un buen momento como para sumarle m\u00e1s gastos al contribuyente. Tambi\u00e9n sabemos que sin recaudaci\u00f3n quedar\u00edamos muy limitados para realizar obras p\u00fablicas, pero consideramos que no es el momento\u201d.<\/p>\n<p><strong>Guillermo Zabala: <\/strong>\u201cEsa obra cuando fue ejecutada en la gesti\u00f3n anterior nunca se mencion\u00f3 que se iba a cobrar el recupero del 50%, entiendo que se hubiese tenido que publicar en el inicio de la misma para que el vecino ya sepa de antemano. Mi voto es negativo\u201d.<\/p>\n<p><strong>Roberto Soave: <\/strong>\u201cSi bien toda obra debe ser recuperada o abonada por el propietario creo que hoy no es el momento para realizar ese cobro ya que estamos atravesando un ajuste fiscal y monetario al bolsillo de la gente, por lo tanto voto por abstenci\u00f3n\u201d.<\/p>\n<p>Por otra parte, se presentaron dos <strong><em>Proyectos que fueron elevados por decisi\u00f3n un\u00e1nime al Poder Ejecutivo Municipal:<\/em><\/strong> Un Proyecto de Resoluci\u00f3n y uno de Comunicaci\u00f3n presentados por el Bloque \u201cJuntos por Aranguren\u201d, detallados a continuaci\u00f3n:<\/p>\n<p><strong>Proyecto de Resoluci\u00f3n<\/strong>: Se solicita al Departamento Ejecutivo Municipal que informe al Concejo Deliberante sobre la Planta de Personal Municipal al 10-12-23 y posterior a la mencionada fecha.<\/p>\n<p><strong>Proyecto de Comunicaci\u00f3n: <\/strong>Colocaci\u00f3n de Barreras de Contenci\u00f3n en el Parque 9 de Julio, ubicado en Avenida Victoria e Independencia.<\/p>\n","protected":false},"excerpt":{"rendered":"<p>Se establece el pago de un canon para los frentistas beneficiados con 10 cuadras de calle con Pavimento de Hormig\u00f3n Armado, lo que gener\u00f3 una importante revalorizaci\u00f3n de propiedades, entre otros aspectos satisfactorios.<\/p>\n","protected":false},"author":2,"featured_media":187064,"comment_status":"open","ping_status":"open","sticky":false,"template":"","format":"standard","meta":{"fifu_image_url":"","fifu_image_alt":"","footnotes":""},"categories":[6],"tags":[143,1580,316,1071],"class_list":{"0":"post-187063","1":"post","2":"type-post","3":"status-publish","4":"format-standard","5":"has-post-thumbnail","7":"category-entre-rios","8":"tag-aranguren","9":"tag-municipalidad-de-aranguren","10":"tag-obras-publicas","11":"tag-pavimento"},"yoast_head":"<title>Pavimento de hormig\u00f3n armado: en Aranguren aprobaron la contribuci\u00f3n por mejoras - Informe Litoral<\/title>\n<meta name=\"robots\" content=\"index, follow, max-snippet:-1, max-image-preview:large, max-video-preview:-1\" \/>\n<link rel=\"canonical\" href=\"https:\/\/informelitoral.com.ar\/pavimento-de-hormigon-armado-en-aranguren-aprobaron-la-contribucion-por-mejoras\/\" \/>\n<meta property=\"og:locale\" content=\"es_ES\" \/>\n<meta property=\"og:type\" content=\"article\" \/>\n<meta property=\"og:title\" content=\"Pavimento de hormig\u00f3n armado: en Aranguren aprobaron la contribuci\u00f3n por mejoras - Informe Litoral\" \/>\n<meta property=\"og:description\" content=\"Se establece el pago de un canon para los frentistas beneficiados con 10 cuadras de calle con Pavimento de Hormig\u00f3n Armado, lo que gener\u00f3 una importante revalorizaci\u00f3n de propiedades, entre otros aspectos satisfactorios.\" \/>\n<meta property=\"og:url\" content=\"https:\/\/informelitoral.com.ar\/pavimento-de-hormigon-armado-en-aranguren-aprobaron-la-contribucion-por-mejoras\/\" \/>\n<meta property=\"og:site_name\" content=\"Informe Litoral\" \/>\n<meta property=\"article:publisher\" content=\"https:\/\/www.facebook.com\/informelitoral\/\" \/>\n<meta property=\"article:published_time\" content=\"2024-05-18T00:03:27+00:00\" \/>\n<meta property=\"og:image\" content=\"https:\/\/informelitoral.com.ar\/%77%70%2d%63%6f%6e%74%65%6e%74\/uploads\/2024\/05\/5.jpg\" \/>\n\t<meta property=\"og:image:width\" content=\"1600\" \/>\n\t<meta property=\"og:image:height\" content=\"1066\" \/>\n\t<meta property=\"og:image:type\" content=\"image\/jpeg\" \/>\n<meta name=\"author\" content=\"Gonzalo Schmidt\" \/>\n<meta name=\"twitter:card\" content=\"summary_large_image\" \/>\n<meta name=\"twitter:creator\" content=\"@InformeLitoral\" \/>\n<meta name=\"twitter:site\" content=\"@InformeLitoral\" \/>\n<meta name=\"twitter:label1\" content=\"Escrito por\" \/>\n\t<meta name=\"twitter:data1\" content=\"Gonzalo Schmidt\" \/>\n\t<meta name=\"twitter:label2\" content=\"Tiempo de lectura\" \/>\n\t<meta name=\"twitter:data2\" content=\"4 minutos\" \/>\n<script type=\"application\/ld+json\" class=\"yoast-schema-graph\">{\"@context\":\"https:\\\/\\\/schema.org\",\"@graph\":[{\"@type\":\"Article\",\"@id\":\"https:\\\/\\\/informelitoral.com.ar\\\/pavimento-de-hormigon-armado-en-aranguren-aprobaron-la-contribucion-por-mejoras\\\/#article\",\"isPartOf\":{\"@id\":\"https:\\\/\\\/informelitoral.com.ar\\\/pavimento-de-hormigon-armado-en-aranguren-aprobaron-la-contribucion-por-mejoras\\\/\"},\"author\":{\"name\":\"Gonzalo Schmidt\",\"@id\":\"https:\\\/\\\/informelitoral.com.ar\\\/#\\\/schema\\\/person\\\/b9d00407c836482871ef1d57bf8e3180\"},\"headline\":\"Pavimento de hormig\u00f3n armado: en Aranguren aprobaron la contribuci\u00f3n por mejoras\",\"datePublished\":\"2024-05-18T00:03:27+00:00\",\"mainEntityOfPage\":{\"@id\":\"https:\\\/\\\/informelitoral.com.ar\\\/pavimento-de-hormigon-armado-en-aranguren-aprobaron-la-contribucion-por-mejoras\\\/\"},\"wordCount\":791,\"commentCount\":0,\"publisher\":{\"@id\":\"https:\\\/\\\/informelitoral.com.ar\\\/#organization\"},\"image\":{\"@id\":\"https:\\\/\\\/informelitoral.com.ar\\\/pavimento-de-hormigon-armado-en-aranguren-aprobaron-la-contribucion-por-mejoras\\\/#primaryimage\"},\"thumbnailUrl\":\"https:\\\/\\\/informelitoral.com.ar\\\/%77%70%2d%63%6f%6e%74%65%6e%74\\\/uploads\\\/2024\\\/05\\\/5.jpg\",\"keywords\":[\"Aranguren\",\"Municipalidad de Aranguren\",\"Obras p\u00fablicas\",\"Pavimento\"],\"articleSection\":[\"Entre R\u00edos\"],\"inLanguage\":\"es\",\"potentialAction\":[{\"@type\":\"CommentAction\",\"name\":\"Comment\",\"target\":[\"https:\\\/\\\/informelitoral.com.ar\\\/pavimento-de-hormigon-armado-en-aranguren-aprobaron-la-contribucion-por-mejoras\\\/#respond\"]}]},{\"@type\":\"WebPage\",\"@id\":\"https:\\\/\\\/informelitoral.com.ar\\\/pavimento-de-hormigon-armado-en-aranguren-aprobaron-la-contribucion-por-mejoras\\\/\",\"url\":\"https:\\\/\\\/informelitoral.com.ar\\\/pavimento-de-hormigon-armado-en-aranguren-aprobaron-la-contribucion-por-mejoras\\\/\",\"name\":\"Pavimento de hormig\u00f3n armado: en Aranguren aprobaron la contribuci\u00f3n por mejoras - Informe Litoral\",\"isPartOf\":{\"@id\":\"https:\\\/\\\/informelitoral.com.ar\\\/#website\"},\"primaryImageOfPage\":{\"@id\":\"https:\\\/\\\/informelitoral.com.ar\\\/pavimento-de-hormigon-armado-en-aranguren-aprobaron-la-contribucion-por-mejoras\\\/#primaryimage\"},\"image\":{\"@id\":\"https:\\\/\\\/informelitoral.com.ar\\\/pavimento-de-hormigon-armado-en-aranguren-aprobaron-la-contribucion-por-mejoras\\\/#primaryimage\"},\"thumbnailUrl\":\"https:\\\/\\\/informelitoral.com.ar\\\/%77%70%2d%63%6f%6e%74%65%6e%74\\\/uploads\\\/2024\\\/05\\\/5.jpg\",\"datePublished\":\"2024-05-18T00:03:27+00:00\",\"breadcrumb\":{\"@id\":\"https:\\\/\\\/informelitoral.com.ar\\\/pavimento-de-hormigon-armado-en-aranguren-aprobaron-la-contribucion-por-mejoras\\\/#breadcrumb\"},\"inLanguage\":\"es\",\"potentialAction\":[{\"@type\":\"ReadAction\",\"target\":[\"https:\\\/\\\/informelitoral.com.ar\\\/pavimento-de-hormigon-armado-en-aranguren-aprobaron-la-contribucion-por-mejoras\\\/\"]}]},{\"@type\":\"ImageObject\",\"inLanguage\":\"es\",\"@id\":\"https:\\\/\\\/informelitoral.com.ar\\\/pavimento-de-hormigon-armado-en-aranguren-aprobaron-la-contribucion-por-mejoras\\\/#primaryimage\",\"url\":\"https:\\\/\\\/informelitoral.com.ar\\\/%77%70%2d%63%6f%6e%74%65%6e%74\\\/uploads\\\/2024\\\/05\\\/5.jpg\",\"contentUrl\":\"https:\\\/\\\/informelitoral.com.ar\\\/%77%70%2d%63%6f%6e%74%65%6e%74\\\/uploads\\\/2024\\\/05\\\/5.jpg\",\"width\":1600,\"height\":1066},{\"@type\":\"BreadcrumbList\",\"@id\":\"https:\\\/\\\/informelitoral.com.ar\\\/pavimento-de-hormigon-armado-en-aranguren-aprobaron-la-contribucion-por-mejoras\\\/#breadcrumb\",\"itemListElement\":[{\"@type\":\"ListItem\",\"position\":1,\"name\":\"Portada\",\"item\":\"https:\\\/\\\/informelitoral.com.ar\\\/\"},{\"@type\":\"ListItem\",\"position\":2,\"name\":\"Pavimento de hormig\u00f3n armado: en Aranguren aprobaron la contribuci\u00f3n por mejoras\"}]},{\"@type\":\"WebSite\",\"@id\":\"https:\\\/\\\/informelitoral.com.ar\\\/#website\",\"url\":\"https:\\\/\\\/informelitoral.com.ar\\\/\",\"name\":\"Informe Litoral\",\"description\":\"&quot;Nos informamos&quot; \",\"publisher\":{\"@id\":\"https:\\\/\\\/informelitoral.com.ar\\\/#organization\"},\"potentialAction\":[{\"@type\":\"SearchAction\",\"target\":{\"@type\":\"EntryPoint\",\"urlTemplate\":\"https:\\\/\\\/informelitoral.com.ar\\\/?s={search_term_string}\"},\"query-input\":{\"@type\":\"PropertyValueSpecification\",\"valueRequired\":true,\"valueName\":\"search_term_string\"}}],\"inLanguage\":\"es\"},{\"@type\":\"Organization\",\"@id\":\"https:\\\/\\\/informelitoral.com.ar\\\/#organization\",\"name\":\"Informe Litoral\",\"url\":\"https:\\\/\\\/informelitoral.com.ar\\\/\",\"logo\":{\"@type\":\"ImageObject\",\"inLanguage\":\"es\",\"@id\":\"https:\\\/\\\/informelitoral.com.ar\\\/#\\\/schema\\\/logo\\\/image\\\/\",\"url\":\"https:\\\/\\\/informelitoral.com.ar\\\/%77%70%2d%63%6f%6e%74%65%6e%74\\\/uploads\\\/2021\\\/01\\\/circulo.png\",\"contentUrl\":\"https:\\\/\\\/informelitoral.com.ar\\\/%77%70%2d%63%6f%6e%74%65%6e%74\\\/uploads\\\/2021\\\/01\\\/circulo.png\",\"width\":723,\"height\":731,\"caption\":\"Informe Litoral\"},\"image\":{\"@id\":\"https:\\\/\\\/informelitoral.com.ar\\\/#\\\/schema\\\/logo\\\/image\\\/\"},\"sameAs\":[\"https:\\\/\\\/www.facebook.com\\\/informelitoral\\\/\",\"https:\\\/\\\/x.com\\\/InformeLitoral\",\"https:\\\/\\\/www.instagram.com\\\/informelitoral\\\/\",\"https:\\\/\\\/www.youtube.com\\\/channel\\\/UCua4Qvz8Icb6MYqhoq9xLXw\"]},{\"@type\":\"Person\",\"@id\":\"https:\\\/\\\/informelitoral.com.ar\\\/#\\\/schema\\\/person\\\/b9d00407c836482871ef1d57bf8e3180\",\"name\":\"Gonzalo Schmidt\",\"image\":{\"@type\":\"ImageObject\",\"inLanguage\":\"es\",\"@id\":\"https:\\\/\\\/secure.gravatar.com\\\/avatar\\\/31a1a7b66ff2de83bd0e9fd79d026630d2d99e55e8bfe501287647b4fd9743de?s=96&d=mm&r=g\",\"url\":\"https:\\\/\\\/secure.gravatar.com\\\/avatar\\\/31a1a7b66ff2de83bd0e9fd79d026630d2d99e55e8bfe501287647b4fd9743de?s=96&d=mm&r=g\",\"contentUrl\":\"https:\\\/\\\/secure.gravatar.com\\\/avatar\\\/31a1a7b66ff2de83bd0e9fd79d026630d2d99e55e8bfe501287647b4fd9743de?s=96&d=mm&r=g\",\"caption\":\"Gonzalo Schmidt\"},\"description\":\"Sitio web de noticias de la provincia de Entre R\u00edos, Argentina. Informaci\u00f3n y entretenimiento. Informe Litoral, nos informamos.\",\"sameAs\":[\"http:\\\/\\\/www.isletasnoticias.com.ar\"],\"url\":\"https:\\\/\\\/informelitoral.com.ar\\\/author\\\/gonzalo\\\/\"}]}<\/script>","yoast_head_json":{"title":"Pavimento de hormig\u00f3n armado: en Aranguren aprobaron la contribuci\u00f3n por mejoras - Informe Litoral","robots":{"index":"index","follow":"follow","max-snippet":"max-snippet:-1","max-image-preview":"max-image-preview:large","max-video-preview":"max-video-preview:-1"},"canonical":"https:\/\/informelitoral.com.ar\/pavimento-de-hormigon-armado-en-aranguren-aprobaron-la-contribucion-por-mejoras\/","og_locale":"es_ES","og_type":"article","og_title":"Pavimento de hormig\u00f3n armado: en Aranguren aprobaron la contribuci\u00f3n por mejoras - Informe Litoral","og_description":"Se establece el pago de un canon para los frentistas beneficiados con 10 cuadras de calle con Pavimento de Hormig\u00f3n Armado, lo que gener\u00f3 una importante revalorizaci\u00f3n de propiedades, entre otros aspectos satisfactorios.","og_url":"https:\/\/informelitoral.com.ar\/pavimento-de-hormigon-armado-en-aranguren-aprobaron-la-contribucion-por-mejoras\/","og_site_name":"Informe Litoral","article_publisher":"https:\/\/www.facebook.com\/informelitoral\/","article_published_time":"2024-05-18T00:03:27+00:00","og_image":[{"width":1600,"height":1066,"url":"https:\/\/informelitoral.com.ar\/%77%70%2d%63%6f%6e%74%65%6e%74\/uploads\/2024\/05\/5.jpg","type":"image\/jpeg"}],"author":"Gonzalo Schmidt","twitter_card":"summary_large_image","twitter_creator":"@InformeLitoral","twitter_site":"@InformeLitoral","twitter_misc":{"Escrito por":"Gonzalo Schmidt","Tiempo de lectura":"4 minutos"},"schema":{"@context":"https:\/\/schema.org","@graph":[{"@type":"Article","@id":"https:\/\/informelitoral.com.ar\/pavimento-de-hormigon-armado-en-aranguren-aprobaron-la-contribucion-por-mejoras\/#article","isPartOf":{"@id":"https:\/\/informelitoral.com.ar\/pavimento-de-hormigon-armado-en-aranguren-aprobaron-la-contribucion-por-mejoras\/"},"author":{"name":"Gonzalo Schmidt","@id":"https:\/\/informelitoral.com.ar\/#\/schema\/person\/b9d00407c836482871ef1d57bf8e3180"},"headline":"Pavimento de hormig\u00f3n armado: en Aranguren aprobaron la contribuci\u00f3n por mejoras","datePublished":"2024-05-18T00:03:27+00:00","mainEntityOfPage":{"@id":"https:\/\/informelitoral.com.ar\/pavimento-de-hormigon-armado-en-aranguren-aprobaron-la-contribucion-por-mejoras\/"},"wordCount":791,"commentCount":0,"publisher":{"@id":"https:\/\/informelitoral.com.ar\/#organization"},"image":{"@id":"https:\/\/informelitoral.com.ar\/pavimento-de-hormigon-armado-en-aranguren-aprobaron-la-contribucion-por-mejoras\/#primaryimage"},"thumbnailUrl":"https:\/\/informelitoral.com.ar\/%77%70%2d%63%6f%6e%74%65%6e%74\/uploads\/2024\/05\/5.jpg","keywords":["Aranguren","Municipalidad de Aranguren","Obras p\u00fablicas","Pavimento"],"articleSection":["Entre R\u00edos"],"inLanguage":"es","potentialAction":[{"@type":"CommentAction","name":"Comment","target":["https:\/\/informelitoral.com.ar\/pavimento-de-hormigon-armado-en-aranguren-aprobaron-la-contribucion-por-mejoras\/#respond"]}]},{"@type":"WebPage","@id":"https:\/\/informelitoral.com.ar\/pavimento-de-hormigon-armado-en-aranguren-aprobaron-la-contribucion-por-mejoras\/","url":"https:\/\/informelitoral.com.ar\/pavimento-de-hormigon-armado-en-aranguren-aprobaron-la-contribucion-por-mejoras\/","name":"Pavimento de hormig\u00f3n armado: en Aranguren aprobaron la contribuci\u00f3n por mejoras - Informe Litoral","isPartOf":{"@id":"https:\/\/informelitoral.com.ar\/#website"},"primaryImageOfPage":{"@id":"https:\/\/informelitoral.com.ar\/pavimento-de-hormigon-armado-en-aranguren-aprobaron-la-contribucion-por-mejoras\/#primaryimage"},"image":{"@id":"https:\/\/informelitoral.com.ar\/pavimento-de-hormigon-armado-en-aranguren-aprobaron-la-contribucion-por-mejoras\/#primaryimage"},"thumbnailUrl":"https:\/\/informelitoral.com.ar\/%77%70%2d%63%6f%6e%74%65%6e%74\/uploads\/2024\/05\/5.jpg","datePublished":"2024-05-18T00:03:27+00:00","breadcrumb":{"@id":"https:\/\/informelitoral.com.ar\/pavimento-de-hormigon-armado-en-aranguren-aprobaron-la-contribucion-por-mejoras\/#breadcrumb"},"inLanguage":"es","potentialAction":[{"@type":"ReadAction","target":["https:\/\/informelitoral.com.ar\/pavimento-de-hormigon-armado-en-aranguren-aprobaron-la-contribucion-por-mejoras\/"]}]},{"@type":"ImageObject","inLanguage":"es","@id":"https:\/\/informelitoral.com.ar\/pavimento-de-hormigon-armado-en-aranguren-aprobaron-la-contribucion-por-mejoras\/#primaryimage","url":"https:\/\/informelitoral.com.ar\/%77%70%2d%63%6f%6e%74%65%6e%74\/uploads\/2024\/05\/5.jpg","contentUrl":"https:\/\/informelitoral.com.ar\/%77%70%2d%63%6f%6e%74%65%6e%74\/uploads\/2024\/05\/5.jpg","width":1600,"height":1066},{"@type":"BreadcrumbList","@id":"https:\/\/informelitoral.com.ar\/pavimento-de-hormigon-armado-en-aranguren-aprobaron-la-contribucion-por-mejoras\/#breadcrumb","itemListElement":[{"@type":"ListItem","position":1,"name":"Portada","item":"https:\/\/informelitoral.com.ar\/"},{"@type":"ListItem","position":2,"name":"Pavimento de hormig\u00f3n armado: en Aranguren aprobaron la contribuci\u00f3n por mejoras"}]},{"@type":"WebSite","@id":"https:\/\/informelitoral.com.ar\/#website","url":"https:\/\/informelitoral.com.ar\/","name":"Informe Litoral","description":"&quot;Nos informamos&quot; ","publisher":{"@id":"https:\/\/informelitoral.com.ar\/#organization"},"potentialAction":[{"@type":"SearchAction","target":{"@type":"EntryPoint","urlTemplate":"https:\/\/informelitoral.com.ar\/?s={search_term_string}"},"query-input":{"@type":"PropertyValueSpecification","valueRequired":true,"valueName":"search_term_string"}}],"inLanguage":"es"},{"@type":"Organization","@id":"https:\/\/informelitoral.com.ar\/#organization","name":"Informe Litoral","url":"https:\/\/informelitoral.com.ar\/","logo":{"@type":"ImageObject","inLanguage":"es","@id":"https:\/\/informelitoral.com.ar\/#\/schema\/logo\/image\/","url":"https:\/\/informelitoral.com.ar\/%77%70%2d%63%6f%6e%74%65%6e%74\/uploads\/2021\/01\/circulo.png","contentUrl":"https:\/\/informelitoral.com.ar\/%77%70%2d%63%6f%6e%74%65%6e%74\/uploads\/2021\/01\/circulo.png","width":723,"height":731,"caption":"Informe Litoral"},"image":{"@id":"https:\/\/informelitoral.com.ar\/#\/schema\/logo\/image\/"},"sameAs":["https:\/\/www.facebook.com\/informelitoral\/","https:\/\/x.com\/InformeLitoral","https:\/\/www.instagram.com\/informelitoral\/","https:\/\/www.youtube.com\/channel\/UCua4Qvz8Icb6MYqhoq9xLXw"]},{"@type":"Person","@id":"https:\/\/informelitoral.com.ar\/#\/schema\/person\/b9d00407c836482871ef1d57bf8e3180","name":"Gonzalo Schmidt","image":{"@type":"ImageObject","inLanguage":"es","@id":"https:\/\/secure.gravatar.com\/avatar\/31a1a7b66ff2de83bd0e9fd79d026630d2d99e55e8bfe501287647b4fd9743de?s=96&d=mm&r=g","url":"https:\/\/secure.gravatar.com\/avatar\/31a1a7b66ff2de83bd0e9fd79d026630d2d99e55e8bfe501287647b4fd9743de?s=96&d=mm&r=g","contentUrl":"https:\/\/secure.gravatar.com\/avatar\/31a1a7b66ff2de83bd0e9fd79d026630d2d99e55e8bfe501287647b4fd9743de?s=96&d=mm&r=g","caption":"Gonzalo Schmidt"},"description":"Sitio web de noticias de la provincia de Entre R\u00edos, Argentina. Informaci\u00f3n y entretenimiento. Informe Litoral, nos informamos.","sameAs":["http:\/\/www.isletasnoticias.com.ar"],"url":"https:\/\/informelitoral.com.ar\/author\/gonzalo\/"}]}},"_links":{"self":[{"href":"https:\/\/informelitoral.com.ar\/%77%70%2d%6a%73%6f%6e\/wp\/v2\/posts\/187063","targetHints":{"allow":["GET"]}}],"collection":[{"href":"https:\/\/informelitoral.com.ar\/%77%70%2d%6a%73%6f%6e\/wp\/v2\/posts"}],"about":[{"href":"https:\/\/informelitoral.com.ar\/%77%70%2d%6a%73%6f%6e\/wp\/v2\/types\/post"}],"author":[{"embeddable":true,"href":"https:\/\/informelitoral.com.ar\/%77%70%2d%6a%73%6f%6e\/wp\/v2\/users\/2"}],"replies":[{"embeddable":true,"href":"https:\/\/informelitoral.com.ar\/%77%70%2d%6a%73%6f%6e\/wp\/v2\/comments?post=187063"}],"version-history":[{"count":0,"href":"https:\/\/informelitoral.com.ar\/%77%70%2d%6a%73%6f%6e\/wp\/v2\/posts\/187063\/revisions"}],"wp:featuredmedia":[{"embeddable":true,"href":"https:\/\/informelitoral.com.ar\/%77%70%2d%6a%73%6f%6e\/wp\/v2\/media\/187064"}],"wp:attachment":[{"href":"https:\/\/informelitoral.com.ar\/%77%70%2d%6a%73%6f%6e\/wp\/v2\/media?parent=187063"}],"wp:term":[{"taxonomy":"category","embeddable":true,"href":"https:\/\/informelitoral.com.ar\/%77%70%2d%6a%73%6f%6e\/wp\/v2\/categories?post=187063"},{"taxonomy":"post_tag","embeddable":true,"href":"https:\/\/informelitoral.com.ar\/%77%70%2d%6a%73%6f%6e\/wp\/v2\/tags?post=187063"}],"curies":[{"name":"wp","href":"https:\/\/api.w.org\/{rel}","templated":true}]}}