{"id":186911,"date":"2024-05-16T10:19:06","date_gmt":"2024-05-16T13:19:06","guid":{"rendered":"https:\/\/www.informelitoral.com.ar\/?p=186911"},"modified":"2024-05-16T10:19:06","modified_gmt":"2024-05-16T13:19:06","slug":"alarma-lionel-messi-no-jugara-en-inter-miami-por-lesion","status":"publish","type":"post","link":"https:\/\/informelitoral.com.ar\/alarma-lionel-messi-no-jugara-en-inter-miami-por-lesion\/","title":{"rendered":"Alarma: Lionel Messi no jugar\u00e1 en Inter Miami por lesi\u00f3n"},"content":{"rendered":"<p>Con la Copa Am\u00e9rica con la Selecci\u00f3n Argentina a la vuelta de la esquina,\u00a0<strong>Lionel Messi sabe que es momento de parar la pelota\u00a0y no tomar ninguna decisi\u00f3n apresurada que pueda afectar su f\u00edsico<\/strong>. Es por eso que\u00a0<strong>esta noche no jugar\u00e1 con Inter Miami el cl\u00e1sico frente a Orlando City.<\/strong><\/p>\n<h2><strong>Qu\u00e9 le pasa a Lionel Messi<\/strong><\/h2>\n<p>El s\u00e1bado pasado,<strong>\u00a0en el triunfo 3-2 sobre Montreal que le permiti\u00f3 a las Garzas mantenerse en lo m\u00e1s alto de la Conferencia Este<\/strong>, el crack argentino sufri\u00f3 una dur\u00edsima patada que casi lo saca de la cancha y que lo hizo explotar. \u00abSi ponen este tipo de reglas, mal vamos\u00bb, se quej\u00f3 a un costado del campo de juego.<\/p>\n<p>Si bien continu\u00f3 jugando,\u00a0<strong>r\u00e1pidamente evidenci\u00f3 un dolor en la rodilla que lo oblig\u00f3 a colocarse hielo y a entrenar diferenciado en los \u00faltimos d\u00edas<\/strong>. Hizo trabajos regenerativos en la bicicleta con sus compa\u00f1eros, tambi\u00e9n se lo vio trotando en el predio, pero\u00a0<strong>Gerardo\u00a0<em>Tata\u00a0<\/em>Martino no lo vio al 100% y no piensa arriesgarlo ni lo har\u00e1 viajar<\/strong>, teniendo en cuenta que en poco m\u00e1s de un mes arranca el m\u00e1ximo certamen de selecciones sudamericanas en Estados Unidos.<\/p>\n<p>El encuentro de esta noche ser\u00e1 clave para Inter Miami, ya que\u00a0<strong>es un cl\u00e1sico y la inmejorable posibilidad de seguir en lo m\u00e1s alto de la Major League Soccer<\/strong>. El equipo rosa le gan\u00f3 dos veces a Orlando City con cuatro goles del capit\u00e1n de la Selecci\u00f3n Argentina (una por la segunda fecha de la actual edici\u00f3n de la MLS y otra por los 16avos de final de la Leagues Cup 2023), y tambi\u00e9n empat\u00f3 sin \u00e9l.<\/p>\n","protected":false},"excerpt":{"rendered":"<p>Lionel Messi no jugar\u00e1 hoy lesi\u00f3n. \u00bfSe pierde la Copa Am\u00e9rica? El terrible motivo de su parate<\/p>\n","protected":false},"author":8,"featured_media":157309,"comment_status":"open","ping_status":"open","sticky":false,"template":"","format":"standard","meta":{"fifu_image_url":"","fifu_image_alt":"","footnotes":""},"categories":[13],"tags":[4249,3653,1255],"class_list":{"0":"post-186911","1":"post","2":"type-post","3":"status-publish","4":"format-standard","5":"has-post-thumbnail","7":"category-deportes","8":"tag-inter-miami","9":"tag-lesion","10":"tag-lionel-messi"},"yoast_head":"<title>Alarma: Lionel Messi no jugar\u00e1 en Inter Miami por lesi\u00f3n - Informe Litoral<\/title>\n<meta name=\"robots\" content=\"index, follow, max-snippet:-1, max-image-preview:large, max-video-preview:-1\" \/>\n<link rel=\"canonical\" href=\"https:\/\/informelitoral.com.ar\/alarma-lionel-messi-no-jugara-en-inter-miami-por-lesion\/\" \/>\n<meta property=\"og:locale\" content=\"es_ES\" \/>\n<meta property=\"og:type\" content=\"article\" \/>\n<meta property=\"og:title\" content=\"Alarma: Lionel Messi no jugar\u00e1 en Inter Miami por lesi\u00f3n - Informe Litoral\" \/>\n<meta property=\"og:description\" content=\"Lionel Messi no jugar\u00e1 hoy lesi\u00f3n. \u00bfSe pierde la Copa Am\u00e9rica? El terrible motivo de su parate\" \/>\n<meta property=\"og:url\" content=\"https:\/\/informelitoral.com.ar\/alarma-lionel-messi-no-jugara-en-inter-miami-por-lesion\/\" \/>\n<meta property=\"og:site_name\" content=\"Informe Litoral\" \/>\n<meta property=\"article:publisher\" content=\"https:\/\/www.facebook.com\/informelitoral\/\" \/>\n<meta property=\"article:published_time\" content=\"2024-05-16T13:19:06+00:00\" \/>\n<meta property=\"og:image\" content=\"https:\/\/informelitoral.com.ar\/%77%70%2d%63%6f%6e%74%65%6e%74\/uploads\/2023\/07\/messi-1.jpg\" \/>\n\t<meta property=\"og:image:width\" content=\"768\" \/>\n\t<meta property=\"og:image:height\" content=\"433\" \/>\n\t<meta property=\"og:image:type\" content=\"image\/jpeg\" \/>\n<meta name=\"author\" content=\"Sebastian\" \/>\n<meta name=\"twitter:card\" content=\"summary_large_image\" \/>\n<meta name=\"twitter:creator\" content=\"@InformeLitoral\" \/>\n<meta name=\"twitter:site\" content=\"@InformeLitoral\" \/>\n<meta name=\"twitter:label1\" content=\"Escrito por\" \/>\n\t<meta name=\"twitter:data1\" content=\"Sebastian\" \/>\n\t<meta name=\"twitter:label2\" content=\"Tiempo de lectura\" \/>\n\t<meta name=\"twitter:data2\" content=\"1 minuto\" \/>\n<script type=\"application\/ld+json\" class=\"yoast-schema-graph\">{\"@context\":\"https:\\\/\\\/schema.org\",\"@graph\":[{\"@type\":\"Article\",\"@id\":\"https:\\\/\\\/informelitoral.com.ar\\\/alarma-lionel-messi-no-jugara-en-inter-miami-por-lesion\\\/#article\",\"isPartOf\":{\"@id\":\"https:\\\/\\\/informelitoral.com.ar\\\/alarma-lionel-messi-no-jugara-en-inter-miami-por-lesion\\\/\"},\"author\":{\"name\":\"Sebastian\",\"@id\":\"https:\\\/\\\/informelitoral.com.ar\\\/#\\\/schema\\\/person\\\/f05f9f461677119578717524b127d6d5\"},\"headline\":\"Alarma: Lionel Messi no jugar\u00e1 en Inter Miami por lesi\u00f3n\",\"datePublished\":\"2024-05-16T13:19:06+00:00\",\"mainEntityOfPage\":{\"@id\":\"https:\\\/\\\/informelitoral.com.ar\\\/alarma-lionel-messi-no-jugara-en-inter-miami-por-lesion\\\/\"},\"wordCount\":304,\"commentCount\":0,\"publisher\":{\"@id\":\"https:\\\/\\\/informelitoral.com.ar\\\/#organization\"},\"image\":{\"@id\":\"https:\\\/\\\/informelitoral.com.ar\\\/alarma-lionel-messi-no-jugara-en-inter-miami-por-lesion\\\/#primaryimage\"},\"thumbnailUrl\":\"https:\\\/\\\/informelitoral.com.ar\\\/%77%70%2d%63%6f%6e%74%65%6e%74\\\/uploads\\\/2023\\\/07\\\/messi-1.jpg\",\"keywords\":[\"Inter Miami\",\"Lesi\u00f3n\",\"Lionel Messi\"],\"articleSection\":[\"Deportes\"],\"inLanguage\":\"es\",\"potentialAction\":[{\"@type\":\"CommentAction\",\"name\":\"Comment\",\"target\":[\"https:\\\/\\\/informelitoral.com.ar\\\/alarma-lionel-messi-no-jugara-en-inter-miami-por-lesion\\\/#respond\"]}]},{\"@type\":\"WebPage\",\"@id\":\"https:\\\/\\\/informelitoral.com.ar\\\/alarma-lionel-messi-no-jugara-en-inter-miami-por-lesion\\\/\",\"url\":\"https:\\\/\\\/informelitoral.com.ar\\\/alarma-lionel-messi-no-jugara-en-inter-miami-por-lesion\\\/\",\"name\":\"Alarma: Lionel Messi no jugar\u00e1 en Inter Miami por lesi\u00f3n - Informe Litoral\",\"isPartOf\":{\"@id\":\"https:\\\/\\\/informelitoral.com.ar\\\/#website\"},\"primaryImageOfPage\":{\"@id\":\"https:\\\/\\\/informelitoral.com.ar\\\/alarma-lionel-messi-no-jugara-en-inter-miami-por-lesion\\\/#primaryimage\"},\"image\":{\"@id\":\"https:\\\/\\\/informelitoral.com.ar\\\/alarma-lionel-messi-no-jugara-en-inter-miami-por-lesion\\\/#primaryimage\"},\"thumbnailUrl\":\"https:\\\/\\\/informelitoral.com.ar\\\/%77%70%2d%63%6f%6e%74%65%6e%74\\\/uploads\\\/2023\\\/07\\\/messi-1.jpg\",\"datePublished\":\"2024-05-16T13:19:06+00:00\",\"breadcrumb\":{\"@id\":\"https:\\\/\\\/informelitoral.com.ar\\\/alarma-lionel-messi-no-jugara-en-inter-miami-por-lesion\\\/#breadcrumb\"},\"inLanguage\":\"es\",\"potentialAction\":[{\"@type\":\"ReadAction\",\"target\":[\"https:\\\/\\\/informelitoral.com.ar\\\/alarma-lionel-messi-no-jugara-en-inter-miami-por-lesion\\\/\"]}]},{\"@type\":\"ImageObject\",\"inLanguage\":\"es\",\"@id\":\"https:\\\/\\\/informelitoral.com.ar\\\/alarma-lionel-messi-no-jugara-en-inter-miami-por-lesion\\\/#primaryimage\",\"url\":\"https:\\\/\\\/informelitoral.com.ar\\\/%77%70%2d%63%6f%6e%74%65%6e%74\\\/uploads\\\/2023\\\/07\\\/messi-1.jpg\",\"contentUrl\":\"https:\\\/\\\/informelitoral.com.ar\\\/%77%70%2d%63%6f%6e%74%65%6e%74\\\/uploads\\\/2023\\\/07\\\/messi-1.jpg\",\"width\":768,\"height\":433},{\"@type\":\"BreadcrumbList\",\"@id\":\"https:\\\/\\\/informelitoral.com.ar\\\/alarma-lionel-messi-no-jugara-en-inter-miami-por-lesion\\\/#breadcrumb\",\"itemListElement\":[{\"@type\":\"ListItem\",\"position\":1,\"name\":\"Portada\",\"item\":\"https:\\\/\\\/informelitoral.com.ar\\\/\"},{\"@type\":\"ListItem\",\"position\":2,\"name\":\"Alarma: Lionel Messi no jugar\u00e1 en Inter Miami por lesi\u00f3n\"}]},{\"@type\":\"WebSite\",\"@id\":\"https:\\\/\\\/informelitoral.com.ar\\\/#website\",\"url\":\"https:\\\/\\\/informelitoral.com.ar\\\/\",\"name\":\"Informe Litoral\",\"description\":\"&quot;Nos informamos&quot; \",\"publisher\":{\"@id\":\"https:\\\/\\\/informelitoral.com.ar\\\/#organization\"},\"potentialAction\":[{\"@type\":\"SearchAction\",\"target\":{\"@type\":\"EntryPoint\",\"urlTemplate\":\"https:\\\/\\\/informelitoral.com.ar\\\/?s={search_term_string}\"},\"query-input\":{\"@type\":\"PropertyValueSpecification\",\"valueRequired\":true,\"valueName\":\"search_term_string\"}}],\"inLanguage\":\"es\"},{\"@type\":\"Organization\",\"@id\":\"https:\\\/\\\/informelitoral.com.ar\\\/#organization\",\"name\":\"Informe Litoral\",\"url\":\"https:\\\/\\\/informelitoral.com.ar\\\/\",\"logo\":{\"@type\":\"ImageObject\",\"inLanguage\":\"es\",\"@id\":\"https:\\\/\\\/informelitoral.com.ar\\\/#\\\/schema\\\/logo\\\/image\\\/\",\"url\":\"https:\\\/\\\/informelitoral.com.ar\\\/%77%70%2d%63%6f%6e%74%65%6e%74\\\/uploads\\\/2021\\\/01\\\/circulo.png\",\"contentUrl\":\"https:\\\/\\\/informelitoral.com.ar\\\/%77%70%2d%63%6f%6e%74%65%6e%74\\\/uploads\\\/2021\\\/01\\\/circulo.png\",\"width\":723,\"height\":731,\"caption\":\"Informe Litoral\"},\"image\":{\"@id\":\"https:\\\/\\\/informelitoral.com.ar\\\/#\\\/schema\\\/logo\\\/image\\\/\"},\"sameAs\":[\"https:\\\/\\\/www.facebook.com\\\/informelitoral\\\/\",\"https:\\\/\\\/x.com\\\/InformeLitoral\",\"https:\\\/\\\/www.instagram.com\\\/informelitoral\\\/\",\"https:\\\/\\\/www.youtube.com\\\/channel\\\/UCua4Qvz8Icb6MYqhoq9xLXw\"]},{\"@type\":\"Person\",\"@id\":\"https:\\\/\\\/informelitoral.com.ar\\\/#\\\/schema\\\/person\\\/f05f9f461677119578717524b127d6d5\",\"name\":\"Sebastian\",\"image\":{\"@type\":\"ImageObject\",\"inLanguage\":\"es\",\"@id\":\"https:\\\/\\\/secure.gravatar.com\\\/avatar\\\/b71bf7481d447dfb9583c7f2798e7cc64de6efb9067b74633ed8c31059a3bd82?s=96&d=mm&r=g\",\"url\":\"https:\\\/\\\/secure.gravatar.com\\\/avatar\\\/b71bf7481d447dfb9583c7f2798e7cc64de6efb9067b74633ed8c31059a3bd82?s=96&d=mm&r=g\",\"contentUrl\":\"https:\\\/\\\/secure.gravatar.com\\\/avatar\\\/b71bf7481d447dfb9583c7f2798e7cc64de6efb9067b74633ed8c31059a3bd82?s=96&d=mm&r=g\",\"caption\":\"Sebastian\"},\"url\":\"https:\\\/\\\/informelitoral.com.ar\\\/author\\\/sebastian\\\/\"}]}<\/script>","yoast_head_json":{"title":"Alarma: Lionel Messi no jugar\u00e1 en Inter Miami por lesi\u00f3n - Informe Litoral","robots":{"index":"index","follow":"follow","max-snippet":"max-snippet:-1","max-image-preview":"max-image-preview:large","max-video-preview":"max-video-preview:-1"},"canonical":"https:\/\/informelitoral.com.ar\/alarma-lionel-messi-no-jugara-en-inter-miami-por-lesion\/","og_locale":"es_ES","og_type":"article","og_title":"Alarma: Lionel Messi no jugar\u00e1 en Inter Miami por lesi\u00f3n - Informe Litoral","og_description":"Lionel Messi no jugar\u00e1 hoy lesi\u00f3n. \u00bfSe pierde la Copa Am\u00e9rica? El terrible motivo de su parate","og_url":"https:\/\/informelitoral.com.ar\/alarma-lionel-messi-no-jugara-en-inter-miami-por-lesion\/","og_site_name":"Informe Litoral","article_publisher":"https:\/\/www.facebook.com\/informelitoral\/","article_published_time":"2024-05-16T13:19:06+00:00","og_image":[{"width":768,"height":433,"url":"https:\/\/informelitoral.com.ar\/%77%70%2d%63%6f%6e%74%65%6e%74\/uploads\/2023\/07\/messi-1.jpg","type":"image\/jpeg"}],"author":"Sebastian","twitter_card":"summary_large_image","twitter_creator":"@InformeLitoral","twitter_site":"@InformeLitoral","twitter_misc":{"Escrito por":"Sebastian","Tiempo de lectura":"1 minuto"},"schema":{"@context":"https:\/\/schema.org","@graph":[{"@type":"Article","@id":"https:\/\/informelitoral.com.ar\/alarma-lionel-messi-no-jugara-en-inter-miami-por-lesion\/#article","isPartOf":{"@id":"https:\/\/informelitoral.com.ar\/alarma-lionel-messi-no-jugara-en-inter-miami-por-lesion\/"},"author":{"name":"Sebastian","@id":"https:\/\/informelitoral.com.ar\/#\/schema\/person\/f05f9f461677119578717524b127d6d5"},"headline":"Alarma: Lionel Messi no jugar\u00e1 en Inter Miami por lesi\u00f3n","datePublished":"2024-05-16T13:19:06+00:00","mainEntityOfPage":{"@id":"https:\/\/informelitoral.com.ar\/alarma-lionel-messi-no-jugara-en-inter-miami-por-lesion\/"},"wordCount":304,"commentCount":0,"publisher":{"@id":"https:\/\/informelitoral.com.ar\/#organization"},"image":{"@id":"https:\/\/informelitoral.com.ar\/alarma-lionel-messi-no-jugara-en-inter-miami-por-lesion\/#primaryimage"},"thumbnailUrl":"https:\/\/informelitoral.com.ar\/%77%70%2d%63%6f%6e%74%65%6e%74\/uploads\/2023\/07\/messi-1.jpg","keywords":["Inter Miami","Lesi\u00f3n","Lionel Messi"],"articleSection":["Deportes"],"inLanguage":"es","potentialAction":[{"@type":"CommentAction","name":"Comment","target":["https:\/\/informelitoral.com.ar\/alarma-lionel-messi-no-jugara-en-inter-miami-por-lesion\/#respond"]}]},{"@type":"WebPage","@id":"https:\/\/informelitoral.com.ar\/alarma-lionel-messi-no-jugara-en-inter-miami-por-lesion\/","url":"https:\/\/informelitoral.com.ar\/alarma-lionel-messi-no-jugara-en-inter-miami-por-lesion\/","name":"Alarma: Lionel Messi no jugar\u00e1 en Inter Miami por lesi\u00f3n - Informe Litoral","isPartOf":{"@id":"https:\/\/informelitoral.com.ar\/#website"},"primaryImageOfPage":{"@id":"https:\/\/informelitoral.com.ar\/alarma-lionel-messi-no-jugara-en-inter-miami-por-lesion\/#primaryimage"},"image":{"@id":"https:\/\/informelitoral.com.ar\/alarma-lionel-messi-no-jugara-en-inter-miami-por-lesion\/#primaryimage"},"thumbnailUrl":"https:\/\/informelitoral.com.ar\/%77%70%2d%63%6f%6e%74%65%6e%74\/uploads\/2023\/07\/messi-1.jpg","datePublished":"2024-05-16T13:19:06+00:00","breadcrumb":{"@id":"https:\/\/informelitoral.com.ar\/alarma-lionel-messi-no-jugara-en-inter-miami-por-lesion\/#breadcrumb"},"inLanguage":"es","potentialAction":[{"@type":"ReadAction","target":["https:\/\/informelitoral.com.ar\/alarma-lionel-messi-no-jugara-en-inter-miami-por-lesion\/"]}]},{"@type":"ImageObject","inLanguage":"es","@id":"https:\/\/informelitoral.com.ar\/alarma-lionel-messi-no-jugara-en-inter-miami-por-lesion\/#primaryimage","url":"https:\/\/informelitoral.com.ar\/%77%70%2d%63%6f%6e%74%65%6e%74\/uploads\/2023\/07\/messi-1.jpg","contentUrl":"https:\/\/informelitoral.com.ar\/%77%70%2d%63%6f%6e%74%65%6e%74\/uploads\/2023\/07\/messi-1.jpg","width":768,"height":433},{"@type":"BreadcrumbList","@id":"https:\/\/informelitoral.com.ar\/alarma-lionel-messi-no-jugara-en-inter-miami-por-lesion\/#breadcrumb","itemListElement":[{"@type":"ListItem","position":1,"name":"Portada","item":"https:\/\/informelitoral.com.ar\/"},{"@type":"ListItem","position":2,"name":"Alarma: Lionel Messi no jugar\u00e1 en Inter Miami por lesi\u00f3n"}]},{"@type":"WebSite","@id":"https:\/\/informelitoral.com.ar\/#website","url":"https:\/\/informelitoral.com.ar\/","name":"Informe Litoral","description":"&quot;Nos informamos&quot; ","publisher":{"@id":"https:\/\/informelitoral.com.ar\/#organization"},"potentialAction":[{"@type":"SearchAction","target":{"@type":"EntryPoint","urlTemplate":"https:\/\/informelitoral.com.ar\/?s={search_term_string}"},"query-input":{"@type":"PropertyValueSpecification","valueRequired":true,"valueName":"search_term_string"}}],"inLanguage":"es"},{"@type":"Organization","@id":"https:\/\/informelitoral.com.ar\/#organization","name":"Informe Litoral","url":"https:\/\/informelitoral.com.ar\/","logo":{"@type":"ImageObject","inLanguage":"es","@id":"https:\/\/informelitoral.com.ar\/#\/schema\/logo\/image\/","url":"https:\/\/informelitoral.com.ar\/%77%70%2d%63%6f%6e%74%65%6e%74\/uploads\/2021\/01\/circulo.png","contentUrl":"https:\/\/informelitoral.com.ar\/%77%70%2d%63%6f%6e%74%65%6e%74\/uploads\/2021\/01\/circulo.png","width":723,"height":731,"caption":"Informe Litoral"},"image":{"@id":"https:\/\/informelitoral.com.ar\/#\/schema\/logo\/image\/"},"sameAs":["https:\/\/www.facebook.com\/informelitoral\/","https:\/\/x.com\/InformeLitoral","https:\/\/www.instagram.com\/informelitoral\/","https:\/\/www.youtube.com\/channel\/UCua4Qvz8Icb6MYqhoq9xLXw"]},{"@type":"Person","@id":"https:\/\/informelitoral.com.ar\/#\/schema\/person\/f05f9f461677119578717524b127d6d5","name":"Sebastian","image":{"@type":"ImageObject","inLanguage":"es","@id":"https:\/\/secure.gravatar.com\/avatar\/b71bf7481d447dfb9583c7f2798e7cc64de6efb9067b74633ed8c31059a3bd82?s=96&d=mm&r=g","url":"https:\/\/secure.gravatar.com\/avatar\/b71bf7481d447dfb9583c7f2798e7cc64de6efb9067b74633ed8c31059a3bd82?s=96&d=mm&r=g","contentUrl":"https:\/\/secure.gravatar.com\/avatar\/b71bf7481d447dfb9583c7f2798e7cc64de6efb9067b74633ed8c31059a3bd82?s=96&d=mm&r=g","caption":"Sebastian"},"url":"https:\/\/informelitoral.com.ar\/author\/sebastian\/"}]}},"_links":{"self":[{"href":"https:\/\/informelitoral.com.ar\/%77%70%2d%6a%73%6f%6e\/wp\/v2\/posts\/186911","targetHints":{"allow":["GET"]}}],"collection":[{"href":"https:\/\/informelitoral.com.ar\/%77%70%2d%6a%73%6f%6e\/wp\/v2\/posts"}],"about":[{"href":"https:\/\/informelitoral.com.ar\/%77%70%2d%6a%73%6f%6e\/wp\/v2\/types\/post"}],"author":[{"embeddable":true,"href":"https:\/\/informelitoral.com.ar\/%77%70%2d%6a%73%6f%6e\/wp\/v2\/users\/8"}],"replies":[{"embeddable":true,"href":"https:\/\/informelitoral.com.ar\/%77%70%2d%6a%73%6f%6e\/wp\/v2\/comments?post=186911"}],"version-history":[{"count":0,"href":"https:\/\/informelitoral.com.ar\/%77%70%2d%6a%73%6f%6e\/wp\/v2\/posts\/186911\/revisions"}],"wp:featuredmedia":[{"embeddable":true,"href":"https:\/\/informelitoral.com.ar\/%77%70%2d%6a%73%6f%6e\/wp\/v2\/media\/157309"}],"wp:attachment":[{"href":"https:\/\/informelitoral.com.ar\/%77%70%2d%6a%73%6f%6e\/wp\/v2\/media?parent=186911"}],"wp:term":[{"taxonomy":"category","embeddable":true,"href":"https:\/\/informelitoral.com.ar\/%77%70%2d%6a%73%6f%6e\/wp\/v2\/categories?post=186911"},{"taxonomy":"post_tag","embeddable":true,"href":"https:\/\/informelitoral.com.ar\/%77%70%2d%6a%73%6f%6e\/wp\/v2\/tags?post=186911"}],"curies":[{"name":"wp","href":"https:\/\/api.w.org\/{rel}","templated":true}]}}