{"id":186868,"date":"2024-05-16T08:44:32","date_gmt":"2024-05-16T11:44:32","guid":{"rendered":"https:\/\/www.informelitoral.com.ar\/?p=186868"},"modified":"2024-05-16T09:16:45","modified_gmt":"2024-05-16T12:16:45","slug":"confirmaron-a-cuanto-subiran-la-auh-y-las-asignaciones-familiares-desde-junio","status":"publish","type":"post","link":"https:\/\/informelitoral.com.ar\/confirmaron-a-cuanto-subiran-la-auh-y-las-asignaciones-familiares-desde-junio\/","title":{"rendered":"Confirmaron a cu\u00e1nto subir\u00e1n la AUH y las asignaciones familiares desde junio"},"content":{"rendered":"<p>Las familias de trabajadores que reciben la Asignaci\u00f3n Familiar por Hijo a trav\u00e9s del Sistema \u00danico de Asignaciones Familiares (SUAF) de la Administraci\u00f3n Nacional de Seguridad Social (ANSES) recibir\u00e1n un\u00a0<b>aumento del 41,48% en junio, gracias a la aplicaci\u00f3n de la f\u00f3rmula de movilidad vigente<\/b>.<\/p>\n<p>Con este incremento,\u00a0<b>la Asignaci\u00f3n Familiar por Hijo pasar\u00e1 a $37.177 para el primer rango de ingresos<\/b>. Este incremento busca garantizar que las familias puedan cubrir las necesidades b\u00e1sicas de sus hijos, como alimentaci\u00f3n, educaci\u00f3n y salud.<\/p>\n<p><b>La Asignaci\u00f3n Universal por Hijo (AUH)<\/b>\u00a0tambi\u00e9n experimentar\u00e1n un aumento significativo:\u00a0<b>pasar\u00e1 a 74.354 pesos por cada hijo<\/b>.<\/p>\n<p>La f\u00f3rmula de movilidad es un mecanismo que ajusta los montos de las prestaciones de ANSES, como jubilaciones, pensiones y asignaciones familiares, de acuerdo con la inflaci\u00f3n y la variaci\u00f3n salarial.<\/p>\n<p><em><strong>Te puede interesar:\u00a0<a href=\"https:\/\/www.informelitoral.com.ar\/el-gobierno-confirmo-el-aumento-de-los-biocombustibles-que-puede-pasar-con-el-precio-de-la-nafta\/\" target=\"_blank\" rel=\"noopener\">El Gobierno confirm\u00f3 el aumento de los biocombustibles: qu\u00e9 puede pasar con el precio de la nafta<\/a><\/strong><\/em><\/p>\n<p>A partir de julio, entrar\u00e1 en vigencia una nueva f\u00f3rmula de movilidad que prev\u00e9 aumentos mensuales para todas las prestaciones de ANSES.<\/p>\n","protected":false},"excerpt":{"rendered":"<p>Las familias de trabajadores que reciben la Asignaci\u00f3n Familiar por Hijo a trav\u00e9s del SUAF de la ANSES tendr\u00e1n un aumento del 41,48% en junio. A cu\u00e1nto se ir\u00e1 la AUH.<\/p>\n","protected":false},"author":8,"featured_media":24481,"comment_status":"open","ping_status":"open","sticky":false,"template":"","format":"standard","meta":{"fifu_image_url":"","fifu_image_alt":"","footnotes":""},"categories":[7],"tags":[979,172],"class_list":{"0":"post-186868","1":"post","2":"type-post","3":"status-publish","4":"format-standard","5":"has-post-thumbnail","7":"category-nacionales","8":"tag-auh","9":"tag-aumento"},"yoast_head":"<title>Confirmaron a cu\u00e1nto subir\u00e1n la AUH y las asignaciones familiares desde junio - Informe Litoral<\/title>\n<meta name=\"robots\" content=\"index, follow, max-snippet:-1, max-image-preview:large, max-video-preview:-1\" \/>\n<link rel=\"canonical\" href=\"https:\/\/informelitoral.com.ar\/confirmaron-a-cuanto-subiran-la-auh-y-las-asignaciones-familiares-desde-junio\/\" \/>\n<meta property=\"og:locale\" content=\"es_ES\" \/>\n<meta property=\"og:type\" content=\"article\" \/>\n<meta property=\"og:title\" content=\"Confirmaron a cu\u00e1nto subir\u00e1n la AUH y las asignaciones familiares desde junio - Informe Litoral\" \/>\n<meta property=\"og:description\" content=\"Las familias de trabajadores que reciben la Asignaci\u00f3n Familiar por Hijo a trav\u00e9s del SUAF de la ANSES tendr\u00e1n un aumento del 41,48% en junio. A cu\u00e1nto se ir\u00e1 la AUH.\" \/>\n<meta property=\"og:url\" content=\"https:\/\/informelitoral.com.ar\/confirmaron-a-cuanto-subiran-la-auh-y-las-asignaciones-familiares-desde-junio\/\" \/>\n<meta property=\"og:site_name\" content=\"Informe Litoral\" \/>\n<meta property=\"article:publisher\" content=\"https:\/\/www.facebook.com\/informelitoral\/\" \/>\n<meta property=\"article:published_time\" content=\"2024-05-16T11:44:32+00:00\" \/>\n<meta property=\"article:modified_time\" content=\"2024-05-16T12:16:45+00:00\" \/>\n<meta property=\"og:image\" content=\"https:\/\/informelitoral.com.ar\/%77%70%2d%63%6f%6e%74%65%6e%74\/uploads\/2018\/01\/anses_39_0_0.jpg\" \/>\n\t<meta property=\"og:image:width\" content=\"1020\" \/>\n\t<meta property=\"og:image:height\" content=\"560\" \/>\n\t<meta property=\"og:image:type\" content=\"image\/jpeg\" \/>\n<meta name=\"author\" content=\"Sebastian\" \/>\n<meta name=\"twitter:card\" content=\"summary_large_image\" \/>\n<meta name=\"twitter:creator\" content=\"@InformeLitoral\" \/>\n<meta name=\"twitter:site\" content=\"@InformeLitoral\" \/>\n<meta name=\"twitter:label1\" content=\"Escrito por\" \/>\n\t<meta name=\"twitter:data1\" content=\"Sebastian\" \/>\n\t<meta name=\"twitter:label2\" content=\"Tiempo de lectura\" \/>\n\t<meta name=\"twitter:data2\" content=\"1 minuto\" \/>\n<script type=\"application\/ld+json\" class=\"yoast-schema-graph\">{\"@context\":\"https:\\\/\\\/schema.org\",\"@graph\":[{\"@type\":\"Article\",\"@id\":\"https:\\\/\\\/informelitoral.com.ar\\\/confirmaron-a-cuanto-subiran-la-auh-y-las-asignaciones-familiares-desde-junio\\\/#article\",\"isPartOf\":{\"@id\":\"https:\\\/\\\/informelitoral.com.ar\\\/confirmaron-a-cuanto-subiran-la-auh-y-las-asignaciones-familiares-desde-junio\\\/\"},\"author\":{\"name\":\"Sebastian\",\"@id\":\"https:\\\/\\\/informelitoral.com.ar\\\/#\\\/schema\\\/person\\\/f05f9f461677119578717524b127d6d5\"},\"headline\":\"Confirmaron a cu\u00e1nto subir\u00e1n la AUH y las asignaciones familiares desde junio\",\"datePublished\":\"2024-05-16T11:44:32+00:00\",\"dateModified\":\"2024-05-16T12:16:45+00:00\",\"mainEntityOfPage\":{\"@id\":\"https:\\\/\\\/informelitoral.com.ar\\\/confirmaron-a-cuanto-subiran-la-auh-y-las-asignaciones-familiares-desde-junio\\\/\"},\"wordCount\":201,\"commentCount\":0,\"publisher\":{\"@id\":\"https:\\\/\\\/informelitoral.com.ar\\\/#organization\"},\"image\":{\"@id\":\"https:\\\/\\\/informelitoral.com.ar\\\/confirmaron-a-cuanto-subiran-la-auh-y-las-asignaciones-familiares-desde-junio\\\/#primaryimage\"},\"thumbnailUrl\":\"https:\\\/\\\/informelitoral.com.ar\\\/%77%70%2d%63%6f%6e%74%65%6e%74\\\/uploads\\\/2018\\\/01\\\/anses_39_0_0.jpg\",\"keywords\":[\"AUH\",\"Aumento\"],\"articleSection\":[\"Nacionales\"],\"inLanguage\":\"es\",\"potentialAction\":[{\"@type\":\"CommentAction\",\"name\":\"Comment\",\"target\":[\"https:\\\/\\\/informelitoral.com.ar\\\/confirmaron-a-cuanto-subiran-la-auh-y-las-asignaciones-familiares-desde-junio\\\/#respond\"]}]},{\"@type\":\"WebPage\",\"@id\":\"https:\\\/\\\/informelitoral.com.ar\\\/confirmaron-a-cuanto-subiran-la-auh-y-las-asignaciones-familiares-desde-junio\\\/\",\"url\":\"https:\\\/\\\/informelitoral.com.ar\\\/confirmaron-a-cuanto-subiran-la-auh-y-las-asignaciones-familiares-desde-junio\\\/\",\"name\":\"Confirmaron a cu\u00e1nto subir\u00e1n la AUH y las asignaciones familiares desde junio - Informe Litoral\",\"isPartOf\":{\"@id\":\"https:\\\/\\\/informelitoral.com.ar\\\/#website\"},\"primaryImageOfPage\":{\"@id\":\"https:\\\/\\\/informelitoral.com.ar\\\/confirmaron-a-cuanto-subiran-la-auh-y-las-asignaciones-familiares-desde-junio\\\/#primaryimage\"},\"image\":{\"@id\":\"https:\\\/\\\/informelitoral.com.ar\\\/confirmaron-a-cuanto-subiran-la-auh-y-las-asignaciones-familiares-desde-junio\\\/#primaryimage\"},\"thumbnailUrl\":\"https:\\\/\\\/informelitoral.com.ar\\\/%77%70%2d%63%6f%6e%74%65%6e%74\\\/uploads\\\/2018\\\/01\\\/anses_39_0_0.jpg\",\"datePublished\":\"2024-05-16T11:44:32+00:00\",\"dateModified\":\"2024-05-16T12:16:45+00:00\",\"breadcrumb\":{\"@id\":\"https:\\\/\\\/informelitoral.com.ar\\\/confirmaron-a-cuanto-subiran-la-auh-y-las-asignaciones-familiares-desde-junio\\\/#breadcrumb\"},\"inLanguage\":\"es\",\"potentialAction\":[{\"@type\":\"ReadAction\",\"target\":[\"https:\\\/\\\/informelitoral.com.ar\\\/confirmaron-a-cuanto-subiran-la-auh-y-las-asignaciones-familiares-desde-junio\\\/\"]}]},{\"@type\":\"ImageObject\",\"inLanguage\":\"es\",\"@id\":\"https:\\\/\\\/informelitoral.com.ar\\\/confirmaron-a-cuanto-subiran-la-auh-y-las-asignaciones-familiares-desde-junio\\\/#primaryimage\",\"url\":\"https:\\\/\\\/informelitoral.com.ar\\\/%77%70%2d%63%6f%6e%74%65%6e%74\\\/uploads\\\/2018\\\/01\\\/anses_39_0_0.jpg\",\"contentUrl\":\"https:\\\/\\\/informelitoral.com.ar\\\/%77%70%2d%63%6f%6e%74%65%6e%74\\\/uploads\\\/2018\\\/01\\\/anses_39_0_0.jpg\",\"width\":1020,\"height\":560},{\"@type\":\"BreadcrumbList\",\"@id\":\"https:\\\/\\\/informelitoral.com.ar\\\/confirmaron-a-cuanto-subiran-la-auh-y-las-asignaciones-familiares-desde-junio\\\/#breadcrumb\",\"itemListElement\":[{\"@type\":\"ListItem\",\"position\":1,\"name\":\"Portada\",\"item\":\"https:\\\/\\\/informelitoral.com.ar\\\/\"},{\"@type\":\"ListItem\",\"position\":2,\"name\":\"Confirmaron a cu\u00e1nto subir\u00e1n la AUH y las asignaciones familiares desde junio\"}]},{\"@type\":\"WebSite\",\"@id\":\"https:\\\/\\\/informelitoral.com.ar\\\/#website\",\"url\":\"https:\\\/\\\/informelitoral.com.ar\\\/\",\"name\":\"Informe Litoral\",\"description\":\"&quot;Nos informamos&quot; \",\"publisher\":{\"@id\":\"https:\\\/\\\/informelitoral.com.ar\\\/#organization\"},\"potentialAction\":[{\"@type\":\"SearchAction\",\"target\":{\"@type\":\"EntryPoint\",\"urlTemplate\":\"https:\\\/\\\/informelitoral.com.ar\\\/?s={search_term_string}\"},\"query-input\":{\"@type\":\"PropertyValueSpecification\",\"valueRequired\":true,\"valueName\":\"search_term_string\"}}],\"inLanguage\":\"es\"},{\"@type\":\"Organization\",\"@id\":\"https:\\\/\\\/informelitoral.com.ar\\\/#organization\",\"name\":\"Informe Litoral\",\"url\":\"https:\\\/\\\/informelitoral.com.ar\\\/\",\"logo\":{\"@type\":\"ImageObject\",\"inLanguage\":\"es\",\"@id\":\"https:\\\/\\\/informelitoral.com.ar\\\/#\\\/schema\\\/logo\\\/image\\\/\",\"url\":\"https:\\\/\\\/informelitoral.com.ar\\\/%77%70%2d%63%6f%6e%74%65%6e%74\\\/uploads\\\/2021\\\/01\\\/circulo.png\",\"contentUrl\":\"https:\\\/\\\/informelitoral.com.ar\\\/%77%70%2d%63%6f%6e%74%65%6e%74\\\/uploads\\\/2021\\\/01\\\/circulo.png\",\"width\":723,\"height\":731,\"caption\":\"Informe Litoral\"},\"image\":{\"@id\":\"https:\\\/\\\/informelitoral.com.ar\\\/#\\\/schema\\\/logo\\\/image\\\/\"},\"sameAs\":[\"https:\\\/\\\/www.facebook.com\\\/informelitoral\\\/\",\"https:\\\/\\\/x.com\\\/InformeLitoral\",\"https:\\\/\\\/www.instagram.com\\\/informelitoral\\\/\",\"https:\\\/\\\/www.youtube.com\\\/channel\\\/UCua4Qvz8Icb6MYqhoq9xLXw\"]},{\"@type\":\"Person\",\"@id\":\"https:\\\/\\\/informelitoral.com.ar\\\/#\\\/schema\\\/person\\\/f05f9f461677119578717524b127d6d5\",\"name\":\"Sebastian\",\"image\":{\"@type\":\"ImageObject\",\"inLanguage\":\"es\",\"@id\":\"https:\\\/\\\/secure.gravatar.com\\\/avatar\\\/b71bf7481d447dfb9583c7f2798e7cc64de6efb9067b74633ed8c31059a3bd82?s=96&d=mm&r=g\",\"url\":\"https:\\\/\\\/secure.gravatar.com\\\/avatar\\\/b71bf7481d447dfb9583c7f2798e7cc64de6efb9067b74633ed8c31059a3bd82?s=96&d=mm&r=g\",\"contentUrl\":\"https:\\\/\\\/secure.gravatar.com\\\/avatar\\\/b71bf7481d447dfb9583c7f2798e7cc64de6efb9067b74633ed8c31059a3bd82?s=96&d=mm&r=g\",\"caption\":\"Sebastian\"},\"url\":\"https:\\\/\\\/informelitoral.com.ar\\\/author\\\/sebastian\\\/\"}]}<\/script>","yoast_head_json":{"title":"Confirmaron a cu\u00e1nto subir\u00e1n la AUH y las asignaciones familiares desde junio - Informe Litoral","robots":{"index":"index","follow":"follow","max-snippet":"max-snippet:-1","max-image-preview":"max-image-preview:large","max-video-preview":"max-video-preview:-1"},"canonical":"https:\/\/informelitoral.com.ar\/confirmaron-a-cuanto-subiran-la-auh-y-las-asignaciones-familiares-desde-junio\/","og_locale":"es_ES","og_type":"article","og_title":"Confirmaron a cu\u00e1nto subir\u00e1n la AUH y las asignaciones familiares desde junio - Informe Litoral","og_description":"Las familias de trabajadores que reciben la Asignaci\u00f3n Familiar por Hijo a trav\u00e9s del SUAF de la ANSES tendr\u00e1n un aumento del 41,48% en junio. A cu\u00e1nto se ir\u00e1 la AUH.","og_url":"https:\/\/informelitoral.com.ar\/confirmaron-a-cuanto-subiran-la-auh-y-las-asignaciones-familiares-desde-junio\/","og_site_name":"Informe Litoral","article_publisher":"https:\/\/www.facebook.com\/informelitoral\/","article_published_time":"2024-05-16T11:44:32+00:00","article_modified_time":"2024-05-16T12:16:45+00:00","og_image":[{"width":1020,"height":560,"url":"https:\/\/informelitoral.com.ar\/%77%70%2d%63%6f%6e%74%65%6e%74\/uploads\/2018\/01\/anses_39_0_0.jpg","type":"image\/jpeg"}],"author":"Sebastian","twitter_card":"summary_large_image","twitter_creator":"@InformeLitoral","twitter_site":"@InformeLitoral","twitter_misc":{"Escrito por":"Sebastian","Tiempo de lectura":"1 minuto"},"schema":{"@context":"https:\/\/schema.org","@graph":[{"@type":"Article","@id":"https:\/\/informelitoral.com.ar\/confirmaron-a-cuanto-subiran-la-auh-y-las-asignaciones-familiares-desde-junio\/#article","isPartOf":{"@id":"https:\/\/informelitoral.com.ar\/confirmaron-a-cuanto-subiran-la-auh-y-las-asignaciones-familiares-desde-junio\/"},"author":{"name":"Sebastian","@id":"https:\/\/informelitoral.com.ar\/#\/schema\/person\/f05f9f461677119578717524b127d6d5"},"headline":"Confirmaron a cu\u00e1nto subir\u00e1n la AUH y las asignaciones familiares desde junio","datePublished":"2024-05-16T11:44:32+00:00","dateModified":"2024-05-16T12:16:45+00:00","mainEntityOfPage":{"@id":"https:\/\/informelitoral.com.ar\/confirmaron-a-cuanto-subiran-la-auh-y-las-asignaciones-familiares-desde-junio\/"},"wordCount":201,"commentCount":0,"publisher":{"@id":"https:\/\/informelitoral.com.ar\/#organization"},"image":{"@id":"https:\/\/informelitoral.com.ar\/confirmaron-a-cuanto-subiran-la-auh-y-las-asignaciones-familiares-desde-junio\/#primaryimage"},"thumbnailUrl":"https:\/\/informelitoral.com.ar\/%77%70%2d%63%6f%6e%74%65%6e%74\/uploads\/2018\/01\/anses_39_0_0.jpg","keywords":["AUH","Aumento"],"articleSection":["Nacionales"],"inLanguage":"es","potentialAction":[{"@type":"CommentAction","name":"Comment","target":["https:\/\/informelitoral.com.ar\/confirmaron-a-cuanto-subiran-la-auh-y-las-asignaciones-familiares-desde-junio\/#respond"]}]},{"@type":"WebPage","@id":"https:\/\/informelitoral.com.ar\/confirmaron-a-cuanto-subiran-la-auh-y-las-asignaciones-familiares-desde-junio\/","url":"https:\/\/informelitoral.com.ar\/confirmaron-a-cuanto-subiran-la-auh-y-las-asignaciones-familiares-desde-junio\/","name":"Confirmaron a cu\u00e1nto subir\u00e1n la AUH y las asignaciones familiares desde junio - Informe Litoral","isPartOf":{"@id":"https:\/\/informelitoral.com.ar\/#website"},"primaryImageOfPage":{"@id":"https:\/\/informelitoral.com.ar\/confirmaron-a-cuanto-subiran-la-auh-y-las-asignaciones-familiares-desde-junio\/#primaryimage"},"image":{"@id":"https:\/\/informelitoral.com.ar\/confirmaron-a-cuanto-subiran-la-auh-y-las-asignaciones-familiares-desde-junio\/#primaryimage"},"thumbnailUrl":"https:\/\/informelitoral.com.ar\/%77%70%2d%63%6f%6e%74%65%6e%74\/uploads\/2018\/01\/anses_39_0_0.jpg","datePublished":"2024-05-16T11:44:32+00:00","dateModified":"2024-05-16T12:16:45+00:00","breadcrumb":{"@id":"https:\/\/informelitoral.com.ar\/confirmaron-a-cuanto-subiran-la-auh-y-las-asignaciones-familiares-desde-junio\/#breadcrumb"},"inLanguage":"es","potentialAction":[{"@type":"ReadAction","target":["https:\/\/informelitoral.com.ar\/confirmaron-a-cuanto-subiran-la-auh-y-las-asignaciones-familiares-desde-junio\/"]}]},{"@type":"ImageObject","inLanguage":"es","@id":"https:\/\/informelitoral.com.ar\/confirmaron-a-cuanto-subiran-la-auh-y-las-asignaciones-familiares-desde-junio\/#primaryimage","url":"https:\/\/informelitoral.com.ar\/%77%70%2d%63%6f%6e%74%65%6e%74\/uploads\/2018\/01\/anses_39_0_0.jpg","contentUrl":"https:\/\/informelitoral.com.ar\/%77%70%2d%63%6f%6e%74%65%6e%74\/uploads\/2018\/01\/anses_39_0_0.jpg","width":1020,"height":560},{"@type":"BreadcrumbList","@id":"https:\/\/informelitoral.com.ar\/confirmaron-a-cuanto-subiran-la-auh-y-las-asignaciones-familiares-desde-junio\/#breadcrumb","itemListElement":[{"@type":"ListItem","position":1,"name":"Portada","item":"https:\/\/informelitoral.com.ar\/"},{"@type":"ListItem","position":2,"name":"Confirmaron a cu\u00e1nto subir\u00e1n la AUH y las asignaciones familiares desde junio"}]},{"@type":"WebSite","@id":"https:\/\/informelitoral.com.ar\/#website","url":"https:\/\/informelitoral.com.ar\/","name":"Informe Litoral","description":"&quot;Nos informamos&quot; ","publisher":{"@id":"https:\/\/informelitoral.com.ar\/#organization"},"potentialAction":[{"@type":"SearchAction","target":{"@type":"EntryPoint","urlTemplate":"https:\/\/informelitoral.com.ar\/?s={search_term_string}"},"query-input":{"@type":"PropertyValueSpecification","valueRequired":true,"valueName":"search_term_string"}}],"inLanguage":"es"},{"@type":"Organization","@id":"https:\/\/informelitoral.com.ar\/#organization","name":"Informe Litoral","url":"https:\/\/informelitoral.com.ar\/","logo":{"@type":"ImageObject","inLanguage":"es","@id":"https:\/\/informelitoral.com.ar\/#\/schema\/logo\/image\/","url":"https:\/\/informelitoral.com.ar\/%77%70%2d%63%6f%6e%74%65%6e%74\/uploads\/2021\/01\/circulo.png","contentUrl":"https:\/\/informelitoral.com.ar\/%77%70%2d%63%6f%6e%74%65%6e%74\/uploads\/2021\/01\/circulo.png","width":723,"height":731,"caption":"Informe Litoral"},"image":{"@id":"https:\/\/informelitoral.com.ar\/#\/schema\/logo\/image\/"},"sameAs":["https:\/\/www.facebook.com\/informelitoral\/","https:\/\/x.com\/InformeLitoral","https:\/\/www.instagram.com\/informelitoral\/","https:\/\/www.youtube.com\/channel\/UCua4Qvz8Icb6MYqhoq9xLXw"]},{"@type":"Person","@id":"https:\/\/informelitoral.com.ar\/#\/schema\/person\/f05f9f461677119578717524b127d6d5","name":"Sebastian","image":{"@type":"ImageObject","inLanguage":"es","@id":"https:\/\/secure.gravatar.com\/avatar\/b71bf7481d447dfb9583c7f2798e7cc64de6efb9067b74633ed8c31059a3bd82?s=96&d=mm&r=g","url":"https:\/\/secure.gravatar.com\/avatar\/b71bf7481d447dfb9583c7f2798e7cc64de6efb9067b74633ed8c31059a3bd82?s=96&d=mm&r=g","contentUrl":"https:\/\/secure.gravatar.com\/avatar\/b71bf7481d447dfb9583c7f2798e7cc64de6efb9067b74633ed8c31059a3bd82?s=96&d=mm&r=g","caption":"Sebastian"},"url":"https:\/\/informelitoral.com.ar\/author\/sebastian\/"}]}},"_links":{"self":[{"href":"https:\/\/informelitoral.com.ar\/%77%70%2d%6a%73%6f%6e\/wp\/v2\/posts\/186868","targetHints":{"allow":["GET"]}}],"collection":[{"href":"https:\/\/informelitoral.com.ar\/%77%70%2d%6a%73%6f%6e\/wp\/v2\/posts"}],"about":[{"href":"https:\/\/informelitoral.com.ar\/%77%70%2d%6a%73%6f%6e\/wp\/v2\/types\/post"}],"author":[{"embeddable":true,"href":"https:\/\/informelitoral.com.ar\/%77%70%2d%6a%73%6f%6e\/wp\/v2\/users\/8"}],"replies":[{"embeddable":true,"href":"https:\/\/informelitoral.com.ar\/%77%70%2d%6a%73%6f%6e\/wp\/v2\/comments?post=186868"}],"version-history":[{"count":0,"href":"https:\/\/informelitoral.com.ar\/%77%70%2d%6a%73%6f%6e\/wp\/v2\/posts\/186868\/revisions"}],"wp:featuredmedia":[{"embeddable":true,"href":"https:\/\/informelitoral.com.ar\/%77%70%2d%6a%73%6f%6e\/wp\/v2\/media\/24481"}],"wp:attachment":[{"href":"https:\/\/informelitoral.com.ar\/%77%70%2d%6a%73%6f%6e\/wp\/v2\/media?parent=186868"}],"wp:term":[{"taxonomy":"category","embeddable":true,"href":"https:\/\/informelitoral.com.ar\/%77%70%2d%6a%73%6f%6e\/wp\/v2\/categories?post=186868"},{"taxonomy":"post_tag","embeddable":true,"href":"https:\/\/informelitoral.com.ar\/%77%70%2d%6a%73%6f%6e\/wp\/v2\/tags?post=186868"}],"curies":[{"name":"wp","href":"https:\/\/api.w.org\/{rel}","templated":true}]}}