{"id":186851,"date":"2024-05-15T10:59:08","date_gmt":"2024-05-15T13:59:08","guid":{"rendered":"https:\/\/www.informelitoral.com.ar\/?p=186851"},"modified":"2024-05-15T10:59:08","modified_gmt":"2024-05-15T13:59:08","slug":"culmina-la-etapa-de-inscripcion-para-becas-secundarias","status":"publish","type":"post","link":"https:\/\/informelitoral.com.ar\/culmina-la-etapa-de-inscripcion-para-becas-secundarias\/","title":{"rendered":"Culmina la etapa de inscripci\u00f3n para becas secundarias"},"content":{"rendered":"<p>El director ejecutivo, <strong>Mariano Berdi\u00f1as<\/strong>, destac\u00f3 que \u00abel proceso de inscripci\u00f3n se dio de manera correcta y fluida, con muchas familias ingresando al sistema del organismo para completar su solicitud. M\u00e1s de 15.000 estudiantes entrerrianos ya realizaron su correspondiente presentaci\u00f3n a trav\u00e9s de la web\u00bb, dijo.<\/p>\n<p>El titular del ente aut\u00e1rquico destac\u00f3 el trabajo de las delegaciones y la importancia de los abordajes territoriales \u00abpara federalizar la informaci\u00f3n y facilitar los procesos; para que solicitar una beca est\u00e9 al alcance de todos\u00bb, subray\u00f3 Berdi\u00f1as.<\/p>\n<p>Desde el Instituto se aclar\u00f3 que hasta este viernes -inclusive- se podr\u00e1 comenzar el tr\u00e1mite, y avanzar en el cumplimiento de los pasos bajo el estado \u00abIniciado\u00bb. Incluso si alguno quedara pendiente, se podr\u00e1 continuar a posteriori con la documentaci\u00f3n final. En ese sentido, es importante remarcar que a partir del s\u00e1bado el sistema ya no permitir\u00e1 \u00abempezar la carga\u00bb.<\/p>\n<p><strong>El equipo de Becas ya comenz\u00f3 la etapa de \u00abevaluaci\u00f3n de solicitudes secundarias\u00bb; mientras que la inscripci\u00f3n para el nivel superior, tanto terciarias como universitarias, iniciar\u00e1 en junio.<\/strong><\/p>\n<p>Para m\u00e1s informaci\u00f3n, asesoramiento o acompa\u00f1amiento en la inscripci\u00f3n online, se encuentra a disposici\u00f3n el chat en la web\u00a0<a href=\"http:\/\/www.institutobecario.gov.ar\/\">www.institutobecario.gov.ar<\/a>, de lunes a viernes de 9 a 13.<\/p>\n","protected":false},"excerpt":{"rendered":"<p>El Instituto Becario Provincial adelant\u00f3 que este viernes ser\u00e1 el \u00faltimo d\u00eda para solicitar becas secundarias. La inscripci\u00f3n se realiza de manera online, tanto para nuevas como para renovaci\u00f3n. El nivel superior iniciar\u00e1 en junio.<\/p>\n","protected":false},"author":8,"featured_media":186852,"comment_status":"open","ping_status":"open","sticky":false,"template":"","format":"standard","meta":{"fifu_image_url":"","fifu_image_alt":"","footnotes":""},"categories":[6],"tags":[4809,381],"class_list":{"0":"post-186851","1":"post","2":"type-post","3":"status-publish","4":"format-standard","5":"has-post-thumbnail","7":"category-entre-rios","8":"tag-becario","9":"tag-becas"},"yoast_head":"<title>Culmina la etapa de inscripci\u00f3n para becas secundarias - Informe Litoral<\/title>\n<meta name=\"robots\" content=\"index, follow, max-snippet:-1, max-image-preview:large, max-video-preview:-1\" \/>\n<link rel=\"canonical\" href=\"https:\/\/informelitoral.com.ar\/culmina-la-etapa-de-inscripcion-para-becas-secundarias\/\" \/>\n<meta property=\"og:locale\" content=\"es_ES\" \/>\n<meta property=\"og:type\" content=\"article\" \/>\n<meta property=\"og:title\" content=\"Culmina la etapa de inscripci\u00f3n para becas secundarias - Informe Litoral\" \/>\n<meta property=\"og:description\" content=\"El Instituto Becario Provincial adelant\u00f3 que este viernes ser\u00e1 el \u00faltimo d\u00eda para solicitar becas secundarias. La inscripci\u00f3n se realiza de manera online, tanto para nuevas como para renovaci\u00f3n. El nivel superior iniciar\u00e1 en junio.\" \/>\n<meta property=\"og:url\" content=\"https:\/\/informelitoral.com.ar\/culmina-la-etapa-de-inscripcion-para-becas-secundarias\/\" \/>\n<meta property=\"og:site_name\" content=\"Informe Litoral\" \/>\n<meta property=\"article:publisher\" content=\"https:\/\/www.facebook.com\/informelitoral\/\" \/>\n<meta property=\"article:published_time\" content=\"2024-05-15T13:59:08+00:00\" \/>\n<meta property=\"og:image\" content=\"https:\/\/informelitoral.com.ar\/%77%70%2d%63%6f%6e%74%65%6e%74\/uploads\/2024\/05\/descarga-2-1.jpg\" \/>\n\t<meta property=\"og:image:width\" content=\"1920\" \/>\n\t<meta property=\"og:image:height\" content=\"1280\" \/>\n\t<meta property=\"og:image:type\" content=\"image\/jpeg\" \/>\n<meta name=\"author\" content=\"Sebastian\" \/>\n<meta name=\"twitter:card\" content=\"summary_large_image\" \/>\n<meta name=\"twitter:creator\" content=\"@InformeLitoral\" \/>\n<meta name=\"twitter:site\" content=\"@InformeLitoral\" \/>\n<meta name=\"twitter:label1\" content=\"Escrito por\" \/>\n\t<meta name=\"twitter:data1\" content=\"Sebastian\" \/>\n\t<meta name=\"twitter:label2\" content=\"Tiempo de lectura\" \/>\n\t<meta name=\"twitter:data2\" content=\"1 minuto\" \/>\n<script type=\"application\/ld+json\" class=\"yoast-schema-graph\">{\"@context\":\"https:\\\/\\\/schema.org\",\"@graph\":[{\"@type\":\"Article\",\"@id\":\"https:\\\/\\\/informelitoral.com.ar\\\/culmina-la-etapa-de-inscripcion-para-becas-secundarias\\\/#article\",\"isPartOf\":{\"@id\":\"https:\\\/\\\/informelitoral.com.ar\\\/culmina-la-etapa-de-inscripcion-para-becas-secundarias\\\/\"},\"author\":{\"name\":\"Sebastian\",\"@id\":\"https:\\\/\\\/informelitoral.com.ar\\\/#\\\/schema\\\/person\\\/f05f9f461677119578717524b127d6d5\"},\"headline\":\"Culmina la etapa de inscripci\u00f3n para becas secundarias\",\"datePublished\":\"2024-05-15T13:59:08+00:00\",\"mainEntityOfPage\":{\"@id\":\"https:\\\/\\\/informelitoral.com.ar\\\/culmina-la-etapa-de-inscripcion-para-becas-secundarias\\\/\"},\"wordCount\":227,\"commentCount\":0,\"publisher\":{\"@id\":\"https:\\\/\\\/informelitoral.com.ar\\\/#organization\"},\"image\":{\"@id\":\"https:\\\/\\\/informelitoral.com.ar\\\/culmina-la-etapa-de-inscripcion-para-becas-secundarias\\\/#primaryimage\"},\"thumbnailUrl\":\"https:\\\/\\\/informelitoral.com.ar\\\/%77%70%2d%63%6f%6e%74%65%6e%74\\\/uploads\\\/2024\\\/05\\\/descarga-2-1.jpg\",\"keywords\":[\"Becario\",\"Becas\"],\"articleSection\":[\"Entre R\u00edos\"],\"inLanguage\":\"es\",\"potentialAction\":[{\"@type\":\"CommentAction\",\"name\":\"Comment\",\"target\":[\"https:\\\/\\\/informelitoral.com.ar\\\/culmina-la-etapa-de-inscripcion-para-becas-secundarias\\\/#respond\"]}]},{\"@type\":\"WebPage\",\"@id\":\"https:\\\/\\\/informelitoral.com.ar\\\/culmina-la-etapa-de-inscripcion-para-becas-secundarias\\\/\",\"url\":\"https:\\\/\\\/informelitoral.com.ar\\\/culmina-la-etapa-de-inscripcion-para-becas-secundarias\\\/\",\"name\":\"Culmina la etapa de inscripci\u00f3n para becas secundarias - Informe Litoral\",\"isPartOf\":{\"@id\":\"https:\\\/\\\/informelitoral.com.ar\\\/#website\"},\"primaryImageOfPage\":{\"@id\":\"https:\\\/\\\/informelitoral.com.ar\\\/culmina-la-etapa-de-inscripcion-para-becas-secundarias\\\/#primaryimage\"},\"image\":{\"@id\":\"https:\\\/\\\/informelitoral.com.ar\\\/culmina-la-etapa-de-inscripcion-para-becas-secundarias\\\/#primaryimage\"},\"thumbnailUrl\":\"https:\\\/\\\/informelitoral.com.ar\\\/%77%70%2d%63%6f%6e%74%65%6e%74\\\/uploads\\\/2024\\\/05\\\/descarga-2-1.jpg\",\"datePublished\":\"2024-05-15T13:59:08+00:00\",\"breadcrumb\":{\"@id\":\"https:\\\/\\\/informelitoral.com.ar\\\/culmina-la-etapa-de-inscripcion-para-becas-secundarias\\\/#breadcrumb\"},\"inLanguage\":\"es\",\"potentialAction\":[{\"@type\":\"ReadAction\",\"target\":[\"https:\\\/\\\/informelitoral.com.ar\\\/culmina-la-etapa-de-inscripcion-para-becas-secundarias\\\/\"]}]},{\"@type\":\"ImageObject\",\"inLanguage\":\"es\",\"@id\":\"https:\\\/\\\/informelitoral.com.ar\\\/culmina-la-etapa-de-inscripcion-para-becas-secundarias\\\/#primaryimage\",\"url\":\"https:\\\/\\\/informelitoral.com.ar\\\/%77%70%2d%63%6f%6e%74%65%6e%74\\\/uploads\\\/2024\\\/05\\\/descarga-2-1.jpg\",\"contentUrl\":\"https:\\\/\\\/informelitoral.com.ar\\\/%77%70%2d%63%6f%6e%74%65%6e%74\\\/uploads\\\/2024\\\/05\\\/descarga-2-1.jpg\",\"width\":1920,\"height\":1280},{\"@type\":\"BreadcrumbList\",\"@id\":\"https:\\\/\\\/informelitoral.com.ar\\\/culmina-la-etapa-de-inscripcion-para-becas-secundarias\\\/#breadcrumb\",\"itemListElement\":[{\"@type\":\"ListItem\",\"position\":1,\"name\":\"Portada\",\"item\":\"https:\\\/\\\/informelitoral.com.ar\\\/\"},{\"@type\":\"ListItem\",\"position\":2,\"name\":\"Culmina la etapa de inscripci\u00f3n para becas secundarias\"}]},{\"@type\":\"WebSite\",\"@id\":\"https:\\\/\\\/informelitoral.com.ar\\\/#website\",\"url\":\"https:\\\/\\\/informelitoral.com.ar\\\/\",\"name\":\"Informe Litoral\",\"description\":\"&quot;Nos informamos&quot; \",\"publisher\":{\"@id\":\"https:\\\/\\\/informelitoral.com.ar\\\/#organization\"},\"potentialAction\":[{\"@type\":\"SearchAction\",\"target\":{\"@type\":\"EntryPoint\",\"urlTemplate\":\"https:\\\/\\\/informelitoral.com.ar\\\/?s={search_term_string}\"},\"query-input\":{\"@type\":\"PropertyValueSpecification\",\"valueRequired\":true,\"valueName\":\"search_term_string\"}}],\"inLanguage\":\"es\"},{\"@type\":\"Organization\",\"@id\":\"https:\\\/\\\/informelitoral.com.ar\\\/#organization\",\"name\":\"Informe Litoral\",\"url\":\"https:\\\/\\\/informelitoral.com.ar\\\/\",\"logo\":{\"@type\":\"ImageObject\",\"inLanguage\":\"es\",\"@id\":\"https:\\\/\\\/informelitoral.com.ar\\\/#\\\/schema\\\/logo\\\/image\\\/\",\"url\":\"https:\\\/\\\/informelitoral.com.ar\\\/%77%70%2d%63%6f%6e%74%65%6e%74\\\/uploads\\\/2021\\\/01\\\/circulo.png\",\"contentUrl\":\"https:\\\/\\\/informelitoral.com.ar\\\/%77%70%2d%63%6f%6e%74%65%6e%74\\\/uploads\\\/2021\\\/01\\\/circulo.png\",\"width\":723,\"height\":731,\"caption\":\"Informe Litoral\"},\"image\":{\"@id\":\"https:\\\/\\\/informelitoral.com.ar\\\/#\\\/schema\\\/logo\\\/image\\\/\"},\"sameAs\":[\"https:\\\/\\\/www.facebook.com\\\/informelitoral\\\/\",\"https:\\\/\\\/x.com\\\/InformeLitoral\",\"https:\\\/\\\/www.instagram.com\\\/informelitoral\\\/\",\"https:\\\/\\\/www.youtube.com\\\/channel\\\/UCua4Qvz8Icb6MYqhoq9xLXw\"]},{\"@type\":\"Person\",\"@id\":\"https:\\\/\\\/informelitoral.com.ar\\\/#\\\/schema\\\/person\\\/f05f9f461677119578717524b127d6d5\",\"name\":\"Sebastian\",\"image\":{\"@type\":\"ImageObject\",\"inLanguage\":\"es\",\"@id\":\"https:\\\/\\\/secure.gravatar.com\\\/avatar\\\/b71bf7481d447dfb9583c7f2798e7cc64de6efb9067b74633ed8c31059a3bd82?s=96&d=mm&r=g\",\"url\":\"https:\\\/\\\/secure.gravatar.com\\\/avatar\\\/b71bf7481d447dfb9583c7f2798e7cc64de6efb9067b74633ed8c31059a3bd82?s=96&d=mm&r=g\",\"contentUrl\":\"https:\\\/\\\/secure.gravatar.com\\\/avatar\\\/b71bf7481d447dfb9583c7f2798e7cc64de6efb9067b74633ed8c31059a3bd82?s=96&d=mm&r=g\",\"caption\":\"Sebastian\"},\"url\":\"https:\\\/\\\/informelitoral.com.ar\\\/author\\\/sebastian\\\/\"}]}<\/script>","yoast_head_json":{"title":"Culmina la etapa de inscripci\u00f3n para becas secundarias - Informe Litoral","robots":{"index":"index","follow":"follow","max-snippet":"max-snippet:-1","max-image-preview":"max-image-preview:large","max-video-preview":"max-video-preview:-1"},"canonical":"https:\/\/informelitoral.com.ar\/culmina-la-etapa-de-inscripcion-para-becas-secundarias\/","og_locale":"es_ES","og_type":"article","og_title":"Culmina la etapa de inscripci\u00f3n para becas secundarias - Informe Litoral","og_description":"El Instituto Becario Provincial adelant\u00f3 que este viernes ser\u00e1 el \u00faltimo d\u00eda para solicitar becas secundarias. La inscripci\u00f3n se realiza de manera online, tanto para nuevas como para renovaci\u00f3n. El nivel superior iniciar\u00e1 en junio.","og_url":"https:\/\/informelitoral.com.ar\/culmina-la-etapa-de-inscripcion-para-becas-secundarias\/","og_site_name":"Informe Litoral","article_publisher":"https:\/\/www.facebook.com\/informelitoral\/","article_published_time":"2024-05-15T13:59:08+00:00","og_image":[{"width":1920,"height":1280,"url":"https:\/\/informelitoral.com.ar\/%77%70%2d%63%6f%6e%74%65%6e%74\/uploads\/2024\/05\/descarga-2-1.jpg","type":"image\/jpeg"}],"author":"Sebastian","twitter_card":"summary_large_image","twitter_creator":"@InformeLitoral","twitter_site":"@InformeLitoral","twitter_misc":{"Escrito por":"Sebastian","Tiempo de lectura":"1 minuto"},"schema":{"@context":"https:\/\/schema.org","@graph":[{"@type":"Article","@id":"https:\/\/informelitoral.com.ar\/culmina-la-etapa-de-inscripcion-para-becas-secundarias\/#article","isPartOf":{"@id":"https:\/\/informelitoral.com.ar\/culmina-la-etapa-de-inscripcion-para-becas-secundarias\/"},"author":{"name":"Sebastian","@id":"https:\/\/informelitoral.com.ar\/#\/schema\/person\/f05f9f461677119578717524b127d6d5"},"headline":"Culmina la etapa de inscripci\u00f3n para becas secundarias","datePublished":"2024-05-15T13:59:08+00:00","mainEntityOfPage":{"@id":"https:\/\/informelitoral.com.ar\/culmina-la-etapa-de-inscripcion-para-becas-secundarias\/"},"wordCount":227,"commentCount":0,"publisher":{"@id":"https:\/\/informelitoral.com.ar\/#organization"},"image":{"@id":"https:\/\/informelitoral.com.ar\/culmina-la-etapa-de-inscripcion-para-becas-secundarias\/#primaryimage"},"thumbnailUrl":"https:\/\/informelitoral.com.ar\/%77%70%2d%63%6f%6e%74%65%6e%74\/uploads\/2024\/05\/descarga-2-1.jpg","keywords":["Becario","Becas"],"articleSection":["Entre R\u00edos"],"inLanguage":"es","potentialAction":[{"@type":"CommentAction","name":"Comment","target":["https:\/\/informelitoral.com.ar\/culmina-la-etapa-de-inscripcion-para-becas-secundarias\/#respond"]}]},{"@type":"WebPage","@id":"https:\/\/informelitoral.com.ar\/culmina-la-etapa-de-inscripcion-para-becas-secundarias\/","url":"https:\/\/informelitoral.com.ar\/culmina-la-etapa-de-inscripcion-para-becas-secundarias\/","name":"Culmina la etapa de inscripci\u00f3n para becas secundarias - Informe Litoral","isPartOf":{"@id":"https:\/\/informelitoral.com.ar\/#website"},"primaryImageOfPage":{"@id":"https:\/\/informelitoral.com.ar\/culmina-la-etapa-de-inscripcion-para-becas-secundarias\/#primaryimage"},"image":{"@id":"https:\/\/informelitoral.com.ar\/culmina-la-etapa-de-inscripcion-para-becas-secundarias\/#primaryimage"},"thumbnailUrl":"https:\/\/informelitoral.com.ar\/%77%70%2d%63%6f%6e%74%65%6e%74\/uploads\/2024\/05\/descarga-2-1.jpg","datePublished":"2024-05-15T13:59:08+00:00","breadcrumb":{"@id":"https:\/\/informelitoral.com.ar\/culmina-la-etapa-de-inscripcion-para-becas-secundarias\/#breadcrumb"},"inLanguage":"es","potentialAction":[{"@type":"ReadAction","target":["https:\/\/informelitoral.com.ar\/culmina-la-etapa-de-inscripcion-para-becas-secundarias\/"]}]},{"@type":"ImageObject","inLanguage":"es","@id":"https:\/\/informelitoral.com.ar\/culmina-la-etapa-de-inscripcion-para-becas-secundarias\/#primaryimage","url":"https:\/\/informelitoral.com.ar\/%77%70%2d%63%6f%6e%74%65%6e%74\/uploads\/2024\/05\/descarga-2-1.jpg","contentUrl":"https:\/\/informelitoral.com.ar\/%77%70%2d%63%6f%6e%74%65%6e%74\/uploads\/2024\/05\/descarga-2-1.jpg","width":1920,"height":1280},{"@type":"BreadcrumbList","@id":"https:\/\/informelitoral.com.ar\/culmina-la-etapa-de-inscripcion-para-becas-secundarias\/#breadcrumb","itemListElement":[{"@type":"ListItem","position":1,"name":"Portada","item":"https:\/\/informelitoral.com.ar\/"},{"@type":"ListItem","position":2,"name":"Culmina la etapa de inscripci\u00f3n para becas secundarias"}]},{"@type":"WebSite","@id":"https:\/\/informelitoral.com.ar\/#website","url":"https:\/\/informelitoral.com.ar\/","name":"Informe Litoral","description":"&quot;Nos informamos&quot; ","publisher":{"@id":"https:\/\/informelitoral.com.ar\/#organization"},"potentialAction":[{"@type":"SearchAction","target":{"@type":"EntryPoint","urlTemplate":"https:\/\/informelitoral.com.ar\/?s={search_term_string}"},"query-input":{"@type":"PropertyValueSpecification","valueRequired":true,"valueName":"search_term_string"}}],"inLanguage":"es"},{"@type":"Organization","@id":"https:\/\/informelitoral.com.ar\/#organization","name":"Informe Litoral","url":"https:\/\/informelitoral.com.ar\/","logo":{"@type":"ImageObject","inLanguage":"es","@id":"https:\/\/informelitoral.com.ar\/#\/schema\/logo\/image\/","url":"https:\/\/informelitoral.com.ar\/%77%70%2d%63%6f%6e%74%65%6e%74\/uploads\/2021\/01\/circulo.png","contentUrl":"https:\/\/informelitoral.com.ar\/%77%70%2d%63%6f%6e%74%65%6e%74\/uploads\/2021\/01\/circulo.png","width":723,"height":731,"caption":"Informe Litoral"},"image":{"@id":"https:\/\/informelitoral.com.ar\/#\/schema\/logo\/image\/"},"sameAs":["https:\/\/www.facebook.com\/informelitoral\/","https:\/\/x.com\/InformeLitoral","https:\/\/www.instagram.com\/informelitoral\/","https:\/\/www.youtube.com\/channel\/UCua4Qvz8Icb6MYqhoq9xLXw"]},{"@type":"Person","@id":"https:\/\/informelitoral.com.ar\/#\/schema\/person\/f05f9f461677119578717524b127d6d5","name":"Sebastian","image":{"@type":"ImageObject","inLanguage":"es","@id":"https:\/\/secure.gravatar.com\/avatar\/b71bf7481d447dfb9583c7f2798e7cc64de6efb9067b74633ed8c31059a3bd82?s=96&d=mm&r=g","url":"https:\/\/secure.gravatar.com\/avatar\/b71bf7481d447dfb9583c7f2798e7cc64de6efb9067b74633ed8c31059a3bd82?s=96&d=mm&r=g","contentUrl":"https:\/\/secure.gravatar.com\/avatar\/b71bf7481d447dfb9583c7f2798e7cc64de6efb9067b74633ed8c31059a3bd82?s=96&d=mm&r=g","caption":"Sebastian"},"url":"https:\/\/informelitoral.com.ar\/author\/sebastian\/"}]}},"_links":{"self":[{"href":"https:\/\/informelitoral.com.ar\/%77%70%2d%6a%73%6f%6e\/wp\/v2\/posts\/186851","targetHints":{"allow":["GET"]}}],"collection":[{"href":"https:\/\/informelitoral.com.ar\/%77%70%2d%6a%73%6f%6e\/wp\/v2\/posts"}],"about":[{"href":"https:\/\/informelitoral.com.ar\/%77%70%2d%6a%73%6f%6e\/wp\/v2\/types\/post"}],"author":[{"embeddable":true,"href":"https:\/\/informelitoral.com.ar\/%77%70%2d%6a%73%6f%6e\/wp\/v2\/users\/8"}],"replies":[{"embeddable":true,"href":"https:\/\/informelitoral.com.ar\/%77%70%2d%6a%73%6f%6e\/wp\/v2\/comments?post=186851"}],"version-history":[{"count":0,"href":"https:\/\/informelitoral.com.ar\/%77%70%2d%6a%73%6f%6e\/wp\/v2\/posts\/186851\/revisions"}],"wp:featuredmedia":[{"embeddable":true,"href":"https:\/\/informelitoral.com.ar\/%77%70%2d%6a%73%6f%6e\/wp\/v2\/media\/186852"}],"wp:attachment":[{"href":"https:\/\/informelitoral.com.ar\/%77%70%2d%6a%73%6f%6e\/wp\/v2\/media?parent=186851"}],"wp:term":[{"taxonomy":"category","embeddable":true,"href":"https:\/\/informelitoral.com.ar\/%77%70%2d%6a%73%6f%6e\/wp\/v2\/categories?post=186851"},{"taxonomy":"post_tag","embeddable":true,"href":"https:\/\/informelitoral.com.ar\/%77%70%2d%6a%73%6f%6e\/wp\/v2\/tags?post=186851"}],"curies":[{"name":"wp","href":"https:\/\/api.w.org\/{rel}","templated":true}]}}