{"id":1868,"date":"2013-05-23T01:12:12","date_gmt":"2013-05-23T04:12:12","guid":{"rendered":"http:\/\/www.isletasnoticias.com.ar\/?p=1868"},"modified":"2013-05-23T01:14:40","modified_gmt":"2013-05-23T04:14:40","slug":"diamante-interes-legislativo-para-el-frente-cultural-la-barranca","status":"publish","type":"post","link":"https:\/\/informelitoral.com.ar\/diamante-interes-legislativo-para-el-frente-cultural-la-barranca\/","title":{"rendered":"Diamante: inter\u00e9s legislativo para  el Frente Cultural \u00abLa Barranca\u00bb"},"content":{"rendered":"<p style=\"text-align: left;\" align=\"center\"><strong>Mediante un proyecto presentado por el diputado <em>Jorge Monge<\/em> (UCR-Diamante), la C\u00e1mara de Diputados de la Provincia declar\u00f3 de inter\u00e9s legislativo, a las actividades desarrolladas por el Frente Cultural \u201cLa Barranca\u201d.<a href=\"http:\/\/www.isletasnoticias.com.ar\/%77%70%2d%63%6f%6e%74%65%6e%74\/uploads\/2013\/05\/50_Diputados-Monge.jpg\"><img loading=\"lazy\" decoding=\"async\" class=\"size-medium wp-image-1666 alignright\" alt=\"50_Diputados Monge\" src=\"http:\/\/www.isletasnoticias.com.ar\/%77%70%2d%63%6f%6e%74%65%6e%74\/uploads\/2013\/05\/50_Diputados-Monge-300x300.jpg\" width=\"300\" height=\"300\" srcset=\"https:\/\/informelitoral.com.ar\/%77%70%2d%63%6f%6e%74%65%6e%74\/uploads\/2013\/05\/50_Diputados-Monge-300x300.jpg 300w, https:\/\/informelitoral.com.ar\/%77%70%2d%63%6f%6e%74%65%6e%74\/uploads\/2013\/05\/50_Diputados-Monge-150x150.jpg 150w, https:\/\/informelitoral.com.ar\/%77%70%2d%63%6f%6e%74%65%6e%74\/uploads\/2013\/05\/50_Diputados-Monge-1024x1024.jpg 1024w, https:\/\/informelitoral.com.ar\/%77%70%2d%63%6f%6e%74%65%6e%74\/uploads\/2013\/05\/50_Diputados-Monge.jpg 1457w\" sizes=\"auto, (max-width: 300px) 100vw, 300px\" \/><\/a><\/strong><\/p>\n<p><b><i>\u00a0<\/i><\/b>\u00a0El pasado martes 21 de mayo la C\u00e1mara de Diputados de la provincia aprob\u00f3 un proyecto presentado por Monge, en el cual solicitaba el reconocimiento hacia esa instituci\u00f3n cultural que realiza su actividad en Diamante.<\/p>\n<p>En los fundamentos de la medida el legislador diamantino sostiene que \u201cEl Frente Cultural Independiente: \u201cLa Barranca\u201d, es una ONG creada en la ciudad de Diamante a partir de la iniciativa de un grupo de ciudadanos interesados en ampliar la oferta de actividades culturales existentes en esa ciudad principalmente en lo referente al sector juvenil, a la vez de convertirse en un lugar de expresi\u00f3n y encuentro en torno al arte en sus distintas formas.\u201d<\/p>\n<p>Tambi\u00e9n se destaca las tareas llevadas a cabo para poder poner en condiciones de ocupaci\u00f3n el local del antiguo mercado municipal que les fue otorgado en comodato por el Municipio, a sabiendas que este lugar forma parte del patrimonio arquitect\u00f3nico de los diamantinos, logrando la funcionalidad acorde al desarrollo de las actividades propias de un Centro Cultural.<\/p>\n<p>Es importante destacar el car\u00e1cter Independiente de esta organizaci\u00f3n, que logra brindar servicios culturales de calidad, abiertos y gratuitos, a partir de la permanente b\u00fasqueda de autofinanciamiento por medio del aporte de cuotas societarias y la realizaci\u00f3n de actividades como las conocidas \u201cPe\u00f1as de la Barranca\u201d que, adem\u00e1s de brindar la posibilidad a los numerosos artistas locales, les permite lograr esos objetivos presupuestarios.<b><span style=\"text-decoration: underline;\"><br \/>\n<\/span><\/b><\/p>\n","protected":false},"excerpt":{"rendered":"<p>Mediante un proyecto presentado por el diputado Jorge Monge (UCR-Diamante), la C&aacute;mara de Diputados de la Provincia declar&oacute; de inter&eacute;s legislativo, a las actividades desarrolladas por el Frente Cultural &ldquo;La Barranca&rdquo;. &nbsp;&nbsp;El pasado martes 21 de mayo la C&aacute;mara de Diputados de la provincia aprob&oacute; un proyecto presentado por Monge, en el cual solicitaba el [&hellip;]<\/p>\n","protected":false},"author":2,"featured_media":0,"comment_status":"open","ping_status":"open","sticky":false,"template":"","format":"standard","meta":{"fifu_image_url":"","fifu_image_alt":"","footnotes":""},"categories":[5,6,16],"tags":[],"class_list":{"0":"post-1868","1":"post","2":"type-post","3":"status-publish","4":"format-standard","6":"category-zonales","7":"category-entre-rios","8":"category-politi"},"yoast_head":"<title>Diamante: inter\u00e9s legislativo para el Frente Cultural &quot;La Barranca&quot; - Informe Litoral<\/title>\n<meta name=\"robots\" content=\"index, follow, max-snippet:-1, max-image-preview:large, max-video-preview:-1\" \/>\n<link rel=\"canonical\" href=\"https:\/\/informelitoral.com.ar\/diamante-interes-legislativo-para-el-frente-cultural-la-barranca\/\" \/>\n<meta property=\"og:locale\" content=\"es_ES\" \/>\n<meta property=\"og:type\" content=\"article\" \/>\n<meta property=\"og:title\" content=\"Diamante: inter\u00e9s legislativo para el Frente Cultural &quot;La Barranca&quot; - Informe Litoral\" \/>\n<meta property=\"og:description\" content=\"Mediante un proyecto presentado por el diputado Jorge Monge (UCR-Diamante), la C&aacute;mara de Diputados de la Provincia declar&oacute; de inter&eacute;s legislativo, a las actividades desarrolladas por el Frente Cultural &ldquo;La Barranca&rdquo;. &nbsp;&nbsp;El pasado martes 21 de mayo la C&aacute;mara de Diputados de la provincia aprob&oacute; un proyecto presentado por Monge, en el cual solicitaba el [&hellip;]\" \/>\n<meta property=\"og:url\" content=\"https:\/\/informelitoral.com.ar\/diamante-interes-legislativo-para-el-frente-cultural-la-barranca\/\" \/>\n<meta property=\"og:site_name\" content=\"Informe Litoral\" \/>\n<meta property=\"article:publisher\" content=\"https:\/\/www.facebook.com\/informelitoral\/\" \/>\n<meta property=\"article:published_time\" content=\"2013-05-23T04:12:12+00:00\" \/>\n<meta property=\"article:modified_time\" content=\"2013-05-23T04:14:40+00:00\" \/>\n<meta property=\"og:image\" content=\"https:\/\/informelitoral.com.ar\/%77%70%2d%63%6f%6e%74%65%6e%74\/uploads\/2013\/05\/50_Diputados-Monge.jpg\" \/>\n\t<meta property=\"og:image:width\" content=\"1457\" \/>\n\t<meta property=\"og:image:height\" content=\"1457\" \/>\n\t<meta property=\"og:image:type\" content=\"image\/jpeg\" \/>\n<meta name=\"author\" content=\"Gonzalo Schmidt\" \/>\n<meta name=\"twitter:card\" content=\"summary_large_image\" \/>\n<meta name=\"twitter:creator\" content=\"@InformeLitoral\" \/>\n<meta name=\"twitter:site\" content=\"@InformeLitoral\" \/>\n<meta name=\"twitter:label1\" content=\"Escrito por\" \/>\n\t<meta name=\"twitter:data1\" content=\"Gonzalo Schmidt\" \/>\n\t<meta name=\"twitter:label2\" content=\"Tiempo de lectura\" \/>\n\t<meta name=\"twitter:data2\" content=\"1 minuto\" \/>\n<script type=\"application\/ld+json\" class=\"yoast-schema-graph\">{\"@context\":\"https:\\\/\\\/schema.org\",\"@graph\":[{\"@type\":\"Article\",\"@id\":\"https:\\\/\\\/informelitoral.com.ar\\\/diamante-interes-legislativo-para-el-frente-cultural-la-barranca\\\/#article\",\"isPartOf\":{\"@id\":\"https:\\\/\\\/informelitoral.com.ar\\\/diamante-interes-legislativo-para-el-frente-cultural-la-barranca\\\/\"},\"author\":{\"name\":\"Gonzalo Schmidt\",\"@id\":\"https:\\\/\\\/informelitoral.com.ar\\\/#\\\/schema\\\/person\\\/b9d00407c836482871ef1d57bf8e3180\"},\"headline\":\"Diamante: inter\u00e9s legislativo para el Frente Cultural \u00abLa Barranca\u00bb\",\"datePublished\":\"2013-05-23T04:12:12+00:00\",\"dateModified\":\"2013-05-23T04:14:40+00:00\",\"mainEntityOfPage\":{\"@id\":\"https:\\\/\\\/informelitoral.com.ar\\\/diamante-interes-legislativo-para-el-frente-cultural-la-barranca\\\/\"},\"wordCount\":284,\"commentCount\":0,\"publisher\":{\"@id\":\"https:\\\/\\\/informelitoral.com.ar\\\/#organization\"},\"image\":{\"@id\":\"https:\\\/\\\/informelitoral.com.ar\\\/diamante-interes-legislativo-para-el-frente-cultural-la-barranca\\\/#primaryimage\"},\"thumbnailUrl\":\"http:\\\/\\\/www.isletasnoticias.com.ar\\\/%77%70%2d%63%6f%6e%74%65%6e%74\\\/uploads\\\/2013\\\/05\\\/50_Diputados-Monge-300x300.jpg\",\"articleSection\":[\"Departamento Diamante\",\"Entre R\u00edos\",\"Politica\"],\"inLanguage\":\"es\",\"potentialAction\":[{\"@type\":\"CommentAction\",\"name\":\"Comment\",\"target\":[\"https:\\\/\\\/informelitoral.com.ar\\\/diamante-interes-legislativo-para-el-frente-cultural-la-barranca\\\/#respond\"]}]},{\"@type\":\"WebPage\",\"@id\":\"https:\\\/\\\/informelitoral.com.ar\\\/diamante-interes-legislativo-para-el-frente-cultural-la-barranca\\\/\",\"url\":\"https:\\\/\\\/informelitoral.com.ar\\\/diamante-interes-legislativo-para-el-frente-cultural-la-barranca\\\/\",\"name\":\"Diamante: inter\u00e9s legislativo para el Frente Cultural \\\"La Barranca\\\" - Informe Litoral\",\"isPartOf\":{\"@id\":\"https:\\\/\\\/informelitoral.com.ar\\\/#website\"},\"primaryImageOfPage\":{\"@id\":\"https:\\\/\\\/informelitoral.com.ar\\\/diamante-interes-legislativo-para-el-frente-cultural-la-barranca\\\/#primaryimage\"},\"image\":{\"@id\":\"https:\\\/\\\/informelitoral.com.ar\\\/diamante-interes-legislativo-para-el-frente-cultural-la-barranca\\\/#primaryimage\"},\"thumbnailUrl\":\"http:\\\/\\\/www.isletasnoticias.com.ar\\\/%77%70%2d%63%6f%6e%74%65%6e%74\\\/uploads\\\/2013\\\/05\\\/50_Diputados-Monge-300x300.jpg\",\"datePublished\":\"2013-05-23T04:12:12+00:00\",\"dateModified\":\"2013-05-23T04:14:40+00:00\",\"breadcrumb\":{\"@id\":\"https:\\\/\\\/informelitoral.com.ar\\\/diamante-interes-legislativo-para-el-frente-cultural-la-barranca\\\/#breadcrumb\"},\"inLanguage\":\"es\",\"potentialAction\":[{\"@type\":\"ReadAction\",\"target\":[\"https:\\\/\\\/informelitoral.com.ar\\\/diamante-interes-legislativo-para-el-frente-cultural-la-barranca\\\/\"]}]},{\"@type\":\"ImageObject\",\"inLanguage\":\"es\",\"@id\":\"https:\\\/\\\/informelitoral.com.ar\\\/diamante-interes-legislativo-para-el-frente-cultural-la-barranca\\\/#primaryimage\",\"url\":\"http:\\\/\\\/www.isletasnoticias.com.ar\\\/%77%70%2d%63%6f%6e%74%65%6e%74\\\/uploads\\\/2013\\\/05\\\/50_Diputados-Monge-300x300.jpg\",\"contentUrl\":\"http:\\\/\\\/www.isletasnoticias.com.ar\\\/%77%70%2d%63%6f%6e%74%65%6e%74\\\/uploads\\\/2013\\\/05\\\/50_Diputados-Monge-300x300.jpg\"},{\"@type\":\"BreadcrumbList\",\"@id\":\"https:\\\/\\\/informelitoral.com.ar\\\/diamante-interes-legislativo-para-el-frente-cultural-la-barranca\\\/#breadcrumb\",\"itemListElement\":[{\"@type\":\"ListItem\",\"position\":1,\"name\":\"Portada\",\"item\":\"https:\\\/\\\/informelitoral.com.ar\\\/\"},{\"@type\":\"ListItem\",\"position\":2,\"name\":\"Diamante: inter\u00e9s legislativo para el Frente Cultural \u00abLa Barranca\u00bb\"}]},{\"@type\":\"WebSite\",\"@id\":\"https:\\\/\\\/informelitoral.com.ar\\\/#website\",\"url\":\"https:\\\/\\\/informelitoral.com.ar\\\/\",\"name\":\"Informe Litoral\",\"description\":\"&quot;Nos informamos&quot; \",\"publisher\":{\"@id\":\"https:\\\/\\\/informelitoral.com.ar\\\/#organization\"},\"potentialAction\":[{\"@type\":\"SearchAction\",\"target\":{\"@type\":\"EntryPoint\",\"urlTemplate\":\"https:\\\/\\\/informelitoral.com.ar\\\/?s={search_term_string}\"},\"query-input\":{\"@type\":\"PropertyValueSpecification\",\"valueRequired\":true,\"valueName\":\"search_term_string\"}}],\"inLanguage\":\"es\"},{\"@type\":\"Organization\",\"@id\":\"https:\\\/\\\/informelitoral.com.ar\\\/#organization\",\"name\":\"Informe Litoral\",\"url\":\"https:\\\/\\\/informelitoral.com.ar\\\/\",\"logo\":{\"@type\":\"ImageObject\",\"inLanguage\":\"es\",\"@id\":\"https:\\\/\\\/informelitoral.com.ar\\\/#\\\/schema\\\/logo\\\/image\\\/\",\"url\":\"https:\\\/\\\/informelitoral.com.ar\\\/%77%70%2d%63%6f%6e%74%65%6e%74\\\/uploads\\\/2021\\\/01\\\/circulo.png\",\"contentUrl\":\"https:\\\/\\\/informelitoral.com.ar\\\/%77%70%2d%63%6f%6e%74%65%6e%74\\\/uploads\\\/2021\\\/01\\\/circulo.png\",\"width\":723,\"height\":731,\"caption\":\"Informe Litoral\"},\"image\":{\"@id\":\"https:\\\/\\\/informelitoral.com.ar\\\/#\\\/schema\\\/logo\\\/image\\\/\"},\"sameAs\":[\"https:\\\/\\\/www.facebook.com\\\/informelitoral\\\/\",\"https:\\\/\\\/x.com\\\/InformeLitoral\",\"https:\\\/\\\/www.instagram.com\\\/informelitoral\\\/\",\"https:\\\/\\\/www.youtube.com\\\/channel\\\/UCua4Qvz8Icb6MYqhoq9xLXw\"]},{\"@type\":\"Person\",\"@id\":\"https:\\\/\\\/informelitoral.com.ar\\\/#\\\/schema\\\/person\\\/b9d00407c836482871ef1d57bf8e3180\",\"name\":\"Gonzalo Schmidt\",\"image\":{\"@type\":\"ImageObject\",\"inLanguage\":\"es\",\"@id\":\"https:\\\/\\\/secure.gravatar.com\\\/avatar\\\/31a1a7b66ff2de83bd0e9fd79d026630d2d99e55e8bfe501287647b4fd9743de?s=96&d=mm&r=g\",\"url\":\"https:\\\/\\\/secure.gravatar.com\\\/avatar\\\/31a1a7b66ff2de83bd0e9fd79d026630d2d99e55e8bfe501287647b4fd9743de?s=96&d=mm&r=g\",\"contentUrl\":\"https:\\\/\\\/secure.gravatar.com\\\/avatar\\\/31a1a7b66ff2de83bd0e9fd79d026630d2d99e55e8bfe501287647b4fd9743de?s=96&d=mm&r=g\",\"caption\":\"Gonzalo Schmidt\"},\"description\":\"Sitio web de noticias de la provincia de Entre R\u00edos, Argentina. Informaci\u00f3n y entretenimiento. Informe Litoral, nos informamos.\",\"sameAs\":[\"http:\\\/\\\/www.isletasnoticias.com.ar\"],\"url\":\"https:\\\/\\\/informelitoral.com.ar\\\/author\\\/gonzalo\\\/\"}]}<\/script>","yoast_head_json":{"title":"Diamante: inter\u00e9s legislativo para el Frente Cultural \"La Barranca\" - Informe Litoral","robots":{"index":"index","follow":"follow","max-snippet":"max-snippet:-1","max-image-preview":"max-image-preview:large","max-video-preview":"max-video-preview:-1"},"canonical":"https:\/\/informelitoral.com.ar\/diamante-interes-legislativo-para-el-frente-cultural-la-barranca\/","og_locale":"es_ES","og_type":"article","og_title":"Diamante: inter\u00e9s legislativo para el Frente Cultural \"La Barranca\" - Informe Litoral","og_description":"Mediante un proyecto presentado por el diputado Jorge Monge (UCR-Diamante), la C&aacute;mara de Diputados de la Provincia declar&oacute; de inter&eacute;s legislativo, a las actividades desarrolladas por el Frente Cultural &ldquo;La Barranca&rdquo;. &nbsp;&nbsp;El pasado martes 21 de mayo la C&aacute;mara de Diputados de la provincia aprob&oacute; un proyecto presentado por Monge, en el cual solicitaba el [&hellip;]","og_url":"https:\/\/informelitoral.com.ar\/diamante-interes-legislativo-para-el-frente-cultural-la-barranca\/","og_site_name":"Informe Litoral","article_publisher":"https:\/\/www.facebook.com\/informelitoral\/","article_published_time":"2013-05-23T04:12:12+00:00","article_modified_time":"2013-05-23T04:14:40+00:00","og_image":[{"width":1457,"height":1457,"url":"https:\/\/informelitoral.com.ar\/%77%70%2d%63%6f%6e%74%65%6e%74\/uploads\/2013\/05\/50_Diputados-Monge.jpg","type":"image\/jpeg"}],"author":"Gonzalo Schmidt","twitter_card":"summary_large_image","twitter_creator":"@InformeLitoral","twitter_site":"@InformeLitoral","twitter_misc":{"Escrito por":"Gonzalo Schmidt","Tiempo de lectura":"1 minuto"},"schema":{"@context":"https:\/\/schema.org","@graph":[{"@type":"Article","@id":"https:\/\/informelitoral.com.ar\/diamante-interes-legislativo-para-el-frente-cultural-la-barranca\/#article","isPartOf":{"@id":"https:\/\/informelitoral.com.ar\/diamante-interes-legislativo-para-el-frente-cultural-la-barranca\/"},"author":{"name":"Gonzalo Schmidt","@id":"https:\/\/informelitoral.com.ar\/#\/schema\/person\/b9d00407c836482871ef1d57bf8e3180"},"headline":"Diamante: inter\u00e9s legislativo para el Frente Cultural \u00abLa Barranca\u00bb","datePublished":"2013-05-23T04:12:12+00:00","dateModified":"2013-05-23T04:14:40+00:00","mainEntityOfPage":{"@id":"https:\/\/informelitoral.com.ar\/diamante-interes-legislativo-para-el-frente-cultural-la-barranca\/"},"wordCount":284,"commentCount":0,"publisher":{"@id":"https:\/\/informelitoral.com.ar\/#organization"},"image":{"@id":"https:\/\/informelitoral.com.ar\/diamante-interes-legislativo-para-el-frente-cultural-la-barranca\/#primaryimage"},"thumbnailUrl":"http:\/\/www.isletasnoticias.com.ar\/%77%70%2d%63%6f%6e%74%65%6e%74\/uploads\/2013\/05\/50_Diputados-Monge-300x300.jpg","articleSection":["Departamento Diamante","Entre R\u00edos","Politica"],"inLanguage":"es","potentialAction":[{"@type":"CommentAction","name":"Comment","target":["https:\/\/informelitoral.com.ar\/diamante-interes-legislativo-para-el-frente-cultural-la-barranca\/#respond"]}]},{"@type":"WebPage","@id":"https:\/\/informelitoral.com.ar\/diamante-interes-legislativo-para-el-frente-cultural-la-barranca\/","url":"https:\/\/informelitoral.com.ar\/diamante-interes-legislativo-para-el-frente-cultural-la-barranca\/","name":"Diamante: inter\u00e9s legislativo para el Frente Cultural \"La Barranca\" - Informe Litoral","isPartOf":{"@id":"https:\/\/informelitoral.com.ar\/#website"},"primaryImageOfPage":{"@id":"https:\/\/informelitoral.com.ar\/diamante-interes-legislativo-para-el-frente-cultural-la-barranca\/#primaryimage"},"image":{"@id":"https:\/\/informelitoral.com.ar\/diamante-interes-legislativo-para-el-frente-cultural-la-barranca\/#primaryimage"},"thumbnailUrl":"http:\/\/www.isletasnoticias.com.ar\/%77%70%2d%63%6f%6e%74%65%6e%74\/uploads\/2013\/05\/50_Diputados-Monge-300x300.jpg","datePublished":"2013-05-23T04:12:12+00:00","dateModified":"2013-05-23T04:14:40+00:00","breadcrumb":{"@id":"https:\/\/informelitoral.com.ar\/diamante-interes-legislativo-para-el-frente-cultural-la-barranca\/#breadcrumb"},"inLanguage":"es","potentialAction":[{"@type":"ReadAction","target":["https:\/\/informelitoral.com.ar\/diamante-interes-legislativo-para-el-frente-cultural-la-barranca\/"]}]},{"@type":"ImageObject","inLanguage":"es","@id":"https:\/\/informelitoral.com.ar\/diamante-interes-legislativo-para-el-frente-cultural-la-barranca\/#primaryimage","url":"http:\/\/www.isletasnoticias.com.ar\/%77%70%2d%63%6f%6e%74%65%6e%74\/uploads\/2013\/05\/50_Diputados-Monge-300x300.jpg","contentUrl":"http:\/\/www.isletasnoticias.com.ar\/%77%70%2d%63%6f%6e%74%65%6e%74\/uploads\/2013\/05\/50_Diputados-Monge-300x300.jpg"},{"@type":"BreadcrumbList","@id":"https:\/\/informelitoral.com.ar\/diamante-interes-legislativo-para-el-frente-cultural-la-barranca\/#breadcrumb","itemListElement":[{"@type":"ListItem","position":1,"name":"Portada","item":"https:\/\/informelitoral.com.ar\/"},{"@type":"ListItem","position":2,"name":"Diamante: inter\u00e9s legislativo para el Frente Cultural \u00abLa Barranca\u00bb"}]},{"@type":"WebSite","@id":"https:\/\/informelitoral.com.ar\/#website","url":"https:\/\/informelitoral.com.ar\/","name":"Informe Litoral","description":"&quot;Nos informamos&quot; ","publisher":{"@id":"https:\/\/informelitoral.com.ar\/#organization"},"potentialAction":[{"@type":"SearchAction","target":{"@type":"EntryPoint","urlTemplate":"https:\/\/informelitoral.com.ar\/?s={search_term_string}"},"query-input":{"@type":"PropertyValueSpecification","valueRequired":true,"valueName":"search_term_string"}}],"inLanguage":"es"},{"@type":"Organization","@id":"https:\/\/informelitoral.com.ar\/#organization","name":"Informe Litoral","url":"https:\/\/informelitoral.com.ar\/","logo":{"@type":"ImageObject","inLanguage":"es","@id":"https:\/\/informelitoral.com.ar\/#\/schema\/logo\/image\/","url":"https:\/\/informelitoral.com.ar\/%77%70%2d%63%6f%6e%74%65%6e%74\/uploads\/2021\/01\/circulo.png","contentUrl":"https:\/\/informelitoral.com.ar\/%77%70%2d%63%6f%6e%74%65%6e%74\/uploads\/2021\/01\/circulo.png","width":723,"height":731,"caption":"Informe Litoral"},"image":{"@id":"https:\/\/informelitoral.com.ar\/#\/schema\/logo\/image\/"},"sameAs":["https:\/\/www.facebook.com\/informelitoral\/","https:\/\/x.com\/InformeLitoral","https:\/\/www.instagram.com\/informelitoral\/","https:\/\/www.youtube.com\/channel\/UCua4Qvz8Icb6MYqhoq9xLXw"]},{"@type":"Person","@id":"https:\/\/informelitoral.com.ar\/#\/schema\/person\/b9d00407c836482871ef1d57bf8e3180","name":"Gonzalo Schmidt","image":{"@type":"ImageObject","inLanguage":"es","@id":"https:\/\/secure.gravatar.com\/avatar\/31a1a7b66ff2de83bd0e9fd79d026630d2d99e55e8bfe501287647b4fd9743de?s=96&d=mm&r=g","url":"https:\/\/secure.gravatar.com\/avatar\/31a1a7b66ff2de83bd0e9fd79d026630d2d99e55e8bfe501287647b4fd9743de?s=96&d=mm&r=g","contentUrl":"https:\/\/secure.gravatar.com\/avatar\/31a1a7b66ff2de83bd0e9fd79d026630d2d99e55e8bfe501287647b4fd9743de?s=96&d=mm&r=g","caption":"Gonzalo Schmidt"},"description":"Sitio web de noticias de la provincia de Entre R\u00edos, Argentina. Informaci\u00f3n y entretenimiento. Informe Litoral, nos informamos.","sameAs":["http:\/\/www.isletasnoticias.com.ar"],"url":"https:\/\/informelitoral.com.ar\/author\/gonzalo\/"}]}},"_links":{"self":[{"href":"https:\/\/informelitoral.com.ar\/%77%70%2d%6a%73%6f%6e\/wp\/v2\/posts\/1868","targetHints":{"allow":["GET"]}}],"collection":[{"href":"https:\/\/informelitoral.com.ar\/%77%70%2d%6a%73%6f%6e\/wp\/v2\/posts"}],"about":[{"href":"https:\/\/informelitoral.com.ar\/%77%70%2d%6a%73%6f%6e\/wp\/v2\/types\/post"}],"author":[{"embeddable":true,"href":"https:\/\/informelitoral.com.ar\/%77%70%2d%6a%73%6f%6e\/wp\/v2\/users\/2"}],"replies":[{"embeddable":true,"href":"https:\/\/informelitoral.com.ar\/%77%70%2d%6a%73%6f%6e\/wp\/v2\/comments?post=1868"}],"version-history":[{"count":0,"href":"https:\/\/informelitoral.com.ar\/%77%70%2d%6a%73%6f%6e\/wp\/v2\/posts\/1868\/revisions"}],"wp:attachment":[{"href":"https:\/\/informelitoral.com.ar\/%77%70%2d%6a%73%6f%6e\/wp\/v2\/media?parent=1868"}],"wp:term":[{"taxonomy":"category","embeddable":true,"href":"https:\/\/informelitoral.com.ar\/%77%70%2d%6a%73%6f%6e\/wp\/v2\/categories?post=1868"},{"taxonomy":"post_tag","embeddable":true,"href":"https:\/\/informelitoral.com.ar\/%77%70%2d%6a%73%6f%6e\/wp\/v2\/tags?post=1868"}],"curies":[{"name":"wp","href":"https:\/\/api.w.org\/{rel}","templated":true}]}}