{"id":186171,"date":"2024-05-08T08:19:49","date_gmt":"2024-05-08T11:19:49","guid":{"rendered":"https:\/\/www.informelitoral.com.ar\/?p=186171"},"modified":"2024-05-08T08:19:49","modified_gmt":"2024-05-08T11:19:49","slug":"registran-fuerte-crecimiento-de-importaciones-de-yerba-desde-brasil-y-paraguay","status":"publish","type":"post","link":"https:\/\/informelitoral.com.ar\/registran-fuerte-crecimiento-de-importaciones-de-yerba-desde-brasil-y-paraguay\/","title":{"rendered":"Registran fuerte crecimiento de importaciones de yerba desde Brasil y Paraguay"},"content":{"rendered":"<p>Tras la apertura de las importaciones, que facilit\u00f3 un r\u00e1pido acceso a las divisas y elimin\u00f3 la retenci\u00f3n de Ganancias, las compras de yerba mate a Brasil y, especialmente, a Paraguay, experimentaron un notable aumento en los primeros tres meses del a\u00f1o.<\/p>\n<p>Seg\u00fan datos del Indec, las importaciones de yerba alcanzaron los 3,83 millones de kilos, lo que representa casi un 30% m\u00e1s que los 3 millones de kilos importados en el mismo per\u00edodo del a\u00f1o 2020.<\/p>\n<p>Es importante recordar que el a\u00f1o 2020 fue r\u00e9cord en importaciones, llegando a un total de 30 millones de kilos, equivalente al 10% de la producci\u00f3n nacional de yerba mate. Este fen\u00f3meno se debi\u00f3, en parte, a la brecha cambiaria que se viv\u00eda en ese momento.<\/p>\n<p>Otro dato relevante es que las importaciones est\u00e1n aumentando mes a mes, ya que se vuelven m\u00e1s econ\u00f3micas con un tipo de cambio relativamente estable.<\/p>\n<p><em><strong>Te puede interesar:\u00a0<a href=\"https:\/\/www.informelitoral.com.ar\/paro-del-jueves-9-de-mayo-los-servicios-afectados-en-entre-rios\/\" target=\"_blank\" rel=\"noopener\">Paro del jueves 9 de mayo: los servicios afectados en Entre R\u00edos<\/a><\/strong><\/em><\/p>\n<p>La yerba canchada importada de Brasil o Paraguay se est\u00e1 adquiriendo a precios que rondan entre 1,2 y 1,3 d\u00f3lares por kilo, lo que, al valor oficial (sumando el impuesto PAIS del 17,5%), equivale a aproximadamente 1250 pesos por kilo. En contraste, la yerba canchada proveniente de secaderos o industrias de Misiones y Corrientes se est\u00e1 comercializando a 1800 pesos por kilo.<\/p>\n<p>Las medidas adoptadas por el gobierno nacional para facilitar la importaci\u00f3n de alimentos, como la yerba mate, incluyen el acceso a divisas, un plazo de 30 d\u00edas para la cancelaci\u00f3n en pesos y la adquisici\u00f3n de divisas, exenci\u00f3n del 20% del doble anticipo de IVA y del 6% del anticipo de Ganancias.<\/p>\n<p>Adem\u00e1s, se suma el retraso cambiario, que d\u00eda a d\u00eda hace m\u00e1s atractiva la importaci\u00f3n de cualquier producto del exterior.<\/p>\n","protected":false},"excerpt":{"rendered":"<p>Durante el primer trimestre de 2024, se importaron 3,83 millones de kilos de yerba, mostrando un aumento de casi el 30% en comparaci\u00f3n con el mismo per\u00edodo en 2020, a\u00f1o que se destac\u00f3 por ser hist\u00f3rico en t\u00e9rminos de compras al exterior.<\/p>\n","protected":false},"author":8,"featured_media":74593,"comment_status":"open","ping_status":"open","sticky":false,"template":"","format":"standard","meta":{"fifu_image_url":"","fifu_image_alt":"","footnotes":""},"categories":[1594,7],"tags":[361,31],"class_list":{"0":"post-186171","1":"post","2":"type-post","3":"status-publish","4":"format-standard","5":"has-post-thumbnail","7":"category-economia","8":"category-nacionales","9":"tag-importacion","10":"tag-yerba-mate"},"yoast_head":"<title>Registran fuerte crecimiento de importaciones de yerba desde Brasil y Paraguay - Informe Litoral<\/title>\n<meta name=\"robots\" content=\"index, follow, max-snippet:-1, max-image-preview:large, max-video-preview:-1\" \/>\n<link rel=\"canonical\" href=\"https:\/\/informelitoral.com.ar\/registran-fuerte-crecimiento-de-importaciones-de-yerba-desde-brasil-y-paraguay\/\" \/>\n<meta property=\"og:locale\" content=\"es_ES\" \/>\n<meta property=\"og:type\" content=\"article\" \/>\n<meta property=\"og:title\" content=\"Registran fuerte crecimiento de importaciones de yerba desde Brasil y Paraguay - Informe Litoral\" \/>\n<meta property=\"og:description\" content=\"Durante el primer trimestre de 2024, se importaron 3,83 millones de kilos de yerba, mostrando un aumento de casi el 30% en comparaci\u00f3n con el mismo per\u00edodo en 2020, a\u00f1o que se destac\u00f3 por ser hist\u00f3rico en t\u00e9rminos de compras al exterior.\" \/>\n<meta property=\"og:url\" content=\"https:\/\/informelitoral.com.ar\/registran-fuerte-crecimiento-de-importaciones-de-yerba-desde-brasil-y-paraguay\/\" \/>\n<meta property=\"og:site_name\" content=\"Informe Litoral\" \/>\n<meta property=\"article:publisher\" content=\"https:\/\/www.facebook.com\/informelitoral\/\" \/>\n<meta property=\"article:published_time\" content=\"2024-05-08T11:19:49+00:00\" \/>\n<meta property=\"og:image\" content=\"https:\/\/informelitoral.com.ar\/%77%70%2d%63%6f%6e%74%65%6e%74\/uploads\/2022\/03\/cae-la-cosecha-de-yerba_opt-600x450-1.jpg\" \/>\n\t<meta property=\"og:image:width\" content=\"600\" \/>\n\t<meta property=\"og:image:height\" content=\"450\" \/>\n\t<meta property=\"og:image:type\" content=\"image\/jpeg\" \/>\n<meta name=\"author\" content=\"Sebastian\" \/>\n<meta name=\"twitter:card\" content=\"summary_large_image\" \/>\n<meta name=\"twitter:creator\" content=\"@InformeLitoral\" \/>\n<meta name=\"twitter:site\" content=\"@InformeLitoral\" \/>\n<meta name=\"twitter:label1\" content=\"Escrito por\" \/>\n\t<meta name=\"twitter:data1\" content=\"Sebastian\" \/>\n\t<meta name=\"twitter:label2\" content=\"Tiempo de lectura\" \/>\n\t<meta name=\"twitter:data2\" content=\"2 minutos\" \/>\n<script type=\"application\/ld+json\" class=\"yoast-schema-graph\">{\"@context\":\"https:\\\/\\\/schema.org\",\"@graph\":[{\"@type\":\"Article\",\"@id\":\"https:\\\/\\\/informelitoral.com.ar\\\/registran-fuerte-crecimiento-de-importaciones-de-yerba-desde-brasil-y-paraguay\\\/#article\",\"isPartOf\":{\"@id\":\"https:\\\/\\\/informelitoral.com.ar\\\/registran-fuerte-crecimiento-de-importaciones-de-yerba-desde-brasil-y-paraguay\\\/\"},\"author\":{\"name\":\"Sebastian\",\"@id\":\"https:\\\/\\\/informelitoral.com.ar\\\/#\\\/schema\\\/person\\\/f05f9f461677119578717524b127d6d5\"},\"headline\":\"Registran fuerte crecimiento de importaciones de yerba desde Brasil y Paraguay\",\"datePublished\":\"2024-05-08T11:19:49+00:00\",\"mainEntityOfPage\":{\"@id\":\"https:\\\/\\\/informelitoral.com.ar\\\/registran-fuerte-crecimiento-de-importaciones-de-yerba-desde-brasil-y-paraguay\\\/\"},\"wordCount\":319,\"commentCount\":0,\"publisher\":{\"@id\":\"https:\\\/\\\/informelitoral.com.ar\\\/#organization\"},\"image\":{\"@id\":\"https:\\\/\\\/informelitoral.com.ar\\\/registran-fuerte-crecimiento-de-importaciones-de-yerba-desde-brasil-y-paraguay\\\/#primaryimage\"},\"thumbnailUrl\":\"https:\\\/\\\/informelitoral.com.ar\\\/%77%70%2d%63%6f%6e%74%65%6e%74\\\/uploads\\\/2022\\\/03\\\/cae-la-cosecha-de-yerba_opt-600x450-1.jpg\",\"keywords\":[\"Importaci\u00f3n\",\"Yerba mate\"],\"articleSection\":[\"Econom\u00eda\",\"Nacionales\"],\"inLanguage\":\"es\",\"potentialAction\":[{\"@type\":\"CommentAction\",\"name\":\"Comment\",\"target\":[\"https:\\\/\\\/informelitoral.com.ar\\\/registran-fuerte-crecimiento-de-importaciones-de-yerba-desde-brasil-y-paraguay\\\/#respond\"]}]},{\"@type\":\"WebPage\",\"@id\":\"https:\\\/\\\/informelitoral.com.ar\\\/registran-fuerte-crecimiento-de-importaciones-de-yerba-desde-brasil-y-paraguay\\\/\",\"url\":\"https:\\\/\\\/informelitoral.com.ar\\\/registran-fuerte-crecimiento-de-importaciones-de-yerba-desde-brasil-y-paraguay\\\/\",\"name\":\"Registran fuerte crecimiento de importaciones de yerba desde Brasil y Paraguay - Informe Litoral\",\"isPartOf\":{\"@id\":\"https:\\\/\\\/informelitoral.com.ar\\\/#website\"},\"primaryImageOfPage\":{\"@id\":\"https:\\\/\\\/informelitoral.com.ar\\\/registran-fuerte-crecimiento-de-importaciones-de-yerba-desde-brasil-y-paraguay\\\/#primaryimage\"},\"image\":{\"@id\":\"https:\\\/\\\/informelitoral.com.ar\\\/registran-fuerte-crecimiento-de-importaciones-de-yerba-desde-brasil-y-paraguay\\\/#primaryimage\"},\"thumbnailUrl\":\"https:\\\/\\\/informelitoral.com.ar\\\/%77%70%2d%63%6f%6e%74%65%6e%74\\\/uploads\\\/2022\\\/03\\\/cae-la-cosecha-de-yerba_opt-600x450-1.jpg\",\"datePublished\":\"2024-05-08T11:19:49+00:00\",\"breadcrumb\":{\"@id\":\"https:\\\/\\\/informelitoral.com.ar\\\/registran-fuerte-crecimiento-de-importaciones-de-yerba-desde-brasil-y-paraguay\\\/#breadcrumb\"},\"inLanguage\":\"es\",\"potentialAction\":[{\"@type\":\"ReadAction\",\"target\":[\"https:\\\/\\\/informelitoral.com.ar\\\/registran-fuerte-crecimiento-de-importaciones-de-yerba-desde-brasil-y-paraguay\\\/\"]}]},{\"@type\":\"ImageObject\",\"inLanguage\":\"es\",\"@id\":\"https:\\\/\\\/informelitoral.com.ar\\\/registran-fuerte-crecimiento-de-importaciones-de-yerba-desde-brasil-y-paraguay\\\/#primaryimage\",\"url\":\"https:\\\/\\\/informelitoral.com.ar\\\/%77%70%2d%63%6f%6e%74%65%6e%74\\\/uploads\\\/2022\\\/03\\\/cae-la-cosecha-de-yerba_opt-600x450-1.jpg\",\"contentUrl\":\"https:\\\/\\\/informelitoral.com.ar\\\/%77%70%2d%63%6f%6e%74%65%6e%74\\\/uploads\\\/2022\\\/03\\\/cae-la-cosecha-de-yerba_opt-600x450-1.jpg\",\"width\":600,\"height\":450},{\"@type\":\"BreadcrumbList\",\"@id\":\"https:\\\/\\\/informelitoral.com.ar\\\/registran-fuerte-crecimiento-de-importaciones-de-yerba-desde-brasil-y-paraguay\\\/#breadcrumb\",\"itemListElement\":[{\"@type\":\"ListItem\",\"position\":1,\"name\":\"Portada\",\"item\":\"https:\\\/\\\/informelitoral.com.ar\\\/\"},{\"@type\":\"ListItem\",\"position\":2,\"name\":\"Registran fuerte crecimiento de importaciones de yerba desde Brasil y Paraguay\"}]},{\"@type\":\"WebSite\",\"@id\":\"https:\\\/\\\/informelitoral.com.ar\\\/#website\",\"url\":\"https:\\\/\\\/informelitoral.com.ar\\\/\",\"name\":\"Informe Litoral\",\"description\":\"&quot;Nos informamos&quot; \",\"publisher\":{\"@id\":\"https:\\\/\\\/informelitoral.com.ar\\\/#organization\"},\"potentialAction\":[{\"@type\":\"SearchAction\",\"target\":{\"@type\":\"EntryPoint\",\"urlTemplate\":\"https:\\\/\\\/informelitoral.com.ar\\\/?s={search_term_string}\"},\"query-input\":{\"@type\":\"PropertyValueSpecification\",\"valueRequired\":true,\"valueName\":\"search_term_string\"}}],\"inLanguage\":\"es\"},{\"@type\":\"Organization\",\"@id\":\"https:\\\/\\\/informelitoral.com.ar\\\/#organization\",\"name\":\"Informe Litoral\",\"url\":\"https:\\\/\\\/informelitoral.com.ar\\\/\",\"logo\":{\"@type\":\"ImageObject\",\"inLanguage\":\"es\",\"@id\":\"https:\\\/\\\/informelitoral.com.ar\\\/#\\\/schema\\\/logo\\\/image\\\/\",\"url\":\"https:\\\/\\\/informelitoral.com.ar\\\/%77%70%2d%63%6f%6e%74%65%6e%74\\\/uploads\\\/2021\\\/01\\\/circulo.png\",\"contentUrl\":\"https:\\\/\\\/informelitoral.com.ar\\\/%77%70%2d%63%6f%6e%74%65%6e%74\\\/uploads\\\/2021\\\/01\\\/circulo.png\",\"width\":723,\"height\":731,\"caption\":\"Informe Litoral\"},\"image\":{\"@id\":\"https:\\\/\\\/informelitoral.com.ar\\\/#\\\/schema\\\/logo\\\/image\\\/\"},\"sameAs\":[\"https:\\\/\\\/www.facebook.com\\\/informelitoral\\\/\",\"https:\\\/\\\/x.com\\\/InformeLitoral\",\"https:\\\/\\\/www.instagram.com\\\/informelitoral\\\/\",\"https:\\\/\\\/www.youtube.com\\\/channel\\\/UCua4Qvz8Icb6MYqhoq9xLXw\"]},{\"@type\":\"Person\",\"@id\":\"https:\\\/\\\/informelitoral.com.ar\\\/#\\\/schema\\\/person\\\/f05f9f461677119578717524b127d6d5\",\"name\":\"Sebastian\",\"image\":{\"@type\":\"ImageObject\",\"inLanguage\":\"es\",\"@id\":\"https:\\\/\\\/secure.gravatar.com\\\/avatar\\\/b71bf7481d447dfb9583c7f2798e7cc64de6efb9067b74633ed8c31059a3bd82?s=96&d=mm&r=g\",\"url\":\"https:\\\/\\\/secure.gravatar.com\\\/avatar\\\/b71bf7481d447dfb9583c7f2798e7cc64de6efb9067b74633ed8c31059a3bd82?s=96&d=mm&r=g\",\"contentUrl\":\"https:\\\/\\\/secure.gravatar.com\\\/avatar\\\/b71bf7481d447dfb9583c7f2798e7cc64de6efb9067b74633ed8c31059a3bd82?s=96&d=mm&r=g\",\"caption\":\"Sebastian\"},\"url\":\"https:\\\/\\\/informelitoral.com.ar\\\/author\\\/sebastian\\\/\"}]}<\/script>","yoast_head_json":{"title":"Registran fuerte crecimiento de importaciones de yerba desde Brasil y Paraguay - Informe Litoral","robots":{"index":"index","follow":"follow","max-snippet":"max-snippet:-1","max-image-preview":"max-image-preview:large","max-video-preview":"max-video-preview:-1"},"canonical":"https:\/\/informelitoral.com.ar\/registran-fuerte-crecimiento-de-importaciones-de-yerba-desde-brasil-y-paraguay\/","og_locale":"es_ES","og_type":"article","og_title":"Registran fuerte crecimiento de importaciones de yerba desde Brasil y Paraguay - Informe Litoral","og_description":"Durante el primer trimestre de 2024, se importaron 3,83 millones de kilos de yerba, mostrando un aumento de casi el 30% en comparaci\u00f3n con el mismo per\u00edodo en 2020, a\u00f1o que se destac\u00f3 por ser hist\u00f3rico en t\u00e9rminos de compras al exterior.","og_url":"https:\/\/informelitoral.com.ar\/registran-fuerte-crecimiento-de-importaciones-de-yerba-desde-brasil-y-paraguay\/","og_site_name":"Informe Litoral","article_publisher":"https:\/\/www.facebook.com\/informelitoral\/","article_published_time":"2024-05-08T11:19:49+00:00","og_image":[{"width":600,"height":450,"url":"https:\/\/informelitoral.com.ar\/%77%70%2d%63%6f%6e%74%65%6e%74\/uploads\/2022\/03\/cae-la-cosecha-de-yerba_opt-600x450-1.jpg","type":"image\/jpeg"}],"author":"Sebastian","twitter_card":"summary_large_image","twitter_creator":"@InformeLitoral","twitter_site":"@InformeLitoral","twitter_misc":{"Escrito por":"Sebastian","Tiempo de lectura":"2 minutos"},"schema":{"@context":"https:\/\/schema.org","@graph":[{"@type":"Article","@id":"https:\/\/informelitoral.com.ar\/registran-fuerte-crecimiento-de-importaciones-de-yerba-desde-brasil-y-paraguay\/#article","isPartOf":{"@id":"https:\/\/informelitoral.com.ar\/registran-fuerte-crecimiento-de-importaciones-de-yerba-desde-brasil-y-paraguay\/"},"author":{"name":"Sebastian","@id":"https:\/\/informelitoral.com.ar\/#\/schema\/person\/f05f9f461677119578717524b127d6d5"},"headline":"Registran fuerte crecimiento de importaciones de yerba desde Brasil y Paraguay","datePublished":"2024-05-08T11:19:49+00:00","mainEntityOfPage":{"@id":"https:\/\/informelitoral.com.ar\/registran-fuerte-crecimiento-de-importaciones-de-yerba-desde-brasil-y-paraguay\/"},"wordCount":319,"commentCount":0,"publisher":{"@id":"https:\/\/informelitoral.com.ar\/#organization"},"image":{"@id":"https:\/\/informelitoral.com.ar\/registran-fuerte-crecimiento-de-importaciones-de-yerba-desde-brasil-y-paraguay\/#primaryimage"},"thumbnailUrl":"https:\/\/informelitoral.com.ar\/%77%70%2d%63%6f%6e%74%65%6e%74\/uploads\/2022\/03\/cae-la-cosecha-de-yerba_opt-600x450-1.jpg","keywords":["Importaci\u00f3n","Yerba mate"],"articleSection":["Econom\u00eda","Nacionales"],"inLanguage":"es","potentialAction":[{"@type":"CommentAction","name":"Comment","target":["https:\/\/informelitoral.com.ar\/registran-fuerte-crecimiento-de-importaciones-de-yerba-desde-brasil-y-paraguay\/#respond"]}]},{"@type":"WebPage","@id":"https:\/\/informelitoral.com.ar\/registran-fuerte-crecimiento-de-importaciones-de-yerba-desde-brasil-y-paraguay\/","url":"https:\/\/informelitoral.com.ar\/registran-fuerte-crecimiento-de-importaciones-de-yerba-desde-brasil-y-paraguay\/","name":"Registran fuerte crecimiento de importaciones de yerba desde Brasil y Paraguay - Informe Litoral","isPartOf":{"@id":"https:\/\/informelitoral.com.ar\/#website"},"primaryImageOfPage":{"@id":"https:\/\/informelitoral.com.ar\/registran-fuerte-crecimiento-de-importaciones-de-yerba-desde-brasil-y-paraguay\/#primaryimage"},"image":{"@id":"https:\/\/informelitoral.com.ar\/registran-fuerte-crecimiento-de-importaciones-de-yerba-desde-brasil-y-paraguay\/#primaryimage"},"thumbnailUrl":"https:\/\/informelitoral.com.ar\/%77%70%2d%63%6f%6e%74%65%6e%74\/uploads\/2022\/03\/cae-la-cosecha-de-yerba_opt-600x450-1.jpg","datePublished":"2024-05-08T11:19:49+00:00","breadcrumb":{"@id":"https:\/\/informelitoral.com.ar\/registran-fuerte-crecimiento-de-importaciones-de-yerba-desde-brasil-y-paraguay\/#breadcrumb"},"inLanguage":"es","potentialAction":[{"@type":"ReadAction","target":["https:\/\/informelitoral.com.ar\/registran-fuerte-crecimiento-de-importaciones-de-yerba-desde-brasil-y-paraguay\/"]}]},{"@type":"ImageObject","inLanguage":"es","@id":"https:\/\/informelitoral.com.ar\/registran-fuerte-crecimiento-de-importaciones-de-yerba-desde-brasil-y-paraguay\/#primaryimage","url":"https:\/\/informelitoral.com.ar\/%77%70%2d%63%6f%6e%74%65%6e%74\/uploads\/2022\/03\/cae-la-cosecha-de-yerba_opt-600x450-1.jpg","contentUrl":"https:\/\/informelitoral.com.ar\/%77%70%2d%63%6f%6e%74%65%6e%74\/uploads\/2022\/03\/cae-la-cosecha-de-yerba_opt-600x450-1.jpg","width":600,"height":450},{"@type":"BreadcrumbList","@id":"https:\/\/informelitoral.com.ar\/registran-fuerte-crecimiento-de-importaciones-de-yerba-desde-brasil-y-paraguay\/#breadcrumb","itemListElement":[{"@type":"ListItem","position":1,"name":"Portada","item":"https:\/\/informelitoral.com.ar\/"},{"@type":"ListItem","position":2,"name":"Registran fuerte crecimiento de importaciones de yerba desde Brasil y Paraguay"}]},{"@type":"WebSite","@id":"https:\/\/informelitoral.com.ar\/#website","url":"https:\/\/informelitoral.com.ar\/","name":"Informe Litoral","description":"&quot;Nos informamos&quot; ","publisher":{"@id":"https:\/\/informelitoral.com.ar\/#organization"},"potentialAction":[{"@type":"SearchAction","target":{"@type":"EntryPoint","urlTemplate":"https:\/\/informelitoral.com.ar\/?s={search_term_string}"},"query-input":{"@type":"PropertyValueSpecification","valueRequired":true,"valueName":"search_term_string"}}],"inLanguage":"es"},{"@type":"Organization","@id":"https:\/\/informelitoral.com.ar\/#organization","name":"Informe Litoral","url":"https:\/\/informelitoral.com.ar\/","logo":{"@type":"ImageObject","inLanguage":"es","@id":"https:\/\/informelitoral.com.ar\/#\/schema\/logo\/image\/","url":"https:\/\/informelitoral.com.ar\/%77%70%2d%63%6f%6e%74%65%6e%74\/uploads\/2021\/01\/circulo.png","contentUrl":"https:\/\/informelitoral.com.ar\/%77%70%2d%63%6f%6e%74%65%6e%74\/uploads\/2021\/01\/circulo.png","width":723,"height":731,"caption":"Informe Litoral"},"image":{"@id":"https:\/\/informelitoral.com.ar\/#\/schema\/logo\/image\/"},"sameAs":["https:\/\/www.facebook.com\/informelitoral\/","https:\/\/x.com\/InformeLitoral","https:\/\/www.instagram.com\/informelitoral\/","https:\/\/www.youtube.com\/channel\/UCua4Qvz8Icb6MYqhoq9xLXw"]},{"@type":"Person","@id":"https:\/\/informelitoral.com.ar\/#\/schema\/person\/f05f9f461677119578717524b127d6d5","name":"Sebastian","image":{"@type":"ImageObject","inLanguage":"es","@id":"https:\/\/secure.gravatar.com\/avatar\/b71bf7481d447dfb9583c7f2798e7cc64de6efb9067b74633ed8c31059a3bd82?s=96&d=mm&r=g","url":"https:\/\/secure.gravatar.com\/avatar\/b71bf7481d447dfb9583c7f2798e7cc64de6efb9067b74633ed8c31059a3bd82?s=96&d=mm&r=g","contentUrl":"https:\/\/secure.gravatar.com\/avatar\/b71bf7481d447dfb9583c7f2798e7cc64de6efb9067b74633ed8c31059a3bd82?s=96&d=mm&r=g","caption":"Sebastian"},"url":"https:\/\/informelitoral.com.ar\/author\/sebastian\/"}]}},"_links":{"self":[{"href":"https:\/\/informelitoral.com.ar\/%77%70%2d%6a%73%6f%6e\/wp\/v2\/posts\/186171","targetHints":{"allow":["GET"]}}],"collection":[{"href":"https:\/\/informelitoral.com.ar\/%77%70%2d%6a%73%6f%6e\/wp\/v2\/posts"}],"about":[{"href":"https:\/\/informelitoral.com.ar\/%77%70%2d%6a%73%6f%6e\/wp\/v2\/types\/post"}],"author":[{"embeddable":true,"href":"https:\/\/informelitoral.com.ar\/%77%70%2d%6a%73%6f%6e\/wp\/v2\/users\/8"}],"replies":[{"embeddable":true,"href":"https:\/\/informelitoral.com.ar\/%77%70%2d%6a%73%6f%6e\/wp\/v2\/comments?post=186171"}],"version-history":[{"count":0,"href":"https:\/\/informelitoral.com.ar\/%77%70%2d%6a%73%6f%6e\/wp\/v2\/posts\/186171\/revisions"}],"wp:featuredmedia":[{"embeddable":true,"href":"https:\/\/informelitoral.com.ar\/%77%70%2d%6a%73%6f%6e\/wp\/v2\/media\/74593"}],"wp:attachment":[{"href":"https:\/\/informelitoral.com.ar\/%77%70%2d%6a%73%6f%6e\/wp\/v2\/media?parent=186171"}],"wp:term":[{"taxonomy":"category","embeddable":true,"href":"https:\/\/informelitoral.com.ar\/%77%70%2d%6a%73%6f%6e\/wp\/v2\/categories?post=186171"},{"taxonomy":"post_tag","embeddable":true,"href":"https:\/\/informelitoral.com.ar\/%77%70%2d%6a%73%6f%6e\/wp\/v2\/tags?post=186171"}],"curies":[{"name":"wp","href":"https:\/\/api.w.org\/{rel}","templated":true}]}}