{"id":186166,"date":"2024-05-08T08:07:17","date_gmt":"2024-05-08T11:07:17","guid":{"rendered":"https:\/\/www.informelitoral.com.ar\/?p=186166"},"modified":"2024-05-08T08:07:17","modified_gmt":"2024-05-08T11:07:17","slug":"la-humedad-ya-se-va-retirando-bajara-la-temperatura-con-tiempo-mas-seco","status":"publish","type":"post","link":"https:\/\/informelitoral.com.ar\/la-humedad-ya-se-va-retirando-bajara-la-temperatura-con-tiempo-mas-seco\/","title":{"rendered":"La humedad ya se va retirando: Bajar\u00e1 la temperatura con tiempo m\u00e1s seco"},"content":{"rendered":"<p>Los d\u00edas grises, templados y con una humedad, que roza el 100 % y promueve neblinas y lloviznas, ha sido extensivo a toda la regi\u00f3n central de Argentina, y respondi\u00f3 a la presencia de un frente estacionario en la previa al desarrollo de una ciclog\u00e9nesis que est\u00e1 culminando con la formaci\u00f3n de un profundo centro de bajas presiones a nivel superficial al este de la provincia de Buenos Aires, lo que\u00a0<b>da lugar al ingreso de una masa de aire seco y estable, a trav\u00e9s de fuertes vientos que son conocidos en la regi\u00f3n como el Pampero<\/b>, explic\u00f3 el meteor\u00f3logo, Christian Garavaglia.<\/p>\n<p>Durante la madrugada en Paran\u00e1\u00a0<b>se registraban chaparrones<\/b>\u00a0y en algunas zonas de la ciudad reportaron la\u00a0<b>ca\u00edda de granizo, aunque de menor tama\u00f1o<\/b>.<\/p>\n<p><b>Para hoy en Entre R\u00edos se prev\u00e9n fuertes viento del sur<\/b>\u00a0que podr\u00edan superar los 50 kil\u00f3metros por hora, mientras que la probabilidad de lluvias estar\u00e1 latente durante la ma\u00f1ana.<\/p>\n<p>Se espera un pico de mayor intensidad del viento a lo largo de la tarde, cuando empezar\u00e1 a notarse un\u00a0<b>cambio radical de condiciones, con marcado descenso de humedad y nubosidad<\/b>, y vientos fuertes que ir\u00e1n mermando para la noche y permitir\u00e1n un moderado descenso t\u00e9rmico para el amanecer de\u00a0<b>jueves, con una temperatura m\u00ednima en torno a siete grados<\/b>\u00a0en nuestra provincia, mientras que la m\u00e1xima rondar\u00eda los 16 grados, con cielo mayormente soleado.<\/p>\n<p>Este descenso moderado de temperaturas ser\u00e1 seguido por un\u00a0<b>leve repunte de marcas r\u00e1pidamente para el viernes y el s\u00e1bado<\/b>, en respuesta a la r\u00e1pida rotaci\u00f3n de vientos al noreste y luego este. No obstante, para dichas jornadas se esperan m\u00ednimas de unos 10 grados y las m\u00e1ximas estar\u00e1n por debajo de los 20.<\/p>\n<p><b>Para el domingo se proyecta otro ingreso de frente fr\u00edo<\/b>\u00a0que abrir\u00e1 las puertas a una circulaci\u00f3n marcada de viento sur que ser\u00e1 persistente a lo largo de toda la pr\u00f3xima semana y que generar\u00e1 registros t\u00e9rmicos aun m\u00e1s bajo, dado que rondar\u00edan los 5 grados durante las ma\u00f1anas a partir del lunes venidero.<\/p>\n","protected":false},"excerpt":{"rendered":"<p>Durante la madrugada en Paran\u00e1 se registraban chaparrones y se report\u00f3 ca\u00edda de granizo, aunque de menor tama\u00f1o. Hay alerta por fuertes vientos que traer\u00e1n brusco cambio en las condiciones de tiempo.<\/p>\n","protected":false},"author":8,"featured_media":186167,"comment_status":"open","ping_status":"open","sticky":false,"template":"","format":"standard","meta":{"fifu_image_url":"","fifu_image_alt":"","footnotes":""},"categories":[6],"tags":[113],"class_list":{"0":"post-186166","1":"post","2":"type-post","3":"status-publish","4":"format-standard","5":"has-post-thumbnail","7":"category-entre-rios","8":"tag-smn"},"yoast_head":"<title>La humedad ya se va retirando: Bajar\u00e1 la temperatura con tiempo m\u00e1s seco - Informe Litoral<\/title>\n<meta name=\"robots\" content=\"index, follow, max-snippet:-1, max-image-preview:large, max-video-preview:-1\" \/>\n<link rel=\"canonical\" href=\"https:\/\/informelitoral.com.ar\/la-humedad-ya-se-va-retirando-bajara-la-temperatura-con-tiempo-mas-seco\/\" \/>\n<meta property=\"og:locale\" content=\"es_ES\" \/>\n<meta property=\"og:type\" content=\"article\" \/>\n<meta property=\"og:title\" content=\"La humedad ya se va retirando: Bajar\u00e1 la temperatura con tiempo m\u00e1s seco - Informe Litoral\" \/>\n<meta property=\"og:description\" content=\"Durante la madrugada en Paran\u00e1 se registraban chaparrones y se report\u00f3 ca\u00edda de granizo, aunque de menor tama\u00f1o. Hay alerta por fuertes vientos que traer\u00e1n brusco cambio en las condiciones de tiempo.\" \/>\n<meta property=\"og:url\" content=\"https:\/\/informelitoral.com.ar\/la-humedad-ya-se-va-retirando-bajara-la-temperatura-con-tiempo-mas-seco\/\" \/>\n<meta property=\"og:site_name\" content=\"Informe Litoral\" \/>\n<meta property=\"article:publisher\" content=\"https:\/\/www.facebook.com\/informelitoral\/\" \/>\n<meta property=\"article:published_time\" content=\"2024-05-08T11:07:17+00:00\" \/>\n<meta property=\"og:image\" content=\"https:\/\/informelitoral.com.ar\/%77%70%2d%63%6f%6e%74%65%6e%74\/uploads\/2024\/05\/o_1715154432.jpg\" \/>\n\t<meta property=\"og:image:width\" content=\"800\" \/>\n\t<meta property=\"og:image:height\" content=\"450\" \/>\n\t<meta property=\"og:image:type\" content=\"image\/jpeg\" \/>\n<meta name=\"author\" content=\"Sebastian\" \/>\n<meta name=\"twitter:card\" content=\"summary_large_image\" \/>\n<meta name=\"twitter:creator\" content=\"@InformeLitoral\" \/>\n<meta name=\"twitter:site\" content=\"@InformeLitoral\" \/>\n<meta name=\"twitter:label1\" content=\"Escrito por\" \/>\n\t<meta name=\"twitter:data1\" content=\"Sebastian\" \/>\n\t<meta name=\"twitter:label2\" content=\"Tiempo de lectura\" \/>\n\t<meta name=\"twitter:data2\" content=\"2 minutos\" \/>\n<script type=\"application\/ld+json\" class=\"yoast-schema-graph\">{\"@context\":\"https:\\\/\\\/schema.org\",\"@graph\":[{\"@type\":\"Article\",\"@id\":\"https:\\\/\\\/informelitoral.com.ar\\\/la-humedad-ya-se-va-retirando-bajara-la-temperatura-con-tiempo-mas-seco\\\/#article\",\"isPartOf\":{\"@id\":\"https:\\\/\\\/informelitoral.com.ar\\\/la-humedad-ya-se-va-retirando-bajara-la-temperatura-con-tiempo-mas-seco\\\/\"},\"author\":{\"name\":\"Sebastian\",\"@id\":\"https:\\\/\\\/informelitoral.com.ar\\\/#\\\/schema\\\/person\\\/f05f9f461677119578717524b127d6d5\"},\"headline\":\"La humedad ya se va retirando: Bajar\u00e1 la temperatura con tiempo m\u00e1s seco\",\"datePublished\":\"2024-05-08T11:07:17+00:00\",\"mainEntityOfPage\":{\"@id\":\"https:\\\/\\\/informelitoral.com.ar\\\/la-humedad-ya-se-va-retirando-bajara-la-temperatura-con-tiempo-mas-seco\\\/\"},\"wordCount\":380,\"commentCount\":0,\"publisher\":{\"@id\":\"https:\\\/\\\/informelitoral.com.ar\\\/#organization\"},\"image\":{\"@id\":\"https:\\\/\\\/informelitoral.com.ar\\\/la-humedad-ya-se-va-retirando-bajara-la-temperatura-con-tiempo-mas-seco\\\/#primaryimage\"},\"thumbnailUrl\":\"https:\\\/\\\/informelitoral.com.ar\\\/%77%70%2d%63%6f%6e%74%65%6e%74\\\/uploads\\\/2024\\\/05\\\/o_1715154432.jpg\",\"keywords\":[\"SMN\"],\"articleSection\":[\"Entre R\u00edos\"],\"inLanguage\":\"es\",\"potentialAction\":[{\"@type\":\"CommentAction\",\"name\":\"Comment\",\"target\":[\"https:\\\/\\\/informelitoral.com.ar\\\/la-humedad-ya-se-va-retirando-bajara-la-temperatura-con-tiempo-mas-seco\\\/#respond\"]}]},{\"@type\":\"WebPage\",\"@id\":\"https:\\\/\\\/informelitoral.com.ar\\\/la-humedad-ya-se-va-retirando-bajara-la-temperatura-con-tiempo-mas-seco\\\/\",\"url\":\"https:\\\/\\\/informelitoral.com.ar\\\/la-humedad-ya-se-va-retirando-bajara-la-temperatura-con-tiempo-mas-seco\\\/\",\"name\":\"La humedad ya se va retirando: Bajar\u00e1 la temperatura con tiempo m\u00e1s seco - Informe Litoral\",\"isPartOf\":{\"@id\":\"https:\\\/\\\/informelitoral.com.ar\\\/#website\"},\"primaryImageOfPage\":{\"@id\":\"https:\\\/\\\/informelitoral.com.ar\\\/la-humedad-ya-se-va-retirando-bajara-la-temperatura-con-tiempo-mas-seco\\\/#primaryimage\"},\"image\":{\"@id\":\"https:\\\/\\\/informelitoral.com.ar\\\/la-humedad-ya-se-va-retirando-bajara-la-temperatura-con-tiempo-mas-seco\\\/#primaryimage\"},\"thumbnailUrl\":\"https:\\\/\\\/informelitoral.com.ar\\\/%77%70%2d%63%6f%6e%74%65%6e%74\\\/uploads\\\/2024\\\/05\\\/o_1715154432.jpg\",\"datePublished\":\"2024-05-08T11:07:17+00:00\",\"breadcrumb\":{\"@id\":\"https:\\\/\\\/informelitoral.com.ar\\\/la-humedad-ya-se-va-retirando-bajara-la-temperatura-con-tiempo-mas-seco\\\/#breadcrumb\"},\"inLanguage\":\"es\",\"potentialAction\":[{\"@type\":\"ReadAction\",\"target\":[\"https:\\\/\\\/informelitoral.com.ar\\\/la-humedad-ya-se-va-retirando-bajara-la-temperatura-con-tiempo-mas-seco\\\/\"]}]},{\"@type\":\"ImageObject\",\"inLanguage\":\"es\",\"@id\":\"https:\\\/\\\/informelitoral.com.ar\\\/la-humedad-ya-se-va-retirando-bajara-la-temperatura-con-tiempo-mas-seco\\\/#primaryimage\",\"url\":\"https:\\\/\\\/informelitoral.com.ar\\\/%77%70%2d%63%6f%6e%74%65%6e%74\\\/uploads\\\/2024\\\/05\\\/o_1715154432.jpg\",\"contentUrl\":\"https:\\\/\\\/informelitoral.com.ar\\\/%77%70%2d%63%6f%6e%74%65%6e%74\\\/uploads\\\/2024\\\/05\\\/o_1715154432.jpg\",\"width\":800,\"height\":450},{\"@type\":\"BreadcrumbList\",\"@id\":\"https:\\\/\\\/informelitoral.com.ar\\\/la-humedad-ya-se-va-retirando-bajara-la-temperatura-con-tiempo-mas-seco\\\/#breadcrumb\",\"itemListElement\":[{\"@type\":\"ListItem\",\"position\":1,\"name\":\"Portada\",\"item\":\"https:\\\/\\\/informelitoral.com.ar\\\/\"},{\"@type\":\"ListItem\",\"position\":2,\"name\":\"La humedad ya se va retirando: Bajar\u00e1 la temperatura con tiempo m\u00e1s seco\"}]},{\"@type\":\"WebSite\",\"@id\":\"https:\\\/\\\/informelitoral.com.ar\\\/#website\",\"url\":\"https:\\\/\\\/informelitoral.com.ar\\\/\",\"name\":\"Informe Litoral\",\"description\":\"&quot;Nos informamos&quot; \",\"publisher\":{\"@id\":\"https:\\\/\\\/informelitoral.com.ar\\\/#organization\"},\"potentialAction\":[{\"@type\":\"SearchAction\",\"target\":{\"@type\":\"EntryPoint\",\"urlTemplate\":\"https:\\\/\\\/informelitoral.com.ar\\\/?s={search_term_string}\"},\"query-input\":{\"@type\":\"PropertyValueSpecification\",\"valueRequired\":true,\"valueName\":\"search_term_string\"}}],\"inLanguage\":\"es\"},{\"@type\":\"Organization\",\"@id\":\"https:\\\/\\\/informelitoral.com.ar\\\/#organization\",\"name\":\"Informe Litoral\",\"url\":\"https:\\\/\\\/informelitoral.com.ar\\\/\",\"logo\":{\"@type\":\"ImageObject\",\"inLanguage\":\"es\",\"@id\":\"https:\\\/\\\/informelitoral.com.ar\\\/#\\\/schema\\\/logo\\\/image\\\/\",\"url\":\"https:\\\/\\\/informelitoral.com.ar\\\/%77%70%2d%63%6f%6e%74%65%6e%74\\\/uploads\\\/2021\\\/01\\\/circulo.png\",\"contentUrl\":\"https:\\\/\\\/informelitoral.com.ar\\\/%77%70%2d%63%6f%6e%74%65%6e%74\\\/uploads\\\/2021\\\/01\\\/circulo.png\",\"width\":723,\"height\":731,\"caption\":\"Informe Litoral\"},\"image\":{\"@id\":\"https:\\\/\\\/informelitoral.com.ar\\\/#\\\/schema\\\/logo\\\/image\\\/\"},\"sameAs\":[\"https:\\\/\\\/www.facebook.com\\\/informelitoral\\\/\",\"https:\\\/\\\/x.com\\\/InformeLitoral\",\"https:\\\/\\\/www.instagram.com\\\/informelitoral\\\/\",\"https:\\\/\\\/www.youtube.com\\\/channel\\\/UCua4Qvz8Icb6MYqhoq9xLXw\"]},{\"@type\":\"Person\",\"@id\":\"https:\\\/\\\/informelitoral.com.ar\\\/#\\\/schema\\\/person\\\/f05f9f461677119578717524b127d6d5\",\"name\":\"Sebastian\",\"image\":{\"@type\":\"ImageObject\",\"inLanguage\":\"es\",\"@id\":\"https:\\\/\\\/secure.gravatar.com\\\/avatar\\\/b71bf7481d447dfb9583c7f2798e7cc64de6efb9067b74633ed8c31059a3bd82?s=96&d=mm&r=g\",\"url\":\"https:\\\/\\\/secure.gravatar.com\\\/avatar\\\/b71bf7481d447dfb9583c7f2798e7cc64de6efb9067b74633ed8c31059a3bd82?s=96&d=mm&r=g\",\"contentUrl\":\"https:\\\/\\\/secure.gravatar.com\\\/avatar\\\/b71bf7481d447dfb9583c7f2798e7cc64de6efb9067b74633ed8c31059a3bd82?s=96&d=mm&r=g\",\"caption\":\"Sebastian\"},\"url\":\"https:\\\/\\\/informelitoral.com.ar\\\/author\\\/sebastian\\\/\"}]}<\/script>","yoast_head_json":{"title":"La humedad ya se va retirando: Bajar\u00e1 la temperatura con tiempo m\u00e1s seco - Informe Litoral","robots":{"index":"index","follow":"follow","max-snippet":"max-snippet:-1","max-image-preview":"max-image-preview:large","max-video-preview":"max-video-preview:-1"},"canonical":"https:\/\/informelitoral.com.ar\/la-humedad-ya-se-va-retirando-bajara-la-temperatura-con-tiempo-mas-seco\/","og_locale":"es_ES","og_type":"article","og_title":"La humedad ya se va retirando: Bajar\u00e1 la temperatura con tiempo m\u00e1s seco - Informe Litoral","og_description":"Durante la madrugada en Paran\u00e1 se registraban chaparrones y se report\u00f3 ca\u00edda de granizo, aunque de menor tama\u00f1o. Hay alerta por fuertes vientos que traer\u00e1n brusco cambio en las condiciones de tiempo.","og_url":"https:\/\/informelitoral.com.ar\/la-humedad-ya-se-va-retirando-bajara-la-temperatura-con-tiempo-mas-seco\/","og_site_name":"Informe Litoral","article_publisher":"https:\/\/www.facebook.com\/informelitoral\/","article_published_time":"2024-05-08T11:07:17+00:00","og_image":[{"width":800,"height":450,"url":"https:\/\/informelitoral.com.ar\/%77%70%2d%63%6f%6e%74%65%6e%74\/uploads\/2024\/05\/o_1715154432.jpg","type":"image\/jpeg"}],"author":"Sebastian","twitter_card":"summary_large_image","twitter_creator":"@InformeLitoral","twitter_site":"@InformeLitoral","twitter_misc":{"Escrito por":"Sebastian","Tiempo de lectura":"2 minutos"},"schema":{"@context":"https:\/\/schema.org","@graph":[{"@type":"Article","@id":"https:\/\/informelitoral.com.ar\/la-humedad-ya-se-va-retirando-bajara-la-temperatura-con-tiempo-mas-seco\/#article","isPartOf":{"@id":"https:\/\/informelitoral.com.ar\/la-humedad-ya-se-va-retirando-bajara-la-temperatura-con-tiempo-mas-seco\/"},"author":{"name":"Sebastian","@id":"https:\/\/informelitoral.com.ar\/#\/schema\/person\/f05f9f461677119578717524b127d6d5"},"headline":"La humedad ya se va retirando: Bajar\u00e1 la temperatura con tiempo m\u00e1s seco","datePublished":"2024-05-08T11:07:17+00:00","mainEntityOfPage":{"@id":"https:\/\/informelitoral.com.ar\/la-humedad-ya-se-va-retirando-bajara-la-temperatura-con-tiempo-mas-seco\/"},"wordCount":380,"commentCount":0,"publisher":{"@id":"https:\/\/informelitoral.com.ar\/#organization"},"image":{"@id":"https:\/\/informelitoral.com.ar\/la-humedad-ya-se-va-retirando-bajara-la-temperatura-con-tiempo-mas-seco\/#primaryimage"},"thumbnailUrl":"https:\/\/informelitoral.com.ar\/%77%70%2d%63%6f%6e%74%65%6e%74\/uploads\/2024\/05\/o_1715154432.jpg","keywords":["SMN"],"articleSection":["Entre R\u00edos"],"inLanguage":"es","potentialAction":[{"@type":"CommentAction","name":"Comment","target":["https:\/\/informelitoral.com.ar\/la-humedad-ya-se-va-retirando-bajara-la-temperatura-con-tiempo-mas-seco\/#respond"]}]},{"@type":"WebPage","@id":"https:\/\/informelitoral.com.ar\/la-humedad-ya-se-va-retirando-bajara-la-temperatura-con-tiempo-mas-seco\/","url":"https:\/\/informelitoral.com.ar\/la-humedad-ya-se-va-retirando-bajara-la-temperatura-con-tiempo-mas-seco\/","name":"La humedad ya se va retirando: Bajar\u00e1 la temperatura con tiempo m\u00e1s seco - Informe Litoral","isPartOf":{"@id":"https:\/\/informelitoral.com.ar\/#website"},"primaryImageOfPage":{"@id":"https:\/\/informelitoral.com.ar\/la-humedad-ya-se-va-retirando-bajara-la-temperatura-con-tiempo-mas-seco\/#primaryimage"},"image":{"@id":"https:\/\/informelitoral.com.ar\/la-humedad-ya-se-va-retirando-bajara-la-temperatura-con-tiempo-mas-seco\/#primaryimage"},"thumbnailUrl":"https:\/\/informelitoral.com.ar\/%77%70%2d%63%6f%6e%74%65%6e%74\/uploads\/2024\/05\/o_1715154432.jpg","datePublished":"2024-05-08T11:07:17+00:00","breadcrumb":{"@id":"https:\/\/informelitoral.com.ar\/la-humedad-ya-se-va-retirando-bajara-la-temperatura-con-tiempo-mas-seco\/#breadcrumb"},"inLanguage":"es","potentialAction":[{"@type":"ReadAction","target":["https:\/\/informelitoral.com.ar\/la-humedad-ya-se-va-retirando-bajara-la-temperatura-con-tiempo-mas-seco\/"]}]},{"@type":"ImageObject","inLanguage":"es","@id":"https:\/\/informelitoral.com.ar\/la-humedad-ya-se-va-retirando-bajara-la-temperatura-con-tiempo-mas-seco\/#primaryimage","url":"https:\/\/informelitoral.com.ar\/%77%70%2d%63%6f%6e%74%65%6e%74\/uploads\/2024\/05\/o_1715154432.jpg","contentUrl":"https:\/\/informelitoral.com.ar\/%77%70%2d%63%6f%6e%74%65%6e%74\/uploads\/2024\/05\/o_1715154432.jpg","width":800,"height":450},{"@type":"BreadcrumbList","@id":"https:\/\/informelitoral.com.ar\/la-humedad-ya-se-va-retirando-bajara-la-temperatura-con-tiempo-mas-seco\/#breadcrumb","itemListElement":[{"@type":"ListItem","position":1,"name":"Portada","item":"https:\/\/informelitoral.com.ar\/"},{"@type":"ListItem","position":2,"name":"La humedad ya se va retirando: Bajar\u00e1 la temperatura con tiempo m\u00e1s seco"}]},{"@type":"WebSite","@id":"https:\/\/informelitoral.com.ar\/#website","url":"https:\/\/informelitoral.com.ar\/","name":"Informe Litoral","description":"&quot;Nos informamos&quot; ","publisher":{"@id":"https:\/\/informelitoral.com.ar\/#organization"},"potentialAction":[{"@type":"SearchAction","target":{"@type":"EntryPoint","urlTemplate":"https:\/\/informelitoral.com.ar\/?s={search_term_string}"},"query-input":{"@type":"PropertyValueSpecification","valueRequired":true,"valueName":"search_term_string"}}],"inLanguage":"es"},{"@type":"Organization","@id":"https:\/\/informelitoral.com.ar\/#organization","name":"Informe Litoral","url":"https:\/\/informelitoral.com.ar\/","logo":{"@type":"ImageObject","inLanguage":"es","@id":"https:\/\/informelitoral.com.ar\/#\/schema\/logo\/image\/","url":"https:\/\/informelitoral.com.ar\/%77%70%2d%63%6f%6e%74%65%6e%74\/uploads\/2021\/01\/circulo.png","contentUrl":"https:\/\/informelitoral.com.ar\/%77%70%2d%63%6f%6e%74%65%6e%74\/uploads\/2021\/01\/circulo.png","width":723,"height":731,"caption":"Informe Litoral"},"image":{"@id":"https:\/\/informelitoral.com.ar\/#\/schema\/logo\/image\/"},"sameAs":["https:\/\/www.facebook.com\/informelitoral\/","https:\/\/x.com\/InformeLitoral","https:\/\/www.instagram.com\/informelitoral\/","https:\/\/www.youtube.com\/channel\/UCua4Qvz8Icb6MYqhoq9xLXw"]},{"@type":"Person","@id":"https:\/\/informelitoral.com.ar\/#\/schema\/person\/f05f9f461677119578717524b127d6d5","name":"Sebastian","image":{"@type":"ImageObject","inLanguage":"es","@id":"https:\/\/secure.gravatar.com\/avatar\/b71bf7481d447dfb9583c7f2798e7cc64de6efb9067b74633ed8c31059a3bd82?s=96&d=mm&r=g","url":"https:\/\/secure.gravatar.com\/avatar\/b71bf7481d447dfb9583c7f2798e7cc64de6efb9067b74633ed8c31059a3bd82?s=96&d=mm&r=g","contentUrl":"https:\/\/secure.gravatar.com\/avatar\/b71bf7481d447dfb9583c7f2798e7cc64de6efb9067b74633ed8c31059a3bd82?s=96&d=mm&r=g","caption":"Sebastian"},"url":"https:\/\/informelitoral.com.ar\/author\/sebastian\/"}]}},"_links":{"self":[{"href":"https:\/\/informelitoral.com.ar\/%77%70%2d%6a%73%6f%6e\/wp\/v2\/posts\/186166","targetHints":{"allow":["GET"]}}],"collection":[{"href":"https:\/\/informelitoral.com.ar\/%77%70%2d%6a%73%6f%6e\/wp\/v2\/posts"}],"about":[{"href":"https:\/\/informelitoral.com.ar\/%77%70%2d%6a%73%6f%6e\/wp\/v2\/types\/post"}],"author":[{"embeddable":true,"href":"https:\/\/informelitoral.com.ar\/%77%70%2d%6a%73%6f%6e\/wp\/v2\/users\/8"}],"replies":[{"embeddable":true,"href":"https:\/\/informelitoral.com.ar\/%77%70%2d%6a%73%6f%6e\/wp\/v2\/comments?post=186166"}],"version-history":[{"count":0,"href":"https:\/\/informelitoral.com.ar\/%77%70%2d%6a%73%6f%6e\/wp\/v2\/posts\/186166\/revisions"}],"wp:featuredmedia":[{"embeddable":true,"href":"https:\/\/informelitoral.com.ar\/%77%70%2d%6a%73%6f%6e\/wp\/v2\/media\/186167"}],"wp:attachment":[{"href":"https:\/\/informelitoral.com.ar\/%77%70%2d%6a%73%6f%6e\/wp\/v2\/media?parent=186166"}],"wp:term":[{"taxonomy":"category","embeddable":true,"href":"https:\/\/informelitoral.com.ar\/%77%70%2d%6a%73%6f%6e\/wp\/v2\/categories?post=186166"},{"taxonomy":"post_tag","embeddable":true,"href":"https:\/\/informelitoral.com.ar\/%77%70%2d%6a%73%6f%6e\/wp\/v2\/tags?post=186166"}],"curies":[{"name":"wp","href":"https:\/\/api.w.org\/{rel}","templated":true}]}}