{"id":185992,"date":"2024-05-06T09:06:43","date_gmt":"2024-05-06T12:06:43","guid":{"rendered":"https:\/\/www.informelitoral.com.ar\/?p=185992"},"modified":"2024-05-06T09:06:43","modified_gmt":"2024-05-06T12:06:43","slug":"suman-78-los-fallecidos-por-las-tragicas-lluvias-en-el-sur-de-brasil","status":"publish","type":"post","link":"https:\/\/informelitoral.com.ar\/suman-78-los-fallecidos-por-las-tragicas-lluvias-en-el-sur-de-brasil\/","title":{"rendered":"Suman 78 los fallecidos por las tr\u00e1gicas lluvias en el sur de Brasil"},"content":{"rendered":"<p><strong>El n\u00famero de muertos por las fuertes lluvias que provocaron inundaciones en el estado brasile\u00f1o de Rio Grande do Sul aument\u00f3 al menos a 78<\/strong>, seg\u00fan informaron el domingo las autoridades locales, mientras que m\u00e1s de 115.000 personas quedaron desplazadas.<\/p>\n<p><strong>El presidente Luiz In\u00e1cio Lula da Silva lleg\u00f3 a Rio Grande do Sul el domingo por la ma\u00f1ana junto a la mayor\u00eda de miembros de su gabinete<\/strong>, para discutir con las autoridades locales las labores de rescate y reconstrucci\u00f3n.<\/p>\n<div class=\"td-a-ad id_inline_ad0 id_ad_content-horiz-center\">\n<div class=\"clear\"><\/div>\n<\/div>\n<p>\u00abLa burocracia no se interpondr\u00e1 en nuestro camino, impidi\u00e9ndonos recuperar la grandeza del estado\u00bb, dijo Lula en una rueda de prensa.<\/p>\n<p>\u00abEs un escenario de guerra y necesitar\u00e1 medidas de posguerra\u00bb, a\u00f1adi\u00f3 el gobernador estatal, Eduardo Leite.<\/p>\n<p><strong>El n\u00famero de muertos podr\u00eda aumentar de forma considerable, ya que el domingo se inform\u00f3 de que hab\u00eda 105 desaparecidos, frente a las 70 del d\u00eda anterior,<\/strong>\u00a0seg\u00fan la autoridad estatal de defensa civil. Tambi\u00e9n indic\u00f3 que se est\u00e1 investigando si otras cuatro muertes est\u00e1n relacionadas con las tormentas.<\/p>\n<p>Las inundaciones provocadas por las tormentas de los \u00faltimos d\u00edas han afectado a m\u00e1s de dos tercios de los casi 500 pueblos y ciudades del estado, fronterizo con Uruguay y Argentina, dejando a m\u00e1s de 115.000 personas desplazadas.<\/p>\n<p>Las inundaciones destruyeron carreteras y puentes en varias zonas. Las lluvias tambi\u00e9n provocaron corrimientos de tierras y el derrumbamiento parcial de una presa en una peque\u00f1a central hidroel\u00e9ctrica.<\/p>\n<p><strong><em>Te puede interesar:\u00a0<\/em><a href=\"https:\/\/www.informelitoral.com.ar\/aumento-el-costo-del-certificado-nacional-para-tramitar-la-licencia-de-conducir\/\" target=\"_blank\" rel=\"noopener\"><em>Hasta cu\u00e1ndo se p<\/em>osterg\u00f3 los aumentos en las tarifas de luz y gas<\/a><\/strong><\/p>\n<p>M\u00e1s de 400.000 personas estaban sin electricidad el domingo por la noche, mientras que casi un tercio de la poblaci\u00f3n del estado carec\u00eda de agua potable, seg\u00fan las autoridades.<\/p>\n<p>En Porto Alegre, la capital del estado, el lago Guaiba se desbord\u00f3, alcanzando el nivel de agua m\u00e1s alto registrado, seg\u00fan el servicio geol\u00f3gico nacional. El aeropuerto internacional ha suspendido todos sus vuelos desde el viernes.<\/p>\n<p><strong>En la ciudad de Canoas, cerca de Porto Alegre, Julio Manichesque, de 76 a\u00f1os, fue rescatado por voluntarios tras permanecer desde el viernes en el tejado de la casa donde vive desde hace 52 a\u00f1os. \u00abNunca hab\u00eda visto tanta agua\u00bb, afirm\u00f3.<\/strong><\/p>\n<p>Muchos voluntarios tambi\u00e9n han arriesgado su propia seguridad durante las labores de rescate, utilizando peque\u00f1as embarcaciones, motos acu\u00e1ticas y kayaks.<\/p>\n<p>Fabiano Saldanha, de 30 a\u00f1os, dijo que \u00e9l y tres amigos rescataron a unas 50 personas con motos acu\u00e1ticas desde el viernes en islas que forman parte de Porto Alegre. \u00abLo \u00fanico que o\u00edmos cuando entramos en una calle es \u2018ayuda\u2019, \u2018ayuda&#8217;\u00bb, se\u00f1al\u00f3.<\/p>\n<p><em><strong>Te puede interesar:\u00a0<a href=\"https:\/\/www.informelitoral.com.ar\/proyecto-abrazando-suenos-en-aranguren-entregaron-una-heladera\/\">Proyecto Abrazando Sue\u00f1os en Aranguren: entregaron una heladera<\/a><\/strong><\/em><\/p>\n<p>Durante su discurso semanal en la Plaza de San Pedro de la Ciudad del Vaticano, el Papa Francisco dijo el domingo que est\u00e1 orando por la gente del estado. \u00abQue el Se\u00f1or reciba a los muertos, consuele a sus familias y a todos aquellos que tuvieron que abandonar sus hogares\u00bb, afirm\u00f3.<\/p>\n<p><em>(Reporte de Debora Ely y Renan Mattos en Porto Alegre, Amanda Perobelli en Canoas, Diego Vara en Encantado, Andre Romani y Eduardo Simoes en Sao Paulo; reporte adicional de Angelo Amante en Ciudad del Vaticano; editado en espa\u00f1ol por Carlos Serrano, Reuters)<\/em><\/p>\n","protected":false},"excerpt":{"rendered":"<p>Hay m\u00e1s de un centenar de desaparecidos por el desastre en el estado de Rio Grande do Sul.<\/p>\n","protected":false},"author":8,"featured_media":185993,"comment_status":"open","ping_status":"open","sticky":false,"template":"","format":"standard","meta":{"fifu_image_url":"","fifu_image_alt":"","footnotes":""},"categories":[9],"tags":[118,2173,1275],"class_list":{"0":"post-185992","1":"post","2":"type-post","3":"status-publish","4":"format-standard","5":"has-post-thumbnail","7":"category-sociedad","8":"tag-brasil","9":"tag-fallecidos","10":"tag-inundaciones"},"yoast_head":"<title>Suman 78 los fallecidos por las tr\u00e1gicas lluvias en el sur de Brasil - Informe Litoral<\/title>\n<meta name=\"robots\" content=\"index, follow, max-snippet:-1, max-image-preview:large, max-video-preview:-1\" \/>\n<link rel=\"canonical\" href=\"https:\/\/informelitoral.com.ar\/suman-78-los-fallecidos-por-las-tragicas-lluvias-en-el-sur-de-brasil\/\" \/>\n<meta property=\"og:locale\" content=\"es_ES\" \/>\n<meta property=\"og:type\" content=\"article\" \/>\n<meta property=\"og:title\" content=\"Suman 78 los fallecidos por las tr\u00e1gicas lluvias en el sur de Brasil - Informe Litoral\" \/>\n<meta property=\"og:description\" content=\"Hay m\u00e1s de un centenar de desaparecidos por el desastre en el estado de Rio Grande do Sul.\" \/>\n<meta property=\"og:url\" content=\"https:\/\/informelitoral.com.ar\/suman-78-los-fallecidos-por-las-tragicas-lluvias-en-el-sur-de-brasil\/\" \/>\n<meta property=\"og:site_name\" content=\"Informe Litoral\" \/>\n<meta property=\"article:publisher\" content=\"https:\/\/www.facebook.com\/informelitoral\/\" \/>\n<meta property=\"article:published_time\" content=\"2024-05-06T12:06:43+00:00\" \/>\n<meta property=\"og:image\" content=\"https:\/\/informelitoral.com.ar\/%77%70%2d%63%6f%6e%74%65%6e%74\/uploads\/2024\/05\/360-2.webp\" \/>\n\t<meta property=\"og:image:width\" content=\"640\" \/>\n\t<meta property=\"og:image:height\" content=\"360\" \/>\n\t<meta property=\"og:image:type\" content=\"image\/webp\" \/>\n<meta name=\"author\" content=\"Sebastian\" \/>\n<meta name=\"twitter:card\" content=\"summary_large_image\" \/>\n<meta name=\"twitter:creator\" content=\"@InformeLitoral\" \/>\n<meta name=\"twitter:site\" content=\"@InformeLitoral\" \/>\n<meta name=\"twitter:label1\" content=\"Escrito por\" \/>\n\t<meta name=\"twitter:data1\" content=\"Sebastian\" \/>\n\t<meta name=\"twitter:label2\" content=\"Tiempo de lectura\" \/>\n\t<meta name=\"twitter:data2\" content=\"3 minutos\" \/>\n<script type=\"application\/ld+json\" class=\"yoast-schema-graph\">{\"@context\":\"https:\\\/\\\/schema.org\",\"@graph\":[{\"@type\":\"Article\",\"@id\":\"https:\\\/\\\/informelitoral.com.ar\\\/suman-78-los-fallecidos-por-las-tragicas-lluvias-en-el-sur-de-brasil\\\/#article\",\"isPartOf\":{\"@id\":\"https:\\\/\\\/informelitoral.com.ar\\\/suman-78-los-fallecidos-por-las-tragicas-lluvias-en-el-sur-de-brasil\\\/\"},\"author\":{\"name\":\"Sebastian\",\"@id\":\"https:\\\/\\\/informelitoral.com.ar\\\/#\\\/schema\\\/person\\\/f05f9f461677119578717524b127d6d5\"},\"headline\":\"Suman 78 los fallecidos por las tr\u00e1gicas lluvias en el sur de Brasil\",\"datePublished\":\"2024-05-06T12:06:43+00:00\",\"mainEntityOfPage\":{\"@id\":\"https:\\\/\\\/informelitoral.com.ar\\\/suman-78-los-fallecidos-por-las-tragicas-lluvias-en-el-sur-de-brasil\\\/\"},\"wordCount\":566,\"commentCount\":0,\"publisher\":{\"@id\":\"https:\\\/\\\/informelitoral.com.ar\\\/#organization\"},\"image\":{\"@id\":\"https:\\\/\\\/informelitoral.com.ar\\\/suman-78-los-fallecidos-por-las-tragicas-lluvias-en-el-sur-de-brasil\\\/#primaryimage\"},\"thumbnailUrl\":\"https:\\\/\\\/informelitoral.com.ar\\\/%77%70%2d%63%6f%6e%74%65%6e%74\\\/uploads\\\/2024\\\/05\\\/360-2.webp\",\"keywords\":[\"Brasil\",\"Fallecidos\",\"Inundaciones\"],\"articleSection\":[\"Sociedad\"],\"inLanguage\":\"es\",\"potentialAction\":[{\"@type\":\"CommentAction\",\"name\":\"Comment\",\"target\":[\"https:\\\/\\\/informelitoral.com.ar\\\/suman-78-los-fallecidos-por-las-tragicas-lluvias-en-el-sur-de-brasil\\\/#respond\"]}]},{\"@type\":\"WebPage\",\"@id\":\"https:\\\/\\\/informelitoral.com.ar\\\/suman-78-los-fallecidos-por-las-tragicas-lluvias-en-el-sur-de-brasil\\\/\",\"url\":\"https:\\\/\\\/informelitoral.com.ar\\\/suman-78-los-fallecidos-por-las-tragicas-lluvias-en-el-sur-de-brasil\\\/\",\"name\":\"Suman 78 los fallecidos por las tr\u00e1gicas lluvias en el sur de Brasil - Informe Litoral\",\"isPartOf\":{\"@id\":\"https:\\\/\\\/informelitoral.com.ar\\\/#website\"},\"primaryImageOfPage\":{\"@id\":\"https:\\\/\\\/informelitoral.com.ar\\\/suman-78-los-fallecidos-por-las-tragicas-lluvias-en-el-sur-de-brasil\\\/#primaryimage\"},\"image\":{\"@id\":\"https:\\\/\\\/informelitoral.com.ar\\\/suman-78-los-fallecidos-por-las-tragicas-lluvias-en-el-sur-de-brasil\\\/#primaryimage\"},\"thumbnailUrl\":\"https:\\\/\\\/informelitoral.com.ar\\\/%77%70%2d%63%6f%6e%74%65%6e%74\\\/uploads\\\/2024\\\/05\\\/360-2.webp\",\"datePublished\":\"2024-05-06T12:06:43+00:00\",\"breadcrumb\":{\"@id\":\"https:\\\/\\\/informelitoral.com.ar\\\/suman-78-los-fallecidos-por-las-tragicas-lluvias-en-el-sur-de-brasil\\\/#breadcrumb\"},\"inLanguage\":\"es\",\"potentialAction\":[{\"@type\":\"ReadAction\",\"target\":[\"https:\\\/\\\/informelitoral.com.ar\\\/suman-78-los-fallecidos-por-las-tragicas-lluvias-en-el-sur-de-brasil\\\/\"]}]},{\"@type\":\"ImageObject\",\"inLanguage\":\"es\",\"@id\":\"https:\\\/\\\/informelitoral.com.ar\\\/suman-78-los-fallecidos-por-las-tragicas-lluvias-en-el-sur-de-brasil\\\/#primaryimage\",\"url\":\"https:\\\/\\\/informelitoral.com.ar\\\/%77%70%2d%63%6f%6e%74%65%6e%74\\\/uploads\\\/2024\\\/05\\\/360-2.webp\",\"contentUrl\":\"https:\\\/\\\/informelitoral.com.ar\\\/%77%70%2d%63%6f%6e%74%65%6e%74\\\/uploads\\\/2024\\\/05\\\/360-2.webp\",\"width\":640,\"height\":360},{\"@type\":\"BreadcrumbList\",\"@id\":\"https:\\\/\\\/informelitoral.com.ar\\\/suman-78-los-fallecidos-por-las-tragicas-lluvias-en-el-sur-de-brasil\\\/#breadcrumb\",\"itemListElement\":[{\"@type\":\"ListItem\",\"position\":1,\"name\":\"Portada\",\"item\":\"https:\\\/\\\/informelitoral.com.ar\\\/\"},{\"@type\":\"ListItem\",\"position\":2,\"name\":\"Suman 78 los fallecidos por las tr\u00e1gicas lluvias en el sur de Brasil\"}]},{\"@type\":\"WebSite\",\"@id\":\"https:\\\/\\\/informelitoral.com.ar\\\/#website\",\"url\":\"https:\\\/\\\/informelitoral.com.ar\\\/\",\"name\":\"Informe Litoral\",\"description\":\"&quot;Nos informamos&quot; \",\"publisher\":{\"@id\":\"https:\\\/\\\/informelitoral.com.ar\\\/#organization\"},\"potentialAction\":[{\"@type\":\"SearchAction\",\"target\":{\"@type\":\"EntryPoint\",\"urlTemplate\":\"https:\\\/\\\/informelitoral.com.ar\\\/?s={search_term_string}\"},\"query-input\":{\"@type\":\"PropertyValueSpecification\",\"valueRequired\":true,\"valueName\":\"search_term_string\"}}],\"inLanguage\":\"es\"},{\"@type\":\"Organization\",\"@id\":\"https:\\\/\\\/informelitoral.com.ar\\\/#organization\",\"name\":\"Informe Litoral\",\"url\":\"https:\\\/\\\/informelitoral.com.ar\\\/\",\"logo\":{\"@type\":\"ImageObject\",\"inLanguage\":\"es\",\"@id\":\"https:\\\/\\\/informelitoral.com.ar\\\/#\\\/schema\\\/logo\\\/image\\\/\",\"url\":\"https:\\\/\\\/informelitoral.com.ar\\\/%77%70%2d%63%6f%6e%74%65%6e%74\\\/uploads\\\/2021\\\/01\\\/circulo.png\",\"contentUrl\":\"https:\\\/\\\/informelitoral.com.ar\\\/%77%70%2d%63%6f%6e%74%65%6e%74\\\/uploads\\\/2021\\\/01\\\/circulo.png\",\"width\":723,\"height\":731,\"caption\":\"Informe Litoral\"},\"image\":{\"@id\":\"https:\\\/\\\/informelitoral.com.ar\\\/#\\\/schema\\\/logo\\\/image\\\/\"},\"sameAs\":[\"https:\\\/\\\/www.facebook.com\\\/informelitoral\\\/\",\"https:\\\/\\\/x.com\\\/InformeLitoral\",\"https:\\\/\\\/www.instagram.com\\\/informelitoral\\\/\",\"https:\\\/\\\/www.youtube.com\\\/channel\\\/UCua4Qvz8Icb6MYqhoq9xLXw\"]},{\"@type\":\"Person\",\"@id\":\"https:\\\/\\\/informelitoral.com.ar\\\/#\\\/schema\\\/person\\\/f05f9f461677119578717524b127d6d5\",\"name\":\"Sebastian\",\"image\":{\"@type\":\"ImageObject\",\"inLanguage\":\"es\",\"@id\":\"https:\\\/\\\/secure.gravatar.com\\\/avatar\\\/b71bf7481d447dfb9583c7f2798e7cc64de6efb9067b74633ed8c31059a3bd82?s=96&d=mm&r=g\",\"url\":\"https:\\\/\\\/secure.gravatar.com\\\/avatar\\\/b71bf7481d447dfb9583c7f2798e7cc64de6efb9067b74633ed8c31059a3bd82?s=96&d=mm&r=g\",\"contentUrl\":\"https:\\\/\\\/secure.gravatar.com\\\/avatar\\\/b71bf7481d447dfb9583c7f2798e7cc64de6efb9067b74633ed8c31059a3bd82?s=96&d=mm&r=g\",\"caption\":\"Sebastian\"},\"url\":\"https:\\\/\\\/informelitoral.com.ar\\\/author\\\/sebastian\\\/\"}]}<\/script>","yoast_head_json":{"title":"Suman 78 los fallecidos por las tr\u00e1gicas lluvias en el sur de Brasil - Informe Litoral","robots":{"index":"index","follow":"follow","max-snippet":"max-snippet:-1","max-image-preview":"max-image-preview:large","max-video-preview":"max-video-preview:-1"},"canonical":"https:\/\/informelitoral.com.ar\/suman-78-los-fallecidos-por-las-tragicas-lluvias-en-el-sur-de-brasil\/","og_locale":"es_ES","og_type":"article","og_title":"Suman 78 los fallecidos por las tr\u00e1gicas lluvias en el sur de Brasil - Informe Litoral","og_description":"Hay m\u00e1s de un centenar de desaparecidos por el desastre en el estado de Rio Grande do Sul.","og_url":"https:\/\/informelitoral.com.ar\/suman-78-los-fallecidos-por-las-tragicas-lluvias-en-el-sur-de-brasil\/","og_site_name":"Informe Litoral","article_publisher":"https:\/\/www.facebook.com\/informelitoral\/","article_published_time":"2024-05-06T12:06:43+00:00","og_image":[{"width":640,"height":360,"url":"https:\/\/informelitoral.com.ar\/%77%70%2d%63%6f%6e%74%65%6e%74\/uploads\/2024\/05\/360-2.webp","type":"image\/webp"}],"author":"Sebastian","twitter_card":"summary_large_image","twitter_creator":"@InformeLitoral","twitter_site":"@InformeLitoral","twitter_misc":{"Escrito por":"Sebastian","Tiempo de lectura":"3 minutos"},"schema":{"@context":"https:\/\/schema.org","@graph":[{"@type":"Article","@id":"https:\/\/informelitoral.com.ar\/suman-78-los-fallecidos-por-las-tragicas-lluvias-en-el-sur-de-brasil\/#article","isPartOf":{"@id":"https:\/\/informelitoral.com.ar\/suman-78-los-fallecidos-por-las-tragicas-lluvias-en-el-sur-de-brasil\/"},"author":{"name":"Sebastian","@id":"https:\/\/informelitoral.com.ar\/#\/schema\/person\/f05f9f461677119578717524b127d6d5"},"headline":"Suman 78 los fallecidos por las tr\u00e1gicas lluvias en el sur de Brasil","datePublished":"2024-05-06T12:06:43+00:00","mainEntityOfPage":{"@id":"https:\/\/informelitoral.com.ar\/suman-78-los-fallecidos-por-las-tragicas-lluvias-en-el-sur-de-brasil\/"},"wordCount":566,"commentCount":0,"publisher":{"@id":"https:\/\/informelitoral.com.ar\/#organization"},"image":{"@id":"https:\/\/informelitoral.com.ar\/suman-78-los-fallecidos-por-las-tragicas-lluvias-en-el-sur-de-brasil\/#primaryimage"},"thumbnailUrl":"https:\/\/informelitoral.com.ar\/%77%70%2d%63%6f%6e%74%65%6e%74\/uploads\/2024\/05\/360-2.webp","keywords":["Brasil","Fallecidos","Inundaciones"],"articleSection":["Sociedad"],"inLanguage":"es","potentialAction":[{"@type":"CommentAction","name":"Comment","target":["https:\/\/informelitoral.com.ar\/suman-78-los-fallecidos-por-las-tragicas-lluvias-en-el-sur-de-brasil\/#respond"]}]},{"@type":"WebPage","@id":"https:\/\/informelitoral.com.ar\/suman-78-los-fallecidos-por-las-tragicas-lluvias-en-el-sur-de-brasil\/","url":"https:\/\/informelitoral.com.ar\/suman-78-los-fallecidos-por-las-tragicas-lluvias-en-el-sur-de-brasil\/","name":"Suman 78 los fallecidos por las tr\u00e1gicas lluvias en el sur de Brasil - Informe Litoral","isPartOf":{"@id":"https:\/\/informelitoral.com.ar\/#website"},"primaryImageOfPage":{"@id":"https:\/\/informelitoral.com.ar\/suman-78-los-fallecidos-por-las-tragicas-lluvias-en-el-sur-de-brasil\/#primaryimage"},"image":{"@id":"https:\/\/informelitoral.com.ar\/suman-78-los-fallecidos-por-las-tragicas-lluvias-en-el-sur-de-brasil\/#primaryimage"},"thumbnailUrl":"https:\/\/informelitoral.com.ar\/%77%70%2d%63%6f%6e%74%65%6e%74\/uploads\/2024\/05\/360-2.webp","datePublished":"2024-05-06T12:06:43+00:00","breadcrumb":{"@id":"https:\/\/informelitoral.com.ar\/suman-78-los-fallecidos-por-las-tragicas-lluvias-en-el-sur-de-brasil\/#breadcrumb"},"inLanguage":"es","potentialAction":[{"@type":"ReadAction","target":["https:\/\/informelitoral.com.ar\/suman-78-los-fallecidos-por-las-tragicas-lluvias-en-el-sur-de-brasil\/"]}]},{"@type":"ImageObject","inLanguage":"es","@id":"https:\/\/informelitoral.com.ar\/suman-78-los-fallecidos-por-las-tragicas-lluvias-en-el-sur-de-brasil\/#primaryimage","url":"https:\/\/informelitoral.com.ar\/%77%70%2d%63%6f%6e%74%65%6e%74\/uploads\/2024\/05\/360-2.webp","contentUrl":"https:\/\/informelitoral.com.ar\/%77%70%2d%63%6f%6e%74%65%6e%74\/uploads\/2024\/05\/360-2.webp","width":640,"height":360},{"@type":"BreadcrumbList","@id":"https:\/\/informelitoral.com.ar\/suman-78-los-fallecidos-por-las-tragicas-lluvias-en-el-sur-de-brasil\/#breadcrumb","itemListElement":[{"@type":"ListItem","position":1,"name":"Portada","item":"https:\/\/informelitoral.com.ar\/"},{"@type":"ListItem","position":2,"name":"Suman 78 los fallecidos por las tr\u00e1gicas lluvias en el sur de Brasil"}]},{"@type":"WebSite","@id":"https:\/\/informelitoral.com.ar\/#website","url":"https:\/\/informelitoral.com.ar\/","name":"Informe Litoral","description":"&quot;Nos informamos&quot; ","publisher":{"@id":"https:\/\/informelitoral.com.ar\/#organization"},"potentialAction":[{"@type":"SearchAction","target":{"@type":"EntryPoint","urlTemplate":"https:\/\/informelitoral.com.ar\/?s={search_term_string}"},"query-input":{"@type":"PropertyValueSpecification","valueRequired":true,"valueName":"search_term_string"}}],"inLanguage":"es"},{"@type":"Organization","@id":"https:\/\/informelitoral.com.ar\/#organization","name":"Informe Litoral","url":"https:\/\/informelitoral.com.ar\/","logo":{"@type":"ImageObject","inLanguage":"es","@id":"https:\/\/informelitoral.com.ar\/#\/schema\/logo\/image\/","url":"https:\/\/informelitoral.com.ar\/%77%70%2d%63%6f%6e%74%65%6e%74\/uploads\/2021\/01\/circulo.png","contentUrl":"https:\/\/informelitoral.com.ar\/%77%70%2d%63%6f%6e%74%65%6e%74\/uploads\/2021\/01\/circulo.png","width":723,"height":731,"caption":"Informe Litoral"},"image":{"@id":"https:\/\/informelitoral.com.ar\/#\/schema\/logo\/image\/"},"sameAs":["https:\/\/www.facebook.com\/informelitoral\/","https:\/\/x.com\/InformeLitoral","https:\/\/www.instagram.com\/informelitoral\/","https:\/\/www.youtube.com\/channel\/UCua4Qvz8Icb6MYqhoq9xLXw"]},{"@type":"Person","@id":"https:\/\/informelitoral.com.ar\/#\/schema\/person\/f05f9f461677119578717524b127d6d5","name":"Sebastian","image":{"@type":"ImageObject","inLanguage":"es","@id":"https:\/\/secure.gravatar.com\/avatar\/b71bf7481d447dfb9583c7f2798e7cc64de6efb9067b74633ed8c31059a3bd82?s=96&d=mm&r=g","url":"https:\/\/secure.gravatar.com\/avatar\/b71bf7481d447dfb9583c7f2798e7cc64de6efb9067b74633ed8c31059a3bd82?s=96&d=mm&r=g","contentUrl":"https:\/\/secure.gravatar.com\/avatar\/b71bf7481d447dfb9583c7f2798e7cc64de6efb9067b74633ed8c31059a3bd82?s=96&d=mm&r=g","caption":"Sebastian"},"url":"https:\/\/informelitoral.com.ar\/author\/sebastian\/"}]}},"_links":{"self":[{"href":"https:\/\/informelitoral.com.ar\/%77%70%2d%6a%73%6f%6e\/wp\/v2\/posts\/185992","targetHints":{"allow":["GET"]}}],"collection":[{"href":"https:\/\/informelitoral.com.ar\/%77%70%2d%6a%73%6f%6e\/wp\/v2\/posts"}],"about":[{"href":"https:\/\/informelitoral.com.ar\/%77%70%2d%6a%73%6f%6e\/wp\/v2\/types\/post"}],"author":[{"embeddable":true,"href":"https:\/\/informelitoral.com.ar\/%77%70%2d%6a%73%6f%6e\/wp\/v2\/users\/8"}],"replies":[{"embeddable":true,"href":"https:\/\/informelitoral.com.ar\/%77%70%2d%6a%73%6f%6e\/wp\/v2\/comments?post=185992"}],"version-history":[{"count":0,"href":"https:\/\/informelitoral.com.ar\/%77%70%2d%6a%73%6f%6e\/wp\/v2\/posts\/185992\/revisions"}],"wp:featuredmedia":[{"embeddable":true,"href":"https:\/\/informelitoral.com.ar\/%77%70%2d%6a%73%6f%6e\/wp\/v2\/media\/185993"}],"wp:attachment":[{"href":"https:\/\/informelitoral.com.ar\/%77%70%2d%6a%73%6f%6e\/wp\/v2\/media?parent=185992"}],"wp:term":[{"taxonomy":"category","embeddable":true,"href":"https:\/\/informelitoral.com.ar\/%77%70%2d%6a%73%6f%6e\/wp\/v2\/categories?post=185992"},{"taxonomy":"post_tag","embeddable":true,"href":"https:\/\/informelitoral.com.ar\/%77%70%2d%6a%73%6f%6e\/wp\/v2\/tags?post=185992"}],"curies":[{"name":"wp","href":"https:\/\/api.w.org\/{rel}","templated":true}]}}