{"id":185809,"date":"2024-05-03T08:07:49","date_gmt":"2024-05-03T11:07:49","guid":{"rendered":"https:\/\/www.informelitoral.com.ar\/?p=185809"},"modified":"2024-05-03T08:07:49","modified_gmt":"2024-05-03T11:07:49","slug":"aumento-el-costo-del-certificado-nacional-para-tramitar-la-licencia-de-conducir","status":"publish","type":"post","link":"https:\/\/informelitoral.com.ar\/aumento-el-costo-del-certificado-nacional-para-tramitar-la-licencia-de-conducir\/","title":{"rendered":"Aument\u00f3 el costo del certificado nacional para tramitar la licencia de conducir"},"content":{"rendered":"<p>El Gobierno dispuso un aumento del precio del Certificado Nacional de Antecedentes de Tr\u00e1nsito (CENAT), un documento necesario para el tr\u00e1mite de obtenci\u00f3n o renovaci\u00f3n de la licencia nacional de conducir.<\/p>\n<p>Ese valor estaba congelado en $1.800 desde agosto de 2023, y desde este jueves pasa a costar $3.080, seg\u00fan la Disposici\u00f3n 9\/2024 de la Agencia Nacional de Seguridad Vial (ANSV) publicada en el Bolet\u00edn Oficial.<\/p>\n<p>\u00abModif\u00edquese la cantidad de M\u00f3dulos ANSV conforme el r\u00e9gimen de modulaci\u00f3n aprobado por la Disposici\u00f3n 82\/12, correspondientes al Formulario CENAT, a 616 M\u00f3dulos\u00bb, seg\u00fan el texto oficial.<\/p>\n<p><em><strong>Te puede interesar:\u00a0<a href=\"https:\/\/www.informelitoral.com.ar\/trabajadores-rurales-disponen-un-nuevo-aumento-en-la-prestacion-por-desempleo\/\" target=\"_blank\" rel=\"noopener\">Trabajadores rurales: disponen un nuevo aumento en la prestaci\u00f3n por desempleo<\/a><\/strong><\/em><\/p>\n<p>Adem\u00e1s, se di\u00f3 intervenci\u00f3n a la Asociaci\u00f3n de Concesionarios de Automotores de la Rep\u00fablica Argentina (ACARA) en su car\u00e1cter de ente cooperador, a los efectos que efect\u00fae las adecuaciones necesarias para la modificaci\u00f3n\u00bb del valor del tr\u00e1mite.<\/p>\n<p>El Poder Ejecutivo justific\u00f3 el aumento al se\u00f1alar que \u00abel incremento generalizado y sostenido del precio de los bienes y servicios existentes en el mercado, nos exhorta a adecuar la tasa del Certificado Nacional de Antecedentes de Tr\u00e1nsito a fin de poder seguir brindando desde la Direcci\u00f3n Nacional de Licencias de Conducir y Antecedentes de Tr\u00e1nsito, el soporte tecnol\u00f3gico y dem\u00e1s asistencias a los Centros de Emisi\u00f3n de la Licencia Nacional de Conducir, siendo necesario a tal fin, adecuar la cantidad de M\u00f3dulos ANSV del Formulario CENAT\u00bb.<\/p>\n<p>\u00abEn raz\u00f3n de ello, se estima oportuno que la adecuaci\u00f3n de los M\u00f3dulos ANSV sea en referencia al \u00edndice inflacionario IPC de los \u00faltimos seis meses de 2023, que informa el Instituto Nacional de Estad\u00edsticas y Censos\u00bb, a\u00f1adi\u00f3.<\/p>\n<h2><b>Los costos en Paran\u00e1<\/b><\/h2>\n<p>CeNAT: $3.080<\/p>\n<p>Renovaci\u00f3n menores de 18 y mayores de 71 a\u00f1os: $8334<\/p>\n<p>Renovaci\u00f3n u obtenci\u00f3n para una clase: $25000<\/p>\n<p>Renovaci\u00f3n u obtenci\u00f3n para dos clases: $30556<\/p>\n<p>Renovaci\u00f3n para tres o m\u00e1s clases: $36111<\/p>\n<p>Incorpora clase no profesional: $8334<\/p>\n<p>Incorpora clase profesional: $15609<\/p>\n<p>Cambio de categor\u00eda profesional: $10.489<\/p>\n<p>Cambio de categor\u00eda no profesional: $8334<\/p>\n<p>Duplicado y modificaci\u00f3n de datos: $6944<\/p>\n<p>Cambio de jurisdicci\u00f3n: $11111<\/p>\n<p>Reimpresi\u00f3n: $5556<\/p>\n<p>Certificaci\u00f3n: $5555<\/p>\n","protected":false},"excerpt":{"rendered":"<p>Ese valor estaba congelado en $1.800 desde agosto de 2023, y desde este jueves pasa a costar $3.080, seg\u00fan la Disposici\u00f3n 9\/2024 de la Agencia Nacional de Seguridad Vial (ANSV) publicada en el Bolet\u00edn Oficial.<\/p>\n","protected":false},"author":8,"featured_media":20594,"comment_status":"open","ping_status":"open","sticky":false,"template":"","format":"standard","meta":{"fifu_image_url":"","fifu_image_alt":"","footnotes":""},"categories":[7],"tags":[172,1617],"class_list":{"0":"post-185809","1":"post","2":"type-post","3":"status-publish","4":"format-standard","5":"has-post-thumbnail","7":"category-nacionales","8":"tag-aumento","9":"tag-licencia-de-conducir"},"yoast_head":"<title>Aument\u00f3 el costo del certificado nacional para tramitar la licencia de conducir - Informe Litoral<\/title>\n<meta name=\"robots\" content=\"index, follow, max-snippet:-1, max-image-preview:large, max-video-preview:-1\" \/>\n<link rel=\"canonical\" href=\"https:\/\/informelitoral.com.ar\/aumento-el-costo-del-certificado-nacional-para-tramitar-la-licencia-de-conducir\/\" \/>\n<meta property=\"og:locale\" content=\"es_ES\" \/>\n<meta property=\"og:type\" content=\"article\" \/>\n<meta property=\"og:title\" content=\"Aument\u00f3 el costo del certificado nacional para tramitar la licencia de conducir - Informe Litoral\" \/>\n<meta property=\"og:description\" content=\"Ese valor estaba congelado en $1.800 desde agosto de 2023, y desde este jueves pasa a costar $3.080, seg\u00fan la Disposici\u00f3n 9\/2024 de la Agencia Nacional de Seguridad Vial (ANSV) publicada en el Bolet\u00edn Oficial.\" \/>\n<meta property=\"og:url\" content=\"https:\/\/informelitoral.com.ar\/aumento-el-costo-del-certificado-nacional-para-tramitar-la-licencia-de-conducir\/\" \/>\n<meta property=\"og:site_name\" content=\"Informe Litoral\" \/>\n<meta property=\"article:publisher\" content=\"https:\/\/www.facebook.com\/informelitoral\/\" \/>\n<meta property=\"article:published_time\" content=\"2024-05-03T11:07:49+00:00\" \/>\n<meta property=\"og:image\" content=\"https:\/\/informelitoral.com.ar\/%77%70%2d%63%6f%6e%74%65%6e%74\/uploads\/2017\/03\/licencia-de-conducir.jpg\" \/>\n\t<meta property=\"og:image:width\" content=\"800\" \/>\n\t<meta property=\"og:image:height\" content=\"450\" \/>\n\t<meta property=\"og:image:type\" content=\"image\/jpeg\" \/>\n<meta name=\"author\" content=\"Sebastian\" \/>\n<meta name=\"twitter:card\" content=\"summary_large_image\" \/>\n<meta name=\"twitter:creator\" content=\"@InformeLitoral\" \/>\n<meta name=\"twitter:site\" content=\"@InformeLitoral\" \/>\n<meta name=\"twitter:label1\" content=\"Escrito por\" \/>\n\t<meta name=\"twitter:data1\" content=\"Sebastian\" \/>\n\t<meta name=\"twitter:label2\" content=\"Tiempo de lectura\" \/>\n\t<meta name=\"twitter:data2\" content=\"2 minutos\" \/>\n<script type=\"application\/ld+json\" class=\"yoast-schema-graph\">{\"@context\":\"https:\\\/\\\/schema.org\",\"@graph\":[{\"@type\":\"Article\",\"@id\":\"https:\\\/\\\/informelitoral.com.ar\\\/aumento-el-costo-del-certificado-nacional-para-tramitar-la-licencia-de-conducir\\\/#article\",\"isPartOf\":{\"@id\":\"https:\\\/\\\/informelitoral.com.ar\\\/aumento-el-costo-del-certificado-nacional-para-tramitar-la-licencia-de-conducir\\\/\"},\"author\":{\"name\":\"Sebastian\",\"@id\":\"https:\\\/\\\/informelitoral.com.ar\\\/#\\\/schema\\\/person\\\/f05f9f461677119578717524b127d6d5\"},\"headline\":\"Aument\u00f3 el costo del certificado nacional para tramitar la licencia de conducir\",\"datePublished\":\"2024-05-03T11:07:49+00:00\",\"mainEntityOfPage\":{\"@id\":\"https:\\\/\\\/informelitoral.com.ar\\\/aumento-el-costo-del-certificado-nacional-para-tramitar-la-licencia-de-conducir\\\/\"},\"wordCount\":380,\"commentCount\":0,\"publisher\":{\"@id\":\"https:\\\/\\\/informelitoral.com.ar\\\/#organization\"},\"image\":{\"@id\":\"https:\\\/\\\/informelitoral.com.ar\\\/aumento-el-costo-del-certificado-nacional-para-tramitar-la-licencia-de-conducir\\\/#primaryimage\"},\"thumbnailUrl\":\"https:\\\/\\\/informelitoral.com.ar\\\/%77%70%2d%63%6f%6e%74%65%6e%74\\\/uploads\\\/2017\\\/03\\\/licencia-de-conducir.jpg\",\"keywords\":[\"Aumento\",\"Licencia de conducir\"],\"articleSection\":[\"Nacionales\"],\"inLanguage\":\"es\",\"potentialAction\":[{\"@type\":\"CommentAction\",\"name\":\"Comment\",\"target\":[\"https:\\\/\\\/informelitoral.com.ar\\\/aumento-el-costo-del-certificado-nacional-para-tramitar-la-licencia-de-conducir\\\/#respond\"]}]},{\"@type\":\"WebPage\",\"@id\":\"https:\\\/\\\/informelitoral.com.ar\\\/aumento-el-costo-del-certificado-nacional-para-tramitar-la-licencia-de-conducir\\\/\",\"url\":\"https:\\\/\\\/informelitoral.com.ar\\\/aumento-el-costo-del-certificado-nacional-para-tramitar-la-licencia-de-conducir\\\/\",\"name\":\"Aument\u00f3 el costo del certificado nacional para tramitar la licencia de conducir - Informe Litoral\",\"isPartOf\":{\"@id\":\"https:\\\/\\\/informelitoral.com.ar\\\/#website\"},\"primaryImageOfPage\":{\"@id\":\"https:\\\/\\\/informelitoral.com.ar\\\/aumento-el-costo-del-certificado-nacional-para-tramitar-la-licencia-de-conducir\\\/#primaryimage\"},\"image\":{\"@id\":\"https:\\\/\\\/informelitoral.com.ar\\\/aumento-el-costo-del-certificado-nacional-para-tramitar-la-licencia-de-conducir\\\/#primaryimage\"},\"thumbnailUrl\":\"https:\\\/\\\/informelitoral.com.ar\\\/%77%70%2d%63%6f%6e%74%65%6e%74\\\/uploads\\\/2017\\\/03\\\/licencia-de-conducir.jpg\",\"datePublished\":\"2024-05-03T11:07:49+00:00\",\"breadcrumb\":{\"@id\":\"https:\\\/\\\/informelitoral.com.ar\\\/aumento-el-costo-del-certificado-nacional-para-tramitar-la-licencia-de-conducir\\\/#breadcrumb\"},\"inLanguage\":\"es\",\"potentialAction\":[{\"@type\":\"ReadAction\",\"target\":[\"https:\\\/\\\/informelitoral.com.ar\\\/aumento-el-costo-del-certificado-nacional-para-tramitar-la-licencia-de-conducir\\\/\"]}]},{\"@type\":\"ImageObject\",\"inLanguage\":\"es\",\"@id\":\"https:\\\/\\\/informelitoral.com.ar\\\/aumento-el-costo-del-certificado-nacional-para-tramitar-la-licencia-de-conducir\\\/#primaryimage\",\"url\":\"https:\\\/\\\/informelitoral.com.ar\\\/%77%70%2d%63%6f%6e%74%65%6e%74\\\/uploads\\\/2017\\\/03\\\/licencia-de-conducir.jpg\",\"contentUrl\":\"https:\\\/\\\/informelitoral.com.ar\\\/%77%70%2d%63%6f%6e%74%65%6e%74\\\/uploads\\\/2017\\\/03\\\/licencia-de-conducir.jpg\",\"width\":800,\"height\":450},{\"@type\":\"BreadcrumbList\",\"@id\":\"https:\\\/\\\/informelitoral.com.ar\\\/aumento-el-costo-del-certificado-nacional-para-tramitar-la-licencia-de-conducir\\\/#breadcrumb\",\"itemListElement\":[{\"@type\":\"ListItem\",\"position\":1,\"name\":\"Portada\",\"item\":\"https:\\\/\\\/informelitoral.com.ar\\\/\"},{\"@type\":\"ListItem\",\"position\":2,\"name\":\"Aument\u00f3 el costo del certificado nacional para tramitar la licencia de conducir\"}]},{\"@type\":\"WebSite\",\"@id\":\"https:\\\/\\\/informelitoral.com.ar\\\/#website\",\"url\":\"https:\\\/\\\/informelitoral.com.ar\\\/\",\"name\":\"Informe Litoral\",\"description\":\"&quot;Nos informamos&quot; \",\"publisher\":{\"@id\":\"https:\\\/\\\/informelitoral.com.ar\\\/#organization\"},\"potentialAction\":[{\"@type\":\"SearchAction\",\"target\":{\"@type\":\"EntryPoint\",\"urlTemplate\":\"https:\\\/\\\/informelitoral.com.ar\\\/?s={search_term_string}\"},\"query-input\":{\"@type\":\"PropertyValueSpecification\",\"valueRequired\":true,\"valueName\":\"search_term_string\"}}],\"inLanguage\":\"es\"},{\"@type\":\"Organization\",\"@id\":\"https:\\\/\\\/informelitoral.com.ar\\\/#organization\",\"name\":\"Informe Litoral\",\"url\":\"https:\\\/\\\/informelitoral.com.ar\\\/\",\"logo\":{\"@type\":\"ImageObject\",\"inLanguage\":\"es\",\"@id\":\"https:\\\/\\\/informelitoral.com.ar\\\/#\\\/schema\\\/logo\\\/image\\\/\",\"url\":\"https:\\\/\\\/informelitoral.com.ar\\\/%77%70%2d%63%6f%6e%74%65%6e%74\\\/uploads\\\/2021\\\/01\\\/circulo.png\",\"contentUrl\":\"https:\\\/\\\/informelitoral.com.ar\\\/%77%70%2d%63%6f%6e%74%65%6e%74\\\/uploads\\\/2021\\\/01\\\/circulo.png\",\"width\":723,\"height\":731,\"caption\":\"Informe Litoral\"},\"image\":{\"@id\":\"https:\\\/\\\/informelitoral.com.ar\\\/#\\\/schema\\\/logo\\\/image\\\/\"},\"sameAs\":[\"https:\\\/\\\/www.facebook.com\\\/informelitoral\\\/\",\"https:\\\/\\\/x.com\\\/InformeLitoral\",\"https:\\\/\\\/www.instagram.com\\\/informelitoral\\\/\",\"https:\\\/\\\/www.youtube.com\\\/channel\\\/UCua4Qvz8Icb6MYqhoq9xLXw\"]},{\"@type\":\"Person\",\"@id\":\"https:\\\/\\\/informelitoral.com.ar\\\/#\\\/schema\\\/person\\\/f05f9f461677119578717524b127d6d5\",\"name\":\"Sebastian\",\"image\":{\"@type\":\"ImageObject\",\"inLanguage\":\"es\",\"@id\":\"https:\\\/\\\/secure.gravatar.com\\\/avatar\\\/b71bf7481d447dfb9583c7f2798e7cc64de6efb9067b74633ed8c31059a3bd82?s=96&d=mm&r=g\",\"url\":\"https:\\\/\\\/secure.gravatar.com\\\/avatar\\\/b71bf7481d447dfb9583c7f2798e7cc64de6efb9067b74633ed8c31059a3bd82?s=96&d=mm&r=g\",\"contentUrl\":\"https:\\\/\\\/secure.gravatar.com\\\/avatar\\\/b71bf7481d447dfb9583c7f2798e7cc64de6efb9067b74633ed8c31059a3bd82?s=96&d=mm&r=g\",\"caption\":\"Sebastian\"},\"url\":\"https:\\\/\\\/informelitoral.com.ar\\\/author\\\/sebastian\\\/\"}]}<\/script>","yoast_head_json":{"title":"Aument\u00f3 el costo del certificado nacional para tramitar la licencia de conducir - Informe Litoral","robots":{"index":"index","follow":"follow","max-snippet":"max-snippet:-1","max-image-preview":"max-image-preview:large","max-video-preview":"max-video-preview:-1"},"canonical":"https:\/\/informelitoral.com.ar\/aumento-el-costo-del-certificado-nacional-para-tramitar-la-licencia-de-conducir\/","og_locale":"es_ES","og_type":"article","og_title":"Aument\u00f3 el costo del certificado nacional para tramitar la licencia de conducir - Informe Litoral","og_description":"Ese valor estaba congelado en $1.800 desde agosto de 2023, y desde este jueves pasa a costar $3.080, seg\u00fan la Disposici\u00f3n 9\/2024 de la Agencia Nacional de Seguridad Vial (ANSV) publicada en el Bolet\u00edn Oficial.","og_url":"https:\/\/informelitoral.com.ar\/aumento-el-costo-del-certificado-nacional-para-tramitar-la-licencia-de-conducir\/","og_site_name":"Informe Litoral","article_publisher":"https:\/\/www.facebook.com\/informelitoral\/","article_published_time":"2024-05-03T11:07:49+00:00","og_image":[{"width":800,"height":450,"url":"https:\/\/informelitoral.com.ar\/%77%70%2d%63%6f%6e%74%65%6e%74\/uploads\/2017\/03\/licencia-de-conducir.jpg","type":"image\/jpeg"}],"author":"Sebastian","twitter_card":"summary_large_image","twitter_creator":"@InformeLitoral","twitter_site":"@InformeLitoral","twitter_misc":{"Escrito por":"Sebastian","Tiempo de lectura":"2 minutos"},"schema":{"@context":"https:\/\/schema.org","@graph":[{"@type":"Article","@id":"https:\/\/informelitoral.com.ar\/aumento-el-costo-del-certificado-nacional-para-tramitar-la-licencia-de-conducir\/#article","isPartOf":{"@id":"https:\/\/informelitoral.com.ar\/aumento-el-costo-del-certificado-nacional-para-tramitar-la-licencia-de-conducir\/"},"author":{"name":"Sebastian","@id":"https:\/\/informelitoral.com.ar\/#\/schema\/person\/f05f9f461677119578717524b127d6d5"},"headline":"Aument\u00f3 el costo del certificado nacional para tramitar la licencia de conducir","datePublished":"2024-05-03T11:07:49+00:00","mainEntityOfPage":{"@id":"https:\/\/informelitoral.com.ar\/aumento-el-costo-del-certificado-nacional-para-tramitar-la-licencia-de-conducir\/"},"wordCount":380,"commentCount":0,"publisher":{"@id":"https:\/\/informelitoral.com.ar\/#organization"},"image":{"@id":"https:\/\/informelitoral.com.ar\/aumento-el-costo-del-certificado-nacional-para-tramitar-la-licencia-de-conducir\/#primaryimage"},"thumbnailUrl":"https:\/\/informelitoral.com.ar\/%77%70%2d%63%6f%6e%74%65%6e%74\/uploads\/2017\/03\/licencia-de-conducir.jpg","keywords":["Aumento","Licencia de conducir"],"articleSection":["Nacionales"],"inLanguage":"es","potentialAction":[{"@type":"CommentAction","name":"Comment","target":["https:\/\/informelitoral.com.ar\/aumento-el-costo-del-certificado-nacional-para-tramitar-la-licencia-de-conducir\/#respond"]}]},{"@type":"WebPage","@id":"https:\/\/informelitoral.com.ar\/aumento-el-costo-del-certificado-nacional-para-tramitar-la-licencia-de-conducir\/","url":"https:\/\/informelitoral.com.ar\/aumento-el-costo-del-certificado-nacional-para-tramitar-la-licencia-de-conducir\/","name":"Aument\u00f3 el costo del certificado nacional para tramitar la licencia de conducir - Informe Litoral","isPartOf":{"@id":"https:\/\/informelitoral.com.ar\/#website"},"primaryImageOfPage":{"@id":"https:\/\/informelitoral.com.ar\/aumento-el-costo-del-certificado-nacional-para-tramitar-la-licencia-de-conducir\/#primaryimage"},"image":{"@id":"https:\/\/informelitoral.com.ar\/aumento-el-costo-del-certificado-nacional-para-tramitar-la-licencia-de-conducir\/#primaryimage"},"thumbnailUrl":"https:\/\/informelitoral.com.ar\/%77%70%2d%63%6f%6e%74%65%6e%74\/uploads\/2017\/03\/licencia-de-conducir.jpg","datePublished":"2024-05-03T11:07:49+00:00","breadcrumb":{"@id":"https:\/\/informelitoral.com.ar\/aumento-el-costo-del-certificado-nacional-para-tramitar-la-licencia-de-conducir\/#breadcrumb"},"inLanguage":"es","potentialAction":[{"@type":"ReadAction","target":["https:\/\/informelitoral.com.ar\/aumento-el-costo-del-certificado-nacional-para-tramitar-la-licencia-de-conducir\/"]}]},{"@type":"ImageObject","inLanguage":"es","@id":"https:\/\/informelitoral.com.ar\/aumento-el-costo-del-certificado-nacional-para-tramitar-la-licencia-de-conducir\/#primaryimage","url":"https:\/\/informelitoral.com.ar\/%77%70%2d%63%6f%6e%74%65%6e%74\/uploads\/2017\/03\/licencia-de-conducir.jpg","contentUrl":"https:\/\/informelitoral.com.ar\/%77%70%2d%63%6f%6e%74%65%6e%74\/uploads\/2017\/03\/licencia-de-conducir.jpg","width":800,"height":450},{"@type":"BreadcrumbList","@id":"https:\/\/informelitoral.com.ar\/aumento-el-costo-del-certificado-nacional-para-tramitar-la-licencia-de-conducir\/#breadcrumb","itemListElement":[{"@type":"ListItem","position":1,"name":"Portada","item":"https:\/\/informelitoral.com.ar\/"},{"@type":"ListItem","position":2,"name":"Aument\u00f3 el costo del certificado nacional para tramitar la licencia de conducir"}]},{"@type":"WebSite","@id":"https:\/\/informelitoral.com.ar\/#website","url":"https:\/\/informelitoral.com.ar\/","name":"Informe Litoral","description":"&quot;Nos informamos&quot; ","publisher":{"@id":"https:\/\/informelitoral.com.ar\/#organization"},"potentialAction":[{"@type":"SearchAction","target":{"@type":"EntryPoint","urlTemplate":"https:\/\/informelitoral.com.ar\/?s={search_term_string}"},"query-input":{"@type":"PropertyValueSpecification","valueRequired":true,"valueName":"search_term_string"}}],"inLanguage":"es"},{"@type":"Organization","@id":"https:\/\/informelitoral.com.ar\/#organization","name":"Informe Litoral","url":"https:\/\/informelitoral.com.ar\/","logo":{"@type":"ImageObject","inLanguage":"es","@id":"https:\/\/informelitoral.com.ar\/#\/schema\/logo\/image\/","url":"https:\/\/informelitoral.com.ar\/%77%70%2d%63%6f%6e%74%65%6e%74\/uploads\/2021\/01\/circulo.png","contentUrl":"https:\/\/informelitoral.com.ar\/%77%70%2d%63%6f%6e%74%65%6e%74\/uploads\/2021\/01\/circulo.png","width":723,"height":731,"caption":"Informe Litoral"},"image":{"@id":"https:\/\/informelitoral.com.ar\/#\/schema\/logo\/image\/"},"sameAs":["https:\/\/www.facebook.com\/informelitoral\/","https:\/\/x.com\/InformeLitoral","https:\/\/www.instagram.com\/informelitoral\/","https:\/\/www.youtube.com\/channel\/UCua4Qvz8Icb6MYqhoq9xLXw"]},{"@type":"Person","@id":"https:\/\/informelitoral.com.ar\/#\/schema\/person\/f05f9f461677119578717524b127d6d5","name":"Sebastian","image":{"@type":"ImageObject","inLanguage":"es","@id":"https:\/\/secure.gravatar.com\/avatar\/b71bf7481d447dfb9583c7f2798e7cc64de6efb9067b74633ed8c31059a3bd82?s=96&d=mm&r=g","url":"https:\/\/secure.gravatar.com\/avatar\/b71bf7481d447dfb9583c7f2798e7cc64de6efb9067b74633ed8c31059a3bd82?s=96&d=mm&r=g","contentUrl":"https:\/\/secure.gravatar.com\/avatar\/b71bf7481d447dfb9583c7f2798e7cc64de6efb9067b74633ed8c31059a3bd82?s=96&d=mm&r=g","caption":"Sebastian"},"url":"https:\/\/informelitoral.com.ar\/author\/sebastian\/"}]}},"_links":{"self":[{"href":"https:\/\/informelitoral.com.ar\/%77%70%2d%6a%73%6f%6e\/wp\/v2\/posts\/185809","targetHints":{"allow":["GET"]}}],"collection":[{"href":"https:\/\/informelitoral.com.ar\/%77%70%2d%6a%73%6f%6e\/wp\/v2\/posts"}],"about":[{"href":"https:\/\/informelitoral.com.ar\/%77%70%2d%6a%73%6f%6e\/wp\/v2\/types\/post"}],"author":[{"embeddable":true,"href":"https:\/\/informelitoral.com.ar\/%77%70%2d%6a%73%6f%6e\/wp\/v2\/users\/8"}],"replies":[{"embeddable":true,"href":"https:\/\/informelitoral.com.ar\/%77%70%2d%6a%73%6f%6e\/wp\/v2\/comments?post=185809"}],"version-history":[{"count":0,"href":"https:\/\/informelitoral.com.ar\/%77%70%2d%6a%73%6f%6e\/wp\/v2\/posts\/185809\/revisions"}],"wp:featuredmedia":[{"embeddable":true,"href":"https:\/\/informelitoral.com.ar\/%77%70%2d%6a%73%6f%6e\/wp\/v2\/media\/20594"}],"wp:attachment":[{"href":"https:\/\/informelitoral.com.ar\/%77%70%2d%6a%73%6f%6e\/wp\/v2\/media?parent=185809"}],"wp:term":[{"taxonomy":"category","embeddable":true,"href":"https:\/\/informelitoral.com.ar\/%77%70%2d%6a%73%6f%6e\/wp\/v2\/categories?post=185809"},{"taxonomy":"post_tag","embeddable":true,"href":"https:\/\/informelitoral.com.ar\/%77%70%2d%6a%73%6f%6e\/wp\/v2\/tags?post=185809"}],"curies":[{"name":"wp","href":"https:\/\/api.w.org\/{rel}","templated":true}]}}