{"id":184441,"date":"2024-04-15T07:51:50","date_gmt":"2024-04-15T10:51:50","guid":{"rendered":"https:\/\/www.informelitoral.com.ar\/?p=184441"},"modified":"2024-04-15T07:51:50","modified_gmt":"2024-04-15T10:51:50","slug":"valentini-quedo-afuera-de-la-concentracion-de-boca-por-no-renovar-su-contrato","status":"publish","type":"post","link":"https:\/\/informelitoral.com.ar\/valentini-quedo-afuera-de-la-concentracion-de-boca-por-no-renovar-su-contrato\/","title":{"rendered":"Valentini qued\u00f3 afuera de la concentraci\u00f3n de Boca por no renovar su contrato"},"content":{"rendered":"<p><strong>Boca no contar\u00e1 con el defensor Nicol\u00e1s Valentini entre sus convocados para el duelo ante Godoy cruz debido a la<\/strong><strong>\u00a0falta de acuerdo en la extensi\u00f3n de su contrato<\/strong>, a pesar de que el club hab\u00eda aceptado las exigencias del futbolista. Ante esto, decidi\u00f3 dejarlo<strong>\u00a0fuera del encuentro hasta tanto no se materialice la firma de la renovaci\u00f3n.<\/strong><\/p>\n<p>El partido entre Boca y Godoy Cruz est\u00e1 programado para este martes a las 19.30 en La Bombonera, siendo este crucial para el Xeneize en su b\u00fasqueda por clasificar a los cuartos de final de la Copa de la Liga.<\/p>\n<p>A pesar de los esfuerzos del club por retener al jugador, las conversaciones llegaron a un punto muerto por parte de ambos.\u00a0<strong>Boca accedi\u00f3 a las condiciones solicitadas por Valentini, ofreci\u00e9ndole extender su contrato hasta diciembre de 2028 con un acuerdo similar al de Cristian Medina en t\u00e9rminos econ\u00f3micos.<\/strong>\u00a0Sin embargo, el jugador rechaz\u00f3 esta oferta, lo que llev\u00f3 al Consejo de F\u00fatbol a tomar la decisi\u00f3n de excluirlo de la convocatoria.<\/p>\n<p>La incertidumbre persiste sobre el futuro de Valentini en el equipo, ya que la decisi\u00f3n de dejarlo fuera de la lista se mantendr\u00e1 en los pr\u00f3ximos compromisos si no se alcanza un acuerdo. Ambas partes expresaron su disposici\u00f3n para continuar las negociaciones en una pr\u00f3xima reuni\u00f3n, pero hasta que se llegue a un entendimiento, Valentini seguir\u00e1 entrenando con el equipo hasta el final de su contrato en diciembre, seg\u00fan asegura Boca.<\/p>\n<p>Las posturas divergentes entre el club y el jugador en la renovaci\u00f3n de contrato fueron evidentes. Mientras que Boca sostiene que cumpli\u00f3 con creces con las exigencias de Valentini y sospecha que el jugador podr\u00eda estar considerando la opci\u00f3n de marcharse libre al final de la temporada,\u00a0<strong>el entorno del futbolista busca una transferencia a Europa a mitad de a\u00f1o<\/strong>, aunque est\u00e1n dispuestos a resolver la negociaci\u00f3n con Boca siempre y cuando se cumplan sus condiciones, incluido el pago de un retroactivo.<\/p>\n","protected":false},"excerpt":{"rendered":"<p>El defensor y el club hab\u00edan arreglado su extensi\u00f3n pero a \u00faltimo momento el futbolista decidi\u00f3 rechazar la oferta.<\/p>\n","protected":false},"author":8,"featured_media":184442,"comment_status":"open","ping_status":"open","sticky":false,"template":"","format":"standard","meta":{"fifu_image_url":"","fifu_image_alt":"","footnotes":""},"categories":[13],"tags":[384,4708],"class_list":{"0":"post-184441","1":"post","2":"type-post","3":"status-publish","4":"format-standard","5":"has-post-thumbnail","7":"category-deportes","8":"tag-boca-juniors","9":"tag-valentini"},"yoast_head":"<title>Valentini qued\u00f3 afuera de la concentraci\u00f3n de Boca por no renovar su contrato - Informe Litoral<\/title>\n<meta name=\"robots\" content=\"index, follow, max-snippet:-1, max-image-preview:large, max-video-preview:-1\" \/>\n<link rel=\"canonical\" href=\"https:\/\/informelitoral.com.ar\/valentini-quedo-afuera-de-la-concentracion-de-boca-por-no-renovar-su-contrato\/\" \/>\n<meta property=\"og:locale\" content=\"es_ES\" \/>\n<meta property=\"og:type\" content=\"article\" \/>\n<meta property=\"og:title\" content=\"Valentini qued\u00f3 afuera de la concentraci\u00f3n de Boca por no renovar su contrato - Informe Litoral\" \/>\n<meta property=\"og:description\" content=\"El defensor y el club hab\u00edan arreglado su extensi\u00f3n pero a \u00faltimo momento el futbolista decidi\u00f3 rechazar la oferta.\" \/>\n<meta property=\"og:url\" content=\"https:\/\/informelitoral.com.ar\/valentini-quedo-afuera-de-la-concentracion-de-boca-por-no-renovar-su-contrato\/\" \/>\n<meta property=\"og:site_name\" content=\"Informe Litoral\" \/>\n<meta property=\"article:publisher\" content=\"https:\/\/www.facebook.com\/informelitoral\/\" \/>\n<meta property=\"article:published_time\" content=\"2024-04-15T10:51:50+00:00\" \/>\n<meta property=\"og:image\" content=\"https:\/\/informelitoral.com.ar\/%77%70%2d%63%6f%6e%74%65%6e%74\/uploads\/2024\/04\/598080.jpg\" \/>\n\t<meta property=\"og:image:width\" content=\"1200\" \/>\n\t<meta property=\"og:image:height\" content=\"648\" \/>\n\t<meta property=\"og:image:type\" content=\"image\/jpeg\" \/>\n<meta name=\"author\" content=\"Sebastian\" \/>\n<meta name=\"twitter:card\" content=\"summary_large_image\" \/>\n<meta name=\"twitter:creator\" content=\"@InformeLitoral\" \/>\n<meta name=\"twitter:site\" content=\"@InformeLitoral\" \/>\n<meta name=\"twitter:label1\" content=\"Escrito por\" \/>\n\t<meta name=\"twitter:data1\" content=\"Sebastian\" \/>\n\t<meta name=\"twitter:label2\" content=\"Tiempo de lectura\" \/>\n\t<meta name=\"twitter:data2\" content=\"2 minutos\" \/>\n<script type=\"application\/ld+json\" class=\"yoast-schema-graph\">{\"@context\":\"https:\\\/\\\/schema.org\",\"@graph\":[{\"@type\":\"Article\",\"@id\":\"https:\\\/\\\/informelitoral.com.ar\\\/valentini-quedo-afuera-de-la-concentracion-de-boca-por-no-renovar-su-contrato\\\/#article\",\"isPartOf\":{\"@id\":\"https:\\\/\\\/informelitoral.com.ar\\\/valentini-quedo-afuera-de-la-concentracion-de-boca-por-no-renovar-su-contrato\\\/\"},\"author\":{\"name\":\"Sebastian\",\"@id\":\"https:\\\/\\\/informelitoral.com.ar\\\/#\\\/schema\\\/person\\\/f05f9f461677119578717524b127d6d5\"},\"headline\":\"Valentini qued\u00f3 afuera de la concentraci\u00f3n de Boca por no renovar su contrato\",\"datePublished\":\"2024-04-15T10:51:50+00:00\",\"mainEntityOfPage\":{\"@id\":\"https:\\\/\\\/informelitoral.com.ar\\\/valentini-quedo-afuera-de-la-concentracion-de-boca-por-no-renovar-su-contrato\\\/\"},\"wordCount\":357,\"commentCount\":0,\"publisher\":{\"@id\":\"https:\\\/\\\/informelitoral.com.ar\\\/#organization\"},\"image\":{\"@id\":\"https:\\\/\\\/informelitoral.com.ar\\\/valentini-quedo-afuera-de-la-concentracion-de-boca-por-no-renovar-su-contrato\\\/#primaryimage\"},\"thumbnailUrl\":\"https:\\\/\\\/informelitoral.com.ar\\\/%77%70%2d%63%6f%6e%74%65%6e%74\\\/uploads\\\/2024\\\/04\\\/598080.jpg\",\"keywords\":[\"Boca Juniors\",\"Valentini\"],\"articleSection\":[\"Deportes\"],\"inLanguage\":\"es\",\"potentialAction\":[{\"@type\":\"CommentAction\",\"name\":\"Comment\",\"target\":[\"https:\\\/\\\/informelitoral.com.ar\\\/valentini-quedo-afuera-de-la-concentracion-de-boca-por-no-renovar-su-contrato\\\/#respond\"]}]},{\"@type\":\"WebPage\",\"@id\":\"https:\\\/\\\/informelitoral.com.ar\\\/valentini-quedo-afuera-de-la-concentracion-de-boca-por-no-renovar-su-contrato\\\/\",\"url\":\"https:\\\/\\\/informelitoral.com.ar\\\/valentini-quedo-afuera-de-la-concentracion-de-boca-por-no-renovar-su-contrato\\\/\",\"name\":\"Valentini qued\u00f3 afuera de la concentraci\u00f3n de Boca por no renovar su contrato - Informe Litoral\",\"isPartOf\":{\"@id\":\"https:\\\/\\\/informelitoral.com.ar\\\/#website\"},\"primaryImageOfPage\":{\"@id\":\"https:\\\/\\\/informelitoral.com.ar\\\/valentini-quedo-afuera-de-la-concentracion-de-boca-por-no-renovar-su-contrato\\\/#primaryimage\"},\"image\":{\"@id\":\"https:\\\/\\\/informelitoral.com.ar\\\/valentini-quedo-afuera-de-la-concentracion-de-boca-por-no-renovar-su-contrato\\\/#primaryimage\"},\"thumbnailUrl\":\"https:\\\/\\\/informelitoral.com.ar\\\/%77%70%2d%63%6f%6e%74%65%6e%74\\\/uploads\\\/2024\\\/04\\\/598080.jpg\",\"datePublished\":\"2024-04-15T10:51:50+00:00\",\"breadcrumb\":{\"@id\":\"https:\\\/\\\/informelitoral.com.ar\\\/valentini-quedo-afuera-de-la-concentracion-de-boca-por-no-renovar-su-contrato\\\/#breadcrumb\"},\"inLanguage\":\"es\",\"potentialAction\":[{\"@type\":\"ReadAction\",\"target\":[\"https:\\\/\\\/informelitoral.com.ar\\\/valentini-quedo-afuera-de-la-concentracion-de-boca-por-no-renovar-su-contrato\\\/\"]}]},{\"@type\":\"ImageObject\",\"inLanguage\":\"es\",\"@id\":\"https:\\\/\\\/informelitoral.com.ar\\\/valentini-quedo-afuera-de-la-concentracion-de-boca-por-no-renovar-su-contrato\\\/#primaryimage\",\"url\":\"https:\\\/\\\/informelitoral.com.ar\\\/%77%70%2d%63%6f%6e%74%65%6e%74\\\/uploads\\\/2024\\\/04\\\/598080.jpg\",\"contentUrl\":\"https:\\\/\\\/informelitoral.com.ar\\\/%77%70%2d%63%6f%6e%74%65%6e%74\\\/uploads\\\/2024\\\/04\\\/598080.jpg\",\"width\":1200,\"height\":648},{\"@type\":\"BreadcrumbList\",\"@id\":\"https:\\\/\\\/informelitoral.com.ar\\\/valentini-quedo-afuera-de-la-concentracion-de-boca-por-no-renovar-su-contrato\\\/#breadcrumb\",\"itemListElement\":[{\"@type\":\"ListItem\",\"position\":1,\"name\":\"Portada\",\"item\":\"https:\\\/\\\/informelitoral.com.ar\\\/\"},{\"@type\":\"ListItem\",\"position\":2,\"name\":\"Valentini qued\u00f3 afuera de la concentraci\u00f3n de Boca por no renovar su contrato\"}]},{\"@type\":\"WebSite\",\"@id\":\"https:\\\/\\\/informelitoral.com.ar\\\/#website\",\"url\":\"https:\\\/\\\/informelitoral.com.ar\\\/\",\"name\":\"Informe Litoral\",\"description\":\"&quot;Nos informamos&quot; \",\"publisher\":{\"@id\":\"https:\\\/\\\/informelitoral.com.ar\\\/#organization\"},\"potentialAction\":[{\"@type\":\"SearchAction\",\"target\":{\"@type\":\"EntryPoint\",\"urlTemplate\":\"https:\\\/\\\/informelitoral.com.ar\\\/?s={search_term_string}\"},\"query-input\":{\"@type\":\"PropertyValueSpecification\",\"valueRequired\":true,\"valueName\":\"search_term_string\"}}],\"inLanguage\":\"es\"},{\"@type\":\"Organization\",\"@id\":\"https:\\\/\\\/informelitoral.com.ar\\\/#organization\",\"name\":\"Informe Litoral\",\"url\":\"https:\\\/\\\/informelitoral.com.ar\\\/\",\"logo\":{\"@type\":\"ImageObject\",\"inLanguage\":\"es\",\"@id\":\"https:\\\/\\\/informelitoral.com.ar\\\/#\\\/schema\\\/logo\\\/image\\\/\",\"url\":\"https:\\\/\\\/informelitoral.com.ar\\\/%77%70%2d%63%6f%6e%74%65%6e%74\\\/uploads\\\/2021\\\/01\\\/circulo.png\",\"contentUrl\":\"https:\\\/\\\/informelitoral.com.ar\\\/%77%70%2d%63%6f%6e%74%65%6e%74\\\/uploads\\\/2021\\\/01\\\/circulo.png\",\"width\":723,\"height\":731,\"caption\":\"Informe Litoral\"},\"image\":{\"@id\":\"https:\\\/\\\/informelitoral.com.ar\\\/#\\\/schema\\\/logo\\\/image\\\/\"},\"sameAs\":[\"https:\\\/\\\/www.facebook.com\\\/informelitoral\\\/\",\"https:\\\/\\\/x.com\\\/InformeLitoral\",\"https:\\\/\\\/www.instagram.com\\\/informelitoral\\\/\",\"https:\\\/\\\/www.youtube.com\\\/channel\\\/UCua4Qvz8Icb6MYqhoq9xLXw\"]},{\"@type\":\"Person\",\"@id\":\"https:\\\/\\\/informelitoral.com.ar\\\/#\\\/schema\\\/person\\\/f05f9f461677119578717524b127d6d5\",\"name\":\"Sebastian\",\"image\":{\"@type\":\"ImageObject\",\"inLanguage\":\"es\",\"@id\":\"https:\\\/\\\/secure.gravatar.com\\\/avatar\\\/b71bf7481d447dfb9583c7f2798e7cc64de6efb9067b74633ed8c31059a3bd82?s=96&d=mm&r=g\",\"url\":\"https:\\\/\\\/secure.gravatar.com\\\/avatar\\\/b71bf7481d447dfb9583c7f2798e7cc64de6efb9067b74633ed8c31059a3bd82?s=96&d=mm&r=g\",\"contentUrl\":\"https:\\\/\\\/secure.gravatar.com\\\/avatar\\\/b71bf7481d447dfb9583c7f2798e7cc64de6efb9067b74633ed8c31059a3bd82?s=96&d=mm&r=g\",\"caption\":\"Sebastian\"},\"url\":\"https:\\\/\\\/informelitoral.com.ar\\\/author\\\/sebastian\\\/\"}]}<\/script>","yoast_head_json":{"title":"Valentini qued\u00f3 afuera de la concentraci\u00f3n de Boca por no renovar su contrato - Informe Litoral","robots":{"index":"index","follow":"follow","max-snippet":"max-snippet:-1","max-image-preview":"max-image-preview:large","max-video-preview":"max-video-preview:-1"},"canonical":"https:\/\/informelitoral.com.ar\/valentini-quedo-afuera-de-la-concentracion-de-boca-por-no-renovar-su-contrato\/","og_locale":"es_ES","og_type":"article","og_title":"Valentini qued\u00f3 afuera de la concentraci\u00f3n de Boca por no renovar su contrato - Informe Litoral","og_description":"El defensor y el club hab\u00edan arreglado su extensi\u00f3n pero a \u00faltimo momento el futbolista decidi\u00f3 rechazar la oferta.","og_url":"https:\/\/informelitoral.com.ar\/valentini-quedo-afuera-de-la-concentracion-de-boca-por-no-renovar-su-contrato\/","og_site_name":"Informe Litoral","article_publisher":"https:\/\/www.facebook.com\/informelitoral\/","article_published_time":"2024-04-15T10:51:50+00:00","og_image":[{"width":1200,"height":648,"url":"https:\/\/informelitoral.com.ar\/%77%70%2d%63%6f%6e%74%65%6e%74\/uploads\/2024\/04\/598080.jpg","type":"image\/jpeg"}],"author":"Sebastian","twitter_card":"summary_large_image","twitter_creator":"@InformeLitoral","twitter_site":"@InformeLitoral","twitter_misc":{"Escrito por":"Sebastian","Tiempo de lectura":"2 minutos"},"schema":{"@context":"https:\/\/schema.org","@graph":[{"@type":"Article","@id":"https:\/\/informelitoral.com.ar\/valentini-quedo-afuera-de-la-concentracion-de-boca-por-no-renovar-su-contrato\/#article","isPartOf":{"@id":"https:\/\/informelitoral.com.ar\/valentini-quedo-afuera-de-la-concentracion-de-boca-por-no-renovar-su-contrato\/"},"author":{"name":"Sebastian","@id":"https:\/\/informelitoral.com.ar\/#\/schema\/person\/f05f9f461677119578717524b127d6d5"},"headline":"Valentini qued\u00f3 afuera de la concentraci\u00f3n de Boca por no renovar su contrato","datePublished":"2024-04-15T10:51:50+00:00","mainEntityOfPage":{"@id":"https:\/\/informelitoral.com.ar\/valentini-quedo-afuera-de-la-concentracion-de-boca-por-no-renovar-su-contrato\/"},"wordCount":357,"commentCount":0,"publisher":{"@id":"https:\/\/informelitoral.com.ar\/#organization"},"image":{"@id":"https:\/\/informelitoral.com.ar\/valentini-quedo-afuera-de-la-concentracion-de-boca-por-no-renovar-su-contrato\/#primaryimage"},"thumbnailUrl":"https:\/\/informelitoral.com.ar\/%77%70%2d%63%6f%6e%74%65%6e%74\/uploads\/2024\/04\/598080.jpg","keywords":["Boca Juniors","Valentini"],"articleSection":["Deportes"],"inLanguage":"es","potentialAction":[{"@type":"CommentAction","name":"Comment","target":["https:\/\/informelitoral.com.ar\/valentini-quedo-afuera-de-la-concentracion-de-boca-por-no-renovar-su-contrato\/#respond"]}]},{"@type":"WebPage","@id":"https:\/\/informelitoral.com.ar\/valentini-quedo-afuera-de-la-concentracion-de-boca-por-no-renovar-su-contrato\/","url":"https:\/\/informelitoral.com.ar\/valentini-quedo-afuera-de-la-concentracion-de-boca-por-no-renovar-su-contrato\/","name":"Valentini qued\u00f3 afuera de la concentraci\u00f3n de Boca por no renovar su contrato - Informe Litoral","isPartOf":{"@id":"https:\/\/informelitoral.com.ar\/#website"},"primaryImageOfPage":{"@id":"https:\/\/informelitoral.com.ar\/valentini-quedo-afuera-de-la-concentracion-de-boca-por-no-renovar-su-contrato\/#primaryimage"},"image":{"@id":"https:\/\/informelitoral.com.ar\/valentini-quedo-afuera-de-la-concentracion-de-boca-por-no-renovar-su-contrato\/#primaryimage"},"thumbnailUrl":"https:\/\/informelitoral.com.ar\/%77%70%2d%63%6f%6e%74%65%6e%74\/uploads\/2024\/04\/598080.jpg","datePublished":"2024-04-15T10:51:50+00:00","breadcrumb":{"@id":"https:\/\/informelitoral.com.ar\/valentini-quedo-afuera-de-la-concentracion-de-boca-por-no-renovar-su-contrato\/#breadcrumb"},"inLanguage":"es","potentialAction":[{"@type":"ReadAction","target":["https:\/\/informelitoral.com.ar\/valentini-quedo-afuera-de-la-concentracion-de-boca-por-no-renovar-su-contrato\/"]}]},{"@type":"ImageObject","inLanguage":"es","@id":"https:\/\/informelitoral.com.ar\/valentini-quedo-afuera-de-la-concentracion-de-boca-por-no-renovar-su-contrato\/#primaryimage","url":"https:\/\/informelitoral.com.ar\/%77%70%2d%63%6f%6e%74%65%6e%74\/uploads\/2024\/04\/598080.jpg","contentUrl":"https:\/\/informelitoral.com.ar\/%77%70%2d%63%6f%6e%74%65%6e%74\/uploads\/2024\/04\/598080.jpg","width":1200,"height":648},{"@type":"BreadcrumbList","@id":"https:\/\/informelitoral.com.ar\/valentini-quedo-afuera-de-la-concentracion-de-boca-por-no-renovar-su-contrato\/#breadcrumb","itemListElement":[{"@type":"ListItem","position":1,"name":"Portada","item":"https:\/\/informelitoral.com.ar\/"},{"@type":"ListItem","position":2,"name":"Valentini qued\u00f3 afuera de la concentraci\u00f3n de Boca por no renovar su contrato"}]},{"@type":"WebSite","@id":"https:\/\/informelitoral.com.ar\/#website","url":"https:\/\/informelitoral.com.ar\/","name":"Informe Litoral","description":"&quot;Nos informamos&quot; ","publisher":{"@id":"https:\/\/informelitoral.com.ar\/#organization"},"potentialAction":[{"@type":"SearchAction","target":{"@type":"EntryPoint","urlTemplate":"https:\/\/informelitoral.com.ar\/?s={search_term_string}"},"query-input":{"@type":"PropertyValueSpecification","valueRequired":true,"valueName":"search_term_string"}}],"inLanguage":"es"},{"@type":"Organization","@id":"https:\/\/informelitoral.com.ar\/#organization","name":"Informe Litoral","url":"https:\/\/informelitoral.com.ar\/","logo":{"@type":"ImageObject","inLanguage":"es","@id":"https:\/\/informelitoral.com.ar\/#\/schema\/logo\/image\/","url":"https:\/\/informelitoral.com.ar\/%77%70%2d%63%6f%6e%74%65%6e%74\/uploads\/2021\/01\/circulo.png","contentUrl":"https:\/\/informelitoral.com.ar\/%77%70%2d%63%6f%6e%74%65%6e%74\/uploads\/2021\/01\/circulo.png","width":723,"height":731,"caption":"Informe Litoral"},"image":{"@id":"https:\/\/informelitoral.com.ar\/#\/schema\/logo\/image\/"},"sameAs":["https:\/\/www.facebook.com\/informelitoral\/","https:\/\/x.com\/InformeLitoral","https:\/\/www.instagram.com\/informelitoral\/","https:\/\/www.youtube.com\/channel\/UCua4Qvz8Icb6MYqhoq9xLXw"]},{"@type":"Person","@id":"https:\/\/informelitoral.com.ar\/#\/schema\/person\/f05f9f461677119578717524b127d6d5","name":"Sebastian","image":{"@type":"ImageObject","inLanguage":"es","@id":"https:\/\/secure.gravatar.com\/avatar\/b71bf7481d447dfb9583c7f2798e7cc64de6efb9067b74633ed8c31059a3bd82?s=96&d=mm&r=g","url":"https:\/\/secure.gravatar.com\/avatar\/b71bf7481d447dfb9583c7f2798e7cc64de6efb9067b74633ed8c31059a3bd82?s=96&d=mm&r=g","contentUrl":"https:\/\/secure.gravatar.com\/avatar\/b71bf7481d447dfb9583c7f2798e7cc64de6efb9067b74633ed8c31059a3bd82?s=96&d=mm&r=g","caption":"Sebastian"},"url":"https:\/\/informelitoral.com.ar\/author\/sebastian\/"}]}},"_links":{"self":[{"href":"https:\/\/informelitoral.com.ar\/%77%70%2d%6a%73%6f%6e\/wp\/v2\/posts\/184441","targetHints":{"allow":["GET"]}}],"collection":[{"href":"https:\/\/informelitoral.com.ar\/%77%70%2d%6a%73%6f%6e\/wp\/v2\/posts"}],"about":[{"href":"https:\/\/informelitoral.com.ar\/%77%70%2d%6a%73%6f%6e\/wp\/v2\/types\/post"}],"author":[{"embeddable":true,"href":"https:\/\/informelitoral.com.ar\/%77%70%2d%6a%73%6f%6e\/wp\/v2\/users\/8"}],"replies":[{"embeddable":true,"href":"https:\/\/informelitoral.com.ar\/%77%70%2d%6a%73%6f%6e\/wp\/v2\/comments?post=184441"}],"version-history":[{"count":0,"href":"https:\/\/informelitoral.com.ar\/%77%70%2d%6a%73%6f%6e\/wp\/v2\/posts\/184441\/revisions"}],"wp:featuredmedia":[{"embeddable":true,"href":"https:\/\/informelitoral.com.ar\/%77%70%2d%6a%73%6f%6e\/wp\/v2\/media\/184442"}],"wp:attachment":[{"href":"https:\/\/informelitoral.com.ar\/%77%70%2d%6a%73%6f%6e\/wp\/v2\/media?parent=184441"}],"wp:term":[{"taxonomy":"category","embeddable":true,"href":"https:\/\/informelitoral.com.ar\/%77%70%2d%6a%73%6f%6e\/wp\/v2\/categories?post=184441"},{"taxonomy":"post_tag","embeddable":true,"href":"https:\/\/informelitoral.com.ar\/%77%70%2d%6a%73%6f%6e\/wp\/v2\/tags?post=184441"}],"curies":[{"name":"wp","href":"https:\/\/api.w.org\/{rel}","templated":true}]}}