{"id":184118,"date":"2024-04-10T07:50:15","date_gmt":"2024-04-10T10:50:15","guid":{"rendered":"https:\/\/www.informelitoral.com.ar\/?p=184118"},"modified":"2024-04-10T23:45:12","modified_gmt":"2024-04-11T02:45:12","slug":"hallan-electrodomestico-y-mercaderia-hurtada-en-una-vivienda-de-ramirez","status":"publish","type":"post","link":"https:\/\/informelitoral.com.ar\/hallan-electrodomestico-y-mercaderia-hurtada-en-una-vivienda-de-ramirez\/","title":{"rendered":"Hallan electrodom\u00e9stico y mercader\u00eda hurtada en una vivienda de Ram\u00edrez"},"content":{"rendered":"<p>Efectivos de Comisar\u00eda Ram\u00edrez se encuentran abocados al recupero de pertenencias faltantes en una vivienda de calle Azucena, a la cual persona\/s desconocida\/s ingresaron el pasado martes.<\/p>\n<p>El jefe de la dependencia, <strong>Luis Arias<\/strong>, confirm\u00f3 que \u00aba ra\u00edz de las averiguaciones, surgi\u00f3 la presunci\u00f3n de que los sospechados podr\u00edan haberse estado descartando de efectos, escondi\u00e9ndolos para luego recuperarlos. Es as\u00ed, que esta madrugada, al rastrillar un terreno bald\u00edo de calle Roque Saenz Pe\u00f1a, se logr\u00f3 recuperar un TV de 32 pulgadas, con accesorios y mercader\u00eda alimenticia, coincidente con lo descripto en la denuncia\u00bb.<\/p>\n<p>Todos los elementos fueron formalmente secuestrados, continu\u00e1ndose con las actuaciones y diligencias, conforme las disposiciones de la Fiscal\u00eda de Diamante.<\/p>\n","protected":false},"excerpt":{"rendered":"<p>La sustracci\u00f3n ocurri\u00f3 d\u00edas atr\u00e1s y en la madrugada del martes, mediante un rastrillaje comenzaron a recuperar pertenencias.<\/p>\n","protected":false},"author":8,"featured_media":184119,"comment_status":"open","ping_status":"open","sticky":false,"template":"","format":"standard","meta":{"fifu_image_url":"","fifu_image_alt":"","footnotes":""},"categories":[14],"tags":[358,308],"class_list":{"0":"post-184118","1":"post","2":"type-post","3":"status-publish","4":"format-standard","5":"has-post-thumbnail","7":"category-policiales","8":"tag-comisaria-ramirez","9":"tag-robo"},"yoast_head":"<title>Hallan electrodom\u00e9stico y mercader\u00eda hurtada en una vivienda de Ram\u00edrez - Informe Litoral<\/title>\n<meta name=\"robots\" content=\"index, follow, max-snippet:-1, max-image-preview:large, max-video-preview:-1\" \/>\n<link rel=\"canonical\" href=\"https:\/\/informelitoral.com.ar\/hallan-electrodomestico-y-mercaderia-hurtada-en-una-vivienda-de-ramirez\/\" \/>\n<meta property=\"og:locale\" content=\"es_ES\" \/>\n<meta property=\"og:type\" content=\"article\" \/>\n<meta property=\"og:title\" content=\"Hallan electrodom\u00e9stico y mercader\u00eda hurtada en una vivienda de Ram\u00edrez - Informe Litoral\" \/>\n<meta property=\"og:description\" content=\"La sustracci\u00f3n ocurri\u00f3 d\u00edas atr\u00e1s y en la madrugada del martes, mediante un rastrillaje comenzaron a recuperar pertenencias.\" \/>\n<meta property=\"og:url\" content=\"https:\/\/informelitoral.com.ar\/hallan-electrodomestico-y-mercaderia-hurtada-en-una-vivienda-de-ramirez\/\" \/>\n<meta property=\"og:site_name\" content=\"Informe Litoral\" \/>\n<meta property=\"article:publisher\" content=\"https:\/\/www.facebook.com\/informelitoral\/\" \/>\n<meta property=\"article:published_time\" content=\"2024-04-10T10:50:15+00:00\" \/>\n<meta property=\"article:modified_time\" content=\"2024-04-11T02:45:12+00:00\" \/>\n<meta property=\"og:image\" content=\"https:\/\/informelitoral.com.ar\/%77%70%2d%63%6f%6e%74%65%6e%74\/uploads\/2024\/04\/multimedia.normal.93f47b2d605873b8.cmFtaXJlel9ub3JtYWwud2VicA.webp\" \/>\n\t<meta property=\"og:image:width\" content=\"820\" \/>\n\t<meta property=\"og:image:height\" content=\"540\" \/>\n\t<meta property=\"og:image:type\" content=\"image\/webp\" \/>\n<meta name=\"author\" content=\"Sebastian\" \/>\n<meta name=\"twitter:card\" content=\"summary_large_image\" \/>\n<meta name=\"twitter:creator\" content=\"@InformeLitoral\" \/>\n<meta name=\"twitter:site\" content=\"@InformeLitoral\" \/>\n<meta name=\"twitter:label1\" content=\"Escrito por\" \/>\n\t<meta name=\"twitter:data1\" content=\"Sebastian\" \/>\n\t<meta name=\"twitter:label2\" content=\"Tiempo de lectura\" \/>\n\t<meta name=\"twitter:data2\" content=\"1 minuto\" \/>\n<script type=\"application\/ld+json\" class=\"yoast-schema-graph\">{\"@context\":\"https:\\\/\\\/schema.org\",\"@graph\":[{\"@type\":\"Article\",\"@id\":\"https:\\\/\\\/informelitoral.com.ar\\\/hallan-electrodomestico-y-mercaderia-hurtada-en-una-vivienda-de-ramirez\\\/#article\",\"isPartOf\":{\"@id\":\"https:\\\/\\\/informelitoral.com.ar\\\/hallan-electrodomestico-y-mercaderia-hurtada-en-una-vivienda-de-ramirez\\\/\"},\"author\":{\"name\":\"Sebastian\",\"@id\":\"https:\\\/\\\/informelitoral.com.ar\\\/#\\\/schema\\\/person\\\/f05f9f461677119578717524b127d6d5\"},\"headline\":\"Hallan electrodom\u00e9stico y mercader\u00eda hurtada en una vivienda de Ram\u00edrez\",\"datePublished\":\"2024-04-10T10:50:15+00:00\",\"dateModified\":\"2024-04-11T02:45:12+00:00\",\"mainEntityOfPage\":{\"@id\":\"https:\\\/\\\/informelitoral.com.ar\\\/hallan-electrodomestico-y-mercaderia-hurtada-en-una-vivienda-de-ramirez\\\/\"},\"wordCount\":138,\"commentCount\":0,\"publisher\":{\"@id\":\"https:\\\/\\\/informelitoral.com.ar\\\/#organization\"},\"image\":{\"@id\":\"https:\\\/\\\/informelitoral.com.ar\\\/hallan-electrodomestico-y-mercaderia-hurtada-en-una-vivienda-de-ramirez\\\/#primaryimage\"},\"thumbnailUrl\":\"https:\\\/\\\/informelitoral.com.ar\\\/%77%70%2d%63%6f%6e%74%65%6e%74\\\/uploads\\\/2024\\\/04\\\/multimedia.normal.93f47b2d605873b8.cmFtaXJlel9ub3JtYWwud2VicA.webp\",\"keywords\":[\"Comisar\u00eda Ram\u00edrez\",\"Robo\"],\"articleSection\":[\"Policiales\"],\"inLanguage\":\"es\",\"potentialAction\":[{\"@type\":\"CommentAction\",\"name\":\"Comment\",\"target\":[\"https:\\\/\\\/informelitoral.com.ar\\\/hallan-electrodomestico-y-mercaderia-hurtada-en-una-vivienda-de-ramirez\\\/#respond\"]}]},{\"@type\":\"WebPage\",\"@id\":\"https:\\\/\\\/informelitoral.com.ar\\\/hallan-electrodomestico-y-mercaderia-hurtada-en-una-vivienda-de-ramirez\\\/\",\"url\":\"https:\\\/\\\/informelitoral.com.ar\\\/hallan-electrodomestico-y-mercaderia-hurtada-en-una-vivienda-de-ramirez\\\/\",\"name\":\"Hallan electrodom\u00e9stico y mercader\u00eda hurtada en una vivienda de Ram\u00edrez - Informe Litoral\",\"isPartOf\":{\"@id\":\"https:\\\/\\\/informelitoral.com.ar\\\/#website\"},\"primaryImageOfPage\":{\"@id\":\"https:\\\/\\\/informelitoral.com.ar\\\/hallan-electrodomestico-y-mercaderia-hurtada-en-una-vivienda-de-ramirez\\\/#primaryimage\"},\"image\":{\"@id\":\"https:\\\/\\\/informelitoral.com.ar\\\/hallan-electrodomestico-y-mercaderia-hurtada-en-una-vivienda-de-ramirez\\\/#primaryimage\"},\"thumbnailUrl\":\"https:\\\/\\\/informelitoral.com.ar\\\/%77%70%2d%63%6f%6e%74%65%6e%74\\\/uploads\\\/2024\\\/04\\\/multimedia.normal.93f47b2d605873b8.cmFtaXJlel9ub3JtYWwud2VicA.webp\",\"datePublished\":\"2024-04-10T10:50:15+00:00\",\"dateModified\":\"2024-04-11T02:45:12+00:00\",\"breadcrumb\":{\"@id\":\"https:\\\/\\\/informelitoral.com.ar\\\/hallan-electrodomestico-y-mercaderia-hurtada-en-una-vivienda-de-ramirez\\\/#breadcrumb\"},\"inLanguage\":\"es\",\"potentialAction\":[{\"@type\":\"ReadAction\",\"target\":[\"https:\\\/\\\/informelitoral.com.ar\\\/hallan-electrodomestico-y-mercaderia-hurtada-en-una-vivienda-de-ramirez\\\/\"]}]},{\"@type\":\"ImageObject\",\"inLanguage\":\"es\",\"@id\":\"https:\\\/\\\/informelitoral.com.ar\\\/hallan-electrodomestico-y-mercaderia-hurtada-en-una-vivienda-de-ramirez\\\/#primaryimage\",\"url\":\"https:\\\/\\\/informelitoral.com.ar\\\/%77%70%2d%63%6f%6e%74%65%6e%74\\\/uploads\\\/2024\\\/04\\\/multimedia.normal.93f47b2d605873b8.cmFtaXJlel9ub3JtYWwud2VicA.webp\",\"contentUrl\":\"https:\\\/\\\/informelitoral.com.ar\\\/%77%70%2d%63%6f%6e%74%65%6e%74\\\/uploads\\\/2024\\\/04\\\/multimedia.normal.93f47b2d605873b8.cmFtaXJlel9ub3JtYWwud2VicA.webp\",\"width\":820,\"height\":540},{\"@type\":\"BreadcrumbList\",\"@id\":\"https:\\\/\\\/informelitoral.com.ar\\\/hallan-electrodomestico-y-mercaderia-hurtada-en-una-vivienda-de-ramirez\\\/#breadcrumb\",\"itemListElement\":[{\"@type\":\"ListItem\",\"position\":1,\"name\":\"Portada\",\"item\":\"https:\\\/\\\/informelitoral.com.ar\\\/\"},{\"@type\":\"ListItem\",\"position\":2,\"name\":\"Hallan electrodom\u00e9stico y mercader\u00eda hurtada en una vivienda de Ram\u00edrez\"}]},{\"@type\":\"WebSite\",\"@id\":\"https:\\\/\\\/informelitoral.com.ar\\\/#website\",\"url\":\"https:\\\/\\\/informelitoral.com.ar\\\/\",\"name\":\"Informe Litoral\",\"description\":\"&quot;Nos informamos&quot; \",\"publisher\":{\"@id\":\"https:\\\/\\\/informelitoral.com.ar\\\/#organization\"},\"potentialAction\":[{\"@type\":\"SearchAction\",\"target\":{\"@type\":\"EntryPoint\",\"urlTemplate\":\"https:\\\/\\\/informelitoral.com.ar\\\/?s={search_term_string}\"},\"query-input\":{\"@type\":\"PropertyValueSpecification\",\"valueRequired\":true,\"valueName\":\"search_term_string\"}}],\"inLanguage\":\"es\"},{\"@type\":\"Organization\",\"@id\":\"https:\\\/\\\/informelitoral.com.ar\\\/#organization\",\"name\":\"Informe Litoral\",\"url\":\"https:\\\/\\\/informelitoral.com.ar\\\/\",\"logo\":{\"@type\":\"ImageObject\",\"inLanguage\":\"es\",\"@id\":\"https:\\\/\\\/informelitoral.com.ar\\\/#\\\/schema\\\/logo\\\/image\\\/\",\"url\":\"https:\\\/\\\/informelitoral.com.ar\\\/%77%70%2d%63%6f%6e%74%65%6e%74\\\/uploads\\\/2021\\\/01\\\/circulo.png\",\"contentUrl\":\"https:\\\/\\\/informelitoral.com.ar\\\/%77%70%2d%63%6f%6e%74%65%6e%74\\\/uploads\\\/2021\\\/01\\\/circulo.png\",\"width\":723,\"height\":731,\"caption\":\"Informe Litoral\"},\"image\":{\"@id\":\"https:\\\/\\\/informelitoral.com.ar\\\/#\\\/schema\\\/logo\\\/image\\\/\"},\"sameAs\":[\"https:\\\/\\\/www.facebook.com\\\/informelitoral\\\/\",\"https:\\\/\\\/x.com\\\/InformeLitoral\",\"https:\\\/\\\/www.instagram.com\\\/informelitoral\\\/\",\"https:\\\/\\\/www.youtube.com\\\/channel\\\/UCua4Qvz8Icb6MYqhoq9xLXw\"]},{\"@type\":\"Person\",\"@id\":\"https:\\\/\\\/informelitoral.com.ar\\\/#\\\/schema\\\/person\\\/f05f9f461677119578717524b127d6d5\",\"name\":\"Sebastian\",\"image\":{\"@type\":\"ImageObject\",\"inLanguage\":\"es\",\"@id\":\"https:\\\/\\\/secure.gravatar.com\\\/avatar\\\/b71bf7481d447dfb9583c7f2798e7cc64de6efb9067b74633ed8c31059a3bd82?s=96&d=mm&r=g\",\"url\":\"https:\\\/\\\/secure.gravatar.com\\\/avatar\\\/b71bf7481d447dfb9583c7f2798e7cc64de6efb9067b74633ed8c31059a3bd82?s=96&d=mm&r=g\",\"contentUrl\":\"https:\\\/\\\/secure.gravatar.com\\\/avatar\\\/b71bf7481d447dfb9583c7f2798e7cc64de6efb9067b74633ed8c31059a3bd82?s=96&d=mm&r=g\",\"caption\":\"Sebastian\"},\"url\":\"https:\\\/\\\/informelitoral.com.ar\\\/author\\\/sebastian\\\/\"}]}<\/script>","yoast_head_json":{"title":"Hallan electrodom\u00e9stico y mercader\u00eda hurtada en una vivienda de Ram\u00edrez - Informe Litoral","robots":{"index":"index","follow":"follow","max-snippet":"max-snippet:-1","max-image-preview":"max-image-preview:large","max-video-preview":"max-video-preview:-1"},"canonical":"https:\/\/informelitoral.com.ar\/hallan-electrodomestico-y-mercaderia-hurtada-en-una-vivienda-de-ramirez\/","og_locale":"es_ES","og_type":"article","og_title":"Hallan electrodom\u00e9stico y mercader\u00eda hurtada en una vivienda de Ram\u00edrez - Informe Litoral","og_description":"La sustracci\u00f3n ocurri\u00f3 d\u00edas atr\u00e1s y en la madrugada del martes, mediante un rastrillaje comenzaron a recuperar pertenencias.","og_url":"https:\/\/informelitoral.com.ar\/hallan-electrodomestico-y-mercaderia-hurtada-en-una-vivienda-de-ramirez\/","og_site_name":"Informe Litoral","article_publisher":"https:\/\/www.facebook.com\/informelitoral\/","article_published_time":"2024-04-10T10:50:15+00:00","article_modified_time":"2024-04-11T02:45:12+00:00","og_image":[{"width":820,"height":540,"url":"https:\/\/informelitoral.com.ar\/%77%70%2d%63%6f%6e%74%65%6e%74\/uploads\/2024\/04\/multimedia.normal.93f47b2d605873b8.cmFtaXJlel9ub3JtYWwud2VicA.webp","type":"image\/webp"}],"author":"Sebastian","twitter_card":"summary_large_image","twitter_creator":"@InformeLitoral","twitter_site":"@InformeLitoral","twitter_misc":{"Escrito por":"Sebastian","Tiempo de lectura":"1 minuto"},"schema":{"@context":"https:\/\/schema.org","@graph":[{"@type":"Article","@id":"https:\/\/informelitoral.com.ar\/hallan-electrodomestico-y-mercaderia-hurtada-en-una-vivienda-de-ramirez\/#article","isPartOf":{"@id":"https:\/\/informelitoral.com.ar\/hallan-electrodomestico-y-mercaderia-hurtada-en-una-vivienda-de-ramirez\/"},"author":{"name":"Sebastian","@id":"https:\/\/informelitoral.com.ar\/#\/schema\/person\/f05f9f461677119578717524b127d6d5"},"headline":"Hallan electrodom\u00e9stico y mercader\u00eda hurtada en una vivienda de Ram\u00edrez","datePublished":"2024-04-10T10:50:15+00:00","dateModified":"2024-04-11T02:45:12+00:00","mainEntityOfPage":{"@id":"https:\/\/informelitoral.com.ar\/hallan-electrodomestico-y-mercaderia-hurtada-en-una-vivienda-de-ramirez\/"},"wordCount":138,"commentCount":0,"publisher":{"@id":"https:\/\/informelitoral.com.ar\/#organization"},"image":{"@id":"https:\/\/informelitoral.com.ar\/hallan-electrodomestico-y-mercaderia-hurtada-en-una-vivienda-de-ramirez\/#primaryimage"},"thumbnailUrl":"https:\/\/informelitoral.com.ar\/%77%70%2d%63%6f%6e%74%65%6e%74\/uploads\/2024\/04\/multimedia.normal.93f47b2d605873b8.cmFtaXJlel9ub3JtYWwud2VicA.webp","keywords":["Comisar\u00eda Ram\u00edrez","Robo"],"articleSection":["Policiales"],"inLanguage":"es","potentialAction":[{"@type":"CommentAction","name":"Comment","target":["https:\/\/informelitoral.com.ar\/hallan-electrodomestico-y-mercaderia-hurtada-en-una-vivienda-de-ramirez\/#respond"]}]},{"@type":"WebPage","@id":"https:\/\/informelitoral.com.ar\/hallan-electrodomestico-y-mercaderia-hurtada-en-una-vivienda-de-ramirez\/","url":"https:\/\/informelitoral.com.ar\/hallan-electrodomestico-y-mercaderia-hurtada-en-una-vivienda-de-ramirez\/","name":"Hallan electrodom\u00e9stico y mercader\u00eda hurtada en una vivienda de Ram\u00edrez - Informe Litoral","isPartOf":{"@id":"https:\/\/informelitoral.com.ar\/#website"},"primaryImageOfPage":{"@id":"https:\/\/informelitoral.com.ar\/hallan-electrodomestico-y-mercaderia-hurtada-en-una-vivienda-de-ramirez\/#primaryimage"},"image":{"@id":"https:\/\/informelitoral.com.ar\/hallan-electrodomestico-y-mercaderia-hurtada-en-una-vivienda-de-ramirez\/#primaryimage"},"thumbnailUrl":"https:\/\/informelitoral.com.ar\/%77%70%2d%63%6f%6e%74%65%6e%74\/uploads\/2024\/04\/multimedia.normal.93f47b2d605873b8.cmFtaXJlel9ub3JtYWwud2VicA.webp","datePublished":"2024-04-10T10:50:15+00:00","dateModified":"2024-04-11T02:45:12+00:00","breadcrumb":{"@id":"https:\/\/informelitoral.com.ar\/hallan-electrodomestico-y-mercaderia-hurtada-en-una-vivienda-de-ramirez\/#breadcrumb"},"inLanguage":"es","potentialAction":[{"@type":"ReadAction","target":["https:\/\/informelitoral.com.ar\/hallan-electrodomestico-y-mercaderia-hurtada-en-una-vivienda-de-ramirez\/"]}]},{"@type":"ImageObject","inLanguage":"es","@id":"https:\/\/informelitoral.com.ar\/hallan-electrodomestico-y-mercaderia-hurtada-en-una-vivienda-de-ramirez\/#primaryimage","url":"https:\/\/informelitoral.com.ar\/%77%70%2d%63%6f%6e%74%65%6e%74\/uploads\/2024\/04\/multimedia.normal.93f47b2d605873b8.cmFtaXJlel9ub3JtYWwud2VicA.webp","contentUrl":"https:\/\/informelitoral.com.ar\/%77%70%2d%63%6f%6e%74%65%6e%74\/uploads\/2024\/04\/multimedia.normal.93f47b2d605873b8.cmFtaXJlel9ub3JtYWwud2VicA.webp","width":820,"height":540},{"@type":"BreadcrumbList","@id":"https:\/\/informelitoral.com.ar\/hallan-electrodomestico-y-mercaderia-hurtada-en-una-vivienda-de-ramirez\/#breadcrumb","itemListElement":[{"@type":"ListItem","position":1,"name":"Portada","item":"https:\/\/informelitoral.com.ar\/"},{"@type":"ListItem","position":2,"name":"Hallan electrodom\u00e9stico y mercader\u00eda hurtada en una vivienda de Ram\u00edrez"}]},{"@type":"WebSite","@id":"https:\/\/informelitoral.com.ar\/#website","url":"https:\/\/informelitoral.com.ar\/","name":"Informe Litoral","description":"&quot;Nos informamos&quot; ","publisher":{"@id":"https:\/\/informelitoral.com.ar\/#organization"},"potentialAction":[{"@type":"SearchAction","target":{"@type":"EntryPoint","urlTemplate":"https:\/\/informelitoral.com.ar\/?s={search_term_string}"},"query-input":{"@type":"PropertyValueSpecification","valueRequired":true,"valueName":"search_term_string"}}],"inLanguage":"es"},{"@type":"Organization","@id":"https:\/\/informelitoral.com.ar\/#organization","name":"Informe Litoral","url":"https:\/\/informelitoral.com.ar\/","logo":{"@type":"ImageObject","inLanguage":"es","@id":"https:\/\/informelitoral.com.ar\/#\/schema\/logo\/image\/","url":"https:\/\/informelitoral.com.ar\/%77%70%2d%63%6f%6e%74%65%6e%74\/uploads\/2021\/01\/circulo.png","contentUrl":"https:\/\/informelitoral.com.ar\/%77%70%2d%63%6f%6e%74%65%6e%74\/uploads\/2021\/01\/circulo.png","width":723,"height":731,"caption":"Informe Litoral"},"image":{"@id":"https:\/\/informelitoral.com.ar\/#\/schema\/logo\/image\/"},"sameAs":["https:\/\/www.facebook.com\/informelitoral\/","https:\/\/x.com\/InformeLitoral","https:\/\/www.instagram.com\/informelitoral\/","https:\/\/www.youtube.com\/channel\/UCua4Qvz8Icb6MYqhoq9xLXw"]},{"@type":"Person","@id":"https:\/\/informelitoral.com.ar\/#\/schema\/person\/f05f9f461677119578717524b127d6d5","name":"Sebastian","image":{"@type":"ImageObject","inLanguage":"es","@id":"https:\/\/secure.gravatar.com\/avatar\/b71bf7481d447dfb9583c7f2798e7cc64de6efb9067b74633ed8c31059a3bd82?s=96&d=mm&r=g","url":"https:\/\/secure.gravatar.com\/avatar\/b71bf7481d447dfb9583c7f2798e7cc64de6efb9067b74633ed8c31059a3bd82?s=96&d=mm&r=g","contentUrl":"https:\/\/secure.gravatar.com\/avatar\/b71bf7481d447dfb9583c7f2798e7cc64de6efb9067b74633ed8c31059a3bd82?s=96&d=mm&r=g","caption":"Sebastian"},"url":"https:\/\/informelitoral.com.ar\/author\/sebastian\/"}]}},"_links":{"self":[{"href":"https:\/\/informelitoral.com.ar\/%77%70%2d%6a%73%6f%6e\/wp\/v2\/posts\/184118","targetHints":{"allow":["GET"]}}],"collection":[{"href":"https:\/\/informelitoral.com.ar\/%77%70%2d%6a%73%6f%6e\/wp\/v2\/posts"}],"about":[{"href":"https:\/\/informelitoral.com.ar\/%77%70%2d%6a%73%6f%6e\/wp\/v2\/types\/post"}],"author":[{"embeddable":true,"href":"https:\/\/informelitoral.com.ar\/%77%70%2d%6a%73%6f%6e\/wp\/v2\/users\/8"}],"replies":[{"embeddable":true,"href":"https:\/\/informelitoral.com.ar\/%77%70%2d%6a%73%6f%6e\/wp\/v2\/comments?post=184118"}],"version-history":[{"count":0,"href":"https:\/\/informelitoral.com.ar\/%77%70%2d%6a%73%6f%6e\/wp\/v2\/posts\/184118\/revisions"}],"wp:featuredmedia":[{"embeddable":true,"href":"https:\/\/informelitoral.com.ar\/%77%70%2d%6a%73%6f%6e\/wp\/v2\/media\/184119"}],"wp:attachment":[{"href":"https:\/\/informelitoral.com.ar\/%77%70%2d%6a%73%6f%6e\/wp\/v2\/media?parent=184118"}],"wp:term":[{"taxonomy":"category","embeddable":true,"href":"https:\/\/informelitoral.com.ar\/%77%70%2d%6a%73%6f%6e\/wp\/v2\/categories?post=184118"},{"taxonomy":"post_tag","embeddable":true,"href":"https:\/\/informelitoral.com.ar\/%77%70%2d%6a%73%6f%6e\/wp\/v2\/tags?post=184118"}],"curies":[{"name":"wp","href":"https:\/\/api.w.org\/{rel}","templated":true}]}}