{"id":184113,"date":"2024-04-10T07:21:56","date_gmt":"2024-04-10T10:21:56","guid":{"rendered":"https:\/\/www.informelitoral.com.ar\/?p=184113"},"modified":"2024-04-10T07:21:57","modified_gmt":"2024-04-10T10:21:57","slug":"vuelve-la-inestabilidad-y-desciende-la-temperatura","status":"publish","type":"post","link":"https:\/\/informelitoral.com.ar\/vuelve-la-inestabilidad-y-desciende-la-temperatura\/","title":{"rendered":"Vuelve la inestabilidad y desciende la temperatura"},"content":{"rendered":"<p>La presencia de nubosidad y tiempo m\u00e1s inestable se har\u00e1 notar hoy en el centro del pa\u00eds, abarcando a \u00e1reas de las provincias de C\u00f3rdoba, Santa Fe y Entre R\u00edos, con lluvias y lloviznas.<\/p>\n<p>La temperatura continuar\u00e1 bajando, con viento del este\/sudeste que se presentar\u00eda con r\u00e1fagas que podr\u00edan superar los 20 grados. La temperatura continuar\u00e1 bajando, con m\u00e1ximas que nos sobrepasar\u00edan los 20 grados.<\/p>\n<p>El jueves por la ma\u00f1ana se observar\u00e1n los momentos m\u00e1s fr\u00edos de la semana para la porci\u00f3n central del pa\u00eds, con registros t\u00e9rmicos apenas por encima de 10 grados en Entre R\u00edos.<\/p>\n<p>Esta situaci\u00f3n ser\u00e1 de corta duraci\u00f3n, ya que, a partir del mismo jueves, el viento volver\u00e1 a posicionarse del sector norte y provocar\u00e1 un progresivo incremento de las marcas t\u00e9rmicas, aunque hay que destacar que los valores ser\u00e1n propios de la \u00e9poca oto\u00f1al.<\/p>\n<p><b>Probable ciclog\u00e9nesis en Argentina con lluvias abundantes<\/b><\/p>\n<p>\u201cDesde el jueves se ir\u00e1 afianzando un bloqueo importante en la circulaci\u00f3n atmosf\u00e9rica regional, con altas presiones dominando la escena sobre el Oc\u00e9ano Atl\u00e1ntico, al este de Argentina\u201d, advirti\u00f3 el meteor\u00f3logo, Christian Garavaglia.<\/p>\n<p>Por otra parte, \u201cuna vaguada en altura (formaci\u00f3n de sistemas de baja presi\u00f3n, lo que implica que el aire caliente y h\u00famedo asciende y se enfr\u00eda, provocando la formaci\u00f3n de nubes y precipitaciones) acerc\u00e1ndose desde el Oc\u00e9ano Pacifico, se ver\u00e1 imposibilitada de avanzar libremente hacia el este, tendiendo a profundizarse y mantenerse bastante estacionaria sobre el oeste de Argentina varios d\u00edas\u201d.<\/p>\n<figure class=\"embed\"><img decoding=\"async\" title=\"\" src=\"https:\/\/elonce-media.elonce.com\/fotos-nuevo\/2024\/04\/09\/o_1712646809_1.jpg\" alt=\"\" width=\"640\" \/><\/figure>\n<p>Esta situaci\u00f3n \u201c<b>desembocar\u00e1 en una ciclog\u00e9nesis de lento desarrollo, induci\u00e9ndose la formaci\u00f3n de un centro de bajas presiones hacia inicios de la pr\u00f3xima semana en el centro de Argentina<\/b>\u201d, adelant\u00f3 el especialista.<\/p>\n<p>De esta forma, la segunda mitad de la semana venidera \u201cse proyecta muy inestable desde el norte de la Patagonia hacia el norte del pa\u00eds, de manera bien generalizada, con cielos muy cubiertos y alta chance de precipitaciones\u201d.<br \/>\nEl \u201cfin de semana sobre Cuyo, C\u00f3rdoba y La Pampa, ser\u00eda el primer sector castigado con lluvias que aparentar\u00e1n ser muy abundantes en esos d\u00edas, con marcas muy por encima de los valores normales para la \u00e9poca\u201d, adelant\u00f3 Garavaglia en\u00a0<i>Meteored<\/i>.<\/p>\n<p>En\u00a0<b>Entre R\u00edos, la inestabilidad se har\u00eda notar desde el viernes a la tarde<\/b>.<\/p>\n","protected":false},"excerpt":{"rendered":"<p>Este mi\u00e9rcoles la temperatura m\u00e1xima no superar\u00eda los 20 grados y ma\u00f1ana ser\u00e1 m\u00e1s baja todav\u00eda. <\/p>\n","protected":false},"author":2,"featured_media":23785,"comment_status":"open","ping_status":"open","sticky":false,"template":"","format":"standard","meta":{"fifu_image_url":"","fifu_image_alt":"","footnotes":""},"categories":[7],"tags":[38,2759,113],"class_list":{"0":"post-184113","1":"post","2":"type-post","3":"status-publish","4":"format-standard","5":"has-post-thumbnail","7":"category-nacionales","8":"tag-el-tiempo","9":"tag-pronostico-del-tiempo","10":"tag-smn"},"yoast_head":"<title>Vuelve la inestabilidad y desciende la temperatura - Informe Litoral<\/title>\n<meta name=\"robots\" content=\"index, follow, max-snippet:-1, max-image-preview:large, max-video-preview:-1\" \/>\n<link rel=\"canonical\" href=\"https:\/\/informelitoral.com.ar\/vuelve-la-inestabilidad-y-desciende-la-temperatura\/\" \/>\n<meta property=\"og:locale\" content=\"es_ES\" \/>\n<meta property=\"og:type\" content=\"article\" \/>\n<meta property=\"og:title\" content=\"Vuelve la inestabilidad y desciende la temperatura - Informe Litoral\" \/>\n<meta property=\"og:description\" content=\"Este mi\u00e9rcoles la temperatura m\u00e1xima no superar\u00eda los 20 grados y ma\u00f1ana ser\u00e1 m\u00e1s baja todav\u00eda.\" \/>\n<meta property=\"og:url\" content=\"https:\/\/informelitoral.com.ar\/vuelve-la-inestabilidad-y-desciende-la-temperatura\/\" \/>\n<meta property=\"og:site_name\" content=\"Informe Litoral\" \/>\n<meta property=\"article:publisher\" content=\"https:\/\/www.facebook.com\/informelitoral\/\" \/>\n<meta property=\"article:published_time\" content=\"2024-04-10T10:21:56+00:00\" \/>\n<meta property=\"article:modified_time\" content=\"2024-04-10T10:21:57+00:00\" \/>\n<meta property=\"og:image\" content=\"https:\/\/informelitoral.com.ar\/%77%70%2d%63%6f%6e%74%65%6e%74\/uploads\/2017\/11\/cielo-nublado.jpg\" \/>\n\t<meta property=\"og:image:width\" content=\"960\" \/>\n\t<meta property=\"og:image:height\" content=\"720\" \/>\n\t<meta property=\"og:image:type\" content=\"image\/jpeg\" \/>\n<meta name=\"author\" content=\"Gonzalo Schmidt\" \/>\n<meta name=\"twitter:card\" content=\"summary_large_image\" \/>\n<meta name=\"twitter:creator\" content=\"@InformeLitoral\" \/>\n<meta name=\"twitter:site\" content=\"@InformeLitoral\" \/>\n<meta name=\"twitter:label1\" content=\"Escrito por\" \/>\n\t<meta name=\"twitter:data1\" content=\"Gonzalo Schmidt\" \/>\n\t<meta name=\"twitter:label2\" content=\"Tiempo de lectura\" \/>\n\t<meta name=\"twitter:data2\" content=\"2 minutos\" \/>\n<script type=\"application\/ld+json\" class=\"yoast-schema-graph\">{\"@context\":\"https:\\\/\\\/schema.org\",\"@graph\":[{\"@type\":\"Article\",\"@id\":\"https:\\\/\\\/informelitoral.com.ar\\\/vuelve-la-inestabilidad-y-desciende-la-temperatura\\\/#article\",\"isPartOf\":{\"@id\":\"https:\\\/\\\/informelitoral.com.ar\\\/vuelve-la-inestabilidad-y-desciende-la-temperatura\\\/\"},\"author\":{\"name\":\"Gonzalo Schmidt\",\"@id\":\"https:\\\/\\\/informelitoral.com.ar\\\/#\\\/schema\\\/person\\\/b9d00407c836482871ef1d57bf8e3180\"},\"headline\":\"Vuelve la inestabilidad y desciende la temperatura\",\"datePublished\":\"2024-04-10T10:21:56+00:00\",\"dateModified\":\"2024-04-10T10:21:57+00:00\",\"mainEntityOfPage\":{\"@id\":\"https:\\\/\\\/informelitoral.com.ar\\\/vuelve-la-inestabilidad-y-desciende-la-temperatura\\\/\"},\"wordCount\":419,\"commentCount\":0,\"publisher\":{\"@id\":\"https:\\\/\\\/informelitoral.com.ar\\\/#organization\"},\"image\":{\"@id\":\"https:\\\/\\\/informelitoral.com.ar\\\/vuelve-la-inestabilidad-y-desciende-la-temperatura\\\/#primaryimage\"},\"thumbnailUrl\":\"https:\\\/\\\/informelitoral.com.ar\\\/%77%70%2d%63%6f%6e%74%65%6e%74\\\/uploads\\\/2017\\\/11\\\/cielo-nublado.jpg\",\"keywords\":[\"El tiempo\",\"Pron\u00f3stico del tiempo\",\"SMN\"],\"articleSection\":[\"Nacionales\"],\"inLanguage\":\"es\",\"potentialAction\":[{\"@type\":\"CommentAction\",\"name\":\"Comment\",\"target\":[\"https:\\\/\\\/informelitoral.com.ar\\\/vuelve-la-inestabilidad-y-desciende-la-temperatura\\\/#respond\"]}]},{\"@type\":\"WebPage\",\"@id\":\"https:\\\/\\\/informelitoral.com.ar\\\/vuelve-la-inestabilidad-y-desciende-la-temperatura\\\/\",\"url\":\"https:\\\/\\\/informelitoral.com.ar\\\/vuelve-la-inestabilidad-y-desciende-la-temperatura\\\/\",\"name\":\"Vuelve la inestabilidad y desciende la temperatura - Informe Litoral\",\"isPartOf\":{\"@id\":\"https:\\\/\\\/informelitoral.com.ar\\\/#website\"},\"primaryImageOfPage\":{\"@id\":\"https:\\\/\\\/informelitoral.com.ar\\\/vuelve-la-inestabilidad-y-desciende-la-temperatura\\\/#primaryimage\"},\"image\":{\"@id\":\"https:\\\/\\\/informelitoral.com.ar\\\/vuelve-la-inestabilidad-y-desciende-la-temperatura\\\/#primaryimage\"},\"thumbnailUrl\":\"https:\\\/\\\/informelitoral.com.ar\\\/%77%70%2d%63%6f%6e%74%65%6e%74\\\/uploads\\\/2017\\\/11\\\/cielo-nublado.jpg\",\"datePublished\":\"2024-04-10T10:21:56+00:00\",\"dateModified\":\"2024-04-10T10:21:57+00:00\",\"breadcrumb\":{\"@id\":\"https:\\\/\\\/informelitoral.com.ar\\\/vuelve-la-inestabilidad-y-desciende-la-temperatura\\\/#breadcrumb\"},\"inLanguage\":\"es\",\"potentialAction\":[{\"@type\":\"ReadAction\",\"target\":[\"https:\\\/\\\/informelitoral.com.ar\\\/vuelve-la-inestabilidad-y-desciende-la-temperatura\\\/\"]}]},{\"@type\":\"ImageObject\",\"inLanguage\":\"es\",\"@id\":\"https:\\\/\\\/informelitoral.com.ar\\\/vuelve-la-inestabilidad-y-desciende-la-temperatura\\\/#primaryimage\",\"url\":\"https:\\\/\\\/informelitoral.com.ar\\\/%77%70%2d%63%6f%6e%74%65%6e%74\\\/uploads\\\/2017\\\/11\\\/cielo-nublado.jpg\",\"contentUrl\":\"https:\\\/\\\/informelitoral.com.ar\\\/%77%70%2d%63%6f%6e%74%65%6e%74\\\/uploads\\\/2017\\\/11\\\/cielo-nublado.jpg\",\"width\":960,\"height\":720},{\"@type\":\"BreadcrumbList\",\"@id\":\"https:\\\/\\\/informelitoral.com.ar\\\/vuelve-la-inestabilidad-y-desciende-la-temperatura\\\/#breadcrumb\",\"itemListElement\":[{\"@type\":\"ListItem\",\"position\":1,\"name\":\"Portada\",\"item\":\"https:\\\/\\\/informelitoral.com.ar\\\/\"},{\"@type\":\"ListItem\",\"position\":2,\"name\":\"Vuelve la inestabilidad y desciende la temperatura\"}]},{\"@type\":\"WebSite\",\"@id\":\"https:\\\/\\\/informelitoral.com.ar\\\/#website\",\"url\":\"https:\\\/\\\/informelitoral.com.ar\\\/\",\"name\":\"Informe Litoral\",\"description\":\"&quot;Nos informamos&quot; \",\"publisher\":{\"@id\":\"https:\\\/\\\/informelitoral.com.ar\\\/#organization\"},\"potentialAction\":[{\"@type\":\"SearchAction\",\"target\":{\"@type\":\"EntryPoint\",\"urlTemplate\":\"https:\\\/\\\/informelitoral.com.ar\\\/?s={search_term_string}\"},\"query-input\":{\"@type\":\"PropertyValueSpecification\",\"valueRequired\":true,\"valueName\":\"search_term_string\"}}],\"inLanguage\":\"es\"},{\"@type\":\"Organization\",\"@id\":\"https:\\\/\\\/informelitoral.com.ar\\\/#organization\",\"name\":\"Informe Litoral\",\"url\":\"https:\\\/\\\/informelitoral.com.ar\\\/\",\"logo\":{\"@type\":\"ImageObject\",\"inLanguage\":\"es\",\"@id\":\"https:\\\/\\\/informelitoral.com.ar\\\/#\\\/schema\\\/logo\\\/image\\\/\",\"url\":\"https:\\\/\\\/informelitoral.com.ar\\\/%77%70%2d%63%6f%6e%74%65%6e%74\\\/uploads\\\/2021\\\/01\\\/circulo.png\",\"contentUrl\":\"https:\\\/\\\/informelitoral.com.ar\\\/%77%70%2d%63%6f%6e%74%65%6e%74\\\/uploads\\\/2021\\\/01\\\/circulo.png\",\"width\":723,\"height\":731,\"caption\":\"Informe Litoral\"},\"image\":{\"@id\":\"https:\\\/\\\/informelitoral.com.ar\\\/#\\\/schema\\\/logo\\\/image\\\/\"},\"sameAs\":[\"https:\\\/\\\/www.facebook.com\\\/informelitoral\\\/\",\"https:\\\/\\\/x.com\\\/InformeLitoral\",\"https:\\\/\\\/www.instagram.com\\\/informelitoral\\\/\",\"https:\\\/\\\/www.youtube.com\\\/channel\\\/UCua4Qvz8Icb6MYqhoq9xLXw\"]},{\"@type\":\"Person\",\"@id\":\"https:\\\/\\\/informelitoral.com.ar\\\/#\\\/schema\\\/person\\\/b9d00407c836482871ef1d57bf8e3180\",\"name\":\"Gonzalo Schmidt\",\"image\":{\"@type\":\"ImageObject\",\"inLanguage\":\"es\",\"@id\":\"https:\\\/\\\/secure.gravatar.com\\\/avatar\\\/31a1a7b66ff2de83bd0e9fd79d026630d2d99e55e8bfe501287647b4fd9743de?s=96&d=mm&r=g\",\"url\":\"https:\\\/\\\/secure.gravatar.com\\\/avatar\\\/31a1a7b66ff2de83bd0e9fd79d026630d2d99e55e8bfe501287647b4fd9743de?s=96&d=mm&r=g\",\"contentUrl\":\"https:\\\/\\\/secure.gravatar.com\\\/avatar\\\/31a1a7b66ff2de83bd0e9fd79d026630d2d99e55e8bfe501287647b4fd9743de?s=96&d=mm&r=g\",\"caption\":\"Gonzalo Schmidt\"},\"description\":\"Sitio web de noticias de la provincia de Entre R\u00edos, Argentina. Informaci\u00f3n y entretenimiento. Informe Litoral, nos informamos.\",\"sameAs\":[\"http:\\\/\\\/www.isletasnoticias.com.ar\"],\"url\":\"https:\\\/\\\/informelitoral.com.ar\\\/author\\\/gonzalo\\\/\"}]}<\/script>","yoast_head_json":{"title":"Vuelve la inestabilidad y desciende la temperatura - Informe Litoral","robots":{"index":"index","follow":"follow","max-snippet":"max-snippet:-1","max-image-preview":"max-image-preview:large","max-video-preview":"max-video-preview:-1"},"canonical":"https:\/\/informelitoral.com.ar\/vuelve-la-inestabilidad-y-desciende-la-temperatura\/","og_locale":"es_ES","og_type":"article","og_title":"Vuelve la inestabilidad y desciende la temperatura - Informe Litoral","og_description":"Este mi\u00e9rcoles la temperatura m\u00e1xima no superar\u00eda los 20 grados y ma\u00f1ana ser\u00e1 m\u00e1s baja todav\u00eda.","og_url":"https:\/\/informelitoral.com.ar\/vuelve-la-inestabilidad-y-desciende-la-temperatura\/","og_site_name":"Informe Litoral","article_publisher":"https:\/\/www.facebook.com\/informelitoral\/","article_published_time":"2024-04-10T10:21:56+00:00","article_modified_time":"2024-04-10T10:21:57+00:00","og_image":[{"width":960,"height":720,"url":"https:\/\/informelitoral.com.ar\/%77%70%2d%63%6f%6e%74%65%6e%74\/uploads\/2017\/11\/cielo-nublado.jpg","type":"image\/jpeg"}],"author":"Gonzalo Schmidt","twitter_card":"summary_large_image","twitter_creator":"@InformeLitoral","twitter_site":"@InformeLitoral","twitter_misc":{"Escrito por":"Gonzalo Schmidt","Tiempo de lectura":"2 minutos"},"schema":{"@context":"https:\/\/schema.org","@graph":[{"@type":"Article","@id":"https:\/\/informelitoral.com.ar\/vuelve-la-inestabilidad-y-desciende-la-temperatura\/#article","isPartOf":{"@id":"https:\/\/informelitoral.com.ar\/vuelve-la-inestabilidad-y-desciende-la-temperatura\/"},"author":{"name":"Gonzalo Schmidt","@id":"https:\/\/informelitoral.com.ar\/#\/schema\/person\/b9d00407c836482871ef1d57bf8e3180"},"headline":"Vuelve la inestabilidad y desciende la temperatura","datePublished":"2024-04-10T10:21:56+00:00","dateModified":"2024-04-10T10:21:57+00:00","mainEntityOfPage":{"@id":"https:\/\/informelitoral.com.ar\/vuelve-la-inestabilidad-y-desciende-la-temperatura\/"},"wordCount":419,"commentCount":0,"publisher":{"@id":"https:\/\/informelitoral.com.ar\/#organization"},"image":{"@id":"https:\/\/informelitoral.com.ar\/vuelve-la-inestabilidad-y-desciende-la-temperatura\/#primaryimage"},"thumbnailUrl":"https:\/\/informelitoral.com.ar\/%77%70%2d%63%6f%6e%74%65%6e%74\/uploads\/2017\/11\/cielo-nublado.jpg","keywords":["El tiempo","Pron\u00f3stico del tiempo","SMN"],"articleSection":["Nacionales"],"inLanguage":"es","potentialAction":[{"@type":"CommentAction","name":"Comment","target":["https:\/\/informelitoral.com.ar\/vuelve-la-inestabilidad-y-desciende-la-temperatura\/#respond"]}]},{"@type":"WebPage","@id":"https:\/\/informelitoral.com.ar\/vuelve-la-inestabilidad-y-desciende-la-temperatura\/","url":"https:\/\/informelitoral.com.ar\/vuelve-la-inestabilidad-y-desciende-la-temperatura\/","name":"Vuelve la inestabilidad y desciende la temperatura - Informe Litoral","isPartOf":{"@id":"https:\/\/informelitoral.com.ar\/#website"},"primaryImageOfPage":{"@id":"https:\/\/informelitoral.com.ar\/vuelve-la-inestabilidad-y-desciende-la-temperatura\/#primaryimage"},"image":{"@id":"https:\/\/informelitoral.com.ar\/vuelve-la-inestabilidad-y-desciende-la-temperatura\/#primaryimage"},"thumbnailUrl":"https:\/\/informelitoral.com.ar\/%77%70%2d%63%6f%6e%74%65%6e%74\/uploads\/2017\/11\/cielo-nublado.jpg","datePublished":"2024-04-10T10:21:56+00:00","dateModified":"2024-04-10T10:21:57+00:00","breadcrumb":{"@id":"https:\/\/informelitoral.com.ar\/vuelve-la-inestabilidad-y-desciende-la-temperatura\/#breadcrumb"},"inLanguage":"es","potentialAction":[{"@type":"ReadAction","target":["https:\/\/informelitoral.com.ar\/vuelve-la-inestabilidad-y-desciende-la-temperatura\/"]}]},{"@type":"ImageObject","inLanguage":"es","@id":"https:\/\/informelitoral.com.ar\/vuelve-la-inestabilidad-y-desciende-la-temperatura\/#primaryimage","url":"https:\/\/informelitoral.com.ar\/%77%70%2d%63%6f%6e%74%65%6e%74\/uploads\/2017\/11\/cielo-nublado.jpg","contentUrl":"https:\/\/informelitoral.com.ar\/%77%70%2d%63%6f%6e%74%65%6e%74\/uploads\/2017\/11\/cielo-nublado.jpg","width":960,"height":720},{"@type":"BreadcrumbList","@id":"https:\/\/informelitoral.com.ar\/vuelve-la-inestabilidad-y-desciende-la-temperatura\/#breadcrumb","itemListElement":[{"@type":"ListItem","position":1,"name":"Portada","item":"https:\/\/informelitoral.com.ar\/"},{"@type":"ListItem","position":2,"name":"Vuelve la inestabilidad y desciende la temperatura"}]},{"@type":"WebSite","@id":"https:\/\/informelitoral.com.ar\/#website","url":"https:\/\/informelitoral.com.ar\/","name":"Informe Litoral","description":"&quot;Nos informamos&quot; ","publisher":{"@id":"https:\/\/informelitoral.com.ar\/#organization"},"potentialAction":[{"@type":"SearchAction","target":{"@type":"EntryPoint","urlTemplate":"https:\/\/informelitoral.com.ar\/?s={search_term_string}"},"query-input":{"@type":"PropertyValueSpecification","valueRequired":true,"valueName":"search_term_string"}}],"inLanguage":"es"},{"@type":"Organization","@id":"https:\/\/informelitoral.com.ar\/#organization","name":"Informe Litoral","url":"https:\/\/informelitoral.com.ar\/","logo":{"@type":"ImageObject","inLanguage":"es","@id":"https:\/\/informelitoral.com.ar\/#\/schema\/logo\/image\/","url":"https:\/\/informelitoral.com.ar\/%77%70%2d%63%6f%6e%74%65%6e%74\/uploads\/2021\/01\/circulo.png","contentUrl":"https:\/\/informelitoral.com.ar\/%77%70%2d%63%6f%6e%74%65%6e%74\/uploads\/2021\/01\/circulo.png","width":723,"height":731,"caption":"Informe Litoral"},"image":{"@id":"https:\/\/informelitoral.com.ar\/#\/schema\/logo\/image\/"},"sameAs":["https:\/\/www.facebook.com\/informelitoral\/","https:\/\/x.com\/InformeLitoral","https:\/\/www.instagram.com\/informelitoral\/","https:\/\/www.youtube.com\/channel\/UCua4Qvz8Icb6MYqhoq9xLXw"]},{"@type":"Person","@id":"https:\/\/informelitoral.com.ar\/#\/schema\/person\/b9d00407c836482871ef1d57bf8e3180","name":"Gonzalo Schmidt","image":{"@type":"ImageObject","inLanguage":"es","@id":"https:\/\/secure.gravatar.com\/avatar\/31a1a7b66ff2de83bd0e9fd79d026630d2d99e55e8bfe501287647b4fd9743de?s=96&d=mm&r=g","url":"https:\/\/secure.gravatar.com\/avatar\/31a1a7b66ff2de83bd0e9fd79d026630d2d99e55e8bfe501287647b4fd9743de?s=96&d=mm&r=g","contentUrl":"https:\/\/secure.gravatar.com\/avatar\/31a1a7b66ff2de83bd0e9fd79d026630d2d99e55e8bfe501287647b4fd9743de?s=96&d=mm&r=g","caption":"Gonzalo Schmidt"},"description":"Sitio web de noticias de la provincia de Entre R\u00edos, Argentina. Informaci\u00f3n y entretenimiento. Informe Litoral, nos informamos.","sameAs":["http:\/\/www.isletasnoticias.com.ar"],"url":"https:\/\/informelitoral.com.ar\/author\/gonzalo\/"}]}},"_links":{"self":[{"href":"https:\/\/informelitoral.com.ar\/%77%70%2d%6a%73%6f%6e\/wp\/v2\/posts\/184113","targetHints":{"allow":["GET"]}}],"collection":[{"href":"https:\/\/informelitoral.com.ar\/%77%70%2d%6a%73%6f%6e\/wp\/v2\/posts"}],"about":[{"href":"https:\/\/informelitoral.com.ar\/%77%70%2d%6a%73%6f%6e\/wp\/v2\/types\/post"}],"author":[{"embeddable":true,"href":"https:\/\/informelitoral.com.ar\/%77%70%2d%6a%73%6f%6e\/wp\/v2\/users\/2"}],"replies":[{"embeddable":true,"href":"https:\/\/informelitoral.com.ar\/%77%70%2d%6a%73%6f%6e\/wp\/v2\/comments?post=184113"}],"version-history":[{"count":0,"href":"https:\/\/informelitoral.com.ar\/%77%70%2d%6a%73%6f%6e\/wp\/v2\/posts\/184113\/revisions"}],"wp:featuredmedia":[{"embeddable":true,"href":"https:\/\/informelitoral.com.ar\/%77%70%2d%6a%73%6f%6e\/wp\/v2\/media\/23785"}],"wp:attachment":[{"href":"https:\/\/informelitoral.com.ar\/%77%70%2d%6a%73%6f%6e\/wp\/v2\/media?parent=184113"}],"wp:term":[{"taxonomy":"category","embeddable":true,"href":"https:\/\/informelitoral.com.ar\/%77%70%2d%6a%73%6f%6e\/wp\/v2\/categories?post=184113"},{"taxonomy":"post_tag","embeddable":true,"href":"https:\/\/informelitoral.com.ar\/%77%70%2d%6a%73%6f%6e\/wp\/v2\/tags?post=184113"}],"curies":[{"name":"wp","href":"https:\/\/api.w.org\/{rel}","templated":true}]}}