{"id":184106,"date":"2024-04-09T09:32:09","date_gmt":"2024-04-09T12:32:09","guid":{"rendered":"https:\/\/www.informelitoral.com.ar\/?p=184106"},"modified":"2024-04-09T09:42:22","modified_gmt":"2024-04-09T12:42:22","slug":"desde-el-jueves-se-podran-vacunar-contra-la-gripe-mas-grupos-priorizados-en-entre-rios","status":"publish","type":"post","link":"https:\/\/informelitoral.com.ar\/desde-el-jueves-se-podran-vacunar-contra-la-gripe-mas-grupos-priorizados-en-entre-rios\/","title":{"rendered":"Desde el jueves se podr\u00e1n vacunar contra la gripe m\u00e1s grupos priorizados en Entre R\u00edos"},"content":{"rendered":"<p>El Ministerio de Salud de Entre R\u00edos inici\u00f3 en marzo la Campa\u00f1a de Vacunaci\u00f3n Antigripal, que prev\u00e9 alcanzar en la provincia a unas 250.000 personas incluidas en la poblaci\u00f3n objetivo.<\/p>\n<p>En una primera instancia se comenz\u00f3 a inocular a personal de salud, personal sanitario de las fuerzas de seguridad, embarazadas (en cualquier trimestre de gestaci\u00f3n), pu\u00e9rperas (hasta el egreso de la maternidad \u2013m\u00e1ximo 10 d\u00edas\u2013), beb\u00e9s y ni\u00f1os de 6 a 24 meses de edad (dos dosis en caso de no haberlas recibido), y adultos mayores que se encuentran en residencias de larga estad\u00eda (geri\u00e1tricos), en hospitales monovalentes o con hospitalizaci\u00f3n en domicilio.<\/p>\n<p>El director general de Epidemiolog\u00eda de Entre R\u00edos, Diego Garcilazo, inform\u00f3 que actualmente se distribuyen las dosis para vacunar a personas de 65 a\u00f1os en adelante, y a la poblaci\u00f3n de entre 2 y 64 que presenten factores de riesgo. Estos \u00faltimos deben contar con indicaci\u00f3n m\u00e9dica y concurrir al vacunatorio con receta.<\/p>\n<p>\u201cEs una vacuna exclusiva que brinda el Estado para los grupos de riesgo, que se aplica de forma gratuita y es segura\u201d sostuvo Garcilazo. En este marco, enfatiz\u00f3 en la importancia de que las personas acudan a los vacunatorios en este periodo, porque es preciso llegar con anticuerpos adecuados para cuando empiece a circular el virus en mayo, junio, julio y agosto.<\/p>\n<p>Las caracter\u00edsticas de la influenza cambian porque las cepas van mutando, por lo tanto es necesario inmunizarse todos los a\u00f1os. En tanto, el objetivo de la Campa\u00f1a es disminuir la enfermedad y los casos graves.<\/p>\n<p><b>\u00bfQui\u00e9nes deben presentar indicaci\u00f3n m\u00e9dica?<\/b><\/p>\n<p>Las personas de entre 2 y 64 a\u00f1os que presenten las siguientes enfermedades preexistentes:<\/p>\n<p>-Enfermedades respiratorias<br \/>\n-Enfermedades card\u00edacas<br \/>\n-Inmunodeficiencias cong\u00e9nitas o adquiridas<br \/>\n-Enfermedad oncohematol\u00f3gica y trasplante<br \/>\n-Obesidad m\u00f3rbida (con \u00edndice de masa corporal mayor a 40 Kg\/m2)<br \/>\n-Diabetes<br \/>\n-Insuficiencia renal cr\u00f3nica en di\u00e1lisis o expectativas de ingresar a di\u00e1lisis en los siguientes seis meses<br \/>\n-Retraso madurativo grave en menores de 18 a\u00f1os<br \/>\n-S\u00edndromes gen\u00e9ticos, enfermedades neuromusculares con compromiso respiratorio y malformaciones cong\u00e9nitas graves<br \/>\n-Tratamiento cr\u00f3nico con \u00e1cido acetilsalic\u00edlico en menores de 18 a\u00f1os<br \/>\n-Convivientes de personas con enfermedad oncohematol\u00f3gica<br \/>\n-Convivientes de personas reci\u00e9n nacidas prematuros menores de 1.500 gramos.<\/p>\n","protected":false},"excerpt":{"rendered":"<p>Las personas mayores de 65 a\u00f1os y la poblaci\u00f3n de entre 2 y 64 que presenten factores de riesgo, podr\u00e1n vacunarse contra la gripe desde este jueves. Esta estrategia se desarrolla por etapas, de manera escalonada y seg\u00fan disponibilidad de dosis.<\/p>\n","protected":false},"author":8,"featured_media":184107,"comment_status":"open","ping_status":"open","sticky":false,"template":"","format":"standard","meta":{"fifu_image_url":"","fifu_image_alt":"","footnotes":""},"categories":[6],"tags":[215,1566],"class_list":{"0":"post-184106","1":"post","2":"type-post","3":"status-publish","4":"format-standard","5":"has-post-thumbnail","7":"category-entre-rios","8":"tag-gripe","9":"tag-vacuna"},"yoast_head":"<title>Desde el jueves se podr\u00e1n vacunar contra la gripe m\u00e1s grupos priorizados en Entre R\u00edos - Informe Litoral<\/title>\n<meta name=\"robots\" content=\"index, follow, max-snippet:-1, max-image-preview:large, max-video-preview:-1\" \/>\n<link rel=\"canonical\" href=\"https:\/\/informelitoral.com.ar\/desde-el-jueves-se-podran-vacunar-contra-la-gripe-mas-grupos-priorizados-en-entre-rios\/\" \/>\n<meta property=\"og:locale\" content=\"es_ES\" \/>\n<meta property=\"og:type\" content=\"article\" \/>\n<meta property=\"og:title\" content=\"Desde el jueves se podr\u00e1n vacunar contra la gripe m\u00e1s grupos priorizados en Entre R\u00edos - Informe Litoral\" \/>\n<meta property=\"og:description\" content=\"Las personas mayores de 65 a\u00f1os y la poblaci\u00f3n de entre 2 y 64 que presenten factores de riesgo, podr\u00e1n vacunarse contra la gripe desde este jueves. Esta estrategia se desarrolla por etapas, de manera escalonada y seg\u00fan disponibilidad de dosis.\" \/>\n<meta property=\"og:url\" content=\"https:\/\/informelitoral.com.ar\/desde-el-jueves-se-podran-vacunar-contra-la-gripe-mas-grupos-priorizados-en-entre-rios\/\" \/>\n<meta property=\"og:site_name\" content=\"Informe Litoral\" \/>\n<meta property=\"article:publisher\" content=\"https:\/\/www.facebook.com\/informelitoral\/\" \/>\n<meta property=\"article:published_time\" content=\"2024-04-09T12:32:09+00:00\" \/>\n<meta property=\"article:modified_time\" content=\"2024-04-09T12:42:22+00:00\" \/>\n<meta property=\"og:image\" content=\"https:\/\/informelitoral.com.ar\/%77%70%2d%63%6f%6e%74%65%6e%74\/uploads\/2024\/04\/p_1712602283.jpg\" \/>\n\t<meta property=\"og:image:width\" content=\"1920\" \/>\n\t<meta property=\"og:image:height\" content=\"800\" \/>\n\t<meta property=\"og:image:type\" content=\"image\/jpeg\" \/>\n<meta name=\"author\" content=\"Sebastian\" \/>\n<meta name=\"twitter:card\" content=\"summary_large_image\" \/>\n<meta name=\"twitter:creator\" content=\"@InformeLitoral\" \/>\n<meta name=\"twitter:site\" content=\"@InformeLitoral\" \/>\n<meta name=\"twitter:label1\" content=\"Escrito por\" \/>\n\t<meta name=\"twitter:data1\" content=\"Sebastian\" \/>\n\t<meta name=\"twitter:label2\" content=\"Tiempo de lectura\" \/>\n\t<meta name=\"twitter:data2\" content=\"2 minutos\" \/>\n<script type=\"application\/ld+json\" class=\"yoast-schema-graph\">{\"@context\":\"https:\\\/\\\/schema.org\",\"@graph\":[{\"@type\":\"Article\",\"@id\":\"https:\\\/\\\/informelitoral.com.ar\\\/desde-el-jueves-se-podran-vacunar-contra-la-gripe-mas-grupos-priorizados-en-entre-rios\\\/#article\",\"isPartOf\":{\"@id\":\"https:\\\/\\\/informelitoral.com.ar\\\/desde-el-jueves-se-podran-vacunar-contra-la-gripe-mas-grupos-priorizados-en-entre-rios\\\/\"},\"author\":{\"name\":\"Sebastian\",\"@id\":\"https:\\\/\\\/informelitoral.com.ar\\\/#\\\/schema\\\/person\\\/f05f9f461677119578717524b127d6d5\"},\"headline\":\"Desde el jueves se podr\u00e1n vacunar contra la gripe m\u00e1s grupos priorizados en Entre R\u00edos\",\"datePublished\":\"2024-04-09T12:32:09+00:00\",\"dateModified\":\"2024-04-09T12:42:22+00:00\",\"mainEntityOfPage\":{\"@id\":\"https:\\\/\\\/informelitoral.com.ar\\\/desde-el-jueves-se-podran-vacunar-contra-la-gripe-mas-grupos-priorizados-en-entre-rios\\\/\"},\"wordCount\":405,\"commentCount\":0,\"publisher\":{\"@id\":\"https:\\\/\\\/informelitoral.com.ar\\\/#organization\"},\"image\":{\"@id\":\"https:\\\/\\\/informelitoral.com.ar\\\/desde-el-jueves-se-podran-vacunar-contra-la-gripe-mas-grupos-priorizados-en-entre-rios\\\/#primaryimage\"},\"thumbnailUrl\":\"https:\\\/\\\/informelitoral.com.ar\\\/%77%70%2d%63%6f%6e%74%65%6e%74\\\/uploads\\\/2024\\\/04\\\/p_1712602283.jpg\",\"keywords\":[\"Gripe\",\"vacuna\"],\"articleSection\":[\"Entre R\u00edos\"],\"inLanguage\":\"es\",\"potentialAction\":[{\"@type\":\"CommentAction\",\"name\":\"Comment\",\"target\":[\"https:\\\/\\\/informelitoral.com.ar\\\/desde-el-jueves-se-podran-vacunar-contra-la-gripe-mas-grupos-priorizados-en-entre-rios\\\/#respond\"]}]},{\"@type\":\"WebPage\",\"@id\":\"https:\\\/\\\/informelitoral.com.ar\\\/desde-el-jueves-se-podran-vacunar-contra-la-gripe-mas-grupos-priorizados-en-entre-rios\\\/\",\"url\":\"https:\\\/\\\/informelitoral.com.ar\\\/desde-el-jueves-se-podran-vacunar-contra-la-gripe-mas-grupos-priorizados-en-entre-rios\\\/\",\"name\":\"Desde el jueves se podr\u00e1n vacunar contra la gripe m\u00e1s grupos priorizados en Entre R\u00edos - Informe Litoral\",\"isPartOf\":{\"@id\":\"https:\\\/\\\/informelitoral.com.ar\\\/#website\"},\"primaryImageOfPage\":{\"@id\":\"https:\\\/\\\/informelitoral.com.ar\\\/desde-el-jueves-se-podran-vacunar-contra-la-gripe-mas-grupos-priorizados-en-entre-rios\\\/#primaryimage\"},\"image\":{\"@id\":\"https:\\\/\\\/informelitoral.com.ar\\\/desde-el-jueves-se-podran-vacunar-contra-la-gripe-mas-grupos-priorizados-en-entre-rios\\\/#primaryimage\"},\"thumbnailUrl\":\"https:\\\/\\\/informelitoral.com.ar\\\/%77%70%2d%63%6f%6e%74%65%6e%74\\\/uploads\\\/2024\\\/04\\\/p_1712602283.jpg\",\"datePublished\":\"2024-04-09T12:32:09+00:00\",\"dateModified\":\"2024-04-09T12:42:22+00:00\",\"breadcrumb\":{\"@id\":\"https:\\\/\\\/informelitoral.com.ar\\\/desde-el-jueves-se-podran-vacunar-contra-la-gripe-mas-grupos-priorizados-en-entre-rios\\\/#breadcrumb\"},\"inLanguage\":\"es\",\"potentialAction\":[{\"@type\":\"ReadAction\",\"target\":[\"https:\\\/\\\/informelitoral.com.ar\\\/desde-el-jueves-se-podran-vacunar-contra-la-gripe-mas-grupos-priorizados-en-entre-rios\\\/\"]}]},{\"@type\":\"ImageObject\",\"inLanguage\":\"es\",\"@id\":\"https:\\\/\\\/informelitoral.com.ar\\\/desde-el-jueves-se-podran-vacunar-contra-la-gripe-mas-grupos-priorizados-en-entre-rios\\\/#primaryimage\",\"url\":\"https:\\\/\\\/informelitoral.com.ar\\\/%77%70%2d%63%6f%6e%74%65%6e%74\\\/uploads\\\/2024\\\/04\\\/p_1712602283.jpg\",\"contentUrl\":\"https:\\\/\\\/informelitoral.com.ar\\\/%77%70%2d%63%6f%6e%74%65%6e%74\\\/uploads\\\/2024\\\/04\\\/p_1712602283.jpg\",\"width\":1920,\"height\":800},{\"@type\":\"BreadcrumbList\",\"@id\":\"https:\\\/\\\/informelitoral.com.ar\\\/desde-el-jueves-se-podran-vacunar-contra-la-gripe-mas-grupos-priorizados-en-entre-rios\\\/#breadcrumb\",\"itemListElement\":[{\"@type\":\"ListItem\",\"position\":1,\"name\":\"Portada\",\"item\":\"https:\\\/\\\/informelitoral.com.ar\\\/\"},{\"@type\":\"ListItem\",\"position\":2,\"name\":\"Desde el jueves se podr\u00e1n vacunar contra la gripe m\u00e1s grupos priorizados en Entre R\u00edos\"}]},{\"@type\":\"WebSite\",\"@id\":\"https:\\\/\\\/informelitoral.com.ar\\\/#website\",\"url\":\"https:\\\/\\\/informelitoral.com.ar\\\/\",\"name\":\"Informe Litoral\",\"description\":\"&quot;Nos informamos&quot; \",\"publisher\":{\"@id\":\"https:\\\/\\\/informelitoral.com.ar\\\/#organization\"},\"potentialAction\":[{\"@type\":\"SearchAction\",\"target\":{\"@type\":\"EntryPoint\",\"urlTemplate\":\"https:\\\/\\\/informelitoral.com.ar\\\/?s={search_term_string}\"},\"query-input\":{\"@type\":\"PropertyValueSpecification\",\"valueRequired\":true,\"valueName\":\"search_term_string\"}}],\"inLanguage\":\"es\"},{\"@type\":\"Organization\",\"@id\":\"https:\\\/\\\/informelitoral.com.ar\\\/#organization\",\"name\":\"Informe Litoral\",\"url\":\"https:\\\/\\\/informelitoral.com.ar\\\/\",\"logo\":{\"@type\":\"ImageObject\",\"inLanguage\":\"es\",\"@id\":\"https:\\\/\\\/informelitoral.com.ar\\\/#\\\/schema\\\/logo\\\/image\\\/\",\"url\":\"https:\\\/\\\/informelitoral.com.ar\\\/%77%70%2d%63%6f%6e%74%65%6e%74\\\/uploads\\\/2021\\\/01\\\/circulo.png\",\"contentUrl\":\"https:\\\/\\\/informelitoral.com.ar\\\/%77%70%2d%63%6f%6e%74%65%6e%74\\\/uploads\\\/2021\\\/01\\\/circulo.png\",\"width\":723,\"height\":731,\"caption\":\"Informe Litoral\"},\"image\":{\"@id\":\"https:\\\/\\\/informelitoral.com.ar\\\/#\\\/schema\\\/logo\\\/image\\\/\"},\"sameAs\":[\"https:\\\/\\\/www.facebook.com\\\/informelitoral\\\/\",\"https:\\\/\\\/x.com\\\/InformeLitoral\",\"https:\\\/\\\/www.instagram.com\\\/informelitoral\\\/\",\"https:\\\/\\\/www.youtube.com\\\/channel\\\/UCua4Qvz8Icb6MYqhoq9xLXw\"]},{\"@type\":\"Person\",\"@id\":\"https:\\\/\\\/informelitoral.com.ar\\\/#\\\/schema\\\/person\\\/f05f9f461677119578717524b127d6d5\",\"name\":\"Sebastian\",\"image\":{\"@type\":\"ImageObject\",\"inLanguage\":\"es\",\"@id\":\"https:\\\/\\\/secure.gravatar.com\\\/avatar\\\/b71bf7481d447dfb9583c7f2798e7cc64de6efb9067b74633ed8c31059a3bd82?s=96&d=mm&r=g\",\"url\":\"https:\\\/\\\/secure.gravatar.com\\\/avatar\\\/b71bf7481d447dfb9583c7f2798e7cc64de6efb9067b74633ed8c31059a3bd82?s=96&d=mm&r=g\",\"contentUrl\":\"https:\\\/\\\/secure.gravatar.com\\\/avatar\\\/b71bf7481d447dfb9583c7f2798e7cc64de6efb9067b74633ed8c31059a3bd82?s=96&d=mm&r=g\",\"caption\":\"Sebastian\"},\"url\":\"https:\\\/\\\/informelitoral.com.ar\\\/author\\\/sebastian\\\/\"}]}<\/script>","yoast_head_json":{"title":"Desde el jueves se podr\u00e1n vacunar contra la gripe m\u00e1s grupos priorizados en Entre R\u00edos - Informe Litoral","robots":{"index":"index","follow":"follow","max-snippet":"max-snippet:-1","max-image-preview":"max-image-preview:large","max-video-preview":"max-video-preview:-1"},"canonical":"https:\/\/informelitoral.com.ar\/desde-el-jueves-se-podran-vacunar-contra-la-gripe-mas-grupos-priorizados-en-entre-rios\/","og_locale":"es_ES","og_type":"article","og_title":"Desde el jueves se podr\u00e1n vacunar contra la gripe m\u00e1s grupos priorizados en Entre R\u00edos - Informe Litoral","og_description":"Las personas mayores de 65 a\u00f1os y la poblaci\u00f3n de entre 2 y 64 que presenten factores de riesgo, podr\u00e1n vacunarse contra la gripe desde este jueves. Esta estrategia se desarrolla por etapas, de manera escalonada y seg\u00fan disponibilidad de dosis.","og_url":"https:\/\/informelitoral.com.ar\/desde-el-jueves-se-podran-vacunar-contra-la-gripe-mas-grupos-priorizados-en-entre-rios\/","og_site_name":"Informe Litoral","article_publisher":"https:\/\/www.facebook.com\/informelitoral\/","article_published_time":"2024-04-09T12:32:09+00:00","article_modified_time":"2024-04-09T12:42:22+00:00","og_image":[{"width":1920,"height":800,"url":"https:\/\/informelitoral.com.ar\/%77%70%2d%63%6f%6e%74%65%6e%74\/uploads\/2024\/04\/p_1712602283.jpg","type":"image\/jpeg"}],"author":"Sebastian","twitter_card":"summary_large_image","twitter_creator":"@InformeLitoral","twitter_site":"@InformeLitoral","twitter_misc":{"Escrito por":"Sebastian","Tiempo de lectura":"2 minutos"},"schema":{"@context":"https:\/\/schema.org","@graph":[{"@type":"Article","@id":"https:\/\/informelitoral.com.ar\/desde-el-jueves-se-podran-vacunar-contra-la-gripe-mas-grupos-priorizados-en-entre-rios\/#article","isPartOf":{"@id":"https:\/\/informelitoral.com.ar\/desde-el-jueves-se-podran-vacunar-contra-la-gripe-mas-grupos-priorizados-en-entre-rios\/"},"author":{"name":"Sebastian","@id":"https:\/\/informelitoral.com.ar\/#\/schema\/person\/f05f9f461677119578717524b127d6d5"},"headline":"Desde el jueves se podr\u00e1n vacunar contra la gripe m\u00e1s grupos priorizados en Entre R\u00edos","datePublished":"2024-04-09T12:32:09+00:00","dateModified":"2024-04-09T12:42:22+00:00","mainEntityOfPage":{"@id":"https:\/\/informelitoral.com.ar\/desde-el-jueves-se-podran-vacunar-contra-la-gripe-mas-grupos-priorizados-en-entre-rios\/"},"wordCount":405,"commentCount":0,"publisher":{"@id":"https:\/\/informelitoral.com.ar\/#organization"},"image":{"@id":"https:\/\/informelitoral.com.ar\/desde-el-jueves-se-podran-vacunar-contra-la-gripe-mas-grupos-priorizados-en-entre-rios\/#primaryimage"},"thumbnailUrl":"https:\/\/informelitoral.com.ar\/%77%70%2d%63%6f%6e%74%65%6e%74\/uploads\/2024\/04\/p_1712602283.jpg","keywords":["Gripe","vacuna"],"articleSection":["Entre R\u00edos"],"inLanguage":"es","potentialAction":[{"@type":"CommentAction","name":"Comment","target":["https:\/\/informelitoral.com.ar\/desde-el-jueves-se-podran-vacunar-contra-la-gripe-mas-grupos-priorizados-en-entre-rios\/#respond"]}]},{"@type":"WebPage","@id":"https:\/\/informelitoral.com.ar\/desde-el-jueves-se-podran-vacunar-contra-la-gripe-mas-grupos-priorizados-en-entre-rios\/","url":"https:\/\/informelitoral.com.ar\/desde-el-jueves-se-podran-vacunar-contra-la-gripe-mas-grupos-priorizados-en-entre-rios\/","name":"Desde el jueves se podr\u00e1n vacunar contra la gripe m\u00e1s grupos priorizados en Entre R\u00edos - Informe Litoral","isPartOf":{"@id":"https:\/\/informelitoral.com.ar\/#website"},"primaryImageOfPage":{"@id":"https:\/\/informelitoral.com.ar\/desde-el-jueves-se-podran-vacunar-contra-la-gripe-mas-grupos-priorizados-en-entre-rios\/#primaryimage"},"image":{"@id":"https:\/\/informelitoral.com.ar\/desde-el-jueves-se-podran-vacunar-contra-la-gripe-mas-grupos-priorizados-en-entre-rios\/#primaryimage"},"thumbnailUrl":"https:\/\/informelitoral.com.ar\/%77%70%2d%63%6f%6e%74%65%6e%74\/uploads\/2024\/04\/p_1712602283.jpg","datePublished":"2024-04-09T12:32:09+00:00","dateModified":"2024-04-09T12:42:22+00:00","breadcrumb":{"@id":"https:\/\/informelitoral.com.ar\/desde-el-jueves-se-podran-vacunar-contra-la-gripe-mas-grupos-priorizados-en-entre-rios\/#breadcrumb"},"inLanguage":"es","potentialAction":[{"@type":"ReadAction","target":["https:\/\/informelitoral.com.ar\/desde-el-jueves-se-podran-vacunar-contra-la-gripe-mas-grupos-priorizados-en-entre-rios\/"]}]},{"@type":"ImageObject","inLanguage":"es","@id":"https:\/\/informelitoral.com.ar\/desde-el-jueves-se-podran-vacunar-contra-la-gripe-mas-grupos-priorizados-en-entre-rios\/#primaryimage","url":"https:\/\/informelitoral.com.ar\/%77%70%2d%63%6f%6e%74%65%6e%74\/uploads\/2024\/04\/p_1712602283.jpg","contentUrl":"https:\/\/informelitoral.com.ar\/%77%70%2d%63%6f%6e%74%65%6e%74\/uploads\/2024\/04\/p_1712602283.jpg","width":1920,"height":800},{"@type":"BreadcrumbList","@id":"https:\/\/informelitoral.com.ar\/desde-el-jueves-se-podran-vacunar-contra-la-gripe-mas-grupos-priorizados-en-entre-rios\/#breadcrumb","itemListElement":[{"@type":"ListItem","position":1,"name":"Portada","item":"https:\/\/informelitoral.com.ar\/"},{"@type":"ListItem","position":2,"name":"Desde el jueves se podr\u00e1n vacunar contra la gripe m\u00e1s grupos priorizados en Entre R\u00edos"}]},{"@type":"WebSite","@id":"https:\/\/informelitoral.com.ar\/#website","url":"https:\/\/informelitoral.com.ar\/","name":"Informe Litoral","description":"&quot;Nos informamos&quot; ","publisher":{"@id":"https:\/\/informelitoral.com.ar\/#organization"},"potentialAction":[{"@type":"SearchAction","target":{"@type":"EntryPoint","urlTemplate":"https:\/\/informelitoral.com.ar\/?s={search_term_string}"},"query-input":{"@type":"PropertyValueSpecification","valueRequired":true,"valueName":"search_term_string"}}],"inLanguage":"es"},{"@type":"Organization","@id":"https:\/\/informelitoral.com.ar\/#organization","name":"Informe Litoral","url":"https:\/\/informelitoral.com.ar\/","logo":{"@type":"ImageObject","inLanguage":"es","@id":"https:\/\/informelitoral.com.ar\/#\/schema\/logo\/image\/","url":"https:\/\/informelitoral.com.ar\/%77%70%2d%63%6f%6e%74%65%6e%74\/uploads\/2021\/01\/circulo.png","contentUrl":"https:\/\/informelitoral.com.ar\/%77%70%2d%63%6f%6e%74%65%6e%74\/uploads\/2021\/01\/circulo.png","width":723,"height":731,"caption":"Informe Litoral"},"image":{"@id":"https:\/\/informelitoral.com.ar\/#\/schema\/logo\/image\/"},"sameAs":["https:\/\/www.facebook.com\/informelitoral\/","https:\/\/x.com\/InformeLitoral","https:\/\/www.instagram.com\/informelitoral\/","https:\/\/www.youtube.com\/channel\/UCua4Qvz8Icb6MYqhoq9xLXw"]},{"@type":"Person","@id":"https:\/\/informelitoral.com.ar\/#\/schema\/person\/f05f9f461677119578717524b127d6d5","name":"Sebastian","image":{"@type":"ImageObject","inLanguage":"es","@id":"https:\/\/secure.gravatar.com\/avatar\/b71bf7481d447dfb9583c7f2798e7cc64de6efb9067b74633ed8c31059a3bd82?s=96&d=mm&r=g","url":"https:\/\/secure.gravatar.com\/avatar\/b71bf7481d447dfb9583c7f2798e7cc64de6efb9067b74633ed8c31059a3bd82?s=96&d=mm&r=g","contentUrl":"https:\/\/secure.gravatar.com\/avatar\/b71bf7481d447dfb9583c7f2798e7cc64de6efb9067b74633ed8c31059a3bd82?s=96&d=mm&r=g","caption":"Sebastian"},"url":"https:\/\/informelitoral.com.ar\/author\/sebastian\/"}]}},"_links":{"self":[{"href":"https:\/\/informelitoral.com.ar\/%77%70%2d%6a%73%6f%6e\/wp\/v2\/posts\/184106","targetHints":{"allow":["GET"]}}],"collection":[{"href":"https:\/\/informelitoral.com.ar\/%77%70%2d%6a%73%6f%6e\/wp\/v2\/posts"}],"about":[{"href":"https:\/\/informelitoral.com.ar\/%77%70%2d%6a%73%6f%6e\/wp\/v2\/types\/post"}],"author":[{"embeddable":true,"href":"https:\/\/informelitoral.com.ar\/%77%70%2d%6a%73%6f%6e\/wp\/v2\/users\/8"}],"replies":[{"embeddable":true,"href":"https:\/\/informelitoral.com.ar\/%77%70%2d%6a%73%6f%6e\/wp\/v2\/comments?post=184106"}],"version-history":[{"count":0,"href":"https:\/\/informelitoral.com.ar\/%77%70%2d%6a%73%6f%6e\/wp\/v2\/posts\/184106\/revisions"}],"wp:featuredmedia":[{"embeddable":true,"href":"https:\/\/informelitoral.com.ar\/%77%70%2d%6a%73%6f%6e\/wp\/v2\/media\/184107"}],"wp:attachment":[{"href":"https:\/\/informelitoral.com.ar\/%77%70%2d%6a%73%6f%6e\/wp\/v2\/media?parent=184106"}],"wp:term":[{"taxonomy":"category","embeddable":true,"href":"https:\/\/informelitoral.com.ar\/%77%70%2d%6a%73%6f%6e\/wp\/v2\/categories?post=184106"},{"taxonomy":"post_tag","embeddable":true,"href":"https:\/\/informelitoral.com.ar\/%77%70%2d%6a%73%6f%6e\/wp\/v2\/tags?post=184106"}],"curies":[{"name":"wp","href":"https:\/\/api.w.org\/{rel}","templated":true}]}}