{"id":184068,"date":"2024-04-09T08:11:16","date_gmt":"2024-04-09T11:11:16","guid":{"rendered":"https:\/\/www.informelitoral.com.ar\/?p=184068"},"modified":"2024-04-09T08:12:24","modified_gmt":"2024-04-09T11:12:24","slug":"provincia-y-municipio-de-ramirez-trabajan-para-mejorar-procesos-y-servicios-tributarios","status":"publish","type":"post","link":"https:\/\/informelitoral.com.ar\/provincia-y-municipio-de-ramirez-trabajan-para-mejorar-procesos-y-servicios-tributarios\/","title":{"rendered":"Provincia junto al municipio de Ram\u00edrez trabajan para mejorar procesos y servicios tributarios"},"content":{"rendered":"<p>La Administradora Tributaria de Entre R\u00edos (ATER) contin\u00faa formalizando convenios de articulaci\u00f3n con municipios y comunas. En este marco, se suscribieron nuevos acuerdos de cooperaci\u00f3n e intercambio de informaci\u00f3n con General Ram\u00edrez y otros municipios.<\/p>\n<p>\u201cEl trabajo en equipo con los intendentes es fundamental para el despliegue territorial de nuestros programas y acciones, posibilitando que los controles para combatir la evasi\u00f3n sean m\u00e1s efectivos y mejorando la capacidad de respuesta de nuestro organismo ante diferentes situaciones que plantean los contribuyentes\u201d, destac\u00f3 el director ejecutivo de ATER, Jes\u00fas Korell.<\/p>\n<p>Los intendentes Ulises Tomassi de Cerrito, y Flavia Pamberger de General Ram\u00edrez, junto al presidente de la comuna de Arroyo Cl\u00e9, Manuel Dur\u00e9, compartieron una jornada de trabajo con el funcionario y miembros de su equipo. Adem\u00e1s de la firma de convenios, se definieron estrategias espec\u00edficas para las tareas a desarrollar en cada distrito.<\/p>\n<p>\u201cPara nosotros es muy importante seguir vinculando los sistemas y procesos locales con la administraci\u00f3n central de ATER. Esto permite el acceso a informaci\u00f3n territorial y catastral de relevancia para los municipios y, al mismo tiempo, posibilita que los programas y acciones que impulsamos lleguen a m\u00e1s entrerrianos\u201d, agreg\u00f3 el titular de ATER.<\/p>\n<p>A\u00f1adi\u00f3 que esto permitir\u00e1 \u201cconsolidar un sistema tributario m\u00e1s equilibrado y eficiente, tal como nos encomend\u00f3 el gobernador Rogelio Frigerio para contribuir a la transformaci\u00f3n de Entre R\u00edos\u201d.<\/p>\n<h2><strong>Soluciones espec\u00edficas y despliegue territorial<\/strong><\/h2>\n<p>Los intendentes valoraron positivamente \u201cla apertura y el trabajo en equipo\u201d que impulsa ATER y destacaron que los nuevos convenios \u201cfomentan una relaci\u00f3n de ida y vuelta que permite el acceso a herramientas de gesti\u00f3n, sistemas e informaci\u00f3n muy \u00fatil para planificar, tomar decisiones y proyectar el desarrollo de nuestras localidades\u201d.<\/p>\n<p>\u201cVamos a contar con informaci\u00f3n catastral m\u00e1s detallada y tendremos la posibilidad de gestionar tr\u00e1mites de forma digital, lo que redundar\u00e1 en m\u00e1s eficiencia, rapidez y una mejor atenci\u00f3n de los vecinos\u201d, especific\u00f3 el intendente de Cerrito, Ulises Tomassi.<\/p>\n<p>Por su parte, el presidente comunal de Arroyo Cl\u00e9, Manuel Dur\u00e9, remarc\u00f3: \u201cHace un a\u00f1o que pasamos a la categor\u00eda comuna. Por lo tanto, organizarnos es un gran paso para crecer, tanto para nosotros como comunidad, como tambi\u00e9n para el interior de Entre R\u00edos. Es fundamental el acompa\u00f1amiento de la provincia en este camino de ordenamiento territorial y crecimiento planificado\u201d.<\/p>\n<p>A su vez, la intendenta de General Ram\u00edrez, Flavia Pamberger, manifest\u00f3 que el convenio \u201cnos permite organizar y coordinar de manera m\u00e1s eficiente la informaci\u00f3n de nuestros contribuyentes y los datos catastrales. Acceder de manera online al sistema de ATER nos resuelve muchas tareas a diario. Estamos muy agradecidos por ampliar el acceso a la herramienta y por la capacitaci\u00f3n que nos brindaron\u201d.<\/p>\n","protected":false},"excerpt":{"rendered":"<p>La intendenta Flavia Pamberger, manifest\u00f3 que el convenio les permitir\u00e1 organizar y coordinar de manera m\u00e1s eficiente la informaci\u00f3n.<\/p>\n","protected":false},"author":8,"featured_media":184069,"comment_status":"open","ping_status":"open","sticky":false,"template":"","format":"standard","meta":{"fifu_image_url":"","fifu_image_alt":"","footnotes":""},"categories":[4592],"tags":[591,1534,556,4697],"class_list":{"0":"post-184068","1":"post","2":"type-post","3":"status-publish","4":"format-standard","5":"has-post-thumbnail","7":"category-departamento-nogoya","8":"tag-ater","9":"tag-flavia-pamberger","10":"tag-general-ramirez","11":"tag-servicio-tributario"},"yoast_head":"<title>Provincia junto al municipio de Ram\u00edrez trabajan para mejorar procesos y servicios tributarios - Informe Litoral<\/title>\n<meta name=\"robots\" content=\"index, follow, max-snippet:-1, max-image-preview:large, max-video-preview:-1\" \/>\n<link rel=\"canonical\" href=\"https:\/\/informelitoral.com.ar\/provincia-y-municipio-de-ramirez-trabajan-para-mejorar-procesos-y-servicios-tributarios\/\" \/>\n<meta property=\"og:locale\" content=\"es_ES\" \/>\n<meta property=\"og:type\" content=\"article\" \/>\n<meta property=\"og:title\" content=\"Provincia junto al municipio de Ram\u00edrez trabajan para mejorar procesos y servicios tributarios - Informe Litoral\" \/>\n<meta property=\"og:description\" content=\"La intendenta Flavia Pamberger, manifest\u00f3 que el convenio les permitir\u00e1 organizar y coordinar de manera m\u00e1s eficiente la informaci\u00f3n.\" \/>\n<meta property=\"og:url\" content=\"https:\/\/informelitoral.com.ar\/provincia-y-municipio-de-ramirez-trabajan-para-mejorar-procesos-y-servicios-tributarios\/\" \/>\n<meta property=\"og:site_name\" content=\"Informe Litoral\" \/>\n<meta property=\"article:publisher\" content=\"https:\/\/www.facebook.com\/informelitoral\/\" \/>\n<meta property=\"article:published_time\" content=\"2024-04-09T11:11:16+00:00\" \/>\n<meta property=\"article:modified_time\" content=\"2024-04-09T11:12:24+00:00\" \/>\n<meta property=\"og:image\" content=\"https:\/\/informelitoral.com.ar\/%77%70%2d%63%6f%6e%74%65%6e%74\/uploads\/2024\/04\/1712581732jpg.jpg.webp\" \/>\n\t<meta property=\"og:image:width\" content=\"1200\" \/>\n\t<meta property=\"og:image:height\" content=\"800\" \/>\n\t<meta property=\"og:image:type\" content=\"image\/webp\" \/>\n<meta name=\"author\" content=\"Sebastian\" \/>\n<meta name=\"twitter:card\" content=\"summary_large_image\" \/>\n<meta name=\"twitter:creator\" content=\"@InformeLitoral\" \/>\n<meta name=\"twitter:site\" content=\"@InformeLitoral\" \/>\n<meta name=\"twitter:label1\" content=\"Escrito por\" \/>\n\t<meta name=\"twitter:data1\" content=\"Sebastian\" \/>\n\t<meta name=\"twitter:label2\" content=\"Tiempo de lectura\" \/>\n\t<meta name=\"twitter:data2\" content=\"2 minutos\" \/>\n<script type=\"application\/ld+json\" class=\"yoast-schema-graph\">{\"@context\":\"https:\\\/\\\/schema.org\",\"@graph\":[{\"@type\":\"Article\",\"@id\":\"https:\\\/\\\/informelitoral.com.ar\\\/provincia-y-municipio-de-ramirez-trabajan-para-mejorar-procesos-y-servicios-tributarios\\\/#article\",\"isPartOf\":{\"@id\":\"https:\\\/\\\/informelitoral.com.ar\\\/provincia-y-municipio-de-ramirez-trabajan-para-mejorar-procesos-y-servicios-tributarios\\\/\"},\"author\":{\"name\":\"Sebastian\",\"@id\":\"https:\\\/\\\/informelitoral.com.ar\\\/#\\\/schema\\\/person\\\/f05f9f461677119578717524b127d6d5\"},\"headline\":\"Provincia junto al municipio de Ram\u00edrez trabajan para mejorar procesos y servicios tributarios\",\"datePublished\":\"2024-04-09T11:11:16+00:00\",\"dateModified\":\"2024-04-09T11:12:24+00:00\",\"mainEntityOfPage\":{\"@id\":\"https:\\\/\\\/informelitoral.com.ar\\\/provincia-y-municipio-de-ramirez-trabajan-para-mejorar-procesos-y-servicios-tributarios\\\/\"},\"wordCount\":492,\"commentCount\":0,\"publisher\":{\"@id\":\"https:\\\/\\\/informelitoral.com.ar\\\/#organization\"},\"image\":{\"@id\":\"https:\\\/\\\/informelitoral.com.ar\\\/provincia-y-municipio-de-ramirez-trabajan-para-mejorar-procesos-y-servicios-tributarios\\\/#primaryimage\"},\"thumbnailUrl\":\"https:\\\/\\\/informelitoral.com.ar\\\/%77%70%2d%63%6f%6e%74%65%6e%74\\\/uploads\\\/2024\\\/04\\\/1712581732jpg.jpg.webp\",\"keywords\":[\"ATER\",\"Flavia Pamberger\",\"General Ram\u00edrez\",\"Servicio Tributario\"],\"articleSection\":[\"Departamento Nogoy\u00e1\"],\"inLanguage\":\"es\",\"potentialAction\":[{\"@type\":\"CommentAction\",\"name\":\"Comment\",\"target\":[\"https:\\\/\\\/informelitoral.com.ar\\\/provincia-y-municipio-de-ramirez-trabajan-para-mejorar-procesos-y-servicios-tributarios\\\/#respond\"]}]},{\"@type\":\"WebPage\",\"@id\":\"https:\\\/\\\/informelitoral.com.ar\\\/provincia-y-municipio-de-ramirez-trabajan-para-mejorar-procesos-y-servicios-tributarios\\\/\",\"url\":\"https:\\\/\\\/informelitoral.com.ar\\\/provincia-y-municipio-de-ramirez-trabajan-para-mejorar-procesos-y-servicios-tributarios\\\/\",\"name\":\"Provincia junto al municipio de Ram\u00edrez trabajan para mejorar procesos y servicios tributarios - Informe Litoral\",\"isPartOf\":{\"@id\":\"https:\\\/\\\/informelitoral.com.ar\\\/#website\"},\"primaryImageOfPage\":{\"@id\":\"https:\\\/\\\/informelitoral.com.ar\\\/provincia-y-municipio-de-ramirez-trabajan-para-mejorar-procesos-y-servicios-tributarios\\\/#primaryimage\"},\"image\":{\"@id\":\"https:\\\/\\\/informelitoral.com.ar\\\/provincia-y-municipio-de-ramirez-trabajan-para-mejorar-procesos-y-servicios-tributarios\\\/#primaryimage\"},\"thumbnailUrl\":\"https:\\\/\\\/informelitoral.com.ar\\\/%77%70%2d%63%6f%6e%74%65%6e%74\\\/uploads\\\/2024\\\/04\\\/1712581732jpg.jpg.webp\",\"datePublished\":\"2024-04-09T11:11:16+00:00\",\"dateModified\":\"2024-04-09T11:12:24+00:00\",\"breadcrumb\":{\"@id\":\"https:\\\/\\\/informelitoral.com.ar\\\/provincia-y-municipio-de-ramirez-trabajan-para-mejorar-procesos-y-servicios-tributarios\\\/#breadcrumb\"},\"inLanguage\":\"es\",\"potentialAction\":[{\"@type\":\"ReadAction\",\"target\":[\"https:\\\/\\\/informelitoral.com.ar\\\/provincia-y-municipio-de-ramirez-trabajan-para-mejorar-procesos-y-servicios-tributarios\\\/\"]}]},{\"@type\":\"ImageObject\",\"inLanguage\":\"es\",\"@id\":\"https:\\\/\\\/informelitoral.com.ar\\\/provincia-y-municipio-de-ramirez-trabajan-para-mejorar-procesos-y-servicios-tributarios\\\/#primaryimage\",\"url\":\"https:\\\/\\\/informelitoral.com.ar\\\/%77%70%2d%63%6f%6e%74%65%6e%74\\\/uploads\\\/2024\\\/04\\\/1712581732jpg.jpg.webp\",\"contentUrl\":\"https:\\\/\\\/informelitoral.com.ar\\\/%77%70%2d%63%6f%6e%74%65%6e%74\\\/uploads\\\/2024\\\/04\\\/1712581732jpg.jpg.webp\",\"width\":1200,\"height\":800},{\"@type\":\"BreadcrumbList\",\"@id\":\"https:\\\/\\\/informelitoral.com.ar\\\/provincia-y-municipio-de-ramirez-trabajan-para-mejorar-procesos-y-servicios-tributarios\\\/#breadcrumb\",\"itemListElement\":[{\"@type\":\"ListItem\",\"position\":1,\"name\":\"Portada\",\"item\":\"https:\\\/\\\/informelitoral.com.ar\\\/\"},{\"@type\":\"ListItem\",\"position\":2,\"name\":\"Provincia junto al municipio de Ram\u00edrez trabajan para mejorar procesos y servicios tributarios\"}]},{\"@type\":\"WebSite\",\"@id\":\"https:\\\/\\\/informelitoral.com.ar\\\/#website\",\"url\":\"https:\\\/\\\/informelitoral.com.ar\\\/\",\"name\":\"Informe Litoral\",\"description\":\"&quot;Nos informamos&quot; \",\"publisher\":{\"@id\":\"https:\\\/\\\/informelitoral.com.ar\\\/#organization\"},\"potentialAction\":[{\"@type\":\"SearchAction\",\"target\":{\"@type\":\"EntryPoint\",\"urlTemplate\":\"https:\\\/\\\/informelitoral.com.ar\\\/?s={search_term_string}\"},\"query-input\":{\"@type\":\"PropertyValueSpecification\",\"valueRequired\":true,\"valueName\":\"search_term_string\"}}],\"inLanguage\":\"es\"},{\"@type\":\"Organization\",\"@id\":\"https:\\\/\\\/informelitoral.com.ar\\\/#organization\",\"name\":\"Informe Litoral\",\"url\":\"https:\\\/\\\/informelitoral.com.ar\\\/\",\"logo\":{\"@type\":\"ImageObject\",\"inLanguage\":\"es\",\"@id\":\"https:\\\/\\\/informelitoral.com.ar\\\/#\\\/schema\\\/logo\\\/image\\\/\",\"url\":\"https:\\\/\\\/informelitoral.com.ar\\\/%77%70%2d%63%6f%6e%74%65%6e%74\\\/uploads\\\/2021\\\/01\\\/circulo.png\",\"contentUrl\":\"https:\\\/\\\/informelitoral.com.ar\\\/%77%70%2d%63%6f%6e%74%65%6e%74\\\/uploads\\\/2021\\\/01\\\/circulo.png\",\"width\":723,\"height\":731,\"caption\":\"Informe Litoral\"},\"image\":{\"@id\":\"https:\\\/\\\/informelitoral.com.ar\\\/#\\\/schema\\\/logo\\\/image\\\/\"},\"sameAs\":[\"https:\\\/\\\/www.facebook.com\\\/informelitoral\\\/\",\"https:\\\/\\\/x.com\\\/InformeLitoral\",\"https:\\\/\\\/www.instagram.com\\\/informelitoral\\\/\",\"https:\\\/\\\/www.youtube.com\\\/channel\\\/UCua4Qvz8Icb6MYqhoq9xLXw\"]},{\"@type\":\"Person\",\"@id\":\"https:\\\/\\\/informelitoral.com.ar\\\/#\\\/schema\\\/person\\\/f05f9f461677119578717524b127d6d5\",\"name\":\"Sebastian\",\"image\":{\"@type\":\"ImageObject\",\"inLanguage\":\"es\",\"@id\":\"https:\\\/\\\/secure.gravatar.com\\\/avatar\\\/b71bf7481d447dfb9583c7f2798e7cc64de6efb9067b74633ed8c31059a3bd82?s=96&d=mm&r=g\",\"url\":\"https:\\\/\\\/secure.gravatar.com\\\/avatar\\\/b71bf7481d447dfb9583c7f2798e7cc64de6efb9067b74633ed8c31059a3bd82?s=96&d=mm&r=g\",\"contentUrl\":\"https:\\\/\\\/secure.gravatar.com\\\/avatar\\\/b71bf7481d447dfb9583c7f2798e7cc64de6efb9067b74633ed8c31059a3bd82?s=96&d=mm&r=g\",\"caption\":\"Sebastian\"},\"url\":\"https:\\\/\\\/informelitoral.com.ar\\\/author\\\/sebastian\\\/\"}]}<\/script>","yoast_head_json":{"title":"Provincia junto al municipio de Ram\u00edrez trabajan para mejorar procesos y servicios tributarios - Informe Litoral","robots":{"index":"index","follow":"follow","max-snippet":"max-snippet:-1","max-image-preview":"max-image-preview:large","max-video-preview":"max-video-preview:-1"},"canonical":"https:\/\/informelitoral.com.ar\/provincia-y-municipio-de-ramirez-trabajan-para-mejorar-procesos-y-servicios-tributarios\/","og_locale":"es_ES","og_type":"article","og_title":"Provincia junto al municipio de Ram\u00edrez trabajan para mejorar procesos y servicios tributarios - Informe Litoral","og_description":"La intendenta Flavia Pamberger, manifest\u00f3 que el convenio les permitir\u00e1 organizar y coordinar de manera m\u00e1s eficiente la informaci\u00f3n.","og_url":"https:\/\/informelitoral.com.ar\/provincia-y-municipio-de-ramirez-trabajan-para-mejorar-procesos-y-servicios-tributarios\/","og_site_name":"Informe Litoral","article_publisher":"https:\/\/www.facebook.com\/informelitoral\/","article_published_time":"2024-04-09T11:11:16+00:00","article_modified_time":"2024-04-09T11:12:24+00:00","og_image":[{"width":1200,"height":800,"url":"https:\/\/informelitoral.com.ar\/%77%70%2d%63%6f%6e%74%65%6e%74\/uploads\/2024\/04\/1712581732jpg.jpg.webp","type":"image\/webp"}],"author":"Sebastian","twitter_card":"summary_large_image","twitter_creator":"@InformeLitoral","twitter_site":"@InformeLitoral","twitter_misc":{"Escrito por":"Sebastian","Tiempo de lectura":"2 minutos"},"schema":{"@context":"https:\/\/schema.org","@graph":[{"@type":"Article","@id":"https:\/\/informelitoral.com.ar\/provincia-y-municipio-de-ramirez-trabajan-para-mejorar-procesos-y-servicios-tributarios\/#article","isPartOf":{"@id":"https:\/\/informelitoral.com.ar\/provincia-y-municipio-de-ramirez-trabajan-para-mejorar-procesos-y-servicios-tributarios\/"},"author":{"name":"Sebastian","@id":"https:\/\/informelitoral.com.ar\/#\/schema\/person\/f05f9f461677119578717524b127d6d5"},"headline":"Provincia junto al municipio de Ram\u00edrez trabajan para mejorar procesos y servicios tributarios","datePublished":"2024-04-09T11:11:16+00:00","dateModified":"2024-04-09T11:12:24+00:00","mainEntityOfPage":{"@id":"https:\/\/informelitoral.com.ar\/provincia-y-municipio-de-ramirez-trabajan-para-mejorar-procesos-y-servicios-tributarios\/"},"wordCount":492,"commentCount":0,"publisher":{"@id":"https:\/\/informelitoral.com.ar\/#organization"},"image":{"@id":"https:\/\/informelitoral.com.ar\/provincia-y-municipio-de-ramirez-trabajan-para-mejorar-procesos-y-servicios-tributarios\/#primaryimage"},"thumbnailUrl":"https:\/\/informelitoral.com.ar\/%77%70%2d%63%6f%6e%74%65%6e%74\/uploads\/2024\/04\/1712581732jpg.jpg.webp","keywords":["ATER","Flavia Pamberger","General Ram\u00edrez","Servicio Tributario"],"articleSection":["Departamento Nogoy\u00e1"],"inLanguage":"es","potentialAction":[{"@type":"CommentAction","name":"Comment","target":["https:\/\/informelitoral.com.ar\/provincia-y-municipio-de-ramirez-trabajan-para-mejorar-procesos-y-servicios-tributarios\/#respond"]}]},{"@type":"WebPage","@id":"https:\/\/informelitoral.com.ar\/provincia-y-municipio-de-ramirez-trabajan-para-mejorar-procesos-y-servicios-tributarios\/","url":"https:\/\/informelitoral.com.ar\/provincia-y-municipio-de-ramirez-trabajan-para-mejorar-procesos-y-servicios-tributarios\/","name":"Provincia junto al municipio de Ram\u00edrez trabajan para mejorar procesos y servicios tributarios - Informe Litoral","isPartOf":{"@id":"https:\/\/informelitoral.com.ar\/#website"},"primaryImageOfPage":{"@id":"https:\/\/informelitoral.com.ar\/provincia-y-municipio-de-ramirez-trabajan-para-mejorar-procesos-y-servicios-tributarios\/#primaryimage"},"image":{"@id":"https:\/\/informelitoral.com.ar\/provincia-y-municipio-de-ramirez-trabajan-para-mejorar-procesos-y-servicios-tributarios\/#primaryimage"},"thumbnailUrl":"https:\/\/informelitoral.com.ar\/%77%70%2d%63%6f%6e%74%65%6e%74\/uploads\/2024\/04\/1712581732jpg.jpg.webp","datePublished":"2024-04-09T11:11:16+00:00","dateModified":"2024-04-09T11:12:24+00:00","breadcrumb":{"@id":"https:\/\/informelitoral.com.ar\/provincia-y-municipio-de-ramirez-trabajan-para-mejorar-procesos-y-servicios-tributarios\/#breadcrumb"},"inLanguage":"es","potentialAction":[{"@type":"ReadAction","target":["https:\/\/informelitoral.com.ar\/provincia-y-municipio-de-ramirez-trabajan-para-mejorar-procesos-y-servicios-tributarios\/"]}]},{"@type":"ImageObject","inLanguage":"es","@id":"https:\/\/informelitoral.com.ar\/provincia-y-municipio-de-ramirez-trabajan-para-mejorar-procesos-y-servicios-tributarios\/#primaryimage","url":"https:\/\/informelitoral.com.ar\/%77%70%2d%63%6f%6e%74%65%6e%74\/uploads\/2024\/04\/1712581732jpg.jpg.webp","contentUrl":"https:\/\/informelitoral.com.ar\/%77%70%2d%63%6f%6e%74%65%6e%74\/uploads\/2024\/04\/1712581732jpg.jpg.webp","width":1200,"height":800},{"@type":"BreadcrumbList","@id":"https:\/\/informelitoral.com.ar\/provincia-y-municipio-de-ramirez-trabajan-para-mejorar-procesos-y-servicios-tributarios\/#breadcrumb","itemListElement":[{"@type":"ListItem","position":1,"name":"Portada","item":"https:\/\/informelitoral.com.ar\/"},{"@type":"ListItem","position":2,"name":"Provincia junto al municipio de Ram\u00edrez trabajan para mejorar procesos y servicios tributarios"}]},{"@type":"WebSite","@id":"https:\/\/informelitoral.com.ar\/#website","url":"https:\/\/informelitoral.com.ar\/","name":"Informe Litoral","description":"&quot;Nos informamos&quot; ","publisher":{"@id":"https:\/\/informelitoral.com.ar\/#organization"},"potentialAction":[{"@type":"SearchAction","target":{"@type":"EntryPoint","urlTemplate":"https:\/\/informelitoral.com.ar\/?s={search_term_string}"},"query-input":{"@type":"PropertyValueSpecification","valueRequired":true,"valueName":"search_term_string"}}],"inLanguage":"es"},{"@type":"Organization","@id":"https:\/\/informelitoral.com.ar\/#organization","name":"Informe Litoral","url":"https:\/\/informelitoral.com.ar\/","logo":{"@type":"ImageObject","inLanguage":"es","@id":"https:\/\/informelitoral.com.ar\/#\/schema\/logo\/image\/","url":"https:\/\/informelitoral.com.ar\/%77%70%2d%63%6f%6e%74%65%6e%74\/uploads\/2021\/01\/circulo.png","contentUrl":"https:\/\/informelitoral.com.ar\/%77%70%2d%63%6f%6e%74%65%6e%74\/uploads\/2021\/01\/circulo.png","width":723,"height":731,"caption":"Informe Litoral"},"image":{"@id":"https:\/\/informelitoral.com.ar\/#\/schema\/logo\/image\/"},"sameAs":["https:\/\/www.facebook.com\/informelitoral\/","https:\/\/x.com\/InformeLitoral","https:\/\/www.instagram.com\/informelitoral\/","https:\/\/www.youtube.com\/channel\/UCua4Qvz8Icb6MYqhoq9xLXw"]},{"@type":"Person","@id":"https:\/\/informelitoral.com.ar\/#\/schema\/person\/f05f9f461677119578717524b127d6d5","name":"Sebastian","image":{"@type":"ImageObject","inLanguage":"es","@id":"https:\/\/secure.gravatar.com\/avatar\/b71bf7481d447dfb9583c7f2798e7cc64de6efb9067b74633ed8c31059a3bd82?s=96&d=mm&r=g","url":"https:\/\/secure.gravatar.com\/avatar\/b71bf7481d447dfb9583c7f2798e7cc64de6efb9067b74633ed8c31059a3bd82?s=96&d=mm&r=g","contentUrl":"https:\/\/secure.gravatar.com\/avatar\/b71bf7481d447dfb9583c7f2798e7cc64de6efb9067b74633ed8c31059a3bd82?s=96&d=mm&r=g","caption":"Sebastian"},"url":"https:\/\/informelitoral.com.ar\/author\/sebastian\/"}]}},"_links":{"self":[{"href":"https:\/\/informelitoral.com.ar\/%77%70%2d%6a%73%6f%6e\/wp\/v2\/posts\/184068","targetHints":{"allow":["GET"]}}],"collection":[{"href":"https:\/\/informelitoral.com.ar\/%77%70%2d%6a%73%6f%6e\/wp\/v2\/posts"}],"about":[{"href":"https:\/\/informelitoral.com.ar\/%77%70%2d%6a%73%6f%6e\/wp\/v2\/types\/post"}],"author":[{"embeddable":true,"href":"https:\/\/informelitoral.com.ar\/%77%70%2d%6a%73%6f%6e\/wp\/v2\/users\/8"}],"replies":[{"embeddable":true,"href":"https:\/\/informelitoral.com.ar\/%77%70%2d%6a%73%6f%6e\/wp\/v2\/comments?post=184068"}],"version-history":[{"count":0,"href":"https:\/\/informelitoral.com.ar\/%77%70%2d%6a%73%6f%6e\/wp\/v2\/posts\/184068\/revisions"}],"wp:featuredmedia":[{"embeddable":true,"href":"https:\/\/informelitoral.com.ar\/%77%70%2d%6a%73%6f%6e\/wp\/v2\/media\/184069"}],"wp:attachment":[{"href":"https:\/\/informelitoral.com.ar\/%77%70%2d%6a%73%6f%6e\/wp\/v2\/media?parent=184068"}],"wp:term":[{"taxonomy":"category","embeddable":true,"href":"https:\/\/informelitoral.com.ar\/%77%70%2d%6a%73%6f%6e\/wp\/v2\/categories?post=184068"},{"taxonomy":"post_tag","embeddable":true,"href":"https:\/\/informelitoral.com.ar\/%77%70%2d%6a%73%6f%6e\/wp\/v2\/tags?post=184068"}],"curies":[{"name":"wp","href":"https:\/\/api.w.org\/{rel}","templated":true}]}}