{"id":183696,"date":"2024-04-02T07:56:20","date_gmt":"2024-04-02T10:56:20","guid":{"rendered":"https:\/\/www.informelitoral.com.ar\/?p=183696"},"modified":"2024-04-02T07:56:20","modified_gmt":"2024-04-02T10:56:20","slug":"el-gobierno-anticipo-que-actualizaran-el-piso-del-impuesto-a-las-ganancias","status":"publish","type":"post","link":"https:\/\/informelitoral.com.ar\/el-gobierno-anticipo-que-actualizaran-el-piso-del-impuesto-a-las-ganancias\/","title":{"rendered":"El Gobierno anticip\u00f3 que actualizar\u00e1n el piso del Impuesto a las Ganancias"},"content":{"rendered":"<p><b>El Gobierno, a trav\u00e9s del ministro del Interior, Guillermo Francos, indic\u00f3 este lunes que ser\u00e1 actualizado el piso del Impuesto a las Ganancias y que \u201clas escalas son diferentes, por supuesto, a las que estaban vigentes en noviembre\u201d de 2023<\/b>, previo a que la gesti\u00f3n de Alberto Fern\u00e1ndez derogara parte de la tasa.<\/p>\n<p>Con respecto a la posibilidad de que sea tenido en cuenta el primer trimestre de 2024 para el cobro del impuesto, el funcionario nacional opin\u00f3 que \u201csi no se elimina\u201d ese punto con la nueva ley \u201cobviamente, como es anual, tiene que pagarse a fin de a\u00f1o\u201d, pero que ese tema todav\u00eda lo est\u00e1 discutiendo el Ministerio de Econom\u00eda.<\/p>\n<p>\u201cNo s\u00e9. No puedo contestar eso hoy porque no tengo esa informaci\u00f3n\u201d, se\u00f1al\u00f3 Francos al ser consultado en<i>\u00a0radio La Red<\/i>\u00a0por si la idea del Gobierno es eliminar este primer trimestre como retroactivo de una ley que a\u00fan no est\u00e1 ni en debate ni vigencia.<\/p>\n<p>Sin dar datos precisos, Francos dijo que el piso de Ganancias \u201ccreo que empieza a partir de la suma de $1.200.000 para arriba, pero siempre en el entendimiento de que los n\u00fameros m\u00e1s bajos de la escala hagan un porcentaje mucho menor, porque hay algunos que hablan del 35% y esto no es as\u00ed, porque es un impuesto que establece una progresi\u00f3n\u201d.<\/p>\n<h5>Qu\u00e9 dijo Guillermo Francos sobre la ley \u00f3mnibus y la incorporaci\u00f3n de Ganancias<\/h5>\n<p>En esta l\u00ednea, el ministro tambi\u00e9n se refiri\u00f3 a quienes no pagan el impuesto, quienes ahora podr\u00edan ser pasibles de su cobro porque les aumentaron el salario. \u201cNo hay que preocuparse por eso. Todas esas cosas son tenidas en cuenta en la ley\u201d, asegur\u00f3.<\/p>\n<p>Guillermo Francos, ministro del Interior, fue el encargado de dar la noticia<\/p>\n<p>Francos adem\u00e1s<b>\u00a0indic\u00f3 que el tratamiento de Ganancias no ser\u00e1 incluido en la ley \u00f3mnibus, sino en una nueva ley \u201cespecial\u201d que se enviar\u00e1 para ser debatida en el Congreso con distintos temas vinculados a la cuesti\u00f3n fiscal como moratoria, blanqueo, y ganancias.<\/b><\/p>\n<p>\u201cHay varios temas que son importantes. Uno de ellos tiene que ver con la improvisaci\u00f3n con la que se hizo todo cuando se derog\u00f3 el impuesto a la cuarta categor\u00eda. Se cometi\u00f3 una equivocaci\u00f3n que har\u00eda que por el tercer trimestre del a\u00f1o 2023 tuviera que pagarse el impuesto, porque lo que hizo por decreto en su momento el gobierno nacional fue dictar una norma que dec\u00eda que no se hac\u00edan las retenciones por parte de las empresas de la cuarta categor\u00eda\u201d, dijo Francos.<\/p>\n<p>Y prosigui\u00f3: \u201cDespu\u00e9s, cuando se sancion\u00f3 la ley se eximi\u00f3 de ese impuesto a partir de enero de 2024, por el cual quedo el \u00faltimo trimestre de 2023 en que supuestamente est\u00e1 la obligaci\u00f3n de pagar ganancias aunque no se hizo la retenci\u00f3n. Hay que corregir eso\u201d.<\/p>\n","protected":false},"excerpt":{"rendered":"<p>El ministro del Interior de la Naci\u00f3n, Guillermo Francos, expres\u00f3 en una entrevista radial que \u00ablas escalas son diferentes, por supuesto, a las que estaban vigentes en noviembre de 2023\u00bb. Los detalles.<\/p>\n","protected":false},"author":8,"featured_media":65500,"comment_status":"open","ping_status":"open","sticky":false,"template":"","format":"standard","meta":{"fifu_image_url":"","fifu_image_alt":"","footnotes":""},"categories":[1594,7],"tags":[2247],"class_list":{"0":"post-183696","1":"post","2":"type-post","3":"status-publish","4":"format-standard","5":"has-post-thumbnail","7":"category-economia","8":"category-nacionales","9":"tag-impuesto-a-las-ganancias"},"yoast_head":"<title>El Gobierno anticip\u00f3 que actualizar\u00e1n el piso del Impuesto a las Ganancias - Informe Litoral<\/title>\n<meta name=\"robots\" content=\"index, follow, max-snippet:-1, max-image-preview:large, max-video-preview:-1\" \/>\n<link rel=\"canonical\" href=\"https:\/\/informelitoral.com.ar\/el-gobierno-anticipo-que-actualizaran-el-piso-del-impuesto-a-las-ganancias\/\" \/>\n<meta property=\"og:locale\" content=\"es_ES\" \/>\n<meta property=\"og:type\" content=\"article\" \/>\n<meta property=\"og:title\" content=\"El Gobierno anticip\u00f3 que actualizar\u00e1n el piso del Impuesto a las Ganancias - Informe Litoral\" \/>\n<meta property=\"og:description\" content=\"El ministro del Interior de la Naci\u00f3n, Guillermo Francos, expres\u00f3 en una entrevista radial que &quot;las escalas son diferentes, por supuesto, a las que estaban vigentes en noviembre de 2023&quot;. Los detalles.\" \/>\n<meta property=\"og:url\" content=\"https:\/\/informelitoral.com.ar\/el-gobierno-anticipo-que-actualizaran-el-piso-del-impuesto-a-las-ganancias\/\" \/>\n<meta property=\"og:site_name\" content=\"Informe Litoral\" \/>\n<meta property=\"article:publisher\" content=\"https:\/\/www.facebook.com\/informelitoral\/\" \/>\n<meta property=\"article:published_time\" content=\"2024-04-02T10:56:20+00:00\" \/>\n<meta property=\"og:image\" content=\"https:\/\/informelitoral.com.ar\/%77%70%2d%63%6f%6e%74%65%6e%74\/uploads\/2021\/09\/impuesto-las-ganancias.jpg\" \/>\n\t<meta property=\"og:image:width\" content=\"730\" \/>\n\t<meta property=\"og:image:height\" content=\"394\" \/>\n\t<meta property=\"og:image:type\" content=\"image\/jpeg\" \/>\n<meta name=\"author\" content=\"Sebastian\" \/>\n<meta name=\"twitter:card\" content=\"summary_large_image\" \/>\n<meta name=\"twitter:creator\" content=\"@InformeLitoral\" \/>\n<meta name=\"twitter:site\" content=\"@InformeLitoral\" \/>\n<meta name=\"twitter:label1\" content=\"Escrito por\" \/>\n\t<meta name=\"twitter:data1\" content=\"Sebastian\" \/>\n\t<meta name=\"twitter:label2\" content=\"Tiempo de lectura\" \/>\n\t<meta name=\"twitter:data2\" content=\"2 minutos\" \/>\n<script type=\"application\/ld+json\" class=\"yoast-schema-graph\">{\"@context\":\"https:\\\/\\\/schema.org\",\"@graph\":[{\"@type\":\"Article\",\"@id\":\"https:\\\/\\\/informelitoral.com.ar\\\/el-gobierno-anticipo-que-actualizaran-el-piso-del-impuesto-a-las-ganancias\\\/#article\",\"isPartOf\":{\"@id\":\"https:\\\/\\\/informelitoral.com.ar\\\/el-gobierno-anticipo-que-actualizaran-el-piso-del-impuesto-a-las-ganancias\\\/\"},\"author\":{\"name\":\"Sebastian\",\"@id\":\"https:\\\/\\\/informelitoral.com.ar\\\/#\\\/schema\\\/person\\\/f05f9f461677119578717524b127d6d5\"},\"headline\":\"El Gobierno anticip\u00f3 que actualizar\u00e1n el piso del Impuesto a las Ganancias\",\"datePublished\":\"2024-04-02T10:56:20+00:00\",\"mainEntityOfPage\":{\"@id\":\"https:\\\/\\\/informelitoral.com.ar\\\/el-gobierno-anticipo-que-actualizaran-el-piso-del-impuesto-a-las-ganancias\\\/\"},\"wordCount\":498,\"commentCount\":0,\"publisher\":{\"@id\":\"https:\\\/\\\/informelitoral.com.ar\\\/#organization\"},\"image\":{\"@id\":\"https:\\\/\\\/informelitoral.com.ar\\\/el-gobierno-anticipo-que-actualizaran-el-piso-del-impuesto-a-las-ganancias\\\/#primaryimage\"},\"thumbnailUrl\":\"https:\\\/\\\/informelitoral.com.ar\\\/%77%70%2d%63%6f%6e%74%65%6e%74\\\/uploads\\\/2021\\\/09\\\/impuesto-las-ganancias.jpg\",\"keywords\":[\"Impuesto a las Ganancias\"],\"articleSection\":[\"Econom\u00eda\",\"Nacionales\"],\"inLanguage\":\"es\",\"potentialAction\":[{\"@type\":\"CommentAction\",\"name\":\"Comment\",\"target\":[\"https:\\\/\\\/informelitoral.com.ar\\\/el-gobierno-anticipo-que-actualizaran-el-piso-del-impuesto-a-las-ganancias\\\/#respond\"]}]},{\"@type\":\"WebPage\",\"@id\":\"https:\\\/\\\/informelitoral.com.ar\\\/el-gobierno-anticipo-que-actualizaran-el-piso-del-impuesto-a-las-ganancias\\\/\",\"url\":\"https:\\\/\\\/informelitoral.com.ar\\\/el-gobierno-anticipo-que-actualizaran-el-piso-del-impuesto-a-las-ganancias\\\/\",\"name\":\"El Gobierno anticip\u00f3 que actualizar\u00e1n el piso del Impuesto a las Ganancias - Informe Litoral\",\"isPartOf\":{\"@id\":\"https:\\\/\\\/informelitoral.com.ar\\\/#website\"},\"primaryImageOfPage\":{\"@id\":\"https:\\\/\\\/informelitoral.com.ar\\\/el-gobierno-anticipo-que-actualizaran-el-piso-del-impuesto-a-las-ganancias\\\/#primaryimage\"},\"image\":{\"@id\":\"https:\\\/\\\/informelitoral.com.ar\\\/el-gobierno-anticipo-que-actualizaran-el-piso-del-impuesto-a-las-ganancias\\\/#primaryimage\"},\"thumbnailUrl\":\"https:\\\/\\\/informelitoral.com.ar\\\/%77%70%2d%63%6f%6e%74%65%6e%74\\\/uploads\\\/2021\\\/09\\\/impuesto-las-ganancias.jpg\",\"datePublished\":\"2024-04-02T10:56:20+00:00\",\"breadcrumb\":{\"@id\":\"https:\\\/\\\/informelitoral.com.ar\\\/el-gobierno-anticipo-que-actualizaran-el-piso-del-impuesto-a-las-ganancias\\\/#breadcrumb\"},\"inLanguage\":\"es\",\"potentialAction\":[{\"@type\":\"ReadAction\",\"target\":[\"https:\\\/\\\/informelitoral.com.ar\\\/el-gobierno-anticipo-que-actualizaran-el-piso-del-impuesto-a-las-ganancias\\\/\"]}]},{\"@type\":\"ImageObject\",\"inLanguage\":\"es\",\"@id\":\"https:\\\/\\\/informelitoral.com.ar\\\/el-gobierno-anticipo-que-actualizaran-el-piso-del-impuesto-a-las-ganancias\\\/#primaryimage\",\"url\":\"https:\\\/\\\/informelitoral.com.ar\\\/%77%70%2d%63%6f%6e%74%65%6e%74\\\/uploads\\\/2021\\\/09\\\/impuesto-las-ganancias.jpg\",\"contentUrl\":\"https:\\\/\\\/informelitoral.com.ar\\\/%77%70%2d%63%6f%6e%74%65%6e%74\\\/uploads\\\/2021\\\/09\\\/impuesto-las-ganancias.jpg\",\"width\":730,\"height\":394},{\"@type\":\"BreadcrumbList\",\"@id\":\"https:\\\/\\\/informelitoral.com.ar\\\/el-gobierno-anticipo-que-actualizaran-el-piso-del-impuesto-a-las-ganancias\\\/#breadcrumb\",\"itemListElement\":[{\"@type\":\"ListItem\",\"position\":1,\"name\":\"Portada\",\"item\":\"https:\\\/\\\/informelitoral.com.ar\\\/\"},{\"@type\":\"ListItem\",\"position\":2,\"name\":\"El Gobierno anticip\u00f3 que actualizar\u00e1n el piso del Impuesto a las Ganancias\"}]},{\"@type\":\"WebSite\",\"@id\":\"https:\\\/\\\/informelitoral.com.ar\\\/#website\",\"url\":\"https:\\\/\\\/informelitoral.com.ar\\\/\",\"name\":\"Informe Litoral\",\"description\":\"&quot;Nos informamos&quot; \",\"publisher\":{\"@id\":\"https:\\\/\\\/informelitoral.com.ar\\\/#organization\"},\"potentialAction\":[{\"@type\":\"SearchAction\",\"target\":{\"@type\":\"EntryPoint\",\"urlTemplate\":\"https:\\\/\\\/informelitoral.com.ar\\\/?s={search_term_string}\"},\"query-input\":{\"@type\":\"PropertyValueSpecification\",\"valueRequired\":true,\"valueName\":\"search_term_string\"}}],\"inLanguage\":\"es\"},{\"@type\":\"Organization\",\"@id\":\"https:\\\/\\\/informelitoral.com.ar\\\/#organization\",\"name\":\"Informe Litoral\",\"url\":\"https:\\\/\\\/informelitoral.com.ar\\\/\",\"logo\":{\"@type\":\"ImageObject\",\"inLanguage\":\"es\",\"@id\":\"https:\\\/\\\/informelitoral.com.ar\\\/#\\\/schema\\\/logo\\\/image\\\/\",\"url\":\"https:\\\/\\\/informelitoral.com.ar\\\/%77%70%2d%63%6f%6e%74%65%6e%74\\\/uploads\\\/2021\\\/01\\\/circulo.png\",\"contentUrl\":\"https:\\\/\\\/informelitoral.com.ar\\\/%77%70%2d%63%6f%6e%74%65%6e%74\\\/uploads\\\/2021\\\/01\\\/circulo.png\",\"width\":723,\"height\":731,\"caption\":\"Informe Litoral\"},\"image\":{\"@id\":\"https:\\\/\\\/informelitoral.com.ar\\\/#\\\/schema\\\/logo\\\/image\\\/\"},\"sameAs\":[\"https:\\\/\\\/www.facebook.com\\\/informelitoral\\\/\",\"https:\\\/\\\/x.com\\\/InformeLitoral\",\"https:\\\/\\\/www.instagram.com\\\/informelitoral\\\/\",\"https:\\\/\\\/www.youtube.com\\\/channel\\\/UCua4Qvz8Icb6MYqhoq9xLXw\"]},{\"@type\":\"Person\",\"@id\":\"https:\\\/\\\/informelitoral.com.ar\\\/#\\\/schema\\\/person\\\/f05f9f461677119578717524b127d6d5\",\"name\":\"Sebastian\",\"image\":{\"@type\":\"ImageObject\",\"inLanguage\":\"es\",\"@id\":\"https:\\\/\\\/secure.gravatar.com\\\/avatar\\\/b71bf7481d447dfb9583c7f2798e7cc64de6efb9067b74633ed8c31059a3bd82?s=96&d=mm&r=g\",\"url\":\"https:\\\/\\\/secure.gravatar.com\\\/avatar\\\/b71bf7481d447dfb9583c7f2798e7cc64de6efb9067b74633ed8c31059a3bd82?s=96&d=mm&r=g\",\"contentUrl\":\"https:\\\/\\\/secure.gravatar.com\\\/avatar\\\/b71bf7481d447dfb9583c7f2798e7cc64de6efb9067b74633ed8c31059a3bd82?s=96&d=mm&r=g\",\"caption\":\"Sebastian\"},\"url\":\"https:\\\/\\\/informelitoral.com.ar\\\/author\\\/sebastian\\\/\"}]}<\/script>","yoast_head_json":{"title":"El Gobierno anticip\u00f3 que actualizar\u00e1n el piso del Impuesto a las Ganancias - Informe Litoral","robots":{"index":"index","follow":"follow","max-snippet":"max-snippet:-1","max-image-preview":"max-image-preview:large","max-video-preview":"max-video-preview:-1"},"canonical":"https:\/\/informelitoral.com.ar\/el-gobierno-anticipo-que-actualizaran-el-piso-del-impuesto-a-las-ganancias\/","og_locale":"es_ES","og_type":"article","og_title":"El Gobierno anticip\u00f3 que actualizar\u00e1n el piso del Impuesto a las Ganancias - Informe Litoral","og_description":"El ministro del Interior de la Naci\u00f3n, Guillermo Francos, expres\u00f3 en una entrevista radial que \"las escalas son diferentes, por supuesto, a las que estaban vigentes en noviembre de 2023\". Los detalles.","og_url":"https:\/\/informelitoral.com.ar\/el-gobierno-anticipo-que-actualizaran-el-piso-del-impuesto-a-las-ganancias\/","og_site_name":"Informe Litoral","article_publisher":"https:\/\/www.facebook.com\/informelitoral\/","article_published_time":"2024-04-02T10:56:20+00:00","og_image":[{"width":730,"height":394,"url":"https:\/\/informelitoral.com.ar\/%77%70%2d%63%6f%6e%74%65%6e%74\/uploads\/2021\/09\/impuesto-las-ganancias.jpg","type":"image\/jpeg"}],"author":"Sebastian","twitter_card":"summary_large_image","twitter_creator":"@InformeLitoral","twitter_site":"@InformeLitoral","twitter_misc":{"Escrito por":"Sebastian","Tiempo de lectura":"2 minutos"},"schema":{"@context":"https:\/\/schema.org","@graph":[{"@type":"Article","@id":"https:\/\/informelitoral.com.ar\/el-gobierno-anticipo-que-actualizaran-el-piso-del-impuesto-a-las-ganancias\/#article","isPartOf":{"@id":"https:\/\/informelitoral.com.ar\/el-gobierno-anticipo-que-actualizaran-el-piso-del-impuesto-a-las-ganancias\/"},"author":{"name":"Sebastian","@id":"https:\/\/informelitoral.com.ar\/#\/schema\/person\/f05f9f461677119578717524b127d6d5"},"headline":"El Gobierno anticip\u00f3 que actualizar\u00e1n el piso del Impuesto a las Ganancias","datePublished":"2024-04-02T10:56:20+00:00","mainEntityOfPage":{"@id":"https:\/\/informelitoral.com.ar\/el-gobierno-anticipo-que-actualizaran-el-piso-del-impuesto-a-las-ganancias\/"},"wordCount":498,"commentCount":0,"publisher":{"@id":"https:\/\/informelitoral.com.ar\/#organization"},"image":{"@id":"https:\/\/informelitoral.com.ar\/el-gobierno-anticipo-que-actualizaran-el-piso-del-impuesto-a-las-ganancias\/#primaryimage"},"thumbnailUrl":"https:\/\/informelitoral.com.ar\/%77%70%2d%63%6f%6e%74%65%6e%74\/uploads\/2021\/09\/impuesto-las-ganancias.jpg","keywords":["Impuesto a las Ganancias"],"articleSection":["Econom\u00eda","Nacionales"],"inLanguage":"es","potentialAction":[{"@type":"CommentAction","name":"Comment","target":["https:\/\/informelitoral.com.ar\/el-gobierno-anticipo-que-actualizaran-el-piso-del-impuesto-a-las-ganancias\/#respond"]}]},{"@type":"WebPage","@id":"https:\/\/informelitoral.com.ar\/el-gobierno-anticipo-que-actualizaran-el-piso-del-impuesto-a-las-ganancias\/","url":"https:\/\/informelitoral.com.ar\/el-gobierno-anticipo-que-actualizaran-el-piso-del-impuesto-a-las-ganancias\/","name":"El Gobierno anticip\u00f3 que actualizar\u00e1n el piso del Impuesto a las Ganancias - Informe Litoral","isPartOf":{"@id":"https:\/\/informelitoral.com.ar\/#website"},"primaryImageOfPage":{"@id":"https:\/\/informelitoral.com.ar\/el-gobierno-anticipo-que-actualizaran-el-piso-del-impuesto-a-las-ganancias\/#primaryimage"},"image":{"@id":"https:\/\/informelitoral.com.ar\/el-gobierno-anticipo-que-actualizaran-el-piso-del-impuesto-a-las-ganancias\/#primaryimage"},"thumbnailUrl":"https:\/\/informelitoral.com.ar\/%77%70%2d%63%6f%6e%74%65%6e%74\/uploads\/2021\/09\/impuesto-las-ganancias.jpg","datePublished":"2024-04-02T10:56:20+00:00","breadcrumb":{"@id":"https:\/\/informelitoral.com.ar\/el-gobierno-anticipo-que-actualizaran-el-piso-del-impuesto-a-las-ganancias\/#breadcrumb"},"inLanguage":"es","potentialAction":[{"@type":"ReadAction","target":["https:\/\/informelitoral.com.ar\/el-gobierno-anticipo-que-actualizaran-el-piso-del-impuesto-a-las-ganancias\/"]}]},{"@type":"ImageObject","inLanguage":"es","@id":"https:\/\/informelitoral.com.ar\/el-gobierno-anticipo-que-actualizaran-el-piso-del-impuesto-a-las-ganancias\/#primaryimage","url":"https:\/\/informelitoral.com.ar\/%77%70%2d%63%6f%6e%74%65%6e%74\/uploads\/2021\/09\/impuesto-las-ganancias.jpg","contentUrl":"https:\/\/informelitoral.com.ar\/%77%70%2d%63%6f%6e%74%65%6e%74\/uploads\/2021\/09\/impuesto-las-ganancias.jpg","width":730,"height":394},{"@type":"BreadcrumbList","@id":"https:\/\/informelitoral.com.ar\/el-gobierno-anticipo-que-actualizaran-el-piso-del-impuesto-a-las-ganancias\/#breadcrumb","itemListElement":[{"@type":"ListItem","position":1,"name":"Portada","item":"https:\/\/informelitoral.com.ar\/"},{"@type":"ListItem","position":2,"name":"El Gobierno anticip\u00f3 que actualizar\u00e1n el piso del Impuesto a las Ganancias"}]},{"@type":"WebSite","@id":"https:\/\/informelitoral.com.ar\/#website","url":"https:\/\/informelitoral.com.ar\/","name":"Informe Litoral","description":"&quot;Nos informamos&quot; ","publisher":{"@id":"https:\/\/informelitoral.com.ar\/#organization"},"potentialAction":[{"@type":"SearchAction","target":{"@type":"EntryPoint","urlTemplate":"https:\/\/informelitoral.com.ar\/?s={search_term_string}"},"query-input":{"@type":"PropertyValueSpecification","valueRequired":true,"valueName":"search_term_string"}}],"inLanguage":"es"},{"@type":"Organization","@id":"https:\/\/informelitoral.com.ar\/#organization","name":"Informe Litoral","url":"https:\/\/informelitoral.com.ar\/","logo":{"@type":"ImageObject","inLanguage":"es","@id":"https:\/\/informelitoral.com.ar\/#\/schema\/logo\/image\/","url":"https:\/\/informelitoral.com.ar\/%77%70%2d%63%6f%6e%74%65%6e%74\/uploads\/2021\/01\/circulo.png","contentUrl":"https:\/\/informelitoral.com.ar\/%77%70%2d%63%6f%6e%74%65%6e%74\/uploads\/2021\/01\/circulo.png","width":723,"height":731,"caption":"Informe Litoral"},"image":{"@id":"https:\/\/informelitoral.com.ar\/#\/schema\/logo\/image\/"},"sameAs":["https:\/\/www.facebook.com\/informelitoral\/","https:\/\/x.com\/InformeLitoral","https:\/\/www.instagram.com\/informelitoral\/","https:\/\/www.youtube.com\/channel\/UCua4Qvz8Icb6MYqhoq9xLXw"]},{"@type":"Person","@id":"https:\/\/informelitoral.com.ar\/#\/schema\/person\/f05f9f461677119578717524b127d6d5","name":"Sebastian","image":{"@type":"ImageObject","inLanguage":"es","@id":"https:\/\/secure.gravatar.com\/avatar\/b71bf7481d447dfb9583c7f2798e7cc64de6efb9067b74633ed8c31059a3bd82?s=96&d=mm&r=g","url":"https:\/\/secure.gravatar.com\/avatar\/b71bf7481d447dfb9583c7f2798e7cc64de6efb9067b74633ed8c31059a3bd82?s=96&d=mm&r=g","contentUrl":"https:\/\/secure.gravatar.com\/avatar\/b71bf7481d447dfb9583c7f2798e7cc64de6efb9067b74633ed8c31059a3bd82?s=96&d=mm&r=g","caption":"Sebastian"},"url":"https:\/\/informelitoral.com.ar\/author\/sebastian\/"}]}},"_links":{"self":[{"href":"https:\/\/informelitoral.com.ar\/%77%70%2d%6a%73%6f%6e\/wp\/v2\/posts\/183696","targetHints":{"allow":["GET"]}}],"collection":[{"href":"https:\/\/informelitoral.com.ar\/%77%70%2d%6a%73%6f%6e\/wp\/v2\/posts"}],"about":[{"href":"https:\/\/informelitoral.com.ar\/%77%70%2d%6a%73%6f%6e\/wp\/v2\/types\/post"}],"author":[{"embeddable":true,"href":"https:\/\/informelitoral.com.ar\/%77%70%2d%6a%73%6f%6e\/wp\/v2\/users\/8"}],"replies":[{"embeddable":true,"href":"https:\/\/informelitoral.com.ar\/%77%70%2d%6a%73%6f%6e\/wp\/v2\/comments?post=183696"}],"version-history":[{"count":0,"href":"https:\/\/informelitoral.com.ar\/%77%70%2d%6a%73%6f%6e\/wp\/v2\/posts\/183696\/revisions"}],"wp:featuredmedia":[{"embeddable":true,"href":"https:\/\/informelitoral.com.ar\/%77%70%2d%6a%73%6f%6e\/wp\/v2\/media\/65500"}],"wp:attachment":[{"href":"https:\/\/informelitoral.com.ar\/%77%70%2d%6a%73%6f%6e\/wp\/v2\/media?parent=183696"}],"wp:term":[{"taxonomy":"category","embeddable":true,"href":"https:\/\/informelitoral.com.ar\/%77%70%2d%6a%73%6f%6e\/wp\/v2\/categories?post=183696"},{"taxonomy":"post_tag","embeddable":true,"href":"https:\/\/informelitoral.com.ar\/%77%70%2d%6a%73%6f%6e\/wp\/v2\/tags?post=183696"}],"curies":[{"name":"wp","href":"https:\/\/api.w.org\/{rel}","templated":true}]}}