{"id":18271,"date":"2016-09-19T09:17:11","date_gmt":"2016-09-19T12:17:11","guid":{"rendered":"http:\/\/www.isletasnoticias.com.ar\/?p=18271"},"modified":"2016-09-19T09:28:59","modified_gmt":"2016-09-19T12:28:59","slug":"con-tramos-dificultosos-quedo-habilitado-el-camino-de-tierra-isletas-ramirez","status":"publish","type":"post","link":"https:\/\/informelitoral.com.ar\/con-tramos-dificultosos-quedo-habilitado-el-camino-de-tierra-isletas-ramirez\/","title":{"rendered":"Con tramos dificultosos, qued\u00f3 habilitado el camino de tierra Isletas &#8211; Ram\u00edrez"},"content":{"rendered":"<p><strong>Tras estar intransitable durante varios meses debido a las vertientes, qued\u00f3 habilitado para veh\u00edculos livianos el camino de tierra que une Isletas con Ram\u00edrez. Trabajaron en el lugar la Zonal Diamante de Vialidad y la Junta de Gobierno.<\/strong><\/p>\n<figure id=\"attachment_18272\" aria-describedby=\"caption-attachment-18272\" style=\"width: 566px\" class=\"wp-caption aligncenter\"><a href=\"http:\/\/www.isletasnoticias.com.ar\/%77%70%2d%63%6f%6e%74%65%6e%74\/uploads\/2016\/09\/14368640_1244149112282186_5148479749757011050_n.jpg\"><img loading=\"lazy\" decoding=\"async\" class=\"wp-image-18272 \" src=\"http:\/\/www.isletasnoticias.com.ar\/%77%70%2d%63%6f%6e%74%65%6e%74\/uploads\/2016\/09\/14368640_1244149112282186_5148479749757011050_n.jpg\" alt=\"14368640_1244149112282186_5148479749757011050_n\" width=\"566\" height=\"318\" srcset=\"https:\/\/informelitoral.com.ar\/%77%70%2d%63%6f%6e%74%65%6e%74\/uploads\/2016\/09\/14368640_1244149112282186_5148479749757011050_n.jpg 960w, https:\/\/informelitoral.com.ar\/%77%70%2d%63%6f%6e%74%65%6e%74\/uploads\/2016\/09\/14368640_1244149112282186_5148479749757011050_n-300x168.jpg 300w, https:\/\/informelitoral.com.ar\/%77%70%2d%63%6f%6e%74%65%6e%74\/uploads\/2016\/09\/14368640_1244149112282186_5148479749757011050_n-768x431.jpg 768w\" sizes=\"auto, (max-width: 566px) 100vw, 566px\" \/><\/a><figcaption id=\"caption-attachment-18272\" class=\"wp-caption-text\"><em><strong>Foto:<\/strong> Zonal Diamante de la DPV<\/em><\/figcaption><\/figure>\n<p>\u00abEn el transcurso de la semana la Direcci\u00f3n Provincial de Vialidad Zonal VI de Diamante, continu\u00f3 con los trabajos en el camino conocido como \u00abde abajo\u00bb, dej\u00e1ndolo en \u00f3ptimas condiciones de transitabilidad para veh\u00edculos de porte liviano\u00bb, informaron desde la Junta de Gobierno de Isletas en un texto enviado a <strong><em>IN.<\/em><\/strong><\/p>\n<p>Recordemos que la v\u00eda de tr\u00e1nsito que une a Isletas con Ram\u00edrez estuvo cortada durante varios meses, tras las intensas lluvias de abril y la aparici\u00f3n de vertientes, que se sum\u00f3 a la falta de mantenimiento.<\/p>\n<p>En el lugar tambi\u00e9n trabaj\u00f3 la Comuna con herramientas propias y si bien hay tramos dificultosos, al menos hasta que llueva, se puede transitar en autos, motos y camionetas.<\/p>\n<p>Desde el \u00f3rgano gubernamental local agradecen a Vialidad por las tareas efectuadas.<\/p>\n","protected":false},"excerpt":{"rendered":"<p>Tras estar intransitable durante varios meses debido a las vertientes, qued&oacute; habilitado para veh&iacute;culos livianos el camino de tierra que une Isletas con Ram&iacute;rez. Trabajaron en el lugar la Zonal Diamante de Vialidad y la Junta de Gobierno. &laquo;En el transcurso de la semana la Direcci&oacute;n Provincial de Vialidad Zonal VI de Diamante, continu&oacute; con [&hellip;]<\/p>\n","protected":false},"author":2,"featured_media":0,"comment_status":"open","ping_status":"open","sticky":false,"template":"","format":"standard","meta":{"fifu_image_url":"","fifu_image_alt":"","footnotes":""},"categories":[4],"tags":[],"class_list":{"0":"post-18271","1":"post","2":"type-post","3":"status-publish","4":"format-standard","6":"category-locales"},"yoast_head":"<title>Con tramos dificultosos, qued\u00f3 habilitado el camino de tierra Isletas - Ram\u00edrez - Informe Litoral<\/title>\n<meta name=\"robots\" content=\"index, follow, max-snippet:-1, max-image-preview:large, max-video-preview:-1\" \/>\n<link rel=\"canonical\" href=\"https:\/\/informelitoral.com.ar\/con-tramos-dificultosos-quedo-habilitado-el-camino-de-tierra-isletas-ramirez\/\" \/>\n<meta property=\"og:locale\" content=\"es_ES\" \/>\n<meta property=\"og:type\" content=\"article\" \/>\n<meta property=\"og:title\" content=\"Con tramos dificultosos, qued\u00f3 habilitado el camino de tierra Isletas - Ram\u00edrez - Informe Litoral\" \/>\n<meta property=\"og:description\" content=\"Tras estar intransitable durante varios meses debido a las vertientes, qued&oacute; habilitado para veh&iacute;culos livianos el camino de tierra que une Isletas con Ram&iacute;rez. Trabajaron en el lugar la Zonal Diamante de Vialidad y la Junta de Gobierno. &laquo;En el transcurso de la semana la Direcci&oacute;n Provincial de Vialidad Zonal VI de Diamante, continu&oacute; con [&hellip;]\" \/>\n<meta property=\"og:url\" content=\"https:\/\/informelitoral.com.ar\/con-tramos-dificultosos-quedo-habilitado-el-camino-de-tierra-isletas-ramirez\/\" \/>\n<meta property=\"og:site_name\" content=\"Informe Litoral\" \/>\n<meta property=\"article:publisher\" content=\"https:\/\/www.facebook.com\/informelitoral\/\" \/>\n<meta property=\"article:published_time\" content=\"2016-09-19T12:17:11+00:00\" \/>\n<meta property=\"article:modified_time\" content=\"2016-09-19T12:28:59+00:00\" \/>\n<meta property=\"og:image\" content=\"https:\/\/informelitoral.com.ar\/%77%70%2d%63%6f%6e%74%65%6e%74\/uploads\/2016\/09\/14368640_1244149112282186_5148479749757011050_n.jpg\" \/>\n\t<meta property=\"og:image:width\" content=\"960\" \/>\n\t<meta property=\"og:image:height\" content=\"539\" \/>\n\t<meta property=\"og:image:type\" content=\"image\/jpeg\" \/>\n<meta name=\"author\" content=\"Gonzalo Schmidt\" \/>\n<meta name=\"twitter:card\" content=\"summary_large_image\" \/>\n<meta name=\"twitter:creator\" content=\"@InformeLitoral\" \/>\n<meta name=\"twitter:site\" content=\"@InformeLitoral\" \/>\n<meta name=\"twitter:label1\" content=\"Escrito por\" \/>\n\t<meta name=\"twitter:data1\" content=\"Gonzalo Schmidt\" \/>\n\t<meta name=\"twitter:label2\" content=\"Tiempo de lectura\" \/>\n\t<meta name=\"twitter:data2\" content=\"1 minuto\" \/>\n<script type=\"application\/ld+json\" class=\"yoast-schema-graph\">{\"@context\":\"https:\\\/\\\/schema.org\",\"@graph\":[{\"@type\":\"Article\",\"@id\":\"https:\\\/\\\/informelitoral.com.ar\\\/con-tramos-dificultosos-quedo-habilitado-el-camino-de-tierra-isletas-ramirez\\\/#article\",\"isPartOf\":{\"@id\":\"https:\\\/\\\/informelitoral.com.ar\\\/con-tramos-dificultosos-quedo-habilitado-el-camino-de-tierra-isletas-ramirez\\\/\"},\"author\":{\"name\":\"Gonzalo Schmidt\",\"@id\":\"https:\\\/\\\/informelitoral.com.ar\\\/#\\\/schema\\\/person\\\/b9d00407c836482871ef1d57bf8e3180\"},\"headline\":\"Con tramos dificultosos, qued\u00f3 habilitado el camino de tierra Isletas &#8211; Ram\u00edrez\",\"datePublished\":\"2016-09-19T12:17:11+00:00\",\"dateModified\":\"2016-09-19T12:28:59+00:00\",\"mainEntityOfPage\":{\"@id\":\"https:\\\/\\\/informelitoral.com.ar\\\/con-tramos-dificultosos-quedo-habilitado-el-camino-de-tierra-isletas-ramirez\\\/\"},\"wordCount\":202,\"commentCount\":0,\"publisher\":{\"@id\":\"https:\\\/\\\/informelitoral.com.ar\\\/#organization\"},\"image\":{\"@id\":\"https:\\\/\\\/informelitoral.com.ar\\\/con-tramos-dificultosos-quedo-habilitado-el-camino-de-tierra-isletas-ramirez\\\/#primaryimage\"},\"thumbnailUrl\":\"http:\\\/\\\/www.isletasnoticias.com.ar\\\/%77%70%2d%63%6f%6e%74%65%6e%74\\\/uploads\\\/2016\\\/09\\\/14368640_1244149112282186_5148479749757011050_n.jpg\",\"articleSection\":[\"Isletas\"],\"inLanguage\":\"es\",\"potentialAction\":[{\"@type\":\"CommentAction\",\"name\":\"Comment\",\"target\":[\"https:\\\/\\\/informelitoral.com.ar\\\/con-tramos-dificultosos-quedo-habilitado-el-camino-de-tierra-isletas-ramirez\\\/#respond\"]}]},{\"@type\":\"WebPage\",\"@id\":\"https:\\\/\\\/informelitoral.com.ar\\\/con-tramos-dificultosos-quedo-habilitado-el-camino-de-tierra-isletas-ramirez\\\/\",\"url\":\"https:\\\/\\\/informelitoral.com.ar\\\/con-tramos-dificultosos-quedo-habilitado-el-camino-de-tierra-isletas-ramirez\\\/\",\"name\":\"Con tramos dificultosos, qued\u00f3 habilitado el camino de tierra Isletas - Ram\u00edrez - Informe Litoral\",\"isPartOf\":{\"@id\":\"https:\\\/\\\/informelitoral.com.ar\\\/#website\"},\"primaryImageOfPage\":{\"@id\":\"https:\\\/\\\/informelitoral.com.ar\\\/con-tramos-dificultosos-quedo-habilitado-el-camino-de-tierra-isletas-ramirez\\\/#primaryimage\"},\"image\":{\"@id\":\"https:\\\/\\\/informelitoral.com.ar\\\/con-tramos-dificultosos-quedo-habilitado-el-camino-de-tierra-isletas-ramirez\\\/#primaryimage\"},\"thumbnailUrl\":\"http:\\\/\\\/www.isletasnoticias.com.ar\\\/%77%70%2d%63%6f%6e%74%65%6e%74\\\/uploads\\\/2016\\\/09\\\/14368640_1244149112282186_5148479749757011050_n.jpg\",\"datePublished\":\"2016-09-19T12:17:11+00:00\",\"dateModified\":\"2016-09-19T12:28:59+00:00\",\"breadcrumb\":{\"@id\":\"https:\\\/\\\/informelitoral.com.ar\\\/con-tramos-dificultosos-quedo-habilitado-el-camino-de-tierra-isletas-ramirez\\\/#breadcrumb\"},\"inLanguage\":\"es\",\"potentialAction\":[{\"@type\":\"ReadAction\",\"target\":[\"https:\\\/\\\/informelitoral.com.ar\\\/con-tramos-dificultosos-quedo-habilitado-el-camino-de-tierra-isletas-ramirez\\\/\"]}]},{\"@type\":\"ImageObject\",\"inLanguage\":\"es\",\"@id\":\"https:\\\/\\\/informelitoral.com.ar\\\/con-tramos-dificultosos-quedo-habilitado-el-camino-de-tierra-isletas-ramirez\\\/#primaryimage\",\"url\":\"http:\\\/\\\/www.isletasnoticias.com.ar\\\/%77%70%2d%63%6f%6e%74%65%6e%74\\\/uploads\\\/2016\\\/09\\\/14368640_1244149112282186_5148479749757011050_n.jpg\",\"contentUrl\":\"http:\\\/\\\/www.isletasnoticias.com.ar\\\/%77%70%2d%63%6f%6e%74%65%6e%74\\\/uploads\\\/2016\\\/09\\\/14368640_1244149112282186_5148479749757011050_n.jpg\"},{\"@type\":\"BreadcrumbList\",\"@id\":\"https:\\\/\\\/informelitoral.com.ar\\\/con-tramos-dificultosos-quedo-habilitado-el-camino-de-tierra-isletas-ramirez\\\/#breadcrumb\",\"itemListElement\":[{\"@type\":\"ListItem\",\"position\":1,\"name\":\"Portada\",\"item\":\"https:\\\/\\\/informelitoral.com.ar\\\/\"},{\"@type\":\"ListItem\",\"position\":2,\"name\":\"Con tramos dificultosos, qued\u00f3 habilitado el camino de tierra Isletas &#8211; Ram\u00edrez\"}]},{\"@type\":\"WebSite\",\"@id\":\"https:\\\/\\\/informelitoral.com.ar\\\/#website\",\"url\":\"https:\\\/\\\/informelitoral.com.ar\\\/\",\"name\":\"Informe Litoral\",\"description\":\"&quot;Nos informamos&quot; \",\"publisher\":{\"@id\":\"https:\\\/\\\/informelitoral.com.ar\\\/#organization\"},\"potentialAction\":[{\"@type\":\"SearchAction\",\"target\":{\"@type\":\"EntryPoint\",\"urlTemplate\":\"https:\\\/\\\/informelitoral.com.ar\\\/?s={search_term_string}\"},\"query-input\":{\"@type\":\"PropertyValueSpecification\",\"valueRequired\":true,\"valueName\":\"search_term_string\"}}],\"inLanguage\":\"es\"},{\"@type\":\"Organization\",\"@id\":\"https:\\\/\\\/informelitoral.com.ar\\\/#organization\",\"name\":\"Informe Litoral\",\"url\":\"https:\\\/\\\/informelitoral.com.ar\\\/\",\"logo\":{\"@type\":\"ImageObject\",\"inLanguage\":\"es\",\"@id\":\"https:\\\/\\\/informelitoral.com.ar\\\/#\\\/schema\\\/logo\\\/image\\\/\",\"url\":\"https:\\\/\\\/informelitoral.com.ar\\\/%77%70%2d%63%6f%6e%74%65%6e%74\\\/uploads\\\/2021\\\/01\\\/circulo.png\",\"contentUrl\":\"https:\\\/\\\/informelitoral.com.ar\\\/%77%70%2d%63%6f%6e%74%65%6e%74\\\/uploads\\\/2021\\\/01\\\/circulo.png\",\"width\":723,\"height\":731,\"caption\":\"Informe Litoral\"},\"image\":{\"@id\":\"https:\\\/\\\/informelitoral.com.ar\\\/#\\\/schema\\\/logo\\\/image\\\/\"},\"sameAs\":[\"https:\\\/\\\/www.facebook.com\\\/informelitoral\\\/\",\"https:\\\/\\\/x.com\\\/InformeLitoral\",\"https:\\\/\\\/www.instagram.com\\\/informelitoral\\\/\",\"https:\\\/\\\/www.youtube.com\\\/channel\\\/UCua4Qvz8Icb6MYqhoq9xLXw\"]},{\"@type\":\"Person\",\"@id\":\"https:\\\/\\\/informelitoral.com.ar\\\/#\\\/schema\\\/person\\\/b9d00407c836482871ef1d57bf8e3180\",\"name\":\"Gonzalo Schmidt\",\"image\":{\"@type\":\"ImageObject\",\"inLanguage\":\"es\",\"@id\":\"https:\\\/\\\/secure.gravatar.com\\\/avatar\\\/31a1a7b66ff2de83bd0e9fd79d026630d2d99e55e8bfe501287647b4fd9743de?s=96&d=mm&r=g\",\"url\":\"https:\\\/\\\/secure.gravatar.com\\\/avatar\\\/31a1a7b66ff2de83bd0e9fd79d026630d2d99e55e8bfe501287647b4fd9743de?s=96&d=mm&r=g\",\"contentUrl\":\"https:\\\/\\\/secure.gravatar.com\\\/avatar\\\/31a1a7b66ff2de83bd0e9fd79d026630d2d99e55e8bfe501287647b4fd9743de?s=96&d=mm&r=g\",\"caption\":\"Gonzalo Schmidt\"},\"description\":\"Sitio web de noticias de la provincia de Entre R\u00edos, Argentina. Informaci\u00f3n y entretenimiento. Informe Litoral, nos informamos.\",\"sameAs\":[\"http:\\\/\\\/www.isletasnoticias.com.ar\"],\"url\":\"https:\\\/\\\/informelitoral.com.ar\\\/author\\\/gonzalo\\\/\"}]}<\/script>","yoast_head_json":{"title":"Con tramos dificultosos, qued\u00f3 habilitado el camino de tierra Isletas - Ram\u00edrez - Informe Litoral","robots":{"index":"index","follow":"follow","max-snippet":"max-snippet:-1","max-image-preview":"max-image-preview:large","max-video-preview":"max-video-preview:-1"},"canonical":"https:\/\/informelitoral.com.ar\/con-tramos-dificultosos-quedo-habilitado-el-camino-de-tierra-isletas-ramirez\/","og_locale":"es_ES","og_type":"article","og_title":"Con tramos dificultosos, qued\u00f3 habilitado el camino de tierra Isletas - Ram\u00edrez - Informe Litoral","og_description":"Tras estar intransitable durante varios meses debido a las vertientes, qued&oacute; habilitado para veh&iacute;culos livianos el camino de tierra que une Isletas con Ram&iacute;rez. Trabajaron en el lugar la Zonal Diamante de Vialidad y la Junta de Gobierno. &laquo;En el transcurso de la semana la Direcci&oacute;n Provincial de Vialidad Zonal VI de Diamante, continu&oacute; con [&hellip;]","og_url":"https:\/\/informelitoral.com.ar\/con-tramos-dificultosos-quedo-habilitado-el-camino-de-tierra-isletas-ramirez\/","og_site_name":"Informe Litoral","article_publisher":"https:\/\/www.facebook.com\/informelitoral\/","article_published_time":"2016-09-19T12:17:11+00:00","article_modified_time":"2016-09-19T12:28:59+00:00","og_image":[{"width":960,"height":539,"url":"https:\/\/informelitoral.com.ar\/%77%70%2d%63%6f%6e%74%65%6e%74\/uploads\/2016\/09\/14368640_1244149112282186_5148479749757011050_n.jpg","type":"image\/jpeg"}],"author":"Gonzalo Schmidt","twitter_card":"summary_large_image","twitter_creator":"@InformeLitoral","twitter_site":"@InformeLitoral","twitter_misc":{"Escrito por":"Gonzalo Schmidt","Tiempo de lectura":"1 minuto"},"schema":{"@context":"https:\/\/schema.org","@graph":[{"@type":"Article","@id":"https:\/\/informelitoral.com.ar\/con-tramos-dificultosos-quedo-habilitado-el-camino-de-tierra-isletas-ramirez\/#article","isPartOf":{"@id":"https:\/\/informelitoral.com.ar\/con-tramos-dificultosos-quedo-habilitado-el-camino-de-tierra-isletas-ramirez\/"},"author":{"name":"Gonzalo Schmidt","@id":"https:\/\/informelitoral.com.ar\/#\/schema\/person\/b9d00407c836482871ef1d57bf8e3180"},"headline":"Con tramos dificultosos, qued\u00f3 habilitado el camino de tierra Isletas &#8211; Ram\u00edrez","datePublished":"2016-09-19T12:17:11+00:00","dateModified":"2016-09-19T12:28:59+00:00","mainEntityOfPage":{"@id":"https:\/\/informelitoral.com.ar\/con-tramos-dificultosos-quedo-habilitado-el-camino-de-tierra-isletas-ramirez\/"},"wordCount":202,"commentCount":0,"publisher":{"@id":"https:\/\/informelitoral.com.ar\/#organization"},"image":{"@id":"https:\/\/informelitoral.com.ar\/con-tramos-dificultosos-quedo-habilitado-el-camino-de-tierra-isletas-ramirez\/#primaryimage"},"thumbnailUrl":"http:\/\/www.isletasnoticias.com.ar\/%77%70%2d%63%6f%6e%74%65%6e%74\/uploads\/2016\/09\/14368640_1244149112282186_5148479749757011050_n.jpg","articleSection":["Isletas"],"inLanguage":"es","potentialAction":[{"@type":"CommentAction","name":"Comment","target":["https:\/\/informelitoral.com.ar\/con-tramos-dificultosos-quedo-habilitado-el-camino-de-tierra-isletas-ramirez\/#respond"]}]},{"@type":"WebPage","@id":"https:\/\/informelitoral.com.ar\/con-tramos-dificultosos-quedo-habilitado-el-camino-de-tierra-isletas-ramirez\/","url":"https:\/\/informelitoral.com.ar\/con-tramos-dificultosos-quedo-habilitado-el-camino-de-tierra-isletas-ramirez\/","name":"Con tramos dificultosos, qued\u00f3 habilitado el camino de tierra Isletas - Ram\u00edrez - Informe Litoral","isPartOf":{"@id":"https:\/\/informelitoral.com.ar\/#website"},"primaryImageOfPage":{"@id":"https:\/\/informelitoral.com.ar\/con-tramos-dificultosos-quedo-habilitado-el-camino-de-tierra-isletas-ramirez\/#primaryimage"},"image":{"@id":"https:\/\/informelitoral.com.ar\/con-tramos-dificultosos-quedo-habilitado-el-camino-de-tierra-isletas-ramirez\/#primaryimage"},"thumbnailUrl":"http:\/\/www.isletasnoticias.com.ar\/%77%70%2d%63%6f%6e%74%65%6e%74\/uploads\/2016\/09\/14368640_1244149112282186_5148479749757011050_n.jpg","datePublished":"2016-09-19T12:17:11+00:00","dateModified":"2016-09-19T12:28:59+00:00","breadcrumb":{"@id":"https:\/\/informelitoral.com.ar\/con-tramos-dificultosos-quedo-habilitado-el-camino-de-tierra-isletas-ramirez\/#breadcrumb"},"inLanguage":"es","potentialAction":[{"@type":"ReadAction","target":["https:\/\/informelitoral.com.ar\/con-tramos-dificultosos-quedo-habilitado-el-camino-de-tierra-isletas-ramirez\/"]}]},{"@type":"ImageObject","inLanguage":"es","@id":"https:\/\/informelitoral.com.ar\/con-tramos-dificultosos-quedo-habilitado-el-camino-de-tierra-isletas-ramirez\/#primaryimage","url":"http:\/\/www.isletasnoticias.com.ar\/%77%70%2d%63%6f%6e%74%65%6e%74\/uploads\/2016\/09\/14368640_1244149112282186_5148479749757011050_n.jpg","contentUrl":"http:\/\/www.isletasnoticias.com.ar\/%77%70%2d%63%6f%6e%74%65%6e%74\/uploads\/2016\/09\/14368640_1244149112282186_5148479749757011050_n.jpg"},{"@type":"BreadcrumbList","@id":"https:\/\/informelitoral.com.ar\/con-tramos-dificultosos-quedo-habilitado-el-camino-de-tierra-isletas-ramirez\/#breadcrumb","itemListElement":[{"@type":"ListItem","position":1,"name":"Portada","item":"https:\/\/informelitoral.com.ar\/"},{"@type":"ListItem","position":2,"name":"Con tramos dificultosos, qued\u00f3 habilitado el camino de tierra Isletas &#8211; Ram\u00edrez"}]},{"@type":"WebSite","@id":"https:\/\/informelitoral.com.ar\/#website","url":"https:\/\/informelitoral.com.ar\/","name":"Informe Litoral","description":"&quot;Nos informamos&quot; ","publisher":{"@id":"https:\/\/informelitoral.com.ar\/#organization"},"potentialAction":[{"@type":"SearchAction","target":{"@type":"EntryPoint","urlTemplate":"https:\/\/informelitoral.com.ar\/?s={search_term_string}"},"query-input":{"@type":"PropertyValueSpecification","valueRequired":true,"valueName":"search_term_string"}}],"inLanguage":"es"},{"@type":"Organization","@id":"https:\/\/informelitoral.com.ar\/#organization","name":"Informe Litoral","url":"https:\/\/informelitoral.com.ar\/","logo":{"@type":"ImageObject","inLanguage":"es","@id":"https:\/\/informelitoral.com.ar\/#\/schema\/logo\/image\/","url":"https:\/\/informelitoral.com.ar\/%77%70%2d%63%6f%6e%74%65%6e%74\/uploads\/2021\/01\/circulo.png","contentUrl":"https:\/\/informelitoral.com.ar\/%77%70%2d%63%6f%6e%74%65%6e%74\/uploads\/2021\/01\/circulo.png","width":723,"height":731,"caption":"Informe Litoral"},"image":{"@id":"https:\/\/informelitoral.com.ar\/#\/schema\/logo\/image\/"},"sameAs":["https:\/\/www.facebook.com\/informelitoral\/","https:\/\/x.com\/InformeLitoral","https:\/\/www.instagram.com\/informelitoral\/","https:\/\/www.youtube.com\/channel\/UCua4Qvz8Icb6MYqhoq9xLXw"]},{"@type":"Person","@id":"https:\/\/informelitoral.com.ar\/#\/schema\/person\/b9d00407c836482871ef1d57bf8e3180","name":"Gonzalo Schmidt","image":{"@type":"ImageObject","inLanguage":"es","@id":"https:\/\/secure.gravatar.com\/avatar\/31a1a7b66ff2de83bd0e9fd79d026630d2d99e55e8bfe501287647b4fd9743de?s=96&d=mm&r=g","url":"https:\/\/secure.gravatar.com\/avatar\/31a1a7b66ff2de83bd0e9fd79d026630d2d99e55e8bfe501287647b4fd9743de?s=96&d=mm&r=g","contentUrl":"https:\/\/secure.gravatar.com\/avatar\/31a1a7b66ff2de83bd0e9fd79d026630d2d99e55e8bfe501287647b4fd9743de?s=96&d=mm&r=g","caption":"Gonzalo Schmidt"},"description":"Sitio web de noticias de la provincia de Entre R\u00edos, Argentina. Informaci\u00f3n y entretenimiento. Informe Litoral, nos informamos.","sameAs":["http:\/\/www.isletasnoticias.com.ar"],"url":"https:\/\/informelitoral.com.ar\/author\/gonzalo\/"}]}},"_links":{"self":[{"href":"https:\/\/informelitoral.com.ar\/%77%70%2d%6a%73%6f%6e\/wp\/v2\/posts\/18271","targetHints":{"allow":["GET"]}}],"collection":[{"href":"https:\/\/informelitoral.com.ar\/%77%70%2d%6a%73%6f%6e\/wp\/v2\/posts"}],"about":[{"href":"https:\/\/informelitoral.com.ar\/%77%70%2d%6a%73%6f%6e\/wp\/v2\/types\/post"}],"author":[{"embeddable":true,"href":"https:\/\/informelitoral.com.ar\/%77%70%2d%6a%73%6f%6e\/wp\/v2\/users\/2"}],"replies":[{"embeddable":true,"href":"https:\/\/informelitoral.com.ar\/%77%70%2d%6a%73%6f%6e\/wp\/v2\/comments?post=18271"}],"version-history":[{"count":0,"href":"https:\/\/informelitoral.com.ar\/%77%70%2d%6a%73%6f%6e\/wp\/v2\/posts\/18271\/revisions"}],"wp:attachment":[{"href":"https:\/\/informelitoral.com.ar\/%77%70%2d%6a%73%6f%6e\/wp\/v2\/media?parent=18271"}],"wp:term":[{"taxonomy":"category","embeddable":true,"href":"https:\/\/informelitoral.com.ar\/%77%70%2d%6a%73%6f%6e\/wp\/v2\/categories?post=18271"},{"taxonomy":"post_tag","embeddable":true,"href":"https:\/\/informelitoral.com.ar\/%77%70%2d%6a%73%6f%6e\/wp\/v2\/tags?post=18271"}],"curies":[{"name":"wp","href":"https:\/\/api.w.org\/{rel}","templated":true}]}}