{"id":18268,"date":"2016-09-19T08:47:15","date_gmt":"2016-09-19T11:47:15","guid":{"rendered":"http:\/\/www.isletasnoticias.com.ar\/?p=18268"},"modified":"2016-09-19T08:47:15","modified_gmt":"2016-09-19T11:47:15","slug":"un-adolescente-victima-de-bullying-se-suicido-en-la-escuela","status":"publish","type":"post","link":"https:\/\/informelitoral.com.ar\/un-adolescente-victima-de-bullying-se-suicido-en-la-escuela\/","title":{"rendered":"Un adolescente v\u00edctima de bullying se suicid\u00f3 en la escuela"},"content":{"rendered":"<p><strong>Un joven de 15 a\u00f1os se suicid\u00f3 en el Instituto Agrot\u00e9cnico de Venado Tuerto, provincia de Santa Fe, luego de ser v\u00edctima de bullying por parte de sus compa\u00f1eros.<a href=\"http:\/\/www.isletasnoticias.com.ar\/%77%70%2d%63%6f%6e%74%65%6e%74\/uploads\/2016\/09\/0010874102.jpg\"><img loading=\"lazy\" decoding=\"async\" class=\"aligncenter wp-image-18269 size-full\" src=\"http:\/\/www.isletasnoticias.com.ar\/%77%70%2d%63%6f%6e%74%65%6e%74\/uploads\/2016\/09\/0010874102.jpg\" alt=\"0010874102\" width=\"678\" height=\"394\" srcset=\"https:\/\/informelitoral.com.ar\/%77%70%2d%63%6f%6e%74%65%6e%74\/uploads\/2016\/09\/0010874102.jpg 678w, https:\/\/informelitoral.com.ar\/%77%70%2d%63%6f%6e%74%65%6e%74\/uploads\/2016\/09\/0010874102-300x174.jpg 300w\" sizes=\"auto, (max-width: 678px) 100vw, 678px\" \/><\/a><\/strong><\/p>\n<p>Todo sucedi\u00f3 dentro del Centro Agrot\u00e9cnico Regional de Venado Tuerto, ubicado sobre la ruta 33. All\u00ed, seg\u00fan coment\u00f3 la fiscal Paula Borrello, \u00abel joven ingres\u00f3 a la escuela con el arma\u00bb.<\/p>\n<p>En medio de un confuso episodio se dispar\u00f3, perdiendo la vida al instante. La polic\u00eda lo identific\u00f3 como Marcelino. Tanto la polic\u00eda local como la instituci\u00f3n mantienen absoluto silencio en cuanto a la muerte, lo que preocupa a toda la comunidad santafesina.<\/p>\n<p>Lo \u00fanico que hizo el centro fue publicar en Facebook un mensaje citando a Jorge Luis Borges, ilustrado con un cresp\u00f3n negro: \u00abCada persona que pasa por nuestra vida es \u00fanica. Siempre deja un poco de s\u00ed y se lleva un poco de nosotros. Habr\u00e1 los que se llevar\u00e1n mucho, pero no habr\u00e1 de los que no nos dejar\u00e1n nada&#8230;\u00bb. Asimismo, mediante la red social informaron que \u00abel CAR hoy est\u00e1 de duelo, pero guarda la esperanza de la paz de Dios\u00bb.<\/p>\n<p>No obstante, la publicaci\u00f3n en Facebook, por parte de las autoridades del colegio dispar\u00f3 la pol\u00e9mica, ya que hubo padres que, a trav\u00e9s de los comentarios, se quejaron porque se dictaron clases normalmente. En esa l\u00ednea, Claudia Matteucci, coment\u00f3: \u00abPerd\u00f3n s\u00f3lo a la familia. En el CAR hubo clases como si nada. Un horror\u00bb.<\/p>\n<p>En la vereda opuesta, Norma Bertino escribi\u00f3 que \u00abpara hablar hay que saber, si no, mejor cerrar la boca para no incomodar al que est\u00e1 a tu lado. La instituci\u00f3n tiene alumnos de Venado Tuerto y la zona. Ser\u00eda imposible devolver los alumnos. Y, de \u00faltima, no ganaban nada con cerrar el colegio\u00bb.<\/p>\n<p>Los restos de Marcelino, por su parte, fueron velados durante la jornada del s\u00e1bado, reprodujo <em>MinutoUno.<\/em><\/p>\n","protected":false},"excerpt":{"rendered":"<p>Un joven de 15 a&ntilde;os se suicid&oacute; en el Instituto Agrot&eacute;cnico de Venado Tuerto, provincia de Santa Fe, luego de ser v&iacute;ctima de bullying por parte de sus compa&ntilde;eros. Todo sucedi&oacute; dentro del Centro Agrot&eacute;cnico Regional de Venado Tuerto, ubicado sobre la ruta 33. All&iacute;, seg&uacute;n coment&oacute; la fiscal Paula Borrello, &laquo;el joven ingres&oacute; a [&hellip;]<\/p>\n","protected":false},"author":2,"featured_media":0,"comment_status":"open","ping_status":"open","sticky":false,"template":"","format":"standard","meta":{"fifu_image_url":"","fifu_image_alt":"","footnotes":""},"categories":[7,9],"tags":[],"class_list":{"0":"post-18268","1":"post","2":"type-post","3":"status-publish","4":"format-standard","6":"category-nacionales","7":"category-sociedad"},"yoast_head":"<title>Un adolescente v\u00edctima de bullying se suicid\u00f3 en la escuela - Informe Litoral<\/title>\n<meta name=\"robots\" content=\"index, follow, max-snippet:-1, max-image-preview:large, max-video-preview:-1\" \/>\n<link rel=\"canonical\" href=\"https:\/\/informelitoral.com.ar\/un-adolescente-victima-de-bullying-se-suicido-en-la-escuela\/\" \/>\n<meta property=\"og:locale\" content=\"es_ES\" \/>\n<meta property=\"og:type\" content=\"article\" \/>\n<meta property=\"og:title\" content=\"Un adolescente v\u00edctima de bullying se suicid\u00f3 en la escuela - Informe Litoral\" \/>\n<meta property=\"og:description\" content=\"Un joven de 15 a&ntilde;os se suicid&oacute; en el Instituto Agrot&eacute;cnico de Venado Tuerto, provincia de Santa Fe, luego de ser v&iacute;ctima de bullying por parte de sus compa&ntilde;eros. Todo sucedi&oacute; dentro del Centro Agrot&eacute;cnico Regional de Venado Tuerto, ubicado sobre la ruta 33. All&iacute;, seg&uacute;n coment&oacute; la fiscal Paula Borrello, &laquo;el joven ingres&oacute; a [&hellip;]\" \/>\n<meta property=\"og:url\" content=\"https:\/\/informelitoral.com.ar\/un-adolescente-victima-de-bullying-se-suicido-en-la-escuela\/\" \/>\n<meta property=\"og:site_name\" content=\"Informe Litoral\" \/>\n<meta property=\"article:publisher\" content=\"https:\/\/www.facebook.com\/informelitoral\/\" \/>\n<meta property=\"article:published_time\" content=\"2016-09-19T11:47:15+00:00\" \/>\n<meta property=\"og:image\" content=\"https:\/\/informelitoral.com.ar\/%77%70%2d%63%6f%6e%74%65%6e%74\/uploads\/2016\/09\/0010874102.jpg\" \/>\n\t<meta property=\"og:image:width\" content=\"678\" \/>\n\t<meta property=\"og:image:height\" content=\"394\" \/>\n\t<meta property=\"og:image:type\" content=\"image\/jpeg\" \/>\n<meta name=\"author\" content=\"Gonzalo Schmidt\" \/>\n<meta name=\"twitter:card\" content=\"summary_large_image\" \/>\n<meta name=\"twitter:creator\" content=\"@InformeLitoral\" \/>\n<meta name=\"twitter:site\" content=\"@InformeLitoral\" \/>\n<meta name=\"twitter:label1\" content=\"Escrito por\" \/>\n\t<meta name=\"twitter:data1\" content=\"Gonzalo Schmidt\" \/>\n\t<meta name=\"twitter:label2\" content=\"Tiempo de lectura\" \/>\n\t<meta name=\"twitter:data2\" content=\"2 minutos\" \/>\n<script type=\"application\/ld+json\" class=\"yoast-schema-graph\">{\"@context\":\"https:\\\/\\\/schema.org\",\"@graph\":[{\"@type\":\"Article\",\"@id\":\"https:\\\/\\\/informelitoral.com.ar\\\/un-adolescente-victima-de-bullying-se-suicido-en-la-escuela\\\/#article\",\"isPartOf\":{\"@id\":\"https:\\\/\\\/informelitoral.com.ar\\\/un-adolescente-victima-de-bullying-se-suicido-en-la-escuela\\\/\"},\"author\":{\"name\":\"Gonzalo Schmidt\",\"@id\":\"https:\\\/\\\/informelitoral.com.ar\\\/#\\\/schema\\\/person\\\/b9d00407c836482871ef1d57bf8e3180\"},\"headline\":\"Un adolescente v\u00edctima de bullying se suicid\u00f3 en la escuela\",\"datePublished\":\"2016-09-19T11:47:15+00:00\",\"mainEntityOfPage\":{\"@id\":\"https:\\\/\\\/informelitoral.com.ar\\\/un-adolescente-victima-de-bullying-se-suicido-en-la-escuela\\\/\"},\"wordCount\":337,\"commentCount\":0,\"publisher\":{\"@id\":\"https:\\\/\\\/informelitoral.com.ar\\\/#organization\"},\"image\":{\"@id\":\"https:\\\/\\\/informelitoral.com.ar\\\/un-adolescente-victima-de-bullying-se-suicido-en-la-escuela\\\/#primaryimage\"},\"thumbnailUrl\":\"http:\\\/\\\/www.isletasnoticias.com.ar\\\/%77%70%2d%63%6f%6e%74%65%6e%74\\\/uploads\\\/2016\\\/09\\\/0010874102.jpg\",\"articleSection\":[\"Nacionales\",\"Sociedad\"],\"inLanguage\":\"es\",\"potentialAction\":[{\"@type\":\"CommentAction\",\"name\":\"Comment\",\"target\":[\"https:\\\/\\\/informelitoral.com.ar\\\/un-adolescente-victima-de-bullying-se-suicido-en-la-escuela\\\/#respond\"]}]},{\"@type\":\"WebPage\",\"@id\":\"https:\\\/\\\/informelitoral.com.ar\\\/un-adolescente-victima-de-bullying-se-suicido-en-la-escuela\\\/\",\"url\":\"https:\\\/\\\/informelitoral.com.ar\\\/un-adolescente-victima-de-bullying-se-suicido-en-la-escuela\\\/\",\"name\":\"Un adolescente v\u00edctima de bullying se suicid\u00f3 en la escuela - Informe Litoral\",\"isPartOf\":{\"@id\":\"https:\\\/\\\/informelitoral.com.ar\\\/#website\"},\"primaryImageOfPage\":{\"@id\":\"https:\\\/\\\/informelitoral.com.ar\\\/un-adolescente-victima-de-bullying-se-suicido-en-la-escuela\\\/#primaryimage\"},\"image\":{\"@id\":\"https:\\\/\\\/informelitoral.com.ar\\\/un-adolescente-victima-de-bullying-se-suicido-en-la-escuela\\\/#primaryimage\"},\"thumbnailUrl\":\"http:\\\/\\\/www.isletasnoticias.com.ar\\\/%77%70%2d%63%6f%6e%74%65%6e%74\\\/uploads\\\/2016\\\/09\\\/0010874102.jpg\",\"datePublished\":\"2016-09-19T11:47:15+00:00\",\"breadcrumb\":{\"@id\":\"https:\\\/\\\/informelitoral.com.ar\\\/un-adolescente-victima-de-bullying-se-suicido-en-la-escuela\\\/#breadcrumb\"},\"inLanguage\":\"es\",\"potentialAction\":[{\"@type\":\"ReadAction\",\"target\":[\"https:\\\/\\\/informelitoral.com.ar\\\/un-adolescente-victima-de-bullying-se-suicido-en-la-escuela\\\/\"]}]},{\"@type\":\"ImageObject\",\"inLanguage\":\"es\",\"@id\":\"https:\\\/\\\/informelitoral.com.ar\\\/un-adolescente-victima-de-bullying-se-suicido-en-la-escuela\\\/#primaryimage\",\"url\":\"http:\\\/\\\/www.isletasnoticias.com.ar\\\/%77%70%2d%63%6f%6e%74%65%6e%74\\\/uploads\\\/2016\\\/09\\\/0010874102.jpg\",\"contentUrl\":\"http:\\\/\\\/www.isletasnoticias.com.ar\\\/%77%70%2d%63%6f%6e%74%65%6e%74\\\/uploads\\\/2016\\\/09\\\/0010874102.jpg\"},{\"@type\":\"BreadcrumbList\",\"@id\":\"https:\\\/\\\/informelitoral.com.ar\\\/un-adolescente-victima-de-bullying-se-suicido-en-la-escuela\\\/#breadcrumb\",\"itemListElement\":[{\"@type\":\"ListItem\",\"position\":1,\"name\":\"Portada\",\"item\":\"https:\\\/\\\/informelitoral.com.ar\\\/\"},{\"@type\":\"ListItem\",\"position\":2,\"name\":\"Un adolescente v\u00edctima de bullying se suicid\u00f3 en la escuela\"}]},{\"@type\":\"WebSite\",\"@id\":\"https:\\\/\\\/informelitoral.com.ar\\\/#website\",\"url\":\"https:\\\/\\\/informelitoral.com.ar\\\/\",\"name\":\"Informe Litoral\",\"description\":\"&quot;Nos informamos&quot; \",\"publisher\":{\"@id\":\"https:\\\/\\\/informelitoral.com.ar\\\/#organization\"},\"potentialAction\":[{\"@type\":\"SearchAction\",\"target\":{\"@type\":\"EntryPoint\",\"urlTemplate\":\"https:\\\/\\\/informelitoral.com.ar\\\/?s={search_term_string}\"},\"query-input\":{\"@type\":\"PropertyValueSpecification\",\"valueRequired\":true,\"valueName\":\"search_term_string\"}}],\"inLanguage\":\"es\"},{\"@type\":\"Organization\",\"@id\":\"https:\\\/\\\/informelitoral.com.ar\\\/#organization\",\"name\":\"Informe Litoral\",\"url\":\"https:\\\/\\\/informelitoral.com.ar\\\/\",\"logo\":{\"@type\":\"ImageObject\",\"inLanguage\":\"es\",\"@id\":\"https:\\\/\\\/informelitoral.com.ar\\\/#\\\/schema\\\/logo\\\/image\\\/\",\"url\":\"https:\\\/\\\/informelitoral.com.ar\\\/%77%70%2d%63%6f%6e%74%65%6e%74\\\/uploads\\\/2021\\\/01\\\/circulo.png\",\"contentUrl\":\"https:\\\/\\\/informelitoral.com.ar\\\/%77%70%2d%63%6f%6e%74%65%6e%74\\\/uploads\\\/2021\\\/01\\\/circulo.png\",\"width\":723,\"height\":731,\"caption\":\"Informe Litoral\"},\"image\":{\"@id\":\"https:\\\/\\\/informelitoral.com.ar\\\/#\\\/schema\\\/logo\\\/image\\\/\"},\"sameAs\":[\"https:\\\/\\\/www.facebook.com\\\/informelitoral\\\/\",\"https:\\\/\\\/x.com\\\/InformeLitoral\",\"https:\\\/\\\/www.instagram.com\\\/informelitoral\\\/\",\"https:\\\/\\\/www.youtube.com\\\/channel\\\/UCua4Qvz8Icb6MYqhoq9xLXw\"]},{\"@type\":\"Person\",\"@id\":\"https:\\\/\\\/informelitoral.com.ar\\\/#\\\/schema\\\/person\\\/b9d00407c836482871ef1d57bf8e3180\",\"name\":\"Gonzalo Schmidt\",\"image\":{\"@type\":\"ImageObject\",\"inLanguage\":\"es\",\"@id\":\"https:\\\/\\\/secure.gravatar.com\\\/avatar\\\/31a1a7b66ff2de83bd0e9fd79d026630d2d99e55e8bfe501287647b4fd9743de?s=96&d=mm&r=g\",\"url\":\"https:\\\/\\\/secure.gravatar.com\\\/avatar\\\/31a1a7b66ff2de83bd0e9fd79d026630d2d99e55e8bfe501287647b4fd9743de?s=96&d=mm&r=g\",\"contentUrl\":\"https:\\\/\\\/secure.gravatar.com\\\/avatar\\\/31a1a7b66ff2de83bd0e9fd79d026630d2d99e55e8bfe501287647b4fd9743de?s=96&d=mm&r=g\",\"caption\":\"Gonzalo Schmidt\"},\"description\":\"Sitio web de noticias de la provincia de Entre R\u00edos, Argentina. Informaci\u00f3n y entretenimiento. Informe Litoral, nos informamos.\",\"sameAs\":[\"http:\\\/\\\/www.isletasnoticias.com.ar\"],\"url\":\"https:\\\/\\\/informelitoral.com.ar\\\/author\\\/gonzalo\\\/\"}]}<\/script>","yoast_head_json":{"title":"Un adolescente v\u00edctima de bullying se suicid\u00f3 en la escuela - Informe Litoral","robots":{"index":"index","follow":"follow","max-snippet":"max-snippet:-1","max-image-preview":"max-image-preview:large","max-video-preview":"max-video-preview:-1"},"canonical":"https:\/\/informelitoral.com.ar\/un-adolescente-victima-de-bullying-se-suicido-en-la-escuela\/","og_locale":"es_ES","og_type":"article","og_title":"Un adolescente v\u00edctima de bullying se suicid\u00f3 en la escuela - Informe Litoral","og_description":"Un joven de 15 a&ntilde;os se suicid&oacute; en el Instituto Agrot&eacute;cnico de Venado Tuerto, provincia de Santa Fe, luego de ser v&iacute;ctima de bullying por parte de sus compa&ntilde;eros. Todo sucedi&oacute; dentro del Centro Agrot&eacute;cnico Regional de Venado Tuerto, ubicado sobre la ruta 33. All&iacute;, seg&uacute;n coment&oacute; la fiscal Paula Borrello, &laquo;el joven ingres&oacute; a [&hellip;]","og_url":"https:\/\/informelitoral.com.ar\/un-adolescente-victima-de-bullying-se-suicido-en-la-escuela\/","og_site_name":"Informe Litoral","article_publisher":"https:\/\/www.facebook.com\/informelitoral\/","article_published_time":"2016-09-19T11:47:15+00:00","og_image":[{"width":678,"height":394,"url":"https:\/\/informelitoral.com.ar\/%77%70%2d%63%6f%6e%74%65%6e%74\/uploads\/2016\/09\/0010874102.jpg","type":"image\/jpeg"}],"author":"Gonzalo Schmidt","twitter_card":"summary_large_image","twitter_creator":"@InformeLitoral","twitter_site":"@InformeLitoral","twitter_misc":{"Escrito por":"Gonzalo Schmidt","Tiempo de lectura":"2 minutos"},"schema":{"@context":"https:\/\/schema.org","@graph":[{"@type":"Article","@id":"https:\/\/informelitoral.com.ar\/un-adolescente-victima-de-bullying-se-suicido-en-la-escuela\/#article","isPartOf":{"@id":"https:\/\/informelitoral.com.ar\/un-adolescente-victima-de-bullying-se-suicido-en-la-escuela\/"},"author":{"name":"Gonzalo Schmidt","@id":"https:\/\/informelitoral.com.ar\/#\/schema\/person\/b9d00407c836482871ef1d57bf8e3180"},"headline":"Un adolescente v\u00edctima de bullying se suicid\u00f3 en la escuela","datePublished":"2016-09-19T11:47:15+00:00","mainEntityOfPage":{"@id":"https:\/\/informelitoral.com.ar\/un-adolescente-victima-de-bullying-se-suicido-en-la-escuela\/"},"wordCount":337,"commentCount":0,"publisher":{"@id":"https:\/\/informelitoral.com.ar\/#organization"},"image":{"@id":"https:\/\/informelitoral.com.ar\/un-adolescente-victima-de-bullying-se-suicido-en-la-escuela\/#primaryimage"},"thumbnailUrl":"http:\/\/www.isletasnoticias.com.ar\/%77%70%2d%63%6f%6e%74%65%6e%74\/uploads\/2016\/09\/0010874102.jpg","articleSection":["Nacionales","Sociedad"],"inLanguage":"es","potentialAction":[{"@type":"CommentAction","name":"Comment","target":["https:\/\/informelitoral.com.ar\/un-adolescente-victima-de-bullying-se-suicido-en-la-escuela\/#respond"]}]},{"@type":"WebPage","@id":"https:\/\/informelitoral.com.ar\/un-adolescente-victima-de-bullying-se-suicido-en-la-escuela\/","url":"https:\/\/informelitoral.com.ar\/un-adolescente-victima-de-bullying-se-suicido-en-la-escuela\/","name":"Un adolescente v\u00edctima de bullying se suicid\u00f3 en la escuela - Informe Litoral","isPartOf":{"@id":"https:\/\/informelitoral.com.ar\/#website"},"primaryImageOfPage":{"@id":"https:\/\/informelitoral.com.ar\/un-adolescente-victima-de-bullying-se-suicido-en-la-escuela\/#primaryimage"},"image":{"@id":"https:\/\/informelitoral.com.ar\/un-adolescente-victima-de-bullying-se-suicido-en-la-escuela\/#primaryimage"},"thumbnailUrl":"http:\/\/www.isletasnoticias.com.ar\/%77%70%2d%63%6f%6e%74%65%6e%74\/uploads\/2016\/09\/0010874102.jpg","datePublished":"2016-09-19T11:47:15+00:00","breadcrumb":{"@id":"https:\/\/informelitoral.com.ar\/un-adolescente-victima-de-bullying-se-suicido-en-la-escuela\/#breadcrumb"},"inLanguage":"es","potentialAction":[{"@type":"ReadAction","target":["https:\/\/informelitoral.com.ar\/un-adolescente-victima-de-bullying-se-suicido-en-la-escuela\/"]}]},{"@type":"ImageObject","inLanguage":"es","@id":"https:\/\/informelitoral.com.ar\/un-adolescente-victima-de-bullying-se-suicido-en-la-escuela\/#primaryimage","url":"http:\/\/www.isletasnoticias.com.ar\/%77%70%2d%63%6f%6e%74%65%6e%74\/uploads\/2016\/09\/0010874102.jpg","contentUrl":"http:\/\/www.isletasnoticias.com.ar\/%77%70%2d%63%6f%6e%74%65%6e%74\/uploads\/2016\/09\/0010874102.jpg"},{"@type":"BreadcrumbList","@id":"https:\/\/informelitoral.com.ar\/un-adolescente-victima-de-bullying-se-suicido-en-la-escuela\/#breadcrumb","itemListElement":[{"@type":"ListItem","position":1,"name":"Portada","item":"https:\/\/informelitoral.com.ar\/"},{"@type":"ListItem","position":2,"name":"Un adolescente v\u00edctima de bullying se suicid\u00f3 en la escuela"}]},{"@type":"WebSite","@id":"https:\/\/informelitoral.com.ar\/#website","url":"https:\/\/informelitoral.com.ar\/","name":"Informe Litoral","description":"&quot;Nos informamos&quot; ","publisher":{"@id":"https:\/\/informelitoral.com.ar\/#organization"},"potentialAction":[{"@type":"SearchAction","target":{"@type":"EntryPoint","urlTemplate":"https:\/\/informelitoral.com.ar\/?s={search_term_string}"},"query-input":{"@type":"PropertyValueSpecification","valueRequired":true,"valueName":"search_term_string"}}],"inLanguage":"es"},{"@type":"Organization","@id":"https:\/\/informelitoral.com.ar\/#organization","name":"Informe Litoral","url":"https:\/\/informelitoral.com.ar\/","logo":{"@type":"ImageObject","inLanguage":"es","@id":"https:\/\/informelitoral.com.ar\/#\/schema\/logo\/image\/","url":"https:\/\/informelitoral.com.ar\/%77%70%2d%63%6f%6e%74%65%6e%74\/uploads\/2021\/01\/circulo.png","contentUrl":"https:\/\/informelitoral.com.ar\/%77%70%2d%63%6f%6e%74%65%6e%74\/uploads\/2021\/01\/circulo.png","width":723,"height":731,"caption":"Informe Litoral"},"image":{"@id":"https:\/\/informelitoral.com.ar\/#\/schema\/logo\/image\/"},"sameAs":["https:\/\/www.facebook.com\/informelitoral\/","https:\/\/x.com\/InformeLitoral","https:\/\/www.instagram.com\/informelitoral\/","https:\/\/www.youtube.com\/channel\/UCua4Qvz8Icb6MYqhoq9xLXw"]},{"@type":"Person","@id":"https:\/\/informelitoral.com.ar\/#\/schema\/person\/b9d00407c836482871ef1d57bf8e3180","name":"Gonzalo Schmidt","image":{"@type":"ImageObject","inLanguage":"es","@id":"https:\/\/secure.gravatar.com\/avatar\/31a1a7b66ff2de83bd0e9fd79d026630d2d99e55e8bfe501287647b4fd9743de?s=96&d=mm&r=g","url":"https:\/\/secure.gravatar.com\/avatar\/31a1a7b66ff2de83bd0e9fd79d026630d2d99e55e8bfe501287647b4fd9743de?s=96&d=mm&r=g","contentUrl":"https:\/\/secure.gravatar.com\/avatar\/31a1a7b66ff2de83bd0e9fd79d026630d2d99e55e8bfe501287647b4fd9743de?s=96&d=mm&r=g","caption":"Gonzalo Schmidt"},"description":"Sitio web de noticias de la provincia de Entre R\u00edos, Argentina. Informaci\u00f3n y entretenimiento. Informe Litoral, nos informamos.","sameAs":["http:\/\/www.isletasnoticias.com.ar"],"url":"https:\/\/informelitoral.com.ar\/author\/gonzalo\/"}]}},"_links":{"self":[{"href":"https:\/\/informelitoral.com.ar\/%77%70%2d%6a%73%6f%6e\/wp\/v2\/posts\/18268","targetHints":{"allow":["GET"]}}],"collection":[{"href":"https:\/\/informelitoral.com.ar\/%77%70%2d%6a%73%6f%6e\/wp\/v2\/posts"}],"about":[{"href":"https:\/\/informelitoral.com.ar\/%77%70%2d%6a%73%6f%6e\/wp\/v2\/types\/post"}],"author":[{"embeddable":true,"href":"https:\/\/informelitoral.com.ar\/%77%70%2d%6a%73%6f%6e\/wp\/v2\/users\/2"}],"replies":[{"embeddable":true,"href":"https:\/\/informelitoral.com.ar\/%77%70%2d%6a%73%6f%6e\/wp\/v2\/comments?post=18268"}],"version-history":[{"count":0,"href":"https:\/\/informelitoral.com.ar\/%77%70%2d%6a%73%6f%6e\/wp\/v2\/posts\/18268\/revisions"}],"wp:attachment":[{"href":"https:\/\/informelitoral.com.ar\/%77%70%2d%6a%73%6f%6e\/wp\/v2\/media?parent=18268"}],"wp:term":[{"taxonomy":"category","embeddable":true,"href":"https:\/\/informelitoral.com.ar\/%77%70%2d%6a%73%6f%6e\/wp\/v2\/categories?post=18268"},{"taxonomy":"post_tag","embeddable":true,"href":"https:\/\/informelitoral.com.ar\/%77%70%2d%6a%73%6f%6e\/wp\/v2\/tags?post=18268"}],"curies":[{"name":"wp","href":"https:\/\/api.w.org\/{rel}","templated":true}]}}