{"id":182633,"date":"2024-03-12T09:48:43","date_gmt":"2024-03-12T12:48:43","guid":{"rendered":"https:\/\/www.informelitoral.com.ar\/?p=182633"},"modified":"2024-03-12T09:50:57","modified_gmt":"2024-03-12T12:50:57","slug":"boca-juniors-confirmo-la-lesion-de-javier-garcia-jugara-ante-estudiantes-en-la-plata","status":"publish","type":"post","link":"https:\/\/informelitoral.com.ar\/boca-juniors-confirmo-la-lesion-de-javier-garcia-jugara-ante-estudiantes-en-la-plata\/","title":{"rendered":"Boca Juniors confirm\u00f3 la lesi\u00f3n de Javier Garc\u00eda: \u00bfjugar\u00e1 ante Estudiantes en La Plata?"},"content":{"rendered":"<p class=\"paragraph\" data-mrf-recirculation=\"Links inline\">Luego del gran encuentro que Boca Juniors le gan\u00f3 a Racing Club por 4 a 2, en el encuentro correspondiente a la d\u00e9cima fecha de la Copa de la Liga, el cuerpo t\u00e9cnico comandado por Diego Mart\u00ednez recibi\u00f3 una noticia poco agradable.<\/p>\n<p class=\"paragraph\" data-mrf-recirculation=\"Links inline\">Las redes sociales del club confirmaron la lesi\u00f3n de Javier Garc\u00eda, quien tuvo que ser reemplazado por Leandro Brey cuando corr\u00eda la media hora del complemento por una molestia en su pierna izquierda.<\/p>\n<p class=\"paragraph\" data-mrf-recirculation=\"Links inline\">\u201cContractura en el gemelo izquierdo\u201d. As\u00ed de escueto fue el aprte m\u00e9dico que dio a conocer Boca Juniors sin m\u00e1s precisiones. Habr\u00e1 que esperar que transcurre esta semana y determinar si el ex arquero de Racing Club estar\u00e1 disponible para visitar al Pincha, este domingo desde las 21.<\/p>\n<div class=\"visual__image\"><img loading=\"lazy\" decoding=\"async\" class=\" lazyload\" src=\"https:\/\/www.infobae.com\/new-resizer\/drJ-CZq0URn1Ns7GDnUS6VNdNiA=\/arc-anglerfish-arc2-prod-infobae\/public\/PMOJTEPOPJHYREYNMYFPCWM27E.JPG\" alt=\"El parte m\u00e9dico de Boca por la lesi\u00f3n de Javier Garc\u00eda\" width=\"654\" height=\"203\" data-src=\"https:\/\/www.infobae.com\/new-resizer\/drJ-CZq0URn1Ns7GDnUS6VNdNiA=\/arc-anglerfish-arc2-prod-infobae\/public\/PMOJTEPOPJHYREYNMYFPCWM27E.JPG\" \/><\/div>\n<div class=\"inline_2_DSK ad-wrapper ad-desktop\">\n<div class=\"dfpAd ad-inline\">\n<div id=\"infobae\/deportes\/nota\/inline_2_DSK\" class=\"infobae\/deportes\/nota\/inline_2_DSK arcad\" data-google-query-id=\"CPWzvJnh7oQDFadN3QIdLvoH6Q\">\n<div id=\"google_ads_iframe_\/1058609\/infobae\/deportes\/nota\/inline_2_DSK_0__container__\"><\/div>\n<\/div>\n<\/div>\n<\/div>\n<p class=\"paragraph\" data-mrf-recirculation=\"Links inline\">Vale recordar que Javier Garc\u00eda retorn\u00f3 a la titularidad en Boca Juniors luego del problema f\u00edsico que present\u00f3 Chiquito Romero (inflamaci\u00f3n en el tend\u00f3n de Aquiles izquierdo) que le impidi\u00f3 jugar el cl\u00e1sico ante su ex club.<\/p>\n<p class=\"paragraph\" data-mrf-recirculation=\"Links inline\">De esta manera, frente a la duda generada por ambos arqueros, Leandro Brey podr\u00eda tener una chance de actuar bajo los tres palos el pr\u00f3ximo fin de semana. El arquero particip\u00f3 del equipo que se consagr\u00f3 subcampe\u00f3n con la selecci\u00f3n argentina en el pasado Torneo Preol\u00edmpico Sub-23 de Venezuela y que logr\u00f3 un pasaje a los Juegos Ol\u00edmpicos de Par\u00eds 2024.<\/p>\n<p class=\"paragraph\" data-mrf-recirculation=\"Links inline\">Javier Garc\u00eda volvi\u00f3 a ser titular en Boca Juniors luego de casi cinco meses. Su \u00faltimo encuentro hab\u00eda sido el 28 octubre pasado cuando Jorge Almir\u00f3n lo eligi\u00f3, junto con un equipo alternativo, en el empate 0 a 0 frente a Estudiantes de la Plata, previo a la final de la Copa Libertadores disputada ante Fluminense. Javi particip\u00f3 en 73 oficiales con la camiseta de Boca, recibi\u00f3 88 goles y en 20 de estos juegos no le convirtieron.<\/p>\n<p class=\"paragraph\" data-mrf-recirculation=\"Links inline\">Otro de los que ven\u00eda entre algodones es Marcos Rojo, pero como confirm\u00f3 el propio Diego Mart\u00ednez esta semana, el capit\u00e1n trabajar\u00e1 a la par del grupo y podr\u00eda tener chances de retornar el pr\u00f3ximo fin de semana, al menos al banco de suplentes. Kevin Zen\u00f3n sufri\u00f3 una sobrecarga, pero no tendr\u00eda problemas para jugar ante el Pincha. En tanto, Guillermo Pol Fern\u00e1ndez y Equi Fern\u00e1ndez tambi\u00e9n se recuperan de una lesi\u00f3n y todo apunta a que puedan regresar al equipo el fin de semana del 23 y 24 de marzo para el duelo por la Copa Argentina.<\/p>\n","protected":false},"excerpt":{"rendered":"<p>Con Chiquito Romero entre algodones, el suplente sufri\u00f3 un problema muscular y pidi\u00f3 el cambio. \u00bfSer\u00e1 el momento de Leandro Brey en el arco xeneize?<\/p>\n","protected":false},"author":8,"featured_media":182636,"comment_status":"open","ping_status":"open","sticky":false,"template":"","format":"standard","meta":{"fifu_image_url":"","fifu_image_alt":"","footnotes":""},"categories":[13],"tags":[],"class_list":{"0":"post-182633","1":"post","2":"type-post","3":"status-publish","4":"format-standard","5":"has-post-thumbnail","7":"category-deportes"},"yoast_head":"<title>Boca Juniors confirm\u00f3 la lesi\u00f3n de Javier Garc\u00eda: \u00bfjugar\u00e1 ante Estudiantes en La Plata? - Informe Litoral<\/title>\n<meta name=\"robots\" content=\"index, follow, max-snippet:-1, max-image-preview:large, max-video-preview:-1\" \/>\n<link rel=\"canonical\" href=\"https:\/\/informelitoral.com.ar\/boca-juniors-confirmo-la-lesion-de-javier-garcia-jugara-ante-estudiantes-en-la-plata\/\" \/>\n<meta property=\"og:locale\" content=\"es_ES\" \/>\n<meta property=\"og:type\" content=\"article\" \/>\n<meta property=\"og:title\" content=\"Boca Juniors confirm\u00f3 la lesi\u00f3n de Javier Garc\u00eda: \u00bfjugar\u00e1 ante Estudiantes en La Plata? - Informe Litoral\" \/>\n<meta property=\"og:description\" content=\"Con Chiquito Romero entre algodones, el suplente sufri\u00f3 un problema muscular y pidi\u00f3 el cambio. \u00bfSer\u00e1 el momento de Leandro Brey en el arco xeneize?\" \/>\n<meta property=\"og:url\" content=\"https:\/\/informelitoral.com.ar\/boca-juniors-confirmo-la-lesion-de-javier-garcia-jugara-ante-estudiantes-en-la-plata\/\" \/>\n<meta property=\"og:site_name\" content=\"Informe Litoral\" \/>\n<meta property=\"article:publisher\" content=\"https:\/\/www.facebook.com\/informelitoral\/\" \/>\n<meta property=\"article:published_time\" content=\"2024-03-12T12:48:43+00:00\" \/>\n<meta property=\"article:modified_time\" content=\"2024-03-12T12:50:57+00:00\" \/>\n<meta property=\"og:image\" content=\"https:\/\/informelitoral.com.ar\/%77%70%2d%63%6f%6e%74%65%6e%74\/uploads\/2024\/03\/1710184343.jpeg\" \/>\n\t<meta property=\"og:image:width\" content=\"948\" \/>\n\t<meta property=\"og:image:height\" content=\"533\" \/>\n\t<meta property=\"og:image:type\" content=\"image\/jpeg\" \/>\n<meta name=\"author\" content=\"Sebastian\" \/>\n<meta name=\"twitter:card\" content=\"summary_large_image\" \/>\n<meta name=\"twitter:creator\" content=\"@InformeLitoral\" \/>\n<meta name=\"twitter:site\" content=\"@InformeLitoral\" \/>\n<meta name=\"twitter:label1\" content=\"Escrito por\" \/>\n\t<meta name=\"twitter:data1\" content=\"Sebastian\" \/>\n\t<meta name=\"twitter:label2\" content=\"Tiempo de lectura\" \/>\n\t<meta name=\"twitter:data2\" content=\"2 minutos\" \/>\n<script type=\"application\/ld+json\" class=\"yoast-schema-graph\">{\"@context\":\"https:\\\/\\\/schema.org\",\"@graph\":[{\"@type\":\"Article\",\"@id\":\"https:\\\/\\\/informelitoral.com.ar\\\/boca-juniors-confirmo-la-lesion-de-javier-garcia-jugara-ante-estudiantes-en-la-plata\\\/#article\",\"isPartOf\":{\"@id\":\"https:\\\/\\\/informelitoral.com.ar\\\/boca-juniors-confirmo-la-lesion-de-javier-garcia-jugara-ante-estudiantes-en-la-plata\\\/\"},\"author\":{\"name\":\"Sebastian\",\"@id\":\"https:\\\/\\\/informelitoral.com.ar\\\/#\\\/schema\\\/person\\\/f05f9f461677119578717524b127d6d5\"},\"headline\":\"Boca Juniors confirm\u00f3 la lesi\u00f3n de Javier Garc\u00eda: \u00bfjugar\u00e1 ante Estudiantes en La Plata?\",\"datePublished\":\"2024-03-12T12:48:43+00:00\",\"dateModified\":\"2024-03-12T12:50:57+00:00\",\"mainEntityOfPage\":{\"@id\":\"https:\\\/\\\/informelitoral.com.ar\\\/boca-juniors-confirmo-la-lesion-de-javier-garcia-jugara-ante-estudiantes-en-la-plata\\\/\"},\"wordCount\":435,\"commentCount\":0,\"publisher\":{\"@id\":\"https:\\\/\\\/informelitoral.com.ar\\\/#organization\"},\"image\":{\"@id\":\"https:\\\/\\\/informelitoral.com.ar\\\/boca-juniors-confirmo-la-lesion-de-javier-garcia-jugara-ante-estudiantes-en-la-plata\\\/#primaryimage\"},\"thumbnailUrl\":\"https:\\\/\\\/informelitoral.com.ar\\\/%77%70%2d%63%6f%6e%74%65%6e%74\\\/uploads\\\/2024\\\/03\\\/1710184343.jpeg\",\"articleSection\":[\"Deportes\"],\"inLanguage\":\"es\",\"potentialAction\":[{\"@type\":\"CommentAction\",\"name\":\"Comment\",\"target\":[\"https:\\\/\\\/informelitoral.com.ar\\\/boca-juniors-confirmo-la-lesion-de-javier-garcia-jugara-ante-estudiantes-en-la-plata\\\/#respond\"]}]},{\"@type\":\"WebPage\",\"@id\":\"https:\\\/\\\/informelitoral.com.ar\\\/boca-juniors-confirmo-la-lesion-de-javier-garcia-jugara-ante-estudiantes-en-la-plata\\\/\",\"url\":\"https:\\\/\\\/informelitoral.com.ar\\\/boca-juniors-confirmo-la-lesion-de-javier-garcia-jugara-ante-estudiantes-en-la-plata\\\/\",\"name\":\"Boca Juniors confirm\u00f3 la lesi\u00f3n de Javier Garc\u00eda: \u00bfjugar\u00e1 ante Estudiantes en La Plata? - Informe Litoral\",\"isPartOf\":{\"@id\":\"https:\\\/\\\/informelitoral.com.ar\\\/#website\"},\"primaryImageOfPage\":{\"@id\":\"https:\\\/\\\/informelitoral.com.ar\\\/boca-juniors-confirmo-la-lesion-de-javier-garcia-jugara-ante-estudiantes-en-la-plata\\\/#primaryimage\"},\"image\":{\"@id\":\"https:\\\/\\\/informelitoral.com.ar\\\/boca-juniors-confirmo-la-lesion-de-javier-garcia-jugara-ante-estudiantes-en-la-plata\\\/#primaryimage\"},\"thumbnailUrl\":\"https:\\\/\\\/informelitoral.com.ar\\\/%77%70%2d%63%6f%6e%74%65%6e%74\\\/uploads\\\/2024\\\/03\\\/1710184343.jpeg\",\"datePublished\":\"2024-03-12T12:48:43+00:00\",\"dateModified\":\"2024-03-12T12:50:57+00:00\",\"breadcrumb\":{\"@id\":\"https:\\\/\\\/informelitoral.com.ar\\\/boca-juniors-confirmo-la-lesion-de-javier-garcia-jugara-ante-estudiantes-en-la-plata\\\/#breadcrumb\"},\"inLanguage\":\"es\",\"potentialAction\":[{\"@type\":\"ReadAction\",\"target\":[\"https:\\\/\\\/informelitoral.com.ar\\\/boca-juniors-confirmo-la-lesion-de-javier-garcia-jugara-ante-estudiantes-en-la-plata\\\/\"]}]},{\"@type\":\"ImageObject\",\"inLanguage\":\"es\",\"@id\":\"https:\\\/\\\/informelitoral.com.ar\\\/boca-juniors-confirmo-la-lesion-de-javier-garcia-jugara-ante-estudiantes-en-la-plata\\\/#primaryimage\",\"url\":\"https:\\\/\\\/informelitoral.com.ar\\\/%77%70%2d%63%6f%6e%74%65%6e%74\\\/uploads\\\/2024\\\/03\\\/1710184343.jpeg\",\"contentUrl\":\"https:\\\/\\\/informelitoral.com.ar\\\/%77%70%2d%63%6f%6e%74%65%6e%74\\\/uploads\\\/2024\\\/03\\\/1710184343.jpeg\",\"width\":948,\"height\":533},{\"@type\":\"BreadcrumbList\",\"@id\":\"https:\\\/\\\/informelitoral.com.ar\\\/boca-juniors-confirmo-la-lesion-de-javier-garcia-jugara-ante-estudiantes-en-la-plata\\\/#breadcrumb\",\"itemListElement\":[{\"@type\":\"ListItem\",\"position\":1,\"name\":\"Portada\",\"item\":\"https:\\\/\\\/informelitoral.com.ar\\\/\"},{\"@type\":\"ListItem\",\"position\":2,\"name\":\"Boca Juniors confirm\u00f3 la lesi\u00f3n de Javier Garc\u00eda: \u00bfjugar\u00e1 ante Estudiantes en La Plata?\"}]},{\"@type\":\"WebSite\",\"@id\":\"https:\\\/\\\/informelitoral.com.ar\\\/#website\",\"url\":\"https:\\\/\\\/informelitoral.com.ar\\\/\",\"name\":\"Informe Litoral\",\"description\":\"&quot;Nos informamos&quot; \",\"publisher\":{\"@id\":\"https:\\\/\\\/informelitoral.com.ar\\\/#organization\"},\"potentialAction\":[{\"@type\":\"SearchAction\",\"target\":{\"@type\":\"EntryPoint\",\"urlTemplate\":\"https:\\\/\\\/informelitoral.com.ar\\\/?s={search_term_string}\"},\"query-input\":{\"@type\":\"PropertyValueSpecification\",\"valueRequired\":true,\"valueName\":\"search_term_string\"}}],\"inLanguage\":\"es\"},{\"@type\":\"Organization\",\"@id\":\"https:\\\/\\\/informelitoral.com.ar\\\/#organization\",\"name\":\"Informe Litoral\",\"url\":\"https:\\\/\\\/informelitoral.com.ar\\\/\",\"logo\":{\"@type\":\"ImageObject\",\"inLanguage\":\"es\",\"@id\":\"https:\\\/\\\/informelitoral.com.ar\\\/#\\\/schema\\\/logo\\\/image\\\/\",\"url\":\"https:\\\/\\\/informelitoral.com.ar\\\/%77%70%2d%63%6f%6e%74%65%6e%74\\\/uploads\\\/2021\\\/01\\\/circulo.png\",\"contentUrl\":\"https:\\\/\\\/informelitoral.com.ar\\\/%77%70%2d%63%6f%6e%74%65%6e%74\\\/uploads\\\/2021\\\/01\\\/circulo.png\",\"width\":723,\"height\":731,\"caption\":\"Informe Litoral\"},\"image\":{\"@id\":\"https:\\\/\\\/informelitoral.com.ar\\\/#\\\/schema\\\/logo\\\/image\\\/\"},\"sameAs\":[\"https:\\\/\\\/www.facebook.com\\\/informelitoral\\\/\",\"https:\\\/\\\/x.com\\\/InformeLitoral\",\"https:\\\/\\\/www.instagram.com\\\/informelitoral\\\/\",\"https:\\\/\\\/www.youtube.com\\\/channel\\\/UCua4Qvz8Icb6MYqhoq9xLXw\"]},{\"@type\":\"Person\",\"@id\":\"https:\\\/\\\/informelitoral.com.ar\\\/#\\\/schema\\\/person\\\/f05f9f461677119578717524b127d6d5\",\"name\":\"Sebastian\",\"image\":{\"@type\":\"ImageObject\",\"inLanguage\":\"es\",\"@id\":\"https:\\\/\\\/secure.gravatar.com\\\/avatar\\\/b71bf7481d447dfb9583c7f2798e7cc64de6efb9067b74633ed8c31059a3bd82?s=96&d=mm&r=g\",\"url\":\"https:\\\/\\\/secure.gravatar.com\\\/avatar\\\/b71bf7481d447dfb9583c7f2798e7cc64de6efb9067b74633ed8c31059a3bd82?s=96&d=mm&r=g\",\"contentUrl\":\"https:\\\/\\\/secure.gravatar.com\\\/avatar\\\/b71bf7481d447dfb9583c7f2798e7cc64de6efb9067b74633ed8c31059a3bd82?s=96&d=mm&r=g\",\"caption\":\"Sebastian\"},\"url\":\"https:\\\/\\\/informelitoral.com.ar\\\/author\\\/sebastian\\\/\"}]}<\/script>","yoast_head_json":{"title":"Boca Juniors confirm\u00f3 la lesi\u00f3n de Javier Garc\u00eda: \u00bfjugar\u00e1 ante Estudiantes en La Plata? - Informe Litoral","robots":{"index":"index","follow":"follow","max-snippet":"max-snippet:-1","max-image-preview":"max-image-preview:large","max-video-preview":"max-video-preview:-1"},"canonical":"https:\/\/informelitoral.com.ar\/boca-juniors-confirmo-la-lesion-de-javier-garcia-jugara-ante-estudiantes-en-la-plata\/","og_locale":"es_ES","og_type":"article","og_title":"Boca Juniors confirm\u00f3 la lesi\u00f3n de Javier Garc\u00eda: \u00bfjugar\u00e1 ante Estudiantes en La Plata? - Informe Litoral","og_description":"Con Chiquito Romero entre algodones, el suplente sufri\u00f3 un problema muscular y pidi\u00f3 el cambio. \u00bfSer\u00e1 el momento de Leandro Brey en el arco xeneize?","og_url":"https:\/\/informelitoral.com.ar\/boca-juniors-confirmo-la-lesion-de-javier-garcia-jugara-ante-estudiantes-en-la-plata\/","og_site_name":"Informe Litoral","article_publisher":"https:\/\/www.facebook.com\/informelitoral\/","article_published_time":"2024-03-12T12:48:43+00:00","article_modified_time":"2024-03-12T12:50:57+00:00","og_image":[{"width":948,"height":533,"url":"https:\/\/informelitoral.com.ar\/%77%70%2d%63%6f%6e%74%65%6e%74\/uploads\/2024\/03\/1710184343.jpeg","type":"image\/jpeg"}],"author":"Sebastian","twitter_card":"summary_large_image","twitter_creator":"@InformeLitoral","twitter_site":"@InformeLitoral","twitter_misc":{"Escrito por":"Sebastian","Tiempo de lectura":"2 minutos"},"schema":{"@context":"https:\/\/schema.org","@graph":[{"@type":"Article","@id":"https:\/\/informelitoral.com.ar\/boca-juniors-confirmo-la-lesion-de-javier-garcia-jugara-ante-estudiantes-en-la-plata\/#article","isPartOf":{"@id":"https:\/\/informelitoral.com.ar\/boca-juniors-confirmo-la-lesion-de-javier-garcia-jugara-ante-estudiantes-en-la-plata\/"},"author":{"name":"Sebastian","@id":"https:\/\/informelitoral.com.ar\/#\/schema\/person\/f05f9f461677119578717524b127d6d5"},"headline":"Boca Juniors confirm\u00f3 la lesi\u00f3n de Javier Garc\u00eda: \u00bfjugar\u00e1 ante Estudiantes en La Plata?","datePublished":"2024-03-12T12:48:43+00:00","dateModified":"2024-03-12T12:50:57+00:00","mainEntityOfPage":{"@id":"https:\/\/informelitoral.com.ar\/boca-juniors-confirmo-la-lesion-de-javier-garcia-jugara-ante-estudiantes-en-la-plata\/"},"wordCount":435,"commentCount":0,"publisher":{"@id":"https:\/\/informelitoral.com.ar\/#organization"},"image":{"@id":"https:\/\/informelitoral.com.ar\/boca-juniors-confirmo-la-lesion-de-javier-garcia-jugara-ante-estudiantes-en-la-plata\/#primaryimage"},"thumbnailUrl":"https:\/\/informelitoral.com.ar\/%77%70%2d%63%6f%6e%74%65%6e%74\/uploads\/2024\/03\/1710184343.jpeg","articleSection":["Deportes"],"inLanguage":"es","potentialAction":[{"@type":"CommentAction","name":"Comment","target":["https:\/\/informelitoral.com.ar\/boca-juniors-confirmo-la-lesion-de-javier-garcia-jugara-ante-estudiantes-en-la-plata\/#respond"]}]},{"@type":"WebPage","@id":"https:\/\/informelitoral.com.ar\/boca-juniors-confirmo-la-lesion-de-javier-garcia-jugara-ante-estudiantes-en-la-plata\/","url":"https:\/\/informelitoral.com.ar\/boca-juniors-confirmo-la-lesion-de-javier-garcia-jugara-ante-estudiantes-en-la-plata\/","name":"Boca Juniors confirm\u00f3 la lesi\u00f3n de Javier Garc\u00eda: \u00bfjugar\u00e1 ante Estudiantes en La Plata? - Informe Litoral","isPartOf":{"@id":"https:\/\/informelitoral.com.ar\/#website"},"primaryImageOfPage":{"@id":"https:\/\/informelitoral.com.ar\/boca-juniors-confirmo-la-lesion-de-javier-garcia-jugara-ante-estudiantes-en-la-plata\/#primaryimage"},"image":{"@id":"https:\/\/informelitoral.com.ar\/boca-juniors-confirmo-la-lesion-de-javier-garcia-jugara-ante-estudiantes-en-la-plata\/#primaryimage"},"thumbnailUrl":"https:\/\/informelitoral.com.ar\/%77%70%2d%63%6f%6e%74%65%6e%74\/uploads\/2024\/03\/1710184343.jpeg","datePublished":"2024-03-12T12:48:43+00:00","dateModified":"2024-03-12T12:50:57+00:00","breadcrumb":{"@id":"https:\/\/informelitoral.com.ar\/boca-juniors-confirmo-la-lesion-de-javier-garcia-jugara-ante-estudiantes-en-la-plata\/#breadcrumb"},"inLanguage":"es","potentialAction":[{"@type":"ReadAction","target":["https:\/\/informelitoral.com.ar\/boca-juniors-confirmo-la-lesion-de-javier-garcia-jugara-ante-estudiantes-en-la-plata\/"]}]},{"@type":"ImageObject","inLanguage":"es","@id":"https:\/\/informelitoral.com.ar\/boca-juniors-confirmo-la-lesion-de-javier-garcia-jugara-ante-estudiantes-en-la-plata\/#primaryimage","url":"https:\/\/informelitoral.com.ar\/%77%70%2d%63%6f%6e%74%65%6e%74\/uploads\/2024\/03\/1710184343.jpeg","contentUrl":"https:\/\/informelitoral.com.ar\/%77%70%2d%63%6f%6e%74%65%6e%74\/uploads\/2024\/03\/1710184343.jpeg","width":948,"height":533},{"@type":"BreadcrumbList","@id":"https:\/\/informelitoral.com.ar\/boca-juniors-confirmo-la-lesion-de-javier-garcia-jugara-ante-estudiantes-en-la-plata\/#breadcrumb","itemListElement":[{"@type":"ListItem","position":1,"name":"Portada","item":"https:\/\/informelitoral.com.ar\/"},{"@type":"ListItem","position":2,"name":"Boca Juniors confirm\u00f3 la lesi\u00f3n de Javier Garc\u00eda: \u00bfjugar\u00e1 ante Estudiantes en La Plata?"}]},{"@type":"WebSite","@id":"https:\/\/informelitoral.com.ar\/#website","url":"https:\/\/informelitoral.com.ar\/","name":"Informe Litoral","description":"&quot;Nos informamos&quot; ","publisher":{"@id":"https:\/\/informelitoral.com.ar\/#organization"},"potentialAction":[{"@type":"SearchAction","target":{"@type":"EntryPoint","urlTemplate":"https:\/\/informelitoral.com.ar\/?s={search_term_string}"},"query-input":{"@type":"PropertyValueSpecification","valueRequired":true,"valueName":"search_term_string"}}],"inLanguage":"es"},{"@type":"Organization","@id":"https:\/\/informelitoral.com.ar\/#organization","name":"Informe Litoral","url":"https:\/\/informelitoral.com.ar\/","logo":{"@type":"ImageObject","inLanguage":"es","@id":"https:\/\/informelitoral.com.ar\/#\/schema\/logo\/image\/","url":"https:\/\/informelitoral.com.ar\/%77%70%2d%63%6f%6e%74%65%6e%74\/uploads\/2021\/01\/circulo.png","contentUrl":"https:\/\/informelitoral.com.ar\/%77%70%2d%63%6f%6e%74%65%6e%74\/uploads\/2021\/01\/circulo.png","width":723,"height":731,"caption":"Informe Litoral"},"image":{"@id":"https:\/\/informelitoral.com.ar\/#\/schema\/logo\/image\/"},"sameAs":["https:\/\/www.facebook.com\/informelitoral\/","https:\/\/x.com\/InformeLitoral","https:\/\/www.instagram.com\/informelitoral\/","https:\/\/www.youtube.com\/channel\/UCua4Qvz8Icb6MYqhoq9xLXw"]},{"@type":"Person","@id":"https:\/\/informelitoral.com.ar\/#\/schema\/person\/f05f9f461677119578717524b127d6d5","name":"Sebastian","image":{"@type":"ImageObject","inLanguage":"es","@id":"https:\/\/secure.gravatar.com\/avatar\/b71bf7481d447dfb9583c7f2798e7cc64de6efb9067b74633ed8c31059a3bd82?s=96&d=mm&r=g","url":"https:\/\/secure.gravatar.com\/avatar\/b71bf7481d447dfb9583c7f2798e7cc64de6efb9067b74633ed8c31059a3bd82?s=96&d=mm&r=g","contentUrl":"https:\/\/secure.gravatar.com\/avatar\/b71bf7481d447dfb9583c7f2798e7cc64de6efb9067b74633ed8c31059a3bd82?s=96&d=mm&r=g","caption":"Sebastian"},"url":"https:\/\/informelitoral.com.ar\/author\/sebastian\/"}]}},"_links":{"self":[{"href":"https:\/\/informelitoral.com.ar\/%77%70%2d%6a%73%6f%6e\/wp\/v2\/posts\/182633","targetHints":{"allow":["GET"]}}],"collection":[{"href":"https:\/\/informelitoral.com.ar\/%77%70%2d%6a%73%6f%6e\/wp\/v2\/posts"}],"about":[{"href":"https:\/\/informelitoral.com.ar\/%77%70%2d%6a%73%6f%6e\/wp\/v2\/types\/post"}],"author":[{"embeddable":true,"href":"https:\/\/informelitoral.com.ar\/%77%70%2d%6a%73%6f%6e\/wp\/v2\/users\/8"}],"replies":[{"embeddable":true,"href":"https:\/\/informelitoral.com.ar\/%77%70%2d%6a%73%6f%6e\/wp\/v2\/comments?post=182633"}],"version-history":[{"count":0,"href":"https:\/\/informelitoral.com.ar\/%77%70%2d%6a%73%6f%6e\/wp\/v2\/posts\/182633\/revisions"}],"wp:featuredmedia":[{"embeddable":true,"href":"https:\/\/informelitoral.com.ar\/%77%70%2d%6a%73%6f%6e\/wp\/v2\/media\/182636"}],"wp:attachment":[{"href":"https:\/\/informelitoral.com.ar\/%77%70%2d%6a%73%6f%6e\/wp\/v2\/media?parent=182633"}],"wp:term":[{"taxonomy":"category","embeddable":true,"href":"https:\/\/informelitoral.com.ar\/%77%70%2d%6a%73%6f%6e\/wp\/v2\/categories?post=182633"},{"taxonomy":"post_tag","embeddable":true,"href":"https:\/\/informelitoral.com.ar\/%77%70%2d%6a%73%6f%6e\/wp\/v2\/tags?post=182633"}],"curies":[{"name":"wp","href":"https:\/\/api.w.org\/{rel}","templated":true}]}}