{"id":182622,"date":"2024-03-12T09:26:35","date_gmt":"2024-03-12T12:26:35","guid":{"rendered":"https:\/\/www.informelitoral.com.ar\/?p=182622"},"modified":"2024-03-12T09:27:54","modified_gmt":"2024-03-12T12:27:54","slug":"fotografiaron-en-entre-rios-tres-pumas-de-una-especie-en-peligro-de-extincion","status":"publish","type":"post","link":"https:\/\/informelitoral.com.ar\/fotografiaron-en-entre-rios-tres-pumas-de-una-especie-en-peligro-de-extincion\/","title":{"rendered":"Fotografiaron en Entre R\u00edos tres pumas de una especie en peligro de extinci\u00f3n"},"content":{"rendered":"<section class=\"texto\">La reconocida fot\u00f3grafa de naturaleza, Victoria Regner, vivi\u00f3 una experiencia emocionante al capturar im\u00e1genes de tres ejemplares de Puma Yaguarund\u00ed en un camino rural, cerca de Colonia M\u00e1ximo Castro, en del departamento La Paz. Se trata de una especie en v\u00edas de extinci\u00f3n y poco vistas.<\/p>\n<figure class=\"embed\"><img decoding=\"async\" title=\"\" src=\"https:\/\/elonce-media.elonce.com\/fotos-nuevo\/2024\/03\/12\/o_1710228778.jpg\" alt=\"\" width=\"640\" \/><\/figure>\n<p>\u201cHermoso e inesperado encuentro\u201d, expres\u00f3 al destacar la importancia de conservar el h\u00e1bitat natural de estos felinos.<\/p>\n<p>Luego, cuenta los detalle del momento: \u201cMam\u00e1 y dos cachorros intentan cruzar un caminito rural, ven el auto y se quedan quietos mirando. Uno de los peque\u00f1os vuelve al escondite, la madre y el otro cruzan. Observamos a distancia, sin molestar. A los minutos mam\u00e1 y hermano van a buscar al rezagado. Finalmente cruzan juntos los tres\u201d.<\/p>\n<figure class=\"embed\"><img decoding=\"async\" title=\"\" src=\"https:\/\/elonce-media.elonce.com\/fotos-nuevo\/2024\/03\/12\/o_1710228778_1.jpg\" alt=\"\" width=\"640\" \/><\/figure>\n<p>Cabe recordar que hace un tiempo apareci\u00f3 un ejemplar de Puma Yaguarund\u00ed en una vivienda de calle Alvarado de dicha ciudad:<\/p>\n<div class=\"embed\"><iframe loading=\"lazy\" title=\"Apareci\u00f3 un puma Yaguarundi en el patio de una casa de La Paz\" src=\"https:\/\/www.youtube.com\/embed\/cpfNqakHFF0\" width=\"926\" height=\"315\" frameborder=\"0\" allowfullscreen=\"allowfullscreen\" data-mce-fragment=\"1\"><\/iframe><\/div>\n<\/section>\n<footer><\/footer>\n","protected":false},"excerpt":{"rendered":"<p>\u201cMam\u00e1 y dos cachorros intentan cruzar un caminito rural, ven el auto y se quedan quietos mirando\u201d, relat\u00f3 la fot\u00f3grafa que capt\u00f3 las im\u00e1genes de tres ejemplares de Puma Yaguarund\u00ed en un camino rural del Departamento La Paz.<\/p>\n","protected":false},"author":8,"featured_media":182624,"comment_status":"open","ping_status":"open","sticky":false,"template":"","format":"standard","meta":{"fifu_image_url":"","fifu_image_alt":"","footnotes":""},"categories":[9],"tags":[],"class_list":{"0":"post-182622","1":"post","2":"type-post","3":"status-publish","4":"format-standard","5":"has-post-thumbnail","7":"category-sociedad"},"yoast_head":"<title>Fotografiaron en Entre R\u00edos tres pumas de una especie en peligro de extinci\u00f3n - Informe Litoral<\/title>\n<meta name=\"robots\" content=\"index, follow, max-snippet:-1, max-image-preview:large, max-video-preview:-1\" \/>\n<link rel=\"canonical\" href=\"https:\/\/informelitoral.com.ar\/fotografiaron-en-entre-rios-tres-pumas-de-una-especie-en-peligro-de-extincion\/\" \/>\n<meta property=\"og:locale\" content=\"es_ES\" \/>\n<meta property=\"og:type\" content=\"article\" \/>\n<meta property=\"og:title\" content=\"Fotografiaron en Entre R\u00edos tres pumas de una especie en peligro de extinci\u00f3n - Informe Litoral\" \/>\n<meta property=\"og:description\" content=\"\u201cMam\u00e1 y dos cachorros intentan cruzar un caminito rural, ven el auto y se quedan quietos mirando\u201d, relat\u00f3 la fot\u00f3grafa que capt\u00f3 las im\u00e1genes de tres ejemplares de Puma Yaguarund\u00ed en un camino rural del Departamento La Paz.\" \/>\n<meta property=\"og:url\" content=\"https:\/\/informelitoral.com.ar\/fotografiaron-en-entre-rios-tres-pumas-de-una-especie-en-peligro-de-extincion\/\" \/>\n<meta property=\"og:site_name\" content=\"Informe Litoral\" \/>\n<meta property=\"article:publisher\" content=\"https:\/\/www.facebook.com\/informelitoral\/\" \/>\n<meta property=\"article:published_time\" content=\"2024-03-12T12:26:35+00:00\" \/>\n<meta property=\"article:modified_time\" content=\"2024-03-12T12:27:54+00:00\" \/>\n<meta property=\"og:image\" content=\"https:\/\/informelitoral.com.ar\/%77%70%2d%63%6f%6e%74%65%6e%74\/uploads\/2024\/03\/o_1710228777.jpg\" \/>\n\t<meta property=\"og:image:width\" content=\"800\" \/>\n\t<meta property=\"og:image:height\" content=\"450\" \/>\n\t<meta property=\"og:image:type\" content=\"image\/jpeg\" \/>\n<meta name=\"author\" content=\"Sebastian\" \/>\n<meta name=\"twitter:card\" content=\"summary_large_image\" \/>\n<meta name=\"twitter:creator\" content=\"@InformeLitoral\" \/>\n<meta name=\"twitter:site\" content=\"@InformeLitoral\" \/>\n<meta name=\"twitter:label1\" content=\"Escrito por\" \/>\n\t<meta name=\"twitter:data1\" content=\"Sebastian\" \/>\n\t<meta name=\"twitter:label2\" content=\"Tiempo de lectura\" \/>\n\t<meta name=\"twitter:data2\" content=\"1 minuto\" \/>\n<script type=\"application\/ld+json\" class=\"yoast-schema-graph\">{\"@context\":\"https:\\\/\\\/schema.org\",\"@graph\":[{\"@type\":\"Article\",\"@id\":\"https:\\\/\\\/informelitoral.com.ar\\\/fotografiaron-en-entre-rios-tres-pumas-de-una-especie-en-peligro-de-extincion\\\/#article\",\"isPartOf\":{\"@id\":\"https:\\\/\\\/informelitoral.com.ar\\\/fotografiaron-en-entre-rios-tres-pumas-de-una-especie-en-peligro-de-extincion\\\/\"},\"author\":{\"name\":\"Sebastian\",\"@id\":\"https:\\\/\\\/informelitoral.com.ar\\\/#\\\/schema\\\/person\\\/f05f9f461677119578717524b127d6d5\"},\"headline\":\"Fotografiaron en Entre R\u00edos tres pumas de una especie en peligro de extinci\u00f3n\",\"datePublished\":\"2024-03-12T12:26:35+00:00\",\"dateModified\":\"2024-03-12T12:27:54+00:00\",\"mainEntityOfPage\":{\"@id\":\"https:\\\/\\\/informelitoral.com.ar\\\/fotografiaron-en-entre-rios-tres-pumas-de-una-especie-en-peligro-de-extincion\\\/\"},\"wordCount\":163,\"commentCount\":0,\"publisher\":{\"@id\":\"https:\\\/\\\/informelitoral.com.ar\\\/#organization\"},\"image\":{\"@id\":\"https:\\\/\\\/informelitoral.com.ar\\\/fotografiaron-en-entre-rios-tres-pumas-de-una-especie-en-peligro-de-extincion\\\/#primaryimage\"},\"thumbnailUrl\":\"https:\\\/\\\/informelitoral.com.ar\\\/%77%70%2d%63%6f%6e%74%65%6e%74\\\/uploads\\\/2024\\\/03\\\/o_1710228777.jpg\",\"articleSection\":[\"Sociedad\"],\"inLanguage\":\"es\",\"potentialAction\":[{\"@type\":\"CommentAction\",\"name\":\"Comment\",\"target\":[\"https:\\\/\\\/informelitoral.com.ar\\\/fotografiaron-en-entre-rios-tres-pumas-de-una-especie-en-peligro-de-extincion\\\/#respond\"]}]},{\"@type\":\"WebPage\",\"@id\":\"https:\\\/\\\/informelitoral.com.ar\\\/fotografiaron-en-entre-rios-tres-pumas-de-una-especie-en-peligro-de-extincion\\\/\",\"url\":\"https:\\\/\\\/informelitoral.com.ar\\\/fotografiaron-en-entre-rios-tres-pumas-de-una-especie-en-peligro-de-extincion\\\/\",\"name\":\"Fotografiaron en Entre R\u00edos tres pumas de una especie en peligro de extinci\u00f3n - Informe Litoral\",\"isPartOf\":{\"@id\":\"https:\\\/\\\/informelitoral.com.ar\\\/#website\"},\"primaryImageOfPage\":{\"@id\":\"https:\\\/\\\/informelitoral.com.ar\\\/fotografiaron-en-entre-rios-tres-pumas-de-una-especie-en-peligro-de-extincion\\\/#primaryimage\"},\"image\":{\"@id\":\"https:\\\/\\\/informelitoral.com.ar\\\/fotografiaron-en-entre-rios-tres-pumas-de-una-especie-en-peligro-de-extincion\\\/#primaryimage\"},\"thumbnailUrl\":\"https:\\\/\\\/informelitoral.com.ar\\\/%77%70%2d%63%6f%6e%74%65%6e%74\\\/uploads\\\/2024\\\/03\\\/o_1710228777.jpg\",\"datePublished\":\"2024-03-12T12:26:35+00:00\",\"dateModified\":\"2024-03-12T12:27:54+00:00\",\"breadcrumb\":{\"@id\":\"https:\\\/\\\/informelitoral.com.ar\\\/fotografiaron-en-entre-rios-tres-pumas-de-una-especie-en-peligro-de-extincion\\\/#breadcrumb\"},\"inLanguage\":\"es\",\"potentialAction\":[{\"@type\":\"ReadAction\",\"target\":[\"https:\\\/\\\/informelitoral.com.ar\\\/fotografiaron-en-entre-rios-tres-pumas-de-una-especie-en-peligro-de-extincion\\\/\"]}]},{\"@type\":\"ImageObject\",\"inLanguage\":\"es\",\"@id\":\"https:\\\/\\\/informelitoral.com.ar\\\/fotografiaron-en-entre-rios-tres-pumas-de-una-especie-en-peligro-de-extincion\\\/#primaryimage\",\"url\":\"https:\\\/\\\/informelitoral.com.ar\\\/%77%70%2d%63%6f%6e%74%65%6e%74\\\/uploads\\\/2024\\\/03\\\/o_1710228777.jpg\",\"contentUrl\":\"https:\\\/\\\/informelitoral.com.ar\\\/%77%70%2d%63%6f%6e%74%65%6e%74\\\/uploads\\\/2024\\\/03\\\/o_1710228777.jpg\",\"width\":800,\"height\":450},{\"@type\":\"BreadcrumbList\",\"@id\":\"https:\\\/\\\/informelitoral.com.ar\\\/fotografiaron-en-entre-rios-tres-pumas-de-una-especie-en-peligro-de-extincion\\\/#breadcrumb\",\"itemListElement\":[{\"@type\":\"ListItem\",\"position\":1,\"name\":\"Portada\",\"item\":\"https:\\\/\\\/informelitoral.com.ar\\\/\"},{\"@type\":\"ListItem\",\"position\":2,\"name\":\"Fotografiaron en Entre R\u00edos tres pumas de una especie en peligro de extinci\u00f3n\"}]},{\"@type\":\"WebSite\",\"@id\":\"https:\\\/\\\/informelitoral.com.ar\\\/#website\",\"url\":\"https:\\\/\\\/informelitoral.com.ar\\\/\",\"name\":\"Informe Litoral\",\"description\":\"&quot;Nos informamos&quot; \",\"publisher\":{\"@id\":\"https:\\\/\\\/informelitoral.com.ar\\\/#organization\"},\"potentialAction\":[{\"@type\":\"SearchAction\",\"target\":{\"@type\":\"EntryPoint\",\"urlTemplate\":\"https:\\\/\\\/informelitoral.com.ar\\\/?s={search_term_string}\"},\"query-input\":{\"@type\":\"PropertyValueSpecification\",\"valueRequired\":true,\"valueName\":\"search_term_string\"}}],\"inLanguage\":\"es\"},{\"@type\":\"Organization\",\"@id\":\"https:\\\/\\\/informelitoral.com.ar\\\/#organization\",\"name\":\"Informe Litoral\",\"url\":\"https:\\\/\\\/informelitoral.com.ar\\\/\",\"logo\":{\"@type\":\"ImageObject\",\"inLanguage\":\"es\",\"@id\":\"https:\\\/\\\/informelitoral.com.ar\\\/#\\\/schema\\\/logo\\\/image\\\/\",\"url\":\"https:\\\/\\\/informelitoral.com.ar\\\/%77%70%2d%63%6f%6e%74%65%6e%74\\\/uploads\\\/2021\\\/01\\\/circulo.png\",\"contentUrl\":\"https:\\\/\\\/informelitoral.com.ar\\\/%77%70%2d%63%6f%6e%74%65%6e%74\\\/uploads\\\/2021\\\/01\\\/circulo.png\",\"width\":723,\"height\":731,\"caption\":\"Informe Litoral\"},\"image\":{\"@id\":\"https:\\\/\\\/informelitoral.com.ar\\\/#\\\/schema\\\/logo\\\/image\\\/\"},\"sameAs\":[\"https:\\\/\\\/www.facebook.com\\\/informelitoral\\\/\",\"https:\\\/\\\/x.com\\\/InformeLitoral\",\"https:\\\/\\\/www.instagram.com\\\/informelitoral\\\/\",\"https:\\\/\\\/www.youtube.com\\\/channel\\\/UCua4Qvz8Icb6MYqhoq9xLXw\"]},{\"@type\":\"Person\",\"@id\":\"https:\\\/\\\/informelitoral.com.ar\\\/#\\\/schema\\\/person\\\/f05f9f461677119578717524b127d6d5\",\"name\":\"Sebastian\",\"image\":{\"@type\":\"ImageObject\",\"inLanguage\":\"es\",\"@id\":\"https:\\\/\\\/secure.gravatar.com\\\/avatar\\\/b71bf7481d447dfb9583c7f2798e7cc64de6efb9067b74633ed8c31059a3bd82?s=96&d=mm&r=g\",\"url\":\"https:\\\/\\\/secure.gravatar.com\\\/avatar\\\/b71bf7481d447dfb9583c7f2798e7cc64de6efb9067b74633ed8c31059a3bd82?s=96&d=mm&r=g\",\"contentUrl\":\"https:\\\/\\\/secure.gravatar.com\\\/avatar\\\/b71bf7481d447dfb9583c7f2798e7cc64de6efb9067b74633ed8c31059a3bd82?s=96&d=mm&r=g\",\"caption\":\"Sebastian\"},\"url\":\"https:\\\/\\\/informelitoral.com.ar\\\/author\\\/sebastian\\\/\"}]}<\/script>","yoast_head_json":{"title":"Fotografiaron en Entre R\u00edos tres pumas de una especie en peligro de extinci\u00f3n - Informe Litoral","robots":{"index":"index","follow":"follow","max-snippet":"max-snippet:-1","max-image-preview":"max-image-preview:large","max-video-preview":"max-video-preview:-1"},"canonical":"https:\/\/informelitoral.com.ar\/fotografiaron-en-entre-rios-tres-pumas-de-una-especie-en-peligro-de-extincion\/","og_locale":"es_ES","og_type":"article","og_title":"Fotografiaron en Entre R\u00edos tres pumas de una especie en peligro de extinci\u00f3n - Informe Litoral","og_description":"\u201cMam\u00e1 y dos cachorros intentan cruzar un caminito rural, ven el auto y se quedan quietos mirando\u201d, relat\u00f3 la fot\u00f3grafa que capt\u00f3 las im\u00e1genes de tres ejemplares de Puma Yaguarund\u00ed en un camino rural del Departamento La Paz.","og_url":"https:\/\/informelitoral.com.ar\/fotografiaron-en-entre-rios-tres-pumas-de-una-especie-en-peligro-de-extincion\/","og_site_name":"Informe Litoral","article_publisher":"https:\/\/www.facebook.com\/informelitoral\/","article_published_time":"2024-03-12T12:26:35+00:00","article_modified_time":"2024-03-12T12:27:54+00:00","og_image":[{"width":800,"height":450,"url":"https:\/\/informelitoral.com.ar\/%77%70%2d%63%6f%6e%74%65%6e%74\/uploads\/2024\/03\/o_1710228777.jpg","type":"image\/jpeg"}],"author":"Sebastian","twitter_card":"summary_large_image","twitter_creator":"@InformeLitoral","twitter_site":"@InformeLitoral","twitter_misc":{"Escrito por":"Sebastian","Tiempo de lectura":"1 minuto"},"schema":{"@context":"https:\/\/schema.org","@graph":[{"@type":"Article","@id":"https:\/\/informelitoral.com.ar\/fotografiaron-en-entre-rios-tres-pumas-de-una-especie-en-peligro-de-extincion\/#article","isPartOf":{"@id":"https:\/\/informelitoral.com.ar\/fotografiaron-en-entre-rios-tres-pumas-de-una-especie-en-peligro-de-extincion\/"},"author":{"name":"Sebastian","@id":"https:\/\/informelitoral.com.ar\/#\/schema\/person\/f05f9f461677119578717524b127d6d5"},"headline":"Fotografiaron en Entre R\u00edos tres pumas de una especie en peligro de extinci\u00f3n","datePublished":"2024-03-12T12:26:35+00:00","dateModified":"2024-03-12T12:27:54+00:00","mainEntityOfPage":{"@id":"https:\/\/informelitoral.com.ar\/fotografiaron-en-entre-rios-tres-pumas-de-una-especie-en-peligro-de-extincion\/"},"wordCount":163,"commentCount":0,"publisher":{"@id":"https:\/\/informelitoral.com.ar\/#organization"},"image":{"@id":"https:\/\/informelitoral.com.ar\/fotografiaron-en-entre-rios-tres-pumas-de-una-especie-en-peligro-de-extincion\/#primaryimage"},"thumbnailUrl":"https:\/\/informelitoral.com.ar\/%77%70%2d%63%6f%6e%74%65%6e%74\/uploads\/2024\/03\/o_1710228777.jpg","articleSection":["Sociedad"],"inLanguage":"es","potentialAction":[{"@type":"CommentAction","name":"Comment","target":["https:\/\/informelitoral.com.ar\/fotografiaron-en-entre-rios-tres-pumas-de-una-especie-en-peligro-de-extincion\/#respond"]}]},{"@type":"WebPage","@id":"https:\/\/informelitoral.com.ar\/fotografiaron-en-entre-rios-tres-pumas-de-una-especie-en-peligro-de-extincion\/","url":"https:\/\/informelitoral.com.ar\/fotografiaron-en-entre-rios-tres-pumas-de-una-especie-en-peligro-de-extincion\/","name":"Fotografiaron en Entre R\u00edos tres pumas de una especie en peligro de extinci\u00f3n - Informe Litoral","isPartOf":{"@id":"https:\/\/informelitoral.com.ar\/#website"},"primaryImageOfPage":{"@id":"https:\/\/informelitoral.com.ar\/fotografiaron-en-entre-rios-tres-pumas-de-una-especie-en-peligro-de-extincion\/#primaryimage"},"image":{"@id":"https:\/\/informelitoral.com.ar\/fotografiaron-en-entre-rios-tres-pumas-de-una-especie-en-peligro-de-extincion\/#primaryimage"},"thumbnailUrl":"https:\/\/informelitoral.com.ar\/%77%70%2d%63%6f%6e%74%65%6e%74\/uploads\/2024\/03\/o_1710228777.jpg","datePublished":"2024-03-12T12:26:35+00:00","dateModified":"2024-03-12T12:27:54+00:00","breadcrumb":{"@id":"https:\/\/informelitoral.com.ar\/fotografiaron-en-entre-rios-tres-pumas-de-una-especie-en-peligro-de-extincion\/#breadcrumb"},"inLanguage":"es","potentialAction":[{"@type":"ReadAction","target":["https:\/\/informelitoral.com.ar\/fotografiaron-en-entre-rios-tres-pumas-de-una-especie-en-peligro-de-extincion\/"]}]},{"@type":"ImageObject","inLanguage":"es","@id":"https:\/\/informelitoral.com.ar\/fotografiaron-en-entre-rios-tres-pumas-de-una-especie-en-peligro-de-extincion\/#primaryimage","url":"https:\/\/informelitoral.com.ar\/%77%70%2d%63%6f%6e%74%65%6e%74\/uploads\/2024\/03\/o_1710228777.jpg","contentUrl":"https:\/\/informelitoral.com.ar\/%77%70%2d%63%6f%6e%74%65%6e%74\/uploads\/2024\/03\/o_1710228777.jpg","width":800,"height":450},{"@type":"BreadcrumbList","@id":"https:\/\/informelitoral.com.ar\/fotografiaron-en-entre-rios-tres-pumas-de-una-especie-en-peligro-de-extincion\/#breadcrumb","itemListElement":[{"@type":"ListItem","position":1,"name":"Portada","item":"https:\/\/informelitoral.com.ar\/"},{"@type":"ListItem","position":2,"name":"Fotografiaron en Entre R\u00edos tres pumas de una especie en peligro de extinci\u00f3n"}]},{"@type":"WebSite","@id":"https:\/\/informelitoral.com.ar\/#website","url":"https:\/\/informelitoral.com.ar\/","name":"Informe Litoral","description":"&quot;Nos informamos&quot; ","publisher":{"@id":"https:\/\/informelitoral.com.ar\/#organization"},"potentialAction":[{"@type":"SearchAction","target":{"@type":"EntryPoint","urlTemplate":"https:\/\/informelitoral.com.ar\/?s={search_term_string}"},"query-input":{"@type":"PropertyValueSpecification","valueRequired":true,"valueName":"search_term_string"}}],"inLanguage":"es"},{"@type":"Organization","@id":"https:\/\/informelitoral.com.ar\/#organization","name":"Informe Litoral","url":"https:\/\/informelitoral.com.ar\/","logo":{"@type":"ImageObject","inLanguage":"es","@id":"https:\/\/informelitoral.com.ar\/#\/schema\/logo\/image\/","url":"https:\/\/informelitoral.com.ar\/%77%70%2d%63%6f%6e%74%65%6e%74\/uploads\/2021\/01\/circulo.png","contentUrl":"https:\/\/informelitoral.com.ar\/%77%70%2d%63%6f%6e%74%65%6e%74\/uploads\/2021\/01\/circulo.png","width":723,"height":731,"caption":"Informe Litoral"},"image":{"@id":"https:\/\/informelitoral.com.ar\/#\/schema\/logo\/image\/"},"sameAs":["https:\/\/www.facebook.com\/informelitoral\/","https:\/\/x.com\/InformeLitoral","https:\/\/www.instagram.com\/informelitoral\/","https:\/\/www.youtube.com\/channel\/UCua4Qvz8Icb6MYqhoq9xLXw"]},{"@type":"Person","@id":"https:\/\/informelitoral.com.ar\/#\/schema\/person\/f05f9f461677119578717524b127d6d5","name":"Sebastian","image":{"@type":"ImageObject","inLanguage":"es","@id":"https:\/\/secure.gravatar.com\/avatar\/b71bf7481d447dfb9583c7f2798e7cc64de6efb9067b74633ed8c31059a3bd82?s=96&d=mm&r=g","url":"https:\/\/secure.gravatar.com\/avatar\/b71bf7481d447dfb9583c7f2798e7cc64de6efb9067b74633ed8c31059a3bd82?s=96&d=mm&r=g","contentUrl":"https:\/\/secure.gravatar.com\/avatar\/b71bf7481d447dfb9583c7f2798e7cc64de6efb9067b74633ed8c31059a3bd82?s=96&d=mm&r=g","caption":"Sebastian"},"url":"https:\/\/informelitoral.com.ar\/author\/sebastian\/"}]}},"_links":{"self":[{"href":"https:\/\/informelitoral.com.ar\/%77%70%2d%6a%73%6f%6e\/wp\/v2\/posts\/182622","targetHints":{"allow":["GET"]}}],"collection":[{"href":"https:\/\/informelitoral.com.ar\/%77%70%2d%6a%73%6f%6e\/wp\/v2\/posts"}],"about":[{"href":"https:\/\/informelitoral.com.ar\/%77%70%2d%6a%73%6f%6e\/wp\/v2\/types\/post"}],"author":[{"embeddable":true,"href":"https:\/\/informelitoral.com.ar\/%77%70%2d%6a%73%6f%6e\/wp\/v2\/users\/8"}],"replies":[{"embeddable":true,"href":"https:\/\/informelitoral.com.ar\/%77%70%2d%6a%73%6f%6e\/wp\/v2\/comments?post=182622"}],"version-history":[{"count":0,"href":"https:\/\/informelitoral.com.ar\/%77%70%2d%6a%73%6f%6e\/wp\/v2\/posts\/182622\/revisions"}],"wp:featuredmedia":[{"embeddable":true,"href":"https:\/\/informelitoral.com.ar\/%77%70%2d%6a%73%6f%6e\/wp\/v2\/media\/182624"}],"wp:attachment":[{"href":"https:\/\/informelitoral.com.ar\/%77%70%2d%6a%73%6f%6e\/wp\/v2\/media?parent=182622"}],"wp:term":[{"taxonomy":"category","embeddable":true,"href":"https:\/\/informelitoral.com.ar\/%77%70%2d%6a%73%6f%6e\/wp\/v2\/categories?post=182622"},{"taxonomy":"post_tag","embeddable":true,"href":"https:\/\/informelitoral.com.ar\/%77%70%2d%6a%73%6f%6e\/wp\/v2\/tags?post=182622"}],"curies":[{"name":"wp","href":"https:\/\/api.w.org\/{rel}","templated":true}]}}