{"id":18262,"date":"2016-09-19T08:00:00","date_gmt":"2016-09-19T11:00:00","guid":{"rendered":"http:\/\/www.isletasnoticias.com.ar\/?p=18262"},"modified":"2016-09-19T08:00:00","modified_gmt":"2016-09-19T11:00:00","slug":"bordet-acompana-a-empresarios-entrerrianos-en-una-rueda-internacional-de-negocios-en-bolivia","status":"publish","type":"post","link":"https:\/\/informelitoral.com.ar\/bordet-acompana-a-empresarios-entrerrianos-en-una-rueda-internacional-de-negocios-en-bolivia\/","title":{"rendered":"Bordet acompa\u00f1a a empresarios entrerrianos en una rueda internacional de negocios en Bolivia"},"content":{"rendered":"<p><strong>El gobernador <em>Gustavo Bordet<\/em> vuelve a acompa\u00f1ar a empresarios entrerrianos en la b\u00fasqueda de mercados internacionales. Esta vez el destino es la Feria ExpoCruz que se realiza en Santa Cruz de la Sierra, Bolivia, donde tendr\u00e1 lugar una rueda de negocios internacionales. El a\u00f1o pasado este evento gener\u00f3 operaciones comerciales por un total de 204,7 millones de d\u00f3lares.<a href=\"http:\/\/www.isletasnoticias.com.ar\/%77%70%2d%63%6f%6e%74%65%6e%74\/uploads\/2016\/09\/b_1474222735.jpg\"><img loading=\"lazy\" decoding=\"async\" class=\"aligncenter wp-image-18263 size-full\" src=\"http:\/\/www.isletasnoticias.com.ar\/%77%70%2d%63%6f%6e%74%65%6e%74\/uploads\/2016\/09\/b_1474222735.jpg\" alt=\"b_1474222735\" width=\"544\" height=\"306\" srcset=\"https:\/\/informelitoral.com.ar\/%77%70%2d%63%6f%6e%74%65%6e%74\/uploads\/2016\/09\/b_1474222735.jpg 544w, https:\/\/informelitoral.com.ar\/%77%70%2d%63%6f%6e%74%65%6e%74\/uploads\/2016\/09\/b_1474222735-300x169.jpg 300w\" sizes=\"auto, (max-width: 544px) 100vw, 544px\" \/><\/a><\/strong><\/p>\n<p>Invitadas por el mandatario, las empresas de la provincia participar\u00e1n esta semana de las XXVI Rueda de Negocios Internacionales de la C\u00e1mara de Industria, Comercio, Servicios y Turismo de Santa Cruz de la Sierra (Cainco), donde podr\u00e1n establecer contacto con importadores, distribuidores, comercializadores, prestadores de servicios e inversionista provenientes de Bolivia, Per\u00fa, M\u00e9xico, Paraguay, Brasil y Espa\u00f1a.<\/p>\n<p>\u00abTenemos que sostener y mejorar cada d\u00eda esta nueva matriz que tiene Entre R\u00edos, con muchas peque\u00f1as y medianas industrias que elaboran productos manufacturados, que le dan valor agregado a la materia prima. Con ese compromiso vamos a estar, para fortalecer los v\u00ednculos comerciales y respaldar a los que producen\u00bb, expres\u00f3 el gobernador,<\/p>\n<p>Esta Rueda de Negocios Internacionales es uno de los m\u00e1s importantes encuentros comerciales de Latinoam\u00e9rica, realizado en el marco de la Feria Internacional ExpoCruz. En su edici\u00f3n del 2015, el evento concret\u00f3 10.410 reuniones de negocios luego traducidas en operaciones comerciales por 204,7 millones de d\u00f3lares, con cerca de 1.000 empresas participantes.<\/p>\n<p>Bordet consider\u00f3 \u00abimprescindible el trabajo conjunto entre el sector p\u00fablico y el sector privado, que lo definimos con uno de los ejes centrales de nuestra gesti\u00f3n de gobierno. Vamos a buscar en cada feria o exposici\u00f3n internacional que la oferta exportable provincial ocupe un espacio para ofrecerse y poder sostener el c\u00edrculo virtuoso del trabajo, la producci\u00f3n y la comercializaci\u00f3n de la riqueza que genera Entre R\u00edos\u00bb, ponder\u00f3.<\/p>\n<p>Este encuentro comercial brinda oportunidades de establecer lazos con contrapartes de variados pa\u00edses, concentrados en un espacio propicio para el intercambio de informaci\u00f3n sobre las tendencias de mercado, encontrar distribuidores y\/o representantes, o bien, fidelizar clientes ya logrados. De esta manera, es una buena oportunidad no s\u00f3lo para conocer y afianzar la presencia en el mercado boliviano, sino tambi\u00e9n en el resto de la regi\u00f3n, conocer productos, conocer la competencia, conocer los precios locales y hacer negocios.<\/p>\n<p><b>Amplia participaci\u00f3n provincial<\/b><\/p>\n<p>Las empresas entrerrianas que participar\u00e1n son: Bombas Pivas, de Gualeguaych\u00fa; Cartocor S.A. de Paran\u00e1; Ejemplar S.A., de Paran\u00e1; El Japon\u00e9s S.R.L, de San Salvador; Elevadores Neum\u00e1ticos S.A., de Paran\u00e1; Industrias Metal\u00fargica Dino B\u00e1rtoli e Hijos S.R.L, de Mar\u00eda Grande; Laboratorios Pyam S.A., de Gualeguaych\u00fa; Maquinarias Pecar\u00ed Tercec S.R.L., de Concepci\u00f3n Del Uruguay; Molinos del Carmen de Nogoy\u00e1; Nexus Salud, de Paran\u00e1; Pampa Riego S.A., de Paran\u00e1; Regionales PP, de Gualeguay; Schepens S.R.L., de Mar\u00eda Grande; Schneider S.R.L., de Crespo; y Metal\u00fargica LF, de Viale.<br \/>\nAdem\u00e1s, Laboratorios Pyam S.A. participar\u00e1 con un stand en el pabell\u00f3n argentino de la ExpoCruz 2016.<\/p>\n<p><b>Bolivia en n\u00fameros<\/b><\/p>\n<p>De acuerdo al Instituto Nacional de Estad\u00edsticas de Bolivia, el Estado Plurinacional de Bolivia cuenta con 10.059.856 habitantes. Los departamentos con mayor peso poblacional y de movimiento econ\u00f3mico son La Paz, que es la capital administrativa, Santa Cruz y Cochabamba.<\/p>\n<p>Desde la d\u00e9cada del 80 Bolivia est\u00e1 inserta en una multiplicidad de acuerdos comerciales: forma parte de Aladi desde 1980, de la Organizaci\u00f3n Mundial del Comercio desde 1995, a partir de 1996 forma parte de la Comunidad Andina (CAN), y desde diciembre de 2012 es pa\u00eds adherido al Mercorsur por protocolo firmado en Brasilia.<\/p>\n<p>Durante los \u00faltimos diez a\u00f1os la econom\u00eda boliviana tuvo un crecimiento progresivo de relevancia con cifras que promedian el 5 por ciento del Producto Bruto Interno (PBI). Su tasa de inflaci\u00f3n es estable alrededor del 3 por ciento, su nivel de deuda p\u00fablica ha decrecido desde 2004 con un incremento en 2015 y su tasa de desempleo ronda el 7 por ciento.<\/p>\n<p>Los sectores m\u00e1s din\u00e1micos de su econom\u00eda siguen siendo los relacionados a la explotaci\u00f3n de hidrocarburos, miner\u00eda y la agricultura sojera. No obstante, la actividad ligada a la construcci\u00f3n ha tenido un incremento que se ubica por arriba del 10 por ciento.<\/p>\n<p>Argentina ocupa el tercer lugar dentro de los destino de las exportaciones de Bolivia, al tiempo que nuestro pa\u00eds ocupa el cuarto lugar, como origen de las importaciones bolivianas con un valor de 670,7 millones de d\u00f3lares, entre enero y agosto de 2015.<\/p>\n<p>Los suministros industriales tienen un gran peso en el perfil de las importaciones de este vecino pa\u00eds, lo que evidencia la importancia de sostener la presencia de Entre R\u00edos en un mercado que demanda productos con un desarrollo de valor agregado que nuestras empresas pueden proveer sin problemas. Esto se evidencia en la equilibrada composici\u00f3n entre MOA y MOI que muestran las estad\u00edsticas de exportaciones de nuestra provincia a dicho destino: los bienes primarios significaron en 2015 el 43,58 por ciento, los agroindustriales el 29,42 por ciento y los industriales el 27 por ciento, seg\u00fan la Direcci\u00f3n General de Estad\u00edsticas de Entre R\u00edos.<\/p>\n<p>Am\u00e9rica Latina es un espacio prioritario para las actividades de promoci\u00f3n comercial, debido a que son los pa\u00edses que la integran los destinos de productos de mediano contenido tecnol\u00f3gico y mayor diversificaci\u00f3n en comparaci\u00f3n con el resto del mundo, y a esta din\u00e1mica, no escapa la producci\u00f3n entrerriana.<\/p>\n","protected":false},"excerpt":{"rendered":"<p>El gobernador Gustavo Bordet vuelve a acompa&ntilde;ar a empresarios entrerrianos en la b&uacute;squeda de mercados internacionales. Esta vez el destino es la Feria ExpoCruz que se realiza en Santa Cruz de la Sierra, Bolivia, donde tendr&aacute; lugar una rueda de negocios internacionales. El a&ntilde;o pasado este evento gener&oacute; operaciones comerciales por un total de 204,7 [&hellip;]<\/p>\n","protected":false},"author":2,"featured_media":0,"comment_status":"open","ping_status":"open","sticky":false,"template":"","format":"standard","meta":{"fifu_image_url":"","fifu_image_alt":"","footnotes":""},"categories":[6,16],"tags":[],"class_list":{"0":"post-18262","1":"post","2":"type-post","3":"status-publish","4":"format-standard","6":"category-entre-rios","7":"category-politi"},"yoast_head":"<title>Bordet acompa\u00f1a a empresarios entrerrianos en una rueda internacional de negocios en Bolivia - Informe Litoral<\/title>\n<meta name=\"robots\" content=\"index, follow, max-snippet:-1, max-image-preview:large, max-video-preview:-1\" \/>\n<link rel=\"canonical\" href=\"https:\/\/informelitoral.com.ar\/bordet-acompana-a-empresarios-entrerrianos-en-una-rueda-internacional-de-negocios-en-bolivia\/\" \/>\n<meta property=\"og:locale\" content=\"es_ES\" \/>\n<meta property=\"og:type\" content=\"article\" \/>\n<meta property=\"og:title\" content=\"Bordet acompa\u00f1a a empresarios entrerrianos en una rueda internacional de negocios en Bolivia - Informe Litoral\" \/>\n<meta property=\"og:description\" content=\"El gobernador Gustavo Bordet vuelve a acompa&ntilde;ar a empresarios entrerrianos en la b&uacute;squeda de mercados internacionales. Esta vez el destino es la Feria ExpoCruz que se realiza en Santa Cruz de la Sierra, Bolivia, donde tendr&aacute; lugar una rueda de negocios internacionales. El a&ntilde;o pasado este evento gener&oacute; operaciones comerciales por un total de 204,7 [&hellip;]\" \/>\n<meta property=\"og:url\" content=\"https:\/\/informelitoral.com.ar\/bordet-acompana-a-empresarios-entrerrianos-en-una-rueda-internacional-de-negocios-en-bolivia\/\" \/>\n<meta property=\"og:site_name\" content=\"Informe Litoral\" \/>\n<meta property=\"article:publisher\" content=\"https:\/\/www.facebook.com\/informelitoral\/\" \/>\n<meta property=\"article:published_time\" content=\"2016-09-19T11:00:00+00:00\" \/>\n<meta property=\"og:image\" content=\"https:\/\/informelitoral.com.ar\/%77%70%2d%63%6f%6e%74%65%6e%74\/uploads\/2016\/09\/b_1474222735.jpg\" \/>\n\t<meta property=\"og:image:width\" content=\"544\" \/>\n\t<meta property=\"og:image:height\" content=\"306\" \/>\n\t<meta property=\"og:image:type\" content=\"image\/jpeg\" \/>\n<meta name=\"author\" content=\"Gonzalo Schmidt\" \/>\n<meta name=\"twitter:card\" content=\"summary_large_image\" \/>\n<meta name=\"twitter:creator\" content=\"@InformeLitoral\" \/>\n<meta name=\"twitter:site\" content=\"@InformeLitoral\" \/>\n<meta name=\"twitter:label1\" content=\"Escrito por\" \/>\n\t<meta name=\"twitter:data1\" content=\"Gonzalo Schmidt\" \/>\n\t<meta name=\"twitter:label2\" content=\"Tiempo de lectura\" \/>\n\t<meta name=\"twitter:data2\" content=\"5 minutos\" \/>\n<script type=\"application\/ld+json\" class=\"yoast-schema-graph\">{\"@context\":\"https:\\\/\\\/schema.org\",\"@graph\":[{\"@type\":\"Article\",\"@id\":\"https:\\\/\\\/informelitoral.com.ar\\\/bordet-acompana-a-empresarios-entrerrianos-en-una-rueda-internacional-de-negocios-en-bolivia\\\/#article\",\"isPartOf\":{\"@id\":\"https:\\\/\\\/informelitoral.com.ar\\\/bordet-acompana-a-empresarios-entrerrianos-en-una-rueda-internacional-de-negocios-en-bolivia\\\/\"},\"author\":{\"name\":\"Gonzalo Schmidt\",\"@id\":\"https:\\\/\\\/informelitoral.com.ar\\\/#\\\/schema\\\/person\\\/b9d00407c836482871ef1d57bf8e3180\"},\"headline\":\"Bordet acompa\u00f1a a empresarios entrerrianos en una rueda internacional de negocios en Bolivia\",\"datePublished\":\"2016-09-19T11:00:00+00:00\",\"mainEntityOfPage\":{\"@id\":\"https:\\\/\\\/informelitoral.com.ar\\\/bordet-acompana-a-empresarios-entrerrianos-en-una-rueda-internacional-de-negocios-en-bolivia\\\/\"},\"wordCount\":945,\"commentCount\":0,\"publisher\":{\"@id\":\"https:\\\/\\\/informelitoral.com.ar\\\/#organization\"},\"image\":{\"@id\":\"https:\\\/\\\/informelitoral.com.ar\\\/bordet-acompana-a-empresarios-entrerrianos-en-una-rueda-internacional-de-negocios-en-bolivia\\\/#primaryimage\"},\"thumbnailUrl\":\"http:\\\/\\\/www.isletasnoticias.com.ar\\\/%77%70%2d%63%6f%6e%74%65%6e%74\\\/uploads\\\/2016\\\/09\\\/b_1474222735.jpg\",\"articleSection\":[\"Entre R\u00edos\",\"Politica\"],\"inLanguage\":\"es\",\"potentialAction\":[{\"@type\":\"CommentAction\",\"name\":\"Comment\",\"target\":[\"https:\\\/\\\/informelitoral.com.ar\\\/bordet-acompana-a-empresarios-entrerrianos-en-una-rueda-internacional-de-negocios-en-bolivia\\\/#respond\"]}]},{\"@type\":\"WebPage\",\"@id\":\"https:\\\/\\\/informelitoral.com.ar\\\/bordet-acompana-a-empresarios-entrerrianos-en-una-rueda-internacional-de-negocios-en-bolivia\\\/\",\"url\":\"https:\\\/\\\/informelitoral.com.ar\\\/bordet-acompana-a-empresarios-entrerrianos-en-una-rueda-internacional-de-negocios-en-bolivia\\\/\",\"name\":\"Bordet acompa\u00f1a a empresarios entrerrianos en una rueda internacional de negocios en Bolivia - Informe Litoral\",\"isPartOf\":{\"@id\":\"https:\\\/\\\/informelitoral.com.ar\\\/#website\"},\"primaryImageOfPage\":{\"@id\":\"https:\\\/\\\/informelitoral.com.ar\\\/bordet-acompana-a-empresarios-entrerrianos-en-una-rueda-internacional-de-negocios-en-bolivia\\\/#primaryimage\"},\"image\":{\"@id\":\"https:\\\/\\\/informelitoral.com.ar\\\/bordet-acompana-a-empresarios-entrerrianos-en-una-rueda-internacional-de-negocios-en-bolivia\\\/#primaryimage\"},\"thumbnailUrl\":\"http:\\\/\\\/www.isletasnoticias.com.ar\\\/%77%70%2d%63%6f%6e%74%65%6e%74\\\/uploads\\\/2016\\\/09\\\/b_1474222735.jpg\",\"datePublished\":\"2016-09-19T11:00:00+00:00\",\"breadcrumb\":{\"@id\":\"https:\\\/\\\/informelitoral.com.ar\\\/bordet-acompana-a-empresarios-entrerrianos-en-una-rueda-internacional-de-negocios-en-bolivia\\\/#breadcrumb\"},\"inLanguage\":\"es\",\"potentialAction\":[{\"@type\":\"ReadAction\",\"target\":[\"https:\\\/\\\/informelitoral.com.ar\\\/bordet-acompana-a-empresarios-entrerrianos-en-una-rueda-internacional-de-negocios-en-bolivia\\\/\"]}]},{\"@type\":\"ImageObject\",\"inLanguage\":\"es\",\"@id\":\"https:\\\/\\\/informelitoral.com.ar\\\/bordet-acompana-a-empresarios-entrerrianos-en-una-rueda-internacional-de-negocios-en-bolivia\\\/#primaryimage\",\"url\":\"http:\\\/\\\/www.isletasnoticias.com.ar\\\/%77%70%2d%63%6f%6e%74%65%6e%74\\\/uploads\\\/2016\\\/09\\\/b_1474222735.jpg\",\"contentUrl\":\"http:\\\/\\\/www.isletasnoticias.com.ar\\\/%77%70%2d%63%6f%6e%74%65%6e%74\\\/uploads\\\/2016\\\/09\\\/b_1474222735.jpg\"},{\"@type\":\"BreadcrumbList\",\"@id\":\"https:\\\/\\\/informelitoral.com.ar\\\/bordet-acompana-a-empresarios-entrerrianos-en-una-rueda-internacional-de-negocios-en-bolivia\\\/#breadcrumb\",\"itemListElement\":[{\"@type\":\"ListItem\",\"position\":1,\"name\":\"Portada\",\"item\":\"https:\\\/\\\/informelitoral.com.ar\\\/\"},{\"@type\":\"ListItem\",\"position\":2,\"name\":\"Bordet acompa\u00f1a a empresarios entrerrianos en una rueda internacional de negocios en Bolivia\"}]},{\"@type\":\"WebSite\",\"@id\":\"https:\\\/\\\/informelitoral.com.ar\\\/#website\",\"url\":\"https:\\\/\\\/informelitoral.com.ar\\\/\",\"name\":\"Informe Litoral\",\"description\":\"&quot;Nos informamos&quot; \",\"publisher\":{\"@id\":\"https:\\\/\\\/informelitoral.com.ar\\\/#organization\"},\"potentialAction\":[{\"@type\":\"SearchAction\",\"target\":{\"@type\":\"EntryPoint\",\"urlTemplate\":\"https:\\\/\\\/informelitoral.com.ar\\\/?s={search_term_string}\"},\"query-input\":{\"@type\":\"PropertyValueSpecification\",\"valueRequired\":true,\"valueName\":\"search_term_string\"}}],\"inLanguage\":\"es\"},{\"@type\":\"Organization\",\"@id\":\"https:\\\/\\\/informelitoral.com.ar\\\/#organization\",\"name\":\"Informe Litoral\",\"url\":\"https:\\\/\\\/informelitoral.com.ar\\\/\",\"logo\":{\"@type\":\"ImageObject\",\"inLanguage\":\"es\",\"@id\":\"https:\\\/\\\/informelitoral.com.ar\\\/#\\\/schema\\\/logo\\\/image\\\/\",\"url\":\"https:\\\/\\\/informelitoral.com.ar\\\/%77%70%2d%63%6f%6e%74%65%6e%74\\\/uploads\\\/2021\\\/01\\\/circulo.png\",\"contentUrl\":\"https:\\\/\\\/informelitoral.com.ar\\\/%77%70%2d%63%6f%6e%74%65%6e%74\\\/uploads\\\/2021\\\/01\\\/circulo.png\",\"width\":723,\"height\":731,\"caption\":\"Informe Litoral\"},\"image\":{\"@id\":\"https:\\\/\\\/informelitoral.com.ar\\\/#\\\/schema\\\/logo\\\/image\\\/\"},\"sameAs\":[\"https:\\\/\\\/www.facebook.com\\\/informelitoral\\\/\",\"https:\\\/\\\/x.com\\\/InformeLitoral\",\"https:\\\/\\\/www.instagram.com\\\/informelitoral\\\/\",\"https:\\\/\\\/www.youtube.com\\\/channel\\\/UCua4Qvz8Icb6MYqhoq9xLXw\"]},{\"@type\":\"Person\",\"@id\":\"https:\\\/\\\/informelitoral.com.ar\\\/#\\\/schema\\\/person\\\/b9d00407c836482871ef1d57bf8e3180\",\"name\":\"Gonzalo Schmidt\",\"image\":{\"@type\":\"ImageObject\",\"inLanguage\":\"es\",\"@id\":\"https:\\\/\\\/secure.gravatar.com\\\/avatar\\\/31a1a7b66ff2de83bd0e9fd79d026630d2d99e55e8bfe501287647b4fd9743de?s=96&d=mm&r=g\",\"url\":\"https:\\\/\\\/secure.gravatar.com\\\/avatar\\\/31a1a7b66ff2de83bd0e9fd79d026630d2d99e55e8bfe501287647b4fd9743de?s=96&d=mm&r=g\",\"contentUrl\":\"https:\\\/\\\/secure.gravatar.com\\\/avatar\\\/31a1a7b66ff2de83bd0e9fd79d026630d2d99e55e8bfe501287647b4fd9743de?s=96&d=mm&r=g\",\"caption\":\"Gonzalo Schmidt\"},\"description\":\"Sitio web de noticias de la provincia de Entre R\u00edos, Argentina. Informaci\u00f3n y entretenimiento. Informe Litoral, nos informamos.\",\"sameAs\":[\"http:\\\/\\\/www.isletasnoticias.com.ar\"],\"url\":\"https:\\\/\\\/informelitoral.com.ar\\\/author\\\/gonzalo\\\/\"}]}<\/script>","yoast_head_json":{"title":"Bordet acompa\u00f1a a empresarios entrerrianos en una rueda internacional de negocios en Bolivia - Informe Litoral","robots":{"index":"index","follow":"follow","max-snippet":"max-snippet:-1","max-image-preview":"max-image-preview:large","max-video-preview":"max-video-preview:-1"},"canonical":"https:\/\/informelitoral.com.ar\/bordet-acompana-a-empresarios-entrerrianos-en-una-rueda-internacional-de-negocios-en-bolivia\/","og_locale":"es_ES","og_type":"article","og_title":"Bordet acompa\u00f1a a empresarios entrerrianos en una rueda internacional de negocios en Bolivia - Informe Litoral","og_description":"El gobernador Gustavo Bordet vuelve a acompa&ntilde;ar a empresarios entrerrianos en la b&uacute;squeda de mercados internacionales. Esta vez el destino es la Feria ExpoCruz que se realiza en Santa Cruz de la Sierra, Bolivia, donde tendr&aacute; lugar una rueda de negocios internacionales. El a&ntilde;o pasado este evento gener&oacute; operaciones comerciales por un total de 204,7 [&hellip;]","og_url":"https:\/\/informelitoral.com.ar\/bordet-acompana-a-empresarios-entrerrianos-en-una-rueda-internacional-de-negocios-en-bolivia\/","og_site_name":"Informe Litoral","article_publisher":"https:\/\/www.facebook.com\/informelitoral\/","article_published_time":"2016-09-19T11:00:00+00:00","og_image":[{"width":544,"height":306,"url":"https:\/\/informelitoral.com.ar\/%77%70%2d%63%6f%6e%74%65%6e%74\/uploads\/2016\/09\/b_1474222735.jpg","type":"image\/jpeg"}],"author":"Gonzalo Schmidt","twitter_card":"summary_large_image","twitter_creator":"@InformeLitoral","twitter_site":"@InformeLitoral","twitter_misc":{"Escrito por":"Gonzalo Schmidt","Tiempo de lectura":"5 minutos"},"schema":{"@context":"https:\/\/schema.org","@graph":[{"@type":"Article","@id":"https:\/\/informelitoral.com.ar\/bordet-acompana-a-empresarios-entrerrianos-en-una-rueda-internacional-de-negocios-en-bolivia\/#article","isPartOf":{"@id":"https:\/\/informelitoral.com.ar\/bordet-acompana-a-empresarios-entrerrianos-en-una-rueda-internacional-de-negocios-en-bolivia\/"},"author":{"name":"Gonzalo Schmidt","@id":"https:\/\/informelitoral.com.ar\/#\/schema\/person\/b9d00407c836482871ef1d57bf8e3180"},"headline":"Bordet acompa\u00f1a a empresarios entrerrianos en una rueda internacional de negocios en Bolivia","datePublished":"2016-09-19T11:00:00+00:00","mainEntityOfPage":{"@id":"https:\/\/informelitoral.com.ar\/bordet-acompana-a-empresarios-entrerrianos-en-una-rueda-internacional-de-negocios-en-bolivia\/"},"wordCount":945,"commentCount":0,"publisher":{"@id":"https:\/\/informelitoral.com.ar\/#organization"},"image":{"@id":"https:\/\/informelitoral.com.ar\/bordet-acompana-a-empresarios-entrerrianos-en-una-rueda-internacional-de-negocios-en-bolivia\/#primaryimage"},"thumbnailUrl":"http:\/\/www.isletasnoticias.com.ar\/%77%70%2d%63%6f%6e%74%65%6e%74\/uploads\/2016\/09\/b_1474222735.jpg","articleSection":["Entre R\u00edos","Politica"],"inLanguage":"es","potentialAction":[{"@type":"CommentAction","name":"Comment","target":["https:\/\/informelitoral.com.ar\/bordet-acompana-a-empresarios-entrerrianos-en-una-rueda-internacional-de-negocios-en-bolivia\/#respond"]}]},{"@type":"WebPage","@id":"https:\/\/informelitoral.com.ar\/bordet-acompana-a-empresarios-entrerrianos-en-una-rueda-internacional-de-negocios-en-bolivia\/","url":"https:\/\/informelitoral.com.ar\/bordet-acompana-a-empresarios-entrerrianos-en-una-rueda-internacional-de-negocios-en-bolivia\/","name":"Bordet acompa\u00f1a a empresarios entrerrianos en una rueda internacional de negocios en Bolivia - Informe Litoral","isPartOf":{"@id":"https:\/\/informelitoral.com.ar\/#website"},"primaryImageOfPage":{"@id":"https:\/\/informelitoral.com.ar\/bordet-acompana-a-empresarios-entrerrianos-en-una-rueda-internacional-de-negocios-en-bolivia\/#primaryimage"},"image":{"@id":"https:\/\/informelitoral.com.ar\/bordet-acompana-a-empresarios-entrerrianos-en-una-rueda-internacional-de-negocios-en-bolivia\/#primaryimage"},"thumbnailUrl":"http:\/\/www.isletasnoticias.com.ar\/%77%70%2d%63%6f%6e%74%65%6e%74\/uploads\/2016\/09\/b_1474222735.jpg","datePublished":"2016-09-19T11:00:00+00:00","breadcrumb":{"@id":"https:\/\/informelitoral.com.ar\/bordet-acompana-a-empresarios-entrerrianos-en-una-rueda-internacional-de-negocios-en-bolivia\/#breadcrumb"},"inLanguage":"es","potentialAction":[{"@type":"ReadAction","target":["https:\/\/informelitoral.com.ar\/bordet-acompana-a-empresarios-entrerrianos-en-una-rueda-internacional-de-negocios-en-bolivia\/"]}]},{"@type":"ImageObject","inLanguage":"es","@id":"https:\/\/informelitoral.com.ar\/bordet-acompana-a-empresarios-entrerrianos-en-una-rueda-internacional-de-negocios-en-bolivia\/#primaryimage","url":"http:\/\/www.isletasnoticias.com.ar\/%77%70%2d%63%6f%6e%74%65%6e%74\/uploads\/2016\/09\/b_1474222735.jpg","contentUrl":"http:\/\/www.isletasnoticias.com.ar\/%77%70%2d%63%6f%6e%74%65%6e%74\/uploads\/2016\/09\/b_1474222735.jpg"},{"@type":"BreadcrumbList","@id":"https:\/\/informelitoral.com.ar\/bordet-acompana-a-empresarios-entrerrianos-en-una-rueda-internacional-de-negocios-en-bolivia\/#breadcrumb","itemListElement":[{"@type":"ListItem","position":1,"name":"Portada","item":"https:\/\/informelitoral.com.ar\/"},{"@type":"ListItem","position":2,"name":"Bordet acompa\u00f1a a empresarios entrerrianos en una rueda internacional de negocios en Bolivia"}]},{"@type":"WebSite","@id":"https:\/\/informelitoral.com.ar\/#website","url":"https:\/\/informelitoral.com.ar\/","name":"Informe Litoral","description":"&quot;Nos informamos&quot; ","publisher":{"@id":"https:\/\/informelitoral.com.ar\/#organization"},"potentialAction":[{"@type":"SearchAction","target":{"@type":"EntryPoint","urlTemplate":"https:\/\/informelitoral.com.ar\/?s={search_term_string}"},"query-input":{"@type":"PropertyValueSpecification","valueRequired":true,"valueName":"search_term_string"}}],"inLanguage":"es"},{"@type":"Organization","@id":"https:\/\/informelitoral.com.ar\/#organization","name":"Informe Litoral","url":"https:\/\/informelitoral.com.ar\/","logo":{"@type":"ImageObject","inLanguage":"es","@id":"https:\/\/informelitoral.com.ar\/#\/schema\/logo\/image\/","url":"https:\/\/informelitoral.com.ar\/%77%70%2d%63%6f%6e%74%65%6e%74\/uploads\/2021\/01\/circulo.png","contentUrl":"https:\/\/informelitoral.com.ar\/%77%70%2d%63%6f%6e%74%65%6e%74\/uploads\/2021\/01\/circulo.png","width":723,"height":731,"caption":"Informe Litoral"},"image":{"@id":"https:\/\/informelitoral.com.ar\/#\/schema\/logo\/image\/"},"sameAs":["https:\/\/www.facebook.com\/informelitoral\/","https:\/\/x.com\/InformeLitoral","https:\/\/www.instagram.com\/informelitoral\/","https:\/\/www.youtube.com\/channel\/UCua4Qvz8Icb6MYqhoq9xLXw"]},{"@type":"Person","@id":"https:\/\/informelitoral.com.ar\/#\/schema\/person\/b9d00407c836482871ef1d57bf8e3180","name":"Gonzalo Schmidt","image":{"@type":"ImageObject","inLanguage":"es","@id":"https:\/\/secure.gravatar.com\/avatar\/31a1a7b66ff2de83bd0e9fd79d026630d2d99e55e8bfe501287647b4fd9743de?s=96&d=mm&r=g","url":"https:\/\/secure.gravatar.com\/avatar\/31a1a7b66ff2de83bd0e9fd79d026630d2d99e55e8bfe501287647b4fd9743de?s=96&d=mm&r=g","contentUrl":"https:\/\/secure.gravatar.com\/avatar\/31a1a7b66ff2de83bd0e9fd79d026630d2d99e55e8bfe501287647b4fd9743de?s=96&d=mm&r=g","caption":"Gonzalo Schmidt"},"description":"Sitio web de noticias de la provincia de Entre R\u00edos, Argentina. Informaci\u00f3n y entretenimiento. Informe Litoral, nos informamos.","sameAs":["http:\/\/www.isletasnoticias.com.ar"],"url":"https:\/\/informelitoral.com.ar\/author\/gonzalo\/"}]}},"_links":{"self":[{"href":"https:\/\/informelitoral.com.ar\/%77%70%2d%6a%73%6f%6e\/wp\/v2\/posts\/18262","targetHints":{"allow":["GET"]}}],"collection":[{"href":"https:\/\/informelitoral.com.ar\/%77%70%2d%6a%73%6f%6e\/wp\/v2\/posts"}],"about":[{"href":"https:\/\/informelitoral.com.ar\/%77%70%2d%6a%73%6f%6e\/wp\/v2\/types\/post"}],"author":[{"embeddable":true,"href":"https:\/\/informelitoral.com.ar\/%77%70%2d%6a%73%6f%6e\/wp\/v2\/users\/2"}],"replies":[{"embeddable":true,"href":"https:\/\/informelitoral.com.ar\/%77%70%2d%6a%73%6f%6e\/wp\/v2\/comments?post=18262"}],"version-history":[{"count":0,"href":"https:\/\/informelitoral.com.ar\/%77%70%2d%6a%73%6f%6e\/wp\/v2\/posts\/18262\/revisions"}],"wp:attachment":[{"href":"https:\/\/informelitoral.com.ar\/%77%70%2d%6a%73%6f%6e\/wp\/v2\/media?parent=18262"}],"wp:term":[{"taxonomy":"category","embeddable":true,"href":"https:\/\/informelitoral.com.ar\/%77%70%2d%6a%73%6f%6e\/wp\/v2\/categories?post=18262"},{"taxonomy":"post_tag","embeddable":true,"href":"https:\/\/informelitoral.com.ar\/%77%70%2d%6a%73%6f%6e\/wp\/v2\/tags?post=18262"}],"curies":[{"name":"wp","href":"https:\/\/api.w.org\/{rel}","templated":true}]}}