{"id":182612,"date":"2024-03-12T09:08:50","date_gmt":"2024-03-12T12:08:50","guid":{"rendered":"https:\/\/www.informelitoral.com.ar\/?p=182612"},"modified":"2024-03-12T09:31:20","modified_gmt":"2024-03-12T12:31:20","slug":"finalizaron-historica-obra-de-tendido-electrico","status":"publish","type":"post","link":"https:\/\/informelitoral.com.ar\/finalizaron-historica-obra-de-tendido-electrico\/","title":{"rendered":"Aldea Spatzenkutter: finalizaron hist\u00f3rica obra de tendido el\u00e9ctrico"},"content":{"rendered":"<p>La Empresa de Energ\u00eda de Entre R\u00edos culmin\u00f3 la obra de tendido el\u00e9ctrico en Aldea Spatzenkutter. Gestionada por la Comuna, la obra permitir\u00e1 abastecer a m\u00e1s familias y con mejor eficiencia energ\u00e9tica.<\/p>\n<p>\u00abEs probablemente una de las obras m\u00e1s importantes y relevantes de los \u00faltimos tiempos. Se trata de el tendido trif\u00e1sico de m\u00e1s de 750 metros desde el transformador 2, situado en Av. Alemanes del Volga, hasta el ingreso al Cementerio local sobre calle Padre Keiner, que ya cuenta con suministro de energ\u00eda\u00bb, dijo el presidente comunal, Juan Lell.<\/p>\n<p>\u00abSe trata de una obra gestionada por la Comuna de Spatzenkutter, despu\u00e9s de muchos a\u00f1os de relevamientos, idas y venidas. Hoy esta gran obra es realidad, dignificando a vecinos que residen en esta zona de nuestra hermosa aldea\u00bb, sostuvo.<\/p>\n<p>Desde la comuna agradecieron las gestiones de la secretaria de Energ\u00eda, Noelia Zapata, y a Maximiliano Taborda. de Enersa. \u00abAgradecemos adem\u00e1s a los operadores de la empresa contratista que fueron quienes realizaron esta hist\u00f3rica obra. Despu\u00e9s de 146 a\u00f1os llegar\u00e1 la energ\u00eda el\u00e9ctrica al primer cementerio alem\u00e1n del Volga de la provincia, declarado Sitio Hist\u00f3rico de Entre R\u00edos\u00bb, coment\u00f3 el presidente comunal.<\/p>\n","protected":false},"excerpt":{"rendered":"<p>La Empresa de Energ\u00eda de Entre R\u00edos culmin\u00f3 la obra de tendido el\u00e9ctrico en Aldea Spatzenkutter.<\/p>\n","protected":false},"author":8,"featured_media":182613,"comment_status":"open","ping_status":"open","sticky":false,"template":"","format":"standard","meta":{"fifu_image_url":"","fifu_image_alt":"","footnotes":""},"categories":[5],"tags":[1334,4661],"class_list":{"0":"post-182612","1":"post","2":"type-post","3":"status-publish","4":"format-standard","5":"has-post-thumbnail","7":"category-zonales","8":"tag-aldea-spatzenkutter","9":"tag-tendido-electrico"},"yoast_head":"<title>Aldea Spatzenkutter: finalizaron hist\u00f3rica obra de tendido el\u00e9ctrico - Informe Litoral<\/title>\n<meta name=\"robots\" content=\"index, follow, max-snippet:-1, max-image-preview:large, max-video-preview:-1\" \/>\n<link rel=\"canonical\" href=\"https:\/\/informelitoral.com.ar\/finalizaron-historica-obra-de-tendido-electrico\/\" \/>\n<meta property=\"og:locale\" content=\"es_ES\" \/>\n<meta property=\"og:type\" content=\"article\" \/>\n<meta property=\"og:title\" content=\"Aldea Spatzenkutter: finalizaron hist\u00f3rica obra de tendido el\u00e9ctrico - Informe Litoral\" \/>\n<meta property=\"og:description\" content=\"La Empresa de Energ\u00eda de Entre R\u00edos culmin\u00f3 la obra de tendido el\u00e9ctrico en Aldea Spatzenkutter.\" \/>\n<meta property=\"og:url\" content=\"https:\/\/informelitoral.com.ar\/finalizaron-historica-obra-de-tendido-electrico\/\" \/>\n<meta property=\"og:site_name\" content=\"Informe Litoral\" \/>\n<meta property=\"article:publisher\" content=\"https:\/\/www.facebook.com\/informelitoral\/\" \/>\n<meta property=\"article:published_time\" content=\"2024-03-12T12:08:50+00:00\" \/>\n<meta property=\"article:modified_time\" content=\"2024-03-12T12:31:20+00:00\" \/>\n<meta property=\"og:image\" content=\"https:\/\/informelitoral.com.ar\/%77%70%2d%63%6f%6e%74%65%6e%74\/uploads\/2024\/03\/spatzenkutter-tendido-electrico.jpg\" \/>\n\t<meta property=\"og:image:width\" content=\"1200\" \/>\n\t<meta property=\"og:image:height\" content=\"801\" \/>\n\t<meta property=\"og:image:type\" content=\"image\/jpeg\" \/>\n<meta name=\"author\" content=\"Sebastian\" \/>\n<meta name=\"twitter:card\" content=\"summary_large_image\" \/>\n<meta name=\"twitter:creator\" content=\"@InformeLitoral\" \/>\n<meta name=\"twitter:site\" content=\"@InformeLitoral\" \/>\n<meta name=\"twitter:label1\" content=\"Escrito por\" \/>\n\t<meta name=\"twitter:data1\" content=\"Sebastian\" \/>\n\t<meta name=\"twitter:label2\" content=\"Tiempo de lectura\" \/>\n\t<meta name=\"twitter:data2\" content=\"1 minuto\" \/>\n<script type=\"application\/ld+json\" class=\"yoast-schema-graph\">{\"@context\":\"https:\\\/\\\/schema.org\",\"@graph\":[{\"@type\":\"Article\",\"@id\":\"https:\\\/\\\/informelitoral.com.ar\\\/finalizaron-historica-obra-de-tendido-electrico\\\/#article\",\"isPartOf\":{\"@id\":\"https:\\\/\\\/informelitoral.com.ar\\\/finalizaron-historica-obra-de-tendido-electrico\\\/\"},\"author\":{\"name\":\"Sebastian\",\"@id\":\"https:\\\/\\\/informelitoral.com.ar\\\/#\\\/schema\\\/person\\\/f05f9f461677119578717524b127d6d5\"},\"headline\":\"Aldea Spatzenkutter: finalizaron hist\u00f3rica obra de tendido el\u00e9ctrico\",\"datePublished\":\"2024-03-12T12:08:50+00:00\",\"dateModified\":\"2024-03-12T12:31:20+00:00\",\"mainEntityOfPage\":{\"@id\":\"https:\\\/\\\/informelitoral.com.ar\\\/finalizaron-historica-obra-de-tendido-electrico\\\/\"},\"wordCount\":219,\"commentCount\":0,\"publisher\":{\"@id\":\"https:\\\/\\\/informelitoral.com.ar\\\/#organization\"},\"image\":{\"@id\":\"https:\\\/\\\/informelitoral.com.ar\\\/finalizaron-historica-obra-de-tendido-electrico\\\/#primaryimage\"},\"thumbnailUrl\":\"https:\\\/\\\/informelitoral.com.ar\\\/%77%70%2d%63%6f%6e%74%65%6e%74\\\/uploads\\\/2024\\\/03\\\/spatzenkutter-tendido-electrico.jpg\",\"keywords\":[\"Aldea Spatzenkutter\",\"Tendido El\u00e9ctrico\"],\"articleSection\":[\"Departamento Diamante\"],\"inLanguage\":\"es\",\"potentialAction\":[{\"@type\":\"CommentAction\",\"name\":\"Comment\",\"target\":[\"https:\\\/\\\/informelitoral.com.ar\\\/finalizaron-historica-obra-de-tendido-electrico\\\/#respond\"]}]},{\"@type\":\"WebPage\",\"@id\":\"https:\\\/\\\/informelitoral.com.ar\\\/finalizaron-historica-obra-de-tendido-electrico\\\/\",\"url\":\"https:\\\/\\\/informelitoral.com.ar\\\/finalizaron-historica-obra-de-tendido-electrico\\\/\",\"name\":\"Aldea Spatzenkutter: finalizaron hist\u00f3rica obra de tendido el\u00e9ctrico - Informe Litoral\",\"isPartOf\":{\"@id\":\"https:\\\/\\\/informelitoral.com.ar\\\/#website\"},\"primaryImageOfPage\":{\"@id\":\"https:\\\/\\\/informelitoral.com.ar\\\/finalizaron-historica-obra-de-tendido-electrico\\\/#primaryimage\"},\"image\":{\"@id\":\"https:\\\/\\\/informelitoral.com.ar\\\/finalizaron-historica-obra-de-tendido-electrico\\\/#primaryimage\"},\"thumbnailUrl\":\"https:\\\/\\\/informelitoral.com.ar\\\/%77%70%2d%63%6f%6e%74%65%6e%74\\\/uploads\\\/2024\\\/03\\\/spatzenkutter-tendido-electrico.jpg\",\"datePublished\":\"2024-03-12T12:08:50+00:00\",\"dateModified\":\"2024-03-12T12:31:20+00:00\",\"breadcrumb\":{\"@id\":\"https:\\\/\\\/informelitoral.com.ar\\\/finalizaron-historica-obra-de-tendido-electrico\\\/#breadcrumb\"},\"inLanguage\":\"es\",\"potentialAction\":[{\"@type\":\"ReadAction\",\"target\":[\"https:\\\/\\\/informelitoral.com.ar\\\/finalizaron-historica-obra-de-tendido-electrico\\\/\"]}]},{\"@type\":\"ImageObject\",\"inLanguage\":\"es\",\"@id\":\"https:\\\/\\\/informelitoral.com.ar\\\/finalizaron-historica-obra-de-tendido-electrico\\\/#primaryimage\",\"url\":\"https:\\\/\\\/informelitoral.com.ar\\\/%77%70%2d%63%6f%6e%74%65%6e%74\\\/uploads\\\/2024\\\/03\\\/spatzenkutter-tendido-electrico.jpg\",\"contentUrl\":\"https:\\\/\\\/informelitoral.com.ar\\\/%77%70%2d%63%6f%6e%74%65%6e%74\\\/uploads\\\/2024\\\/03\\\/spatzenkutter-tendido-electrico.jpg\",\"width\":1200,\"height\":801},{\"@type\":\"BreadcrumbList\",\"@id\":\"https:\\\/\\\/informelitoral.com.ar\\\/finalizaron-historica-obra-de-tendido-electrico\\\/#breadcrumb\",\"itemListElement\":[{\"@type\":\"ListItem\",\"position\":1,\"name\":\"Portada\",\"item\":\"https:\\\/\\\/informelitoral.com.ar\\\/\"},{\"@type\":\"ListItem\",\"position\":2,\"name\":\"Aldea Spatzenkutter: finalizaron hist\u00f3rica obra de tendido el\u00e9ctrico\"}]},{\"@type\":\"WebSite\",\"@id\":\"https:\\\/\\\/informelitoral.com.ar\\\/#website\",\"url\":\"https:\\\/\\\/informelitoral.com.ar\\\/\",\"name\":\"Informe Litoral\",\"description\":\"&quot;Nos informamos&quot; \",\"publisher\":{\"@id\":\"https:\\\/\\\/informelitoral.com.ar\\\/#organization\"},\"potentialAction\":[{\"@type\":\"SearchAction\",\"target\":{\"@type\":\"EntryPoint\",\"urlTemplate\":\"https:\\\/\\\/informelitoral.com.ar\\\/?s={search_term_string}\"},\"query-input\":{\"@type\":\"PropertyValueSpecification\",\"valueRequired\":true,\"valueName\":\"search_term_string\"}}],\"inLanguage\":\"es\"},{\"@type\":\"Organization\",\"@id\":\"https:\\\/\\\/informelitoral.com.ar\\\/#organization\",\"name\":\"Informe Litoral\",\"url\":\"https:\\\/\\\/informelitoral.com.ar\\\/\",\"logo\":{\"@type\":\"ImageObject\",\"inLanguage\":\"es\",\"@id\":\"https:\\\/\\\/informelitoral.com.ar\\\/#\\\/schema\\\/logo\\\/image\\\/\",\"url\":\"https:\\\/\\\/informelitoral.com.ar\\\/%77%70%2d%63%6f%6e%74%65%6e%74\\\/uploads\\\/2021\\\/01\\\/circulo.png\",\"contentUrl\":\"https:\\\/\\\/informelitoral.com.ar\\\/%77%70%2d%63%6f%6e%74%65%6e%74\\\/uploads\\\/2021\\\/01\\\/circulo.png\",\"width\":723,\"height\":731,\"caption\":\"Informe Litoral\"},\"image\":{\"@id\":\"https:\\\/\\\/informelitoral.com.ar\\\/#\\\/schema\\\/logo\\\/image\\\/\"},\"sameAs\":[\"https:\\\/\\\/www.facebook.com\\\/informelitoral\\\/\",\"https:\\\/\\\/x.com\\\/InformeLitoral\",\"https:\\\/\\\/www.instagram.com\\\/informelitoral\\\/\",\"https:\\\/\\\/www.youtube.com\\\/channel\\\/UCua4Qvz8Icb6MYqhoq9xLXw\"]},{\"@type\":\"Person\",\"@id\":\"https:\\\/\\\/informelitoral.com.ar\\\/#\\\/schema\\\/person\\\/f05f9f461677119578717524b127d6d5\",\"name\":\"Sebastian\",\"image\":{\"@type\":\"ImageObject\",\"inLanguage\":\"es\",\"@id\":\"https:\\\/\\\/secure.gravatar.com\\\/avatar\\\/b71bf7481d447dfb9583c7f2798e7cc64de6efb9067b74633ed8c31059a3bd82?s=96&d=mm&r=g\",\"url\":\"https:\\\/\\\/secure.gravatar.com\\\/avatar\\\/b71bf7481d447dfb9583c7f2798e7cc64de6efb9067b74633ed8c31059a3bd82?s=96&d=mm&r=g\",\"contentUrl\":\"https:\\\/\\\/secure.gravatar.com\\\/avatar\\\/b71bf7481d447dfb9583c7f2798e7cc64de6efb9067b74633ed8c31059a3bd82?s=96&d=mm&r=g\",\"caption\":\"Sebastian\"},\"url\":\"https:\\\/\\\/informelitoral.com.ar\\\/author\\\/sebastian\\\/\"}]}<\/script>","yoast_head_json":{"title":"Aldea Spatzenkutter: finalizaron hist\u00f3rica obra de tendido el\u00e9ctrico - Informe Litoral","robots":{"index":"index","follow":"follow","max-snippet":"max-snippet:-1","max-image-preview":"max-image-preview:large","max-video-preview":"max-video-preview:-1"},"canonical":"https:\/\/informelitoral.com.ar\/finalizaron-historica-obra-de-tendido-electrico\/","og_locale":"es_ES","og_type":"article","og_title":"Aldea Spatzenkutter: finalizaron hist\u00f3rica obra de tendido el\u00e9ctrico - Informe Litoral","og_description":"La Empresa de Energ\u00eda de Entre R\u00edos culmin\u00f3 la obra de tendido el\u00e9ctrico en Aldea Spatzenkutter.","og_url":"https:\/\/informelitoral.com.ar\/finalizaron-historica-obra-de-tendido-electrico\/","og_site_name":"Informe Litoral","article_publisher":"https:\/\/www.facebook.com\/informelitoral\/","article_published_time":"2024-03-12T12:08:50+00:00","article_modified_time":"2024-03-12T12:31:20+00:00","og_image":[{"width":1200,"height":801,"url":"https:\/\/informelitoral.com.ar\/%77%70%2d%63%6f%6e%74%65%6e%74\/uploads\/2024\/03\/spatzenkutter-tendido-electrico.jpg","type":"image\/jpeg"}],"author":"Sebastian","twitter_card":"summary_large_image","twitter_creator":"@InformeLitoral","twitter_site":"@InformeLitoral","twitter_misc":{"Escrito por":"Sebastian","Tiempo de lectura":"1 minuto"},"schema":{"@context":"https:\/\/schema.org","@graph":[{"@type":"Article","@id":"https:\/\/informelitoral.com.ar\/finalizaron-historica-obra-de-tendido-electrico\/#article","isPartOf":{"@id":"https:\/\/informelitoral.com.ar\/finalizaron-historica-obra-de-tendido-electrico\/"},"author":{"name":"Sebastian","@id":"https:\/\/informelitoral.com.ar\/#\/schema\/person\/f05f9f461677119578717524b127d6d5"},"headline":"Aldea Spatzenkutter: finalizaron hist\u00f3rica obra de tendido el\u00e9ctrico","datePublished":"2024-03-12T12:08:50+00:00","dateModified":"2024-03-12T12:31:20+00:00","mainEntityOfPage":{"@id":"https:\/\/informelitoral.com.ar\/finalizaron-historica-obra-de-tendido-electrico\/"},"wordCount":219,"commentCount":0,"publisher":{"@id":"https:\/\/informelitoral.com.ar\/#organization"},"image":{"@id":"https:\/\/informelitoral.com.ar\/finalizaron-historica-obra-de-tendido-electrico\/#primaryimage"},"thumbnailUrl":"https:\/\/informelitoral.com.ar\/%77%70%2d%63%6f%6e%74%65%6e%74\/uploads\/2024\/03\/spatzenkutter-tendido-electrico.jpg","keywords":["Aldea Spatzenkutter","Tendido El\u00e9ctrico"],"articleSection":["Departamento Diamante"],"inLanguage":"es","potentialAction":[{"@type":"CommentAction","name":"Comment","target":["https:\/\/informelitoral.com.ar\/finalizaron-historica-obra-de-tendido-electrico\/#respond"]}]},{"@type":"WebPage","@id":"https:\/\/informelitoral.com.ar\/finalizaron-historica-obra-de-tendido-electrico\/","url":"https:\/\/informelitoral.com.ar\/finalizaron-historica-obra-de-tendido-electrico\/","name":"Aldea Spatzenkutter: finalizaron hist\u00f3rica obra de tendido el\u00e9ctrico - Informe Litoral","isPartOf":{"@id":"https:\/\/informelitoral.com.ar\/#website"},"primaryImageOfPage":{"@id":"https:\/\/informelitoral.com.ar\/finalizaron-historica-obra-de-tendido-electrico\/#primaryimage"},"image":{"@id":"https:\/\/informelitoral.com.ar\/finalizaron-historica-obra-de-tendido-electrico\/#primaryimage"},"thumbnailUrl":"https:\/\/informelitoral.com.ar\/%77%70%2d%63%6f%6e%74%65%6e%74\/uploads\/2024\/03\/spatzenkutter-tendido-electrico.jpg","datePublished":"2024-03-12T12:08:50+00:00","dateModified":"2024-03-12T12:31:20+00:00","breadcrumb":{"@id":"https:\/\/informelitoral.com.ar\/finalizaron-historica-obra-de-tendido-electrico\/#breadcrumb"},"inLanguage":"es","potentialAction":[{"@type":"ReadAction","target":["https:\/\/informelitoral.com.ar\/finalizaron-historica-obra-de-tendido-electrico\/"]}]},{"@type":"ImageObject","inLanguage":"es","@id":"https:\/\/informelitoral.com.ar\/finalizaron-historica-obra-de-tendido-electrico\/#primaryimage","url":"https:\/\/informelitoral.com.ar\/%77%70%2d%63%6f%6e%74%65%6e%74\/uploads\/2024\/03\/spatzenkutter-tendido-electrico.jpg","contentUrl":"https:\/\/informelitoral.com.ar\/%77%70%2d%63%6f%6e%74%65%6e%74\/uploads\/2024\/03\/spatzenkutter-tendido-electrico.jpg","width":1200,"height":801},{"@type":"BreadcrumbList","@id":"https:\/\/informelitoral.com.ar\/finalizaron-historica-obra-de-tendido-electrico\/#breadcrumb","itemListElement":[{"@type":"ListItem","position":1,"name":"Portada","item":"https:\/\/informelitoral.com.ar\/"},{"@type":"ListItem","position":2,"name":"Aldea Spatzenkutter: finalizaron hist\u00f3rica obra de tendido el\u00e9ctrico"}]},{"@type":"WebSite","@id":"https:\/\/informelitoral.com.ar\/#website","url":"https:\/\/informelitoral.com.ar\/","name":"Informe Litoral","description":"&quot;Nos informamos&quot; ","publisher":{"@id":"https:\/\/informelitoral.com.ar\/#organization"},"potentialAction":[{"@type":"SearchAction","target":{"@type":"EntryPoint","urlTemplate":"https:\/\/informelitoral.com.ar\/?s={search_term_string}"},"query-input":{"@type":"PropertyValueSpecification","valueRequired":true,"valueName":"search_term_string"}}],"inLanguage":"es"},{"@type":"Organization","@id":"https:\/\/informelitoral.com.ar\/#organization","name":"Informe Litoral","url":"https:\/\/informelitoral.com.ar\/","logo":{"@type":"ImageObject","inLanguage":"es","@id":"https:\/\/informelitoral.com.ar\/#\/schema\/logo\/image\/","url":"https:\/\/informelitoral.com.ar\/%77%70%2d%63%6f%6e%74%65%6e%74\/uploads\/2021\/01\/circulo.png","contentUrl":"https:\/\/informelitoral.com.ar\/%77%70%2d%63%6f%6e%74%65%6e%74\/uploads\/2021\/01\/circulo.png","width":723,"height":731,"caption":"Informe Litoral"},"image":{"@id":"https:\/\/informelitoral.com.ar\/#\/schema\/logo\/image\/"},"sameAs":["https:\/\/www.facebook.com\/informelitoral\/","https:\/\/x.com\/InformeLitoral","https:\/\/www.instagram.com\/informelitoral\/","https:\/\/www.youtube.com\/channel\/UCua4Qvz8Icb6MYqhoq9xLXw"]},{"@type":"Person","@id":"https:\/\/informelitoral.com.ar\/#\/schema\/person\/f05f9f461677119578717524b127d6d5","name":"Sebastian","image":{"@type":"ImageObject","inLanguage":"es","@id":"https:\/\/secure.gravatar.com\/avatar\/b71bf7481d447dfb9583c7f2798e7cc64de6efb9067b74633ed8c31059a3bd82?s=96&d=mm&r=g","url":"https:\/\/secure.gravatar.com\/avatar\/b71bf7481d447dfb9583c7f2798e7cc64de6efb9067b74633ed8c31059a3bd82?s=96&d=mm&r=g","contentUrl":"https:\/\/secure.gravatar.com\/avatar\/b71bf7481d447dfb9583c7f2798e7cc64de6efb9067b74633ed8c31059a3bd82?s=96&d=mm&r=g","caption":"Sebastian"},"url":"https:\/\/informelitoral.com.ar\/author\/sebastian\/"}]}},"_links":{"self":[{"href":"https:\/\/informelitoral.com.ar\/%77%70%2d%6a%73%6f%6e\/wp\/v2\/posts\/182612","targetHints":{"allow":["GET"]}}],"collection":[{"href":"https:\/\/informelitoral.com.ar\/%77%70%2d%6a%73%6f%6e\/wp\/v2\/posts"}],"about":[{"href":"https:\/\/informelitoral.com.ar\/%77%70%2d%6a%73%6f%6e\/wp\/v2\/types\/post"}],"author":[{"embeddable":true,"href":"https:\/\/informelitoral.com.ar\/%77%70%2d%6a%73%6f%6e\/wp\/v2\/users\/8"}],"replies":[{"embeddable":true,"href":"https:\/\/informelitoral.com.ar\/%77%70%2d%6a%73%6f%6e\/wp\/v2\/comments?post=182612"}],"version-history":[{"count":0,"href":"https:\/\/informelitoral.com.ar\/%77%70%2d%6a%73%6f%6e\/wp\/v2\/posts\/182612\/revisions"}],"wp:featuredmedia":[{"embeddable":true,"href":"https:\/\/informelitoral.com.ar\/%77%70%2d%6a%73%6f%6e\/wp\/v2\/media\/182613"}],"wp:attachment":[{"href":"https:\/\/informelitoral.com.ar\/%77%70%2d%6a%73%6f%6e\/wp\/v2\/media?parent=182612"}],"wp:term":[{"taxonomy":"category","embeddable":true,"href":"https:\/\/informelitoral.com.ar\/%77%70%2d%6a%73%6f%6e\/wp\/v2\/categories?post=182612"},{"taxonomy":"post_tag","embeddable":true,"href":"https:\/\/informelitoral.com.ar\/%77%70%2d%6a%73%6f%6e\/wp\/v2\/tags?post=182612"}],"curies":[{"name":"wp","href":"https:\/\/api.w.org\/{rel}","templated":true}]}}