{"id":182587,"date":"2024-03-12T12:51:02","date_gmt":"2024-03-12T15:51:02","guid":{"rendered":"https:\/\/www.informelitoral.com.ar\/?p=182587"},"modified":"2024-03-12T20:35:41","modified_gmt":"2024-03-12T23:35:41","slug":"__trashed-16","status":"publish","type":"post","link":"https:\/\/informelitoral.com.ar\/__trashed-16\/","title":{"rendered":"Tras el exitoso cierre, ya proyectan el Ram\u00edrez Festeja 2025"},"content":{"rendered":"<p>El<a href=\"https:\/\/www.informelitoral.com.ar\/esta-todo-listo-para-el-ramirez-festeja-2024\/\" target=\"_blank\" rel=\"noopener\"><em><strong> Ram\u00edrez Festeja<\/strong><\/em><\/a> cerr\u00f3 con un importante marco de p\u00fablico y se estima que entre las dos noches -s\u00e1bado 9 y domingo 10- <strong>hubo unas 20 mil personas en el predio del Parque de la Democracia y Parque Evita.<\/strong><\/p>\n<p>Sobre el escenario pasaron diversos g\u00e9neros musicales, para todos los gustos, pero sin dudas al broche de oro lo marc\u00f3 <strong>Ambo\u00e9<\/strong>; el grupo correntino con su carnaval chamamecero sobre el escenario hizo mover, cantar, bailar y sonre\u00edr a los presentes.<\/p>\n<p><a href=\"https:\/\/www.informelitoral.com.ar\/%77%70%2d%63%6f%6e%74%65%6e%74\/uploads\/2024\/03\/431851048_827352746098439_2714765402015477970_n.jpg\"><img loading=\"lazy\" decoding=\"async\" class=\"aligncenter wp-image-182590 size-full\" src=\"https:\/\/www.informelitoral.com.ar\/%77%70%2d%63%6f%6e%74%65%6e%74\/uploads\/2024\/03\/431851048_827352746098439_2714765402015477970_n.jpg\" alt=\"\" width=\"1080\" height=\"883\" srcset=\"https:\/\/informelitoral.com.ar\/%77%70%2d%63%6f%6e%74%65%6e%74\/uploads\/2024\/03\/431851048_827352746098439_2714765402015477970_n.jpg 1080w, https:\/\/informelitoral.com.ar\/%77%70%2d%63%6f%6e%74%65%6e%74\/uploads\/2024\/03\/431851048_827352746098439_2714765402015477970_n-300x245.jpg 300w, https:\/\/informelitoral.com.ar\/%77%70%2d%63%6f%6e%74%65%6e%74\/uploads\/2024\/03\/431851048_827352746098439_2714765402015477970_n-1024x837.jpg 1024w, https:\/\/informelitoral.com.ar\/%77%70%2d%63%6f%6e%74%65%6e%74\/uploads\/2024\/03\/431851048_827352746098439_2714765402015477970_n-768x628.jpg 768w, https:\/\/informelitoral.com.ar\/%77%70%2d%63%6f%6e%74%65%6e%74\/uploads\/2024\/03\/431851048_827352746098439_2714765402015477970_n-696x569.jpg 696w, https:\/\/informelitoral.com.ar\/%77%70%2d%63%6f%6e%74%65%6e%74\/uploads\/2024\/03\/431851048_827352746098439_2714765402015477970_n-1068x873.jpg 1068w, https:\/\/informelitoral.com.ar\/%77%70%2d%63%6f%6e%74%65%6e%74\/uploads\/2024\/03\/431851048_827352746098439_2714765402015477970_n-514x420.jpg 514w\" sizes=\"auto, (max-width: 1080px) 100vw, 1080px\" \/><\/a><\/p>\n<p>M\u00e9rito aparte para el <strong><em>Ensamble Ram\u00edrez Festeja<\/em><\/strong>, que con poco m\u00e1s de dos meses de ensayo se luci\u00f3 sobre el escenario interpretando canciones con diversidad de instrumentos y voces.<\/p>\n<p>En el predio,<strong> empresas, emprendedores locales y de la provincia e instituciones mostraron y vendieron sus productos,<\/strong> desde herramientas, fabricaciones en madera, artesan\u00edas y comida, hubo una muestra variada.<\/p>\n<p>Los m\u00e1s chicos tambi\u00e9n tuvieron su lugar, en el<em><strong> Espacio Gurises,<\/strong><\/em> donde pudieron disfrutar de diferentes juegos y actividades interactivas.<\/p>\n<p>Cerca del cierre del evento, las autoridades municipales y gran parte de los colaboradores subieron al escenario y dirigieron unas palabras a los presentes. Algunos visiblemente emocionados, como el subsecretario de Pol\u00edticas Culturales y Modernizaci\u00f3n, <strong>Walter Lauphan,<\/strong> agradeci\u00f3 \u00aba todos los que trabajaron e hicieron posible esta gran fiesta\u00bb, sobre todo teniendo en cuenta que a final de 2023 el evento estaba en duda y asegur\u00f3 que tras el exitoso desarrollo ya piensan en la edici\u00f3n de 2025.<\/p>\n<p><a href=\"https:\/\/www.informelitoral.com.ar\/%77%70%2d%63%6f%6e%74%65%6e%74\/uploads\/2024\/03\/430057745_827352729431774_324325790395292753_n.jpg\"><img loading=\"lazy\" decoding=\"async\" class=\"aligncenter wp-image-182589 size-full\" src=\"https:\/\/www.informelitoral.com.ar\/%77%70%2d%63%6f%6e%74%65%6e%74\/uploads\/2024\/03\/430057745_827352729431774_324325790395292753_n.jpg\" alt=\"\" width=\"1080\" height=\"873\" srcset=\"https:\/\/informelitoral.com.ar\/%77%70%2d%63%6f%6e%74%65%6e%74\/uploads\/2024\/03\/430057745_827352729431774_324325790395292753_n.jpg 1080w, https:\/\/informelitoral.com.ar\/%77%70%2d%63%6f%6e%74%65%6e%74\/uploads\/2024\/03\/430057745_827352729431774_324325790395292753_n-300x243.jpg 300w, https:\/\/informelitoral.com.ar\/%77%70%2d%63%6f%6e%74%65%6e%74\/uploads\/2024\/03\/430057745_827352729431774_324325790395292753_n-1024x828.jpg 1024w, https:\/\/informelitoral.com.ar\/%77%70%2d%63%6f%6e%74%65%6e%74\/uploads\/2024\/03\/430057745_827352729431774_324325790395292753_n-768x621.jpg 768w, https:\/\/informelitoral.com.ar\/%77%70%2d%63%6f%6e%74%65%6e%74\/uploads\/2024\/03\/430057745_827352729431774_324325790395292753_n-696x563.jpg 696w, https:\/\/informelitoral.com.ar\/%77%70%2d%63%6f%6e%74%65%6e%74\/uploads\/2024\/03\/430057745_827352729431774_324325790395292753_n-1068x863.jpg 1068w, https:\/\/informelitoral.com.ar\/%77%70%2d%63%6f%6e%74%65%6e%74\/uploads\/2024\/03\/430057745_827352729431774_324325790395292753_n-520x420.jpg 520w\" sizes=\"auto, (max-width: 1080px) 100vw, 1080px\" \/><\/a><\/p>\n<h2><strong>136\u00ba aniversario de General Ram\u00edrez\u00a0<\/strong><\/h2>\n<p>Este <strong>mi\u00e9rcoles 13 de marzo<\/strong>, se realizar\u00e1 el acto oficial por el <strong>136\u00ba aniversario de la localidad.<\/strong> El mismo tendr\u00e1 lugar <strong>frente al Busto del General Francisco, Pancho, Ram\u00edrez desde las 18:30.<\/strong> En caso de lluvia se realizar\u00e1 en la Casa Municipal de la Cultura.<\/p>\n<p>Desde el municipio invitan a toda la comunidad a participar. Se contar\u00e1 con la presencia de instituciones y autoridades de diferentes niveles. <em>(Informe Litoral)<\/em><\/p>\n","protected":false},"excerpt":{"rendered":"<p>Los organizadores quedaron satisfechos con la octava edici\u00f3n del evento. Pese a las dudas previas, acompa\u00f1\u00f3 desde el tiempo hasta el p\u00fablico. Este mi\u00e9rcoles la ciudad celebra su 136 aniversario. <\/p>\n","protected":false},"author":2,"featured_media":182588,"comment_status":"open","ping_status":"open","sticky":false,"template":"","format":"standard","meta":{"fifu_image_url":"","fifu_image_alt":"","footnotes":""},"categories":[5,4586],"tags":[320,556,111,201,27,1286],"class_list":{"0":"post-182587","1":"post","2":"type-post","3":"status-publish","4":"format-standard","5":"has-post-thumbnail","7":"category-zonales","8":"category-general-ramirez","9":"tag-aniversario","10":"tag-general-ramirez","11":"tag-municipales","12":"tag-municipios","13":"tag-ramirez","14":"tag-ramirez-festeja"},"yoast_head":"<title>Tras el exitoso cierre, ya proyectan el Ram\u00edrez Festeja 2025 - Informe Litoral<\/title>\n<meta name=\"robots\" content=\"index, follow, max-snippet:-1, max-image-preview:large, max-video-preview:-1\" \/>\n<link rel=\"canonical\" href=\"https:\/\/informelitoral.com.ar\/__trashed-16\/\" \/>\n<meta property=\"og:locale\" content=\"es_ES\" \/>\n<meta property=\"og:type\" content=\"article\" \/>\n<meta property=\"og:title\" content=\"Tras el exitoso cierre, ya proyectan el Ram\u00edrez Festeja 2025 - Informe Litoral\" \/>\n<meta property=\"og:description\" content=\"Los organizadores quedaron satisfechos con la octava edici\u00f3n del evento. Pese a las dudas previas, acompa\u00f1\u00f3 desde el tiempo hasta el p\u00fablico. Este mi\u00e9rcoles la ciudad celebra su 136 aniversario.\" \/>\n<meta property=\"og:url\" content=\"https:\/\/informelitoral.com.ar\/__trashed-16\/\" \/>\n<meta property=\"og:site_name\" content=\"Informe Litoral\" \/>\n<meta property=\"article:publisher\" content=\"https:\/\/www.facebook.com\/informelitoral\/\" \/>\n<meta property=\"article:published_time\" content=\"2024-03-12T15:51:02+00:00\" \/>\n<meta property=\"article:modified_time\" content=\"2024-03-12T23:35:41+00:00\" \/>\n<meta property=\"og:image\" content=\"https:\/\/informelitoral.com.ar\/%77%70%2d%63%6f%6e%74%65%6e%74\/uploads\/2024\/03\/430057743_827352856098428_3171866885132348812_n.jpg\" \/>\n\t<meta property=\"og:image:width\" content=\"1080\" \/>\n\t<meta property=\"og:image:height\" content=\"883\" \/>\n\t<meta property=\"og:image:type\" content=\"image\/jpeg\" \/>\n<meta name=\"author\" content=\"Gonzalo Schmidt\" \/>\n<meta name=\"twitter:card\" content=\"summary_large_image\" \/>\n<meta name=\"twitter:creator\" content=\"@InformeLitoral\" \/>\n<meta name=\"twitter:site\" content=\"@InformeLitoral\" \/>\n<meta name=\"twitter:label1\" content=\"Escrito por\" \/>\n\t<meta name=\"twitter:data1\" content=\"Gonzalo Schmidt\" \/>\n\t<meta name=\"twitter:label2\" content=\"Tiempo de lectura\" \/>\n\t<meta name=\"twitter:data2\" content=\"2 minutos\" \/>\n<script type=\"application\/ld+json\" class=\"yoast-schema-graph\">{\"@context\":\"https:\\\/\\\/schema.org\",\"@graph\":[{\"@type\":\"Article\",\"@id\":\"https:\\\/\\\/informelitoral.com.ar\\\/__trashed-16\\\/#article\",\"isPartOf\":{\"@id\":\"https:\\\/\\\/informelitoral.com.ar\\\/__trashed-16\\\/\"},\"author\":{\"name\":\"Gonzalo Schmidt\",\"@id\":\"https:\\\/\\\/informelitoral.com.ar\\\/#\\\/schema\\\/person\\\/b9d00407c836482871ef1d57bf8e3180\"},\"headline\":\"Tras el exitoso cierre, ya proyectan el Ram\u00edrez Festeja 2025\",\"datePublished\":\"2024-03-12T15:51:02+00:00\",\"dateModified\":\"2024-03-12T23:35:41+00:00\",\"mainEntityOfPage\":{\"@id\":\"https:\\\/\\\/informelitoral.com.ar\\\/__trashed-16\\\/\"},\"wordCount\":328,\"commentCount\":0,\"publisher\":{\"@id\":\"https:\\\/\\\/informelitoral.com.ar\\\/#organization\"},\"image\":{\"@id\":\"https:\\\/\\\/informelitoral.com.ar\\\/__trashed-16\\\/#primaryimage\"},\"thumbnailUrl\":\"https:\\\/\\\/informelitoral.com.ar\\\/%77%70%2d%63%6f%6e%74%65%6e%74\\\/uploads\\\/2024\\\/03\\\/430057743_827352856098428_3171866885132348812_n.jpg\",\"keywords\":[\"Aniversario\",\"General Ram\u00edrez\",\"Municipales\",\"Municipios\",\"Ram\u00edrez\",\"Ram\u00edrez Festeja\"],\"articleSection\":[\"Departamento Diamante\",\"General Ram\u00edrez\"],\"inLanguage\":\"es\",\"potentialAction\":[{\"@type\":\"CommentAction\",\"name\":\"Comment\",\"target\":[\"https:\\\/\\\/informelitoral.com.ar\\\/__trashed-16\\\/#respond\"]}]},{\"@type\":\"WebPage\",\"@id\":\"https:\\\/\\\/informelitoral.com.ar\\\/__trashed-16\\\/\",\"url\":\"https:\\\/\\\/informelitoral.com.ar\\\/__trashed-16\\\/\",\"name\":\"Tras el exitoso cierre, ya proyectan el Ram\u00edrez Festeja 2025 - Informe Litoral\",\"isPartOf\":{\"@id\":\"https:\\\/\\\/informelitoral.com.ar\\\/#website\"},\"primaryImageOfPage\":{\"@id\":\"https:\\\/\\\/informelitoral.com.ar\\\/__trashed-16\\\/#primaryimage\"},\"image\":{\"@id\":\"https:\\\/\\\/informelitoral.com.ar\\\/__trashed-16\\\/#primaryimage\"},\"thumbnailUrl\":\"https:\\\/\\\/informelitoral.com.ar\\\/%77%70%2d%63%6f%6e%74%65%6e%74\\\/uploads\\\/2024\\\/03\\\/430057743_827352856098428_3171866885132348812_n.jpg\",\"datePublished\":\"2024-03-12T15:51:02+00:00\",\"dateModified\":\"2024-03-12T23:35:41+00:00\",\"breadcrumb\":{\"@id\":\"https:\\\/\\\/informelitoral.com.ar\\\/__trashed-16\\\/#breadcrumb\"},\"inLanguage\":\"es\",\"potentialAction\":[{\"@type\":\"ReadAction\",\"target\":[\"https:\\\/\\\/informelitoral.com.ar\\\/__trashed-16\\\/\"]}]},{\"@type\":\"ImageObject\",\"inLanguage\":\"es\",\"@id\":\"https:\\\/\\\/informelitoral.com.ar\\\/__trashed-16\\\/#primaryimage\",\"url\":\"https:\\\/\\\/informelitoral.com.ar\\\/%77%70%2d%63%6f%6e%74%65%6e%74\\\/uploads\\\/2024\\\/03\\\/430057743_827352856098428_3171866885132348812_n.jpg\",\"contentUrl\":\"https:\\\/\\\/informelitoral.com.ar\\\/%77%70%2d%63%6f%6e%74%65%6e%74\\\/uploads\\\/2024\\\/03\\\/430057743_827352856098428_3171866885132348812_n.jpg\",\"width\":1080,\"height\":883},{\"@type\":\"BreadcrumbList\",\"@id\":\"https:\\\/\\\/informelitoral.com.ar\\\/__trashed-16\\\/#breadcrumb\",\"itemListElement\":[{\"@type\":\"ListItem\",\"position\":1,\"name\":\"Portada\",\"item\":\"https:\\\/\\\/informelitoral.com.ar\\\/\"},{\"@type\":\"ListItem\",\"position\":2,\"name\":\"Tras el exitoso cierre, ya proyectan el Ram\u00edrez Festeja 2025\"}]},{\"@type\":\"WebSite\",\"@id\":\"https:\\\/\\\/informelitoral.com.ar\\\/#website\",\"url\":\"https:\\\/\\\/informelitoral.com.ar\\\/\",\"name\":\"Informe Litoral\",\"description\":\"&quot;Nos informamos&quot; \",\"publisher\":{\"@id\":\"https:\\\/\\\/informelitoral.com.ar\\\/#organization\"},\"potentialAction\":[{\"@type\":\"SearchAction\",\"target\":{\"@type\":\"EntryPoint\",\"urlTemplate\":\"https:\\\/\\\/informelitoral.com.ar\\\/?s={search_term_string}\"},\"query-input\":{\"@type\":\"PropertyValueSpecification\",\"valueRequired\":true,\"valueName\":\"search_term_string\"}}],\"inLanguage\":\"es\"},{\"@type\":\"Organization\",\"@id\":\"https:\\\/\\\/informelitoral.com.ar\\\/#organization\",\"name\":\"Informe Litoral\",\"url\":\"https:\\\/\\\/informelitoral.com.ar\\\/\",\"logo\":{\"@type\":\"ImageObject\",\"inLanguage\":\"es\",\"@id\":\"https:\\\/\\\/informelitoral.com.ar\\\/#\\\/schema\\\/logo\\\/image\\\/\",\"url\":\"https:\\\/\\\/informelitoral.com.ar\\\/%77%70%2d%63%6f%6e%74%65%6e%74\\\/uploads\\\/2021\\\/01\\\/circulo.png\",\"contentUrl\":\"https:\\\/\\\/informelitoral.com.ar\\\/%77%70%2d%63%6f%6e%74%65%6e%74\\\/uploads\\\/2021\\\/01\\\/circulo.png\",\"width\":723,\"height\":731,\"caption\":\"Informe Litoral\"},\"image\":{\"@id\":\"https:\\\/\\\/informelitoral.com.ar\\\/#\\\/schema\\\/logo\\\/image\\\/\"},\"sameAs\":[\"https:\\\/\\\/www.facebook.com\\\/informelitoral\\\/\",\"https:\\\/\\\/x.com\\\/InformeLitoral\",\"https:\\\/\\\/www.instagram.com\\\/informelitoral\\\/\",\"https:\\\/\\\/www.youtube.com\\\/channel\\\/UCua4Qvz8Icb6MYqhoq9xLXw\"]},{\"@type\":\"Person\",\"@id\":\"https:\\\/\\\/informelitoral.com.ar\\\/#\\\/schema\\\/person\\\/b9d00407c836482871ef1d57bf8e3180\",\"name\":\"Gonzalo Schmidt\",\"image\":{\"@type\":\"ImageObject\",\"inLanguage\":\"es\",\"@id\":\"https:\\\/\\\/secure.gravatar.com\\\/avatar\\\/31a1a7b66ff2de83bd0e9fd79d026630d2d99e55e8bfe501287647b4fd9743de?s=96&d=mm&r=g\",\"url\":\"https:\\\/\\\/secure.gravatar.com\\\/avatar\\\/31a1a7b66ff2de83bd0e9fd79d026630d2d99e55e8bfe501287647b4fd9743de?s=96&d=mm&r=g\",\"contentUrl\":\"https:\\\/\\\/secure.gravatar.com\\\/avatar\\\/31a1a7b66ff2de83bd0e9fd79d026630d2d99e55e8bfe501287647b4fd9743de?s=96&d=mm&r=g\",\"caption\":\"Gonzalo Schmidt\"},\"description\":\"Sitio web de noticias de la provincia de Entre R\u00edos, Argentina. Informaci\u00f3n y entretenimiento. Informe Litoral, nos informamos.\",\"sameAs\":[\"http:\\\/\\\/www.isletasnoticias.com.ar\"],\"url\":\"https:\\\/\\\/informelitoral.com.ar\\\/author\\\/gonzalo\\\/\"}]}<\/script>","yoast_head_json":{"title":"Tras el exitoso cierre, ya proyectan el Ram\u00edrez Festeja 2025 - Informe Litoral","robots":{"index":"index","follow":"follow","max-snippet":"max-snippet:-1","max-image-preview":"max-image-preview:large","max-video-preview":"max-video-preview:-1"},"canonical":"https:\/\/informelitoral.com.ar\/__trashed-16\/","og_locale":"es_ES","og_type":"article","og_title":"Tras el exitoso cierre, ya proyectan el Ram\u00edrez Festeja 2025 - Informe Litoral","og_description":"Los organizadores quedaron satisfechos con la octava edici\u00f3n del evento. Pese a las dudas previas, acompa\u00f1\u00f3 desde el tiempo hasta el p\u00fablico. Este mi\u00e9rcoles la ciudad celebra su 136 aniversario.","og_url":"https:\/\/informelitoral.com.ar\/__trashed-16\/","og_site_name":"Informe Litoral","article_publisher":"https:\/\/www.facebook.com\/informelitoral\/","article_published_time":"2024-03-12T15:51:02+00:00","article_modified_time":"2024-03-12T23:35:41+00:00","og_image":[{"width":1080,"height":883,"url":"https:\/\/informelitoral.com.ar\/%77%70%2d%63%6f%6e%74%65%6e%74\/uploads\/2024\/03\/430057743_827352856098428_3171866885132348812_n.jpg","type":"image\/jpeg"}],"author":"Gonzalo Schmidt","twitter_card":"summary_large_image","twitter_creator":"@InformeLitoral","twitter_site":"@InformeLitoral","twitter_misc":{"Escrito por":"Gonzalo Schmidt","Tiempo de lectura":"2 minutos"},"schema":{"@context":"https:\/\/schema.org","@graph":[{"@type":"Article","@id":"https:\/\/informelitoral.com.ar\/__trashed-16\/#article","isPartOf":{"@id":"https:\/\/informelitoral.com.ar\/__trashed-16\/"},"author":{"name":"Gonzalo Schmidt","@id":"https:\/\/informelitoral.com.ar\/#\/schema\/person\/b9d00407c836482871ef1d57bf8e3180"},"headline":"Tras el exitoso cierre, ya proyectan el Ram\u00edrez Festeja 2025","datePublished":"2024-03-12T15:51:02+00:00","dateModified":"2024-03-12T23:35:41+00:00","mainEntityOfPage":{"@id":"https:\/\/informelitoral.com.ar\/__trashed-16\/"},"wordCount":328,"commentCount":0,"publisher":{"@id":"https:\/\/informelitoral.com.ar\/#organization"},"image":{"@id":"https:\/\/informelitoral.com.ar\/__trashed-16\/#primaryimage"},"thumbnailUrl":"https:\/\/informelitoral.com.ar\/%77%70%2d%63%6f%6e%74%65%6e%74\/uploads\/2024\/03\/430057743_827352856098428_3171866885132348812_n.jpg","keywords":["Aniversario","General Ram\u00edrez","Municipales","Municipios","Ram\u00edrez","Ram\u00edrez Festeja"],"articleSection":["Departamento Diamante","General Ram\u00edrez"],"inLanguage":"es","potentialAction":[{"@type":"CommentAction","name":"Comment","target":["https:\/\/informelitoral.com.ar\/__trashed-16\/#respond"]}]},{"@type":"WebPage","@id":"https:\/\/informelitoral.com.ar\/__trashed-16\/","url":"https:\/\/informelitoral.com.ar\/__trashed-16\/","name":"Tras el exitoso cierre, ya proyectan el Ram\u00edrez Festeja 2025 - Informe Litoral","isPartOf":{"@id":"https:\/\/informelitoral.com.ar\/#website"},"primaryImageOfPage":{"@id":"https:\/\/informelitoral.com.ar\/__trashed-16\/#primaryimage"},"image":{"@id":"https:\/\/informelitoral.com.ar\/__trashed-16\/#primaryimage"},"thumbnailUrl":"https:\/\/informelitoral.com.ar\/%77%70%2d%63%6f%6e%74%65%6e%74\/uploads\/2024\/03\/430057743_827352856098428_3171866885132348812_n.jpg","datePublished":"2024-03-12T15:51:02+00:00","dateModified":"2024-03-12T23:35:41+00:00","breadcrumb":{"@id":"https:\/\/informelitoral.com.ar\/__trashed-16\/#breadcrumb"},"inLanguage":"es","potentialAction":[{"@type":"ReadAction","target":["https:\/\/informelitoral.com.ar\/__trashed-16\/"]}]},{"@type":"ImageObject","inLanguage":"es","@id":"https:\/\/informelitoral.com.ar\/__trashed-16\/#primaryimage","url":"https:\/\/informelitoral.com.ar\/%77%70%2d%63%6f%6e%74%65%6e%74\/uploads\/2024\/03\/430057743_827352856098428_3171866885132348812_n.jpg","contentUrl":"https:\/\/informelitoral.com.ar\/%77%70%2d%63%6f%6e%74%65%6e%74\/uploads\/2024\/03\/430057743_827352856098428_3171866885132348812_n.jpg","width":1080,"height":883},{"@type":"BreadcrumbList","@id":"https:\/\/informelitoral.com.ar\/__trashed-16\/#breadcrumb","itemListElement":[{"@type":"ListItem","position":1,"name":"Portada","item":"https:\/\/informelitoral.com.ar\/"},{"@type":"ListItem","position":2,"name":"Tras el exitoso cierre, ya proyectan el Ram\u00edrez Festeja 2025"}]},{"@type":"WebSite","@id":"https:\/\/informelitoral.com.ar\/#website","url":"https:\/\/informelitoral.com.ar\/","name":"Informe Litoral","description":"&quot;Nos informamos&quot; ","publisher":{"@id":"https:\/\/informelitoral.com.ar\/#organization"},"potentialAction":[{"@type":"SearchAction","target":{"@type":"EntryPoint","urlTemplate":"https:\/\/informelitoral.com.ar\/?s={search_term_string}"},"query-input":{"@type":"PropertyValueSpecification","valueRequired":true,"valueName":"search_term_string"}}],"inLanguage":"es"},{"@type":"Organization","@id":"https:\/\/informelitoral.com.ar\/#organization","name":"Informe Litoral","url":"https:\/\/informelitoral.com.ar\/","logo":{"@type":"ImageObject","inLanguage":"es","@id":"https:\/\/informelitoral.com.ar\/#\/schema\/logo\/image\/","url":"https:\/\/informelitoral.com.ar\/%77%70%2d%63%6f%6e%74%65%6e%74\/uploads\/2021\/01\/circulo.png","contentUrl":"https:\/\/informelitoral.com.ar\/%77%70%2d%63%6f%6e%74%65%6e%74\/uploads\/2021\/01\/circulo.png","width":723,"height":731,"caption":"Informe Litoral"},"image":{"@id":"https:\/\/informelitoral.com.ar\/#\/schema\/logo\/image\/"},"sameAs":["https:\/\/www.facebook.com\/informelitoral\/","https:\/\/x.com\/InformeLitoral","https:\/\/www.instagram.com\/informelitoral\/","https:\/\/www.youtube.com\/channel\/UCua4Qvz8Icb6MYqhoq9xLXw"]},{"@type":"Person","@id":"https:\/\/informelitoral.com.ar\/#\/schema\/person\/b9d00407c836482871ef1d57bf8e3180","name":"Gonzalo Schmidt","image":{"@type":"ImageObject","inLanguage":"es","@id":"https:\/\/secure.gravatar.com\/avatar\/31a1a7b66ff2de83bd0e9fd79d026630d2d99e55e8bfe501287647b4fd9743de?s=96&d=mm&r=g","url":"https:\/\/secure.gravatar.com\/avatar\/31a1a7b66ff2de83bd0e9fd79d026630d2d99e55e8bfe501287647b4fd9743de?s=96&d=mm&r=g","contentUrl":"https:\/\/secure.gravatar.com\/avatar\/31a1a7b66ff2de83bd0e9fd79d026630d2d99e55e8bfe501287647b4fd9743de?s=96&d=mm&r=g","caption":"Gonzalo Schmidt"},"description":"Sitio web de noticias de la provincia de Entre R\u00edos, Argentina. Informaci\u00f3n y entretenimiento. Informe Litoral, nos informamos.","sameAs":["http:\/\/www.isletasnoticias.com.ar"],"url":"https:\/\/informelitoral.com.ar\/author\/gonzalo\/"}]}},"_links":{"self":[{"href":"https:\/\/informelitoral.com.ar\/%77%70%2d%6a%73%6f%6e\/wp\/v2\/posts\/182587","targetHints":{"allow":["GET"]}}],"collection":[{"href":"https:\/\/informelitoral.com.ar\/%77%70%2d%6a%73%6f%6e\/wp\/v2\/posts"}],"about":[{"href":"https:\/\/informelitoral.com.ar\/%77%70%2d%6a%73%6f%6e\/wp\/v2\/types\/post"}],"author":[{"embeddable":true,"href":"https:\/\/informelitoral.com.ar\/%77%70%2d%6a%73%6f%6e\/wp\/v2\/users\/2"}],"replies":[{"embeddable":true,"href":"https:\/\/informelitoral.com.ar\/%77%70%2d%6a%73%6f%6e\/wp\/v2\/comments?post=182587"}],"version-history":[{"count":0,"href":"https:\/\/informelitoral.com.ar\/%77%70%2d%6a%73%6f%6e\/wp\/v2\/posts\/182587\/revisions"}],"wp:featuredmedia":[{"embeddable":true,"href":"https:\/\/informelitoral.com.ar\/%77%70%2d%6a%73%6f%6e\/wp\/v2\/media\/182588"}],"wp:attachment":[{"href":"https:\/\/informelitoral.com.ar\/%77%70%2d%6a%73%6f%6e\/wp\/v2\/media?parent=182587"}],"wp:term":[{"taxonomy":"category","embeddable":true,"href":"https:\/\/informelitoral.com.ar\/%77%70%2d%6a%73%6f%6e\/wp\/v2\/categories?post=182587"},{"taxonomy":"post_tag","embeddable":true,"href":"https:\/\/informelitoral.com.ar\/%77%70%2d%6a%73%6f%6e\/wp\/v2\/tags?post=182587"}],"curies":[{"name":"wp","href":"https:\/\/api.w.org\/{rel}","templated":true}]}}