{"id":18256,"date":"2016-09-17T06:32:41","date_gmt":"2016-09-17T09:32:41","guid":{"rendered":"http:\/\/www.isletasnoticias.com.ar\/?p=18256"},"modified":"2016-09-17T09:35:46","modified_gmt":"2016-09-17T12:35:46","slug":"comenzo-segunda-jornada-de-la-audiencia-por-la-tarifa-de-gas","status":"publish","type":"post","link":"https:\/\/informelitoral.com.ar\/comenzo-segunda-jornada-de-la-audiencia-por-la-tarifa-de-gas\/","title":{"rendered":"Comenz\u00f3 segunda jornada de la audiencia por la tarifa de gas"},"content":{"rendered":"<p><strong>La segunda jornada de la audiencia p\u00fablica en la que se discute el nuevo cuadro tarifario del gas comenz\u00f3 en la Usina del Arte del barrio porte\u00f1o de La Boca, con las ponencias de representantes de los sindicatos, legisladores y expertos.<a href=\"http:\/\/www.isletasnoticias.com.ar\/%77%70%2d%63%6f%6e%74%65%6e%74\/uploads\/2016\/09\/o_1474115014.jpg\"><img loading=\"lazy\" decoding=\"async\" class=\"aligncenter wp-image-18257 size-full\" src=\"http:\/\/www.isletasnoticias.com.ar\/%77%70%2d%63%6f%6e%74%65%6e%74\/uploads\/2016\/09\/o_1474115014.jpg\" alt=\"o_1474115014\" width=\"800\" height=\"450\" srcset=\"https:\/\/informelitoral.com.ar\/%77%70%2d%63%6f%6e%74%65%6e%74\/uploads\/2016\/09\/o_1474115014.jpg 800w, https:\/\/informelitoral.com.ar\/%77%70%2d%63%6f%6e%74%65%6e%74\/uploads\/2016\/09\/o_1474115014-300x169.jpg 300w, https:\/\/informelitoral.com.ar\/%77%70%2d%63%6f%6e%74%65%6e%74\/uploads\/2016\/09\/o_1474115014-768x432.jpg 768w\" sizes=\"auto, (max-width: 800px) 100vw, 800px\" \/><\/a><\/strong><\/p>\n<p>Entre los sindicatos se encuentran los de prensa, docentes, CTA, y por supuesto, los relacionados con el gas y la energ\u00eda, cuyos representantes tendr\u00e1n cinco minutos para exponer.<\/p>\n<p>Luego ser\u00e1 el turno de los legisladores nacionales, entre los que se anotaron Axel Kicillof, Federico Masso, Myriam Bregman, N\u00e9stor Pitrola, Federico Pinedo, Fernando Solanas y Eduardo Amadeo, entre otros, quien tambi\u00e9n tendr\u00e1n cinco minutos de exposici\u00f3n.<\/p>\n<p>Tambi\u00e9n est\u00e1n anotados representantes de universidades y centros de estudio sobre el tema energ\u00e9tico.<\/p>\n<p>La audiencia, que finalizar\u00e1 el domingo, se extender\u00e1 hasta las 24.<\/p>\n<p>La audiencia no es vinculante, por lo que el gobierno espera poder aprobar los nuevos cuadros tarifarios a partir de octubre, con facturas que ir\u00edan de 107 a 953 pesos mensuales seg\u00fan el nivel de consumo, ya que estar\u00e1 cumplido el paso exigido por la Corte Suprema de Justicia.<br \/>\nRepresentantes de provincias y petroleras defendieron los incrementos que, se\u00f1alaron, son \u00abnecesarios\u00bb para financiar una mayor producci\u00f3n que garantice el abastecimiento.<\/p>\n<p>El ministro de Energ\u00eda, Juan Jos\u00e9 Aranguren, arranc\u00f3 ayer planteando que habr\u00e1 \u00abaumentos graduales semestrales en los pr\u00f3ximos tres a\u00f1os\u00bb, con media hora de demora por un ins\u00f3lito corte de electricidad.<\/p>\n<p>Y confirm\u00f3 que \u00aben octubre de 2019\u00bb se habr\u00e1n eliminado los subsidios al gas, mientras puntualiz\u00f3 que subsidios representan 5.700 millones de d\u00f3lares anuales.<\/p>\n<p>Seg\u00fan reprodujo <em>Elonce.com,<\/em> en la primera jornada de la audiencia los representantes de las empresas productoras, transportadoras y distribuidoras defendiendo las rentabilidad del sistema, mientras los defensores del pueblo y dirigentes de las asociaciones de consumidores objetaron el cuadro tarifario.<\/p>\n<p>En las exposiciones el aumento del gas fue calificado de \u00abinconstitucional\u00bb, se lo consider\u00f3 \u00abimposible de pagar\u00bb y \u00abextempor\u00e1neo, por no conocerse la base del c\u00e1lculo para establecer los aumentos\u00bb, como el precio de boca de pozo y de transporte, por la mayor\u00eda de las organizaciones de defensa del consumidor.<\/p>\n","protected":false},"excerpt":{"rendered":"<p>La segunda jornada de la audiencia p&uacute;blica en la que se discute el nuevo cuadro tarifario del gas comenz&oacute; en la Usina del Arte del barrio porte&ntilde;o de La Boca, con las ponencias de representantes de los sindicatos, legisladores y expertos. Entre los sindicatos se encuentran los de prensa, docentes, CTA, y por supuesto, los [&hellip;]<\/p>\n","protected":false},"author":2,"featured_media":0,"comment_status":"open","ping_status":"open","sticky":false,"template":"","format":"standard","meta":{"fifu_image_url":"","fifu_image_alt":"","footnotes":""},"categories":[7],"tags":[],"class_list":{"0":"post-18256","1":"post","2":"type-post","3":"status-publish","4":"format-standard","6":"category-nacionales"},"yoast_head":"<title>Comenz\u00f3 segunda jornada de la audiencia por la tarifa de gas - Informe Litoral<\/title>\n<meta name=\"robots\" content=\"index, follow, max-snippet:-1, max-image-preview:large, max-video-preview:-1\" \/>\n<link rel=\"canonical\" href=\"https:\/\/informelitoral.com.ar\/comenzo-segunda-jornada-de-la-audiencia-por-la-tarifa-de-gas\/\" \/>\n<meta property=\"og:locale\" content=\"es_ES\" \/>\n<meta property=\"og:type\" content=\"article\" \/>\n<meta property=\"og:title\" content=\"Comenz\u00f3 segunda jornada de la audiencia por la tarifa de gas - Informe Litoral\" \/>\n<meta property=\"og:description\" content=\"La segunda jornada de la audiencia p&uacute;blica en la que se discute el nuevo cuadro tarifario del gas comenz&oacute; en la Usina del Arte del barrio porte&ntilde;o de La Boca, con las ponencias de representantes de los sindicatos, legisladores y expertos. Entre los sindicatos se encuentran los de prensa, docentes, CTA, y por supuesto, los [&hellip;]\" \/>\n<meta property=\"og:url\" content=\"https:\/\/informelitoral.com.ar\/comenzo-segunda-jornada-de-la-audiencia-por-la-tarifa-de-gas\/\" \/>\n<meta property=\"og:site_name\" content=\"Informe Litoral\" \/>\n<meta property=\"article:publisher\" content=\"https:\/\/www.facebook.com\/informelitoral\/\" \/>\n<meta property=\"article:published_time\" content=\"2016-09-17T09:32:41+00:00\" \/>\n<meta property=\"article:modified_time\" content=\"2016-09-17T12:35:46+00:00\" \/>\n<meta property=\"og:image\" content=\"https:\/\/informelitoral.com.ar\/%77%70%2d%63%6f%6e%74%65%6e%74\/uploads\/2016\/09\/o_1474115014.jpg\" \/>\n\t<meta property=\"og:image:width\" content=\"800\" \/>\n\t<meta property=\"og:image:height\" content=\"450\" \/>\n\t<meta property=\"og:image:type\" content=\"image\/jpeg\" \/>\n<meta name=\"author\" content=\"Gonzalo Schmidt\" \/>\n<meta name=\"twitter:card\" content=\"summary_large_image\" \/>\n<meta name=\"twitter:creator\" content=\"@InformeLitoral\" \/>\n<meta name=\"twitter:site\" content=\"@InformeLitoral\" \/>\n<meta name=\"twitter:label1\" content=\"Escrito por\" \/>\n\t<meta name=\"twitter:data1\" content=\"Gonzalo Schmidt\" \/>\n\t<meta name=\"twitter:label2\" content=\"Tiempo de lectura\" \/>\n\t<meta name=\"twitter:data2\" content=\"2 minutos\" \/>\n<script type=\"application\/ld+json\" class=\"yoast-schema-graph\">{\"@context\":\"https:\\\/\\\/schema.org\",\"@graph\":[{\"@type\":\"Article\",\"@id\":\"https:\\\/\\\/informelitoral.com.ar\\\/comenzo-segunda-jornada-de-la-audiencia-por-la-tarifa-de-gas\\\/#article\",\"isPartOf\":{\"@id\":\"https:\\\/\\\/informelitoral.com.ar\\\/comenzo-segunda-jornada-de-la-audiencia-por-la-tarifa-de-gas\\\/\"},\"author\":{\"name\":\"Gonzalo Schmidt\",\"@id\":\"https:\\\/\\\/informelitoral.com.ar\\\/#\\\/schema\\\/person\\\/b9d00407c836482871ef1d57bf8e3180\"},\"headline\":\"Comenz\u00f3 segunda jornada de la audiencia por la tarifa de gas\",\"datePublished\":\"2016-09-17T09:32:41+00:00\",\"dateModified\":\"2016-09-17T12:35:46+00:00\",\"mainEntityOfPage\":{\"@id\":\"https:\\\/\\\/informelitoral.com.ar\\\/comenzo-segunda-jornada-de-la-audiencia-por-la-tarifa-de-gas\\\/\"},\"wordCount\":378,\"commentCount\":0,\"publisher\":{\"@id\":\"https:\\\/\\\/informelitoral.com.ar\\\/#organization\"},\"image\":{\"@id\":\"https:\\\/\\\/informelitoral.com.ar\\\/comenzo-segunda-jornada-de-la-audiencia-por-la-tarifa-de-gas\\\/#primaryimage\"},\"thumbnailUrl\":\"http:\\\/\\\/www.isletasnoticias.com.ar\\\/%77%70%2d%63%6f%6e%74%65%6e%74\\\/uploads\\\/2016\\\/09\\\/o_1474115014.jpg\",\"articleSection\":[\"Nacionales\"],\"inLanguage\":\"es\",\"potentialAction\":[{\"@type\":\"CommentAction\",\"name\":\"Comment\",\"target\":[\"https:\\\/\\\/informelitoral.com.ar\\\/comenzo-segunda-jornada-de-la-audiencia-por-la-tarifa-de-gas\\\/#respond\"]}]},{\"@type\":\"WebPage\",\"@id\":\"https:\\\/\\\/informelitoral.com.ar\\\/comenzo-segunda-jornada-de-la-audiencia-por-la-tarifa-de-gas\\\/\",\"url\":\"https:\\\/\\\/informelitoral.com.ar\\\/comenzo-segunda-jornada-de-la-audiencia-por-la-tarifa-de-gas\\\/\",\"name\":\"Comenz\u00f3 segunda jornada de la audiencia por la tarifa de gas - Informe Litoral\",\"isPartOf\":{\"@id\":\"https:\\\/\\\/informelitoral.com.ar\\\/#website\"},\"primaryImageOfPage\":{\"@id\":\"https:\\\/\\\/informelitoral.com.ar\\\/comenzo-segunda-jornada-de-la-audiencia-por-la-tarifa-de-gas\\\/#primaryimage\"},\"image\":{\"@id\":\"https:\\\/\\\/informelitoral.com.ar\\\/comenzo-segunda-jornada-de-la-audiencia-por-la-tarifa-de-gas\\\/#primaryimage\"},\"thumbnailUrl\":\"http:\\\/\\\/www.isletasnoticias.com.ar\\\/%77%70%2d%63%6f%6e%74%65%6e%74\\\/uploads\\\/2016\\\/09\\\/o_1474115014.jpg\",\"datePublished\":\"2016-09-17T09:32:41+00:00\",\"dateModified\":\"2016-09-17T12:35:46+00:00\",\"breadcrumb\":{\"@id\":\"https:\\\/\\\/informelitoral.com.ar\\\/comenzo-segunda-jornada-de-la-audiencia-por-la-tarifa-de-gas\\\/#breadcrumb\"},\"inLanguage\":\"es\",\"potentialAction\":[{\"@type\":\"ReadAction\",\"target\":[\"https:\\\/\\\/informelitoral.com.ar\\\/comenzo-segunda-jornada-de-la-audiencia-por-la-tarifa-de-gas\\\/\"]}]},{\"@type\":\"ImageObject\",\"inLanguage\":\"es\",\"@id\":\"https:\\\/\\\/informelitoral.com.ar\\\/comenzo-segunda-jornada-de-la-audiencia-por-la-tarifa-de-gas\\\/#primaryimage\",\"url\":\"http:\\\/\\\/www.isletasnoticias.com.ar\\\/%77%70%2d%63%6f%6e%74%65%6e%74\\\/uploads\\\/2016\\\/09\\\/o_1474115014.jpg\",\"contentUrl\":\"http:\\\/\\\/www.isletasnoticias.com.ar\\\/%77%70%2d%63%6f%6e%74%65%6e%74\\\/uploads\\\/2016\\\/09\\\/o_1474115014.jpg\"},{\"@type\":\"BreadcrumbList\",\"@id\":\"https:\\\/\\\/informelitoral.com.ar\\\/comenzo-segunda-jornada-de-la-audiencia-por-la-tarifa-de-gas\\\/#breadcrumb\",\"itemListElement\":[{\"@type\":\"ListItem\",\"position\":1,\"name\":\"Portada\",\"item\":\"https:\\\/\\\/informelitoral.com.ar\\\/\"},{\"@type\":\"ListItem\",\"position\":2,\"name\":\"Comenz\u00f3 segunda jornada de la audiencia por la tarifa de gas\"}]},{\"@type\":\"WebSite\",\"@id\":\"https:\\\/\\\/informelitoral.com.ar\\\/#website\",\"url\":\"https:\\\/\\\/informelitoral.com.ar\\\/\",\"name\":\"Informe Litoral\",\"description\":\"&quot;Nos informamos&quot; \",\"publisher\":{\"@id\":\"https:\\\/\\\/informelitoral.com.ar\\\/#organization\"},\"potentialAction\":[{\"@type\":\"SearchAction\",\"target\":{\"@type\":\"EntryPoint\",\"urlTemplate\":\"https:\\\/\\\/informelitoral.com.ar\\\/?s={search_term_string}\"},\"query-input\":{\"@type\":\"PropertyValueSpecification\",\"valueRequired\":true,\"valueName\":\"search_term_string\"}}],\"inLanguage\":\"es\"},{\"@type\":\"Organization\",\"@id\":\"https:\\\/\\\/informelitoral.com.ar\\\/#organization\",\"name\":\"Informe Litoral\",\"url\":\"https:\\\/\\\/informelitoral.com.ar\\\/\",\"logo\":{\"@type\":\"ImageObject\",\"inLanguage\":\"es\",\"@id\":\"https:\\\/\\\/informelitoral.com.ar\\\/#\\\/schema\\\/logo\\\/image\\\/\",\"url\":\"https:\\\/\\\/informelitoral.com.ar\\\/%77%70%2d%63%6f%6e%74%65%6e%74\\\/uploads\\\/2021\\\/01\\\/circulo.png\",\"contentUrl\":\"https:\\\/\\\/informelitoral.com.ar\\\/%77%70%2d%63%6f%6e%74%65%6e%74\\\/uploads\\\/2021\\\/01\\\/circulo.png\",\"width\":723,\"height\":731,\"caption\":\"Informe Litoral\"},\"image\":{\"@id\":\"https:\\\/\\\/informelitoral.com.ar\\\/#\\\/schema\\\/logo\\\/image\\\/\"},\"sameAs\":[\"https:\\\/\\\/www.facebook.com\\\/informelitoral\\\/\",\"https:\\\/\\\/x.com\\\/InformeLitoral\",\"https:\\\/\\\/www.instagram.com\\\/informelitoral\\\/\",\"https:\\\/\\\/www.youtube.com\\\/channel\\\/UCua4Qvz8Icb6MYqhoq9xLXw\"]},{\"@type\":\"Person\",\"@id\":\"https:\\\/\\\/informelitoral.com.ar\\\/#\\\/schema\\\/person\\\/b9d00407c836482871ef1d57bf8e3180\",\"name\":\"Gonzalo Schmidt\",\"image\":{\"@type\":\"ImageObject\",\"inLanguage\":\"es\",\"@id\":\"https:\\\/\\\/secure.gravatar.com\\\/avatar\\\/31a1a7b66ff2de83bd0e9fd79d026630d2d99e55e8bfe501287647b4fd9743de?s=96&d=mm&r=g\",\"url\":\"https:\\\/\\\/secure.gravatar.com\\\/avatar\\\/31a1a7b66ff2de83bd0e9fd79d026630d2d99e55e8bfe501287647b4fd9743de?s=96&d=mm&r=g\",\"contentUrl\":\"https:\\\/\\\/secure.gravatar.com\\\/avatar\\\/31a1a7b66ff2de83bd0e9fd79d026630d2d99e55e8bfe501287647b4fd9743de?s=96&d=mm&r=g\",\"caption\":\"Gonzalo Schmidt\"},\"description\":\"Sitio web de noticias de la provincia de Entre R\u00edos, Argentina. Informaci\u00f3n y entretenimiento. Informe Litoral, nos informamos.\",\"sameAs\":[\"http:\\\/\\\/www.isletasnoticias.com.ar\"],\"url\":\"https:\\\/\\\/informelitoral.com.ar\\\/author\\\/gonzalo\\\/\"}]}<\/script>","yoast_head_json":{"title":"Comenz\u00f3 segunda jornada de la audiencia por la tarifa de gas - Informe Litoral","robots":{"index":"index","follow":"follow","max-snippet":"max-snippet:-1","max-image-preview":"max-image-preview:large","max-video-preview":"max-video-preview:-1"},"canonical":"https:\/\/informelitoral.com.ar\/comenzo-segunda-jornada-de-la-audiencia-por-la-tarifa-de-gas\/","og_locale":"es_ES","og_type":"article","og_title":"Comenz\u00f3 segunda jornada de la audiencia por la tarifa de gas - Informe Litoral","og_description":"La segunda jornada de la audiencia p&uacute;blica en la que se discute el nuevo cuadro tarifario del gas comenz&oacute; en la Usina del Arte del barrio porte&ntilde;o de La Boca, con las ponencias de representantes de los sindicatos, legisladores y expertos. Entre los sindicatos se encuentran los de prensa, docentes, CTA, y por supuesto, los [&hellip;]","og_url":"https:\/\/informelitoral.com.ar\/comenzo-segunda-jornada-de-la-audiencia-por-la-tarifa-de-gas\/","og_site_name":"Informe Litoral","article_publisher":"https:\/\/www.facebook.com\/informelitoral\/","article_published_time":"2016-09-17T09:32:41+00:00","article_modified_time":"2016-09-17T12:35:46+00:00","og_image":[{"width":800,"height":450,"url":"https:\/\/informelitoral.com.ar\/%77%70%2d%63%6f%6e%74%65%6e%74\/uploads\/2016\/09\/o_1474115014.jpg","type":"image\/jpeg"}],"author":"Gonzalo Schmidt","twitter_card":"summary_large_image","twitter_creator":"@InformeLitoral","twitter_site":"@InformeLitoral","twitter_misc":{"Escrito por":"Gonzalo Schmidt","Tiempo de lectura":"2 minutos"},"schema":{"@context":"https:\/\/schema.org","@graph":[{"@type":"Article","@id":"https:\/\/informelitoral.com.ar\/comenzo-segunda-jornada-de-la-audiencia-por-la-tarifa-de-gas\/#article","isPartOf":{"@id":"https:\/\/informelitoral.com.ar\/comenzo-segunda-jornada-de-la-audiencia-por-la-tarifa-de-gas\/"},"author":{"name":"Gonzalo Schmidt","@id":"https:\/\/informelitoral.com.ar\/#\/schema\/person\/b9d00407c836482871ef1d57bf8e3180"},"headline":"Comenz\u00f3 segunda jornada de la audiencia por la tarifa de gas","datePublished":"2016-09-17T09:32:41+00:00","dateModified":"2016-09-17T12:35:46+00:00","mainEntityOfPage":{"@id":"https:\/\/informelitoral.com.ar\/comenzo-segunda-jornada-de-la-audiencia-por-la-tarifa-de-gas\/"},"wordCount":378,"commentCount":0,"publisher":{"@id":"https:\/\/informelitoral.com.ar\/#organization"},"image":{"@id":"https:\/\/informelitoral.com.ar\/comenzo-segunda-jornada-de-la-audiencia-por-la-tarifa-de-gas\/#primaryimage"},"thumbnailUrl":"http:\/\/www.isletasnoticias.com.ar\/%77%70%2d%63%6f%6e%74%65%6e%74\/uploads\/2016\/09\/o_1474115014.jpg","articleSection":["Nacionales"],"inLanguage":"es","potentialAction":[{"@type":"CommentAction","name":"Comment","target":["https:\/\/informelitoral.com.ar\/comenzo-segunda-jornada-de-la-audiencia-por-la-tarifa-de-gas\/#respond"]}]},{"@type":"WebPage","@id":"https:\/\/informelitoral.com.ar\/comenzo-segunda-jornada-de-la-audiencia-por-la-tarifa-de-gas\/","url":"https:\/\/informelitoral.com.ar\/comenzo-segunda-jornada-de-la-audiencia-por-la-tarifa-de-gas\/","name":"Comenz\u00f3 segunda jornada de la audiencia por la tarifa de gas - Informe Litoral","isPartOf":{"@id":"https:\/\/informelitoral.com.ar\/#website"},"primaryImageOfPage":{"@id":"https:\/\/informelitoral.com.ar\/comenzo-segunda-jornada-de-la-audiencia-por-la-tarifa-de-gas\/#primaryimage"},"image":{"@id":"https:\/\/informelitoral.com.ar\/comenzo-segunda-jornada-de-la-audiencia-por-la-tarifa-de-gas\/#primaryimage"},"thumbnailUrl":"http:\/\/www.isletasnoticias.com.ar\/%77%70%2d%63%6f%6e%74%65%6e%74\/uploads\/2016\/09\/o_1474115014.jpg","datePublished":"2016-09-17T09:32:41+00:00","dateModified":"2016-09-17T12:35:46+00:00","breadcrumb":{"@id":"https:\/\/informelitoral.com.ar\/comenzo-segunda-jornada-de-la-audiencia-por-la-tarifa-de-gas\/#breadcrumb"},"inLanguage":"es","potentialAction":[{"@type":"ReadAction","target":["https:\/\/informelitoral.com.ar\/comenzo-segunda-jornada-de-la-audiencia-por-la-tarifa-de-gas\/"]}]},{"@type":"ImageObject","inLanguage":"es","@id":"https:\/\/informelitoral.com.ar\/comenzo-segunda-jornada-de-la-audiencia-por-la-tarifa-de-gas\/#primaryimage","url":"http:\/\/www.isletasnoticias.com.ar\/%77%70%2d%63%6f%6e%74%65%6e%74\/uploads\/2016\/09\/o_1474115014.jpg","contentUrl":"http:\/\/www.isletasnoticias.com.ar\/%77%70%2d%63%6f%6e%74%65%6e%74\/uploads\/2016\/09\/o_1474115014.jpg"},{"@type":"BreadcrumbList","@id":"https:\/\/informelitoral.com.ar\/comenzo-segunda-jornada-de-la-audiencia-por-la-tarifa-de-gas\/#breadcrumb","itemListElement":[{"@type":"ListItem","position":1,"name":"Portada","item":"https:\/\/informelitoral.com.ar\/"},{"@type":"ListItem","position":2,"name":"Comenz\u00f3 segunda jornada de la audiencia por la tarifa de gas"}]},{"@type":"WebSite","@id":"https:\/\/informelitoral.com.ar\/#website","url":"https:\/\/informelitoral.com.ar\/","name":"Informe Litoral","description":"&quot;Nos informamos&quot; ","publisher":{"@id":"https:\/\/informelitoral.com.ar\/#organization"},"potentialAction":[{"@type":"SearchAction","target":{"@type":"EntryPoint","urlTemplate":"https:\/\/informelitoral.com.ar\/?s={search_term_string}"},"query-input":{"@type":"PropertyValueSpecification","valueRequired":true,"valueName":"search_term_string"}}],"inLanguage":"es"},{"@type":"Organization","@id":"https:\/\/informelitoral.com.ar\/#organization","name":"Informe Litoral","url":"https:\/\/informelitoral.com.ar\/","logo":{"@type":"ImageObject","inLanguage":"es","@id":"https:\/\/informelitoral.com.ar\/#\/schema\/logo\/image\/","url":"https:\/\/informelitoral.com.ar\/%77%70%2d%63%6f%6e%74%65%6e%74\/uploads\/2021\/01\/circulo.png","contentUrl":"https:\/\/informelitoral.com.ar\/%77%70%2d%63%6f%6e%74%65%6e%74\/uploads\/2021\/01\/circulo.png","width":723,"height":731,"caption":"Informe Litoral"},"image":{"@id":"https:\/\/informelitoral.com.ar\/#\/schema\/logo\/image\/"},"sameAs":["https:\/\/www.facebook.com\/informelitoral\/","https:\/\/x.com\/InformeLitoral","https:\/\/www.instagram.com\/informelitoral\/","https:\/\/www.youtube.com\/channel\/UCua4Qvz8Icb6MYqhoq9xLXw"]},{"@type":"Person","@id":"https:\/\/informelitoral.com.ar\/#\/schema\/person\/b9d00407c836482871ef1d57bf8e3180","name":"Gonzalo Schmidt","image":{"@type":"ImageObject","inLanguage":"es","@id":"https:\/\/secure.gravatar.com\/avatar\/31a1a7b66ff2de83bd0e9fd79d026630d2d99e55e8bfe501287647b4fd9743de?s=96&d=mm&r=g","url":"https:\/\/secure.gravatar.com\/avatar\/31a1a7b66ff2de83bd0e9fd79d026630d2d99e55e8bfe501287647b4fd9743de?s=96&d=mm&r=g","contentUrl":"https:\/\/secure.gravatar.com\/avatar\/31a1a7b66ff2de83bd0e9fd79d026630d2d99e55e8bfe501287647b4fd9743de?s=96&d=mm&r=g","caption":"Gonzalo Schmidt"},"description":"Sitio web de noticias de la provincia de Entre R\u00edos, Argentina. Informaci\u00f3n y entretenimiento. Informe Litoral, nos informamos.","sameAs":["http:\/\/www.isletasnoticias.com.ar"],"url":"https:\/\/informelitoral.com.ar\/author\/gonzalo\/"}]}},"_links":{"self":[{"href":"https:\/\/informelitoral.com.ar\/%77%70%2d%6a%73%6f%6e\/wp\/v2\/posts\/18256","targetHints":{"allow":["GET"]}}],"collection":[{"href":"https:\/\/informelitoral.com.ar\/%77%70%2d%6a%73%6f%6e\/wp\/v2\/posts"}],"about":[{"href":"https:\/\/informelitoral.com.ar\/%77%70%2d%6a%73%6f%6e\/wp\/v2\/types\/post"}],"author":[{"embeddable":true,"href":"https:\/\/informelitoral.com.ar\/%77%70%2d%6a%73%6f%6e\/wp\/v2\/users\/2"}],"replies":[{"embeddable":true,"href":"https:\/\/informelitoral.com.ar\/%77%70%2d%6a%73%6f%6e\/wp\/v2\/comments?post=18256"}],"version-history":[{"count":0,"href":"https:\/\/informelitoral.com.ar\/%77%70%2d%6a%73%6f%6e\/wp\/v2\/posts\/18256\/revisions"}],"wp:attachment":[{"href":"https:\/\/informelitoral.com.ar\/%77%70%2d%6a%73%6f%6e\/wp\/v2\/media?parent=18256"}],"wp:term":[{"taxonomy":"category","embeddable":true,"href":"https:\/\/informelitoral.com.ar\/%77%70%2d%6a%73%6f%6e\/wp\/v2\/categories?post=18256"},{"taxonomy":"post_tag","embeddable":true,"href":"https:\/\/informelitoral.com.ar\/%77%70%2d%6a%73%6f%6e\/wp\/v2\/tags?post=18256"}],"curies":[{"name":"wp","href":"https:\/\/api.w.org\/{rel}","templated":true}]}}