{"id":18251,"date":"2016-09-17T09:27:21","date_gmt":"2016-09-17T12:27:21","guid":{"rendered":"http:\/\/www.isletasnoticias.com.ar\/?p=18251"},"modified":"2016-09-17T09:27:21","modified_gmt":"2016-09-17T12:27:21","slug":"ramirez-avanzan-los-acuerdos-para-ampliar-el-area-industrial","status":"publish","type":"post","link":"https:\/\/informelitoral.com.ar\/ramirez-avanzan-los-acuerdos-para-ampliar-el-area-industrial\/","title":{"rendered":"Ram\u00edrez: avanzan los acuerdos para ampliar el \u00c1rea Industrial"},"content":{"rendered":"<p><strong>Se realiz\u00f3 una nueva reuni\u00f3n informativa entre autoridades municipales y empresarios de esa ciudad del departamento Diamante. El objetivo es incorporar un predio del Nuevo Banco de Entre R\u00edos al Parque Industrial. Hay alrededor de 16 emprendedores interesados.\u00a0<a href=\"http:\/\/www.isletasnoticias.com.ar\/%77%70%2d%63%6f%6e%74%65%6e%74\/uploads\/2016\/09\/Parque-Industrial-2.jpg\"><img loading=\"lazy\" decoding=\"async\" class=\"aligncenter wp-image-18253 size-full\" src=\"http:\/\/www.isletasnoticias.com.ar\/%77%70%2d%63%6f%6e%74%65%6e%74\/uploads\/2016\/09\/Parque-Industrial-2.jpg\" alt=\"parque-industrial-2\" width=\"960\" height=\"638\" srcset=\"https:\/\/informelitoral.com.ar\/%77%70%2d%63%6f%6e%74%65%6e%74\/uploads\/2016\/09\/Parque-Industrial-2.jpg 960w, https:\/\/informelitoral.com.ar\/%77%70%2d%63%6f%6e%74%65%6e%74\/uploads\/2016\/09\/Parque-Industrial-2-300x199.jpg 300w, https:\/\/informelitoral.com.ar\/%77%70%2d%63%6f%6e%74%65%6e%74\/uploads\/2016\/09\/Parque-Industrial-2-768x510.jpg 768w\" sizes=\"auto, (max-width: 960px) 100vw, 960px\" \/><\/a><\/strong><\/p>\n<p>De cara a la ampliaci\u00f3n del \u00c1rea Industrial de General Ram\u00edrez, d\u00edas atr\u00e1s se llev\u00f3 a cabo la segunda reuni\u00f3n informativa con los interesados en adquirir parcelas. En dicha oportunidad se dio a conocer la intenci\u00f3n fehaciente de venta del Nuevo Banco de Entre R\u00edos y el precio total del predio que asciende a casi $ 10.000.000.<a href=\"http:\/\/www.isletasnoticias.com.ar\/%77%70%2d%63%6f%6e%74%65%6e%74\/uploads\/2016\/09\/Parque-Industrial2-1.jpg\"><img loading=\"lazy\" decoding=\"async\" class=\"size-medium wp-image-18252 alignright\" src=\"http:\/\/www.isletasnoticias.com.ar\/%77%70%2d%63%6f%6e%74%65%6e%74\/uploads\/2016\/09\/Parque-Industrial2-1-300x199.jpg\" alt=\"parque-industrial2-1\" width=\"300\" height=\"199\" srcset=\"https:\/\/informelitoral.com.ar\/%77%70%2d%63%6f%6e%74%65%6e%74\/uploads\/2016\/09\/Parque-Industrial2-1-300x199.jpg 300w, https:\/\/informelitoral.com.ar\/%77%70%2d%63%6f%6e%74%65%6e%74\/uploads\/2016\/09\/Parque-Industrial2-1-768x510.jpg 768w, https:\/\/informelitoral.com.ar\/%77%70%2d%63%6f%6e%74%65%6e%74\/uploads\/2016\/09\/Parque-Industrial2-1.jpg 960w\" sizes=\"auto, (max-width: 300px) 100vw, 300px\" \/><\/a><\/p>\n<p>Seg\u00fan un texto enviado a <em><strong>IN<\/strong><\/em> por parte del municipio, \u00abel balance de la reuni\u00f3n fue m\u00e1s que positivo, hasta el momento hay alrededor de 16 interesados en radicarse en el nuevo predio y hubo muy buena pr<span class=\"x_text_exposed_show\">edisposici\u00f3n de los empresarios presentes. Tambi\u00e9n es de resaltar el gran inter\u00e9s manifestado por el gobernador Gustavo Bordet, con quien nos reuniremos en las pr\u00f3ximas semanas para comentar los avances en las gestiones\u00bb, adelantaron.<\/span><\/p>\n<div class=\"x_text_exposed_show\">\n<p>En ese sentido desde la gesti\u00f3n de la Alianza Ramirense destacaron que \u00abla concreci\u00f3n de este proyecto ser\u00e1 beneficiosa para todos ya que se generar\u00e1n nuevos puestos de trabajo\u00bb.<\/p>\n<p>Pr\u00f3ximamente se realizar\u00e1 una nueva reuni\u00f3n para quienes deseen estar presente con su emprendimiento.<\/p>\n<p>En el encuentro estuvieron presentes el presidente municipal, <strong>Gustavo Vergara<\/strong>; acompa\u00f1ado por el presidente del Centro Comercial, <strong>Jorge Masutti<\/strong>; el vicepresidente municipal, <strong>Roberto Riffel<\/strong>; el secretario de Gobierno, <strong>Pablo Omarini<\/strong>; la secretaria de Relaciones con la Comunidad,\u00a0<strong>Flavia Pamberger;<\/strong>\u00a0el director de Ingresos P\u00fablicos, <strong>Pablo Rode<\/strong> y concejales.<\/p>\n<\/div>\n","protected":false},"excerpt":{"rendered":"<p>Se realiz&oacute; una nueva reuni&oacute;n informativa entre autoridades municipales y empresarios de esa ciudad del departamento Diamante. El objetivo es incorporar un predio del Nuevo Banco de Entre R&iacute;os al Parque Industrial. Hay alrededor de 16 emprendedores interesados.&nbsp; De cara a la ampliaci&oacute;n del &Aacute;rea Industrial de General Ram&iacute;rez, d&iacute;as atr&aacute;s se llev&oacute; a cabo [&hellip;]<\/p>\n","protected":false},"author":2,"featured_media":0,"comment_status":"open","ping_status":"open","sticky":false,"template":"","format":"standard","meta":{"fifu_image_url":"","fifu_image_alt":"","footnotes":""},"categories":[5],"tags":[],"class_list":{"0":"post-18251","1":"post","2":"type-post","3":"status-publish","4":"format-standard","6":"category-zonales"},"yoast_head":"<title>Ram\u00edrez: avanzan los acuerdos para ampliar el \u00c1rea Industrial - Informe Litoral<\/title>\n<meta name=\"robots\" content=\"index, follow, max-snippet:-1, max-image-preview:large, max-video-preview:-1\" \/>\n<link rel=\"canonical\" href=\"https:\/\/informelitoral.com.ar\/ramirez-avanzan-los-acuerdos-para-ampliar-el-area-industrial\/\" \/>\n<meta property=\"og:locale\" content=\"es_ES\" \/>\n<meta property=\"og:type\" content=\"article\" \/>\n<meta property=\"og:title\" content=\"Ram\u00edrez: avanzan los acuerdos para ampliar el \u00c1rea Industrial - Informe Litoral\" \/>\n<meta property=\"og:description\" content=\"Se realiz&oacute; una nueva reuni&oacute;n informativa entre autoridades municipales y empresarios de esa ciudad del departamento Diamante. El objetivo es incorporar un predio del Nuevo Banco de Entre R&iacute;os al Parque Industrial. Hay alrededor de 16 emprendedores interesados.&nbsp; De cara a la ampliaci&oacute;n del &Aacute;rea Industrial de General Ram&iacute;rez, d&iacute;as atr&aacute;s se llev&oacute; a cabo [&hellip;]\" \/>\n<meta property=\"og:url\" content=\"https:\/\/informelitoral.com.ar\/ramirez-avanzan-los-acuerdos-para-ampliar-el-area-industrial\/\" \/>\n<meta property=\"og:site_name\" content=\"Informe Litoral\" \/>\n<meta property=\"article:publisher\" content=\"https:\/\/www.facebook.com\/informelitoral\/\" \/>\n<meta property=\"article:published_time\" content=\"2016-09-17T12:27:21+00:00\" \/>\n<meta property=\"og:image\" content=\"https:\/\/informelitoral.com.ar\/%77%70%2d%63%6f%6e%74%65%6e%74\/uploads\/2016\/09\/Parque-Industrial-2.jpg\" \/>\n\t<meta property=\"og:image:width\" content=\"960\" \/>\n\t<meta property=\"og:image:height\" content=\"638\" \/>\n\t<meta property=\"og:image:type\" content=\"image\/jpeg\" \/>\n<meta name=\"author\" content=\"Gonzalo Schmidt\" \/>\n<meta name=\"twitter:card\" content=\"summary_large_image\" \/>\n<meta name=\"twitter:creator\" content=\"@InformeLitoral\" \/>\n<meta name=\"twitter:site\" content=\"@InformeLitoral\" \/>\n<meta name=\"twitter:label1\" content=\"Escrito por\" \/>\n\t<meta name=\"twitter:data1\" content=\"Gonzalo Schmidt\" \/>\n\t<meta name=\"twitter:label2\" content=\"Tiempo de lectura\" \/>\n\t<meta name=\"twitter:data2\" content=\"1 minuto\" \/>\n<script type=\"application\/ld+json\" class=\"yoast-schema-graph\">{\"@context\":\"https:\\\/\\\/schema.org\",\"@graph\":[{\"@type\":\"Article\",\"@id\":\"https:\\\/\\\/informelitoral.com.ar\\\/ramirez-avanzan-los-acuerdos-para-ampliar-el-area-industrial\\\/#article\",\"isPartOf\":{\"@id\":\"https:\\\/\\\/informelitoral.com.ar\\\/ramirez-avanzan-los-acuerdos-para-ampliar-el-area-industrial\\\/\"},\"author\":{\"name\":\"Gonzalo Schmidt\",\"@id\":\"https:\\\/\\\/informelitoral.com.ar\\\/#\\\/schema\\\/person\\\/b9d00407c836482871ef1d57bf8e3180\"},\"headline\":\"Ram\u00edrez: avanzan los acuerdos para ampliar el \u00c1rea Industrial\",\"datePublished\":\"2016-09-17T12:27:21+00:00\",\"mainEntityOfPage\":{\"@id\":\"https:\\\/\\\/informelitoral.com.ar\\\/ramirez-avanzan-los-acuerdos-para-ampliar-el-area-industrial\\\/\"},\"wordCount\":286,\"commentCount\":0,\"publisher\":{\"@id\":\"https:\\\/\\\/informelitoral.com.ar\\\/#organization\"},\"image\":{\"@id\":\"https:\\\/\\\/informelitoral.com.ar\\\/ramirez-avanzan-los-acuerdos-para-ampliar-el-area-industrial\\\/#primaryimage\"},\"thumbnailUrl\":\"http:\\\/\\\/www.isletasnoticias.com.ar\\\/%77%70%2d%63%6f%6e%74%65%6e%74\\\/uploads\\\/2016\\\/09\\\/Parque-Industrial-2.jpg\",\"articleSection\":[\"Departamento Diamante\"],\"inLanguage\":\"es\",\"potentialAction\":[{\"@type\":\"CommentAction\",\"name\":\"Comment\",\"target\":[\"https:\\\/\\\/informelitoral.com.ar\\\/ramirez-avanzan-los-acuerdos-para-ampliar-el-area-industrial\\\/#respond\"]}]},{\"@type\":\"WebPage\",\"@id\":\"https:\\\/\\\/informelitoral.com.ar\\\/ramirez-avanzan-los-acuerdos-para-ampliar-el-area-industrial\\\/\",\"url\":\"https:\\\/\\\/informelitoral.com.ar\\\/ramirez-avanzan-los-acuerdos-para-ampliar-el-area-industrial\\\/\",\"name\":\"Ram\u00edrez: avanzan los acuerdos para ampliar el \u00c1rea Industrial - Informe Litoral\",\"isPartOf\":{\"@id\":\"https:\\\/\\\/informelitoral.com.ar\\\/#website\"},\"primaryImageOfPage\":{\"@id\":\"https:\\\/\\\/informelitoral.com.ar\\\/ramirez-avanzan-los-acuerdos-para-ampliar-el-area-industrial\\\/#primaryimage\"},\"image\":{\"@id\":\"https:\\\/\\\/informelitoral.com.ar\\\/ramirez-avanzan-los-acuerdos-para-ampliar-el-area-industrial\\\/#primaryimage\"},\"thumbnailUrl\":\"http:\\\/\\\/www.isletasnoticias.com.ar\\\/%77%70%2d%63%6f%6e%74%65%6e%74\\\/uploads\\\/2016\\\/09\\\/Parque-Industrial-2.jpg\",\"datePublished\":\"2016-09-17T12:27:21+00:00\",\"breadcrumb\":{\"@id\":\"https:\\\/\\\/informelitoral.com.ar\\\/ramirez-avanzan-los-acuerdos-para-ampliar-el-area-industrial\\\/#breadcrumb\"},\"inLanguage\":\"es\",\"potentialAction\":[{\"@type\":\"ReadAction\",\"target\":[\"https:\\\/\\\/informelitoral.com.ar\\\/ramirez-avanzan-los-acuerdos-para-ampliar-el-area-industrial\\\/\"]}]},{\"@type\":\"ImageObject\",\"inLanguage\":\"es\",\"@id\":\"https:\\\/\\\/informelitoral.com.ar\\\/ramirez-avanzan-los-acuerdos-para-ampliar-el-area-industrial\\\/#primaryimage\",\"url\":\"http:\\\/\\\/www.isletasnoticias.com.ar\\\/%77%70%2d%63%6f%6e%74%65%6e%74\\\/uploads\\\/2016\\\/09\\\/Parque-Industrial-2.jpg\",\"contentUrl\":\"http:\\\/\\\/www.isletasnoticias.com.ar\\\/%77%70%2d%63%6f%6e%74%65%6e%74\\\/uploads\\\/2016\\\/09\\\/Parque-Industrial-2.jpg\"},{\"@type\":\"BreadcrumbList\",\"@id\":\"https:\\\/\\\/informelitoral.com.ar\\\/ramirez-avanzan-los-acuerdos-para-ampliar-el-area-industrial\\\/#breadcrumb\",\"itemListElement\":[{\"@type\":\"ListItem\",\"position\":1,\"name\":\"Portada\",\"item\":\"https:\\\/\\\/informelitoral.com.ar\\\/\"},{\"@type\":\"ListItem\",\"position\":2,\"name\":\"Ram\u00edrez: avanzan los acuerdos para ampliar el \u00c1rea Industrial\"}]},{\"@type\":\"WebSite\",\"@id\":\"https:\\\/\\\/informelitoral.com.ar\\\/#website\",\"url\":\"https:\\\/\\\/informelitoral.com.ar\\\/\",\"name\":\"Informe Litoral\",\"description\":\"&quot;Nos informamos&quot; \",\"publisher\":{\"@id\":\"https:\\\/\\\/informelitoral.com.ar\\\/#organization\"},\"potentialAction\":[{\"@type\":\"SearchAction\",\"target\":{\"@type\":\"EntryPoint\",\"urlTemplate\":\"https:\\\/\\\/informelitoral.com.ar\\\/?s={search_term_string}\"},\"query-input\":{\"@type\":\"PropertyValueSpecification\",\"valueRequired\":true,\"valueName\":\"search_term_string\"}}],\"inLanguage\":\"es\"},{\"@type\":\"Organization\",\"@id\":\"https:\\\/\\\/informelitoral.com.ar\\\/#organization\",\"name\":\"Informe Litoral\",\"url\":\"https:\\\/\\\/informelitoral.com.ar\\\/\",\"logo\":{\"@type\":\"ImageObject\",\"inLanguage\":\"es\",\"@id\":\"https:\\\/\\\/informelitoral.com.ar\\\/#\\\/schema\\\/logo\\\/image\\\/\",\"url\":\"https:\\\/\\\/informelitoral.com.ar\\\/%77%70%2d%63%6f%6e%74%65%6e%74\\\/uploads\\\/2021\\\/01\\\/circulo.png\",\"contentUrl\":\"https:\\\/\\\/informelitoral.com.ar\\\/%77%70%2d%63%6f%6e%74%65%6e%74\\\/uploads\\\/2021\\\/01\\\/circulo.png\",\"width\":723,\"height\":731,\"caption\":\"Informe Litoral\"},\"image\":{\"@id\":\"https:\\\/\\\/informelitoral.com.ar\\\/#\\\/schema\\\/logo\\\/image\\\/\"},\"sameAs\":[\"https:\\\/\\\/www.facebook.com\\\/informelitoral\\\/\",\"https:\\\/\\\/x.com\\\/InformeLitoral\",\"https:\\\/\\\/www.instagram.com\\\/informelitoral\\\/\",\"https:\\\/\\\/www.youtube.com\\\/channel\\\/UCua4Qvz8Icb6MYqhoq9xLXw\"]},{\"@type\":\"Person\",\"@id\":\"https:\\\/\\\/informelitoral.com.ar\\\/#\\\/schema\\\/person\\\/b9d00407c836482871ef1d57bf8e3180\",\"name\":\"Gonzalo Schmidt\",\"image\":{\"@type\":\"ImageObject\",\"inLanguage\":\"es\",\"@id\":\"https:\\\/\\\/secure.gravatar.com\\\/avatar\\\/31a1a7b66ff2de83bd0e9fd79d026630d2d99e55e8bfe501287647b4fd9743de?s=96&d=mm&r=g\",\"url\":\"https:\\\/\\\/secure.gravatar.com\\\/avatar\\\/31a1a7b66ff2de83bd0e9fd79d026630d2d99e55e8bfe501287647b4fd9743de?s=96&d=mm&r=g\",\"contentUrl\":\"https:\\\/\\\/secure.gravatar.com\\\/avatar\\\/31a1a7b66ff2de83bd0e9fd79d026630d2d99e55e8bfe501287647b4fd9743de?s=96&d=mm&r=g\",\"caption\":\"Gonzalo Schmidt\"},\"description\":\"Sitio web de noticias de la provincia de Entre R\u00edos, Argentina. Informaci\u00f3n y entretenimiento. Informe Litoral, nos informamos.\",\"sameAs\":[\"http:\\\/\\\/www.isletasnoticias.com.ar\"],\"url\":\"https:\\\/\\\/informelitoral.com.ar\\\/author\\\/gonzalo\\\/\"}]}<\/script>","yoast_head_json":{"title":"Ram\u00edrez: avanzan los acuerdos para ampliar el \u00c1rea Industrial - Informe Litoral","robots":{"index":"index","follow":"follow","max-snippet":"max-snippet:-1","max-image-preview":"max-image-preview:large","max-video-preview":"max-video-preview:-1"},"canonical":"https:\/\/informelitoral.com.ar\/ramirez-avanzan-los-acuerdos-para-ampliar-el-area-industrial\/","og_locale":"es_ES","og_type":"article","og_title":"Ram\u00edrez: avanzan los acuerdos para ampliar el \u00c1rea Industrial - Informe Litoral","og_description":"Se realiz&oacute; una nueva reuni&oacute;n informativa entre autoridades municipales y empresarios de esa ciudad del departamento Diamante. El objetivo es incorporar un predio del Nuevo Banco de Entre R&iacute;os al Parque Industrial. Hay alrededor de 16 emprendedores interesados.&nbsp; De cara a la ampliaci&oacute;n del &Aacute;rea Industrial de General Ram&iacute;rez, d&iacute;as atr&aacute;s se llev&oacute; a cabo [&hellip;]","og_url":"https:\/\/informelitoral.com.ar\/ramirez-avanzan-los-acuerdos-para-ampliar-el-area-industrial\/","og_site_name":"Informe Litoral","article_publisher":"https:\/\/www.facebook.com\/informelitoral\/","article_published_time":"2016-09-17T12:27:21+00:00","og_image":[{"width":960,"height":638,"url":"https:\/\/informelitoral.com.ar\/%77%70%2d%63%6f%6e%74%65%6e%74\/uploads\/2016\/09\/Parque-Industrial-2.jpg","type":"image\/jpeg"}],"author":"Gonzalo Schmidt","twitter_card":"summary_large_image","twitter_creator":"@InformeLitoral","twitter_site":"@InformeLitoral","twitter_misc":{"Escrito por":"Gonzalo Schmidt","Tiempo de lectura":"1 minuto"},"schema":{"@context":"https:\/\/schema.org","@graph":[{"@type":"Article","@id":"https:\/\/informelitoral.com.ar\/ramirez-avanzan-los-acuerdos-para-ampliar-el-area-industrial\/#article","isPartOf":{"@id":"https:\/\/informelitoral.com.ar\/ramirez-avanzan-los-acuerdos-para-ampliar-el-area-industrial\/"},"author":{"name":"Gonzalo Schmidt","@id":"https:\/\/informelitoral.com.ar\/#\/schema\/person\/b9d00407c836482871ef1d57bf8e3180"},"headline":"Ram\u00edrez: avanzan los acuerdos para ampliar el \u00c1rea Industrial","datePublished":"2016-09-17T12:27:21+00:00","mainEntityOfPage":{"@id":"https:\/\/informelitoral.com.ar\/ramirez-avanzan-los-acuerdos-para-ampliar-el-area-industrial\/"},"wordCount":286,"commentCount":0,"publisher":{"@id":"https:\/\/informelitoral.com.ar\/#organization"},"image":{"@id":"https:\/\/informelitoral.com.ar\/ramirez-avanzan-los-acuerdos-para-ampliar-el-area-industrial\/#primaryimage"},"thumbnailUrl":"http:\/\/www.isletasnoticias.com.ar\/%77%70%2d%63%6f%6e%74%65%6e%74\/uploads\/2016\/09\/Parque-Industrial-2.jpg","articleSection":["Departamento Diamante"],"inLanguage":"es","potentialAction":[{"@type":"CommentAction","name":"Comment","target":["https:\/\/informelitoral.com.ar\/ramirez-avanzan-los-acuerdos-para-ampliar-el-area-industrial\/#respond"]}]},{"@type":"WebPage","@id":"https:\/\/informelitoral.com.ar\/ramirez-avanzan-los-acuerdos-para-ampliar-el-area-industrial\/","url":"https:\/\/informelitoral.com.ar\/ramirez-avanzan-los-acuerdos-para-ampliar-el-area-industrial\/","name":"Ram\u00edrez: avanzan los acuerdos para ampliar el \u00c1rea Industrial - Informe Litoral","isPartOf":{"@id":"https:\/\/informelitoral.com.ar\/#website"},"primaryImageOfPage":{"@id":"https:\/\/informelitoral.com.ar\/ramirez-avanzan-los-acuerdos-para-ampliar-el-area-industrial\/#primaryimage"},"image":{"@id":"https:\/\/informelitoral.com.ar\/ramirez-avanzan-los-acuerdos-para-ampliar-el-area-industrial\/#primaryimage"},"thumbnailUrl":"http:\/\/www.isletasnoticias.com.ar\/%77%70%2d%63%6f%6e%74%65%6e%74\/uploads\/2016\/09\/Parque-Industrial-2.jpg","datePublished":"2016-09-17T12:27:21+00:00","breadcrumb":{"@id":"https:\/\/informelitoral.com.ar\/ramirez-avanzan-los-acuerdos-para-ampliar-el-area-industrial\/#breadcrumb"},"inLanguage":"es","potentialAction":[{"@type":"ReadAction","target":["https:\/\/informelitoral.com.ar\/ramirez-avanzan-los-acuerdos-para-ampliar-el-area-industrial\/"]}]},{"@type":"ImageObject","inLanguage":"es","@id":"https:\/\/informelitoral.com.ar\/ramirez-avanzan-los-acuerdos-para-ampliar-el-area-industrial\/#primaryimage","url":"http:\/\/www.isletasnoticias.com.ar\/%77%70%2d%63%6f%6e%74%65%6e%74\/uploads\/2016\/09\/Parque-Industrial-2.jpg","contentUrl":"http:\/\/www.isletasnoticias.com.ar\/%77%70%2d%63%6f%6e%74%65%6e%74\/uploads\/2016\/09\/Parque-Industrial-2.jpg"},{"@type":"BreadcrumbList","@id":"https:\/\/informelitoral.com.ar\/ramirez-avanzan-los-acuerdos-para-ampliar-el-area-industrial\/#breadcrumb","itemListElement":[{"@type":"ListItem","position":1,"name":"Portada","item":"https:\/\/informelitoral.com.ar\/"},{"@type":"ListItem","position":2,"name":"Ram\u00edrez: avanzan los acuerdos para ampliar el \u00c1rea Industrial"}]},{"@type":"WebSite","@id":"https:\/\/informelitoral.com.ar\/#website","url":"https:\/\/informelitoral.com.ar\/","name":"Informe Litoral","description":"&quot;Nos informamos&quot; ","publisher":{"@id":"https:\/\/informelitoral.com.ar\/#organization"},"potentialAction":[{"@type":"SearchAction","target":{"@type":"EntryPoint","urlTemplate":"https:\/\/informelitoral.com.ar\/?s={search_term_string}"},"query-input":{"@type":"PropertyValueSpecification","valueRequired":true,"valueName":"search_term_string"}}],"inLanguage":"es"},{"@type":"Organization","@id":"https:\/\/informelitoral.com.ar\/#organization","name":"Informe Litoral","url":"https:\/\/informelitoral.com.ar\/","logo":{"@type":"ImageObject","inLanguage":"es","@id":"https:\/\/informelitoral.com.ar\/#\/schema\/logo\/image\/","url":"https:\/\/informelitoral.com.ar\/%77%70%2d%63%6f%6e%74%65%6e%74\/uploads\/2021\/01\/circulo.png","contentUrl":"https:\/\/informelitoral.com.ar\/%77%70%2d%63%6f%6e%74%65%6e%74\/uploads\/2021\/01\/circulo.png","width":723,"height":731,"caption":"Informe Litoral"},"image":{"@id":"https:\/\/informelitoral.com.ar\/#\/schema\/logo\/image\/"},"sameAs":["https:\/\/www.facebook.com\/informelitoral\/","https:\/\/x.com\/InformeLitoral","https:\/\/www.instagram.com\/informelitoral\/","https:\/\/www.youtube.com\/channel\/UCua4Qvz8Icb6MYqhoq9xLXw"]},{"@type":"Person","@id":"https:\/\/informelitoral.com.ar\/#\/schema\/person\/b9d00407c836482871ef1d57bf8e3180","name":"Gonzalo Schmidt","image":{"@type":"ImageObject","inLanguage":"es","@id":"https:\/\/secure.gravatar.com\/avatar\/31a1a7b66ff2de83bd0e9fd79d026630d2d99e55e8bfe501287647b4fd9743de?s=96&d=mm&r=g","url":"https:\/\/secure.gravatar.com\/avatar\/31a1a7b66ff2de83bd0e9fd79d026630d2d99e55e8bfe501287647b4fd9743de?s=96&d=mm&r=g","contentUrl":"https:\/\/secure.gravatar.com\/avatar\/31a1a7b66ff2de83bd0e9fd79d026630d2d99e55e8bfe501287647b4fd9743de?s=96&d=mm&r=g","caption":"Gonzalo Schmidt"},"description":"Sitio web de noticias de la provincia de Entre R\u00edos, Argentina. Informaci\u00f3n y entretenimiento. Informe Litoral, nos informamos.","sameAs":["http:\/\/www.isletasnoticias.com.ar"],"url":"https:\/\/informelitoral.com.ar\/author\/gonzalo\/"}]}},"_links":{"self":[{"href":"https:\/\/informelitoral.com.ar\/%77%70%2d%6a%73%6f%6e\/wp\/v2\/posts\/18251","targetHints":{"allow":["GET"]}}],"collection":[{"href":"https:\/\/informelitoral.com.ar\/%77%70%2d%6a%73%6f%6e\/wp\/v2\/posts"}],"about":[{"href":"https:\/\/informelitoral.com.ar\/%77%70%2d%6a%73%6f%6e\/wp\/v2\/types\/post"}],"author":[{"embeddable":true,"href":"https:\/\/informelitoral.com.ar\/%77%70%2d%6a%73%6f%6e\/wp\/v2\/users\/2"}],"replies":[{"embeddable":true,"href":"https:\/\/informelitoral.com.ar\/%77%70%2d%6a%73%6f%6e\/wp\/v2\/comments?post=18251"}],"version-history":[{"count":0,"href":"https:\/\/informelitoral.com.ar\/%77%70%2d%6a%73%6f%6e\/wp\/v2\/posts\/18251\/revisions"}],"wp:attachment":[{"href":"https:\/\/informelitoral.com.ar\/%77%70%2d%6a%73%6f%6e\/wp\/v2\/media?parent=18251"}],"wp:term":[{"taxonomy":"category","embeddable":true,"href":"https:\/\/informelitoral.com.ar\/%77%70%2d%6a%73%6f%6e\/wp\/v2\/categories?post=18251"},{"taxonomy":"post_tag","embeddable":true,"href":"https:\/\/informelitoral.com.ar\/%77%70%2d%6a%73%6f%6e\/wp\/v2\/tags?post=18251"}],"curies":[{"name":"wp","href":"https:\/\/api.w.org\/{rel}","templated":true}]}}