{"id":1825,"date":"2013-05-20T12:56:29","date_gmt":"2013-05-20T15:56:29","guid":{"rendered":"http:\/\/www.isletasnoticias.com.ar\/?p=1825"},"modified":"2013-05-20T13:55:22","modified_gmt":"2013-05-20T16:55:22","slug":"hilma-rela-gente-busca-un-espiritu-acuerdista","status":"publish","type":"post","link":"https:\/\/informelitoral.com.ar\/hilma-rela-gente-busca-un-espiritu-acuerdista\/","title":{"rendered":"Hilma R\u00e9: \u00abla gente busca un esp\u00edritu acuerdista\u00bb"},"content":{"rendered":"<p><b>\u00a0 En di\u00e1logo con <i>ISLETAS NOTICIAS<\/i>, la diputada nacional <i>Hilma R\u00e9<\/i>, destac\u00f3 que <i>Elisa Carri\u00f3<\/i> \u201cpone coraje para defender lo justo\u201d. Sobre su futuro pol\u00edtico adelant\u00f3 que \u201cseguiremos trabajando m\u00e1s all\u00e1 de los cargos\u201d. Adem\u00e1s, la legisladora reconoci\u00f3 que \u00abla gente busca un esp\u00edritu acuerdista\u201d y ve positiva la candidatura de <em>Alfredo De Angeli<\/em>, aunque sostuvo \u201ces fundamental respetar lo prometido en campa\u00f1a\u201d.<\/b><\/p>\n<p style=\"text-align: center;\"><img loading=\"lazy\" decoding=\"async\" class=\"size-medium wp-image-1826 aligncenter\" title=\"La diputada Hilma R\u00e9 dialogando con IN.\" alt=\"Imagen1851\" src=\"http:\/\/www.isletasnoticias.com.ar\/%77%70%2d%63%6f%6e%74%65%6e%74\/uploads\/2013\/05\/Imagen1851-300x225.jpg\" width=\"300\" height=\"225\" srcset=\"https:\/\/informelitoral.com.ar\/%77%70%2d%63%6f%6e%74%65%6e%74\/uploads\/2013\/05\/Imagen1851-300x225.jpg 300w, https:\/\/informelitoral.com.ar\/%77%70%2d%63%6f%6e%74%65%6e%74\/uploads\/2013\/05\/Imagen1851-1024x768.jpg 1024w, https:\/\/informelitoral.com.ar\/%77%70%2d%63%6f%6e%74%65%6e%74\/uploads\/2013\/05\/Imagen1851.jpg 1600w\" sizes=\"auto, (max-width: 300px) 100vw, 300px\" \/><\/p>\n<p>\u00a0 Sobre su principal objetivo es este momento, des<a href=\"http:\/\/www.isletasnoticias.com.ar\/%77%70%2d%63%6f%6e%74%65%6e%74\/uploads\/2013\/05\/HILMA-RE.jpg\"><img loading=\"lazy\" decoding=\"async\" class=\"size-full wp-image-1827 alignright\" title=\"Diputada Nacional Hilma R\u00e9.\" alt=\"HILMA RE\" src=\"http:\/\/www.isletasnoticias.com.ar\/%77%70%2d%63%6f%6e%74%65%6e%74\/uploads\/2013\/05\/HILMA-RE.jpg\" width=\"242\" height=\"250\" \/><\/a>tac\u00f3 que \u201cestamos en la lucha para defender la justicia de verdad. Ya van varios a\u00f1os, durante los cuales sufrimos distintas operaciones y calumnias, pero uno siempre renace\u201d. Remarc\u00f3 R\u00e9 y continu\u00f3 \u201cnuestra misi\u00f3n ahora, es acompa\u00f1ar a la dra. <b>Elisa Carri\u00f3,<\/b> porque le pone ese coraje para defender lo justo\u201d. En relaci\u00f3n al \u201cMovimiento Humanista de Resistencia y Construcci\u00f3n\u201d, que se present\u00f3 el pasado viernes en Paran\u00e1, la legisladora recalc\u00f3: \u201ccon este Movimiento queremos darle un lugar a aquellos que no conf\u00edan en los partidos pol\u00edticos tradicionales\u201d.<\/p>\n<p>Este a\u00f1o, Hilma R\u00e9, finaliza su mandato como diputada nacional, al ser consultada sobre su futuro pol\u00edtico confirm\u00f3: \u201cnosotros seguimos trabajando m\u00e1s all\u00e1 de los cargos que tengamos. Siempre el sistema pol\u00edtico pone el carro delante de los caballos y a veces las alianzas se hacen en base a las candidaturas y no al rev\u00e9s. En mi caso creo que primero se debe trabajar y encontrar puntos en com\u00fan y luego se deben analizar las posibles alianzas o quienes se postulan\u201d. Afirm\u00f3.<\/p>\n<p>Al ser consultada sobre el trabajo, desde el 2009 de \u201clos agrodiputados\u201d, la funcionaria reconoci\u00f3: \u201clos primeros dos a\u00f1os estuvimos frenando muchos proyectos del oficialismo, pero a partir del 2011 todo result\u00f3 m\u00e1s dif\u00edcil ya que el Congreso se convirti\u00f3 en un cuerpo donde el kirchnerismo no respeta los reglamentos para trabajar normalmente. Los proyectos del ejecutivo llegan y la tropa disciplinada (en referencia a los legisladores que responden al gobierno) los aprueba y generalmente no aceptan ning\u00fan tipo de modificaciones\u201d. Enfatiz\u00f3 R\u00e9.<\/p>\n<p>Nuevamente estamos en un a\u00f1o electoral, ante lo cual la diputada analiz\u00f3 que \u201cpasa demasiado r\u00e1pido el tiempo. Parece que se sale de una campa\u00f1a electoral y ya empieza otra\u201d. \u201cEn primer lugar hay que salvar a la rep\u00fablica y las elecciones est\u00e1n en un segundo plano, por el momento.\u201d Dijo y carg\u00f3 contra la pol\u00edtica impulsada por el gobierno nacional: \u201csi se sigue avanzando de este modo se convierte en una dictadura, porque no va a haber divisi\u00f3n de poderes. Las garant\u00edas y libertades individuales pueden llegar a desaparecer lentamente, sin que muchos tomen conciencia\u201d. Examin\u00f3.<\/p>\n<p>R\u00e9 tambi\u00e9n fue consultada sobre si este a\u00f1o la oposici\u00f3n podr\u00e1 capitalizar un resultado similar al de 2009, en las elecciones legislativas, aunque fue cauta\u00a0al respeto, al sostener \u201c no me arriesgo a dar una opini\u00f3n, porque de ac\u00e1 a octubre pueden pasar muchas cosas, pero veo que la gente busca un esp\u00edritu acuerdista y nosotros seguimos trabajando en ese sentido. <b>Jorge Ch\u00e9mes<\/b> <b>y Atilio Benedetti,<\/b> tambi\u00e9n nos siguen acompa\u00f1ando y creo que se deber\u00eda formar un frente opositor m\u00e1s all\u00e1 de los cargos, para ofrecer una alternativa superadora.\u201d Aunque aclar\u00f3: \u201cNo hay que acordar simplemente para ganar una elecci\u00f3n, sino que debe estar por delante la verdad y la justicia\u201d.<\/p>\n<p style=\"text-align: left;\">\u00a0 Por \u00faltimo, analiz\u00f3 la postulaci\u00f3n de<strong> Alfredo De Angeli<\/strong>: \u201ces una forma de que nuestro sector pueda tener presencia. Lo\u00a0 importante es su conducta. Hay que fijarse en lo que hacen los dirigentes y no en lo que dicen. Es fundamental respetar lo prometido durante la campa\u00f1a y eso depende de los valores de cada uno. No puedo hacer futurismo pero lo veo bien\u201d. Afirm\u00f3 Hilma R\u00e9.<\/p>\n","protected":false},"excerpt":{"rendered":"<p>&nbsp; En di&aacute;logo con ISLETAS NOTICIAS, la diputada nacional Hilma R&eacute;, destac&oacute; que Elisa Carri&oacute; &ldquo;pone coraje para defender lo justo&rdquo;. Sobre su futuro pol&iacute;tico adelant&oacute; que &ldquo;seguiremos trabajando m&aacute;s all&aacute; de los cargos&rdquo;. Adem&aacute;s, la legisladora reconoci&oacute; que &laquo;la gente busca un esp&iacute;ritu acuerdista&rdquo; y ve positiva la candidatura de Alfredo De Angeli, aunque [&hellip;]<\/p>\n","protected":false},"author":2,"featured_media":0,"comment_status":"open","ping_status":"open","sticky":false,"template":"","format":"standard","meta":{"fifu_image_url":"","fifu_image_alt":"","footnotes":""},"categories":[6,16],"tags":[],"class_list":{"0":"post-1825","1":"post","2":"type-post","3":"status-publish","4":"format-standard","6":"category-entre-rios","7":"category-politi"},"yoast_head":"<title>Hilma R\u00e9: &quot;la gente busca un esp\u00edritu acuerdista&quot;  - Informe Litoral<\/title>\n<meta name=\"robots\" content=\"index, follow, max-snippet:-1, max-image-preview:large, max-video-preview:-1\" \/>\n<link rel=\"canonical\" href=\"https:\/\/informelitoral.com.ar\/hilma-rela-gente-busca-un-espiritu-acuerdista\/\" \/>\n<meta property=\"og:locale\" content=\"es_ES\" \/>\n<meta property=\"og:type\" content=\"article\" \/>\n<meta property=\"og:title\" content=\"Hilma R\u00e9: &quot;la gente busca un esp\u00edritu acuerdista&quot;  - Informe Litoral\" \/>\n<meta property=\"og:description\" content=\"&nbsp; En di&aacute;logo con ISLETAS NOTICIAS, la diputada nacional Hilma R&eacute;, destac&oacute; que Elisa Carri&oacute; &ldquo;pone coraje para defender lo justo&rdquo;. Sobre su futuro pol&iacute;tico adelant&oacute; que &ldquo;seguiremos trabajando m&aacute;s all&aacute; de los cargos&rdquo;. Adem&aacute;s, la legisladora reconoci&oacute; que &laquo;la gente busca un esp&iacute;ritu acuerdista&rdquo; y ve positiva la candidatura de Alfredo De Angeli, aunque [&hellip;]\" \/>\n<meta property=\"og:url\" content=\"https:\/\/informelitoral.com.ar\/hilma-rela-gente-busca-un-espiritu-acuerdista\/\" \/>\n<meta property=\"og:site_name\" content=\"Informe Litoral\" \/>\n<meta property=\"article:publisher\" content=\"https:\/\/www.facebook.com\/informelitoral\/\" \/>\n<meta property=\"article:published_time\" content=\"2013-05-20T15:56:29+00:00\" \/>\n<meta property=\"article:modified_time\" content=\"2013-05-20T16:55:22+00:00\" \/>\n<meta property=\"og:image\" content=\"https:\/\/informelitoral.com.ar\/%77%70%2d%63%6f%6e%74%65%6e%74\/uploads\/2013\/05\/Imagen1851.jpg\" \/>\n\t<meta property=\"og:image:width\" content=\"1600\" \/>\n\t<meta property=\"og:image:height\" content=\"1200\" \/>\n\t<meta property=\"og:image:type\" content=\"image\/jpeg\" \/>\n<meta name=\"author\" content=\"Gonzalo Schmidt\" \/>\n<meta name=\"twitter:card\" content=\"summary_large_image\" \/>\n<meta name=\"twitter:creator\" content=\"@InformeLitoral\" \/>\n<meta name=\"twitter:site\" content=\"@InformeLitoral\" \/>\n<meta name=\"twitter:label1\" content=\"Escrito por\" \/>\n\t<meta name=\"twitter:data1\" content=\"Gonzalo Schmidt\" \/>\n\t<meta name=\"twitter:label2\" content=\"Tiempo de lectura\" \/>\n\t<meta name=\"twitter:data2\" content=\"3 minutos\" \/>\n<script type=\"application\/ld+json\" class=\"yoast-schema-graph\">{\"@context\":\"https:\\\/\\\/schema.org\",\"@graph\":[{\"@type\":\"Article\",\"@id\":\"https:\\\/\\\/informelitoral.com.ar\\\/hilma-rela-gente-busca-un-espiritu-acuerdista\\\/#article\",\"isPartOf\":{\"@id\":\"https:\\\/\\\/informelitoral.com.ar\\\/hilma-rela-gente-busca-un-espiritu-acuerdista\\\/\"},\"author\":{\"name\":\"Gonzalo Schmidt\",\"@id\":\"https:\\\/\\\/informelitoral.com.ar\\\/#\\\/schema\\\/person\\\/b9d00407c836482871ef1d57bf8e3180\"},\"headline\":\"Hilma R\u00e9: \u00abla gente busca un esp\u00edritu acuerdista\u00bb\",\"datePublished\":\"2013-05-20T15:56:29+00:00\",\"dateModified\":\"2013-05-20T16:55:22+00:00\",\"mainEntityOfPage\":{\"@id\":\"https:\\\/\\\/informelitoral.com.ar\\\/hilma-rela-gente-busca-un-espiritu-acuerdista\\\/\"},\"wordCount\":648,\"commentCount\":0,\"publisher\":{\"@id\":\"https:\\\/\\\/informelitoral.com.ar\\\/#organization\"},\"image\":{\"@id\":\"https:\\\/\\\/informelitoral.com.ar\\\/hilma-rela-gente-busca-un-espiritu-acuerdista\\\/#primaryimage\"},\"thumbnailUrl\":\"http:\\\/\\\/www.isletasnoticias.com.ar\\\/%77%70%2d%63%6f%6e%74%65%6e%74\\\/uploads\\\/2013\\\/05\\\/Imagen1851-300x225.jpg\",\"articleSection\":[\"Entre R\u00edos\",\"Politica\"],\"inLanguage\":\"es\",\"potentialAction\":[{\"@type\":\"CommentAction\",\"name\":\"Comment\",\"target\":[\"https:\\\/\\\/informelitoral.com.ar\\\/hilma-rela-gente-busca-un-espiritu-acuerdista\\\/#respond\"]}]},{\"@type\":\"WebPage\",\"@id\":\"https:\\\/\\\/informelitoral.com.ar\\\/hilma-rela-gente-busca-un-espiritu-acuerdista\\\/\",\"url\":\"https:\\\/\\\/informelitoral.com.ar\\\/hilma-rela-gente-busca-un-espiritu-acuerdista\\\/\",\"name\":\"Hilma R\u00e9: \\\"la gente busca un esp\u00edritu acuerdista\\\" - Informe Litoral\",\"isPartOf\":{\"@id\":\"https:\\\/\\\/informelitoral.com.ar\\\/#website\"},\"primaryImageOfPage\":{\"@id\":\"https:\\\/\\\/informelitoral.com.ar\\\/hilma-rela-gente-busca-un-espiritu-acuerdista\\\/#primaryimage\"},\"image\":{\"@id\":\"https:\\\/\\\/informelitoral.com.ar\\\/hilma-rela-gente-busca-un-espiritu-acuerdista\\\/#primaryimage\"},\"thumbnailUrl\":\"http:\\\/\\\/www.isletasnoticias.com.ar\\\/%77%70%2d%63%6f%6e%74%65%6e%74\\\/uploads\\\/2013\\\/05\\\/Imagen1851-300x225.jpg\",\"datePublished\":\"2013-05-20T15:56:29+00:00\",\"dateModified\":\"2013-05-20T16:55:22+00:00\",\"breadcrumb\":{\"@id\":\"https:\\\/\\\/informelitoral.com.ar\\\/hilma-rela-gente-busca-un-espiritu-acuerdista\\\/#breadcrumb\"},\"inLanguage\":\"es\",\"potentialAction\":[{\"@type\":\"ReadAction\",\"target\":[\"https:\\\/\\\/informelitoral.com.ar\\\/hilma-rela-gente-busca-un-espiritu-acuerdista\\\/\"]}]},{\"@type\":\"ImageObject\",\"inLanguage\":\"es\",\"@id\":\"https:\\\/\\\/informelitoral.com.ar\\\/hilma-rela-gente-busca-un-espiritu-acuerdista\\\/#primaryimage\",\"url\":\"http:\\\/\\\/www.isletasnoticias.com.ar\\\/%77%70%2d%63%6f%6e%74%65%6e%74\\\/uploads\\\/2013\\\/05\\\/Imagen1851-300x225.jpg\",\"contentUrl\":\"http:\\\/\\\/www.isletasnoticias.com.ar\\\/%77%70%2d%63%6f%6e%74%65%6e%74\\\/uploads\\\/2013\\\/05\\\/Imagen1851-300x225.jpg\"},{\"@type\":\"BreadcrumbList\",\"@id\":\"https:\\\/\\\/informelitoral.com.ar\\\/hilma-rela-gente-busca-un-espiritu-acuerdista\\\/#breadcrumb\",\"itemListElement\":[{\"@type\":\"ListItem\",\"position\":1,\"name\":\"Portada\",\"item\":\"https:\\\/\\\/informelitoral.com.ar\\\/\"},{\"@type\":\"ListItem\",\"position\":2,\"name\":\"Hilma R\u00e9: \u00abla gente busca un esp\u00edritu acuerdista\u00bb\"}]},{\"@type\":\"WebSite\",\"@id\":\"https:\\\/\\\/informelitoral.com.ar\\\/#website\",\"url\":\"https:\\\/\\\/informelitoral.com.ar\\\/\",\"name\":\"Informe Litoral\",\"description\":\"&quot;Nos informamos&quot; \",\"publisher\":{\"@id\":\"https:\\\/\\\/informelitoral.com.ar\\\/#organization\"},\"potentialAction\":[{\"@type\":\"SearchAction\",\"target\":{\"@type\":\"EntryPoint\",\"urlTemplate\":\"https:\\\/\\\/informelitoral.com.ar\\\/?s={search_term_string}\"},\"query-input\":{\"@type\":\"PropertyValueSpecification\",\"valueRequired\":true,\"valueName\":\"search_term_string\"}}],\"inLanguage\":\"es\"},{\"@type\":\"Organization\",\"@id\":\"https:\\\/\\\/informelitoral.com.ar\\\/#organization\",\"name\":\"Informe Litoral\",\"url\":\"https:\\\/\\\/informelitoral.com.ar\\\/\",\"logo\":{\"@type\":\"ImageObject\",\"inLanguage\":\"es\",\"@id\":\"https:\\\/\\\/informelitoral.com.ar\\\/#\\\/schema\\\/logo\\\/image\\\/\",\"url\":\"https:\\\/\\\/informelitoral.com.ar\\\/%77%70%2d%63%6f%6e%74%65%6e%74\\\/uploads\\\/2021\\\/01\\\/circulo.png\",\"contentUrl\":\"https:\\\/\\\/informelitoral.com.ar\\\/%77%70%2d%63%6f%6e%74%65%6e%74\\\/uploads\\\/2021\\\/01\\\/circulo.png\",\"width\":723,\"height\":731,\"caption\":\"Informe Litoral\"},\"image\":{\"@id\":\"https:\\\/\\\/informelitoral.com.ar\\\/#\\\/schema\\\/logo\\\/image\\\/\"},\"sameAs\":[\"https:\\\/\\\/www.facebook.com\\\/informelitoral\\\/\",\"https:\\\/\\\/x.com\\\/InformeLitoral\",\"https:\\\/\\\/www.instagram.com\\\/informelitoral\\\/\",\"https:\\\/\\\/www.youtube.com\\\/channel\\\/UCua4Qvz8Icb6MYqhoq9xLXw\"]},{\"@type\":\"Person\",\"@id\":\"https:\\\/\\\/informelitoral.com.ar\\\/#\\\/schema\\\/person\\\/b9d00407c836482871ef1d57bf8e3180\",\"name\":\"Gonzalo Schmidt\",\"image\":{\"@type\":\"ImageObject\",\"inLanguage\":\"es\",\"@id\":\"https:\\\/\\\/secure.gravatar.com\\\/avatar\\\/31a1a7b66ff2de83bd0e9fd79d026630d2d99e55e8bfe501287647b4fd9743de?s=96&d=mm&r=g\",\"url\":\"https:\\\/\\\/secure.gravatar.com\\\/avatar\\\/31a1a7b66ff2de83bd0e9fd79d026630d2d99e55e8bfe501287647b4fd9743de?s=96&d=mm&r=g\",\"contentUrl\":\"https:\\\/\\\/secure.gravatar.com\\\/avatar\\\/31a1a7b66ff2de83bd0e9fd79d026630d2d99e55e8bfe501287647b4fd9743de?s=96&d=mm&r=g\",\"caption\":\"Gonzalo Schmidt\"},\"description\":\"Sitio web de noticias de la provincia de Entre R\u00edos, Argentina. Informaci\u00f3n y entretenimiento. Informe Litoral, nos informamos.\",\"sameAs\":[\"http:\\\/\\\/www.isletasnoticias.com.ar\"],\"url\":\"https:\\\/\\\/informelitoral.com.ar\\\/author\\\/gonzalo\\\/\"}]}<\/script>","yoast_head_json":{"title":"Hilma R\u00e9: \"la gente busca un esp\u00edritu acuerdista\"  - Informe Litoral","robots":{"index":"index","follow":"follow","max-snippet":"max-snippet:-1","max-image-preview":"max-image-preview:large","max-video-preview":"max-video-preview:-1"},"canonical":"https:\/\/informelitoral.com.ar\/hilma-rela-gente-busca-un-espiritu-acuerdista\/","og_locale":"es_ES","og_type":"article","og_title":"Hilma R\u00e9: \"la gente busca un esp\u00edritu acuerdista\"  - Informe Litoral","og_description":"&nbsp; En di&aacute;logo con ISLETAS NOTICIAS, la diputada nacional Hilma R&eacute;, destac&oacute; que Elisa Carri&oacute; &ldquo;pone coraje para defender lo justo&rdquo;. Sobre su futuro pol&iacute;tico adelant&oacute; que &ldquo;seguiremos trabajando m&aacute;s all&aacute; de los cargos&rdquo;. Adem&aacute;s, la legisladora reconoci&oacute; que &laquo;la gente busca un esp&iacute;ritu acuerdista&rdquo; y ve positiva la candidatura de Alfredo De Angeli, aunque [&hellip;]","og_url":"https:\/\/informelitoral.com.ar\/hilma-rela-gente-busca-un-espiritu-acuerdista\/","og_site_name":"Informe Litoral","article_publisher":"https:\/\/www.facebook.com\/informelitoral\/","article_published_time":"2013-05-20T15:56:29+00:00","article_modified_time":"2013-05-20T16:55:22+00:00","og_image":[{"width":1600,"height":1200,"url":"https:\/\/informelitoral.com.ar\/%77%70%2d%63%6f%6e%74%65%6e%74\/uploads\/2013\/05\/Imagen1851.jpg","type":"image\/jpeg"}],"author":"Gonzalo Schmidt","twitter_card":"summary_large_image","twitter_creator":"@InformeLitoral","twitter_site":"@InformeLitoral","twitter_misc":{"Escrito por":"Gonzalo Schmidt","Tiempo de lectura":"3 minutos"},"schema":{"@context":"https:\/\/schema.org","@graph":[{"@type":"Article","@id":"https:\/\/informelitoral.com.ar\/hilma-rela-gente-busca-un-espiritu-acuerdista\/#article","isPartOf":{"@id":"https:\/\/informelitoral.com.ar\/hilma-rela-gente-busca-un-espiritu-acuerdista\/"},"author":{"name":"Gonzalo Schmidt","@id":"https:\/\/informelitoral.com.ar\/#\/schema\/person\/b9d00407c836482871ef1d57bf8e3180"},"headline":"Hilma R\u00e9: \u00abla gente busca un esp\u00edritu acuerdista\u00bb","datePublished":"2013-05-20T15:56:29+00:00","dateModified":"2013-05-20T16:55:22+00:00","mainEntityOfPage":{"@id":"https:\/\/informelitoral.com.ar\/hilma-rela-gente-busca-un-espiritu-acuerdista\/"},"wordCount":648,"commentCount":0,"publisher":{"@id":"https:\/\/informelitoral.com.ar\/#organization"},"image":{"@id":"https:\/\/informelitoral.com.ar\/hilma-rela-gente-busca-un-espiritu-acuerdista\/#primaryimage"},"thumbnailUrl":"http:\/\/www.isletasnoticias.com.ar\/%77%70%2d%63%6f%6e%74%65%6e%74\/uploads\/2013\/05\/Imagen1851-300x225.jpg","articleSection":["Entre R\u00edos","Politica"],"inLanguage":"es","potentialAction":[{"@type":"CommentAction","name":"Comment","target":["https:\/\/informelitoral.com.ar\/hilma-rela-gente-busca-un-espiritu-acuerdista\/#respond"]}]},{"@type":"WebPage","@id":"https:\/\/informelitoral.com.ar\/hilma-rela-gente-busca-un-espiritu-acuerdista\/","url":"https:\/\/informelitoral.com.ar\/hilma-rela-gente-busca-un-espiritu-acuerdista\/","name":"Hilma R\u00e9: \"la gente busca un esp\u00edritu acuerdista\" - Informe Litoral","isPartOf":{"@id":"https:\/\/informelitoral.com.ar\/#website"},"primaryImageOfPage":{"@id":"https:\/\/informelitoral.com.ar\/hilma-rela-gente-busca-un-espiritu-acuerdista\/#primaryimage"},"image":{"@id":"https:\/\/informelitoral.com.ar\/hilma-rela-gente-busca-un-espiritu-acuerdista\/#primaryimage"},"thumbnailUrl":"http:\/\/www.isletasnoticias.com.ar\/%77%70%2d%63%6f%6e%74%65%6e%74\/uploads\/2013\/05\/Imagen1851-300x225.jpg","datePublished":"2013-05-20T15:56:29+00:00","dateModified":"2013-05-20T16:55:22+00:00","breadcrumb":{"@id":"https:\/\/informelitoral.com.ar\/hilma-rela-gente-busca-un-espiritu-acuerdista\/#breadcrumb"},"inLanguage":"es","potentialAction":[{"@type":"ReadAction","target":["https:\/\/informelitoral.com.ar\/hilma-rela-gente-busca-un-espiritu-acuerdista\/"]}]},{"@type":"ImageObject","inLanguage":"es","@id":"https:\/\/informelitoral.com.ar\/hilma-rela-gente-busca-un-espiritu-acuerdista\/#primaryimage","url":"http:\/\/www.isletasnoticias.com.ar\/%77%70%2d%63%6f%6e%74%65%6e%74\/uploads\/2013\/05\/Imagen1851-300x225.jpg","contentUrl":"http:\/\/www.isletasnoticias.com.ar\/%77%70%2d%63%6f%6e%74%65%6e%74\/uploads\/2013\/05\/Imagen1851-300x225.jpg"},{"@type":"BreadcrumbList","@id":"https:\/\/informelitoral.com.ar\/hilma-rela-gente-busca-un-espiritu-acuerdista\/#breadcrumb","itemListElement":[{"@type":"ListItem","position":1,"name":"Portada","item":"https:\/\/informelitoral.com.ar\/"},{"@type":"ListItem","position":2,"name":"Hilma R\u00e9: \u00abla gente busca un esp\u00edritu acuerdista\u00bb"}]},{"@type":"WebSite","@id":"https:\/\/informelitoral.com.ar\/#website","url":"https:\/\/informelitoral.com.ar\/","name":"Informe Litoral","description":"&quot;Nos informamos&quot; ","publisher":{"@id":"https:\/\/informelitoral.com.ar\/#organization"},"potentialAction":[{"@type":"SearchAction","target":{"@type":"EntryPoint","urlTemplate":"https:\/\/informelitoral.com.ar\/?s={search_term_string}"},"query-input":{"@type":"PropertyValueSpecification","valueRequired":true,"valueName":"search_term_string"}}],"inLanguage":"es"},{"@type":"Organization","@id":"https:\/\/informelitoral.com.ar\/#organization","name":"Informe Litoral","url":"https:\/\/informelitoral.com.ar\/","logo":{"@type":"ImageObject","inLanguage":"es","@id":"https:\/\/informelitoral.com.ar\/#\/schema\/logo\/image\/","url":"https:\/\/informelitoral.com.ar\/%77%70%2d%63%6f%6e%74%65%6e%74\/uploads\/2021\/01\/circulo.png","contentUrl":"https:\/\/informelitoral.com.ar\/%77%70%2d%63%6f%6e%74%65%6e%74\/uploads\/2021\/01\/circulo.png","width":723,"height":731,"caption":"Informe Litoral"},"image":{"@id":"https:\/\/informelitoral.com.ar\/#\/schema\/logo\/image\/"},"sameAs":["https:\/\/www.facebook.com\/informelitoral\/","https:\/\/x.com\/InformeLitoral","https:\/\/www.instagram.com\/informelitoral\/","https:\/\/www.youtube.com\/channel\/UCua4Qvz8Icb6MYqhoq9xLXw"]},{"@type":"Person","@id":"https:\/\/informelitoral.com.ar\/#\/schema\/person\/b9d00407c836482871ef1d57bf8e3180","name":"Gonzalo Schmidt","image":{"@type":"ImageObject","inLanguage":"es","@id":"https:\/\/secure.gravatar.com\/avatar\/31a1a7b66ff2de83bd0e9fd79d026630d2d99e55e8bfe501287647b4fd9743de?s=96&d=mm&r=g","url":"https:\/\/secure.gravatar.com\/avatar\/31a1a7b66ff2de83bd0e9fd79d026630d2d99e55e8bfe501287647b4fd9743de?s=96&d=mm&r=g","contentUrl":"https:\/\/secure.gravatar.com\/avatar\/31a1a7b66ff2de83bd0e9fd79d026630d2d99e55e8bfe501287647b4fd9743de?s=96&d=mm&r=g","caption":"Gonzalo Schmidt"},"description":"Sitio web de noticias de la provincia de Entre R\u00edos, Argentina. Informaci\u00f3n y entretenimiento. Informe Litoral, nos informamos.","sameAs":["http:\/\/www.isletasnoticias.com.ar"],"url":"https:\/\/informelitoral.com.ar\/author\/gonzalo\/"}]}},"_links":{"self":[{"href":"https:\/\/informelitoral.com.ar\/%77%70%2d%6a%73%6f%6e\/wp\/v2\/posts\/1825","targetHints":{"allow":["GET"]}}],"collection":[{"href":"https:\/\/informelitoral.com.ar\/%77%70%2d%6a%73%6f%6e\/wp\/v2\/posts"}],"about":[{"href":"https:\/\/informelitoral.com.ar\/%77%70%2d%6a%73%6f%6e\/wp\/v2\/types\/post"}],"author":[{"embeddable":true,"href":"https:\/\/informelitoral.com.ar\/%77%70%2d%6a%73%6f%6e\/wp\/v2\/users\/2"}],"replies":[{"embeddable":true,"href":"https:\/\/informelitoral.com.ar\/%77%70%2d%6a%73%6f%6e\/wp\/v2\/comments?post=1825"}],"version-history":[{"count":0,"href":"https:\/\/informelitoral.com.ar\/%77%70%2d%6a%73%6f%6e\/wp\/v2\/posts\/1825\/revisions"}],"wp:attachment":[{"href":"https:\/\/informelitoral.com.ar\/%77%70%2d%6a%73%6f%6e\/wp\/v2\/media?parent=1825"}],"wp:term":[{"taxonomy":"category","embeddable":true,"href":"https:\/\/informelitoral.com.ar\/%77%70%2d%6a%73%6f%6e\/wp\/v2\/categories?post=1825"},{"taxonomy":"post_tag","embeddable":true,"href":"https:\/\/informelitoral.com.ar\/%77%70%2d%6a%73%6f%6e\/wp\/v2\/tags?post=1825"}],"curies":[{"name":"wp","href":"https:\/\/api.w.org\/{rel}","templated":true}]}}