{"id":18245,"date":"2016-09-17T00:55:28","date_gmt":"2016-09-17T03:55:28","guid":{"rendered":"http:\/\/www.isletasnoticias.com.ar\/?p=18245"},"modified":"2016-09-17T00:55:45","modified_gmt":"2016-09-17T03:55:45","slug":"capacitan-a-jovenes-para-salvar-vidas","status":"publish","type":"post","link":"https:\/\/informelitoral.com.ar\/capacitan-a-jovenes-para-salvar-vidas\/","title":{"rendered":"Ram\u00edrez: capacitan a j\u00f3venes para salvar vidas"},"content":{"rendered":"<p><strong>Para saber c\u00f3mo actuar ante una emergencia, integrantes de la Juventud Agraria Cooperativista, y trabajadoras de la Cooperativa\u00a0La Ganadera General Ram\u00edrez Limitada\u00a0participaron de una jornada de Reanimaci\u00f3n Cardiopulmonar (RCP). \u201cCualquier tem\u00e1tica que genere conocimiento y aportes es muy importante, ya que puede contribuir a salvar vidas\u201d, confirm\u00f3 el director del Hospital ramirense Nuestra Se\u00f1ora del Lujan,<em> Lautaro Torriani.<\/em><a href=\"http:\/\/www.isletasnoticias.com.ar\/%77%70%2d%63%6f%6e%74%65%6e%74\/uploads\/2016\/09\/P1010848.jpg\"><img loading=\"lazy\" decoding=\"async\" class=\"aligncenter wp-image-18247 size-large\" src=\"http:\/\/www.isletasnoticias.com.ar\/%77%70%2d%63%6f%6e%74%65%6e%74\/uploads\/2016\/09\/P1010848-1024x768.jpg\" alt=\"p1010848\" width=\"600\" height=\"450\" srcset=\"https:\/\/informelitoral.com.ar\/%77%70%2d%63%6f%6e%74%65%6e%74\/uploads\/2016\/09\/P1010848-1024x768.jpg 1024w, https:\/\/informelitoral.com.ar\/%77%70%2d%63%6f%6e%74%65%6e%74\/uploads\/2016\/09\/P1010848-300x225.jpg 300w, https:\/\/informelitoral.com.ar\/%77%70%2d%63%6f%6e%74%65%6e%74\/uploads\/2016\/09\/P1010848-768x576.jpg 768w\" sizes=\"auto, (max-width: 600px) 100vw, 600px\" \/><\/a><\/strong><\/p>\n<p>Todos sabemos que existen acciones, denominadas cadena de supervivencias que, llevados a cabo en el momento oportuno, pueden contribuir a salvar vidas. La Ganadera, siempre presente en la sociedad, incentiv\u00f3 a integrantes de la Juventud Agraria Cooperativista, para participar de una actividad coordinada por el director del Hospital\u00a0<em>Nuestra Se\u00f1ora del Lujan<\/em>\u00a0de Ram\u00edrez, Lautaro Torriani. El nosocomio ramirense tiene un convenio con la Universidad Aut\u00f3noma de Entre R\u00edos (Uader), lo que permiti\u00f3 enriquecer el taller con la presencia del m\u00e9dico disertante Alexis Ambrosini. La actividad tuvo dos partes: una te\u00f3rica y otra pr\u00e1ctica. Al t\u00e9rmino del encuentro, se otorgaron certificados a los participantes.<a href=\"http:\/\/www.isletasnoticias.com.ar\/%77%70%2d%63%6f%6e%74%65%6e%74\/uploads\/2016\/09\/P1010847.jpg\"><img loading=\"lazy\" decoding=\"async\" class=\"size-medium wp-image-18246 alignright\" src=\"http:\/\/www.isletasnoticias.com.ar\/%77%70%2d%63%6f%6e%74%65%6e%74\/uploads\/2016\/09\/P1010847-300x225.jpg\" alt=\"p1010847\" width=\"300\" height=\"225\" srcset=\"https:\/\/informelitoral.com.ar\/%77%70%2d%63%6f%6e%74%65%6e%74\/uploads\/2016\/09\/P1010847-300x225.jpg 300w, https:\/\/informelitoral.com.ar\/%77%70%2d%63%6f%6e%74%65%6e%74\/uploads\/2016\/09\/P1010847-768x576.jpg 768w, https:\/\/informelitoral.com.ar\/%77%70%2d%63%6f%6e%74%65%6e%74\/uploads\/2016\/09\/P1010847-1024x768.jpg 1024w\" sizes=\"auto, (max-width: 300px) 100vw, 300px\" \/><\/a><\/p>\n<p>Torriani destac\u00f3 que<strong>\u00a0\u201c<\/strong>el hospital y la Uader comenzamos una actividad sobre lo que son primeros auxilios y RSP, animaci\u00f3n cardiopulmonar b\u00e1sica, por una iniciativa de los j\u00f3venes de la Juventud Agraria Cooperativista. Ese fue el puntapi\u00e9 inicial \u00a0de un trabajo conjunto entre la cooperativa, el hospital local y la Uader\u201d. La charla estuvo dirigida a toda la poblaci\u00f3n, pero la idea fue que participaran los j\u00f3venes cooperativistas de La Ganadera y tambi\u00e9n algunos trabajadores de esa empresa.<\/p>\n<p><strong>Concientizar para salvar<\/strong><\/p>\n<p>El m\u00e9dico explic\u00f3 que primeros auxilios son los conocimientos b\u00e1sicos que deber\u00eda tener toda la poblaci\u00f3n, para actuar en situaciones de gravedad que necesiten atenci\u00f3n. \u201cEn casos de urgencia, si se toman algunas medidas, se denominan primeros auxilios hasta que llegue el servicio m\u00e9dico para la atenci\u00f3n definitiva, o eventualmente, en caso de ser necesario, un traslado hacia el hospital o la cl\u00ednica\u201d.<\/p>\n<p><strong>&#8211;\u00a0\u00bfLa sociedad est\u00e1 concientizada sobre el tema o hay desconocimiento?<\/strong><\/p>\n<p><strong>&#8211;\u00a0<\/strong>El desconocimiento todav\u00eda es alto, pero hay iniciativas de diversos lugares como este, por ejemplo. Hubo otro proyecto de RSP que se inici\u00f3 en la Uader dirigido a los chicos de Nivel Secundario; son actividades que generan y siembran el conocimiento, y \u00a0son extremadamente necesarias y productivas. Se trata de una herramienta que la vamos a tener para siempre en nuestro malet\u00edn, y, aunque no sabemos cu\u00e1ndo la vamos a necesitar, tenerla ya es muy importante.<\/p>\n<p><strong>&#8211;\u00a0\u00bfEn qu\u00e9 ayuda a la ciudadan\u00eda conocer de primeros auxilios?<\/strong><\/p>\n<p><strong>&#8211;<\/strong>De por s\u00ed, el conocimiento en este caso es solidario, porque puede ocurrir que se descomponga una persona al lado, en la fila del banco, en una empresa, en la calle, cuando estamos en la ruta, y sin importar conocer al otro, podemos ayudarlo. Tener organizado el conocimiento y saber c\u00f3mo es la correcta ayuda, lo hace m\u00e1s eficiente.<\/p>\n<p><strong>Mejor es saber c\u00f3mo<\/strong><\/p>\n<p>En accidentes de tr\u00e1nsito es vital tener pr\u00e1cticas de primeros auxilios para realizar una primera atenci\u00f3n a los lesionados, respetando ciertos protocolos para no incurrir en errores que pueden ser fatales. Por eso, el m\u00e9dico afirm\u00f3 que \u201ces prioritario conocer ciertos protocolos para no actuar y correr riesgos; el rescatador ser\u00eda -en este caso- fundamental. En la charla recalc\u00e1bamos la seguridad de la escena, que es el punto fundamental. Si yo veo que hay una persona y un auto se est\u00e1 incendiado y puede explotar, primero hay que llamar a bomberos y apagar el fuego, porque de lo contrario puede correr el riesgo el rescatador, debido a que la escena no es segura. Igualmente, si pasa algo en la ruta, si no se corta el tr\u00e1nsito, y alguien se pone a ayudar, probablemente un cami\u00f3n u otro auto que justo transite por ah\u00ed puede atropellarlo a \u00e9l y a la v\u00edctima. Esto demuestra que la seguridad y la higiene son fundamentales. Despu\u00e9s de la seguridad y la higiene hay que llamar para pedir auxilio, porque solos no podremos salvar a la persona, tiene que venir alguien al rescate. Entonces, el comunicarnos r\u00e1pidamente y certeramente con servicios de salud, con bomberos, con polic\u00edas para que vengan ayudar y brinden atenci\u00f3n definitiva a esos pacientes lesionados; ah\u00ed s\u00ed, los \u00a0protocolos son sumamente necesarios, \u00a0porque de lo contrario correremos nosotros el riesgo, tratando de ayudar\u201d.<\/p>\n<p><strong>Primeros auxilios en las empresas<\/strong><\/p>\n<p>Consultado si las empresas preparan a sus trabajadores para actuar en caso de siniestros, o circunstancias que afecten a empleados de la firma, Torriani explic\u00f3 que no quiere decir que por protocolo todas la tengan. \u201cPuede ser Bomberos, que es una entidad que trabaja muy bien en Ram\u00edrez y son todos trabajadores de distintas empresas. Los bomberos est\u00e1n muy bien formados, muy bien capacitados\u2026 pero dir\u00eda que, por protocolo, no s\u00e9 si todas (las empresas) lo est\u00e1n. Posiblemente, a trav\u00e9s de la ART, pueden haberles brindado alguna capacitaci\u00f3n a los trabajadores, pero no me animar\u00eda a decir que 100 por ciento est\u00e9n en esas condiciones\u201d.<\/p>\n<p><strong>Aunar esfuerzos<\/strong><\/p>\n<p>Torriani consider\u00f3 que la clave es aunar esfuerzos entre las entidades, \u201ccomo lo hicimos ahora entre la Cooperativa La Ganadera, que es una entidad privada; el hospital local, una entidad p\u00fablica, y la Uader, que es una universidad p\u00fablica de la provincia. En esta oportunidad la capacitaci\u00f3n fue sobre primeros auxilios y reanimaci\u00f3n cardiopulmonar, pero cualquier otra tem\u00e1tica que genere conocimiento y aporte, es muy importante\u201d.<\/p>\n<p>El profesional agradeci\u00f3 al docente de la Uader Alexis Ambrosini, qui\u00e9n colabor\u00f3 a dictar la charla y el taller.<\/p>\n<p><strong>Protocolo por accidentes<\/strong><\/p>\n<p>En Argentina se dan aproximadamente 10.000 muertes por accidentes. Sobre este punto, Torriani y Ambrosini se refirieron al Protocolo a seguir. En el caso de accidentes, cuando se llama a un centro asistencial, es prioritario mencionar \u00bfd\u00f3nde estoy? \u00bfqu\u00e9 pas\u00f3? \u00bfcu\u00e1l es la cantidad de v\u00edctimas? \u00bfc\u00f3mo est\u00e1 el accidentado? Sobre este \u00faltimo, la edad aproximada y el sexo de la persona lesionada y, \u00a0si es mujer, \u00a0si se nota embarazo. Adem\u00e1s, debe definirse un punto geogr\u00e1fico que oriente al ambulanciero para llegar al lugar preciso.<em> (AIM)<\/em><\/p>\n","protected":false},"excerpt":{"rendered":"<p>Para saber c&oacute;mo actuar ante una emergencia, integrantes de la Juventud Agraria Cooperativista, y trabajadoras de la Cooperativa&nbsp;La Ganadera General Ram&iacute;rez Limitada&nbsp;participaron de una jornada de Reanimaci&oacute;n Cardiopulmonar (RCP). &ldquo;Cualquier tem&aacute;tica que genere conocimiento y aportes es muy importante, ya que puede contribuir a salvar vidas&rdquo;, confirm&oacute; el director del Hospital ramirense Nuestra Se&ntilde;ora del [&hellip;]<\/p>\n","protected":false},"author":2,"featured_media":0,"comment_status":"open","ping_status":"open","sticky":false,"template":"","format":"standard","meta":{"fifu_image_url":"","fifu_image_alt":"","footnotes":""},"categories":[5],"tags":[],"class_list":{"0":"post-18245","1":"post","2":"type-post","3":"status-publish","4":"format-standard","6":"category-zonales"},"yoast_head":"<title>Ram\u00edrez: capacitan a j\u00f3venes para salvar vidas - Informe Litoral<\/title>\n<meta name=\"robots\" content=\"index, follow, max-snippet:-1, max-image-preview:large, max-video-preview:-1\" \/>\n<link rel=\"canonical\" href=\"https:\/\/informelitoral.com.ar\/capacitan-a-jovenes-para-salvar-vidas\/\" \/>\n<meta property=\"og:locale\" content=\"es_ES\" \/>\n<meta property=\"og:type\" content=\"article\" \/>\n<meta property=\"og:title\" content=\"Ram\u00edrez: capacitan a j\u00f3venes para salvar vidas - Informe Litoral\" \/>\n<meta property=\"og:description\" content=\"Para saber c&oacute;mo actuar ante una emergencia, integrantes de la Juventud Agraria Cooperativista, y trabajadoras de la Cooperativa&nbsp;La Ganadera General Ram&iacute;rez Limitada&nbsp;participaron de una jornada de Reanimaci&oacute;n Cardiopulmonar (RCP). &ldquo;Cualquier tem&aacute;tica que genere conocimiento y aportes es muy importante, ya que puede contribuir a salvar vidas&rdquo;, confirm&oacute; el director del Hospital ramirense Nuestra Se&ntilde;ora del [&hellip;]\" \/>\n<meta property=\"og:url\" content=\"https:\/\/informelitoral.com.ar\/capacitan-a-jovenes-para-salvar-vidas\/\" \/>\n<meta property=\"og:site_name\" content=\"Informe Litoral\" \/>\n<meta property=\"article:publisher\" content=\"https:\/\/www.facebook.com\/informelitoral\/\" \/>\n<meta property=\"article:published_time\" content=\"2016-09-17T03:55:28+00:00\" \/>\n<meta property=\"article:modified_time\" content=\"2016-09-17T03:55:45+00:00\" \/>\n<meta property=\"og:image\" content=\"https:\/\/informelitoral.com.ar\/%77%70%2d%63%6f%6e%74%65%6e%74\/uploads\/2016\/09\/P1010848.jpg\" \/>\n\t<meta property=\"og:image:width\" content=\"4320\" \/>\n\t<meta property=\"og:image:height\" content=\"3240\" \/>\n\t<meta property=\"og:image:type\" content=\"image\/jpeg\" \/>\n<meta name=\"author\" content=\"Gonzalo Schmidt\" \/>\n<meta name=\"twitter:card\" content=\"summary_large_image\" \/>\n<meta name=\"twitter:creator\" content=\"@InformeLitoral\" \/>\n<meta name=\"twitter:site\" content=\"@InformeLitoral\" \/>\n<meta name=\"twitter:label1\" content=\"Escrito por\" \/>\n\t<meta name=\"twitter:data1\" content=\"Gonzalo Schmidt\" \/>\n\t<meta name=\"twitter:label2\" content=\"Tiempo de lectura\" \/>\n\t<meta name=\"twitter:data2\" content=\"5 minutos\" \/>\n<script type=\"application\/ld+json\" class=\"yoast-schema-graph\">{\"@context\":\"https:\\\/\\\/schema.org\",\"@graph\":[{\"@type\":\"Article\",\"@id\":\"https:\\\/\\\/informelitoral.com.ar\\\/capacitan-a-jovenes-para-salvar-vidas\\\/#article\",\"isPartOf\":{\"@id\":\"https:\\\/\\\/informelitoral.com.ar\\\/capacitan-a-jovenes-para-salvar-vidas\\\/\"},\"author\":{\"name\":\"Gonzalo Schmidt\",\"@id\":\"https:\\\/\\\/informelitoral.com.ar\\\/#\\\/schema\\\/person\\\/b9d00407c836482871ef1d57bf8e3180\"},\"headline\":\"Ram\u00edrez: capacitan a j\u00f3venes para salvar vidas\",\"datePublished\":\"2016-09-17T03:55:28+00:00\",\"dateModified\":\"2016-09-17T03:55:45+00:00\",\"mainEntityOfPage\":{\"@id\":\"https:\\\/\\\/informelitoral.com.ar\\\/capacitan-a-jovenes-para-salvar-vidas\\\/\"},\"wordCount\":1063,\"commentCount\":0,\"publisher\":{\"@id\":\"https:\\\/\\\/informelitoral.com.ar\\\/#organization\"},\"image\":{\"@id\":\"https:\\\/\\\/informelitoral.com.ar\\\/capacitan-a-jovenes-para-salvar-vidas\\\/#primaryimage\"},\"thumbnailUrl\":\"http:\\\/\\\/www.isletasnoticias.com.ar\\\/%77%70%2d%63%6f%6e%74%65%6e%74\\\/uploads\\\/2016\\\/09\\\/P1010848-1024x768.jpg\",\"articleSection\":[\"Departamento Diamante\"],\"inLanguage\":\"es\",\"potentialAction\":[{\"@type\":\"CommentAction\",\"name\":\"Comment\",\"target\":[\"https:\\\/\\\/informelitoral.com.ar\\\/capacitan-a-jovenes-para-salvar-vidas\\\/#respond\"]}]},{\"@type\":\"WebPage\",\"@id\":\"https:\\\/\\\/informelitoral.com.ar\\\/capacitan-a-jovenes-para-salvar-vidas\\\/\",\"url\":\"https:\\\/\\\/informelitoral.com.ar\\\/capacitan-a-jovenes-para-salvar-vidas\\\/\",\"name\":\"Ram\u00edrez: capacitan a j\u00f3venes para salvar vidas - Informe Litoral\",\"isPartOf\":{\"@id\":\"https:\\\/\\\/informelitoral.com.ar\\\/#website\"},\"primaryImageOfPage\":{\"@id\":\"https:\\\/\\\/informelitoral.com.ar\\\/capacitan-a-jovenes-para-salvar-vidas\\\/#primaryimage\"},\"image\":{\"@id\":\"https:\\\/\\\/informelitoral.com.ar\\\/capacitan-a-jovenes-para-salvar-vidas\\\/#primaryimage\"},\"thumbnailUrl\":\"http:\\\/\\\/www.isletasnoticias.com.ar\\\/%77%70%2d%63%6f%6e%74%65%6e%74\\\/uploads\\\/2016\\\/09\\\/P1010848-1024x768.jpg\",\"datePublished\":\"2016-09-17T03:55:28+00:00\",\"dateModified\":\"2016-09-17T03:55:45+00:00\",\"breadcrumb\":{\"@id\":\"https:\\\/\\\/informelitoral.com.ar\\\/capacitan-a-jovenes-para-salvar-vidas\\\/#breadcrumb\"},\"inLanguage\":\"es\",\"potentialAction\":[{\"@type\":\"ReadAction\",\"target\":[\"https:\\\/\\\/informelitoral.com.ar\\\/capacitan-a-jovenes-para-salvar-vidas\\\/\"]}]},{\"@type\":\"ImageObject\",\"inLanguage\":\"es\",\"@id\":\"https:\\\/\\\/informelitoral.com.ar\\\/capacitan-a-jovenes-para-salvar-vidas\\\/#primaryimage\",\"url\":\"http:\\\/\\\/www.isletasnoticias.com.ar\\\/%77%70%2d%63%6f%6e%74%65%6e%74\\\/uploads\\\/2016\\\/09\\\/P1010848-1024x768.jpg\",\"contentUrl\":\"http:\\\/\\\/www.isletasnoticias.com.ar\\\/%77%70%2d%63%6f%6e%74%65%6e%74\\\/uploads\\\/2016\\\/09\\\/P1010848-1024x768.jpg\"},{\"@type\":\"BreadcrumbList\",\"@id\":\"https:\\\/\\\/informelitoral.com.ar\\\/capacitan-a-jovenes-para-salvar-vidas\\\/#breadcrumb\",\"itemListElement\":[{\"@type\":\"ListItem\",\"position\":1,\"name\":\"Portada\",\"item\":\"https:\\\/\\\/informelitoral.com.ar\\\/\"},{\"@type\":\"ListItem\",\"position\":2,\"name\":\"Ram\u00edrez: capacitan a j\u00f3venes para salvar vidas\"}]},{\"@type\":\"WebSite\",\"@id\":\"https:\\\/\\\/informelitoral.com.ar\\\/#website\",\"url\":\"https:\\\/\\\/informelitoral.com.ar\\\/\",\"name\":\"Informe Litoral\",\"description\":\"&quot;Nos informamos&quot; \",\"publisher\":{\"@id\":\"https:\\\/\\\/informelitoral.com.ar\\\/#organization\"},\"potentialAction\":[{\"@type\":\"SearchAction\",\"target\":{\"@type\":\"EntryPoint\",\"urlTemplate\":\"https:\\\/\\\/informelitoral.com.ar\\\/?s={search_term_string}\"},\"query-input\":{\"@type\":\"PropertyValueSpecification\",\"valueRequired\":true,\"valueName\":\"search_term_string\"}}],\"inLanguage\":\"es\"},{\"@type\":\"Organization\",\"@id\":\"https:\\\/\\\/informelitoral.com.ar\\\/#organization\",\"name\":\"Informe Litoral\",\"url\":\"https:\\\/\\\/informelitoral.com.ar\\\/\",\"logo\":{\"@type\":\"ImageObject\",\"inLanguage\":\"es\",\"@id\":\"https:\\\/\\\/informelitoral.com.ar\\\/#\\\/schema\\\/logo\\\/image\\\/\",\"url\":\"https:\\\/\\\/informelitoral.com.ar\\\/%77%70%2d%63%6f%6e%74%65%6e%74\\\/uploads\\\/2021\\\/01\\\/circulo.png\",\"contentUrl\":\"https:\\\/\\\/informelitoral.com.ar\\\/%77%70%2d%63%6f%6e%74%65%6e%74\\\/uploads\\\/2021\\\/01\\\/circulo.png\",\"width\":723,\"height\":731,\"caption\":\"Informe Litoral\"},\"image\":{\"@id\":\"https:\\\/\\\/informelitoral.com.ar\\\/#\\\/schema\\\/logo\\\/image\\\/\"},\"sameAs\":[\"https:\\\/\\\/www.facebook.com\\\/informelitoral\\\/\",\"https:\\\/\\\/x.com\\\/InformeLitoral\",\"https:\\\/\\\/www.instagram.com\\\/informelitoral\\\/\",\"https:\\\/\\\/www.youtube.com\\\/channel\\\/UCua4Qvz8Icb6MYqhoq9xLXw\"]},{\"@type\":\"Person\",\"@id\":\"https:\\\/\\\/informelitoral.com.ar\\\/#\\\/schema\\\/person\\\/b9d00407c836482871ef1d57bf8e3180\",\"name\":\"Gonzalo Schmidt\",\"image\":{\"@type\":\"ImageObject\",\"inLanguage\":\"es\",\"@id\":\"https:\\\/\\\/secure.gravatar.com\\\/avatar\\\/31a1a7b66ff2de83bd0e9fd79d026630d2d99e55e8bfe501287647b4fd9743de?s=96&d=mm&r=g\",\"url\":\"https:\\\/\\\/secure.gravatar.com\\\/avatar\\\/31a1a7b66ff2de83bd0e9fd79d026630d2d99e55e8bfe501287647b4fd9743de?s=96&d=mm&r=g\",\"contentUrl\":\"https:\\\/\\\/secure.gravatar.com\\\/avatar\\\/31a1a7b66ff2de83bd0e9fd79d026630d2d99e55e8bfe501287647b4fd9743de?s=96&d=mm&r=g\",\"caption\":\"Gonzalo Schmidt\"},\"description\":\"Sitio web de noticias de la provincia de Entre R\u00edos, Argentina. Informaci\u00f3n y entretenimiento. Informe Litoral, nos informamos.\",\"sameAs\":[\"http:\\\/\\\/www.isletasnoticias.com.ar\"],\"url\":\"https:\\\/\\\/informelitoral.com.ar\\\/author\\\/gonzalo\\\/\"}]}<\/script>","yoast_head_json":{"title":"Ram\u00edrez: capacitan a j\u00f3venes para salvar vidas - Informe Litoral","robots":{"index":"index","follow":"follow","max-snippet":"max-snippet:-1","max-image-preview":"max-image-preview:large","max-video-preview":"max-video-preview:-1"},"canonical":"https:\/\/informelitoral.com.ar\/capacitan-a-jovenes-para-salvar-vidas\/","og_locale":"es_ES","og_type":"article","og_title":"Ram\u00edrez: capacitan a j\u00f3venes para salvar vidas - Informe Litoral","og_description":"Para saber c&oacute;mo actuar ante una emergencia, integrantes de la Juventud Agraria Cooperativista, y trabajadoras de la Cooperativa&nbsp;La Ganadera General Ram&iacute;rez Limitada&nbsp;participaron de una jornada de Reanimaci&oacute;n Cardiopulmonar (RCP). &ldquo;Cualquier tem&aacute;tica que genere conocimiento y aportes es muy importante, ya que puede contribuir a salvar vidas&rdquo;, confirm&oacute; el director del Hospital ramirense Nuestra Se&ntilde;ora del [&hellip;]","og_url":"https:\/\/informelitoral.com.ar\/capacitan-a-jovenes-para-salvar-vidas\/","og_site_name":"Informe Litoral","article_publisher":"https:\/\/www.facebook.com\/informelitoral\/","article_published_time":"2016-09-17T03:55:28+00:00","article_modified_time":"2016-09-17T03:55:45+00:00","og_image":[{"width":4320,"height":3240,"url":"https:\/\/informelitoral.com.ar\/%77%70%2d%63%6f%6e%74%65%6e%74\/uploads\/2016\/09\/P1010848.jpg","type":"image\/jpeg"}],"author":"Gonzalo Schmidt","twitter_card":"summary_large_image","twitter_creator":"@InformeLitoral","twitter_site":"@InformeLitoral","twitter_misc":{"Escrito por":"Gonzalo Schmidt","Tiempo de lectura":"5 minutos"},"schema":{"@context":"https:\/\/schema.org","@graph":[{"@type":"Article","@id":"https:\/\/informelitoral.com.ar\/capacitan-a-jovenes-para-salvar-vidas\/#article","isPartOf":{"@id":"https:\/\/informelitoral.com.ar\/capacitan-a-jovenes-para-salvar-vidas\/"},"author":{"name":"Gonzalo Schmidt","@id":"https:\/\/informelitoral.com.ar\/#\/schema\/person\/b9d00407c836482871ef1d57bf8e3180"},"headline":"Ram\u00edrez: capacitan a j\u00f3venes para salvar vidas","datePublished":"2016-09-17T03:55:28+00:00","dateModified":"2016-09-17T03:55:45+00:00","mainEntityOfPage":{"@id":"https:\/\/informelitoral.com.ar\/capacitan-a-jovenes-para-salvar-vidas\/"},"wordCount":1063,"commentCount":0,"publisher":{"@id":"https:\/\/informelitoral.com.ar\/#organization"},"image":{"@id":"https:\/\/informelitoral.com.ar\/capacitan-a-jovenes-para-salvar-vidas\/#primaryimage"},"thumbnailUrl":"http:\/\/www.isletasnoticias.com.ar\/%77%70%2d%63%6f%6e%74%65%6e%74\/uploads\/2016\/09\/P1010848-1024x768.jpg","articleSection":["Departamento Diamante"],"inLanguage":"es","potentialAction":[{"@type":"CommentAction","name":"Comment","target":["https:\/\/informelitoral.com.ar\/capacitan-a-jovenes-para-salvar-vidas\/#respond"]}]},{"@type":"WebPage","@id":"https:\/\/informelitoral.com.ar\/capacitan-a-jovenes-para-salvar-vidas\/","url":"https:\/\/informelitoral.com.ar\/capacitan-a-jovenes-para-salvar-vidas\/","name":"Ram\u00edrez: capacitan a j\u00f3venes para salvar vidas - Informe Litoral","isPartOf":{"@id":"https:\/\/informelitoral.com.ar\/#website"},"primaryImageOfPage":{"@id":"https:\/\/informelitoral.com.ar\/capacitan-a-jovenes-para-salvar-vidas\/#primaryimage"},"image":{"@id":"https:\/\/informelitoral.com.ar\/capacitan-a-jovenes-para-salvar-vidas\/#primaryimage"},"thumbnailUrl":"http:\/\/www.isletasnoticias.com.ar\/%77%70%2d%63%6f%6e%74%65%6e%74\/uploads\/2016\/09\/P1010848-1024x768.jpg","datePublished":"2016-09-17T03:55:28+00:00","dateModified":"2016-09-17T03:55:45+00:00","breadcrumb":{"@id":"https:\/\/informelitoral.com.ar\/capacitan-a-jovenes-para-salvar-vidas\/#breadcrumb"},"inLanguage":"es","potentialAction":[{"@type":"ReadAction","target":["https:\/\/informelitoral.com.ar\/capacitan-a-jovenes-para-salvar-vidas\/"]}]},{"@type":"ImageObject","inLanguage":"es","@id":"https:\/\/informelitoral.com.ar\/capacitan-a-jovenes-para-salvar-vidas\/#primaryimage","url":"http:\/\/www.isletasnoticias.com.ar\/%77%70%2d%63%6f%6e%74%65%6e%74\/uploads\/2016\/09\/P1010848-1024x768.jpg","contentUrl":"http:\/\/www.isletasnoticias.com.ar\/%77%70%2d%63%6f%6e%74%65%6e%74\/uploads\/2016\/09\/P1010848-1024x768.jpg"},{"@type":"BreadcrumbList","@id":"https:\/\/informelitoral.com.ar\/capacitan-a-jovenes-para-salvar-vidas\/#breadcrumb","itemListElement":[{"@type":"ListItem","position":1,"name":"Portada","item":"https:\/\/informelitoral.com.ar\/"},{"@type":"ListItem","position":2,"name":"Ram\u00edrez: capacitan a j\u00f3venes para salvar vidas"}]},{"@type":"WebSite","@id":"https:\/\/informelitoral.com.ar\/#website","url":"https:\/\/informelitoral.com.ar\/","name":"Informe Litoral","description":"&quot;Nos informamos&quot; ","publisher":{"@id":"https:\/\/informelitoral.com.ar\/#organization"},"potentialAction":[{"@type":"SearchAction","target":{"@type":"EntryPoint","urlTemplate":"https:\/\/informelitoral.com.ar\/?s={search_term_string}"},"query-input":{"@type":"PropertyValueSpecification","valueRequired":true,"valueName":"search_term_string"}}],"inLanguage":"es"},{"@type":"Organization","@id":"https:\/\/informelitoral.com.ar\/#organization","name":"Informe Litoral","url":"https:\/\/informelitoral.com.ar\/","logo":{"@type":"ImageObject","inLanguage":"es","@id":"https:\/\/informelitoral.com.ar\/#\/schema\/logo\/image\/","url":"https:\/\/informelitoral.com.ar\/%77%70%2d%63%6f%6e%74%65%6e%74\/uploads\/2021\/01\/circulo.png","contentUrl":"https:\/\/informelitoral.com.ar\/%77%70%2d%63%6f%6e%74%65%6e%74\/uploads\/2021\/01\/circulo.png","width":723,"height":731,"caption":"Informe Litoral"},"image":{"@id":"https:\/\/informelitoral.com.ar\/#\/schema\/logo\/image\/"},"sameAs":["https:\/\/www.facebook.com\/informelitoral\/","https:\/\/x.com\/InformeLitoral","https:\/\/www.instagram.com\/informelitoral\/","https:\/\/www.youtube.com\/channel\/UCua4Qvz8Icb6MYqhoq9xLXw"]},{"@type":"Person","@id":"https:\/\/informelitoral.com.ar\/#\/schema\/person\/b9d00407c836482871ef1d57bf8e3180","name":"Gonzalo Schmidt","image":{"@type":"ImageObject","inLanguage":"es","@id":"https:\/\/secure.gravatar.com\/avatar\/31a1a7b66ff2de83bd0e9fd79d026630d2d99e55e8bfe501287647b4fd9743de?s=96&d=mm&r=g","url":"https:\/\/secure.gravatar.com\/avatar\/31a1a7b66ff2de83bd0e9fd79d026630d2d99e55e8bfe501287647b4fd9743de?s=96&d=mm&r=g","contentUrl":"https:\/\/secure.gravatar.com\/avatar\/31a1a7b66ff2de83bd0e9fd79d026630d2d99e55e8bfe501287647b4fd9743de?s=96&d=mm&r=g","caption":"Gonzalo Schmidt"},"description":"Sitio web de noticias de la provincia de Entre R\u00edos, Argentina. Informaci\u00f3n y entretenimiento. Informe Litoral, nos informamos.","sameAs":["http:\/\/www.isletasnoticias.com.ar"],"url":"https:\/\/informelitoral.com.ar\/author\/gonzalo\/"}]}},"_links":{"self":[{"href":"https:\/\/informelitoral.com.ar\/%77%70%2d%6a%73%6f%6e\/wp\/v2\/posts\/18245","targetHints":{"allow":["GET"]}}],"collection":[{"href":"https:\/\/informelitoral.com.ar\/%77%70%2d%6a%73%6f%6e\/wp\/v2\/posts"}],"about":[{"href":"https:\/\/informelitoral.com.ar\/%77%70%2d%6a%73%6f%6e\/wp\/v2\/types\/post"}],"author":[{"embeddable":true,"href":"https:\/\/informelitoral.com.ar\/%77%70%2d%6a%73%6f%6e\/wp\/v2\/users\/2"}],"replies":[{"embeddable":true,"href":"https:\/\/informelitoral.com.ar\/%77%70%2d%6a%73%6f%6e\/wp\/v2\/comments?post=18245"}],"version-history":[{"count":0,"href":"https:\/\/informelitoral.com.ar\/%77%70%2d%6a%73%6f%6e\/wp\/v2\/posts\/18245\/revisions"}],"wp:attachment":[{"href":"https:\/\/informelitoral.com.ar\/%77%70%2d%6a%73%6f%6e\/wp\/v2\/media?parent=18245"}],"wp:term":[{"taxonomy":"category","embeddable":true,"href":"https:\/\/informelitoral.com.ar\/%77%70%2d%6a%73%6f%6e\/wp\/v2\/categories?post=18245"},{"taxonomy":"post_tag","embeddable":true,"href":"https:\/\/informelitoral.com.ar\/%77%70%2d%6a%73%6f%6e\/wp\/v2\/tags?post=18245"}],"curies":[{"name":"wp","href":"https:\/\/api.w.org\/{rel}","templated":true}]}}