{"id":18240,"date":"2016-09-17T00:01:30","date_gmt":"2016-09-17T03:01:30","guid":{"rendered":"http:\/\/www.isletasnoticias.com.ar\/?p=18240"},"modified":"2016-09-17T09:01:50","modified_gmt":"2016-09-17T12:01:50","slug":"quieren-que-la-provincia-adhiera-a-la-ley-de-apoyo-a-las-pymes","status":"publish","type":"post","link":"https:\/\/informelitoral.com.ar\/quieren-que-la-provincia-adhiera-a-la-ley-de-apoyo-a-las-pymes\/","title":{"rendered":"Quieren que la provincia adhiera a la ley de apoyo a las Pymes"},"content":{"rendered":"<div id=\"x_yiv3859025393yui_3_16_0_ym19_1_1474044180715_4009\"><strong>Formalmente bautizada Programa de Recuperaci\u00f3n Productiva aunque conocida como \u201cley de Pymes\u201d, la norma nacional 27264, que fuera sancionada a mitad de julio por el Congreso, podr\u00eda tener alcance provincial si avanza en la Legislatura un proyecto que propone adherir a esa ley. El texto es autor\u00eda de <em>Jorge Monge<\/em> (Cambiemos-Diamante), y tiene el acompa\u00f1amiento de sus pares de bancada.<a href=\"http:\/\/www.isletasnoticias.com.ar\/%77%70%2d%63%6f%6e%74%65%6e%74\/uploads\/2016\/09\/pyme2.jpg\"><img loading=\"lazy\" decoding=\"async\" class=\"aligncenter wp-image-18241 size-full\" src=\"http:\/\/www.isletasnoticias.com.ar\/%77%70%2d%63%6f%6e%74%65%6e%74\/uploads\/2016\/09\/pyme2.jpg\" alt=\"pyme2\" width=\"1008\" height=\"566\" srcset=\"https:\/\/informelitoral.com.ar\/%77%70%2d%63%6f%6e%74%65%6e%74\/uploads\/2016\/09\/pyme2.jpg 1008w, https:\/\/informelitoral.com.ar\/%77%70%2d%63%6f%6e%74%65%6e%74\/uploads\/2016\/09\/pyme2-300x168.jpg 300w, https:\/\/informelitoral.com.ar\/%77%70%2d%63%6f%6e%74%65%6e%74\/uploads\/2016\/09\/pyme2-768x431.jpg 768w\" sizes=\"auto, (max-width: 1008px) 100vw, 1008px\" \/><\/a><\/strong><\/div>\n<div>Esta norma establece \u201cbeneficios significativos para las Micro, Peque\u00f1as y Medianas Empresas, regulando aspectos relevantes del quehacer productivo vinculado a un nuevo r\u00e9gimen de fomento de inversiones, financiamiento de la actividad de las empresas encuadradas en estas categor\u00edas, y tratamiento impositivo especial, conformando un conjunto de medidas orientadas a incentivar la creaci\u00f3n de nuevas empresas y a provocar un impacto favorable en la situaci\u00f3n de las ya existentes, fortaleciendo la realidad del sector econ\u00f3mico productivo apuntalado por la norma\u201d, record\u00f3 el legislador en el proyecto.<\/p>\n<p>Entre las medidas que incluye la ley en beneficio de este sector productivo, Monge record\u00f3 la \u201cexclusi\u00f3n del impuesto a la ganancia m\u00ednima presunta, beneficios sobre el impuesto a los cr\u00e9ditos y d\u00e9bitos en Cuentas bancarias y otras operatorias, Estabilidad Fiscal asegurada durante el per\u00edodo de vigencia \u2013 hasta el 31\/12\/2018- para inversiones productivas, no pudiendo incrementarse las cargas tributarias, Pago a Cuenta en el impuesto a las ganancias por Inversiones Productivas, Bono de cr\u00e9dito fiscal por inversiones en bienes de capital y en obras de infraestructura, R\u00e9gimen de bonificaci\u00f3n de tasas\u201d.<\/p>\n<p>De esta forma, el art\u00edculo 1\u00ba del proyecto de ley propone adherir \u201ca la Ley Nacional N\u00ba\u00a027264 por la cual se instituye con car\u00e1cter permanente el Programa de Recuperaci\u00f3n Productiva, regulando lo atinente al fomento de las inversiones, financiamiento y tratamiento impositivo especial para el fortalecimiento de las Micro, Peque\u00f1as y Medianas Empresas; que ser\u00e1 de aplicaci\u00f3n en todo el \u00e1mbito del territorio provincial y regir\u00e1 con los alcances y \u00a0limitaciones establecidos en la referida ley nacional y las normas reglamentarias que en su consecuencia dicte la autoridad de aplicaci\u00f3n\u201d.<\/p>\n<p>El Ministerio de Producci\u00f3n ser\u00e1 la autoridad de aplicaci\u00f3n, y se invita a las municipalidades de la provincia a adherir a la Ley Nacional N\u00ba\u00a027264, por medio del dictado de las normas correspondientes y en igual sentido.<em> (RecintoNet)<\/em><\/div>\n<div id=\"x_yiv3859025393yui_3_16_0_ym19_1_1474044180715_4010\"><\/div>\n","protected":false},"excerpt":{"rendered":"<p>Formalmente bautizada Programa de Recuperaci&oacute;n Productiva aunque conocida como &ldquo;ley de Pymes&rdquo;, la norma nacional 27264, que fuera sancionada a mitad de julio por el Congreso, podr&iacute;a tener alcance provincial si avanza en la Legislatura un proyecto que propone adherir a esa ley. El texto es autor&iacute;a de Jorge Monge (Cambiemos-Diamante), y tiene el acompa&ntilde;amiento [&hellip;]<\/p>\n","protected":false},"author":2,"featured_media":0,"comment_status":"open","ping_status":"open","sticky":false,"template":"","format":"standard","meta":{"fifu_image_url":"","fifu_image_alt":"","footnotes":""},"categories":[6,16],"tags":[],"class_list":{"0":"post-18240","1":"post","2":"type-post","3":"status-publish","4":"format-standard","6":"category-entre-rios","7":"category-politi"},"yoast_head":"<title>Quieren que la provincia adhiera a la ley de apoyo a las Pymes - Informe Litoral<\/title>\n<meta name=\"robots\" content=\"index, follow, max-snippet:-1, max-image-preview:large, max-video-preview:-1\" \/>\n<link rel=\"canonical\" href=\"https:\/\/informelitoral.com.ar\/quieren-que-la-provincia-adhiera-a-la-ley-de-apoyo-a-las-pymes\/\" \/>\n<meta property=\"og:locale\" content=\"es_ES\" \/>\n<meta property=\"og:type\" content=\"article\" \/>\n<meta property=\"og:title\" content=\"Quieren que la provincia adhiera a la ley de apoyo a las Pymes - Informe Litoral\" \/>\n<meta property=\"og:description\" content=\"Formalmente bautizada Programa de Recuperaci&oacute;n Productiva aunque conocida como &ldquo;ley de Pymes&rdquo;, la norma nacional 27264, que fuera sancionada a mitad de julio por el Congreso, podr&iacute;a tener alcance provincial si avanza en la Legislatura un proyecto que propone adherir a esa ley. El texto es autor&iacute;a de Jorge Monge (Cambiemos-Diamante), y tiene el acompa&ntilde;amiento [&hellip;]\" \/>\n<meta property=\"og:url\" content=\"https:\/\/informelitoral.com.ar\/quieren-que-la-provincia-adhiera-a-la-ley-de-apoyo-a-las-pymes\/\" \/>\n<meta property=\"og:site_name\" content=\"Informe Litoral\" \/>\n<meta property=\"article:publisher\" content=\"https:\/\/www.facebook.com\/informelitoral\/\" \/>\n<meta property=\"article:published_time\" content=\"2016-09-17T03:01:30+00:00\" \/>\n<meta property=\"article:modified_time\" content=\"2016-09-17T12:01:50+00:00\" \/>\n<meta property=\"og:image\" content=\"https:\/\/informelitoral.com.ar\/%77%70%2d%63%6f%6e%74%65%6e%74\/uploads\/2016\/09\/pyme2.jpg\" \/>\n\t<meta property=\"og:image:width\" content=\"1008\" \/>\n\t<meta property=\"og:image:height\" content=\"566\" \/>\n\t<meta property=\"og:image:type\" content=\"image\/jpeg\" \/>\n<meta name=\"author\" content=\"Gonzalo Schmidt\" \/>\n<meta name=\"twitter:card\" content=\"summary_large_image\" \/>\n<meta name=\"twitter:creator\" content=\"@InformeLitoral\" \/>\n<meta name=\"twitter:site\" content=\"@InformeLitoral\" \/>\n<meta name=\"twitter:label1\" content=\"Escrito por\" \/>\n\t<meta name=\"twitter:data1\" content=\"Gonzalo Schmidt\" \/>\n\t<meta name=\"twitter:label2\" content=\"Tiempo de lectura\" \/>\n\t<meta name=\"twitter:data2\" content=\"2 minutos\" \/>\n<script type=\"application\/ld+json\" class=\"yoast-schema-graph\">{\"@context\":\"https:\\\/\\\/schema.org\",\"@graph\":[{\"@type\":\"Article\",\"@id\":\"https:\\\/\\\/informelitoral.com.ar\\\/quieren-que-la-provincia-adhiera-a-la-ley-de-apoyo-a-las-pymes\\\/#article\",\"isPartOf\":{\"@id\":\"https:\\\/\\\/informelitoral.com.ar\\\/quieren-que-la-provincia-adhiera-a-la-ley-de-apoyo-a-las-pymes\\\/\"},\"author\":{\"name\":\"Gonzalo Schmidt\",\"@id\":\"https:\\\/\\\/informelitoral.com.ar\\\/#\\\/schema\\\/person\\\/b9d00407c836482871ef1d57bf8e3180\"},\"headline\":\"Quieren que la provincia adhiera a la ley de apoyo a las Pymes\",\"datePublished\":\"2016-09-17T03:01:30+00:00\",\"dateModified\":\"2016-09-17T12:01:50+00:00\",\"mainEntityOfPage\":{\"@id\":\"https:\\\/\\\/informelitoral.com.ar\\\/quieren-que-la-provincia-adhiera-a-la-ley-de-apoyo-a-las-pymes\\\/\"},\"wordCount\":401,\"commentCount\":0,\"publisher\":{\"@id\":\"https:\\\/\\\/informelitoral.com.ar\\\/#organization\"},\"image\":{\"@id\":\"https:\\\/\\\/informelitoral.com.ar\\\/quieren-que-la-provincia-adhiera-a-la-ley-de-apoyo-a-las-pymes\\\/#primaryimage\"},\"thumbnailUrl\":\"http:\\\/\\\/www.isletasnoticias.com.ar\\\/%77%70%2d%63%6f%6e%74%65%6e%74\\\/uploads\\\/2016\\\/09\\\/pyme2.jpg\",\"articleSection\":[\"Entre R\u00edos\",\"Politica\"],\"inLanguage\":\"es\",\"potentialAction\":[{\"@type\":\"CommentAction\",\"name\":\"Comment\",\"target\":[\"https:\\\/\\\/informelitoral.com.ar\\\/quieren-que-la-provincia-adhiera-a-la-ley-de-apoyo-a-las-pymes\\\/#respond\"]}]},{\"@type\":\"WebPage\",\"@id\":\"https:\\\/\\\/informelitoral.com.ar\\\/quieren-que-la-provincia-adhiera-a-la-ley-de-apoyo-a-las-pymes\\\/\",\"url\":\"https:\\\/\\\/informelitoral.com.ar\\\/quieren-que-la-provincia-adhiera-a-la-ley-de-apoyo-a-las-pymes\\\/\",\"name\":\"Quieren que la provincia adhiera a la ley de apoyo a las Pymes - Informe Litoral\",\"isPartOf\":{\"@id\":\"https:\\\/\\\/informelitoral.com.ar\\\/#website\"},\"primaryImageOfPage\":{\"@id\":\"https:\\\/\\\/informelitoral.com.ar\\\/quieren-que-la-provincia-adhiera-a-la-ley-de-apoyo-a-las-pymes\\\/#primaryimage\"},\"image\":{\"@id\":\"https:\\\/\\\/informelitoral.com.ar\\\/quieren-que-la-provincia-adhiera-a-la-ley-de-apoyo-a-las-pymes\\\/#primaryimage\"},\"thumbnailUrl\":\"http:\\\/\\\/www.isletasnoticias.com.ar\\\/%77%70%2d%63%6f%6e%74%65%6e%74\\\/uploads\\\/2016\\\/09\\\/pyme2.jpg\",\"datePublished\":\"2016-09-17T03:01:30+00:00\",\"dateModified\":\"2016-09-17T12:01:50+00:00\",\"breadcrumb\":{\"@id\":\"https:\\\/\\\/informelitoral.com.ar\\\/quieren-que-la-provincia-adhiera-a-la-ley-de-apoyo-a-las-pymes\\\/#breadcrumb\"},\"inLanguage\":\"es\",\"potentialAction\":[{\"@type\":\"ReadAction\",\"target\":[\"https:\\\/\\\/informelitoral.com.ar\\\/quieren-que-la-provincia-adhiera-a-la-ley-de-apoyo-a-las-pymes\\\/\"]}]},{\"@type\":\"ImageObject\",\"inLanguage\":\"es\",\"@id\":\"https:\\\/\\\/informelitoral.com.ar\\\/quieren-que-la-provincia-adhiera-a-la-ley-de-apoyo-a-las-pymes\\\/#primaryimage\",\"url\":\"http:\\\/\\\/www.isletasnoticias.com.ar\\\/%77%70%2d%63%6f%6e%74%65%6e%74\\\/uploads\\\/2016\\\/09\\\/pyme2.jpg\",\"contentUrl\":\"http:\\\/\\\/www.isletasnoticias.com.ar\\\/%77%70%2d%63%6f%6e%74%65%6e%74\\\/uploads\\\/2016\\\/09\\\/pyme2.jpg\"},{\"@type\":\"BreadcrumbList\",\"@id\":\"https:\\\/\\\/informelitoral.com.ar\\\/quieren-que-la-provincia-adhiera-a-la-ley-de-apoyo-a-las-pymes\\\/#breadcrumb\",\"itemListElement\":[{\"@type\":\"ListItem\",\"position\":1,\"name\":\"Portada\",\"item\":\"https:\\\/\\\/informelitoral.com.ar\\\/\"},{\"@type\":\"ListItem\",\"position\":2,\"name\":\"Quieren que la provincia adhiera a la ley de apoyo a las Pymes\"}]},{\"@type\":\"WebSite\",\"@id\":\"https:\\\/\\\/informelitoral.com.ar\\\/#website\",\"url\":\"https:\\\/\\\/informelitoral.com.ar\\\/\",\"name\":\"Informe Litoral\",\"description\":\"&quot;Nos informamos&quot; \",\"publisher\":{\"@id\":\"https:\\\/\\\/informelitoral.com.ar\\\/#organization\"},\"potentialAction\":[{\"@type\":\"SearchAction\",\"target\":{\"@type\":\"EntryPoint\",\"urlTemplate\":\"https:\\\/\\\/informelitoral.com.ar\\\/?s={search_term_string}\"},\"query-input\":{\"@type\":\"PropertyValueSpecification\",\"valueRequired\":true,\"valueName\":\"search_term_string\"}}],\"inLanguage\":\"es\"},{\"@type\":\"Organization\",\"@id\":\"https:\\\/\\\/informelitoral.com.ar\\\/#organization\",\"name\":\"Informe Litoral\",\"url\":\"https:\\\/\\\/informelitoral.com.ar\\\/\",\"logo\":{\"@type\":\"ImageObject\",\"inLanguage\":\"es\",\"@id\":\"https:\\\/\\\/informelitoral.com.ar\\\/#\\\/schema\\\/logo\\\/image\\\/\",\"url\":\"https:\\\/\\\/informelitoral.com.ar\\\/%77%70%2d%63%6f%6e%74%65%6e%74\\\/uploads\\\/2021\\\/01\\\/circulo.png\",\"contentUrl\":\"https:\\\/\\\/informelitoral.com.ar\\\/%77%70%2d%63%6f%6e%74%65%6e%74\\\/uploads\\\/2021\\\/01\\\/circulo.png\",\"width\":723,\"height\":731,\"caption\":\"Informe Litoral\"},\"image\":{\"@id\":\"https:\\\/\\\/informelitoral.com.ar\\\/#\\\/schema\\\/logo\\\/image\\\/\"},\"sameAs\":[\"https:\\\/\\\/www.facebook.com\\\/informelitoral\\\/\",\"https:\\\/\\\/x.com\\\/InformeLitoral\",\"https:\\\/\\\/www.instagram.com\\\/informelitoral\\\/\",\"https:\\\/\\\/www.youtube.com\\\/channel\\\/UCua4Qvz8Icb6MYqhoq9xLXw\"]},{\"@type\":\"Person\",\"@id\":\"https:\\\/\\\/informelitoral.com.ar\\\/#\\\/schema\\\/person\\\/b9d00407c836482871ef1d57bf8e3180\",\"name\":\"Gonzalo Schmidt\",\"image\":{\"@type\":\"ImageObject\",\"inLanguage\":\"es\",\"@id\":\"https:\\\/\\\/secure.gravatar.com\\\/avatar\\\/31a1a7b66ff2de83bd0e9fd79d026630d2d99e55e8bfe501287647b4fd9743de?s=96&d=mm&r=g\",\"url\":\"https:\\\/\\\/secure.gravatar.com\\\/avatar\\\/31a1a7b66ff2de83bd0e9fd79d026630d2d99e55e8bfe501287647b4fd9743de?s=96&d=mm&r=g\",\"contentUrl\":\"https:\\\/\\\/secure.gravatar.com\\\/avatar\\\/31a1a7b66ff2de83bd0e9fd79d026630d2d99e55e8bfe501287647b4fd9743de?s=96&d=mm&r=g\",\"caption\":\"Gonzalo Schmidt\"},\"description\":\"Sitio web de noticias de la provincia de Entre R\u00edos, Argentina. Informaci\u00f3n y entretenimiento. Informe Litoral, nos informamos.\",\"sameAs\":[\"http:\\\/\\\/www.isletasnoticias.com.ar\"],\"url\":\"https:\\\/\\\/informelitoral.com.ar\\\/author\\\/gonzalo\\\/\"}]}<\/script>","yoast_head_json":{"title":"Quieren que la provincia adhiera a la ley de apoyo a las Pymes - Informe Litoral","robots":{"index":"index","follow":"follow","max-snippet":"max-snippet:-1","max-image-preview":"max-image-preview:large","max-video-preview":"max-video-preview:-1"},"canonical":"https:\/\/informelitoral.com.ar\/quieren-que-la-provincia-adhiera-a-la-ley-de-apoyo-a-las-pymes\/","og_locale":"es_ES","og_type":"article","og_title":"Quieren que la provincia adhiera a la ley de apoyo a las Pymes - Informe Litoral","og_description":"Formalmente bautizada Programa de Recuperaci&oacute;n Productiva aunque conocida como &ldquo;ley de Pymes&rdquo;, la norma nacional 27264, que fuera sancionada a mitad de julio por el Congreso, podr&iacute;a tener alcance provincial si avanza en la Legislatura un proyecto que propone adherir a esa ley. El texto es autor&iacute;a de Jorge Monge (Cambiemos-Diamante), y tiene el acompa&ntilde;amiento [&hellip;]","og_url":"https:\/\/informelitoral.com.ar\/quieren-que-la-provincia-adhiera-a-la-ley-de-apoyo-a-las-pymes\/","og_site_name":"Informe Litoral","article_publisher":"https:\/\/www.facebook.com\/informelitoral\/","article_published_time":"2016-09-17T03:01:30+00:00","article_modified_time":"2016-09-17T12:01:50+00:00","og_image":[{"width":1008,"height":566,"url":"https:\/\/informelitoral.com.ar\/%77%70%2d%63%6f%6e%74%65%6e%74\/uploads\/2016\/09\/pyme2.jpg","type":"image\/jpeg"}],"author":"Gonzalo Schmidt","twitter_card":"summary_large_image","twitter_creator":"@InformeLitoral","twitter_site":"@InformeLitoral","twitter_misc":{"Escrito por":"Gonzalo Schmidt","Tiempo de lectura":"2 minutos"},"schema":{"@context":"https:\/\/schema.org","@graph":[{"@type":"Article","@id":"https:\/\/informelitoral.com.ar\/quieren-que-la-provincia-adhiera-a-la-ley-de-apoyo-a-las-pymes\/#article","isPartOf":{"@id":"https:\/\/informelitoral.com.ar\/quieren-que-la-provincia-adhiera-a-la-ley-de-apoyo-a-las-pymes\/"},"author":{"name":"Gonzalo Schmidt","@id":"https:\/\/informelitoral.com.ar\/#\/schema\/person\/b9d00407c836482871ef1d57bf8e3180"},"headline":"Quieren que la provincia adhiera a la ley de apoyo a las Pymes","datePublished":"2016-09-17T03:01:30+00:00","dateModified":"2016-09-17T12:01:50+00:00","mainEntityOfPage":{"@id":"https:\/\/informelitoral.com.ar\/quieren-que-la-provincia-adhiera-a-la-ley-de-apoyo-a-las-pymes\/"},"wordCount":401,"commentCount":0,"publisher":{"@id":"https:\/\/informelitoral.com.ar\/#organization"},"image":{"@id":"https:\/\/informelitoral.com.ar\/quieren-que-la-provincia-adhiera-a-la-ley-de-apoyo-a-las-pymes\/#primaryimage"},"thumbnailUrl":"http:\/\/www.isletasnoticias.com.ar\/%77%70%2d%63%6f%6e%74%65%6e%74\/uploads\/2016\/09\/pyme2.jpg","articleSection":["Entre R\u00edos","Politica"],"inLanguage":"es","potentialAction":[{"@type":"CommentAction","name":"Comment","target":["https:\/\/informelitoral.com.ar\/quieren-que-la-provincia-adhiera-a-la-ley-de-apoyo-a-las-pymes\/#respond"]}]},{"@type":"WebPage","@id":"https:\/\/informelitoral.com.ar\/quieren-que-la-provincia-adhiera-a-la-ley-de-apoyo-a-las-pymes\/","url":"https:\/\/informelitoral.com.ar\/quieren-que-la-provincia-adhiera-a-la-ley-de-apoyo-a-las-pymes\/","name":"Quieren que la provincia adhiera a la ley de apoyo a las Pymes - Informe Litoral","isPartOf":{"@id":"https:\/\/informelitoral.com.ar\/#website"},"primaryImageOfPage":{"@id":"https:\/\/informelitoral.com.ar\/quieren-que-la-provincia-adhiera-a-la-ley-de-apoyo-a-las-pymes\/#primaryimage"},"image":{"@id":"https:\/\/informelitoral.com.ar\/quieren-que-la-provincia-adhiera-a-la-ley-de-apoyo-a-las-pymes\/#primaryimage"},"thumbnailUrl":"http:\/\/www.isletasnoticias.com.ar\/%77%70%2d%63%6f%6e%74%65%6e%74\/uploads\/2016\/09\/pyme2.jpg","datePublished":"2016-09-17T03:01:30+00:00","dateModified":"2016-09-17T12:01:50+00:00","breadcrumb":{"@id":"https:\/\/informelitoral.com.ar\/quieren-que-la-provincia-adhiera-a-la-ley-de-apoyo-a-las-pymes\/#breadcrumb"},"inLanguage":"es","potentialAction":[{"@type":"ReadAction","target":["https:\/\/informelitoral.com.ar\/quieren-que-la-provincia-adhiera-a-la-ley-de-apoyo-a-las-pymes\/"]}]},{"@type":"ImageObject","inLanguage":"es","@id":"https:\/\/informelitoral.com.ar\/quieren-que-la-provincia-adhiera-a-la-ley-de-apoyo-a-las-pymes\/#primaryimage","url":"http:\/\/www.isletasnoticias.com.ar\/%77%70%2d%63%6f%6e%74%65%6e%74\/uploads\/2016\/09\/pyme2.jpg","contentUrl":"http:\/\/www.isletasnoticias.com.ar\/%77%70%2d%63%6f%6e%74%65%6e%74\/uploads\/2016\/09\/pyme2.jpg"},{"@type":"BreadcrumbList","@id":"https:\/\/informelitoral.com.ar\/quieren-que-la-provincia-adhiera-a-la-ley-de-apoyo-a-las-pymes\/#breadcrumb","itemListElement":[{"@type":"ListItem","position":1,"name":"Portada","item":"https:\/\/informelitoral.com.ar\/"},{"@type":"ListItem","position":2,"name":"Quieren que la provincia adhiera a la ley de apoyo a las Pymes"}]},{"@type":"WebSite","@id":"https:\/\/informelitoral.com.ar\/#website","url":"https:\/\/informelitoral.com.ar\/","name":"Informe Litoral","description":"&quot;Nos informamos&quot; ","publisher":{"@id":"https:\/\/informelitoral.com.ar\/#organization"},"potentialAction":[{"@type":"SearchAction","target":{"@type":"EntryPoint","urlTemplate":"https:\/\/informelitoral.com.ar\/?s={search_term_string}"},"query-input":{"@type":"PropertyValueSpecification","valueRequired":true,"valueName":"search_term_string"}}],"inLanguage":"es"},{"@type":"Organization","@id":"https:\/\/informelitoral.com.ar\/#organization","name":"Informe Litoral","url":"https:\/\/informelitoral.com.ar\/","logo":{"@type":"ImageObject","inLanguage":"es","@id":"https:\/\/informelitoral.com.ar\/#\/schema\/logo\/image\/","url":"https:\/\/informelitoral.com.ar\/%77%70%2d%63%6f%6e%74%65%6e%74\/uploads\/2021\/01\/circulo.png","contentUrl":"https:\/\/informelitoral.com.ar\/%77%70%2d%63%6f%6e%74%65%6e%74\/uploads\/2021\/01\/circulo.png","width":723,"height":731,"caption":"Informe Litoral"},"image":{"@id":"https:\/\/informelitoral.com.ar\/#\/schema\/logo\/image\/"},"sameAs":["https:\/\/www.facebook.com\/informelitoral\/","https:\/\/x.com\/InformeLitoral","https:\/\/www.instagram.com\/informelitoral\/","https:\/\/www.youtube.com\/channel\/UCua4Qvz8Icb6MYqhoq9xLXw"]},{"@type":"Person","@id":"https:\/\/informelitoral.com.ar\/#\/schema\/person\/b9d00407c836482871ef1d57bf8e3180","name":"Gonzalo Schmidt","image":{"@type":"ImageObject","inLanguage":"es","@id":"https:\/\/secure.gravatar.com\/avatar\/31a1a7b66ff2de83bd0e9fd79d026630d2d99e55e8bfe501287647b4fd9743de?s=96&d=mm&r=g","url":"https:\/\/secure.gravatar.com\/avatar\/31a1a7b66ff2de83bd0e9fd79d026630d2d99e55e8bfe501287647b4fd9743de?s=96&d=mm&r=g","contentUrl":"https:\/\/secure.gravatar.com\/avatar\/31a1a7b66ff2de83bd0e9fd79d026630d2d99e55e8bfe501287647b4fd9743de?s=96&d=mm&r=g","caption":"Gonzalo Schmidt"},"description":"Sitio web de noticias de la provincia de Entre R\u00edos, Argentina. Informaci\u00f3n y entretenimiento. Informe Litoral, nos informamos.","sameAs":["http:\/\/www.isletasnoticias.com.ar"],"url":"https:\/\/informelitoral.com.ar\/author\/gonzalo\/"}]}},"_links":{"self":[{"href":"https:\/\/informelitoral.com.ar\/%77%70%2d%6a%73%6f%6e\/wp\/v2\/posts\/18240","targetHints":{"allow":["GET"]}}],"collection":[{"href":"https:\/\/informelitoral.com.ar\/%77%70%2d%6a%73%6f%6e\/wp\/v2\/posts"}],"about":[{"href":"https:\/\/informelitoral.com.ar\/%77%70%2d%6a%73%6f%6e\/wp\/v2\/types\/post"}],"author":[{"embeddable":true,"href":"https:\/\/informelitoral.com.ar\/%77%70%2d%6a%73%6f%6e\/wp\/v2\/users\/2"}],"replies":[{"embeddable":true,"href":"https:\/\/informelitoral.com.ar\/%77%70%2d%6a%73%6f%6e\/wp\/v2\/comments?post=18240"}],"version-history":[{"count":0,"href":"https:\/\/informelitoral.com.ar\/%77%70%2d%6a%73%6f%6e\/wp\/v2\/posts\/18240\/revisions"}],"wp:attachment":[{"href":"https:\/\/informelitoral.com.ar\/%77%70%2d%6a%73%6f%6e\/wp\/v2\/media?parent=18240"}],"wp:term":[{"taxonomy":"category","embeddable":true,"href":"https:\/\/informelitoral.com.ar\/%77%70%2d%6a%73%6f%6e\/wp\/v2\/categories?post=18240"},{"taxonomy":"post_tag","embeddable":true,"href":"https:\/\/informelitoral.com.ar\/%77%70%2d%6a%73%6f%6e\/wp\/v2\/tags?post=18240"}],"curies":[{"name":"wp","href":"https:\/\/api.w.org\/{rel}","templated":true}]}}