{"id":18237,"date":"2016-09-16T08:39:17","date_gmt":"2016-09-16T11:39:17","guid":{"rendered":"http:\/\/www.isletasnoticias.com.ar\/?p=18237"},"modified":"2016-09-16T08:39:17","modified_gmt":"2016-09-16T11:39:17","slug":"crearan-un-registro-unificado-de-politicas-alimentarias","status":"publish","type":"post","link":"https:\/\/informelitoral.com.ar\/crearan-un-registro-unificado-de-politicas-alimentarias\/","title":{"rendered":"Crear\u00e1n un registro unificado de pol\u00edticas alimentarias"},"content":{"rendered":"<p><strong>El gobernador<em> Gustavo Bordet<\/em> y la representante de UNICEF en Argentina, <em>Florence Bauer,<\/em> firmaron el jueves en la sede del organismo en Buenos Aires, un acuerdo de cooperaci\u00f3n que permitir\u00e1 crear un registro unificado de pol\u00edticas alimentarias. Es el primero que firma la provincia con el Fondo de las Naciones Unidas para la Infancia (UNICEF) desde que el organismo internacional abri\u00f3 su sede en la Argentina, en 1985.<a href=\"http:\/\/www.isletasnoticias.com.ar\/%77%70%2d%63%6f%6e%74%65%6e%74\/uploads\/2016\/09\/b_1473975363.jpg\"><img loading=\"lazy\" decoding=\"async\" class=\"aligncenter wp-image-18238 size-full\" src=\"http:\/\/www.isletasnoticias.com.ar\/%77%70%2d%63%6f%6e%74%65%6e%74\/uploads\/2016\/09\/b_1473975363.jpg\" alt=\"b_1473975363\" width=\"492\" height=\"328\" srcset=\"https:\/\/informelitoral.com.ar\/%77%70%2d%63%6f%6e%74%65%6e%74\/uploads\/2016\/09\/b_1473975363.jpg 492w, https:\/\/informelitoral.com.ar\/%77%70%2d%63%6f%6e%74%65%6e%74\/uploads\/2016\/09\/b_1473975363-300x200.jpg 300w\" sizes=\"auto, (max-width: 492px) 100vw, 492px\" \/><\/a><\/strong><\/p>\n<p>Con ello se podr\u00e1 mejorar la toma de decisiones y optimizar el derecho a la alimentaci\u00f3n, principalmente de ni\u00f1os, ni\u00f1as y adolescentes. \u201cEl convenio que firmamos es muy importante porque tiende a avanzar en todo lo que es universalizaci\u00f3n de pol\u00edticas sociales y poder tener un abordaje integral de problem\u00e1ticas que son muy sensibles a nuestras comunidades\u201d, explic\u00f3 Bordet, quien estuvo acompa\u00f1ado por la ministra de Desarrollo Social, Laura Stratta.<\/p>\n<p>A trav\u00e9s de este acuerdo UNICEF fortalecer\u00e1 la acci\u00f3n del gobierno provincial en diversas \u00e1reas, tales como inclusi\u00f3n social y monitoreo de los derechos de la ni\u00f1ez; educaci\u00f3n inclusiva y de calidad; protecci\u00f3n de la ni\u00f1ez y acceso a justicia; salud integral de ni\u00f1ez y adolescencia; y movilizaci\u00f3n social y de recursos.<\/p>\n<p>Adem\u00e1s de destacar la importancia del acuerdo rubricado, Bordet indic\u00f3 que el encuentro tambi\u00e9n signific\u00f3 \u201cuna buena oportunidad para testimoniar el agradecimiento por el apoyo recibido en los momentos dif\u00edciles que tuvo la provincia durante la emergencia por las inundaciones, donde UNICEF trabaj\u00f3 en conjunto con la provincia\u201d.<\/p>\n<p>Agreg\u00f3 que ahora se da la posibilidad de avanzar, una vez superada esa etapa de emergencia, en programas que tiendan a la protecci\u00f3n de nuestra ni\u00f1ez que \u201ces algo que en nuestra gesti\u00f3n trabajamos fuertemente todos los d\u00edas\u201d.<\/p>\n<p>Indic\u00f3 que esta tarea se realiza desde Desarrollo Social pero tambi\u00e9n desde Salud, del Consejo Provincial del Ni\u00f1o, el Adolescente y la Familia, las \u00e1reas de Discapacidad y otros organismos que tienen que ver con la problem\u00e1tica. \u201cEs un abordaje integral de este problema que es de todos y que nos atraviesa por igual\u201d, expres\u00f3 el mandatario.<\/p>\n<p>Remarc\u00f3 luego la importancia que tienen para el gobierno provincial las pol\u00edticas sociales y puntualmente las acciones en torno al tema alimentario que es uno de los objetivos del convenio. \u201cEsto tiene que ver con la nutrici\u00f3n de nuestros ni\u00f1os, con trabajar en forma articulada para evitar la mortalidad infantil y para tener una prospectiva que en el tiempo nos d\u00e9 la posibilidad de que nuestros chicos puedan tener no solo la calidad nutricional sino llegar en las mejores condiciones a la etapa de la escolaridad y acceder a la educaci\u00f3n de la mejor manera. Esto es fundamental en los primeros a\u00f1os de vida y para esto hay que trabajar de manera integral\u201d, indic\u00f3 Bordet.<\/p>\n<p><b>Cooperaci\u00f3n<\/b><\/p>\n<p>A su turno, Florence Bauer explic\u00f3 que el convenio se rubric\u00f3 en el marco del programa de cooperaci\u00f3n que UNICEF tiene con el pa\u00eds, y que en este caso con Entre R\u00edos tiende \u201ca fortalecer el v\u00ednculo y la colaboraci\u00f3n que tenemos para apoyar las pol\u00edticas sociales para la infancia que se est\u00e1n desarrollando en Entre R\u00edos\u201d.<\/p>\n<p>Detall\u00f3 que se trabajar\u00e1 en el monitoreo de la situaci\u00f3n de la ni\u00f1ez, en la generaci\u00f3n de informaci\u00f3n apoyando el Observatorio de Pol\u00edticas Sociales en tem\u00e1ticas relacionadas con los ni\u00f1os y los adolescentes, y apoyando pol\u00edticas espec\u00edficas en el \u00e1mbito de la educaci\u00f3n de salud y, en general, en las que se relacionan con la infancia en la provincia.<\/p>\n<p><b>Abordaje integral<\/b><\/p>\n<p>Por su lado, la ministra Stratta indic\u00f3 que la acci\u00f3n que se lleva adelante en el marco de este convenio tiene car\u00e1cter interdisciplinario donde intervienen varios organismos provinciales. \u201cTrabajan los Ministerios de Salud, de Desarrollo Social, de Econom\u00eda, el Consejo General de Educaci\u00f3n, el Copnaf, y tambi\u00e9n en colaboraci\u00f3n con las universidades p\u00fablicas y privadas que tienen sede en Entre R\u00edos que est\u00e1n presentes mediante el Observatorio de Pol\u00edticas Sociales\u201d, explic\u00f3 la ministra.<\/p>\n<p>Agreg\u00f3 que entre los objetivos a llevar a cabo se encuentran la posibilidad de confeccionar el registro \u00fanico alimentario para hacer un seguimiento, y dijo que esa es \u201cuna de las metas entre otras tantas que tienen que ver con poner en valor las pol\u00edticas sociales centradas en la ni\u00f1ez\u201d.<\/p>\n<p><b>Acuerdo espec\u00edfico<\/b><\/p>\n<p>Adem\u00e1s del convenio marco de colaboraci\u00f3n, el gobernador y la responsable de UNICEF firmaron en la ocasi\u00f3n un acuerdo espec\u00edfico por el cual el organismo internacional financiar\u00e1 distintas acciones que el Ministerio de Desarrollo Social de Entre R\u00edos planific\u00f3 en conjunto con las cinco universidades de la provincia (Uner, Uader, UAP, UCA y UCU) a trav\u00e9s del Observatorio de Pol\u00edticas Sociales.<\/p>\n<p>La principal ser\u00e1 el desarrollo, puesta en marcha y ejecuci\u00f3n del Registro \u00danico de Pol\u00edticas Alimentarias, mediante el cual se centralizar\u00e1 la informaci\u00f3n sobre las distintas pol\u00edticas alimentarias que se ejecutan en la provincia (comedores y tarjetas sociales, principalmente), a fin de optimizar las prestaciones y llegar con mejores herramientas a un mayor n\u00famero de titulares de derecho.<\/p>\n","protected":false},"excerpt":{"rendered":"<p>El gobernador Gustavo Bordet y la representante de UNICEF en Argentina, Florence Bauer, firmaron el jueves en la sede del organismo en Buenos Aires, un acuerdo de cooperaci&oacute;n que permitir&aacute; crear un registro unificado de pol&iacute;ticas alimentarias. Es el primero que firma la provincia con el Fondo de las Naciones Unidas para la Infancia (UNICEF) [&hellip;]<\/p>\n","protected":false},"author":2,"featured_media":0,"comment_status":"open","ping_status":"open","sticky":false,"template":"","format":"standard","meta":{"fifu_image_url":"","fifu_image_alt":"","footnotes":""},"categories":[6],"tags":[],"class_list":{"0":"post-18237","1":"post","2":"type-post","3":"status-publish","4":"format-standard","6":"category-entre-rios"},"yoast_head":"<title>Crear\u00e1n un registro unificado de pol\u00edticas alimentarias - Informe Litoral<\/title>\n<meta name=\"robots\" content=\"index, follow, max-snippet:-1, max-image-preview:large, max-video-preview:-1\" \/>\n<link rel=\"canonical\" href=\"https:\/\/informelitoral.com.ar\/crearan-un-registro-unificado-de-politicas-alimentarias\/\" \/>\n<meta property=\"og:locale\" content=\"es_ES\" \/>\n<meta property=\"og:type\" content=\"article\" \/>\n<meta property=\"og:title\" content=\"Crear\u00e1n un registro unificado de pol\u00edticas alimentarias - Informe Litoral\" \/>\n<meta property=\"og:description\" content=\"El gobernador Gustavo Bordet y la representante de UNICEF en Argentina, Florence Bauer, firmaron el jueves en la sede del organismo en Buenos Aires, un acuerdo de cooperaci&oacute;n que permitir&aacute; crear un registro unificado de pol&iacute;ticas alimentarias. Es el primero que firma la provincia con el Fondo de las Naciones Unidas para la Infancia (UNICEF) [&hellip;]\" \/>\n<meta property=\"og:url\" content=\"https:\/\/informelitoral.com.ar\/crearan-un-registro-unificado-de-politicas-alimentarias\/\" \/>\n<meta property=\"og:site_name\" content=\"Informe Litoral\" \/>\n<meta property=\"article:publisher\" content=\"https:\/\/www.facebook.com\/informelitoral\/\" \/>\n<meta property=\"article:published_time\" content=\"2016-09-16T11:39:17+00:00\" \/>\n<meta property=\"og:image\" content=\"https:\/\/informelitoral.com.ar\/%77%70%2d%63%6f%6e%74%65%6e%74\/uploads\/2016\/09\/b_1473975363.jpg\" \/>\n\t<meta property=\"og:image:width\" content=\"492\" \/>\n\t<meta property=\"og:image:height\" content=\"328\" \/>\n\t<meta property=\"og:image:type\" content=\"image\/jpeg\" \/>\n<meta name=\"author\" content=\"Gonzalo Schmidt\" \/>\n<meta name=\"twitter:card\" content=\"summary_large_image\" \/>\n<meta name=\"twitter:creator\" content=\"@InformeLitoral\" \/>\n<meta name=\"twitter:site\" content=\"@InformeLitoral\" \/>\n<meta name=\"twitter:label1\" content=\"Escrito por\" \/>\n\t<meta name=\"twitter:data1\" content=\"Gonzalo Schmidt\" \/>\n\t<meta name=\"twitter:label2\" content=\"Tiempo de lectura\" \/>\n\t<meta name=\"twitter:data2\" content=\"4 minutos\" \/>\n<script type=\"application\/ld+json\" class=\"yoast-schema-graph\">{\"@context\":\"https:\\\/\\\/schema.org\",\"@graph\":[{\"@type\":\"Article\",\"@id\":\"https:\\\/\\\/informelitoral.com.ar\\\/crearan-un-registro-unificado-de-politicas-alimentarias\\\/#article\",\"isPartOf\":{\"@id\":\"https:\\\/\\\/informelitoral.com.ar\\\/crearan-un-registro-unificado-de-politicas-alimentarias\\\/\"},\"author\":{\"name\":\"Gonzalo Schmidt\",\"@id\":\"https:\\\/\\\/informelitoral.com.ar\\\/#\\\/schema\\\/person\\\/b9d00407c836482871ef1d57bf8e3180\"},\"headline\":\"Crear\u00e1n un registro unificado de pol\u00edticas alimentarias\",\"datePublished\":\"2016-09-16T11:39:17+00:00\",\"mainEntityOfPage\":{\"@id\":\"https:\\\/\\\/informelitoral.com.ar\\\/crearan-un-registro-unificado-de-politicas-alimentarias\\\/\"},\"wordCount\":896,\"commentCount\":0,\"publisher\":{\"@id\":\"https:\\\/\\\/informelitoral.com.ar\\\/#organization\"},\"image\":{\"@id\":\"https:\\\/\\\/informelitoral.com.ar\\\/crearan-un-registro-unificado-de-politicas-alimentarias\\\/#primaryimage\"},\"thumbnailUrl\":\"http:\\\/\\\/www.isletasnoticias.com.ar\\\/%77%70%2d%63%6f%6e%74%65%6e%74\\\/uploads\\\/2016\\\/09\\\/b_1473975363.jpg\",\"articleSection\":[\"Entre R\u00edos\"],\"inLanguage\":\"es\",\"potentialAction\":[{\"@type\":\"CommentAction\",\"name\":\"Comment\",\"target\":[\"https:\\\/\\\/informelitoral.com.ar\\\/crearan-un-registro-unificado-de-politicas-alimentarias\\\/#respond\"]}]},{\"@type\":\"WebPage\",\"@id\":\"https:\\\/\\\/informelitoral.com.ar\\\/crearan-un-registro-unificado-de-politicas-alimentarias\\\/\",\"url\":\"https:\\\/\\\/informelitoral.com.ar\\\/crearan-un-registro-unificado-de-politicas-alimentarias\\\/\",\"name\":\"Crear\u00e1n un registro unificado de pol\u00edticas alimentarias - Informe Litoral\",\"isPartOf\":{\"@id\":\"https:\\\/\\\/informelitoral.com.ar\\\/#website\"},\"primaryImageOfPage\":{\"@id\":\"https:\\\/\\\/informelitoral.com.ar\\\/crearan-un-registro-unificado-de-politicas-alimentarias\\\/#primaryimage\"},\"image\":{\"@id\":\"https:\\\/\\\/informelitoral.com.ar\\\/crearan-un-registro-unificado-de-politicas-alimentarias\\\/#primaryimage\"},\"thumbnailUrl\":\"http:\\\/\\\/www.isletasnoticias.com.ar\\\/%77%70%2d%63%6f%6e%74%65%6e%74\\\/uploads\\\/2016\\\/09\\\/b_1473975363.jpg\",\"datePublished\":\"2016-09-16T11:39:17+00:00\",\"breadcrumb\":{\"@id\":\"https:\\\/\\\/informelitoral.com.ar\\\/crearan-un-registro-unificado-de-politicas-alimentarias\\\/#breadcrumb\"},\"inLanguage\":\"es\",\"potentialAction\":[{\"@type\":\"ReadAction\",\"target\":[\"https:\\\/\\\/informelitoral.com.ar\\\/crearan-un-registro-unificado-de-politicas-alimentarias\\\/\"]}]},{\"@type\":\"ImageObject\",\"inLanguage\":\"es\",\"@id\":\"https:\\\/\\\/informelitoral.com.ar\\\/crearan-un-registro-unificado-de-politicas-alimentarias\\\/#primaryimage\",\"url\":\"http:\\\/\\\/www.isletasnoticias.com.ar\\\/%77%70%2d%63%6f%6e%74%65%6e%74\\\/uploads\\\/2016\\\/09\\\/b_1473975363.jpg\",\"contentUrl\":\"http:\\\/\\\/www.isletasnoticias.com.ar\\\/%77%70%2d%63%6f%6e%74%65%6e%74\\\/uploads\\\/2016\\\/09\\\/b_1473975363.jpg\"},{\"@type\":\"BreadcrumbList\",\"@id\":\"https:\\\/\\\/informelitoral.com.ar\\\/crearan-un-registro-unificado-de-politicas-alimentarias\\\/#breadcrumb\",\"itemListElement\":[{\"@type\":\"ListItem\",\"position\":1,\"name\":\"Portada\",\"item\":\"https:\\\/\\\/informelitoral.com.ar\\\/\"},{\"@type\":\"ListItem\",\"position\":2,\"name\":\"Crear\u00e1n un registro unificado de pol\u00edticas alimentarias\"}]},{\"@type\":\"WebSite\",\"@id\":\"https:\\\/\\\/informelitoral.com.ar\\\/#website\",\"url\":\"https:\\\/\\\/informelitoral.com.ar\\\/\",\"name\":\"Informe Litoral\",\"description\":\"&quot;Nos informamos&quot; \",\"publisher\":{\"@id\":\"https:\\\/\\\/informelitoral.com.ar\\\/#organization\"},\"potentialAction\":[{\"@type\":\"SearchAction\",\"target\":{\"@type\":\"EntryPoint\",\"urlTemplate\":\"https:\\\/\\\/informelitoral.com.ar\\\/?s={search_term_string}\"},\"query-input\":{\"@type\":\"PropertyValueSpecification\",\"valueRequired\":true,\"valueName\":\"search_term_string\"}}],\"inLanguage\":\"es\"},{\"@type\":\"Organization\",\"@id\":\"https:\\\/\\\/informelitoral.com.ar\\\/#organization\",\"name\":\"Informe Litoral\",\"url\":\"https:\\\/\\\/informelitoral.com.ar\\\/\",\"logo\":{\"@type\":\"ImageObject\",\"inLanguage\":\"es\",\"@id\":\"https:\\\/\\\/informelitoral.com.ar\\\/#\\\/schema\\\/logo\\\/image\\\/\",\"url\":\"https:\\\/\\\/informelitoral.com.ar\\\/%77%70%2d%63%6f%6e%74%65%6e%74\\\/uploads\\\/2021\\\/01\\\/circulo.png\",\"contentUrl\":\"https:\\\/\\\/informelitoral.com.ar\\\/%77%70%2d%63%6f%6e%74%65%6e%74\\\/uploads\\\/2021\\\/01\\\/circulo.png\",\"width\":723,\"height\":731,\"caption\":\"Informe Litoral\"},\"image\":{\"@id\":\"https:\\\/\\\/informelitoral.com.ar\\\/#\\\/schema\\\/logo\\\/image\\\/\"},\"sameAs\":[\"https:\\\/\\\/www.facebook.com\\\/informelitoral\\\/\",\"https:\\\/\\\/x.com\\\/InformeLitoral\",\"https:\\\/\\\/www.instagram.com\\\/informelitoral\\\/\",\"https:\\\/\\\/www.youtube.com\\\/channel\\\/UCua4Qvz8Icb6MYqhoq9xLXw\"]},{\"@type\":\"Person\",\"@id\":\"https:\\\/\\\/informelitoral.com.ar\\\/#\\\/schema\\\/person\\\/b9d00407c836482871ef1d57bf8e3180\",\"name\":\"Gonzalo Schmidt\",\"image\":{\"@type\":\"ImageObject\",\"inLanguage\":\"es\",\"@id\":\"https:\\\/\\\/secure.gravatar.com\\\/avatar\\\/31a1a7b66ff2de83bd0e9fd79d026630d2d99e55e8bfe501287647b4fd9743de?s=96&d=mm&r=g\",\"url\":\"https:\\\/\\\/secure.gravatar.com\\\/avatar\\\/31a1a7b66ff2de83bd0e9fd79d026630d2d99e55e8bfe501287647b4fd9743de?s=96&d=mm&r=g\",\"contentUrl\":\"https:\\\/\\\/secure.gravatar.com\\\/avatar\\\/31a1a7b66ff2de83bd0e9fd79d026630d2d99e55e8bfe501287647b4fd9743de?s=96&d=mm&r=g\",\"caption\":\"Gonzalo Schmidt\"},\"description\":\"Sitio web de noticias de la provincia de Entre R\u00edos, Argentina. Informaci\u00f3n y entretenimiento. Informe Litoral, nos informamos.\",\"sameAs\":[\"http:\\\/\\\/www.isletasnoticias.com.ar\"],\"url\":\"https:\\\/\\\/informelitoral.com.ar\\\/author\\\/gonzalo\\\/\"}]}<\/script>","yoast_head_json":{"title":"Crear\u00e1n un registro unificado de pol\u00edticas alimentarias - Informe Litoral","robots":{"index":"index","follow":"follow","max-snippet":"max-snippet:-1","max-image-preview":"max-image-preview:large","max-video-preview":"max-video-preview:-1"},"canonical":"https:\/\/informelitoral.com.ar\/crearan-un-registro-unificado-de-politicas-alimentarias\/","og_locale":"es_ES","og_type":"article","og_title":"Crear\u00e1n un registro unificado de pol\u00edticas alimentarias - Informe Litoral","og_description":"El gobernador Gustavo Bordet y la representante de UNICEF en Argentina, Florence Bauer, firmaron el jueves en la sede del organismo en Buenos Aires, un acuerdo de cooperaci&oacute;n que permitir&aacute; crear un registro unificado de pol&iacute;ticas alimentarias. Es el primero que firma la provincia con el Fondo de las Naciones Unidas para la Infancia (UNICEF) [&hellip;]","og_url":"https:\/\/informelitoral.com.ar\/crearan-un-registro-unificado-de-politicas-alimentarias\/","og_site_name":"Informe Litoral","article_publisher":"https:\/\/www.facebook.com\/informelitoral\/","article_published_time":"2016-09-16T11:39:17+00:00","og_image":[{"width":492,"height":328,"url":"https:\/\/informelitoral.com.ar\/%77%70%2d%63%6f%6e%74%65%6e%74\/uploads\/2016\/09\/b_1473975363.jpg","type":"image\/jpeg"}],"author":"Gonzalo Schmidt","twitter_card":"summary_large_image","twitter_creator":"@InformeLitoral","twitter_site":"@InformeLitoral","twitter_misc":{"Escrito por":"Gonzalo Schmidt","Tiempo de lectura":"4 minutos"},"schema":{"@context":"https:\/\/schema.org","@graph":[{"@type":"Article","@id":"https:\/\/informelitoral.com.ar\/crearan-un-registro-unificado-de-politicas-alimentarias\/#article","isPartOf":{"@id":"https:\/\/informelitoral.com.ar\/crearan-un-registro-unificado-de-politicas-alimentarias\/"},"author":{"name":"Gonzalo Schmidt","@id":"https:\/\/informelitoral.com.ar\/#\/schema\/person\/b9d00407c836482871ef1d57bf8e3180"},"headline":"Crear\u00e1n un registro unificado de pol\u00edticas alimentarias","datePublished":"2016-09-16T11:39:17+00:00","mainEntityOfPage":{"@id":"https:\/\/informelitoral.com.ar\/crearan-un-registro-unificado-de-politicas-alimentarias\/"},"wordCount":896,"commentCount":0,"publisher":{"@id":"https:\/\/informelitoral.com.ar\/#organization"},"image":{"@id":"https:\/\/informelitoral.com.ar\/crearan-un-registro-unificado-de-politicas-alimentarias\/#primaryimage"},"thumbnailUrl":"http:\/\/www.isletasnoticias.com.ar\/%77%70%2d%63%6f%6e%74%65%6e%74\/uploads\/2016\/09\/b_1473975363.jpg","articleSection":["Entre R\u00edos"],"inLanguage":"es","potentialAction":[{"@type":"CommentAction","name":"Comment","target":["https:\/\/informelitoral.com.ar\/crearan-un-registro-unificado-de-politicas-alimentarias\/#respond"]}]},{"@type":"WebPage","@id":"https:\/\/informelitoral.com.ar\/crearan-un-registro-unificado-de-politicas-alimentarias\/","url":"https:\/\/informelitoral.com.ar\/crearan-un-registro-unificado-de-politicas-alimentarias\/","name":"Crear\u00e1n un registro unificado de pol\u00edticas alimentarias - Informe Litoral","isPartOf":{"@id":"https:\/\/informelitoral.com.ar\/#website"},"primaryImageOfPage":{"@id":"https:\/\/informelitoral.com.ar\/crearan-un-registro-unificado-de-politicas-alimentarias\/#primaryimage"},"image":{"@id":"https:\/\/informelitoral.com.ar\/crearan-un-registro-unificado-de-politicas-alimentarias\/#primaryimage"},"thumbnailUrl":"http:\/\/www.isletasnoticias.com.ar\/%77%70%2d%63%6f%6e%74%65%6e%74\/uploads\/2016\/09\/b_1473975363.jpg","datePublished":"2016-09-16T11:39:17+00:00","breadcrumb":{"@id":"https:\/\/informelitoral.com.ar\/crearan-un-registro-unificado-de-politicas-alimentarias\/#breadcrumb"},"inLanguage":"es","potentialAction":[{"@type":"ReadAction","target":["https:\/\/informelitoral.com.ar\/crearan-un-registro-unificado-de-politicas-alimentarias\/"]}]},{"@type":"ImageObject","inLanguage":"es","@id":"https:\/\/informelitoral.com.ar\/crearan-un-registro-unificado-de-politicas-alimentarias\/#primaryimage","url":"http:\/\/www.isletasnoticias.com.ar\/%77%70%2d%63%6f%6e%74%65%6e%74\/uploads\/2016\/09\/b_1473975363.jpg","contentUrl":"http:\/\/www.isletasnoticias.com.ar\/%77%70%2d%63%6f%6e%74%65%6e%74\/uploads\/2016\/09\/b_1473975363.jpg"},{"@type":"BreadcrumbList","@id":"https:\/\/informelitoral.com.ar\/crearan-un-registro-unificado-de-politicas-alimentarias\/#breadcrumb","itemListElement":[{"@type":"ListItem","position":1,"name":"Portada","item":"https:\/\/informelitoral.com.ar\/"},{"@type":"ListItem","position":2,"name":"Crear\u00e1n un registro unificado de pol\u00edticas alimentarias"}]},{"@type":"WebSite","@id":"https:\/\/informelitoral.com.ar\/#website","url":"https:\/\/informelitoral.com.ar\/","name":"Informe Litoral","description":"&quot;Nos informamos&quot; ","publisher":{"@id":"https:\/\/informelitoral.com.ar\/#organization"},"potentialAction":[{"@type":"SearchAction","target":{"@type":"EntryPoint","urlTemplate":"https:\/\/informelitoral.com.ar\/?s={search_term_string}"},"query-input":{"@type":"PropertyValueSpecification","valueRequired":true,"valueName":"search_term_string"}}],"inLanguage":"es"},{"@type":"Organization","@id":"https:\/\/informelitoral.com.ar\/#organization","name":"Informe Litoral","url":"https:\/\/informelitoral.com.ar\/","logo":{"@type":"ImageObject","inLanguage":"es","@id":"https:\/\/informelitoral.com.ar\/#\/schema\/logo\/image\/","url":"https:\/\/informelitoral.com.ar\/%77%70%2d%63%6f%6e%74%65%6e%74\/uploads\/2021\/01\/circulo.png","contentUrl":"https:\/\/informelitoral.com.ar\/%77%70%2d%63%6f%6e%74%65%6e%74\/uploads\/2021\/01\/circulo.png","width":723,"height":731,"caption":"Informe Litoral"},"image":{"@id":"https:\/\/informelitoral.com.ar\/#\/schema\/logo\/image\/"},"sameAs":["https:\/\/www.facebook.com\/informelitoral\/","https:\/\/x.com\/InformeLitoral","https:\/\/www.instagram.com\/informelitoral\/","https:\/\/www.youtube.com\/channel\/UCua4Qvz8Icb6MYqhoq9xLXw"]},{"@type":"Person","@id":"https:\/\/informelitoral.com.ar\/#\/schema\/person\/b9d00407c836482871ef1d57bf8e3180","name":"Gonzalo Schmidt","image":{"@type":"ImageObject","inLanguage":"es","@id":"https:\/\/secure.gravatar.com\/avatar\/31a1a7b66ff2de83bd0e9fd79d026630d2d99e55e8bfe501287647b4fd9743de?s=96&d=mm&r=g","url":"https:\/\/secure.gravatar.com\/avatar\/31a1a7b66ff2de83bd0e9fd79d026630d2d99e55e8bfe501287647b4fd9743de?s=96&d=mm&r=g","contentUrl":"https:\/\/secure.gravatar.com\/avatar\/31a1a7b66ff2de83bd0e9fd79d026630d2d99e55e8bfe501287647b4fd9743de?s=96&d=mm&r=g","caption":"Gonzalo Schmidt"},"description":"Sitio web de noticias de la provincia de Entre R\u00edos, Argentina. Informaci\u00f3n y entretenimiento. Informe Litoral, nos informamos.","sameAs":["http:\/\/www.isletasnoticias.com.ar"],"url":"https:\/\/informelitoral.com.ar\/author\/gonzalo\/"}]}},"_links":{"self":[{"href":"https:\/\/informelitoral.com.ar\/%77%70%2d%6a%73%6f%6e\/wp\/v2\/posts\/18237","targetHints":{"allow":["GET"]}}],"collection":[{"href":"https:\/\/informelitoral.com.ar\/%77%70%2d%6a%73%6f%6e\/wp\/v2\/posts"}],"about":[{"href":"https:\/\/informelitoral.com.ar\/%77%70%2d%6a%73%6f%6e\/wp\/v2\/types\/post"}],"author":[{"embeddable":true,"href":"https:\/\/informelitoral.com.ar\/%77%70%2d%6a%73%6f%6e\/wp\/v2\/users\/2"}],"replies":[{"embeddable":true,"href":"https:\/\/informelitoral.com.ar\/%77%70%2d%6a%73%6f%6e\/wp\/v2\/comments?post=18237"}],"version-history":[{"count":0,"href":"https:\/\/informelitoral.com.ar\/%77%70%2d%6a%73%6f%6e\/wp\/v2\/posts\/18237\/revisions"}],"wp:attachment":[{"href":"https:\/\/informelitoral.com.ar\/%77%70%2d%6a%73%6f%6e\/wp\/v2\/media?parent=18237"}],"wp:term":[{"taxonomy":"category","embeddable":true,"href":"https:\/\/informelitoral.com.ar\/%77%70%2d%6a%73%6f%6e\/wp\/v2\/categories?post=18237"},{"taxonomy":"post_tag","embeddable":true,"href":"https:\/\/informelitoral.com.ar\/%77%70%2d%6a%73%6f%6e\/wp\/v2\/tags?post=18237"}],"curies":[{"name":"wp","href":"https:\/\/api.w.org\/{rel}","templated":true}]}}