{"id":182347,"date":"2024-02-29T14:48:31","date_gmt":"2024-02-29T17:48:31","guid":{"rendered":"https:\/\/www.informelitoral.com.ar\/?p=182347"},"modified":"2024-03-06T18:56:16","modified_gmt":"2024-03-06T21:56:16","slug":"mirta-levars-en-aranguren-vamos-a-recibir-4000-personas","status":"publish","type":"post","link":"https:\/\/informelitoral.com.ar\/mirta-levars-en-aranguren-vamos-a-recibir-4000-personas\/","title":{"rendered":"Mirta Levars: \u201cen Aranguren vamos a recibir 4000 personas\u201d"},"content":{"rendered":"<p><strong>Por estos d\u00edas en Aranguren, la actividad principal est\u00e1 centralizada en la realizaci\u00f3n del Torneo de F\u00fatbol Infantil Hip\u00f3lito \u201cPolo\u201d P\u00e9rez, que comenz\u00f3 hoy jueves (29\/2) y se extiende hasta el domingo (3\/3). Por ello, desde el Poder Ejecutivo Municipal se vienen ejecutando acciones durante todo este tiempo. Cabe destacar que el Poder Legislativo tambi\u00e9n colabora y participa activamente. Por supuesto que cada \u00e1rea aporta lo suyo para llegar en tiempo y forma, trabajo articulado con la Secretar\u00eda de Gobierno.<\/strong><\/p>\n<p>\u201cTrabajamos mucho en la organizaci\u00f3n del Torneo, el cual tiene un fin tur\u00edstico muy relevante, este fin de semana <strong><em>en Aranguren vamos a recibir 4000 personas <\/em><\/strong>aproximadamente. Hemos hecho reuniones organizativas para diagramar la log\u00edstica ya que son varios los servicios que tenemos que brindarle a las delegaciones que se alojan en nuestro pueblo como as\u00ed tambi\u00e9n a quienes van a disfrutar del espect\u00e1culo. Quiero agradecer al Club Deportivo y Cultural Aranguren que cede las instalaciones. Tambi\u00e9n quiero destacar a los Directivos de las Escuelas de Aranguren y a la directora Departamental de Escuelas, profesora <strong>Claudia Sosa<\/strong>, con quienes firmamos un acta donde nos ceden las instalaciones de nuestras instituciones educativas para alojar a las delegaciones y nosotros como Municipio nos comprometemos a devolverlas en las condiciones que las recibimos. De todas formas, ya hemos trabajado desde la Municipalidad para poner en condiciones las escuelas que ten\u00edan algunos desperfectos, en ba\u00f1os, duchas, ventiladores, pisos, arreglo de aberturas, nos abocamos mucho a eso\u201d, manifest\u00f3 Levars, remarcando tambi\u00e9n el aporte que realiza el municipio durante el a\u00f1o con las escuelas: \u201cCon personal, desmalezado, pintado, como todos los a\u00f1os la <strong><em>educaci\u00f3n forma parte de la gesti\u00f3n<\/em><\/strong> <strong>municipal<\/strong> y somos grandes colaboradores de nuestras instituciones educativas\u201d, explic\u00f3 quien desde el 27 de febrero contin\u00faa ejerciendo la presidencia del Concejo Deliberante.<\/p>\n<p><a href=\"https:\/\/www.informelitoral.com.ar\/%77%70%2d%63%6f%6e%74%65%6e%74\/uploads\/2024\/03\/2.jpg\"><img loading=\"lazy\" decoding=\"async\" class=\"aligncenter wp-image-182349 size-full\" src=\"https:\/\/www.informelitoral.com.ar\/%77%70%2d%63%6f%6e%74%65%6e%74\/uploads\/2024\/03\/2.jpg\" alt=\"\" width=\"1440\" height=\"1080\" srcset=\"https:\/\/informelitoral.com.ar\/%77%70%2d%63%6f%6e%74%65%6e%74\/uploads\/2024\/03\/2.jpg 1440w, https:\/\/informelitoral.com.ar\/%77%70%2d%63%6f%6e%74%65%6e%74\/uploads\/2024\/03\/2-300x225.jpg 300w, https:\/\/informelitoral.com.ar\/%77%70%2d%63%6f%6e%74%65%6e%74\/uploads\/2024\/03\/2-1024x768.jpg 1024w, https:\/\/informelitoral.com.ar\/%77%70%2d%63%6f%6e%74%65%6e%74\/uploads\/2024\/03\/2-768x576.jpg 768w, https:\/\/informelitoral.com.ar\/%77%70%2d%63%6f%6e%74%65%6e%74\/uploads\/2024\/03\/2-696x522.jpg 696w, https:\/\/informelitoral.com.ar\/%77%70%2d%63%6f%6e%74%65%6e%74\/uploads\/2024\/03\/2-1068x801.jpg 1068w, https:\/\/informelitoral.com.ar\/%77%70%2d%63%6f%6e%74%65%6e%74\/uploads\/2024\/03\/2-560x420.jpg 560w, https:\/\/informelitoral.com.ar\/%77%70%2d%63%6f%6e%74%65%6e%74\/uploads\/2024\/03\/2-80x60.jpg 80w, https:\/\/informelitoral.com.ar\/%77%70%2d%63%6f%6e%74%65%6e%74\/uploads\/2024\/03\/2-265x198.jpg 265w\" sizes=\"auto, (max-width: 1440px) 100vw, 1440px\" \/><\/a><\/p>\n<p><strong>Acerca de su desempe\u00f1o en la intendencia, la Licenciada Levars expres\u00f3 qu\u00e9 se va satisfecha con su labor<\/strong> ya que para ella: \u201cFue todo un desaf\u00edo reemplazar a Luis\u201d, manifest\u00f3 en una parte de la entrevista, para luego detallar el resumen de actividades realizadas: \u201ciniciamos el a\u00f1o activamente, con proyectos, objetivos, sue\u00f1os por cumplir y para ello ponemos todas las ganas. En mi caso estuve durante estos d\u00edas en el Poder Ejecutivo pero seguir\u00e9 acompa\u00f1ando desde el Poder Legislativo, por lo tanto, la intenci\u00f3n es seguir luchando por nuestro pueblo para poder devolver con trabajo toda la confianza y el apoyo que nos dieron para que nosotros seamos los gestores durante estos cuatro a\u00f1os en Aranguren\u201d, expres\u00f3 la vicepresidenta municipal.<\/p>\n<p><strong>En lo que refiere a la temporada de verano 2023\/2024<\/strong>, expres\u00f3 qu\u00e9: \u201csi bien durante el verano hemos trabajado en la parte recreativa, deportiva y tur\u00edstica en las piletas para todas las edades y distintas condiciones, que es un sue\u00f1o cumplido, al margen de eso, no hemos descuidado otros aspectos\u00bb.<\/p>\n<h2><strong>Mucho trabajo en Desarrollo Social<\/strong><\/h2>\n<p>\u201cEn Desarrollo Social quiero destacar el trabajo de<strong> Claudia Katsos<\/strong> nuestra licenciada en Trabajo Social, quien est\u00e1 colaborando en todas las \u00e1reas y asistiendo en la parte de subsidios, viajes, acompa\u00f1amiento terap\u00e9utico, entre otros temas delicados referido a su \u00e1rea. Nos apoyamos mucho en el accionar de Claudia porque somos un pueblo donde nos conocemos todos. Durante este tiempo pude recibir y escuchar a muchas personas que han sido derivadas al \u00e1rea que corresponde\u201d, concluy\u00f3.<\/p>\n","protected":false},"excerpt":{"rendered":"<p>Desde el 1\u00b0 hasta el 26 de febrero, la Licenciada Mirta Levars, vicepresidente municipal, se hizo cargo de la presidencia municipal por vacaciones del intendente, Luis Siebenlist. En ese marco destac\u00f3 lo que significa el Torneo de F\u00fatbol Infantil Hip\u00f3lito \u201cPolo\u201d P\u00e9rez, entre otros temas. <\/p>\n","protected":false},"author":2,"featured_media":182348,"comment_status":"open","ping_status":"open","sticky":false,"template":"","format":"standard","meta":{"fifu_image_url":"","fifu_image_alt":"","footnotes":""},"categories":[4592,4586],"tags":[143,318,111,1580],"class_list":{"0":"post-182347","1":"post","2":"type-post","3":"status-publish","4":"format-standard","5":"has-post-thumbnail","7":"category-departamento-nogoya","8":"category-general-ramirez","9":"tag-aranguren","10":"tag-deporte","11":"tag-municipales","12":"tag-municipalidad-de-aranguren"},"yoast_head":"<title>Mirta Levars: \u201cen Aranguren vamos a recibir 4000 personas\u201d - Informe Litoral<\/title>\n<meta name=\"robots\" content=\"index, follow, max-snippet:-1, max-image-preview:large, max-video-preview:-1\" \/>\n<link rel=\"canonical\" href=\"https:\/\/informelitoral.com.ar\/mirta-levars-en-aranguren-vamos-a-recibir-4000-personas\/\" \/>\n<meta property=\"og:locale\" content=\"es_ES\" \/>\n<meta property=\"og:type\" content=\"article\" \/>\n<meta property=\"og:title\" content=\"Mirta Levars: \u201cen Aranguren vamos a recibir 4000 personas\u201d - Informe Litoral\" \/>\n<meta property=\"og:description\" content=\"Desde el 1\u00b0 hasta el 26 de febrero, la Licenciada Mirta Levars, vicepresidente municipal, se hizo cargo de la presidencia municipal por vacaciones del intendente, Luis Siebenlist. En ese marco destac\u00f3 lo que significa el Torneo de F\u00fatbol Infantil Hip\u00f3lito \u201cPolo\u201d P\u00e9rez, entre otros temas.\" \/>\n<meta property=\"og:url\" content=\"https:\/\/informelitoral.com.ar\/mirta-levars-en-aranguren-vamos-a-recibir-4000-personas\/\" \/>\n<meta property=\"og:site_name\" content=\"Informe Litoral\" \/>\n<meta property=\"article:publisher\" content=\"https:\/\/www.facebook.com\/informelitoral\/\" \/>\n<meta property=\"article:published_time\" content=\"2024-02-29T17:48:31+00:00\" \/>\n<meta property=\"article:modified_time\" content=\"2024-03-06T21:56:16+00:00\" \/>\n<meta property=\"og:image\" content=\"https:\/\/informelitoral.com.ar\/%77%70%2d%63%6f%6e%74%65%6e%74\/uploads\/2024\/03\/1.jpg\" \/>\n\t<meta property=\"og:image:width\" content=\"1440\" \/>\n\t<meta property=\"og:image:height\" content=\"1080\" \/>\n\t<meta property=\"og:image:type\" content=\"image\/jpeg\" \/>\n<meta name=\"author\" content=\"Gonzalo Schmidt\" \/>\n<meta name=\"twitter:card\" content=\"summary_large_image\" \/>\n<meta name=\"twitter:creator\" content=\"@InformeLitoral\" \/>\n<meta name=\"twitter:site\" content=\"@InformeLitoral\" \/>\n<meta name=\"twitter:label1\" content=\"Escrito por\" \/>\n\t<meta name=\"twitter:data1\" content=\"Gonzalo Schmidt\" \/>\n\t<meta name=\"twitter:label2\" content=\"Tiempo de lectura\" \/>\n\t<meta name=\"twitter:data2\" content=\"3 minutos\" \/>\n<script type=\"application\/ld+json\" class=\"yoast-schema-graph\">{\"@context\":\"https:\\\/\\\/schema.org\",\"@graph\":[{\"@type\":\"Article\",\"@id\":\"https:\\\/\\\/informelitoral.com.ar\\\/mirta-levars-en-aranguren-vamos-a-recibir-4000-personas\\\/#article\",\"isPartOf\":{\"@id\":\"https:\\\/\\\/informelitoral.com.ar\\\/mirta-levars-en-aranguren-vamos-a-recibir-4000-personas\\\/\"},\"author\":{\"name\":\"Gonzalo Schmidt\",\"@id\":\"https:\\\/\\\/informelitoral.com.ar\\\/#\\\/schema\\\/person\\\/b9d00407c836482871ef1d57bf8e3180\"},\"headline\":\"Mirta Levars: \u201cen Aranguren vamos a recibir 4000 personas\u201d\",\"datePublished\":\"2024-02-29T17:48:31+00:00\",\"dateModified\":\"2024-03-06T21:56:16+00:00\",\"mainEntityOfPage\":{\"@id\":\"https:\\\/\\\/informelitoral.com.ar\\\/mirta-levars-en-aranguren-vamos-a-recibir-4000-personas\\\/\"},\"wordCount\":582,\"commentCount\":0,\"publisher\":{\"@id\":\"https:\\\/\\\/informelitoral.com.ar\\\/#organization\"},\"image\":{\"@id\":\"https:\\\/\\\/informelitoral.com.ar\\\/mirta-levars-en-aranguren-vamos-a-recibir-4000-personas\\\/#primaryimage\"},\"thumbnailUrl\":\"https:\\\/\\\/informelitoral.com.ar\\\/%77%70%2d%63%6f%6e%74%65%6e%74\\\/uploads\\\/2024\\\/03\\\/1.jpg\",\"keywords\":[\"Aranguren\",\"Deporte\",\"Municipales\",\"Municipalidad de Aranguren\"],\"articleSection\":[\"Departamento Nogoy\u00e1\",\"General Ram\u00edrez\"],\"inLanguage\":\"es\",\"potentialAction\":[{\"@type\":\"CommentAction\",\"name\":\"Comment\",\"target\":[\"https:\\\/\\\/informelitoral.com.ar\\\/mirta-levars-en-aranguren-vamos-a-recibir-4000-personas\\\/#respond\"]}]},{\"@type\":\"WebPage\",\"@id\":\"https:\\\/\\\/informelitoral.com.ar\\\/mirta-levars-en-aranguren-vamos-a-recibir-4000-personas\\\/\",\"url\":\"https:\\\/\\\/informelitoral.com.ar\\\/mirta-levars-en-aranguren-vamos-a-recibir-4000-personas\\\/\",\"name\":\"Mirta Levars: \u201cen Aranguren vamos a recibir 4000 personas\u201d - Informe Litoral\",\"isPartOf\":{\"@id\":\"https:\\\/\\\/informelitoral.com.ar\\\/#website\"},\"primaryImageOfPage\":{\"@id\":\"https:\\\/\\\/informelitoral.com.ar\\\/mirta-levars-en-aranguren-vamos-a-recibir-4000-personas\\\/#primaryimage\"},\"image\":{\"@id\":\"https:\\\/\\\/informelitoral.com.ar\\\/mirta-levars-en-aranguren-vamos-a-recibir-4000-personas\\\/#primaryimage\"},\"thumbnailUrl\":\"https:\\\/\\\/informelitoral.com.ar\\\/%77%70%2d%63%6f%6e%74%65%6e%74\\\/uploads\\\/2024\\\/03\\\/1.jpg\",\"datePublished\":\"2024-02-29T17:48:31+00:00\",\"dateModified\":\"2024-03-06T21:56:16+00:00\",\"breadcrumb\":{\"@id\":\"https:\\\/\\\/informelitoral.com.ar\\\/mirta-levars-en-aranguren-vamos-a-recibir-4000-personas\\\/#breadcrumb\"},\"inLanguage\":\"es\",\"potentialAction\":[{\"@type\":\"ReadAction\",\"target\":[\"https:\\\/\\\/informelitoral.com.ar\\\/mirta-levars-en-aranguren-vamos-a-recibir-4000-personas\\\/\"]}]},{\"@type\":\"ImageObject\",\"inLanguage\":\"es\",\"@id\":\"https:\\\/\\\/informelitoral.com.ar\\\/mirta-levars-en-aranguren-vamos-a-recibir-4000-personas\\\/#primaryimage\",\"url\":\"https:\\\/\\\/informelitoral.com.ar\\\/%77%70%2d%63%6f%6e%74%65%6e%74\\\/uploads\\\/2024\\\/03\\\/1.jpg\",\"contentUrl\":\"https:\\\/\\\/informelitoral.com.ar\\\/%77%70%2d%63%6f%6e%74%65%6e%74\\\/uploads\\\/2024\\\/03\\\/1.jpg\",\"width\":1440,\"height\":1080},{\"@type\":\"BreadcrumbList\",\"@id\":\"https:\\\/\\\/informelitoral.com.ar\\\/mirta-levars-en-aranguren-vamos-a-recibir-4000-personas\\\/#breadcrumb\",\"itemListElement\":[{\"@type\":\"ListItem\",\"position\":1,\"name\":\"Portada\",\"item\":\"https:\\\/\\\/informelitoral.com.ar\\\/\"},{\"@type\":\"ListItem\",\"position\":2,\"name\":\"Mirta Levars: \u201cen Aranguren vamos a recibir 4000 personas\u201d\"}]},{\"@type\":\"WebSite\",\"@id\":\"https:\\\/\\\/informelitoral.com.ar\\\/#website\",\"url\":\"https:\\\/\\\/informelitoral.com.ar\\\/\",\"name\":\"Informe Litoral\",\"description\":\"&quot;Nos informamos&quot; \",\"publisher\":{\"@id\":\"https:\\\/\\\/informelitoral.com.ar\\\/#organization\"},\"potentialAction\":[{\"@type\":\"SearchAction\",\"target\":{\"@type\":\"EntryPoint\",\"urlTemplate\":\"https:\\\/\\\/informelitoral.com.ar\\\/?s={search_term_string}\"},\"query-input\":{\"@type\":\"PropertyValueSpecification\",\"valueRequired\":true,\"valueName\":\"search_term_string\"}}],\"inLanguage\":\"es\"},{\"@type\":\"Organization\",\"@id\":\"https:\\\/\\\/informelitoral.com.ar\\\/#organization\",\"name\":\"Informe Litoral\",\"url\":\"https:\\\/\\\/informelitoral.com.ar\\\/\",\"logo\":{\"@type\":\"ImageObject\",\"inLanguage\":\"es\",\"@id\":\"https:\\\/\\\/informelitoral.com.ar\\\/#\\\/schema\\\/logo\\\/image\\\/\",\"url\":\"https:\\\/\\\/informelitoral.com.ar\\\/%77%70%2d%63%6f%6e%74%65%6e%74\\\/uploads\\\/2021\\\/01\\\/circulo.png\",\"contentUrl\":\"https:\\\/\\\/informelitoral.com.ar\\\/%77%70%2d%63%6f%6e%74%65%6e%74\\\/uploads\\\/2021\\\/01\\\/circulo.png\",\"width\":723,\"height\":731,\"caption\":\"Informe Litoral\"},\"image\":{\"@id\":\"https:\\\/\\\/informelitoral.com.ar\\\/#\\\/schema\\\/logo\\\/image\\\/\"},\"sameAs\":[\"https:\\\/\\\/www.facebook.com\\\/informelitoral\\\/\",\"https:\\\/\\\/x.com\\\/InformeLitoral\",\"https:\\\/\\\/www.instagram.com\\\/informelitoral\\\/\",\"https:\\\/\\\/www.youtube.com\\\/channel\\\/UCua4Qvz8Icb6MYqhoq9xLXw\"]},{\"@type\":\"Person\",\"@id\":\"https:\\\/\\\/informelitoral.com.ar\\\/#\\\/schema\\\/person\\\/b9d00407c836482871ef1d57bf8e3180\",\"name\":\"Gonzalo Schmidt\",\"image\":{\"@type\":\"ImageObject\",\"inLanguage\":\"es\",\"@id\":\"https:\\\/\\\/secure.gravatar.com\\\/avatar\\\/31a1a7b66ff2de83bd0e9fd79d026630d2d99e55e8bfe501287647b4fd9743de?s=96&d=mm&r=g\",\"url\":\"https:\\\/\\\/secure.gravatar.com\\\/avatar\\\/31a1a7b66ff2de83bd0e9fd79d026630d2d99e55e8bfe501287647b4fd9743de?s=96&d=mm&r=g\",\"contentUrl\":\"https:\\\/\\\/secure.gravatar.com\\\/avatar\\\/31a1a7b66ff2de83bd0e9fd79d026630d2d99e55e8bfe501287647b4fd9743de?s=96&d=mm&r=g\",\"caption\":\"Gonzalo Schmidt\"},\"description\":\"Sitio web de noticias de la provincia de Entre R\u00edos, Argentina. Informaci\u00f3n y entretenimiento. Informe Litoral, nos informamos.\",\"sameAs\":[\"http:\\\/\\\/www.isletasnoticias.com.ar\"],\"url\":\"https:\\\/\\\/informelitoral.com.ar\\\/author\\\/gonzalo\\\/\"}]}<\/script>","yoast_head_json":{"title":"Mirta Levars: \u201cen Aranguren vamos a recibir 4000 personas\u201d - Informe Litoral","robots":{"index":"index","follow":"follow","max-snippet":"max-snippet:-1","max-image-preview":"max-image-preview:large","max-video-preview":"max-video-preview:-1"},"canonical":"https:\/\/informelitoral.com.ar\/mirta-levars-en-aranguren-vamos-a-recibir-4000-personas\/","og_locale":"es_ES","og_type":"article","og_title":"Mirta Levars: \u201cen Aranguren vamos a recibir 4000 personas\u201d - Informe Litoral","og_description":"Desde el 1\u00b0 hasta el 26 de febrero, la Licenciada Mirta Levars, vicepresidente municipal, se hizo cargo de la presidencia municipal por vacaciones del intendente, Luis Siebenlist. En ese marco destac\u00f3 lo que significa el Torneo de F\u00fatbol Infantil Hip\u00f3lito \u201cPolo\u201d P\u00e9rez, entre otros temas.","og_url":"https:\/\/informelitoral.com.ar\/mirta-levars-en-aranguren-vamos-a-recibir-4000-personas\/","og_site_name":"Informe Litoral","article_publisher":"https:\/\/www.facebook.com\/informelitoral\/","article_published_time":"2024-02-29T17:48:31+00:00","article_modified_time":"2024-03-06T21:56:16+00:00","og_image":[{"width":1440,"height":1080,"url":"https:\/\/informelitoral.com.ar\/%77%70%2d%63%6f%6e%74%65%6e%74\/uploads\/2024\/03\/1.jpg","type":"image\/jpeg"}],"author":"Gonzalo Schmidt","twitter_card":"summary_large_image","twitter_creator":"@InformeLitoral","twitter_site":"@InformeLitoral","twitter_misc":{"Escrito por":"Gonzalo Schmidt","Tiempo de lectura":"3 minutos"},"schema":{"@context":"https:\/\/schema.org","@graph":[{"@type":"Article","@id":"https:\/\/informelitoral.com.ar\/mirta-levars-en-aranguren-vamos-a-recibir-4000-personas\/#article","isPartOf":{"@id":"https:\/\/informelitoral.com.ar\/mirta-levars-en-aranguren-vamos-a-recibir-4000-personas\/"},"author":{"name":"Gonzalo Schmidt","@id":"https:\/\/informelitoral.com.ar\/#\/schema\/person\/b9d00407c836482871ef1d57bf8e3180"},"headline":"Mirta Levars: \u201cen Aranguren vamos a recibir 4000 personas\u201d","datePublished":"2024-02-29T17:48:31+00:00","dateModified":"2024-03-06T21:56:16+00:00","mainEntityOfPage":{"@id":"https:\/\/informelitoral.com.ar\/mirta-levars-en-aranguren-vamos-a-recibir-4000-personas\/"},"wordCount":582,"commentCount":0,"publisher":{"@id":"https:\/\/informelitoral.com.ar\/#organization"},"image":{"@id":"https:\/\/informelitoral.com.ar\/mirta-levars-en-aranguren-vamos-a-recibir-4000-personas\/#primaryimage"},"thumbnailUrl":"https:\/\/informelitoral.com.ar\/%77%70%2d%63%6f%6e%74%65%6e%74\/uploads\/2024\/03\/1.jpg","keywords":["Aranguren","Deporte","Municipales","Municipalidad de Aranguren"],"articleSection":["Departamento Nogoy\u00e1","General Ram\u00edrez"],"inLanguage":"es","potentialAction":[{"@type":"CommentAction","name":"Comment","target":["https:\/\/informelitoral.com.ar\/mirta-levars-en-aranguren-vamos-a-recibir-4000-personas\/#respond"]}]},{"@type":"WebPage","@id":"https:\/\/informelitoral.com.ar\/mirta-levars-en-aranguren-vamos-a-recibir-4000-personas\/","url":"https:\/\/informelitoral.com.ar\/mirta-levars-en-aranguren-vamos-a-recibir-4000-personas\/","name":"Mirta Levars: \u201cen Aranguren vamos a recibir 4000 personas\u201d - Informe Litoral","isPartOf":{"@id":"https:\/\/informelitoral.com.ar\/#website"},"primaryImageOfPage":{"@id":"https:\/\/informelitoral.com.ar\/mirta-levars-en-aranguren-vamos-a-recibir-4000-personas\/#primaryimage"},"image":{"@id":"https:\/\/informelitoral.com.ar\/mirta-levars-en-aranguren-vamos-a-recibir-4000-personas\/#primaryimage"},"thumbnailUrl":"https:\/\/informelitoral.com.ar\/%77%70%2d%63%6f%6e%74%65%6e%74\/uploads\/2024\/03\/1.jpg","datePublished":"2024-02-29T17:48:31+00:00","dateModified":"2024-03-06T21:56:16+00:00","breadcrumb":{"@id":"https:\/\/informelitoral.com.ar\/mirta-levars-en-aranguren-vamos-a-recibir-4000-personas\/#breadcrumb"},"inLanguage":"es","potentialAction":[{"@type":"ReadAction","target":["https:\/\/informelitoral.com.ar\/mirta-levars-en-aranguren-vamos-a-recibir-4000-personas\/"]}]},{"@type":"ImageObject","inLanguage":"es","@id":"https:\/\/informelitoral.com.ar\/mirta-levars-en-aranguren-vamos-a-recibir-4000-personas\/#primaryimage","url":"https:\/\/informelitoral.com.ar\/%77%70%2d%63%6f%6e%74%65%6e%74\/uploads\/2024\/03\/1.jpg","contentUrl":"https:\/\/informelitoral.com.ar\/%77%70%2d%63%6f%6e%74%65%6e%74\/uploads\/2024\/03\/1.jpg","width":1440,"height":1080},{"@type":"BreadcrumbList","@id":"https:\/\/informelitoral.com.ar\/mirta-levars-en-aranguren-vamos-a-recibir-4000-personas\/#breadcrumb","itemListElement":[{"@type":"ListItem","position":1,"name":"Portada","item":"https:\/\/informelitoral.com.ar\/"},{"@type":"ListItem","position":2,"name":"Mirta Levars: \u201cen Aranguren vamos a recibir 4000 personas\u201d"}]},{"@type":"WebSite","@id":"https:\/\/informelitoral.com.ar\/#website","url":"https:\/\/informelitoral.com.ar\/","name":"Informe Litoral","description":"&quot;Nos informamos&quot; ","publisher":{"@id":"https:\/\/informelitoral.com.ar\/#organization"},"potentialAction":[{"@type":"SearchAction","target":{"@type":"EntryPoint","urlTemplate":"https:\/\/informelitoral.com.ar\/?s={search_term_string}"},"query-input":{"@type":"PropertyValueSpecification","valueRequired":true,"valueName":"search_term_string"}}],"inLanguage":"es"},{"@type":"Organization","@id":"https:\/\/informelitoral.com.ar\/#organization","name":"Informe Litoral","url":"https:\/\/informelitoral.com.ar\/","logo":{"@type":"ImageObject","inLanguage":"es","@id":"https:\/\/informelitoral.com.ar\/#\/schema\/logo\/image\/","url":"https:\/\/informelitoral.com.ar\/%77%70%2d%63%6f%6e%74%65%6e%74\/uploads\/2021\/01\/circulo.png","contentUrl":"https:\/\/informelitoral.com.ar\/%77%70%2d%63%6f%6e%74%65%6e%74\/uploads\/2021\/01\/circulo.png","width":723,"height":731,"caption":"Informe Litoral"},"image":{"@id":"https:\/\/informelitoral.com.ar\/#\/schema\/logo\/image\/"},"sameAs":["https:\/\/www.facebook.com\/informelitoral\/","https:\/\/x.com\/InformeLitoral","https:\/\/www.instagram.com\/informelitoral\/","https:\/\/www.youtube.com\/channel\/UCua4Qvz8Icb6MYqhoq9xLXw"]},{"@type":"Person","@id":"https:\/\/informelitoral.com.ar\/#\/schema\/person\/b9d00407c836482871ef1d57bf8e3180","name":"Gonzalo Schmidt","image":{"@type":"ImageObject","inLanguage":"es","@id":"https:\/\/secure.gravatar.com\/avatar\/31a1a7b66ff2de83bd0e9fd79d026630d2d99e55e8bfe501287647b4fd9743de?s=96&d=mm&r=g","url":"https:\/\/secure.gravatar.com\/avatar\/31a1a7b66ff2de83bd0e9fd79d026630d2d99e55e8bfe501287647b4fd9743de?s=96&d=mm&r=g","contentUrl":"https:\/\/secure.gravatar.com\/avatar\/31a1a7b66ff2de83bd0e9fd79d026630d2d99e55e8bfe501287647b4fd9743de?s=96&d=mm&r=g","caption":"Gonzalo Schmidt"},"description":"Sitio web de noticias de la provincia de Entre R\u00edos, Argentina. Informaci\u00f3n y entretenimiento. Informe Litoral, nos informamos.","sameAs":["http:\/\/www.isletasnoticias.com.ar"],"url":"https:\/\/informelitoral.com.ar\/author\/gonzalo\/"}]}},"_links":{"self":[{"href":"https:\/\/informelitoral.com.ar\/%77%70%2d%6a%73%6f%6e\/wp\/v2\/posts\/182347","targetHints":{"allow":["GET"]}}],"collection":[{"href":"https:\/\/informelitoral.com.ar\/%77%70%2d%6a%73%6f%6e\/wp\/v2\/posts"}],"about":[{"href":"https:\/\/informelitoral.com.ar\/%77%70%2d%6a%73%6f%6e\/wp\/v2\/types\/post"}],"author":[{"embeddable":true,"href":"https:\/\/informelitoral.com.ar\/%77%70%2d%6a%73%6f%6e\/wp\/v2\/users\/2"}],"replies":[{"embeddable":true,"href":"https:\/\/informelitoral.com.ar\/%77%70%2d%6a%73%6f%6e\/wp\/v2\/comments?post=182347"}],"version-history":[{"count":0,"href":"https:\/\/informelitoral.com.ar\/%77%70%2d%6a%73%6f%6e\/wp\/v2\/posts\/182347\/revisions"}],"wp:featuredmedia":[{"embeddable":true,"href":"https:\/\/informelitoral.com.ar\/%77%70%2d%6a%73%6f%6e\/wp\/v2\/media\/182348"}],"wp:attachment":[{"href":"https:\/\/informelitoral.com.ar\/%77%70%2d%6a%73%6f%6e\/wp\/v2\/media?parent=182347"}],"wp:term":[{"taxonomy":"category","embeddable":true,"href":"https:\/\/informelitoral.com.ar\/%77%70%2d%6a%73%6f%6e\/wp\/v2\/categories?post=182347"},{"taxonomy":"post_tag","embeddable":true,"href":"https:\/\/informelitoral.com.ar\/%77%70%2d%6a%73%6f%6e\/wp\/v2\/tags?post=182347"}],"curies":[{"name":"wp","href":"https:\/\/api.w.org\/{rel}","templated":true}]}}