{"id":182326,"date":"2024-02-25T21:53:19","date_gmt":"2024-02-26T00:53:19","guid":{"rendered":"https:\/\/www.informelitoral.com.ar\/?p=182326"},"modified":"2024-02-25T22:01:12","modified_gmt":"2024-02-26T01:01:12","slug":"ramirez-festeja-2024-confirmaron-la-grilla-artistica-con-mas-de-30-grupos","status":"publish","type":"post","link":"https:\/\/informelitoral.com.ar\/ramirez-festeja-2024-confirmaron-la-grilla-artistica-con-mas-de-30-grupos\/","title":{"rendered":"Ram\u00edrez Festeja 2024: confirmaron la grilla art\u00edstica con m\u00e1s de 30 grupos"},"content":{"rendered":"<p>Faltan d\u00edas para el<a href=\"https:\/\/www.instagram.com\/ramirez_festeja\/?hl=es\" target=\"_blank\" rel=\"noopener\"><em><strong> Ram\u00edrez Festeja 2024<\/strong><\/em>,<\/a> evento que se realiza cada a\u00f1o con motivo del <strong>aniversario de General Ram\u00edrez que se celebra el 13 de marzo.<\/strong><\/p>\n<p>Si bien esta edici\u00f3n ser\u00e1 m\u00e1s acotada producto de la crisis econ\u00f3mica, se logr\u00f3 mantener la <strong>entrada libre y gratuita y m\u00e1s de 30 grupos musicales sobre el escenario.<\/strong><\/p>\n<p>El evento se realizar\u00e1 <strong>el 9 y 10 de marzo en el Parque Evita y Parque de la Democracia.<\/strong><\/p>\n<h2><strong>Grilla art\u00edstica para el Ram\u00edrez Festeja 2024<\/strong><\/h2>\n<p><strong>S\u00e1bado 9:<\/strong> el n\u00famero central ser\u00e1 el <strong>Combo 10<\/strong>, pero adem\u00e1s estar\u00e1n sobre el escenario Pinceladas de Rock, Orquesta sinf\u00f3nica de Crespo, Pitu Mart\u00ednez, Hera, X-Presi\u00f3n, La 723, Maravillas Alemanas, Eclipse, Litoral Tag\u00fc\u00e9, pareja Balcaza &#8211; Vega, Cable a tierra, Vivre, Nadyan, La sin nombre, El ritmo, La tercera fase del plan (ganador del Pre Bandas) y DJ Ema M\u00fcller.<\/p>\n<p><strong>Domingo 10:<\/strong> se present\u00f3 a <strong>Ambo\u00e9<\/strong> como el gripo destacado, pero tambi\u00e9n se presentar\u00e1n Sembrando esperanza, El rejunte, The Ram\u00edrez, Postmortem thrash, Fe ciega, Sublevados, Mat\u00edas Retamar malambo, Pareja Remamar &#8211; Frickel, Nuevas Ra\u00edces, Chamam\u00e9 Co\u00e9, Los dalton, Maia Videla, Hugo Vel\u00e1zquez y su conjunto, Isletas Litoral, Revoluci\u00f3n federal, Reflejos de tradici\u00f3n, Ensamble Ram\u00edrez Festeja, Gaby y los aut\u00e9nticos y la Bandita Edelweiss.<\/p>\n<p>Adem\u00e1s, durante los dos d\u00edas habr\u00e1 un espacio para los gurises, patio de comidas, artesanos, emprendedores, puestos de cerveza artesanal y sitios para estar y compartir. <em>(Informe Litoral)<\/em><\/p>\n<blockquote class=\"wp-embedded-content\" data-secret=\"DlMPWf9POv\"><p><a href=\"https:\/\/www.informelitoral.com.ar\/ramirez-festeja-2024-se-presentara-el-combo-10-amboe-y-otros-25-grupos\/\">Ram\u00edrez Festeja 2024: se presentar\u00e1 el Combo 10, Ambo\u00e9 y otros 25 grupos<\/a><\/p><\/blockquote>\n<p><iframe loading=\"lazy\" class=\"wp-embedded-content\" sandbox=\"allow-scripts\" security=\"restricted\" style=\"position: absolute; clip: rect(1px, 1px, 1px, 1px);\" title=\"\u00abRam\u00edrez Festeja 2024: se presentar\u00e1 el Combo 10, Ambo\u00e9 y otros 25 grupos\u00bb \u2014 Informe Litoral\" src=\"https:\/\/www.informelitoral.com.ar\/ramirez-festeja-2024-se-presentara-el-combo-10-amboe-y-otros-25-grupos\/embed\/#?secret=FIEacLeQ3F#?secret=DlMPWf9POv\" data-secret=\"DlMPWf9POv\" width=\"600\" height=\"338\" frameborder=\"0\" marginwidth=\"0\" marginheight=\"0\" scrolling=\"no\"><\/iframe><\/p>\n","protected":false},"excerpt":{"rendered":"<p>La ciudad del departamento Diamante se prepara para celebrar su 136 aniversario este 9 y 10 de marzo. El Combo 10 y Ambo\u00e9 ser\u00e1n los n\u00fameros centrales pero habr\u00e1 una variada cartelera sobre el escenario, con entrada libre y gratuita. <\/p>\n","protected":false},"author":2,"featured_media":112254,"comment_status":"open","ping_status":"open","sticky":false,"template":"","format":"standard","meta":{"fifu_image_url":"","fifu_image_alt":"","footnotes":""},"categories":[5,4586],"tags":[320,3054,556,1433,27,1286],"class_list":{"0":"post-182326","1":"post","2":"type-post","3":"status-publish","4":"format-standard","5":"has-post-thumbnail","7":"category-zonales","8":"category-general-ramirez","9":"tag-aniversario","10":"tag-festejo-de-aniversario","11":"tag-general-ramirez","12":"tag-municipalidad-de-general-ramirez","13":"tag-ramirez","14":"tag-ramirez-festeja"},"yoast_head":"<title>Ram\u00edrez Festeja 2024: confirmaron la grilla art\u00edstica con m\u00e1s de 30 grupos - Informe Litoral<\/title>\n<meta name=\"robots\" content=\"index, follow, max-snippet:-1, max-image-preview:large, max-video-preview:-1\" \/>\n<link rel=\"canonical\" href=\"https:\/\/informelitoral.com.ar\/ramirez-festeja-2024-confirmaron-la-grilla-artistica-con-mas-de-30-grupos\/\" \/>\n<meta property=\"og:locale\" content=\"es_ES\" \/>\n<meta property=\"og:type\" content=\"article\" \/>\n<meta property=\"og:title\" content=\"Ram\u00edrez Festeja 2024: confirmaron la grilla art\u00edstica con m\u00e1s de 30 grupos - Informe Litoral\" \/>\n<meta property=\"og:description\" content=\"La ciudad del departamento Diamante se prepara para celebrar su 136 aniversario este 9 y 10 de marzo. El Combo 10 y Ambo\u00e9 ser\u00e1n los n\u00fameros centrales pero habr\u00e1 una variada cartelera sobre el escenario, con entrada libre y gratuita.\" \/>\n<meta property=\"og:url\" content=\"https:\/\/informelitoral.com.ar\/ramirez-festeja-2024-confirmaron-la-grilla-artistica-con-mas-de-30-grupos\/\" \/>\n<meta property=\"og:site_name\" content=\"Informe Litoral\" \/>\n<meta property=\"article:publisher\" content=\"https:\/\/www.facebook.com\/informelitoral\/\" \/>\n<meta property=\"article:published_time\" content=\"2024-02-26T00:53:19+00:00\" \/>\n<meta property=\"article:modified_time\" content=\"2024-02-26T01:01:12+00:00\" \/>\n<meta property=\"og:image\" content=\"https:\/\/informelitoral.com.ar\/%77%70%2d%63%6f%6e%74%65%6e%74\/uploads\/2023\/01\/Ramirez-festeja-5-630x420-1.jpg\" \/>\n\t<meta property=\"og:image:width\" content=\"630\" \/>\n\t<meta property=\"og:image:height\" content=\"420\" \/>\n\t<meta property=\"og:image:type\" content=\"image\/jpeg\" \/>\n<meta name=\"author\" content=\"Gonzalo Schmidt\" \/>\n<meta name=\"twitter:card\" content=\"summary_large_image\" \/>\n<meta name=\"twitter:creator\" content=\"@InformeLitoral\" \/>\n<meta name=\"twitter:site\" content=\"@InformeLitoral\" \/>\n<meta name=\"twitter:label1\" content=\"Escrito por\" \/>\n\t<meta name=\"twitter:data1\" content=\"Gonzalo Schmidt\" \/>\n\t<meta name=\"twitter:label2\" content=\"Tiempo de lectura\" \/>\n\t<meta name=\"twitter:data2\" content=\"1 minuto\" \/>\n<script type=\"application\/ld+json\" class=\"yoast-schema-graph\">{\"@context\":\"https:\\\/\\\/schema.org\",\"@graph\":[{\"@type\":\"Article\",\"@id\":\"https:\\\/\\\/informelitoral.com.ar\\\/ramirez-festeja-2024-confirmaron-la-grilla-artistica-con-mas-de-30-grupos\\\/#article\",\"isPartOf\":{\"@id\":\"https:\\\/\\\/informelitoral.com.ar\\\/ramirez-festeja-2024-confirmaron-la-grilla-artistica-con-mas-de-30-grupos\\\/\"},\"author\":{\"name\":\"Gonzalo Schmidt\",\"@id\":\"https:\\\/\\\/informelitoral.com.ar\\\/#\\\/schema\\\/person\\\/b9d00407c836482871ef1d57bf8e3180\"},\"headline\":\"Ram\u00edrez Festeja 2024: confirmaron la grilla art\u00edstica con m\u00e1s de 30 grupos\",\"datePublished\":\"2024-02-26T00:53:19+00:00\",\"dateModified\":\"2024-02-26T01:01:12+00:00\",\"mainEntityOfPage\":{\"@id\":\"https:\\\/\\\/informelitoral.com.ar\\\/ramirez-festeja-2024-confirmaron-la-grilla-artistica-con-mas-de-30-grupos\\\/\"},\"wordCount\":275,\"commentCount\":0,\"publisher\":{\"@id\":\"https:\\\/\\\/informelitoral.com.ar\\\/#organization\"},\"image\":{\"@id\":\"https:\\\/\\\/informelitoral.com.ar\\\/ramirez-festeja-2024-confirmaron-la-grilla-artistica-con-mas-de-30-grupos\\\/#primaryimage\"},\"thumbnailUrl\":\"https:\\\/\\\/informelitoral.com.ar\\\/%77%70%2d%63%6f%6e%74%65%6e%74\\\/uploads\\\/2023\\\/01\\\/Ramirez-festeja-5-630x420-1.jpg\",\"keywords\":[\"Aniversario\",\"Festejo de aniversario\",\"General Ram\u00edrez\",\"Municipalidad de General Ram\u00edrez\",\"Ram\u00edrez\",\"Ram\u00edrez Festeja\"],\"articleSection\":[\"Departamento Diamante\",\"General Ram\u00edrez\"],\"inLanguage\":\"es\",\"potentialAction\":[{\"@type\":\"CommentAction\",\"name\":\"Comment\",\"target\":[\"https:\\\/\\\/informelitoral.com.ar\\\/ramirez-festeja-2024-confirmaron-la-grilla-artistica-con-mas-de-30-grupos\\\/#respond\"]}]},{\"@type\":\"WebPage\",\"@id\":\"https:\\\/\\\/informelitoral.com.ar\\\/ramirez-festeja-2024-confirmaron-la-grilla-artistica-con-mas-de-30-grupos\\\/\",\"url\":\"https:\\\/\\\/informelitoral.com.ar\\\/ramirez-festeja-2024-confirmaron-la-grilla-artistica-con-mas-de-30-grupos\\\/\",\"name\":\"Ram\u00edrez Festeja 2024: confirmaron la grilla art\u00edstica con m\u00e1s de 30 grupos - Informe Litoral\",\"isPartOf\":{\"@id\":\"https:\\\/\\\/informelitoral.com.ar\\\/#website\"},\"primaryImageOfPage\":{\"@id\":\"https:\\\/\\\/informelitoral.com.ar\\\/ramirez-festeja-2024-confirmaron-la-grilla-artistica-con-mas-de-30-grupos\\\/#primaryimage\"},\"image\":{\"@id\":\"https:\\\/\\\/informelitoral.com.ar\\\/ramirez-festeja-2024-confirmaron-la-grilla-artistica-con-mas-de-30-grupos\\\/#primaryimage\"},\"thumbnailUrl\":\"https:\\\/\\\/informelitoral.com.ar\\\/%77%70%2d%63%6f%6e%74%65%6e%74\\\/uploads\\\/2023\\\/01\\\/Ramirez-festeja-5-630x420-1.jpg\",\"datePublished\":\"2024-02-26T00:53:19+00:00\",\"dateModified\":\"2024-02-26T01:01:12+00:00\",\"breadcrumb\":{\"@id\":\"https:\\\/\\\/informelitoral.com.ar\\\/ramirez-festeja-2024-confirmaron-la-grilla-artistica-con-mas-de-30-grupos\\\/#breadcrumb\"},\"inLanguage\":\"es\",\"potentialAction\":[{\"@type\":\"ReadAction\",\"target\":[\"https:\\\/\\\/informelitoral.com.ar\\\/ramirez-festeja-2024-confirmaron-la-grilla-artistica-con-mas-de-30-grupos\\\/\"]}]},{\"@type\":\"ImageObject\",\"inLanguage\":\"es\",\"@id\":\"https:\\\/\\\/informelitoral.com.ar\\\/ramirez-festeja-2024-confirmaron-la-grilla-artistica-con-mas-de-30-grupos\\\/#primaryimage\",\"url\":\"https:\\\/\\\/informelitoral.com.ar\\\/%77%70%2d%63%6f%6e%74%65%6e%74\\\/uploads\\\/2023\\\/01\\\/Ramirez-festeja-5-630x420-1.jpg\",\"contentUrl\":\"https:\\\/\\\/informelitoral.com.ar\\\/%77%70%2d%63%6f%6e%74%65%6e%74\\\/uploads\\\/2023\\\/01\\\/Ramirez-festeja-5-630x420-1.jpg\",\"width\":630,\"height\":420},{\"@type\":\"BreadcrumbList\",\"@id\":\"https:\\\/\\\/informelitoral.com.ar\\\/ramirez-festeja-2024-confirmaron-la-grilla-artistica-con-mas-de-30-grupos\\\/#breadcrumb\",\"itemListElement\":[{\"@type\":\"ListItem\",\"position\":1,\"name\":\"Portada\",\"item\":\"https:\\\/\\\/informelitoral.com.ar\\\/\"},{\"@type\":\"ListItem\",\"position\":2,\"name\":\"Ram\u00edrez Festeja 2024: confirmaron la grilla art\u00edstica con m\u00e1s de 30 grupos\"}]},{\"@type\":\"WebSite\",\"@id\":\"https:\\\/\\\/informelitoral.com.ar\\\/#website\",\"url\":\"https:\\\/\\\/informelitoral.com.ar\\\/\",\"name\":\"Informe Litoral\",\"description\":\"&quot;Nos informamos&quot; \",\"publisher\":{\"@id\":\"https:\\\/\\\/informelitoral.com.ar\\\/#organization\"},\"potentialAction\":[{\"@type\":\"SearchAction\",\"target\":{\"@type\":\"EntryPoint\",\"urlTemplate\":\"https:\\\/\\\/informelitoral.com.ar\\\/?s={search_term_string}\"},\"query-input\":{\"@type\":\"PropertyValueSpecification\",\"valueRequired\":true,\"valueName\":\"search_term_string\"}}],\"inLanguage\":\"es\"},{\"@type\":\"Organization\",\"@id\":\"https:\\\/\\\/informelitoral.com.ar\\\/#organization\",\"name\":\"Informe Litoral\",\"url\":\"https:\\\/\\\/informelitoral.com.ar\\\/\",\"logo\":{\"@type\":\"ImageObject\",\"inLanguage\":\"es\",\"@id\":\"https:\\\/\\\/informelitoral.com.ar\\\/#\\\/schema\\\/logo\\\/image\\\/\",\"url\":\"https:\\\/\\\/informelitoral.com.ar\\\/%77%70%2d%63%6f%6e%74%65%6e%74\\\/uploads\\\/2021\\\/01\\\/circulo.png\",\"contentUrl\":\"https:\\\/\\\/informelitoral.com.ar\\\/%77%70%2d%63%6f%6e%74%65%6e%74\\\/uploads\\\/2021\\\/01\\\/circulo.png\",\"width\":723,\"height\":731,\"caption\":\"Informe Litoral\"},\"image\":{\"@id\":\"https:\\\/\\\/informelitoral.com.ar\\\/#\\\/schema\\\/logo\\\/image\\\/\"},\"sameAs\":[\"https:\\\/\\\/www.facebook.com\\\/informelitoral\\\/\",\"https:\\\/\\\/x.com\\\/InformeLitoral\",\"https:\\\/\\\/www.instagram.com\\\/informelitoral\\\/\",\"https:\\\/\\\/www.youtube.com\\\/channel\\\/UCua4Qvz8Icb6MYqhoq9xLXw\"]},{\"@type\":\"Person\",\"@id\":\"https:\\\/\\\/informelitoral.com.ar\\\/#\\\/schema\\\/person\\\/b9d00407c836482871ef1d57bf8e3180\",\"name\":\"Gonzalo Schmidt\",\"image\":{\"@type\":\"ImageObject\",\"inLanguage\":\"es\",\"@id\":\"https:\\\/\\\/secure.gravatar.com\\\/avatar\\\/31a1a7b66ff2de83bd0e9fd79d026630d2d99e55e8bfe501287647b4fd9743de?s=96&d=mm&r=g\",\"url\":\"https:\\\/\\\/secure.gravatar.com\\\/avatar\\\/31a1a7b66ff2de83bd0e9fd79d026630d2d99e55e8bfe501287647b4fd9743de?s=96&d=mm&r=g\",\"contentUrl\":\"https:\\\/\\\/secure.gravatar.com\\\/avatar\\\/31a1a7b66ff2de83bd0e9fd79d026630d2d99e55e8bfe501287647b4fd9743de?s=96&d=mm&r=g\",\"caption\":\"Gonzalo Schmidt\"},\"description\":\"Sitio web de noticias de la provincia de Entre R\u00edos, Argentina. Informaci\u00f3n y entretenimiento. Informe Litoral, nos informamos.\",\"sameAs\":[\"http:\\\/\\\/www.isletasnoticias.com.ar\"],\"url\":\"https:\\\/\\\/informelitoral.com.ar\\\/author\\\/gonzalo\\\/\"}]}<\/script>","yoast_head_json":{"title":"Ram\u00edrez Festeja 2024: confirmaron la grilla art\u00edstica con m\u00e1s de 30 grupos - Informe Litoral","robots":{"index":"index","follow":"follow","max-snippet":"max-snippet:-1","max-image-preview":"max-image-preview:large","max-video-preview":"max-video-preview:-1"},"canonical":"https:\/\/informelitoral.com.ar\/ramirez-festeja-2024-confirmaron-la-grilla-artistica-con-mas-de-30-grupos\/","og_locale":"es_ES","og_type":"article","og_title":"Ram\u00edrez Festeja 2024: confirmaron la grilla art\u00edstica con m\u00e1s de 30 grupos - Informe Litoral","og_description":"La ciudad del departamento Diamante se prepara para celebrar su 136 aniversario este 9 y 10 de marzo. El Combo 10 y Ambo\u00e9 ser\u00e1n los n\u00fameros centrales pero habr\u00e1 una variada cartelera sobre el escenario, con entrada libre y gratuita.","og_url":"https:\/\/informelitoral.com.ar\/ramirez-festeja-2024-confirmaron-la-grilla-artistica-con-mas-de-30-grupos\/","og_site_name":"Informe Litoral","article_publisher":"https:\/\/www.facebook.com\/informelitoral\/","article_published_time":"2024-02-26T00:53:19+00:00","article_modified_time":"2024-02-26T01:01:12+00:00","og_image":[{"width":630,"height":420,"url":"https:\/\/informelitoral.com.ar\/%77%70%2d%63%6f%6e%74%65%6e%74\/uploads\/2023\/01\/Ramirez-festeja-5-630x420-1.jpg","type":"image\/jpeg"}],"author":"Gonzalo Schmidt","twitter_card":"summary_large_image","twitter_creator":"@InformeLitoral","twitter_site":"@InformeLitoral","twitter_misc":{"Escrito por":"Gonzalo Schmidt","Tiempo de lectura":"1 minuto"},"schema":{"@context":"https:\/\/schema.org","@graph":[{"@type":"Article","@id":"https:\/\/informelitoral.com.ar\/ramirez-festeja-2024-confirmaron-la-grilla-artistica-con-mas-de-30-grupos\/#article","isPartOf":{"@id":"https:\/\/informelitoral.com.ar\/ramirez-festeja-2024-confirmaron-la-grilla-artistica-con-mas-de-30-grupos\/"},"author":{"name":"Gonzalo Schmidt","@id":"https:\/\/informelitoral.com.ar\/#\/schema\/person\/b9d00407c836482871ef1d57bf8e3180"},"headline":"Ram\u00edrez Festeja 2024: confirmaron la grilla art\u00edstica con m\u00e1s de 30 grupos","datePublished":"2024-02-26T00:53:19+00:00","dateModified":"2024-02-26T01:01:12+00:00","mainEntityOfPage":{"@id":"https:\/\/informelitoral.com.ar\/ramirez-festeja-2024-confirmaron-la-grilla-artistica-con-mas-de-30-grupos\/"},"wordCount":275,"commentCount":0,"publisher":{"@id":"https:\/\/informelitoral.com.ar\/#organization"},"image":{"@id":"https:\/\/informelitoral.com.ar\/ramirez-festeja-2024-confirmaron-la-grilla-artistica-con-mas-de-30-grupos\/#primaryimage"},"thumbnailUrl":"https:\/\/informelitoral.com.ar\/%77%70%2d%63%6f%6e%74%65%6e%74\/uploads\/2023\/01\/Ramirez-festeja-5-630x420-1.jpg","keywords":["Aniversario","Festejo de aniversario","General Ram\u00edrez","Municipalidad de General Ram\u00edrez","Ram\u00edrez","Ram\u00edrez Festeja"],"articleSection":["Departamento Diamante","General Ram\u00edrez"],"inLanguage":"es","potentialAction":[{"@type":"CommentAction","name":"Comment","target":["https:\/\/informelitoral.com.ar\/ramirez-festeja-2024-confirmaron-la-grilla-artistica-con-mas-de-30-grupos\/#respond"]}]},{"@type":"WebPage","@id":"https:\/\/informelitoral.com.ar\/ramirez-festeja-2024-confirmaron-la-grilla-artistica-con-mas-de-30-grupos\/","url":"https:\/\/informelitoral.com.ar\/ramirez-festeja-2024-confirmaron-la-grilla-artistica-con-mas-de-30-grupos\/","name":"Ram\u00edrez Festeja 2024: confirmaron la grilla art\u00edstica con m\u00e1s de 30 grupos - Informe Litoral","isPartOf":{"@id":"https:\/\/informelitoral.com.ar\/#website"},"primaryImageOfPage":{"@id":"https:\/\/informelitoral.com.ar\/ramirez-festeja-2024-confirmaron-la-grilla-artistica-con-mas-de-30-grupos\/#primaryimage"},"image":{"@id":"https:\/\/informelitoral.com.ar\/ramirez-festeja-2024-confirmaron-la-grilla-artistica-con-mas-de-30-grupos\/#primaryimage"},"thumbnailUrl":"https:\/\/informelitoral.com.ar\/%77%70%2d%63%6f%6e%74%65%6e%74\/uploads\/2023\/01\/Ramirez-festeja-5-630x420-1.jpg","datePublished":"2024-02-26T00:53:19+00:00","dateModified":"2024-02-26T01:01:12+00:00","breadcrumb":{"@id":"https:\/\/informelitoral.com.ar\/ramirez-festeja-2024-confirmaron-la-grilla-artistica-con-mas-de-30-grupos\/#breadcrumb"},"inLanguage":"es","potentialAction":[{"@type":"ReadAction","target":["https:\/\/informelitoral.com.ar\/ramirez-festeja-2024-confirmaron-la-grilla-artistica-con-mas-de-30-grupos\/"]}]},{"@type":"ImageObject","inLanguage":"es","@id":"https:\/\/informelitoral.com.ar\/ramirez-festeja-2024-confirmaron-la-grilla-artistica-con-mas-de-30-grupos\/#primaryimage","url":"https:\/\/informelitoral.com.ar\/%77%70%2d%63%6f%6e%74%65%6e%74\/uploads\/2023\/01\/Ramirez-festeja-5-630x420-1.jpg","contentUrl":"https:\/\/informelitoral.com.ar\/%77%70%2d%63%6f%6e%74%65%6e%74\/uploads\/2023\/01\/Ramirez-festeja-5-630x420-1.jpg","width":630,"height":420},{"@type":"BreadcrumbList","@id":"https:\/\/informelitoral.com.ar\/ramirez-festeja-2024-confirmaron-la-grilla-artistica-con-mas-de-30-grupos\/#breadcrumb","itemListElement":[{"@type":"ListItem","position":1,"name":"Portada","item":"https:\/\/informelitoral.com.ar\/"},{"@type":"ListItem","position":2,"name":"Ram\u00edrez Festeja 2024: confirmaron la grilla art\u00edstica con m\u00e1s de 30 grupos"}]},{"@type":"WebSite","@id":"https:\/\/informelitoral.com.ar\/#website","url":"https:\/\/informelitoral.com.ar\/","name":"Informe Litoral","description":"&quot;Nos informamos&quot; ","publisher":{"@id":"https:\/\/informelitoral.com.ar\/#organization"},"potentialAction":[{"@type":"SearchAction","target":{"@type":"EntryPoint","urlTemplate":"https:\/\/informelitoral.com.ar\/?s={search_term_string}"},"query-input":{"@type":"PropertyValueSpecification","valueRequired":true,"valueName":"search_term_string"}}],"inLanguage":"es"},{"@type":"Organization","@id":"https:\/\/informelitoral.com.ar\/#organization","name":"Informe Litoral","url":"https:\/\/informelitoral.com.ar\/","logo":{"@type":"ImageObject","inLanguage":"es","@id":"https:\/\/informelitoral.com.ar\/#\/schema\/logo\/image\/","url":"https:\/\/informelitoral.com.ar\/%77%70%2d%63%6f%6e%74%65%6e%74\/uploads\/2021\/01\/circulo.png","contentUrl":"https:\/\/informelitoral.com.ar\/%77%70%2d%63%6f%6e%74%65%6e%74\/uploads\/2021\/01\/circulo.png","width":723,"height":731,"caption":"Informe Litoral"},"image":{"@id":"https:\/\/informelitoral.com.ar\/#\/schema\/logo\/image\/"},"sameAs":["https:\/\/www.facebook.com\/informelitoral\/","https:\/\/x.com\/InformeLitoral","https:\/\/www.instagram.com\/informelitoral\/","https:\/\/www.youtube.com\/channel\/UCua4Qvz8Icb6MYqhoq9xLXw"]},{"@type":"Person","@id":"https:\/\/informelitoral.com.ar\/#\/schema\/person\/b9d00407c836482871ef1d57bf8e3180","name":"Gonzalo Schmidt","image":{"@type":"ImageObject","inLanguage":"es","@id":"https:\/\/secure.gravatar.com\/avatar\/31a1a7b66ff2de83bd0e9fd79d026630d2d99e55e8bfe501287647b4fd9743de?s=96&d=mm&r=g","url":"https:\/\/secure.gravatar.com\/avatar\/31a1a7b66ff2de83bd0e9fd79d026630d2d99e55e8bfe501287647b4fd9743de?s=96&d=mm&r=g","contentUrl":"https:\/\/secure.gravatar.com\/avatar\/31a1a7b66ff2de83bd0e9fd79d026630d2d99e55e8bfe501287647b4fd9743de?s=96&d=mm&r=g","caption":"Gonzalo Schmidt"},"description":"Sitio web de noticias de la provincia de Entre R\u00edos, Argentina. Informaci\u00f3n y entretenimiento. Informe Litoral, nos informamos.","sameAs":["http:\/\/www.isletasnoticias.com.ar"],"url":"https:\/\/informelitoral.com.ar\/author\/gonzalo\/"}]}},"_links":{"self":[{"href":"https:\/\/informelitoral.com.ar\/%77%70%2d%6a%73%6f%6e\/wp\/v2\/posts\/182326","targetHints":{"allow":["GET"]}}],"collection":[{"href":"https:\/\/informelitoral.com.ar\/%77%70%2d%6a%73%6f%6e\/wp\/v2\/posts"}],"about":[{"href":"https:\/\/informelitoral.com.ar\/%77%70%2d%6a%73%6f%6e\/wp\/v2\/types\/post"}],"author":[{"embeddable":true,"href":"https:\/\/informelitoral.com.ar\/%77%70%2d%6a%73%6f%6e\/wp\/v2\/users\/2"}],"replies":[{"embeddable":true,"href":"https:\/\/informelitoral.com.ar\/%77%70%2d%6a%73%6f%6e\/wp\/v2\/comments?post=182326"}],"version-history":[{"count":0,"href":"https:\/\/informelitoral.com.ar\/%77%70%2d%6a%73%6f%6e\/wp\/v2\/posts\/182326\/revisions"}],"wp:featuredmedia":[{"embeddable":true,"href":"https:\/\/informelitoral.com.ar\/%77%70%2d%6a%73%6f%6e\/wp\/v2\/media\/112254"}],"wp:attachment":[{"href":"https:\/\/informelitoral.com.ar\/%77%70%2d%6a%73%6f%6e\/wp\/v2\/media?parent=182326"}],"wp:term":[{"taxonomy":"category","embeddable":true,"href":"https:\/\/informelitoral.com.ar\/%77%70%2d%6a%73%6f%6e\/wp\/v2\/categories?post=182326"},{"taxonomy":"post_tag","embeddable":true,"href":"https:\/\/informelitoral.com.ar\/%77%70%2d%6a%73%6f%6e\/wp\/v2\/tags?post=182326"}],"curies":[{"name":"wp","href":"https:\/\/api.w.org\/{rel}","templated":true}]}}