{"id":1819,"date":"2013-05-20T00:31:29","date_gmt":"2013-05-20T03:31:29","guid":{"rendered":"http:\/\/www.isletasnoticias.com.ar\/?p=1819"},"modified":"2013-05-20T00:35:21","modified_gmt":"2013-05-20T03:35:21","slug":"1819","status":"publish","type":"post","link":"https:\/\/informelitoral.com.ar\/1819\/","title":{"rendered":"Citaron a una audiencia para este mi\u00e9rcoles a Telecom por fallas en el servicio"},"content":{"rendered":"<div><strong><a href=\"http:\/\/www.isletasnoticias.com.ar\/%77%70%2d%63%6f%6e%74%65%6e%74\/uploads\/2013\/05\/urribarri.jpg\"><img loading=\"lazy\" decoding=\"async\" class=\"size-medium wp-image-1820 alignleft\" alt=\"urribarri\" src=\"http:\/\/www.isletasnoticias.com.ar\/%77%70%2d%63%6f%6e%74%65%6e%74\/uploads\/2013\/05\/urribarri-300x200.jpg\" width=\"300\" height=\"200\" srcset=\"https:\/\/informelitoral.com.ar\/%77%70%2d%63%6f%6e%74%65%6e%74\/uploads\/2013\/05\/urribarri-300x200.jpg 300w, https:\/\/informelitoral.com.ar\/%77%70%2d%63%6f%6e%74%65%6e%74\/uploads\/2013\/05\/urribarri.jpg 600w\" sizes=\"auto, (max-width: 300px) 100vw, 300px\" \/><\/a><\/strong><\/div>\n<div><strong><strong>Ante las graves defic<\/strong>iencias que muestra en los \u00faltimos d\u00edas el servicio de telefon\u00eda celular de \u201cPersonal\u201d\u00a0<\/strong><strong>-que viene afectando a miles de usuarios de toda la provincia-, el gobernador <em>Sergio Urribarri<\/em> dispuso que desde la Secretaria de Telecomunicaciones, que depende del Mini<\/strong><strong>sterio de Cultura y Comunicaci\u00f3n, y del \u00e1rea de Defensa al Consumidor se incremente la presi\u00f3n a la empresa prestataria del servicio. \u00abDebemos r\u00e1pidamente articular un trabajo conjunto que lleve a la mejora de la calidad del servicio, de mayor protecci\u00f3n a los usuarios, y demuestre a las empresas nuestra firme decisi\u00f3n de no permitir abusos ni prestaciones deficitarias\u00bb. Sostuvo el mandatario provincial.<\/strong><\/div>\n<div><em id=\"__mceDel\"><br \/>\n<\/em>M\u00e1s all\u00e1 de las explicaciones t\u00e9cnicas, desde el gobierno se presume que la empresa no ha cumplido con las inversiones de infraestructura que le permita atender la creciente demanda de sus servicios. En este marco, habr\u00e1 un encuentro con autoridades nacionales.<br \/>\n<em id=\"__mceDel\"><br \/>\n<\/em>El flamante Secretario de Comunicaci\u00f3n de la Naci\u00f3n,<strong> Norberto Berner<\/strong>, tiene en su poder un pormenorizado informe de lo sucedido en Entre R\u00edos. El funcionario mantuvo el mi\u00e9rcoles una reuni\u00f3n de trabajo con el ministro de Cultura y Comunicaci\u00f3n, <strong>Pedro Baez<\/strong>, y el Secretario de Telecomunicaciones, <strong>Sergio Delcanto<\/strong>, y numerosas comunicaciones telef\u00f3nicas a trav\u00e9s de las cuales \u00abgarantiz\u00f3 una pronta y efectiva actuaci\u00f3n de su \u00e1rea, y manifest\u00f3 su voluntad y compromiso de actuar sobre la empresa con todo el poder que le confieren las normas\u00bb, indicaron fuentes del Ministerio de Cultura y Comunicaci\u00f3n.En forma paralela el \u00e1rea de Defensa al Consumidor tomaba reclamos de los vecinos acumulando pruebas y testimonios del deficitario servicio de \u201cPersonal\u201d, de modo de constituir elementos para una sanci\u00f3n sobre la empresa, resarcimiento a los clientes, y la exigencia de mejoramiento de la calidad del servicio.<strong> La empresa ha sido citada por Defensa de Consumidor de Entre R\u00edos a una audiencia convocada para este mi\u00e9rcoles 22 a las 10:00.<\/strong><\/p>\n<p>Las autoridades provinciales monitorean la situaci\u00f3n junto con la CNC (Comisi\u00f3n Nacional de Comunicaciones); y su titular nacional,<strong> Ceferino Namuncur\u00e1<\/strong>, est\u00e1 siendo informado de la situaci\u00f3n en la provincia.M\u00e1s all\u00e1 de las explicaciones t\u00e9cnicas que la empresa ha manifestado en su defensa, en el Gobierno Provincial existe la presunci\u00f3n que en verdad las empresas telef\u00f3nicas no han cumplido con inversiones de infraestructura que le permita atender la creciente demanda de sus servicios y la seguridad que tendr\u00e1n que reparar el da\u00f1o, ser sancionadas como corresponde y obligadas a realizar aquellas inversiones que se requieran,<\/p>\n<p>Para darle continuidad al tema, se espera una nueva reuni\u00f3n con las autoridades nacionales de la CNC y la Secretar\u00eda de Comunicaci\u00f3n donde se espera que la intervenci\u00f3n personal del propio Gobernador de la provincia ponga el tema en la prioridad de las acciones oficiales.<\/p>\n<\/div>\n","protected":false},"excerpt":{"rendered":"<p>Ante las graves deficiencias que muestra en los &uacute;ltimos d&iacute;as el servicio de telefon&iacute;a celular de &ldquo;Personal&rdquo;&nbsp;-que viene afectando a miles de usuarios de toda la provincia-, el gobernador Sergio Urribarri dispuso que desde la Secretaria de Telecomunicaciones, que depende del Ministerio de Cultura y Comunicaci&oacute;n, y del &aacute;rea de Defensa al Consumidor se incremente [&hellip;]<\/p>\n","protected":false},"author":2,"featured_media":0,"comment_status":"open","ping_status":"open","sticky":false,"template":"","format":"standard","meta":{"fifu_image_url":"","fifu_image_alt":"","footnotes":""},"categories":[6],"tags":[],"class_list":{"0":"post-1819","1":"post","2":"type-post","3":"status-publish","4":"format-standard","6":"category-entre-rios"},"yoast_head":"<title>Citaron a una audiencia para este mi\u00e9rcoles a Telecom por fallas en el servicio - Informe Litoral<\/title>\n<meta name=\"robots\" content=\"index, follow, max-snippet:-1, max-image-preview:large, max-video-preview:-1\" \/>\n<link rel=\"canonical\" href=\"https:\/\/informelitoral.com.ar\/1819\/\" \/>\n<meta property=\"og:locale\" content=\"es_ES\" \/>\n<meta property=\"og:type\" content=\"article\" \/>\n<meta property=\"og:title\" content=\"Citaron a una audiencia para este mi\u00e9rcoles a Telecom por fallas en el servicio - Informe Litoral\" \/>\n<meta property=\"og:description\" content=\"Ante las graves deficiencias que muestra en los &uacute;ltimos d&iacute;as el servicio de telefon&iacute;a celular de &ldquo;Personal&rdquo;&nbsp;-que viene afectando a miles de usuarios de toda la provincia-, el gobernador Sergio Urribarri dispuso que desde la Secretaria de Telecomunicaciones, que depende del Ministerio de Cultura y Comunicaci&oacute;n, y del &aacute;rea de Defensa al Consumidor se incremente [&hellip;]\" \/>\n<meta property=\"og:url\" content=\"https:\/\/informelitoral.com.ar\/1819\/\" \/>\n<meta property=\"og:site_name\" content=\"Informe Litoral\" \/>\n<meta property=\"article:publisher\" content=\"https:\/\/www.facebook.com\/informelitoral\/\" \/>\n<meta property=\"article:published_time\" content=\"2013-05-20T03:31:29+00:00\" \/>\n<meta property=\"article:modified_time\" content=\"2013-05-20T03:35:21+00:00\" \/>\n<meta property=\"og:image\" content=\"https:\/\/informelitoral.com.ar\/%77%70%2d%63%6f%6e%74%65%6e%74\/uploads\/2013\/05\/urribarri.jpg\" \/>\n\t<meta property=\"og:image:width\" content=\"600\" \/>\n\t<meta property=\"og:image:height\" content=\"400\" \/>\n\t<meta property=\"og:image:type\" content=\"image\/jpeg\" \/>\n<meta name=\"author\" content=\"Gonzalo Schmidt\" \/>\n<meta name=\"twitter:card\" content=\"summary_large_image\" \/>\n<meta name=\"twitter:creator\" content=\"@InformeLitoral\" \/>\n<meta name=\"twitter:site\" content=\"@InformeLitoral\" \/>\n<meta name=\"twitter:label1\" content=\"Escrito por\" \/>\n\t<meta name=\"twitter:data1\" content=\"Gonzalo Schmidt\" \/>\n\t<meta name=\"twitter:label2\" content=\"Tiempo de lectura\" \/>\n\t<meta name=\"twitter:data2\" content=\"2 minutos\" \/>\n<script type=\"application\/ld+json\" class=\"yoast-schema-graph\">{\"@context\":\"https:\\\/\\\/schema.org\",\"@graph\":[{\"@type\":\"Article\",\"@id\":\"https:\\\/\\\/informelitoral.com.ar\\\/1819\\\/#article\",\"isPartOf\":{\"@id\":\"https:\\\/\\\/informelitoral.com.ar\\\/1819\\\/\"},\"author\":{\"name\":\"Gonzalo Schmidt\",\"@id\":\"https:\\\/\\\/informelitoral.com.ar\\\/#\\\/schema\\\/person\\\/b9d00407c836482871ef1d57bf8e3180\"},\"headline\":\"Citaron a una audiencia para este mi\u00e9rcoles a Telecom por fallas en el servicio\",\"datePublished\":\"2013-05-20T03:31:29+00:00\",\"dateModified\":\"2013-05-20T03:35:21+00:00\",\"mainEntityOfPage\":{\"@id\":\"https:\\\/\\\/informelitoral.com.ar\\\/1819\\\/\"},\"wordCount\":500,\"commentCount\":0,\"publisher\":{\"@id\":\"https:\\\/\\\/informelitoral.com.ar\\\/#organization\"},\"image\":{\"@id\":\"https:\\\/\\\/informelitoral.com.ar\\\/1819\\\/#primaryimage\"},\"thumbnailUrl\":\"http:\\\/\\\/www.isletasnoticias.com.ar\\\/%77%70%2d%63%6f%6e%74%65%6e%74\\\/uploads\\\/2013\\\/05\\\/urribarri-300x200.jpg\",\"articleSection\":[\"Entre R\u00edos\"],\"inLanguage\":\"es\",\"potentialAction\":[{\"@type\":\"CommentAction\",\"name\":\"Comment\",\"target\":[\"https:\\\/\\\/informelitoral.com.ar\\\/1819\\\/#respond\"]}]},{\"@type\":\"WebPage\",\"@id\":\"https:\\\/\\\/informelitoral.com.ar\\\/1819\\\/\",\"url\":\"https:\\\/\\\/informelitoral.com.ar\\\/1819\\\/\",\"name\":\"Citaron a una audiencia para este mi\u00e9rcoles a Telecom por fallas en el servicio - Informe Litoral\",\"isPartOf\":{\"@id\":\"https:\\\/\\\/informelitoral.com.ar\\\/#website\"},\"primaryImageOfPage\":{\"@id\":\"https:\\\/\\\/informelitoral.com.ar\\\/1819\\\/#primaryimage\"},\"image\":{\"@id\":\"https:\\\/\\\/informelitoral.com.ar\\\/1819\\\/#primaryimage\"},\"thumbnailUrl\":\"http:\\\/\\\/www.isletasnoticias.com.ar\\\/%77%70%2d%63%6f%6e%74%65%6e%74\\\/uploads\\\/2013\\\/05\\\/urribarri-300x200.jpg\",\"datePublished\":\"2013-05-20T03:31:29+00:00\",\"dateModified\":\"2013-05-20T03:35:21+00:00\",\"breadcrumb\":{\"@id\":\"https:\\\/\\\/informelitoral.com.ar\\\/1819\\\/#breadcrumb\"},\"inLanguage\":\"es\",\"potentialAction\":[{\"@type\":\"ReadAction\",\"target\":[\"https:\\\/\\\/informelitoral.com.ar\\\/1819\\\/\"]}]},{\"@type\":\"ImageObject\",\"inLanguage\":\"es\",\"@id\":\"https:\\\/\\\/informelitoral.com.ar\\\/1819\\\/#primaryimage\",\"url\":\"http:\\\/\\\/www.isletasnoticias.com.ar\\\/%77%70%2d%63%6f%6e%74%65%6e%74\\\/uploads\\\/2013\\\/05\\\/urribarri-300x200.jpg\",\"contentUrl\":\"http:\\\/\\\/www.isletasnoticias.com.ar\\\/%77%70%2d%63%6f%6e%74%65%6e%74\\\/uploads\\\/2013\\\/05\\\/urribarri-300x200.jpg\"},{\"@type\":\"BreadcrumbList\",\"@id\":\"https:\\\/\\\/informelitoral.com.ar\\\/1819\\\/#breadcrumb\",\"itemListElement\":[{\"@type\":\"ListItem\",\"position\":1,\"name\":\"Portada\",\"item\":\"https:\\\/\\\/informelitoral.com.ar\\\/\"},{\"@type\":\"ListItem\",\"position\":2,\"name\":\"Citaron a una audiencia para este mi\u00e9rcoles a Telecom por fallas en el servicio\"}]},{\"@type\":\"WebSite\",\"@id\":\"https:\\\/\\\/informelitoral.com.ar\\\/#website\",\"url\":\"https:\\\/\\\/informelitoral.com.ar\\\/\",\"name\":\"Informe Litoral\",\"description\":\"&quot;Nos informamos&quot; \",\"publisher\":{\"@id\":\"https:\\\/\\\/informelitoral.com.ar\\\/#organization\"},\"potentialAction\":[{\"@type\":\"SearchAction\",\"target\":{\"@type\":\"EntryPoint\",\"urlTemplate\":\"https:\\\/\\\/informelitoral.com.ar\\\/?s={search_term_string}\"},\"query-input\":{\"@type\":\"PropertyValueSpecification\",\"valueRequired\":true,\"valueName\":\"search_term_string\"}}],\"inLanguage\":\"es\"},{\"@type\":\"Organization\",\"@id\":\"https:\\\/\\\/informelitoral.com.ar\\\/#organization\",\"name\":\"Informe Litoral\",\"url\":\"https:\\\/\\\/informelitoral.com.ar\\\/\",\"logo\":{\"@type\":\"ImageObject\",\"inLanguage\":\"es\",\"@id\":\"https:\\\/\\\/informelitoral.com.ar\\\/#\\\/schema\\\/logo\\\/image\\\/\",\"url\":\"https:\\\/\\\/informelitoral.com.ar\\\/%77%70%2d%63%6f%6e%74%65%6e%74\\\/uploads\\\/2021\\\/01\\\/circulo.png\",\"contentUrl\":\"https:\\\/\\\/informelitoral.com.ar\\\/%77%70%2d%63%6f%6e%74%65%6e%74\\\/uploads\\\/2021\\\/01\\\/circulo.png\",\"width\":723,\"height\":731,\"caption\":\"Informe Litoral\"},\"image\":{\"@id\":\"https:\\\/\\\/informelitoral.com.ar\\\/#\\\/schema\\\/logo\\\/image\\\/\"},\"sameAs\":[\"https:\\\/\\\/www.facebook.com\\\/informelitoral\\\/\",\"https:\\\/\\\/x.com\\\/InformeLitoral\",\"https:\\\/\\\/www.instagram.com\\\/informelitoral\\\/\",\"https:\\\/\\\/www.youtube.com\\\/channel\\\/UCua4Qvz8Icb6MYqhoq9xLXw\"]},{\"@type\":\"Person\",\"@id\":\"https:\\\/\\\/informelitoral.com.ar\\\/#\\\/schema\\\/person\\\/b9d00407c836482871ef1d57bf8e3180\",\"name\":\"Gonzalo Schmidt\",\"image\":{\"@type\":\"ImageObject\",\"inLanguage\":\"es\",\"@id\":\"https:\\\/\\\/secure.gravatar.com\\\/avatar\\\/31a1a7b66ff2de83bd0e9fd79d026630d2d99e55e8bfe501287647b4fd9743de?s=96&d=mm&r=g\",\"url\":\"https:\\\/\\\/secure.gravatar.com\\\/avatar\\\/31a1a7b66ff2de83bd0e9fd79d026630d2d99e55e8bfe501287647b4fd9743de?s=96&d=mm&r=g\",\"contentUrl\":\"https:\\\/\\\/secure.gravatar.com\\\/avatar\\\/31a1a7b66ff2de83bd0e9fd79d026630d2d99e55e8bfe501287647b4fd9743de?s=96&d=mm&r=g\",\"caption\":\"Gonzalo Schmidt\"},\"description\":\"Sitio web de noticias de la provincia de Entre R\u00edos, Argentina. Informaci\u00f3n y entretenimiento. Informe Litoral, nos informamos.\",\"sameAs\":[\"http:\\\/\\\/www.isletasnoticias.com.ar\"],\"url\":\"https:\\\/\\\/informelitoral.com.ar\\\/author\\\/gonzalo\\\/\"}]}<\/script>","yoast_head_json":{"title":"Citaron a una audiencia para este mi\u00e9rcoles a Telecom por fallas en el servicio - Informe Litoral","robots":{"index":"index","follow":"follow","max-snippet":"max-snippet:-1","max-image-preview":"max-image-preview:large","max-video-preview":"max-video-preview:-1"},"canonical":"https:\/\/informelitoral.com.ar\/1819\/","og_locale":"es_ES","og_type":"article","og_title":"Citaron a una audiencia para este mi\u00e9rcoles a Telecom por fallas en el servicio - Informe Litoral","og_description":"Ante las graves deficiencias que muestra en los &uacute;ltimos d&iacute;as el servicio de telefon&iacute;a celular de &ldquo;Personal&rdquo;&nbsp;-que viene afectando a miles de usuarios de toda la provincia-, el gobernador Sergio Urribarri dispuso que desde la Secretaria de Telecomunicaciones, que depende del Ministerio de Cultura y Comunicaci&oacute;n, y del &aacute;rea de Defensa al Consumidor se incremente [&hellip;]","og_url":"https:\/\/informelitoral.com.ar\/1819\/","og_site_name":"Informe Litoral","article_publisher":"https:\/\/www.facebook.com\/informelitoral\/","article_published_time":"2013-05-20T03:31:29+00:00","article_modified_time":"2013-05-20T03:35:21+00:00","og_image":[{"width":600,"height":400,"url":"https:\/\/informelitoral.com.ar\/%77%70%2d%63%6f%6e%74%65%6e%74\/uploads\/2013\/05\/urribarri.jpg","type":"image\/jpeg"}],"author":"Gonzalo Schmidt","twitter_card":"summary_large_image","twitter_creator":"@InformeLitoral","twitter_site":"@InformeLitoral","twitter_misc":{"Escrito por":"Gonzalo Schmidt","Tiempo de lectura":"2 minutos"},"schema":{"@context":"https:\/\/schema.org","@graph":[{"@type":"Article","@id":"https:\/\/informelitoral.com.ar\/1819\/#article","isPartOf":{"@id":"https:\/\/informelitoral.com.ar\/1819\/"},"author":{"name":"Gonzalo Schmidt","@id":"https:\/\/informelitoral.com.ar\/#\/schema\/person\/b9d00407c836482871ef1d57bf8e3180"},"headline":"Citaron a una audiencia para este mi\u00e9rcoles a Telecom por fallas en el servicio","datePublished":"2013-05-20T03:31:29+00:00","dateModified":"2013-05-20T03:35:21+00:00","mainEntityOfPage":{"@id":"https:\/\/informelitoral.com.ar\/1819\/"},"wordCount":500,"commentCount":0,"publisher":{"@id":"https:\/\/informelitoral.com.ar\/#organization"},"image":{"@id":"https:\/\/informelitoral.com.ar\/1819\/#primaryimage"},"thumbnailUrl":"http:\/\/www.isletasnoticias.com.ar\/%77%70%2d%63%6f%6e%74%65%6e%74\/uploads\/2013\/05\/urribarri-300x200.jpg","articleSection":["Entre R\u00edos"],"inLanguage":"es","potentialAction":[{"@type":"CommentAction","name":"Comment","target":["https:\/\/informelitoral.com.ar\/1819\/#respond"]}]},{"@type":"WebPage","@id":"https:\/\/informelitoral.com.ar\/1819\/","url":"https:\/\/informelitoral.com.ar\/1819\/","name":"Citaron a una audiencia para este mi\u00e9rcoles a Telecom por fallas en el servicio - Informe Litoral","isPartOf":{"@id":"https:\/\/informelitoral.com.ar\/#website"},"primaryImageOfPage":{"@id":"https:\/\/informelitoral.com.ar\/1819\/#primaryimage"},"image":{"@id":"https:\/\/informelitoral.com.ar\/1819\/#primaryimage"},"thumbnailUrl":"http:\/\/www.isletasnoticias.com.ar\/%77%70%2d%63%6f%6e%74%65%6e%74\/uploads\/2013\/05\/urribarri-300x200.jpg","datePublished":"2013-05-20T03:31:29+00:00","dateModified":"2013-05-20T03:35:21+00:00","breadcrumb":{"@id":"https:\/\/informelitoral.com.ar\/1819\/#breadcrumb"},"inLanguage":"es","potentialAction":[{"@type":"ReadAction","target":["https:\/\/informelitoral.com.ar\/1819\/"]}]},{"@type":"ImageObject","inLanguage":"es","@id":"https:\/\/informelitoral.com.ar\/1819\/#primaryimage","url":"http:\/\/www.isletasnoticias.com.ar\/%77%70%2d%63%6f%6e%74%65%6e%74\/uploads\/2013\/05\/urribarri-300x200.jpg","contentUrl":"http:\/\/www.isletasnoticias.com.ar\/%77%70%2d%63%6f%6e%74%65%6e%74\/uploads\/2013\/05\/urribarri-300x200.jpg"},{"@type":"BreadcrumbList","@id":"https:\/\/informelitoral.com.ar\/1819\/#breadcrumb","itemListElement":[{"@type":"ListItem","position":1,"name":"Portada","item":"https:\/\/informelitoral.com.ar\/"},{"@type":"ListItem","position":2,"name":"Citaron a una audiencia para este mi\u00e9rcoles a Telecom por fallas en el servicio"}]},{"@type":"WebSite","@id":"https:\/\/informelitoral.com.ar\/#website","url":"https:\/\/informelitoral.com.ar\/","name":"Informe Litoral","description":"&quot;Nos informamos&quot; ","publisher":{"@id":"https:\/\/informelitoral.com.ar\/#organization"},"potentialAction":[{"@type":"SearchAction","target":{"@type":"EntryPoint","urlTemplate":"https:\/\/informelitoral.com.ar\/?s={search_term_string}"},"query-input":{"@type":"PropertyValueSpecification","valueRequired":true,"valueName":"search_term_string"}}],"inLanguage":"es"},{"@type":"Organization","@id":"https:\/\/informelitoral.com.ar\/#organization","name":"Informe Litoral","url":"https:\/\/informelitoral.com.ar\/","logo":{"@type":"ImageObject","inLanguage":"es","@id":"https:\/\/informelitoral.com.ar\/#\/schema\/logo\/image\/","url":"https:\/\/informelitoral.com.ar\/%77%70%2d%63%6f%6e%74%65%6e%74\/uploads\/2021\/01\/circulo.png","contentUrl":"https:\/\/informelitoral.com.ar\/%77%70%2d%63%6f%6e%74%65%6e%74\/uploads\/2021\/01\/circulo.png","width":723,"height":731,"caption":"Informe Litoral"},"image":{"@id":"https:\/\/informelitoral.com.ar\/#\/schema\/logo\/image\/"},"sameAs":["https:\/\/www.facebook.com\/informelitoral\/","https:\/\/x.com\/InformeLitoral","https:\/\/www.instagram.com\/informelitoral\/","https:\/\/www.youtube.com\/channel\/UCua4Qvz8Icb6MYqhoq9xLXw"]},{"@type":"Person","@id":"https:\/\/informelitoral.com.ar\/#\/schema\/person\/b9d00407c836482871ef1d57bf8e3180","name":"Gonzalo Schmidt","image":{"@type":"ImageObject","inLanguage":"es","@id":"https:\/\/secure.gravatar.com\/avatar\/31a1a7b66ff2de83bd0e9fd79d026630d2d99e55e8bfe501287647b4fd9743de?s=96&d=mm&r=g","url":"https:\/\/secure.gravatar.com\/avatar\/31a1a7b66ff2de83bd0e9fd79d026630d2d99e55e8bfe501287647b4fd9743de?s=96&d=mm&r=g","contentUrl":"https:\/\/secure.gravatar.com\/avatar\/31a1a7b66ff2de83bd0e9fd79d026630d2d99e55e8bfe501287647b4fd9743de?s=96&d=mm&r=g","caption":"Gonzalo Schmidt"},"description":"Sitio web de noticias de la provincia de Entre R\u00edos, Argentina. Informaci\u00f3n y entretenimiento. Informe Litoral, nos informamos.","sameAs":["http:\/\/www.isletasnoticias.com.ar"],"url":"https:\/\/informelitoral.com.ar\/author\/gonzalo\/"}]}},"_links":{"self":[{"href":"https:\/\/informelitoral.com.ar\/%77%70%2d%6a%73%6f%6e\/wp\/v2\/posts\/1819","targetHints":{"allow":["GET"]}}],"collection":[{"href":"https:\/\/informelitoral.com.ar\/%77%70%2d%6a%73%6f%6e\/wp\/v2\/posts"}],"about":[{"href":"https:\/\/informelitoral.com.ar\/%77%70%2d%6a%73%6f%6e\/wp\/v2\/types\/post"}],"author":[{"embeddable":true,"href":"https:\/\/informelitoral.com.ar\/%77%70%2d%6a%73%6f%6e\/wp\/v2\/users\/2"}],"replies":[{"embeddable":true,"href":"https:\/\/informelitoral.com.ar\/%77%70%2d%6a%73%6f%6e\/wp\/v2\/comments?post=1819"}],"version-history":[{"count":0,"href":"https:\/\/informelitoral.com.ar\/%77%70%2d%6a%73%6f%6e\/wp\/v2\/posts\/1819\/revisions"}],"wp:attachment":[{"href":"https:\/\/informelitoral.com.ar\/%77%70%2d%6a%73%6f%6e\/wp\/v2\/media?parent=1819"}],"wp:term":[{"taxonomy":"category","embeddable":true,"href":"https:\/\/informelitoral.com.ar\/%77%70%2d%6a%73%6f%6e\/wp\/v2\/categories?post=1819"},{"taxonomy":"post_tag","embeddable":true,"href":"https:\/\/informelitoral.com.ar\/%77%70%2d%6a%73%6f%6e\/wp\/v2\/tags?post=1819"}],"curies":[{"name":"wp","href":"https:\/\/api.w.org\/{rel}","templated":true}]}}