{"id":180557,"date":"2024-02-02T08:13:15","date_gmt":"2024-02-02T11:13:15","guid":{"rendered":"https:\/\/www.informelitoral.com.ar\/?p=180557"},"modified":"2024-02-03T09:10:41","modified_gmt":"2024-02-03T12:10:41","slug":"prorrogan-la-cancelacion-anticipada-de-cuotas-de-viviendas-sociales","status":"publish","type":"post","link":"https:\/\/informelitoral.com.ar\/prorrogan-la-cancelacion-anticipada-de-cuotas-de-viviendas-sociales\/","title":{"rendered":"Prorrogan la cancelaci\u00f3n anticipada de cuotas de viviendas sociales"},"content":{"rendered":"<p>Al respecto, el presidente del Instituto Aut\u00e1rquico de Planeamiento y Vivienda (IAPV), <strong>Manuel Sch\u00f6nhals<\/strong> dijo que \u201cunas 437 familias saldaron las cuotas de sus casas y que por ese concepto ingresaron al organismo m\u00e1s de 40,9 millones de pesos\u00bb.<\/p>\n<p>El funcionario agreg\u00f3 que \u201cla adhesi\u00f3n se efect\u00faa de manera online, a trav\u00e9s de la p\u00e1gina web del IAPV, a efectos de una implementaci\u00f3n m\u00e1s \u00e1gil y din\u00e1mica\u00bb.<\/p>\n<p>Sch\u00f6nhals asegur\u00f3 que \u201cen virtud de los resultados obtenidos en cuanto a la cantidad de cancelaciones que se han realizado, como as\u00ed tambi\u00e9n las solicitudes efectuadas para acceder al sistema por parte de numerosos adjudicatarios, se decidi\u00f3 prorrogar el sistema por un mes m\u00e1s para quienes deseen abonar sus cuotas de forma anticipada\u201d.<\/p>\n<h2><b>Detalles del plan<\/b><\/h2>\n<p>Tiene como objeto proceder a la entrega definitiva de viviendas con sus respectivas escrituras traslativas de dominio, la reducci\u00f3n en el costo de escrituraci\u00f3n, y en los costos operativos de administraci\u00f3n y cobranza, sumado a una mayor eficiencia en el manejo de la base de datos.<\/p>\n<p>El actual Sistema de Cancelaci\u00f3n Anticipada de Deuda, involucra a los titulares de viviendas sociales cuya cuota mensual es inferior o igual a 10.000 pesos. Se aplica un 20 por ciento de descuento para los adherentes que est\u00e9n al d\u00eda con el pago al 30 de octubre de 2023 y un 12 por ciento para el resto de los adjudicatarios que a\u00fan deben cuotas. Quedan exceptuados quienes tengan menos de 60 facturas emitidas, tengan alguna irregularidad ocupacional o se encuentren en proceso judicial por o contra el Instituto.<\/p>\n<p>Para acceder al beneficio, el interesado deber\u00e1 ingresar en la cuenta digital creada por el IAPV o, en caso contrario, generar la misma ingresando al link:\u00a0<a href=\"https:\/\/www.iapv.gov.ar\/sistemas\/micuenta\" target=\"_blank\" rel=\"noopener\">https:\/\/www.iapv.gov.ar\/sistemas\/micuenta<\/a>\u00a0Una vez que ingresa a su cuenta digital, el sistema le har\u00e1 una liquidaci\u00f3n del saldo para pagar, la bonificaci\u00f3n que le corresponda y la opci\u00f3n de hacer el pago en una o dos cuotas.<\/p>\n","protected":false},"excerpt":{"rendered":"<p>El gobierno entrerriano, a trav\u00e9s del IAPV, prorroga hasta el 29 de febrero la cancelaci\u00f3n anticipada de cuotas. Hasta la fecha, m\u00e1s de 400 familias se adhirieron al sistema abonando totalmente el pago de su vivienda y se recaudaron m\u00e1s de 40 millones de pesos.<\/p>\n","protected":false},"author":8,"featured_media":180561,"comment_status":"open","ping_status":"open","sticky":false,"template":"","format":"standard","meta":{"fifu_image_url":"","fifu_image_alt":"","footnotes":""},"categories":[6],"tags":[612,1517,352],"class_list":{"0":"post-180557","1":"post","2":"type-post","3":"status-publish","4":"format-standard","5":"has-post-thumbnail","7":"category-entre-rios","8":"tag-cuotas","9":"tag-iapv","10":"tag-viviendas"},"yoast_head":"<title>Prorrogan la cancelaci\u00f3n anticipada de cuotas de viviendas sociales - Informe Litoral<\/title>\n<meta name=\"robots\" content=\"index, follow, max-snippet:-1, max-image-preview:large, max-video-preview:-1\" \/>\n<link rel=\"canonical\" href=\"https:\/\/informelitoral.com.ar\/prorrogan-la-cancelacion-anticipada-de-cuotas-de-viviendas-sociales\/\" \/>\n<meta property=\"og:locale\" content=\"es_ES\" \/>\n<meta property=\"og:type\" content=\"article\" \/>\n<meta property=\"og:title\" content=\"Prorrogan la cancelaci\u00f3n anticipada de cuotas de viviendas sociales - Informe Litoral\" \/>\n<meta property=\"og:description\" content=\"El gobierno entrerriano, a trav\u00e9s del IAPV, prorroga hasta el 29 de febrero la cancelaci\u00f3n anticipada de cuotas. Hasta la fecha, m\u00e1s de 400 familias se adhirieron al sistema abonando totalmente el pago de su vivienda y se recaudaron m\u00e1s de 40 millones de pesos.\" \/>\n<meta property=\"og:url\" content=\"https:\/\/informelitoral.com.ar\/prorrogan-la-cancelacion-anticipada-de-cuotas-de-viviendas-sociales\/\" \/>\n<meta property=\"og:site_name\" content=\"Informe Litoral\" \/>\n<meta property=\"article:publisher\" content=\"https:\/\/www.facebook.com\/informelitoral\/\" \/>\n<meta property=\"article:published_time\" content=\"2024-02-02T11:13:15+00:00\" \/>\n<meta property=\"article:modified_time\" content=\"2024-02-03T12:10:41+00:00\" \/>\n<meta property=\"og:image\" content=\"https:\/\/informelitoral.com.ar\/%77%70%2d%63%6f%6e%74%65%6e%74\/uploads\/2024\/02\/p_1706817577-1.jpg\" \/>\n\t<meta property=\"og:image:width\" content=\"1920\" \/>\n\t<meta property=\"og:image:height\" content=\"800\" \/>\n\t<meta property=\"og:image:type\" content=\"image\/jpeg\" \/>\n<meta name=\"author\" content=\"Sebastian\" \/>\n<meta name=\"twitter:card\" content=\"summary_large_image\" \/>\n<meta name=\"twitter:creator\" content=\"@InformeLitoral\" \/>\n<meta name=\"twitter:site\" content=\"@InformeLitoral\" \/>\n<meta name=\"twitter:label1\" content=\"Escrito por\" \/>\n\t<meta name=\"twitter:data1\" content=\"Sebastian\" \/>\n\t<meta name=\"twitter:label2\" content=\"Tiempo de lectura\" \/>\n\t<meta name=\"twitter:data2\" content=\"2 minutos\" \/>\n<script type=\"application\/ld+json\" class=\"yoast-schema-graph\">{\"@context\":\"https:\\\/\\\/schema.org\",\"@graph\":[{\"@type\":\"Article\",\"@id\":\"https:\\\/\\\/informelitoral.com.ar\\\/prorrogan-la-cancelacion-anticipada-de-cuotas-de-viviendas-sociales\\\/#article\",\"isPartOf\":{\"@id\":\"https:\\\/\\\/informelitoral.com.ar\\\/prorrogan-la-cancelacion-anticipada-de-cuotas-de-viviendas-sociales\\\/\"},\"author\":{\"name\":\"Sebastian\",\"@id\":\"https:\\\/\\\/informelitoral.com.ar\\\/#\\\/schema\\\/person\\\/f05f9f461677119578717524b127d6d5\"},\"headline\":\"Prorrogan la cancelaci\u00f3n anticipada de cuotas de viviendas sociales\",\"datePublished\":\"2024-02-02T11:13:15+00:00\",\"dateModified\":\"2024-02-03T12:10:41+00:00\",\"mainEntityOfPage\":{\"@id\":\"https:\\\/\\\/informelitoral.com.ar\\\/prorrogan-la-cancelacion-anticipada-de-cuotas-de-viviendas-sociales\\\/\"},\"wordCount\":350,\"commentCount\":0,\"publisher\":{\"@id\":\"https:\\\/\\\/informelitoral.com.ar\\\/#organization\"},\"image\":{\"@id\":\"https:\\\/\\\/informelitoral.com.ar\\\/prorrogan-la-cancelacion-anticipada-de-cuotas-de-viviendas-sociales\\\/#primaryimage\"},\"thumbnailUrl\":\"https:\\\/\\\/informelitoral.com.ar\\\/%77%70%2d%63%6f%6e%74%65%6e%74\\\/uploads\\\/2024\\\/02\\\/p_1706817577-1.jpg\",\"keywords\":[\"Cuotas\",\"IAPV\",\"Viviendas\"],\"articleSection\":[\"Entre R\u00edos\"],\"inLanguage\":\"es\",\"potentialAction\":[{\"@type\":\"CommentAction\",\"name\":\"Comment\",\"target\":[\"https:\\\/\\\/informelitoral.com.ar\\\/prorrogan-la-cancelacion-anticipada-de-cuotas-de-viviendas-sociales\\\/#respond\"]}]},{\"@type\":\"WebPage\",\"@id\":\"https:\\\/\\\/informelitoral.com.ar\\\/prorrogan-la-cancelacion-anticipada-de-cuotas-de-viviendas-sociales\\\/\",\"url\":\"https:\\\/\\\/informelitoral.com.ar\\\/prorrogan-la-cancelacion-anticipada-de-cuotas-de-viviendas-sociales\\\/\",\"name\":\"Prorrogan la cancelaci\u00f3n anticipada de cuotas de viviendas sociales - Informe Litoral\",\"isPartOf\":{\"@id\":\"https:\\\/\\\/informelitoral.com.ar\\\/#website\"},\"primaryImageOfPage\":{\"@id\":\"https:\\\/\\\/informelitoral.com.ar\\\/prorrogan-la-cancelacion-anticipada-de-cuotas-de-viviendas-sociales\\\/#primaryimage\"},\"image\":{\"@id\":\"https:\\\/\\\/informelitoral.com.ar\\\/prorrogan-la-cancelacion-anticipada-de-cuotas-de-viviendas-sociales\\\/#primaryimage\"},\"thumbnailUrl\":\"https:\\\/\\\/informelitoral.com.ar\\\/%77%70%2d%63%6f%6e%74%65%6e%74\\\/uploads\\\/2024\\\/02\\\/p_1706817577-1.jpg\",\"datePublished\":\"2024-02-02T11:13:15+00:00\",\"dateModified\":\"2024-02-03T12:10:41+00:00\",\"breadcrumb\":{\"@id\":\"https:\\\/\\\/informelitoral.com.ar\\\/prorrogan-la-cancelacion-anticipada-de-cuotas-de-viviendas-sociales\\\/#breadcrumb\"},\"inLanguage\":\"es\",\"potentialAction\":[{\"@type\":\"ReadAction\",\"target\":[\"https:\\\/\\\/informelitoral.com.ar\\\/prorrogan-la-cancelacion-anticipada-de-cuotas-de-viviendas-sociales\\\/\"]}]},{\"@type\":\"ImageObject\",\"inLanguage\":\"es\",\"@id\":\"https:\\\/\\\/informelitoral.com.ar\\\/prorrogan-la-cancelacion-anticipada-de-cuotas-de-viviendas-sociales\\\/#primaryimage\",\"url\":\"https:\\\/\\\/informelitoral.com.ar\\\/%77%70%2d%63%6f%6e%74%65%6e%74\\\/uploads\\\/2024\\\/02\\\/p_1706817577-1.jpg\",\"contentUrl\":\"https:\\\/\\\/informelitoral.com.ar\\\/%77%70%2d%63%6f%6e%74%65%6e%74\\\/uploads\\\/2024\\\/02\\\/p_1706817577-1.jpg\",\"width\":1920,\"height\":800},{\"@type\":\"BreadcrumbList\",\"@id\":\"https:\\\/\\\/informelitoral.com.ar\\\/prorrogan-la-cancelacion-anticipada-de-cuotas-de-viviendas-sociales\\\/#breadcrumb\",\"itemListElement\":[{\"@type\":\"ListItem\",\"position\":1,\"name\":\"Portada\",\"item\":\"https:\\\/\\\/informelitoral.com.ar\\\/\"},{\"@type\":\"ListItem\",\"position\":2,\"name\":\"Prorrogan la cancelaci\u00f3n anticipada de cuotas de viviendas sociales\"}]},{\"@type\":\"WebSite\",\"@id\":\"https:\\\/\\\/informelitoral.com.ar\\\/#website\",\"url\":\"https:\\\/\\\/informelitoral.com.ar\\\/\",\"name\":\"Informe Litoral\",\"description\":\"&quot;Nos informamos&quot; \",\"publisher\":{\"@id\":\"https:\\\/\\\/informelitoral.com.ar\\\/#organization\"},\"potentialAction\":[{\"@type\":\"SearchAction\",\"target\":{\"@type\":\"EntryPoint\",\"urlTemplate\":\"https:\\\/\\\/informelitoral.com.ar\\\/?s={search_term_string}\"},\"query-input\":{\"@type\":\"PropertyValueSpecification\",\"valueRequired\":true,\"valueName\":\"search_term_string\"}}],\"inLanguage\":\"es\"},{\"@type\":\"Organization\",\"@id\":\"https:\\\/\\\/informelitoral.com.ar\\\/#organization\",\"name\":\"Informe Litoral\",\"url\":\"https:\\\/\\\/informelitoral.com.ar\\\/\",\"logo\":{\"@type\":\"ImageObject\",\"inLanguage\":\"es\",\"@id\":\"https:\\\/\\\/informelitoral.com.ar\\\/#\\\/schema\\\/logo\\\/image\\\/\",\"url\":\"https:\\\/\\\/informelitoral.com.ar\\\/%77%70%2d%63%6f%6e%74%65%6e%74\\\/uploads\\\/2021\\\/01\\\/circulo.png\",\"contentUrl\":\"https:\\\/\\\/informelitoral.com.ar\\\/%77%70%2d%63%6f%6e%74%65%6e%74\\\/uploads\\\/2021\\\/01\\\/circulo.png\",\"width\":723,\"height\":731,\"caption\":\"Informe Litoral\"},\"image\":{\"@id\":\"https:\\\/\\\/informelitoral.com.ar\\\/#\\\/schema\\\/logo\\\/image\\\/\"},\"sameAs\":[\"https:\\\/\\\/www.facebook.com\\\/informelitoral\\\/\",\"https:\\\/\\\/x.com\\\/InformeLitoral\",\"https:\\\/\\\/www.instagram.com\\\/informelitoral\\\/\",\"https:\\\/\\\/www.youtube.com\\\/channel\\\/UCua4Qvz8Icb6MYqhoq9xLXw\"]},{\"@type\":\"Person\",\"@id\":\"https:\\\/\\\/informelitoral.com.ar\\\/#\\\/schema\\\/person\\\/f05f9f461677119578717524b127d6d5\",\"name\":\"Sebastian\",\"image\":{\"@type\":\"ImageObject\",\"inLanguage\":\"es\",\"@id\":\"https:\\\/\\\/secure.gravatar.com\\\/avatar\\\/b71bf7481d447dfb9583c7f2798e7cc64de6efb9067b74633ed8c31059a3bd82?s=96&d=mm&r=g\",\"url\":\"https:\\\/\\\/secure.gravatar.com\\\/avatar\\\/b71bf7481d447dfb9583c7f2798e7cc64de6efb9067b74633ed8c31059a3bd82?s=96&d=mm&r=g\",\"contentUrl\":\"https:\\\/\\\/secure.gravatar.com\\\/avatar\\\/b71bf7481d447dfb9583c7f2798e7cc64de6efb9067b74633ed8c31059a3bd82?s=96&d=mm&r=g\",\"caption\":\"Sebastian\"},\"url\":\"https:\\\/\\\/informelitoral.com.ar\\\/author\\\/sebastian\\\/\"}]}<\/script>","yoast_head_json":{"title":"Prorrogan la cancelaci\u00f3n anticipada de cuotas de viviendas sociales - Informe Litoral","robots":{"index":"index","follow":"follow","max-snippet":"max-snippet:-1","max-image-preview":"max-image-preview:large","max-video-preview":"max-video-preview:-1"},"canonical":"https:\/\/informelitoral.com.ar\/prorrogan-la-cancelacion-anticipada-de-cuotas-de-viviendas-sociales\/","og_locale":"es_ES","og_type":"article","og_title":"Prorrogan la cancelaci\u00f3n anticipada de cuotas de viviendas sociales - Informe Litoral","og_description":"El gobierno entrerriano, a trav\u00e9s del IAPV, prorroga hasta el 29 de febrero la cancelaci\u00f3n anticipada de cuotas. Hasta la fecha, m\u00e1s de 400 familias se adhirieron al sistema abonando totalmente el pago de su vivienda y se recaudaron m\u00e1s de 40 millones de pesos.","og_url":"https:\/\/informelitoral.com.ar\/prorrogan-la-cancelacion-anticipada-de-cuotas-de-viviendas-sociales\/","og_site_name":"Informe Litoral","article_publisher":"https:\/\/www.facebook.com\/informelitoral\/","article_published_time":"2024-02-02T11:13:15+00:00","article_modified_time":"2024-02-03T12:10:41+00:00","og_image":[{"width":1920,"height":800,"url":"https:\/\/informelitoral.com.ar\/%77%70%2d%63%6f%6e%74%65%6e%74\/uploads\/2024\/02\/p_1706817577-1.jpg","type":"image\/jpeg"}],"author":"Sebastian","twitter_card":"summary_large_image","twitter_creator":"@InformeLitoral","twitter_site":"@InformeLitoral","twitter_misc":{"Escrito por":"Sebastian","Tiempo de lectura":"2 minutos"},"schema":{"@context":"https:\/\/schema.org","@graph":[{"@type":"Article","@id":"https:\/\/informelitoral.com.ar\/prorrogan-la-cancelacion-anticipada-de-cuotas-de-viviendas-sociales\/#article","isPartOf":{"@id":"https:\/\/informelitoral.com.ar\/prorrogan-la-cancelacion-anticipada-de-cuotas-de-viviendas-sociales\/"},"author":{"name":"Sebastian","@id":"https:\/\/informelitoral.com.ar\/#\/schema\/person\/f05f9f461677119578717524b127d6d5"},"headline":"Prorrogan la cancelaci\u00f3n anticipada de cuotas de viviendas sociales","datePublished":"2024-02-02T11:13:15+00:00","dateModified":"2024-02-03T12:10:41+00:00","mainEntityOfPage":{"@id":"https:\/\/informelitoral.com.ar\/prorrogan-la-cancelacion-anticipada-de-cuotas-de-viviendas-sociales\/"},"wordCount":350,"commentCount":0,"publisher":{"@id":"https:\/\/informelitoral.com.ar\/#organization"},"image":{"@id":"https:\/\/informelitoral.com.ar\/prorrogan-la-cancelacion-anticipada-de-cuotas-de-viviendas-sociales\/#primaryimage"},"thumbnailUrl":"https:\/\/informelitoral.com.ar\/%77%70%2d%63%6f%6e%74%65%6e%74\/uploads\/2024\/02\/p_1706817577-1.jpg","keywords":["Cuotas","IAPV","Viviendas"],"articleSection":["Entre R\u00edos"],"inLanguage":"es","potentialAction":[{"@type":"CommentAction","name":"Comment","target":["https:\/\/informelitoral.com.ar\/prorrogan-la-cancelacion-anticipada-de-cuotas-de-viviendas-sociales\/#respond"]}]},{"@type":"WebPage","@id":"https:\/\/informelitoral.com.ar\/prorrogan-la-cancelacion-anticipada-de-cuotas-de-viviendas-sociales\/","url":"https:\/\/informelitoral.com.ar\/prorrogan-la-cancelacion-anticipada-de-cuotas-de-viviendas-sociales\/","name":"Prorrogan la cancelaci\u00f3n anticipada de cuotas de viviendas sociales - Informe Litoral","isPartOf":{"@id":"https:\/\/informelitoral.com.ar\/#website"},"primaryImageOfPage":{"@id":"https:\/\/informelitoral.com.ar\/prorrogan-la-cancelacion-anticipada-de-cuotas-de-viviendas-sociales\/#primaryimage"},"image":{"@id":"https:\/\/informelitoral.com.ar\/prorrogan-la-cancelacion-anticipada-de-cuotas-de-viviendas-sociales\/#primaryimage"},"thumbnailUrl":"https:\/\/informelitoral.com.ar\/%77%70%2d%63%6f%6e%74%65%6e%74\/uploads\/2024\/02\/p_1706817577-1.jpg","datePublished":"2024-02-02T11:13:15+00:00","dateModified":"2024-02-03T12:10:41+00:00","breadcrumb":{"@id":"https:\/\/informelitoral.com.ar\/prorrogan-la-cancelacion-anticipada-de-cuotas-de-viviendas-sociales\/#breadcrumb"},"inLanguage":"es","potentialAction":[{"@type":"ReadAction","target":["https:\/\/informelitoral.com.ar\/prorrogan-la-cancelacion-anticipada-de-cuotas-de-viviendas-sociales\/"]}]},{"@type":"ImageObject","inLanguage":"es","@id":"https:\/\/informelitoral.com.ar\/prorrogan-la-cancelacion-anticipada-de-cuotas-de-viviendas-sociales\/#primaryimage","url":"https:\/\/informelitoral.com.ar\/%77%70%2d%63%6f%6e%74%65%6e%74\/uploads\/2024\/02\/p_1706817577-1.jpg","contentUrl":"https:\/\/informelitoral.com.ar\/%77%70%2d%63%6f%6e%74%65%6e%74\/uploads\/2024\/02\/p_1706817577-1.jpg","width":1920,"height":800},{"@type":"BreadcrumbList","@id":"https:\/\/informelitoral.com.ar\/prorrogan-la-cancelacion-anticipada-de-cuotas-de-viviendas-sociales\/#breadcrumb","itemListElement":[{"@type":"ListItem","position":1,"name":"Portada","item":"https:\/\/informelitoral.com.ar\/"},{"@type":"ListItem","position":2,"name":"Prorrogan la cancelaci\u00f3n anticipada de cuotas de viviendas sociales"}]},{"@type":"WebSite","@id":"https:\/\/informelitoral.com.ar\/#website","url":"https:\/\/informelitoral.com.ar\/","name":"Informe Litoral","description":"&quot;Nos informamos&quot; ","publisher":{"@id":"https:\/\/informelitoral.com.ar\/#organization"},"potentialAction":[{"@type":"SearchAction","target":{"@type":"EntryPoint","urlTemplate":"https:\/\/informelitoral.com.ar\/?s={search_term_string}"},"query-input":{"@type":"PropertyValueSpecification","valueRequired":true,"valueName":"search_term_string"}}],"inLanguage":"es"},{"@type":"Organization","@id":"https:\/\/informelitoral.com.ar\/#organization","name":"Informe Litoral","url":"https:\/\/informelitoral.com.ar\/","logo":{"@type":"ImageObject","inLanguage":"es","@id":"https:\/\/informelitoral.com.ar\/#\/schema\/logo\/image\/","url":"https:\/\/informelitoral.com.ar\/%77%70%2d%63%6f%6e%74%65%6e%74\/uploads\/2021\/01\/circulo.png","contentUrl":"https:\/\/informelitoral.com.ar\/%77%70%2d%63%6f%6e%74%65%6e%74\/uploads\/2021\/01\/circulo.png","width":723,"height":731,"caption":"Informe Litoral"},"image":{"@id":"https:\/\/informelitoral.com.ar\/#\/schema\/logo\/image\/"},"sameAs":["https:\/\/www.facebook.com\/informelitoral\/","https:\/\/x.com\/InformeLitoral","https:\/\/www.instagram.com\/informelitoral\/","https:\/\/www.youtube.com\/channel\/UCua4Qvz8Icb6MYqhoq9xLXw"]},{"@type":"Person","@id":"https:\/\/informelitoral.com.ar\/#\/schema\/person\/f05f9f461677119578717524b127d6d5","name":"Sebastian","image":{"@type":"ImageObject","inLanguage":"es","@id":"https:\/\/secure.gravatar.com\/avatar\/b71bf7481d447dfb9583c7f2798e7cc64de6efb9067b74633ed8c31059a3bd82?s=96&d=mm&r=g","url":"https:\/\/secure.gravatar.com\/avatar\/b71bf7481d447dfb9583c7f2798e7cc64de6efb9067b74633ed8c31059a3bd82?s=96&d=mm&r=g","contentUrl":"https:\/\/secure.gravatar.com\/avatar\/b71bf7481d447dfb9583c7f2798e7cc64de6efb9067b74633ed8c31059a3bd82?s=96&d=mm&r=g","caption":"Sebastian"},"url":"https:\/\/informelitoral.com.ar\/author\/sebastian\/"}]}},"_links":{"self":[{"href":"https:\/\/informelitoral.com.ar\/%77%70%2d%6a%73%6f%6e\/wp\/v2\/posts\/180557","targetHints":{"allow":["GET"]}}],"collection":[{"href":"https:\/\/informelitoral.com.ar\/%77%70%2d%6a%73%6f%6e\/wp\/v2\/posts"}],"about":[{"href":"https:\/\/informelitoral.com.ar\/%77%70%2d%6a%73%6f%6e\/wp\/v2\/types\/post"}],"author":[{"embeddable":true,"href":"https:\/\/informelitoral.com.ar\/%77%70%2d%6a%73%6f%6e\/wp\/v2\/users\/8"}],"replies":[{"embeddable":true,"href":"https:\/\/informelitoral.com.ar\/%77%70%2d%6a%73%6f%6e\/wp\/v2\/comments?post=180557"}],"version-history":[{"count":0,"href":"https:\/\/informelitoral.com.ar\/%77%70%2d%6a%73%6f%6e\/wp\/v2\/posts\/180557\/revisions"}],"wp:featuredmedia":[{"embeddable":true,"href":"https:\/\/informelitoral.com.ar\/%77%70%2d%6a%73%6f%6e\/wp\/v2\/media\/180561"}],"wp:attachment":[{"href":"https:\/\/informelitoral.com.ar\/%77%70%2d%6a%73%6f%6e\/wp\/v2\/media?parent=180557"}],"wp:term":[{"taxonomy":"category","embeddable":true,"href":"https:\/\/informelitoral.com.ar\/%77%70%2d%6a%73%6f%6e\/wp\/v2\/categories?post=180557"},{"taxonomy":"post_tag","embeddable":true,"href":"https:\/\/informelitoral.com.ar\/%77%70%2d%6a%73%6f%6e\/wp\/v2\/tags?post=180557"}],"curies":[{"name":"wp","href":"https:\/\/api.w.org\/{rel}","templated":true}]}}