{"id":180539,"date":"2024-02-02T08:10:03","date_gmt":"2024-02-02T11:10:03","guid":{"rendered":"https:\/\/www.informelitoral.com.ar\/?p=180539"},"modified":"2024-02-03T09:59:57","modified_gmt":"2024-02-03T12:59:57","slug":"frigerio-entrego-50-autos-de-funcionarios-politicos-a-la-policia","status":"publish","type":"post","link":"https:\/\/informelitoral.com.ar\/frigerio-entrego-50-autos-de-funcionarios-politicos-a-la-policia\/","title":{"rendered":"Frigerio entreg\u00f3 50 autos de funcionarios pol\u00edticos a la polic\u00eda"},"content":{"rendered":"<p>\u201cEste es un d\u00eda especial, que quiero que marque un punto de inflexi\u00f3n en la historia de nuestra pol\u00edtica, de la forma de hacer pol\u00edtica en nuestra provincia. No es la \u00fanica muestra de austeridad que estamos dando, pero es un s\u00edmbolo importante que tenemos que poner en evidencia\u201d, afirm\u00f3 el mandatario, desde la <strong>Escuela de Oficiales de la Polic\u00eda,<\/strong> al encabezar el acto de reasignaci\u00f3n de autos oficiales. Estuvo acompa\u00f1ado de la vicegobernadora<strong> Alicia Aluani<\/strong> y el ministro de Seguridad y Justicia, <strong>N\u00e9stor Roncaglia.<\/strong><\/p>\n<p>\u201cDesde antes de asumir, fuimos bien claros con respecto a los privilegios de la pol\u00edtica: los entrerrianos la est\u00e1n pasando demasiado mal, no es posible que haya funcionarios que disfruten de beneficios que no tienen nada que ver con el sufrimiento de la gente. <strong>Dijimos que \u00edbamos a terminar con los privilegios y lo estamos haciendo\u201d,<\/strong> enfatiz\u00f3.<\/p>\n<p>Luego afirm\u00f3 que \u201cusar un auto oficial, as\u00ed como cualquier recurso del Estado, para cuestiones personales, no s\u00f3lo es inmoral sino que tambi\u00e9n es una falta de respeto al contribuyente que paga sus impuestos. Por eso <strong>lo primero que hicimos fue instruir a los ministerios y entes descentralizados a que presentaran un informe con el detalle de la cantidad de autos que ten\u00edan en sus dependencias y, de esos veh\u00edculos, identificaran cu\u00e1les eran estrictamente necesarios y cu\u00e1les no\u201d<\/strong>.<\/p>\n<p>\u201cEsta decisi\u00f3n desnud\u00f3 dos problem\u00e1ticas de los \u00faltimos gobiernos. Por un lado, lo que ya dije: la falta de austeridad y el descaro de decenas y decenas de funcionarios que hac\u00edan lo que quer\u00edan con los recursos de todos\u201d afirm\u00f3, y agreg\u00f3 que \u201cpor otro lado, <strong>en el camino nos encontramos con autos que no estaban siendo usados, otros a los que les falta mantenimiento y otros completamente inutilizables, fuera de servicio\u201d.<\/strong><\/p>\n<p>\u201c<strong>Tambi\u00e9n quiero contarles que hay veh\u00edculos que a\u00fan ni siquiera sabemos d\u00f3nde est\u00e1n.<\/strong> El desorden es tan grande que en muchas \u00e1reas figuran autos oficiales pero \u00e9stos, llamativamente, no aparecen. Como siempre, la oscuridad favorece la viveza de algunos\u201d, a\u00f1adi\u00f3.<\/p>\n<p>P\u00e1rrafo seguido indic\u00f3 que <strong>\u201ctodos los autos que fueron informados y est\u00e1n en condiciones, hoy los volvemos a poner al servicio de la comunidad y van a ser redireccionados al Ministerio de Seguridad y Justicia, porque los vecinos necesitan que pongamos el foco en cuidarlos m\u00e1s y mejor\u201d.<\/strong> Y agreg\u00f3 que <strong>\u201cotros veh\u00edculos van a ser destinados a los municipios y a las comunas que tambi\u00e9n lo necesitan para mejorar sus gestiones\u201d.<\/strong><\/p>\n<p>Cabe destacar que es la primera entrega de veh\u00edculos oficiales que han sido reasignados, en esta oportunidad, a la Polic\u00eda de Entre R\u00edos.<strong> Se trata de los primeros 50 autos de un total de 160 que ser\u00e1n puestos al servicio de la comunidad<\/strong>. Las pr\u00f3ximas entregas estar\u00e1n destinadas, adem\u00e1s de la Polic\u00eda, a juntas de gobierno y comunas que los necesiten. Ser\u00e1 a medida que se vayan recuperando y reparando.<\/p>\n<p>Por \u00faltimo, sostuvo: \u201cMuchos funcionarios de las \u00faltimas gestiones, evidentemente, no entendieron que como servidores p\u00fablicos tenemos la responsabilidad de cuidar los bienes de la gente como si fueran propios o a\u00fan m\u00e1s que eso\u201d.<\/p>\n","protected":false},"excerpt":{"rendered":"<p>El gobernador reasign\u00f3 veh\u00edculos que funcionarios de anteriores gestiones utilizaron para uso personal. \u201cEs un d\u00eda especial, que quiero que marque un punto de inflexi\u00f3n en la historia de nuestra pol\u00edtica\u201d, destac\u00f3.<\/p>\n","protected":false},"author":8,"featured_media":180540,"comment_status":"open","ping_status":"open","sticky":false,"template":"","format":"standard","meta":{"fifu_image_url":"","fifu_image_alt":"","footnotes":""},"categories":[16],"tags":[1143,2230,949],"class_list":{"0":"post-180539","1":"post","2":"type-post","3":"status-publish","4":"format-standard","5":"has-post-thumbnail","7":"category-politi","8":"tag-autos","9":"tag-policia-de-entre-rios","10":"tag-rogelio-frigerio"},"yoast_head":"<title>Frigerio entreg\u00f3 50 autos de funcionarios pol\u00edticos a la polic\u00eda - Informe Litoral<\/title>\n<meta name=\"robots\" content=\"index, follow, max-snippet:-1, max-image-preview:large, max-video-preview:-1\" \/>\n<link rel=\"canonical\" href=\"https:\/\/informelitoral.com.ar\/frigerio-entrego-50-autos-de-funcionarios-politicos-a-la-policia\/\" \/>\n<meta property=\"og:locale\" content=\"es_ES\" \/>\n<meta property=\"og:type\" content=\"article\" \/>\n<meta property=\"og:title\" content=\"Frigerio entreg\u00f3 50 autos de funcionarios pol\u00edticos a la polic\u00eda - Informe Litoral\" \/>\n<meta property=\"og:description\" content=\"El gobernador reasign\u00f3 veh\u00edculos que funcionarios de anteriores gestiones utilizaron para uso personal. \u201cEs un d\u00eda especial, que quiero que marque un punto de inflexi\u00f3n en la historia de nuestra pol\u00edtica\u201d, destac\u00f3.\" \/>\n<meta property=\"og:url\" content=\"https:\/\/informelitoral.com.ar\/frigerio-entrego-50-autos-de-funcionarios-politicos-a-la-policia\/\" \/>\n<meta property=\"og:site_name\" content=\"Informe Litoral\" \/>\n<meta property=\"article:publisher\" content=\"https:\/\/www.facebook.com\/informelitoral\/\" \/>\n<meta property=\"article:published_time\" content=\"2024-02-02T11:10:03+00:00\" \/>\n<meta property=\"article:modified_time\" content=\"2024-02-03T12:59:57+00:00\" \/>\n<meta property=\"og:image\" content=\"https:\/\/informelitoral.com.ar\/%77%70%2d%63%6f%6e%74%65%6e%74\/uploads\/2024\/02\/p_1706836223.jpg\" \/>\n\t<meta property=\"og:image:width\" content=\"1920\" \/>\n\t<meta property=\"og:image:height\" content=\"800\" \/>\n\t<meta property=\"og:image:type\" content=\"image\/jpeg\" \/>\n<meta name=\"author\" content=\"Sebastian\" \/>\n<meta name=\"twitter:card\" content=\"summary_large_image\" \/>\n<meta name=\"twitter:creator\" content=\"@InformeLitoral\" \/>\n<meta name=\"twitter:site\" content=\"@InformeLitoral\" \/>\n<meta name=\"twitter:label1\" content=\"Escrito por\" \/>\n\t<meta name=\"twitter:data1\" content=\"Sebastian\" \/>\n\t<meta name=\"twitter:label2\" content=\"Tiempo de lectura\" \/>\n\t<meta name=\"twitter:data2\" content=\"3 minutos\" \/>\n<script type=\"application\/ld+json\" class=\"yoast-schema-graph\">{\"@context\":\"https:\\\/\\\/schema.org\",\"@graph\":[{\"@type\":\"Article\",\"@id\":\"https:\\\/\\\/informelitoral.com.ar\\\/frigerio-entrego-50-autos-de-funcionarios-politicos-a-la-policia\\\/#article\",\"isPartOf\":{\"@id\":\"https:\\\/\\\/informelitoral.com.ar\\\/frigerio-entrego-50-autos-de-funcionarios-politicos-a-la-policia\\\/\"},\"author\":{\"name\":\"Sebastian\",\"@id\":\"https:\\\/\\\/informelitoral.com.ar\\\/#\\\/schema\\\/person\\\/f05f9f461677119578717524b127d6d5\"},\"headline\":\"Frigerio entreg\u00f3 50 autos de funcionarios pol\u00edticos a la polic\u00eda\",\"datePublished\":\"2024-02-02T11:10:03+00:00\",\"dateModified\":\"2024-02-03T12:59:57+00:00\",\"mainEntityOfPage\":{\"@id\":\"https:\\\/\\\/informelitoral.com.ar\\\/frigerio-entrego-50-autos-de-funcionarios-politicos-a-la-policia\\\/\"},\"wordCount\":561,\"commentCount\":0,\"publisher\":{\"@id\":\"https:\\\/\\\/informelitoral.com.ar\\\/#organization\"},\"image\":{\"@id\":\"https:\\\/\\\/informelitoral.com.ar\\\/frigerio-entrego-50-autos-de-funcionarios-politicos-a-la-policia\\\/#primaryimage\"},\"thumbnailUrl\":\"https:\\\/\\\/informelitoral.com.ar\\\/%77%70%2d%63%6f%6e%74%65%6e%74\\\/uploads\\\/2024\\\/02\\\/p_1706836223.jpg\",\"keywords\":[\"Autos\",\"Polic\u00eda de Entre R\u00edos\",\"Rogelio Frigerio\"],\"articleSection\":[\"Politica\"],\"inLanguage\":\"es\",\"potentialAction\":[{\"@type\":\"CommentAction\",\"name\":\"Comment\",\"target\":[\"https:\\\/\\\/informelitoral.com.ar\\\/frigerio-entrego-50-autos-de-funcionarios-politicos-a-la-policia\\\/#respond\"]}]},{\"@type\":\"WebPage\",\"@id\":\"https:\\\/\\\/informelitoral.com.ar\\\/frigerio-entrego-50-autos-de-funcionarios-politicos-a-la-policia\\\/\",\"url\":\"https:\\\/\\\/informelitoral.com.ar\\\/frigerio-entrego-50-autos-de-funcionarios-politicos-a-la-policia\\\/\",\"name\":\"Frigerio entreg\u00f3 50 autos de funcionarios pol\u00edticos a la polic\u00eda - Informe Litoral\",\"isPartOf\":{\"@id\":\"https:\\\/\\\/informelitoral.com.ar\\\/#website\"},\"primaryImageOfPage\":{\"@id\":\"https:\\\/\\\/informelitoral.com.ar\\\/frigerio-entrego-50-autos-de-funcionarios-politicos-a-la-policia\\\/#primaryimage\"},\"image\":{\"@id\":\"https:\\\/\\\/informelitoral.com.ar\\\/frigerio-entrego-50-autos-de-funcionarios-politicos-a-la-policia\\\/#primaryimage\"},\"thumbnailUrl\":\"https:\\\/\\\/informelitoral.com.ar\\\/%77%70%2d%63%6f%6e%74%65%6e%74\\\/uploads\\\/2024\\\/02\\\/p_1706836223.jpg\",\"datePublished\":\"2024-02-02T11:10:03+00:00\",\"dateModified\":\"2024-02-03T12:59:57+00:00\",\"breadcrumb\":{\"@id\":\"https:\\\/\\\/informelitoral.com.ar\\\/frigerio-entrego-50-autos-de-funcionarios-politicos-a-la-policia\\\/#breadcrumb\"},\"inLanguage\":\"es\",\"potentialAction\":[{\"@type\":\"ReadAction\",\"target\":[\"https:\\\/\\\/informelitoral.com.ar\\\/frigerio-entrego-50-autos-de-funcionarios-politicos-a-la-policia\\\/\"]}]},{\"@type\":\"ImageObject\",\"inLanguage\":\"es\",\"@id\":\"https:\\\/\\\/informelitoral.com.ar\\\/frigerio-entrego-50-autos-de-funcionarios-politicos-a-la-policia\\\/#primaryimage\",\"url\":\"https:\\\/\\\/informelitoral.com.ar\\\/%77%70%2d%63%6f%6e%74%65%6e%74\\\/uploads\\\/2024\\\/02\\\/p_1706836223.jpg\",\"contentUrl\":\"https:\\\/\\\/informelitoral.com.ar\\\/%77%70%2d%63%6f%6e%74%65%6e%74\\\/uploads\\\/2024\\\/02\\\/p_1706836223.jpg\",\"width\":1920,\"height\":800},{\"@type\":\"BreadcrumbList\",\"@id\":\"https:\\\/\\\/informelitoral.com.ar\\\/frigerio-entrego-50-autos-de-funcionarios-politicos-a-la-policia\\\/#breadcrumb\",\"itemListElement\":[{\"@type\":\"ListItem\",\"position\":1,\"name\":\"Portada\",\"item\":\"https:\\\/\\\/informelitoral.com.ar\\\/\"},{\"@type\":\"ListItem\",\"position\":2,\"name\":\"Frigerio entreg\u00f3 50 autos de funcionarios pol\u00edticos a la polic\u00eda\"}]},{\"@type\":\"WebSite\",\"@id\":\"https:\\\/\\\/informelitoral.com.ar\\\/#website\",\"url\":\"https:\\\/\\\/informelitoral.com.ar\\\/\",\"name\":\"Informe Litoral\",\"description\":\"&quot;Nos informamos&quot; \",\"publisher\":{\"@id\":\"https:\\\/\\\/informelitoral.com.ar\\\/#organization\"},\"potentialAction\":[{\"@type\":\"SearchAction\",\"target\":{\"@type\":\"EntryPoint\",\"urlTemplate\":\"https:\\\/\\\/informelitoral.com.ar\\\/?s={search_term_string}\"},\"query-input\":{\"@type\":\"PropertyValueSpecification\",\"valueRequired\":true,\"valueName\":\"search_term_string\"}}],\"inLanguage\":\"es\"},{\"@type\":\"Organization\",\"@id\":\"https:\\\/\\\/informelitoral.com.ar\\\/#organization\",\"name\":\"Informe Litoral\",\"url\":\"https:\\\/\\\/informelitoral.com.ar\\\/\",\"logo\":{\"@type\":\"ImageObject\",\"inLanguage\":\"es\",\"@id\":\"https:\\\/\\\/informelitoral.com.ar\\\/#\\\/schema\\\/logo\\\/image\\\/\",\"url\":\"https:\\\/\\\/informelitoral.com.ar\\\/%77%70%2d%63%6f%6e%74%65%6e%74\\\/uploads\\\/2021\\\/01\\\/circulo.png\",\"contentUrl\":\"https:\\\/\\\/informelitoral.com.ar\\\/%77%70%2d%63%6f%6e%74%65%6e%74\\\/uploads\\\/2021\\\/01\\\/circulo.png\",\"width\":723,\"height\":731,\"caption\":\"Informe Litoral\"},\"image\":{\"@id\":\"https:\\\/\\\/informelitoral.com.ar\\\/#\\\/schema\\\/logo\\\/image\\\/\"},\"sameAs\":[\"https:\\\/\\\/www.facebook.com\\\/informelitoral\\\/\",\"https:\\\/\\\/x.com\\\/InformeLitoral\",\"https:\\\/\\\/www.instagram.com\\\/informelitoral\\\/\",\"https:\\\/\\\/www.youtube.com\\\/channel\\\/UCua4Qvz8Icb6MYqhoq9xLXw\"]},{\"@type\":\"Person\",\"@id\":\"https:\\\/\\\/informelitoral.com.ar\\\/#\\\/schema\\\/person\\\/f05f9f461677119578717524b127d6d5\",\"name\":\"Sebastian\",\"image\":{\"@type\":\"ImageObject\",\"inLanguage\":\"es\",\"@id\":\"https:\\\/\\\/secure.gravatar.com\\\/avatar\\\/b71bf7481d447dfb9583c7f2798e7cc64de6efb9067b74633ed8c31059a3bd82?s=96&d=mm&r=g\",\"url\":\"https:\\\/\\\/secure.gravatar.com\\\/avatar\\\/b71bf7481d447dfb9583c7f2798e7cc64de6efb9067b74633ed8c31059a3bd82?s=96&d=mm&r=g\",\"contentUrl\":\"https:\\\/\\\/secure.gravatar.com\\\/avatar\\\/b71bf7481d447dfb9583c7f2798e7cc64de6efb9067b74633ed8c31059a3bd82?s=96&d=mm&r=g\",\"caption\":\"Sebastian\"},\"url\":\"https:\\\/\\\/informelitoral.com.ar\\\/author\\\/sebastian\\\/\"}]}<\/script>","yoast_head_json":{"title":"Frigerio entreg\u00f3 50 autos de funcionarios pol\u00edticos a la polic\u00eda - Informe Litoral","robots":{"index":"index","follow":"follow","max-snippet":"max-snippet:-1","max-image-preview":"max-image-preview:large","max-video-preview":"max-video-preview:-1"},"canonical":"https:\/\/informelitoral.com.ar\/frigerio-entrego-50-autos-de-funcionarios-politicos-a-la-policia\/","og_locale":"es_ES","og_type":"article","og_title":"Frigerio entreg\u00f3 50 autos de funcionarios pol\u00edticos a la polic\u00eda - Informe Litoral","og_description":"El gobernador reasign\u00f3 veh\u00edculos que funcionarios de anteriores gestiones utilizaron para uso personal. \u201cEs un d\u00eda especial, que quiero que marque un punto de inflexi\u00f3n en la historia de nuestra pol\u00edtica\u201d, destac\u00f3.","og_url":"https:\/\/informelitoral.com.ar\/frigerio-entrego-50-autos-de-funcionarios-politicos-a-la-policia\/","og_site_name":"Informe Litoral","article_publisher":"https:\/\/www.facebook.com\/informelitoral\/","article_published_time":"2024-02-02T11:10:03+00:00","article_modified_time":"2024-02-03T12:59:57+00:00","og_image":[{"width":1920,"height":800,"url":"https:\/\/informelitoral.com.ar\/%77%70%2d%63%6f%6e%74%65%6e%74\/uploads\/2024\/02\/p_1706836223.jpg","type":"image\/jpeg"}],"author":"Sebastian","twitter_card":"summary_large_image","twitter_creator":"@InformeLitoral","twitter_site":"@InformeLitoral","twitter_misc":{"Escrito por":"Sebastian","Tiempo de lectura":"3 minutos"},"schema":{"@context":"https:\/\/schema.org","@graph":[{"@type":"Article","@id":"https:\/\/informelitoral.com.ar\/frigerio-entrego-50-autos-de-funcionarios-politicos-a-la-policia\/#article","isPartOf":{"@id":"https:\/\/informelitoral.com.ar\/frigerio-entrego-50-autos-de-funcionarios-politicos-a-la-policia\/"},"author":{"name":"Sebastian","@id":"https:\/\/informelitoral.com.ar\/#\/schema\/person\/f05f9f461677119578717524b127d6d5"},"headline":"Frigerio entreg\u00f3 50 autos de funcionarios pol\u00edticos a la polic\u00eda","datePublished":"2024-02-02T11:10:03+00:00","dateModified":"2024-02-03T12:59:57+00:00","mainEntityOfPage":{"@id":"https:\/\/informelitoral.com.ar\/frigerio-entrego-50-autos-de-funcionarios-politicos-a-la-policia\/"},"wordCount":561,"commentCount":0,"publisher":{"@id":"https:\/\/informelitoral.com.ar\/#organization"},"image":{"@id":"https:\/\/informelitoral.com.ar\/frigerio-entrego-50-autos-de-funcionarios-politicos-a-la-policia\/#primaryimage"},"thumbnailUrl":"https:\/\/informelitoral.com.ar\/%77%70%2d%63%6f%6e%74%65%6e%74\/uploads\/2024\/02\/p_1706836223.jpg","keywords":["Autos","Polic\u00eda de Entre R\u00edos","Rogelio Frigerio"],"articleSection":["Politica"],"inLanguage":"es","potentialAction":[{"@type":"CommentAction","name":"Comment","target":["https:\/\/informelitoral.com.ar\/frigerio-entrego-50-autos-de-funcionarios-politicos-a-la-policia\/#respond"]}]},{"@type":"WebPage","@id":"https:\/\/informelitoral.com.ar\/frigerio-entrego-50-autos-de-funcionarios-politicos-a-la-policia\/","url":"https:\/\/informelitoral.com.ar\/frigerio-entrego-50-autos-de-funcionarios-politicos-a-la-policia\/","name":"Frigerio entreg\u00f3 50 autos de funcionarios pol\u00edticos a la polic\u00eda - Informe Litoral","isPartOf":{"@id":"https:\/\/informelitoral.com.ar\/#website"},"primaryImageOfPage":{"@id":"https:\/\/informelitoral.com.ar\/frigerio-entrego-50-autos-de-funcionarios-politicos-a-la-policia\/#primaryimage"},"image":{"@id":"https:\/\/informelitoral.com.ar\/frigerio-entrego-50-autos-de-funcionarios-politicos-a-la-policia\/#primaryimage"},"thumbnailUrl":"https:\/\/informelitoral.com.ar\/%77%70%2d%63%6f%6e%74%65%6e%74\/uploads\/2024\/02\/p_1706836223.jpg","datePublished":"2024-02-02T11:10:03+00:00","dateModified":"2024-02-03T12:59:57+00:00","breadcrumb":{"@id":"https:\/\/informelitoral.com.ar\/frigerio-entrego-50-autos-de-funcionarios-politicos-a-la-policia\/#breadcrumb"},"inLanguage":"es","potentialAction":[{"@type":"ReadAction","target":["https:\/\/informelitoral.com.ar\/frigerio-entrego-50-autos-de-funcionarios-politicos-a-la-policia\/"]}]},{"@type":"ImageObject","inLanguage":"es","@id":"https:\/\/informelitoral.com.ar\/frigerio-entrego-50-autos-de-funcionarios-politicos-a-la-policia\/#primaryimage","url":"https:\/\/informelitoral.com.ar\/%77%70%2d%63%6f%6e%74%65%6e%74\/uploads\/2024\/02\/p_1706836223.jpg","contentUrl":"https:\/\/informelitoral.com.ar\/%77%70%2d%63%6f%6e%74%65%6e%74\/uploads\/2024\/02\/p_1706836223.jpg","width":1920,"height":800},{"@type":"BreadcrumbList","@id":"https:\/\/informelitoral.com.ar\/frigerio-entrego-50-autos-de-funcionarios-politicos-a-la-policia\/#breadcrumb","itemListElement":[{"@type":"ListItem","position":1,"name":"Portada","item":"https:\/\/informelitoral.com.ar\/"},{"@type":"ListItem","position":2,"name":"Frigerio entreg\u00f3 50 autos de funcionarios pol\u00edticos a la polic\u00eda"}]},{"@type":"WebSite","@id":"https:\/\/informelitoral.com.ar\/#website","url":"https:\/\/informelitoral.com.ar\/","name":"Informe Litoral","description":"&quot;Nos informamos&quot; ","publisher":{"@id":"https:\/\/informelitoral.com.ar\/#organization"},"potentialAction":[{"@type":"SearchAction","target":{"@type":"EntryPoint","urlTemplate":"https:\/\/informelitoral.com.ar\/?s={search_term_string}"},"query-input":{"@type":"PropertyValueSpecification","valueRequired":true,"valueName":"search_term_string"}}],"inLanguage":"es"},{"@type":"Organization","@id":"https:\/\/informelitoral.com.ar\/#organization","name":"Informe Litoral","url":"https:\/\/informelitoral.com.ar\/","logo":{"@type":"ImageObject","inLanguage":"es","@id":"https:\/\/informelitoral.com.ar\/#\/schema\/logo\/image\/","url":"https:\/\/informelitoral.com.ar\/%77%70%2d%63%6f%6e%74%65%6e%74\/uploads\/2021\/01\/circulo.png","contentUrl":"https:\/\/informelitoral.com.ar\/%77%70%2d%63%6f%6e%74%65%6e%74\/uploads\/2021\/01\/circulo.png","width":723,"height":731,"caption":"Informe Litoral"},"image":{"@id":"https:\/\/informelitoral.com.ar\/#\/schema\/logo\/image\/"},"sameAs":["https:\/\/www.facebook.com\/informelitoral\/","https:\/\/x.com\/InformeLitoral","https:\/\/www.instagram.com\/informelitoral\/","https:\/\/www.youtube.com\/channel\/UCua4Qvz8Icb6MYqhoq9xLXw"]},{"@type":"Person","@id":"https:\/\/informelitoral.com.ar\/#\/schema\/person\/f05f9f461677119578717524b127d6d5","name":"Sebastian","image":{"@type":"ImageObject","inLanguage":"es","@id":"https:\/\/secure.gravatar.com\/avatar\/b71bf7481d447dfb9583c7f2798e7cc64de6efb9067b74633ed8c31059a3bd82?s=96&d=mm&r=g","url":"https:\/\/secure.gravatar.com\/avatar\/b71bf7481d447dfb9583c7f2798e7cc64de6efb9067b74633ed8c31059a3bd82?s=96&d=mm&r=g","contentUrl":"https:\/\/secure.gravatar.com\/avatar\/b71bf7481d447dfb9583c7f2798e7cc64de6efb9067b74633ed8c31059a3bd82?s=96&d=mm&r=g","caption":"Sebastian"},"url":"https:\/\/informelitoral.com.ar\/author\/sebastian\/"}]}},"_links":{"self":[{"href":"https:\/\/informelitoral.com.ar\/%77%70%2d%6a%73%6f%6e\/wp\/v2\/posts\/180539","targetHints":{"allow":["GET"]}}],"collection":[{"href":"https:\/\/informelitoral.com.ar\/%77%70%2d%6a%73%6f%6e\/wp\/v2\/posts"}],"about":[{"href":"https:\/\/informelitoral.com.ar\/%77%70%2d%6a%73%6f%6e\/wp\/v2\/types\/post"}],"author":[{"embeddable":true,"href":"https:\/\/informelitoral.com.ar\/%77%70%2d%6a%73%6f%6e\/wp\/v2\/users\/8"}],"replies":[{"embeddable":true,"href":"https:\/\/informelitoral.com.ar\/%77%70%2d%6a%73%6f%6e\/wp\/v2\/comments?post=180539"}],"version-history":[{"count":0,"href":"https:\/\/informelitoral.com.ar\/%77%70%2d%6a%73%6f%6e\/wp\/v2\/posts\/180539\/revisions"}],"wp:featuredmedia":[{"embeddable":true,"href":"https:\/\/informelitoral.com.ar\/%77%70%2d%6a%73%6f%6e\/wp\/v2\/media\/180540"}],"wp:attachment":[{"href":"https:\/\/informelitoral.com.ar\/%77%70%2d%6a%73%6f%6e\/wp\/v2\/media?parent=180539"}],"wp:term":[{"taxonomy":"category","embeddable":true,"href":"https:\/\/informelitoral.com.ar\/%77%70%2d%6a%73%6f%6e\/wp\/v2\/categories?post=180539"},{"taxonomy":"post_tag","embeddable":true,"href":"https:\/\/informelitoral.com.ar\/%77%70%2d%6a%73%6f%6e\/wp\/v2\/tags?post=180539"}],"curies":[{"name":"wp","href":"https:\/\/api.w.org\/{rel}","templated":true}]}}