{"id":180466,"date":"2024-02-01T09:09:58","date_gmt":"2024-02-01T12:09:58","guid":{"rendered":"https:\/\/www.informelitoral.com.ar\/?p=180466"},"modified":"2024-02-01T15:25:17","modified_gmt":"2024-02-01T18:25:17","slug":"diamante-protesta-de-trabajadores-del-centro-de-investigaciones","status":"publish","type":"post","link":"https:\/\/informelitoral.com.ar\/diamante-protesta-de-trabajadores-del-centro-de-investigaciones\/","title":{"rendered":"Diamante: protesta de trabajadores del Centro de Investigaciones"},"content":{"rendered":"<p><strong>En una iniciativa para abordar la preocupante situaci\u00f3n que atraviesa el Conicet en Diamante, se llev\u00f3 a cabo una mateada y una charla en las instalaciones del centro de investigaci\u00f3n.<\/strong><\/p>\n<p>Durante este encuentro, los trabajadores del Conicet expusieron la incertidumbre que enfrentan miles de cient\u00edficos argentinos frente a los anunciados recortes en la educaci\u00f3n p\u00fablica y la ciencia.<\/p>\n<p>Uno de los oradores destacados de la reuni\u00f3n, que tuvo lugar en la entrada del Conicet, expres\u00f3 su preocupaci\u00f3n por el futuro de las investigaciones de los becarios del CONICET, quienes no cuentan con la seguridad necesaria. Asimismo, hizo un llamado a los legisladores para que defiendan el apoyo a la ciencia en Argentina, esperando que tomen las medidas necesarias para garantizar un futuro prometedor para la labor cient\u00edfica en el pa\u00eds.<\/p>\n<p>Adem\u00e1s de la incertidumbre en el \u00e1mbito cient\u00edfico, tambi\u00e9n se mencionaron las dificultades econ\u00f3micas que enfrentan los investigadores en Argentina debido a las medidas econ\u00f3micas implementadas por el gobierno de Javier Milei.<\/p>\n<p>Estas dificultades econ\u00f3micas a\u00f1aden un desaf\u00edo adicional para aquellos que dedican su vida a la investigaci\u00f3n cient\u00edfica, ya que limitan los recursos disponibles para llevar a cabo sus proyectos y contribuyen a la inestabilidad laboral.<\/p>\n<p>La mateada y charla en el Conicet fue una oportunidad para poner de manifiesto las preocupaciones y desaf\u00edos que enfrenta la comunidad cient\u00edfica en Argentina, public\u00f3 <em>Valle Mar\u00eda Noticias.\u00a0<\/em><\/p>\n","protected":false},"excerpt":{"rendered":"<p>Realizaron una mateada y una charla en las instalaciones del centro de investigaci\u00f3n de Diamante.<\/p>\n","protected":false},"author":8,"featured_media":180468,"comment_status":"open","ping_status":"open","sticky":false,"template":"","format":"standard","meta":{"fifu_image_url":"","fifu_image_alt":"","footnotes":""},"categories":[5,4588],"tags":[598,2445,2342,34,502],"class_list":{"0":"post-180466","1":"post","2":"type-post","3":"status-publish","4":"format-standard","5":"has-post-thumbnail","7":"category-zonales","8":"category-diamante","9":"tag-ajuste","10":"tag-ciencia","11":"tag-conicet","12":"tag-diamante","13":"tag-protesta"},"yoast_head":"<title>Diamante: protesta de trabajadores del Centro de Investigaciones - Informe Litoral<\/title>\n<meta name=\"robots\" content=\"index, follow, max-snippet:-1, max-image-preview:large, max-video-preview:-1\" \/>\n<link rel=\"canonical\" href=\"https:\/\/informelitoral.com.ar\/diamante-protesta-de-trabajadores-del-centro-de-investigaciones\/\" \/>\n<meta property=\"og:locale\" content=\"es_ES\" \/>\n<meta property=\"og:type\" content=\"article\" \/>\n<meta property=\"og:title\" content=\"Diamante: protesta de trabajadores del Centro de Investigaciones - Informe Litoral\" \/>\n<meta property=\"og:description\" content=\"Realizaron una mateada y una charla en las instalaciones del centro de investigaci\u00f3n de Diamante.\" \/>\n<meta property=\"og:url\" content=\"https:\/\/informelitoral.com.ar\/diamante-protesta-de-trabajadores-del-centro-de-investigaciones\/\" \/>\n<meta property=\"og:site_name\" content=\"Informe Litoral\" \/>\n<meta property=\"article:publisher\" content=\"https:\/\/www.facebook.com\/informelitoral\/\" \/>\n<meta property=\"article:published_time\" content=\"2024-02-01T12:09:58+00:00\" \/>\n<meta property=\"article:modified_time\" content=\"2024-02-01T18:25:17+00:00\" \/>\n<meta property=\"og:image\" content=\"https:\/\/informelitoral.com.ar\/%77%70%2d%63%6f%6e%74%65%6e%74\/uploads\/2024\/02\/conicet-diamante-protesta.png\" \/>\n\t<meta property=\"og:image:width\" content=\"1200\" \/>\n\t<meta property=\"og:image:height\" content=\"675\" \/>\n\t<meta property=\"og:image:type\" content=\"image\/png\" \/>\n<meta name=\"author\" content=\"Sebastian\" \/>\n<meta name=\"twitter:card\" content=\"summary_large_image\" \/>\n<meta name=\"twitter:creator\" content=\"@InformeLitoral\" \/>\n<meta name=\"twitter:site\" content=\"@InformeLitoral\" \/>\n<meta name=\"twitter:label1\" content=\"Escrito por\" \/>\n\t<meta name=\"twitter:data1\" content=\"Sebastian\" \/>\n\t<meta name=\"twitter:label2\" content=\"Tiempo de lectura\" \/>\n\t<meta name=\"twitter:data2\" content=\"1 minuto\" \/>\n<script type=\"application\/ld+json\" class=\"yoast-schema-graph\">{\"@context\":\"https:\\\/\\\/schema.org\",\"@graph\":[{\"@type\":\"Article\",\"@id\":\"https:\\\/\\\/informelitoral.com.ar\\\/diamante-protesta-de-trabajadores-del-centro-de-investigaciones\\\/#article\",\"isPartOf\":{\"@id\":\"https:\\\/\\\/informelitoral.com.ar\\\/diamante-protesta-de-trabajadores-del-centro-de-investigaciones\\\/\"},\"author\":{\"name\":\"Sebastian\",\"@id\":\"https:\\\/\\\/informelitoral.com.ar\\\/#\\\/schema\\\/person\\\/f05f9f461677119578717524b127d6d5\"},\"headline\":\"Diamante: protesta de trabajadores del Centro de Investigaciones\",\"datePublished\":\"2024-02-01T12:09:58+00:00\",\"dateModified\":\"2024-02-01T18:25:17+00:00\",\"mainEntityOfPage\":{\"@id\":\"https:\\\/\\\/informelitoral.com.ar\\\/diamante-protesta-de-trabajadores-del-centro-de-investigaciones\\\/\"},\"wordCount\":256,\"commentCount\":0,\"publisher\":{\"@id\":\"https:\\\/\\\/informelitoral.com.ar\\\/#organization\"},\"image\":{\"@id\":\"https:\\\/\\\/informelitoral.com.ar\\\/diamante-protesta-de-trabajadores-del-centro-de-investigaciones\\\/#primaryimage\"},\"thumbnailUrl\":\"https:\\\/\\\/informelitoral.com.ar\\\/%77%70%2d%63%6f%6e%74%65%6e%74\\\/uploads\\\/2024\\\/02\\\/conicet-diamante-protesta.png\",\"keywords\":[\"Ajuste\",\"ciencia\",\"conicet\",\"Diamante\",\"Protesta\"],\"articleSection\":[\"Departamento Diamante\",\"Diamante\"],\"inLanguage\":\"es\",\"potentialAction\":[{\"@type\":\"CommentAction\",\"name\":\"Comment\",\"target\":[\"https:\\\/\\\/informelitoral.com.ar\\\/diamante-protesta-de-trabajadores-del-centro-de-investigaciones\\\/#respond\"]}]},{\"@type\":\"WebPage\",\"@id\":\"https:\\\/\\\/informelitoral.com.ar\\\/diamante-protesta-de-trabajadores-del-centro-de-investigaciones\\\/\",\"url\":\"https:\\\/\\\/informelitoral.com.ar\\\/diamante-protesta-de-trabajadores-del-centro-de-investigaciones\\\/\",\"name\":\"Diamante: protesta de trabajadores del Centro de Investigaciones - Informe Litoral\",\"isPartOf\":{\"@id\":\"https:\\\/\\\/informelitoral.com.ar\\\/#website\"},\"primaryImageOfPage\":{\"@id\":\"https:\\\/\\\/informelitoral.com.ar\\\/diamante-protesta-de-trabajadores-del-centro-de-investigaciones\\\/#primaryimage\"},\"image\":{\"@id\":\"https:\\\/\\\/informelitoral.com.ar\\\/diamante-protesta-de-trabajadores-del-centro-de-investigaciones\\\/#primaryimage\"},\"thumbnailUrl\":\"https:\\\/\\\/informelitoral.com.ar\\\/%77%70%2d%63%6f%6e%74%65%6e%74\\\/uploads\\\/2024\\\/02\\\/conicet-diamante-protesta.png\",\"datePublished\":\"2024-02-01T12:09:58+00:00\",\"dateModified\":\"2024-02-01T18:25:17+00:00\",\"breadcrumb\":{\"@id\":\"https:\\\/\\\/informelitoral.com.ar\\\/diamante-protesta-de-trabajadores-del-centro-de-investigaciones\\\/#breadcrumb\"},\"inLanguage\":\"es\",\"potentialAction\":[{\"@type\":\"ReadAction\",\"target\":[\"https:\\\/\\\/informelitoral.com.ar\\\/diamante-protesta-de-trabajadores-del-centro-de-investigaciones\\\/\"]}]},{\"@type\":\"ImageObject\",\"inLanguage\":\"es\",\"@id\":\"https:\\\/\\\/informelitoral.com.ar\\\/diamante-protesta-de-trabajadores-del-centro-de-investigaciones\\\/#primaryimage\",\"url\":\"https:\\\/\\\/informelitoral.com.ar\\\/%77%70%2d%63%6f%6e%74%65%6e%74\\\/uploads\\\/2024\\\/02\\\/conicet-diamante-protesta.png\",\"contentUrl\":\"https:\\\/\\\/informelitoral.com.ar\\\/%77%70%2d%63%6f%6e%74%65%6e%74\\\/uploads\\\/2024\\\/02\\\/conicet-diamante-protesta.png\",\"width\":1200,\"height\":675},{\"@type\":\"BreadcrumbList\",\"@id\":\"https:\\\/\\\/informelitoral.com.ar\\\/diamante-protesta-de-trabajadores-del-centro-de-investigaciones\\\/#breadcrumb\",\"itemListElement\":[{\"@type\":\"ListItem\",\"position\":1,\"name\":\"Portada\",\"item\":\"https:\\\/\\\/informelitoral.com.ar\\\/\"},{\"@type\":\"ListItem\",\"position\":2,\"name\":\"Diamante: protesta de trabajadores del Centro de Investigaciones\"}]},{\"@type\":\"WebSite\",\"@id\":\"https:\\\/\\\/informelitoral.com.ar\\\/#website\",\"url\":\"https:\\\/\\\/informelitoral.com.ar\\\/\",\"name\":\"Informe Litoral\",\"description\":\"&quot;Nos informamos&quot; \",\"publisher\":{\"@id\":\"https:\\\/\\\/informelitoral.com.ar\\\/#organization\"},\"potentialAction\":[{\"@type\":\"SearchAction\",\"target\":{\"@type\":\"EntryPoint\",\"urlTemplate\":\"https:\\\/\\\/informelitoral.com.ar\\\/?s={search_term_string}\"},\"query-input\":{\"@type\":\"PropertyValueSpecification\",\"valueRequired\":true,\"valueName\":\"search_term_string\"}}],\"inLanguage\":\"es\"},{\"@type\":\"Organization\",\"@id\":\"https:\\\/\\\/informelitoral.com.ar\\\/#organization\",\"name\":\"Informe Litoral\",\"url\":\"https:\\\/\\\/informelitoral.com.ar\\\/\",\"logo\":{\"@type\":\"ImageObject\",\"inLanguage\":\"es\",\"@id\":\"https:\\\/\\\/informelitoral.com.ar\\\/#\\\/schema\\\/logo\\\/image\\\/\",\"url\":\"https:\\\/\\\/informelitoral.com.ar\\\/%77%70%2d%63%6f%6e%74%65%6e%74\\\/uploads\\\/2021\\\/01\\\/circulo.png\",\"contentUrl\":\"https:\\\/\\\/informelitoral.com.ar\\\/%77%70%2d%63%6f%6e%74%65%6e%74\\\/uploads\\\/2021\\\/01\\\/circulo.png\",\"width\":723,\"height\":731,\"caption\":\"Informe Litoral\"},\"image\":{\"@id\":\"https:\\\/\\\/informelitoral.com.ar\\\/#\\\/schema\\\/logo\\\/image\\\/\"},\"sameAs\":[\"https:\\\/\\\/www.facebook.com\\\/informelitoral\\\/\",\"https:\\\/\\\/x.com\\\/InformeLitoral\",\"https:\\\/\\\/www.instagram.com\\\/informelitoral\\\/\",\"https:\\\/\\\/www.youtube.com\\\/channel\\\/UCua4Qvz8Icb6MYqhoq9xLXw\"]},{\"@type\":\"Person\",\"@id\":\"https:\\\/\\\/informelitoral.com.ar\\\/#\\\/schema\\\/person\\\/f05f9f461677119578717524b127d6d5\",\"name\":\"Sebastian\",\"image\":{\"@type\":\"ImageObject\",\"inLanguage\":\"es\",\"@id\":\"https:\\\/\\\/secure.gravatar.com\\\/avatar\\\/b71bf7481d447dfb9583c7f2798e7cc64de6efb9067b74633ed8c31059a3bd82?s=96&d=mm&r=g\",\"url\":\"https:\\\/\\\/secure.gravatar.com\\\/avatar\\\/b71bf7481d447dfb9583c7f2798e7cc64de6efb9067b74633ed8c31059a3bd82?s=96&d=mm&r=g\",\"contentUrl\":\"https:\\\/\\\/secure.gravatar.com\\\/avatar\\\/b71bf7481d447dfb9583c7f2798e7cc64de6efb9067b74633ed8c31059a3bd82?s=96&d=mm&r=g\",\"caption\":\"Sebastian\"},\"url\":\"https:\\\/\\\/informelitoral.com.ar\\\/author\\\/sebastian\\\/\"}]}<\/script>","yoast_head_json":{"title":"Diamante: protesta de trabajadores del Centro de Investigaciones - Informe Litoral","robots":{"index":"index","follow":"follow","max-snippet":"max-snippet:-1","max-image-preview":"max-image-preview:large","max-video-preview":"max-video-preview:-1"},"canonical":"https:\/\/informelitoral.com.ar\/diamante-protesta-de-trabajadores-del-centro-de-investigaciones\/","og_locale":"es_ES","og_type":"article","og_title":"Diamante: protesta de trabajadores del Centro de Investigaciones - Informe Litoral","og_description":"Realizaron una mateada y una charla en las instalaciones del centro de investigaci\u00f3n de Diamante.","og_url":"https:\/\/informelitoral.com.ar\/diamante-protesta-de-trabajadores-del-centro-de-investigaciones\/","og_site_name":"Informe Litoral","article_publisher":"https:\/\/www.facebook.com\/informelitoral\/","article_published_time":"2024-02-01T12:09:58+00:00","article_modified_time":"2024-02-01T18:25:17+00:00","og_image":[{"width":1200,"height":675,"url":"https:\/\/informelitoral.com.ar\/%77%70%2d%63%6f%6e%74%65%6e%74\/uploads\/2024\/02\/conicet-diamante-protesta.png","type":"image\/png"}],"author":"Sebastian","twitter_card":"summary_large_image","twitter_creator":"@InformeLitoral","twitter_site":"@InformeLitoral","twitter_misc":{"Escrito por":"Sebastian","Tiempo de lectura":"1 minuto"},"schema":{"@context":"https:\/\/schema.org","@graph":[{"@type":"Article","@id":"https:\/\/informelitoral.com.ar\/diamante-protesta-de-trabajadores-del-centro-de-investigaciones\/#article","isPartOf":{"@id":"https:\/\/informelitoral.com.ar\/diamante-protesta-de-trabajadores-del-centro-de-investigaciones\/"},"author":{"name":"Sebastian","@id":"https:\/\/informelitoral.com.ar\/#\/schema\/person\/f05f9f461677119578717524b127d6d5"},"headline":"Diamante: protesta de trabajadores del Centro de Investigaciones","datePublished":"2024-02-01T12:09:58+00:00","dateModified":"2024-02-01T18:25:17+00:00","mainEntityOfPage":{"@id":"https:\/\/informelitoral.com.ar\/diamante-protesta-de-trabajadores-del-centro-de-investigaciones\/"},"wordCount":256,"commentCount":0,"publisher":{"@id":"https:\/\/informelitoral.com.ar\/#organization"},"image":{"@id":"https:\/\/informelitoral.com.ar\/diamante-protesta-de-trabajadores-del-centro-de-investigaciones\/#primaryimage"},"thumbnailUrl":"https:\/\/informelitoral.com.ar\/%77%70%2d%63%6f%6e%74%65%6e%74\/uploads\/2024\/02\/conicet-diamante-protesta.png","keywords":["Ajuste","ciencia","conicet","Diamante","Protesta"],"articleSection":["Departamento Diamante","Diamante"],"inLanguage":"es","potentialAction":[{"@type":"CommentAction","name":"Comment","target":["https:\/\/informelitoral.com.ar\/diamante-protesta-de-trabajadores-del-centro-de-investigaciones\/#respond"]}]},{"@type":"WebPage","@id":"https:\/\/informelitoral.com.ar\/diamante-protesta-de-trabajadores-del-centro-de-investigaciones\/","url":"https:\/\/informelitoral.com.ar\/diamante-protesta-de-trabajadores-del-centro-de-investigaciones\/","name":"Diamante: protesta de trabajadores del Centro de Investigaciones - Informe Litoral","isPartOf":{"@id":"https:\/\/informelitoral.com.ar\/#website"},"primaryImageOfPage":{"@id":"https:\/\/informelitoral.com.ar\/diamante-protesta-de-trabajadores-del-centro-de-investigaciones\/#primaryimage"},"image":{"@id":"https:\/\/informelitoral.com.ar\/diamante-protesta-de-trabajadores-del-centro-de-investigaciones\/#primaryimage"},"thumbnailUrl":"https:\/\/informelitoral.com.ar\/%77%70%2d%63%6f%6e%74%65%6e%74\/uploads\/2024\/02\/conicet-diamante-protesta.png","datePublished":"2024-02-01T12:09:58+00:00","dateModified":"2024-02-01T18:25:17+00:00","breadcrumb":{"@id":"https:\/\/informelitoral.com.ar\/diamante-protesta-de-trabajadores-del-centro-de-investigaciones\/#breadcrumb"},"inLanguage":"es","potentialAction":[{"@type":"ReadAction","target":["https:\/\/informelitoral.com.ar\/diamante-protesta-de-trabajadores-del-centro-de-investigaciones\/"]}]},{"@type":"ImageObject","inLanguage":"es","@id":"https:\/\/informelitoral.com.ar\/diamante-protesta-de-trabajadores-del-centro-de-investigaciones\/#primaryimage","url":"https:\/\/informelitoral.com.ar\/%77%70%2d%63%6f%6e%74%65%6e%74\/uploads\/2024\/02\/conicet-diamante-protesta.png","contentUrl":"https:\/\/informelitoral.com.ar\/%77%70%2d%63%6f%6e%74%65%6e%74\/uploads\/2024\/02\/conicet-diamante-protesta.png","width":1200,"height":675},{"@type":"BreadcrumbList","@id":"https:\/\/informelitoral.com.ar\/diamante-protesta-de-trabajadores-del-centro-de-investigaciones\/#breadcrumb","itemListElement":[{"@type":"ListItem","position":1,"name":"Portada","item":"https:\/\/informelitoral.com.ar\/"},{"@type":"ListItem","position":2,"name":"Diamante: protesta de trabajadores del Centro de Investigaciones"}]},{"@type":"WebSite","@id":"https:\/\/informelitoral.com.ar\/#website","url":"https:\/\/informelitoral.com.ar\/","name":"Informe Litoral","description":"&quot;Nos informamos&quot; ","publisher":{"@id":"https:\/\/informelitoral.com.ar\/#organization"},"potentialAction":[{"@type":"SearchAction","target":{"@type":"EntryPoint","urlTemplate":"https:\/\/informelitoral.com.ar\/?s={search_term_string}"},"query-input":{"@type":"PropertyValueSpecification","valueRequired":true,"valueName":"search_term_string"}}],"inLanguage":"es"},{"@type":"Organization","@id":"https:\/\/informelitoral.com.ar\/#organization","name":"Informe Litoral","url":"https:\/\/informelitoral.com.ar\/","logo":{"@type":"ImageObject","inLanguage":"es","@id":"https:\/\/informelitoral.com.ar\/#\/schema\/logo\/image\/","url":"https:\/\/informelitoral.com.ar\/%77%70%2d%63%6f%6e%74%65%6e%74\/uploads\/2021\/01\/circulo.png","contentUrl":"https:\/\/informelitoral.com.ar\/%77%70%2d%63%6f%6e%74%65%6e%74\/uploads\/2021\/01\/circulo.png","width":723,"height":731,"caption":"Informe Litoral"},"image":{"@id":"https:\/\/informelitoral.com.ar\/#\/schema\/logo\/image\/"},"sameAs":["https:\/\/www.facebook.com\/informelitoral\/","https:\/\/x.com\/InformeLitoral","https:\/\/www.instagram.com\/informelitoral\/","https:\/\/www.youtube.com\/channel\/UCua4Qvz8Icb6MYqhoq9xLXw"]},{"@type":"Person","@id":"https:\/\/informelitoral.com.ar\/#\/schema\/person\/f05f9f461677119578717524b127d6d5","name":"Sebastian","image":{"@type":"ImageObject","inLanguage":"es","@id":"https:\/\/secure.gravatar.com\/avatar\/b71bf7481d447dfb9583c7f2798e7cc64de6efb9067b74633ed8c31059a3bd82?s=96&d=mm&r=g","url":"https:\/\/secure.gravatar.com\/avatar\/b71bf7481d447dfb9583c7f2798e7cc64de6efb9067b74633ed8c31059a3bd82?s=96&d=mm&r=g","contentUrl":"https:\/\/secure.gravatar.com\/avatar\/b71bf7481d447dfb9583c7f2798e7cc64de6efb9067b74633ed8c31059a3bd82?s=96&d=mm&r=g","caption":"Sebastian"},"url":"https:\/\/informelitoral.com.ar\/author\/sebastian\/"}]}},"_links":{"self":[{"href":"https:\/\/informelitoral.com.ar\/%77%70%2d%6a%73%6f%6e\/wp\/v2\/posts\/180466","targetHints":{"allow":["GET"]}}],"collection":[{"href":"https:\/\/informelitoral.com.ar\/%77%70%2d%6a%73%6f%6e\/wp\/v2\/posts"}],"about":[{"href":"https:\/\/informelitoral.com.ar\/%77%70%2d%6a%73%6f%6e\/wp\/v2\/types\/post"}],"author":[{"embeddable":true,"href":"https:\/\/informelitoral.com.ar\/%77%70%2d%6a%73%6f%6e\/wp\/v2\/users\/8"}],"replies":[{"embeddable":true,"href":"https:\/\/informelitoral.com.ar\/%77%70%2d%6a%73%6f%6e\/wp\/v2\/comments?post=180466"}],"version-history":[{"count":0,"href":"https:\/\/informelitoral.com.ar\/%77%70%2d%6a%73%6f%6e\/wp\/v2\/posts\/180466\/revisions"}],"wp:featuredmedia":[{"embeddable":true,"href":"https:\/\/informelitoral.com.ar\/%77%70%2d%6a%73%6f%6e\/wp\/v2\/media\/180468"}],"wp:attachment":[{"href":"https:\/\/informelitoral.com.ar\/%77%70%2d%6a%73%6f%6e\/wp\/v2\/media?parent=180466"}],"wp:term":[{"taxonomy":"category","embeddable":true,"href":"https:\/\/informelitoral.com.ar\/%77%70%2d%6a%73%6f%6e\/wp\/v2\/categories?post=180466"},{"taxonomy":"post_tag","embeddable":true,"href":"https:\/\/informelitoral.com.ar\/%77%70%2d%6a%73%6f%6e\/wp\/v2\/tags?post=180466"}],"curies":[{"name":"wp","href":"https:\/\/api.w.org\/{rel}","templated":true}]}}