{"id":180362,"date":"2024-01-31T12:12:09","date_gmt":"2024-01-31T15:12:09","guid":{"rendered":"https:\/\/www.informelitoral.com.ar\/?p=180362"},"modified":"2024-01-31T19:02:56","modified_gmt":"2024-01-31T22:02:56","slug":"el-campo-vuelve-a-esperar-agua","status":"publish","type":"post","link":"https:\/\/informelitoral.com.ar\/el-campo-vuelve-a-esperar-agua\/","title":{"rendered":"El campo vuelve a esperar agua"},"content":{"rendered":"<p>La Oficina de Riesgo Agropecuario (ORA) public\u00f3 su informe semanal, en el que deja en claro que la preocupaci\u00f3n que renaci\u00f3 en el campo ante la ausencia de nuevos frentes de lluvias, y en medio de una ola de calor que aumenta la demanda h\u00eddrica de los cultivos, no es en vano.<\/p>\n<p>\u201cCon respecto a la situaci\u00f3n de la semana pasada, actualmente se estima un descenso significativo y generalizado de los almacenajes h\u00eddricos\u201d<em>.<\/em><\/p>\n<p>Los mapas comparativos, correspondientes a un planteo de soja de primera, lo dejan muy en claro: las zonas \u201cverdes\u201d son cada vez m\u00e1s chicas y los manchones \u201cnaranjas\u201d, que significan sequ\u00eda, volvieron a aparecer de manera generalizada.<\/p>\n<p>\u201cDado que el periodo cr\u00edtico para la definici\u00f3n de rindes de ma\u00edz ya se ha superado en la mayor parte del \u00e1rea destinada a este cultivo, se comienza el seguimiento del estado h\u00eddrico para soja, que s\u00ed comienza a transitar su etapa m\u00e1s susceptible a d\u00e9ficit h\u00eddrico\u201d, explica el organismo.<\/p>\n<p>Y ratifica: \u201cComparando con la semana anterior, se destaca el fuerte desecamiento generalizado\u201d, con unidades de suelo en condiciones de d\u00e9ficit h\u00eddrico que aparecen al sur de la zona n\u00facleo, en el centro de C\u00f3rdoba y Formosa, aunque tambi\u00e9n en menor medida en Entre R\u00edos.<\/p>\n<p>Adem\u00e1s, en la zona n\u00facleo pampeana, los almacenajes habr\u00edan pasado de regulares a escasos, y se estima que han desaparecido las \u00e1reas clasificadas con reservas excesivas o excesos h\u00eddricos que se observaban en el mapa de hace siete d\u00edas.<\/p>\n","protected":false},"excerpt":{"rendered":"<p>Con la ausencia de lluvias y el notable aumento de temperaturas, se esfuman las reservas h\u00eddricas. La soja es la que m\u00e1s necesita de las precipitaciones en esta etapa.<\/p>\n","protected":false},"author":8,"featured_media":180364,"comment_status":"open","ping_status":"open","sticky":false,"template":"","format":"standard","meta":{"fifu_image_url":"","fifu_image_alt":"","footnotes":""},"categories":[10],"tags":[4632,59],"class_list":{"0":"post-180362","1":"post","2":"type-post","3":"status-publish","4":"format-standard","5":"has-post-thumbnail","7":"category-campo","8":"tag-reservas-hidricas","9":"tag-sequia"},"yoast_head":"<title>El campo vuelve a esperar agua - Informe Litoral<\/title>\n<meta name=\"robots\" content=\"index, follow, max-snippet:-1, max-image-preview:large, max-video-preview:-1\" \/>\n<link rel=\"canonical\" href=\"https:\/\/informelitoral.com.ar\/el-campo-vuelve-a-esperar-agua\/\" \/>\n<meta property=\"og:locale\" content=\"es_ES\" \/>\n<meta property=\"og:type\" content=\"article\" \/>\n<meta property=\"og:title\" content=\"El campo vuelve a esperar agua - Informe Litoral\" \/>\n<meta property=\"og:description\" content=\"Con la ausencia de lluvias y el notable aumento de temperaturas, se esfuman las reservas h\u00eddricas. La soja es la que m\u00e1s necesita de las precipitaciones en esta etapa.\" \/>\n<meta property=\"og:url\" content=\"https:\/\/informelitoral.com.ar\/el-campo-vuelve-a-esperar-agua\/\" \/>\n<meta property=\"og:site_name\" content=\"Informe Litoral\" \/>\n<meta property=\"article:publisher\" content=\"https:\/\/www.facebook.com\/informelitoral\/\" \/>\n<meta property=\"article:published_time\" content=\"2024-01-31T15:12:09+00:00\" \/>\n<meta property=\"article:modified_time\" content=\"2024-01-31T22:02:56+00:00\" \/>\n<meta property=\"og:image\" content=\"https:\/\/informelitoral.com.ar\/%77%70%2d%63%6f%6e%74%65%6e%74\/uploads\/2024\/01\/md-hasanuzzaman-himel-mz278SNa2ek-unsplash-scaled-1.jpg\" \/>\n\t<meta property=\"og:image:width\" content=\"2560\" \/>\n\t<meta property=\"og:image:height\" content=\"1920\" \/>\n\t<meta property=\"og:image:type\" content=\"image\/jpeg\" \/>\n<meta name=\"author\" content=\"Sebastian\" \/>\n<meta name=\"twitter:card\" content=\"summary_large_image\" \/>\n<meta name=\"twitter:creator\" content=\"@InformeLitoral\" \/>\n<meta name=\"twitter:site\" content=\"@InformeLitoral\" \/>\n<meta name=\"twitter:label1\" content=\"Escrito por\" \/>\n\t<meta name=\"twitter:data1\" content=\"Sebastian\" \/>\n\t<meta name=\"twitter:label2\" content=\"Tiempo de lectura\" \/>\n\t<meta name=\"twitter:data2\" content=\"1 minuto\" \/>\n<script type=\"application\/ld+json\" class=\"yoast-schema-graph\">{\"@context\":\"https:\\\/\\\/schema.org\",\"@graph\":[{\"@type\":\"Article\",\"@id\":\"https:\\\/\\\/informelitoral.com.ar\\\/el-campo-vuelve-a-esperar-agua\\\/#article\",\"isPartOf\":{\"@id\":\"https:\\\/\\\/informelitoral.com.ar\\\/el-campo-vuelve-a-esperar-agua\\\/\"},\"author\":{\"name\":\"Sebastian\",\"@id\":\"https:\\\/\\\/informelitoral.com.ar\\\/#\\\/schema\\\/person\\\/f05f9f461677119578717524b127d6d5\"},\"headline\":\"El campo vuelve a esperar agua\",\"datePublished\":\"2024-01-31T15:12:09+00:00\",\"dateModified\":\"2024-01-31T22:02:56+00:00\",\"mainEntityOfPage\":{\"@id\":\"https:\\\/\\\/informelitoral.com.ar\\\/el-campo-vuelve-a-esperar-agua\\\/\"},\"wordCount\":274,\"commentCount\":0,\"publisher\":{\"@id\":\"https:\\\/\\\/informelitoral.com.ar\\\/#organization\"},\"image\":{\"@id\":\"https:\\\/\\\/informelitoral.com.ar\\\/el-campo-vuelve-a-esperar-agua\\\/#primaryimage\"},\"thumbnailUrl\":\"https:\\\/\\\/informelitoral.com.ar\\\/%77%70%2d%63%6f%6e%74%65%6e%74\\\/uploads\\\/2024\\\/01\\\/md-hasanuzzaman-himel-mz278SNa2ek-unsplash-scaled-1.jpg\",\"keywords\":[\"Reservas H\u00eddricas\",\"Sequ\u00eda\"],\"articleSection\":[\"Campo\"],\"inLanguage\":\"es\",\"potentialAction\":[{\"@type\":\"CommentAction\",\"name\":\"Comment\",\"target\":[\"https:\\\/\\\/informelitoral.com.ar\\\/el-campo-vuelve-a-esperar-agua\\\/#respond\"]}]},{\"@type\":\"WebPage\",\"@id\":\"https:\\\/\\\/informelitoral.com.ar\\\/el-campo-vuelve-a-esperar-agua\\\/\",\"url\":\"https:\\\/\\\/informelitoral.com.ar\\\/el-campo-vuelve-a-esperar-agua\\\/\",\"name\":\"El campo vuelve a esperar agua - Informe Litoral\",\"isPartOf\":{\"@id\":\"https:\\\/\\\/informelitoral.com.ar\\\/#website\"},\"primaryImageOfPage\":{\"@id\":\"https:\\\/\\\/informelitoral.com.ar\\\/el-campo-vuelve-a-esperar-agua\\\/#primaryimage\"},\"image\":{\"@id\":\"https:\\\/\\\/informelitoral.com.ar\\\/el-campo-vuelve-a-esperar-agua\\\/#primaryimage\"},\"thumbnailUrl\":\"https:\\\/\\\/informelitoral.com.ar\\\/%77%70%2d%63%6f%6e%74%65%6e%74\\\/uploads\\\/2024\\\/01\\\/md-hasanuzzaman-himel-mz278SNa2ek-unsplash-scaled-1.jpg\",\"datePublished\":\"2024-01-31T15:12:09+00:00\",\"dateModified\":\"2024-01-31T22:02:56+00:00\",\"breadcrumb\":{\"@id\":\"https:\\\/\\\/informelitoral.com.ar\\\/el-campo-vuelve-a-esperar-agua\\\/#breadcrumb\"},\"inLanguage\":\"es\",\"potentialAction\":[{\"@type\":\"ReadAction\",\"target\":[\"https:\\\/\\\/informelitoral.com.ar\\\/el-campo-vuelve-a-esperar-agua\\\/\"]}]},{\"@type\":\"ImageObject\",\"inLanguage\":\"es\",\"@id\":\"https:\\\/\\\/informelitoral.com.ar\\\/el-campo-vuelve-a-esperar-agua\\\/#primaryimage\",\"url\":\"https:\\\/\\\/informelitoral.com.ar\\\/%77%70%2d%63%6f%6e%74%65%6e%74\\\/uploads\\\/2024\\\/01\\\/md-hasanuzzaman-himel-mz278SNa2ek-unsplash-scaled-1.jpg\",\"contentUrl\":\"https:\\\/\\\/informelitoral.com.ar\\\/%77%70%2d%63%6f%6e%74%65%6e%74\\\/uploads\\\/2024\\\/01\\\/md-hasanuzzaman-himel-mz278SNa2ek-unsplash-scaled-1.jpg\",\"width\":2560,\"height\":1920},{\"@type\":\"BreadcrumbList\",\"@id\":\"https:\\\/\\\/informelitoral.com.ar\\\/el-campo-vuelve-a-esperar-agua\\\/#breadcrumb\",\"itemListElement\":[{\"@type\":\"ListItem\",\"position\":1,\"name\":\"Portada\",\"item\":\"https:\\\/\\\/informelitoral.com.ar\\\/\"},{\"@type\":\"ListItem\",\"position\":2,\"name\":\"El campo vuelve a esperar agua\"}]},{\"@type\":\"WebSite\",\"@id\":\"https:\\\/\\\/informelitoral.com.ar\\\/#website\",\"url\":\"https:\\\/\\\/informelitoral.com.ar\\\/\",\"name\":\"Informe Litoral\",\"description\":\"&quot;Nos informamos&quot; \",\"publisher\":{\"@id\":\"https:\\\/\\\/informelitoral.com.ar\\\/#organization\"},\"potentialAction\":[{\"@type\":\"SearchAction\",\"target\":{\"@type\":\"EntryPoint\",\"urlTemplate\":\"https:\\\/\\\/informelitoral.com.ar\\\/?s={search_term_string}\"},\"query-input\":{\"@type\":\"PropertyValueSpecification\",\"valueRequired\":true,\"valueName\":\"search_term_string\"}}],\"inLanguage\":\"es\"},{\"@type\":\"Organization\",\"@id\":\"https:\\\/\\\/informelitoral.com.ar\\\/#organization\",\"name\":\"Informe Litoral\",\"url\":\"https:\\\/\\\/informelitoral.com.ar\\\/\",\"logo\":{\"@type\":\"ImageObject\",\"inLanguage\":\"es\",\"@id\":\"https:\\\/\\\/informelitoral.com.ar\\\/#\\\/schema\\\/logo\\\/image\\\/\",\"url\":\"https:\\\/\\\/informelitoral.com.ar\\\/%77%70%2d%63%6f%6e%74%65%6e%74\\\/uploads\\\/2021\\\/01\\\/circulo.png\",\"contentUrl\":\"https:\\\/\\\/informelitoral.com.ar\\\/%77%70%2d%63%6f%6e%74%65%6e%74\\\/uploads\\\/2021\\\/01\\\/circulo.png\",\"width\":723,\"height\":731,\"caption\":\"Informe Litoral\"},\"image\":{\"@id\":\"https:\\\/\\\/informelitoral.com.ar\\\/#\\\/schema\\\/logo\\\/image\\\/\"},\"sameAs\":[\"https:\\\/\\\/www.facebook.com\\\/informelitoral\\\/\",\"https:\\\/\\\/x.com\\\/InformeLitoral\",\"https:\\\/\\\/www.instagram.com\\\/informelitoral\\\/\",\"https:\\\/\\\/www.youtube.com\\\/channel\\\/UCua4Qvz8Icb6MYqhoq9xLXw\"]},{\"@type\":\"Person\",\"@id\":\"https:\\\/\\\/informelitoral.com.ar\\\/#\\\/schema\\\/person\\\/f05f9f461677119578717524b127d6d5\",\"name\":\"Sebastian\",\"image\":{\"@type\":\"ImageObject\",\"inLanguage\":\"es\",\"@id\":\"https:\\\/\\\/secure.gravatar.com\\\/avatar\\\/b71bf7481d447dfb9583c7f2798e7cc64de6efb9067b74633ed8c31059a3bd82?s=96&d=mm&r=g\",\"url\":\"https:\\\/\\\/secure.gravatar.com\\\/avatar\\\/b71bf7481d447dfb9583c7f2798e7cc64de6efb9067b74633ed8c31059a3bd82?s=96&d=mm&r=g\",\"contentUrl\":\"https:\\\/\\\/secure.gravatar.com\\\/avatar\\\/b71bf7481d447dfb9583c7f2798e7cc64de6efb9067b74633ed8c31059a3bd82?s=96&d=mm&r=g\",\"caption\":\"Sebastian\"},\"url\":\"https:\\\/\\\/informelitoral.com.ar\\\/author\\\/sebastian\\\/\"}]}<\/script>","yoast_head_json":{"title":"El campo vuelve a esperar agua - Informe Litoral","robots":{"index":"index","follow":"follow","max-snippet":"max-snippet:-1","max-image-preview":"max-image-preview:large","max-video-preview":"max-video-preview:-1"},"canonical":"https:\/\/informelitoral.com.ar\/el-campo-vuelve-a-esperar-agua\/","og_locale":"es_ES","og_type":"article","og_title":"El campo vuelve a esperar agua - Informe Litoral","og_description":"Con la ausencia de lluvias y el notable aumento de temperaturas, se esfuman las reservas h\u00eddricas. La soja es la que m\u00e1s necesita de las precipitaciones en esta etapa.","og_url":"https:\/\/informelitoral.com.ar\/el-campo-vuelve-a-esperar-agua\/","og_site_name":"Informe Litoral","article_publisher":"https:\/\/www.facebook.com\/informelitoral\/","article_published_time":"2024-01-31T15:12:09+00:00","article_modified_time":"2024-01-31T22:02:56+00:00","og_image":[{"width":2560,"height":1920,"url":"https:\/\/informelitoral.com.ar\/%77%70%2d%63%6f%6e%74%65%6e%74\/uploads\/2024\/01\/md-hasanuzzaman-himel-mz278SNa2ek-unsplash-scaled-1.jpg","type":"image\/jpeg"}],"author":"Sebastian","twitter_card":"summary_large_image","twitter_creator":"@InformeLitoral","twitter_site":"@InformeLitoral","twitter_misc":{"Escrito por":"Sebastian","Tiempo de lectura":"1 minuto"},"schema":{"@context":"https:\/\/schema.org","@graph":[{"@type":"Article","@id":"https:\/\/informelitoral.com.ar\/el-campo-vuelve-a-esperar-agua\/#article","isPartOf":{"@id":"https:\/\/informelitoral.com.ar\/el-campo-vuelve-a-esperar-agua\/"},"author":{"name":"Sebastian","@id":"https:\/\/informelitoral.com.ar\/#\/schema\/person\/f05f9f461677119578717524b127d6d5"},"headline":"El campo vuelve a esperar agua","datePublished":"2024-01-31T15:12:09+00:00","dateModified":"2024-01-31T22:02:56+00:00","mainEntityOfPage":{"@id":"https:\/\/informelitoral.com.ar\/el-campo-vuelve-a-esperar-agua\/"},"wordCount":274,"commentCount":0,"publisher":{"@id":"https:\/\/informelitoral.com.ar\/#organization"},"image":{"@id":"https:\/\/informelitoral.com.ar\/el-campo-vuelve-a-esperar-agua\/#primaryimage"},"thumbnailUrl":"https:\/\/informelitoral.com.ar\/%77%70%2d%63%6f%6e%74%65%6e%74\/uploads\/2024\/01\/md-hasanuzzaman-himel-mz278SNa2ek-unsplash-scaled-1.jpg","keywords":["Reservas H\u00eddricas","Sequ\u00eda"],"articleSection":["Campo"],"inLanguage":"es","potentialAction":[{"@type":"CommentAction","name":"Comment","target":["https:\/\/informelitoral.com.ar\/el-campo-vuelve-a-esperar-agua\/#respond"]}]},{"@type":"WebPage","@id":"https:\/\/informelitoral.com.ar\/el-campo-vuelve-a-esperar-agua\/","url":"https:\/\/informelitoral.com.ar\/el-campo-vuelve-a-esperar-agua\/","name":"El campo vuelve a esperar agua - Informe Litoral","isPartOf":{"@id":"https:\/\/informelitoral.com.ar\/#website"},"primaryImageOfPage":{"@id":"https:\/\/informelitoral.com.ar\/el-campo-vuelve-a-esperar-agua\/#primaryimage"},"image":{"@id":"https:\/\/informelitoral.com.ar\/el-campo-vuelve-a-esperar-agua\/#primaryimage"},"thumbnailUrl":"https:\/\/informelitoral.com.ar\/%77%70%2d%63%6f%6e%74%65%6e%74\/uploads\/2024\/01\/md-hasanuzzaman-himel-mz278SNa2ek-unsplash-scaled-1.jpg","datePublished":"2024-01-31T15:12:09+00:00","dateModified":"2024-01-31T22:02:56+00:00","breadcrumb":{"@id":"https:\/\/informelitoral.com.ar\/el-campo-vuelve-a-esperar-agua\/#breadcrumb"},"inLanguage":"es","potentialAction":[{"@type":"ReadAction","target":["https:\/\/informelitoral.com.ar\/el-campo-vuelve-a-esperar-agua\/"]}]},{"@type":"ImageObject","inLanguage":"es","@id":"https:\/\/informelitoral.com.ar\/el-campo-vuelve-a-esperar-agua\/#primaryimage","url":"https:\/\/informelitoral.com.ar\/%77%70%2d%63%6f%6e%74%65%6e%74\/uploads\/2024\/01\/md-hasanuzzaman-himel-mz278SNa2ek-unsplash-scaled-1.jpg","contentUrl":"https:\/\/informelitoral.com.ar\/%77%70%2d%63%6f%6e%74%65%6e%74\/uploads\/2024\/01\/md-hasanuzzaman-himel-mz278SNa2ek-unsplash-scaled-1.jpg","width":2560,"height":1920},{"@type":"BreadcrumbList","@id":"https:\/\/informelitoral.com.ar\/el-campo-vuelve-a-esperar-agua\/#breadcrumb","itemListElement":[{"@type":"ListItem","position":1,"name":"Portada","item":"https:\/\/informelitoral.com.ar\/"},{"@type":"ListItem","position":2,"name":"El campo vuelve a esperar agua"}]},{"@type":"WebSite","@id":"https:\/\/informelitoral.com.ar\/#website","url":"https:\/\/informelitoral.com.ar\/","name":"Informe Litoral","description":"&quot;Nos informamos&quot; ","publisher":{"@id":"https:\/\/informelitoral.com.ar\/#organization"},"potentialAction":[{"@type":"SearchAction","target":{"@type":"EntryPoint","urlTemplate":"https:\/\/informelitoral.com.ar\/?s={search_term_string}"},"query-input":{"@type":"PropertyValueSpecification","valueRequired":true,"valueName":"search_term_string"}}],"inLanguage":"es"},{"@type":"Organization","@id":"https:\/\/informelitoral.com.ar\/#organization","name":"Informe Litoral","url":"https:\/\/informelitoral.com.ar\/","logo":{"@type":"ImageObject","inLanguage":"es","@id":"https:\/\/informelitoral.com.ar\/#\/schema\/logo\/image\/","url":"https:\/\/informelitoral.com.ar\/%77%70%2d%63%6f%6e%74%65%6e%74\/uploads\/2021\/01\/circulo.png","contentUrl":"https:\/\/informelitoral.com.ar\/%77%70%2d%63%6f%6e%74%65%6e%74\/uploads\/2021\/01\/circulo.png","width":723,"height":731,"caption":"Informe Litoral"},"image":{"@id":"https:\/\/informelitoral.com.ar\/#\/schema\/logo\/image\/"},"sameAs":["https:\/\/www.facebook.com\/informelitoral\/","https:\/\/x.com\/InformeLitoral","https:\/\/www.instagram.com\/informelitoral\/","https:\/\/www.youtube.com\/channel\/UCua4Qvz8Icb6MYqhoq9xLXw"]},{"@type":"Person","@id":"https:\/\/informelitoral.com.ar\/#\/schema\/person\/f05f9f461677119578717524b127d6d5","name":"Sebastian","image":{"@type":"ImageObject","inLanguage":"es","@id":"https:\/\/secure.gravatar.com\/avatar\/b71bf7481d447dfb9583c7f2798e7cc64de6efb9067b74633ed8c31059a3bd82?s=96&d=mm&r=g","url":"https:\/\/secure.gravatar.com\/avatar\/b71bf7481d447dfb9583c7f2798e7cc64de6efb9067b74633ed8c31059a3bd82?s=96&d=mm&r=g","contentUrl":"https:\/\/secure.gravatar.com\/avatar\/b71bf7481d447dfb9583c7f2798e7cc64de6efb9067b74633ed8c31059a3bd82?s=96&d=mm&r=g","caption":"Sebastian"},"url":"https:\/\/informelitoral.com.ar\/author\/sebastian\/"}]}},"_links":{"self":[{"href":"https:\/\/informelitoral.com.ar\/%77%70%2d%6a%73%6f%6e\/wp\/v2\/posts\/180362","targetHints":{"allow":["GET"]}}],"collection":[{"href":"https:\/\/informelitoral.com.ar\/%77%70%2d%6a%73%6f%6e\/wp\/v2\/posts"}],"about":[{"href":"https:\/\/informelitoral.com.ar\/%77%70%2d%6a%73%6f%6e\/wp\/v2\/types\/post"}],"author":[{"embeddable":true,"href":"https:\/\/informelitoral.com.ar\/%77%70%2d%6a%73%6f%6e\/wp\/v2\/users\/8"}],"replies":[{"embeddable":true,"href":"https:\/\/informelitoral.com.ar\/%77%70%2d%6a%73%6f%6e\/wp\/v2\/comments?post=180362"}],"version-history":[{"count":0,"href":"https:\/\/informelitoral.com.ar\/%77%70%2d%6a%73%6f%6e\/wp\/v2\/posts\/180362\/revisions"}],"wp:featuredmedia":[{"embeddable":true,"href":"https:\/\/informelitoral.com.ar\/%77%70%2d%6a%73%6f%6e\/wp\/v2\/media\/180364"}],"wp:attachment":[{"href":"https:\/\/informelitoral.com.ar\/%77%70%2d%6a%73%6f%6e\/wp\/v2\/media?parent=180362"}],"wp:term":[{"taxonomy":"category","embeddable":true,"href":"https:\/\/informelitoral.com.ar\/%77%70%2d%6a%73%6f%6e\/wp\/v2\/categories?post=180362"},{"taxonomy":"post_tag","embeddable":true,"href":"https:\/\/informelitoral.com.ar\/%77%70%2d%6a%73%6f%6e\/wp\/v2\/tags?post=180362"}],"curies":[{"name":"wp","href":"https:\/\/api.w.org\/{rel}","templated":true}]}}