{"id":180306,"date":"2024-01-31T10:49:25","date_gmt":"2024-01-31T13:49:25","guid":{"rendered":"https:\/\/www.informelitoral.com.ar\/?p=180306"},"modified":"2024-01-31T19:08:49","modified_gmt":"2024-01-31T22:08:49","slug":"concursaran-tres-cargos-docentes-de-supervisores-departamentales-para-diamante","status":"publish","type":"post","link":"https:\/\/informelitoral.com.ar\/concursaran-tres-cargos-docentes-de-supervisores-departamentales-para-diamante\/","title":{"rendered":"Concursar\u00e1n tres cargos docentes de Supervisores Departamentales para Diamante"},"content":{"rendered":"<p>La pol\u00edtica educativa de la provincia de Entre R\u00edos fija como prioritario asegurar el ascenso en la carrera docente, con estabilidad del personal que se desempe\u00f1a en las instituciones educativas dependientes del Consejo General de Educaci\u00f3n.<\/p>\n<p>Quienes se desempe\u00f1an en la docencia tienen un rol central en el proceso de ense\u00f1anza, aprendizaje y acompa\u00f1amiento de las trayectorias de los estudiantes. En ese marco de jerarquizaci\u00f3n, un importante n\u00famero de docentes con examen de oposici\u00f3n vigente aprobado para el cargo de supervisor se encuentran en condiciones de realizar ascenso, pase y traslado.<\/p>\n<p>La adjudicaci\u00f3n de cargos se realizar\u00e1 el 9 de febrero pr\u00f3ximo desde las 9 horas, para el nivel secundario, y a partir de las 11 para educaci\u00f3n primaria en el edificio ubicado en C\u00f3rdoba y Laprida de la ciudad de Paran\u00e1. La toma de posesi\u00f3n se realizar\u00e1 de forma inmediata.<\/p>\n<p>En tanto que los cargos vacantes de educaci\u00f3n primaria corresponden a los departamentos Col\u00f3n (un total de 3), Concordia (3), Diamante (3), Federal (2), Feliciano (2), Gualeguay (3), Islas del Ibicuy (1), La Paz (8), Paran\u00e1 (3), San Salvador (1), Uruguay (5) y Villaguay (4).<\/p>\n<p>Cada cargo que se concursa genera una vacante, el cual se adjudicar\u00e1 en ese mismo acto.<\/p>\n<p>Para m\u00e1s informaci\u00f3n, acceder a la siguiente p\u00e1gina web:\u00a0<a href=\"https:\/\/cge.entrerios.gov.ar\/\" target=\"_blank\" rel=\"noopener\">https:\/\/cge.entrerios.gov.ar\/.<\/a><\/p>\n","protected":false},"excerpt":{"rendered":"<p>En el marco de la jerarquizaci\u00f3n de la carrera docente se concursar\u00e1n 38 cargos de supervisores para el nivel primario y ocho para el secundario. Ser\u00e1 el 9 de febrero en el auditorio General San Mart\u00edn del Consejo General de Educaci\u00f3n (CGE) en Paran\u00e1.<\/p>\n","protected":false},"author":8,"featured_media":180308,"comment_status":"open","ping_status":"open","sticky":false,"template":"","format":"standard","meta":{"fifu_image_url":"","fifu_image_alt":"","footnotes":""},"categories":[5,6],"tags":[4629,439,34],"class_list":{"0":"post-180306","1":"post","2":"type-post","3":"status-publish","4":"format-standard","5":"has-post-thumbnail","7":"category-zonales","8":"category-entre-rios","9":"tag-cargo-docente","10":"tag-concurso","11":"tag-diamante"},"yoast_head":"<title>Concursar\u00e1n tres cargos docentes de Supervisores Departamentales para Diamante - Informe Litoral<\/title>\n<meta name=\"robots\" content=\"index, follow, max-snippet:-1, max-image-preview:large, max-video-preview:-1\" \/>\n<link rel=\"canonical\" href=\"https:\/\/informelitoral.com.ar\/concursaran-tres-cargos-docentes-de-supervisores-departamentales-para-diamante\/\" \/>\n<meta property=\"og:locale\" content=\"es_ES\" \/>\n<meta property=\"og:type\" content=\"article\" \/>\n<meta property=\"og:title\" content=\"Concursar\u00e1n tres cargos docentes de Supervisores Departamentales para Diamante - Informe Litoral\" \/>\n<meta property=\"og:description\" content=\"En el marco de la jerarquizaci\u00f3n de la carrera docente se concursar\u00e1n 38 cargos de supervisores para el nivel primario y ocho para el secundario. Ser\u00e1 el 9 de febrero en el auditorio General San Mart\u00edn del Consejo General de Educaci\u00f3n (CGE) en Paran\u00e1.\" \/>\n<meta property=\"og:url\" content=\"https:\/\/informelitoral.com.ar\/concursaran-tres-cargos-docentes-de-supervisores-departamentales-para-diamante\/\" \/>\n<meta property=\"og:site_name\" content=\"Informe Litoral\" \/>\n<meta property=\"article:publisher\" content=\"https:\/\/www.facebook.com\/informelitoral\/\" \/>\n<meta property=\"article:published_time\" content=\"2024-01-31T13:49:25+00:00\" \/>\n<meta property=\"article:modified_time\" content=\"2024-01-31T22:08:49+00:00\" \/>\n<meta property=\"og:image\" content=\"https:\/\/informelitoral.com.ar\/%77%70%2d%63%6f%6e%74%65%6e%74\/uploads\/2024\/01\/p_1706627502-1024x427.png\" \/>\n\t<meta property=\"og:image:width\" content=\"1024\" \/>\n\t<meta property=\"og:image:height\" content=\"427\" \/>\n\t<meta property=\"og:image:type\" content=\"image\/png\" \/>\n<meta name=\"author\" content=\"Sebastian\" \/>\n<meta name=\"twitter:card\" content=\"summary_large_image\" \/>\n<meta name=\"twitter:creator\" content=\"@InformeLitoral\" \/>\n<meta name=\"twitter:site\" content=\"@InformeLitoral\" \/>\n<meta name=\"twitter:label1\" content=\"Escrito por\" \/>\n\t<meta name=\"twitter:data1\" content=\"Sebastian\" \/>\n\t<meta name=\"twitter:label2\" content=\"Tiempo de lectura\" \/>\n\t<meta name=\"twitter:data2\" content=\"1 minuto\" \/>\n<script type=\"application\/ld+json\" class=\"yoast-schema-graph\">{\"@context\":\"https:\\\/\\\/schema.org\",\"@graph\":[{\"@type\":\"Article\",\"@id\":\"https:\\\/\\\/informelitoral.com.ar\\\/concursaran-tres-cargos-docentes-de-supervisores-departamentales-para-diamante\\\/#article\",\"isPartOf\":{\"@id\":\"https:\\\/\\\/informelitoral.com.ar\\\/concursaran-tres-cargos-docentes-de-supervisores-departamentales-para-diamante\\\/\"},\"author\":{\"name\":\"Sebastian\",\"@id\":\"https:\\\/\\\/informelitoral.com.ar\\\/#\\\/schema\\\/person\\\/f05f9f461677119578717524b127d6d5\"},\"headline\":\"Concursar\u00e1n tres cargos docentes de Supervisores Departamentales para Diamante\",\"datePublished\":\"2024-01-31T13:49:25+00:00\",\"dateModified\":\"2024-01-31T22:08:49+00:00\",\"mainEntityOfPage\":{\"@id\":\"https:\\\/\\\/informelitoral.com.ar\\\/concursaran-tres-cargos-docentes-de-supervisores-departamentales-para-diamante\\\/\"},\"wordCount\":231,\"commentCount\":0,\"publisher\":{\"@id\":\"https:\\\/\\\/informelitoral.com.ar\\\/#organization\"},\"image\":{\"@id\":\"https:\\\/\\\/informelitoral.com.ar\\\/concursaran-tres-cargos-docentes-de-supervisores-departamentales-para-diamante\\\/#primaryimage\"},\"thumbnailUrl\":\"https:\\\/\\\/informelitoral.com.ar\\\/%77%70%2d%63%6f%6e%74%65%6e%74\\\/uploads\\\/2024\\\/01\\\/p_1706627502.png\",\"keywords\":[\"Cargo Docente\",\"Concurso\",\"Diamante\"],\"articleSection\":[\"Departamento Diamante\",\"Entre R\u00edos\"],\"inLanguage\":\"es\",\"potentialAction\":[{\"@type\":\"CommentAction\",\"name\":\"Comment\",\"target\":[\"https:\\\/\\\/informelitoral.com.ar\\\/concursaran-tres-cargos-docentes-de-supervisores-departamentales-para-diamante\\\/#respond\"]}]},{\"@type\":\"WebPage\",\"@id\":\"https:\\\/\\\/informelitoral.com.ar\\\/concursaran-tres-cargos-docentes-de-supervisores-departamentales-para-diamante\\\/\",\"url\":\"https:\\\/\\\/informelitoral.com.ar\\\/concursaran-tres-cargos-docentes-de-supervisores-departamentales-para-diamante\\\/\",\"name\":\"Concursar\u00e1n tres cargos docentes de Supervisores Departamentales para Diamante - Informe Litoral\",\"isPartOf\":{\"@id\":\"https:\\\/\\\/informelitoral.com.ar\\\/#website\"},\"primaryImageOfPage\":{\"@id\":\"https:\\\/\\\/informelitoral.com.ar\\\/concursaran-tres-cargos-docentes-de-supervisores-departamentales-para-diamante\\\/#primaryimage\"},\"image\":{\"@id\":\"https:\\\/\\\/informelitoral.com.ar\\\/concursaran-tres-cargos-docentes-de-supervisores-departamentales-para-diamante\\\/#primaryimage\"},\"thumbnailUrl\":\"https:\\\/\\\/informelitoral.com.ar\\\/%77%70%2d%63%6f%6e%74%65%6e%74\\\/uploads\\\/2024\\\/01\\\/p_1706627502.png\",\"datePublished\":\"2024-01-31T13:49:25+00:00\",\"dateModified\":\"2024-01-31T22:08:49+00:00\",\"breadcrumb\":{\"@id\":\"https:\\\/\\\/informelitoral.com.ar\\\/concursaran-tres-cargos-docentes-de-supervisores-departamentales-para-diamante\\\/#breadcrumb\"},\"inLanguage\":\"es\",\"potentialAction\":[{\"@type\":\"ReadAction\",\"target\":[\"https:\\\/\\\/informelitoral.com.ar\\\/concursaran-tres-cargos-docentes-de-supervisores-departamentales-para-diamante\\\/\"]}]},{\"@type\":\"ImageObject\",\"inLanguage\":\"es\",\"@id\":\"https:\\\/\\\/informelitoral.com.ar\\\/concursaran-tres-cargos-docentes-de-supervisores-departamentales-para-diamante\\\/#primaryimage\",\"url\":\"https:\\\/\\\/informelitoral.com.ar\\\/%77%70%2d%63%6f%6e%74%65%6e%74\\\/uploads\\\/2024\\\/01\\\/p_1706627502.png\",\"contentUrl\":\"https:\\\/\\\/informelitoral.com.ar\\\/%77%70%2d%63%6f%6e%74%65%6e%74\\\/uploads\\\/2024\\\/01\\\/p_1706627502.png\",\"width\":1920,\"height\":800},{\"@type\":\"BreadcrumbList\",\"@id\":\"https:\\\/\\\/informelitoral.com.ar\\\/concursaran-tres-cargos-docentes-de-supervisores-departamentales-para-diamante\\\/#breadcrumb\",\"itemListElement\":[{\"@type\":\"ListItem\",\"position\":1,\"name\":\"Portada\",\"item\":\"https:\\\/\\\/informelitoral.com.ar\\\/\"},{\"@type\":\"ListItem\",\"position\":2,\"name\":\"Concursar\u00e1n tres cargos docentes de Supervisores Departamentales para Diamante\"}]},{\"@type\":\"WebSite\",\"@id\":\"https:\\\/\\\/informelitoral.com.ar\\\/#website\",\"url\":\"https:\\\/\\\/informelitoral.com.ar\\\/\",\"name\":\"Informe Litoral\",\"description\":\"&quot;Nos informamos&quot; \",\"publisher\":{\"@id\":\"https:\\\/\\\/informelitoral.com.ar\\\/#organization\"},\"potentialAction\":[{\"@type\":\"SearchAction\",\"target\":{\"@type\":\"EntryPoint\",\"urlTemplate\":\"https:\\\/\\\/informelitoral.com.ar\\\/?s={search_term_string}\"},\"query-input\":{\"@type\":\"PropertyValueSpecification\",\"valueRequired\":true,\"valueName\":\"search_term_string\"}}],\"inLanguage\":\"es\"},{\"@type\":\"Organization\",\"@id\":\"https:\\\/\\\/informelitoral.com.ar\\\/#organization\",\"name\":\"Informe Litoral\",\"url\":\"https:\\\/\\\/informelitoral.com.ar\\\/\",\"logo\":{\"@type\":\"ImageObject\",\"inLanguage\":\"es\",\"@id\":\"https:\\\/\\\/informelitoral.com.ar\\\/#\\\/schema\\\/logo\\\/image\\\/\",\"url\":\"https:\\\/\\\/informelitoral.com.ar\\\/%77%70%2d%63%6f%6e%74%65%6e%74\\\/uploads\\\/2021\\\/01\\\/circulo.png\",\"contentUrl\":\"https:\\\/\\\/informelitoral.com.ar\\\/%77%70%2d%63%6f%6e%74%65%6e%74\\\/uploads\\\/2021\\\/01\\\/circulo.png\",\"width\":723,\"height\":731,\"caption\":\"Informe Litoral\"},\"image\":{\"@id\":\"https:\\\/\\\/informelitoral.com.ar\\\/#\\\/schema\\\/logo\\\/image\\\/\"},\"sameAs\":[\"https:\\\/\\\/www.facebook.com\\\/informelitoral\\\/\",\"https:\\\/\\\/x.com\\\/InformeLitoral\",\"https:\\\/\\\/www.instagram.com\\\/informelitoral\\\/\",\"https:\\\/\\\/www.youtube.com\\\/channel\\\/UCua4Qvz8Icb6MYqhoq9xLXw\"]},{\"@type\":\"Person\",\"@id\":\"https:\\\/\\\/informelitoral.com.ar\\\/#\\\/schema\\\/person\\\/f05f9f461677119578717524b127d6d5\",\"name\":\"Sebastian\",\"image\":{\"@type\":\"ImageObject\",\"inLanguage\":\"es\",\"@id\":\"https:\\\/\\\/secure.gravatar.com\\\/avatar\\\/b71bf7481d447dfb9583c7f2798e7cc64de6efb9067b74633ed8c31059a3bd82?s=96&d=mm&r=g\",\"url\":\"https:\\\/\\\/secure.gravatar.com\\\/avatar\\\/b71bf7481d447dfb9583c7f2798e7cc64de6efb9067b74633ed8c31059a3bd82?s=96&d=mm&r=g\",\"contentUrl\":\"https:\\\/\\\/secure.gravatar.com\\\/avatar\\\/b71bf7481d447dfb9583c7f2798e7cc64de6efb9067b74633ed8c31059a3bd82?s=96&d=mm&r=g\",\"caption\":\"Sebastian\"},\"url\":\"https:\\\/\\\/informelitoral.com.ar\\\/author\\\/sebastian\\\/\"}]}<\/script>","yoast_head_json":{"title":"Concursar\u00e1n tres cargos docentes de Supervisores Departamentales para Diamante - Informe Litoral","robots":{"index":"index","follow":"follow","max-snippet":"max-snippet:-1","max-image-preview":"max-image-preview:large","max-video-preview":"max-video-preview:-1"},"canonical":"https:\/\/informelitoral.com.ar\/concursaran-tres-cargos-docentes-de-supervisores-departamentales-para-diamante\/","og_locale":"es_ES","og_type":"article","og_title":"Concursar\u00e1n tres cargos docentes de Supervisores Departamentales para Diamante - Informe Litoral","og_description":"En el marco de la jerarquizaci\u00f3n de la carrera docente se concursar\u00e1n 38 cargos de supervisores para el nivel primario y ocho para el secundario. Ser\u00e1 el 9 de febrero en el auditorio General San Mart\u00edn del Consejo General de Educaci\u00f3n (CGE) en Paran\u00e1.","og_url":"https:\/\/informelitoral.com.ar\/concursaran-tres-cargos-docentes-de-supervisores-departamentales-para-diamante\/","og_site_name":"Informe Litoral","article_publisher":"https:\/\/www.facebook.com\/informelitoral\/","article_published_time":"2024-01-31T13:49:25+00:00","article_modified_time":"2024-01-31T22:08:49+00:00","og_image":[{"width":1024,"height":427,"url":"https:\/\/informelitoral.com.ar\/%77%70%2d%63%6f%6e%74%65%6e%74\/uploads\/2024\/01\/p_1706627502-1024x427.png","type":"image\/png"}],"author":"Sebastian","twitter_card":"summary_large_image","twitter_creator":"@InformeLitoral","twitter_site":"@InformeLitoral","twitter_misc":{"Escrito por":"Sebastian","Tiempo de lectura":"1 minuto"},"schema":{"@context":"https:\/\/schema.org","@graph":[{"@type":"Article","@id":"https:\/\/informelitoral.com.ar\/concursaran-tres-cargos-docentes-de-supervisores-departamentales-para-diamante\/#article","isPartOf":{"@id":"https:\/\/informelitoral.com.ar\/concursaran-tres-cargos-docentes-de-supervisores-departamentales-para-diamante\/"},"author":{"name":"Sebastian","@id":"https:\/\/informelitoral.com.ar\/#\/schema\/person\/f05f9f461677119578717524b127d6d5"},"headline":"Concursar\u00e1n tres cargos docentes de Supervisores Departamentales para Diamante","datePublished":"2024-01-31T13:49:25+00:00","dateModified":"2024-01-31T22:08:49+00:00","mainEntityOfPage":{"@id":"https:\/\/informelitoral.com.ar\/concursaran-tres-cargos-docentes-de-supervisores-departamentales-para-diamante\/"},"wordCount":231,"commentCount":0,"publisher":{"@id":"https:\/\/informelitoral.com.ar\/#organization"},"image":{"@id":"https:\/\/informelitoral.com.ar\/concursaran-tres-cargos-docentes-de-supervisores-departamentales-para-diamante\/#primaryimage"},"thumbnailUrl":"https:\/\/informelitoral.com.ar\/%77%70%2d%63%6f%6e%74%65%6e%74\/uploads\/2024\/01\/p_1706627502.png","keywords":["Cargo Docente","Concurso","Diamante"],"articleSection":["Departamento Diamante","Entre R\u00edos"],"inLanguage":"es","potentialAction":[{"@type":"CommentAction","name":"Comment","target":["https:\/\/informelitoral.com.ar\/concursaran-tres-cargos-docentes-de-supervisores-departamentales-para-diamante\/#respond"]}]},{"@type":"WebPage","@id":"https:\/\/informelitoral.com.ar\/concursaran-tres-cargos-docentes-de-supervisores-departamentales-para-diamante\/","url":"https:\/\/informelitoral.com.ar\/concursaran-tres-cargos-docentes-de-supervisores-departamentales-para-diamante\/","name":"Concursar\u00e1n tres cargos docentes de Supervisores Departamentales para Diamante - Informe Litoral","isPartOf":{"@id":"https:\/\/informelitoral.com.ar\/#website"},"primaryImageOfPage":{"@id":"https:\/\/informelitoral.com.ar\/concursaran-tres-cargos-docentes-de-supervisores-departamentales-para-diamante\/#primaryimage"},"image":{"@id":"https:\/\/informelitoral.com.ar\/concursaran-tres-cargos-docentes-de-supervisores-departamentales-para-diamante\/#primaryimage"},"thumbnailUrl":"https:\/\/informelitoral.com.ar\/%77%70%2d%63%6f%6e%74%65%6e%74\/uploads\/2024\/01\/p_1706627502.png","datePublished":"2024-01-31T13:49:25+00:00","dateModified":"2024-01-31T22:08:49+00:00","breadcrumb":{"@id":"https:\/\/informelitoral.com.ar\/concursaran-tres-cargos-docentes-de-supervisores-departamentales-para-diamante\/#breadcrumb"},"inLanguage":"es","potentialAction":[{"@type":"ReadAction","target":["https:\/\/informelitoral.com.ar\/concursaran-tres-cargos-docentes-de-supervisores-departamentales-para-diamante\/"]}]},{"@type":"ImageObject","inLanguage":"es","@id":"https:\/\/informelitoral.com.ar\/concursaran-tres-cargos-docentes-de-supervisores-departamentales-para-diamante\/#primaryimage","url":"https:\/\/informelitoral.com.ar\/%77%70%2d%63%6f%6e%74%65%6e%74\/uploads\/2024\/01\/p_1706627502.png","contentUrl":"https:\/\/informelitoral.com.ar\/%77%70%2d%63%6f%6e%74%65%6e%74\/uploads\/2024\/01\/p_1706627502.png","width":1920,"height":800},{"@type":"BreadcrumbList","@id":"https:\/\/informelitoral.com.ar\/concursaran-tres-cargos-docentes-de-supervisores-departamentales-para-diamante\/#breadcrumb","itemListElement":[{"@type":"ListItem","position":1,"name":"Portada","item":"https:\/\/informelitoral.com.ar\/"},{"@type":"ListItem","position":2,"name":"Concursar\u00e1n tres cargos docentes de Supervisores Departamentales para Diamante"}]},{"@type":"WebSite","@id":"https:\/\/informelitoral.com.ar\/#website","url":"https:\/\/informelitoral.com.ar\/","name":"Informe Litoral","description":"&quot;Nos informamos&quot; ","publisher":{"@id":"https:\/\/informelitoral.com.ar\/#organization"},"potentialAction":[{"@type":"SearchAction","target":{"@type":"EntryPoint","urlTemplate":"https:\/\/informelitoral.com.ar\/?s={search_term_string}"},"query-input":{"@type":"PropertyValueSpecification","valueRequired":true,"valueName":"search_term_string"}}],"inLanguage":"es"},{"@type":"Organization","@id":"https:\/\/informelitoral.com.ar\/#organization","name":"Informe Litoral","url":"https:\/\/informelitoral.com.ar\/","logo":{"@type":"ImageObject","inLanguage":"es","@id":"https:\/\/informelitoral.com.ar\/#\/schema\/logo\/image\/","url":"https:\/\/informelitoral.com.ar\/%77%70%2d%63%6f%6e%74%65%6e%74\/uploads\/2021\/01\/circulo.png","contentUrl":"https:\/\/informelitoral.com.ar\/%77%70%2d%63%6f%6e%74%65%6e%74\/uploads\/2021\/01\/circulo.png","width":723,"height":731,"caption":"Informe Litoral"},"image":{"@id":"https:\/\/informelitoral.com.ar\/#\/schema\/logo\/image\/"},"sameAs":["https:\/\/www.facebook.com\/informelitoral\/","https:\/\/x.com\/InformeLitoral","https:\/\/www.instagram.com\/informelitoral\/","https:\/\/www.youtube.com\/channel\/UCua4Qvz8Icb6MYqhoq9xLXw"]},{"@type":"Person","@id":"https:\/\/informelitoral.com.ar\/#\/schema\/person\/f05f9f461677119578717524b127d6d5","name":"Sebastian","image":{"@type":"ImageObject","inLanguage":"es","@id":"https:\/\/secure.gravatar.com\/avatar\/b71bf7481d447dfb9583c7f2798e7cc64de6efb9067b74633ed8c31059a3bd82?s=96&d=mm&r=g","url":"https:\/\/secure.gravatar.com\/avatar\/b71bf7481d447dfb9583c7f2798e7cc64de6efb9067b74633ed8c31059a3bd82?s=96&d=mm&r=g","contentUrl":"https:\/\/secure.gravatar.com\/avatar\/b71bf7481d447dfb9583c7f2798e7cc64de6efb9067b74633ed8c31059a3bd82?s=96&d=mm&r=g","caption":"Sebastian"},"url":"https:\/\/informelitoral.com.ar\/author\/sebastian\/"}]}},"_links":{"self":[{"href":"https:\/\/informelitoral.com.ar\/%77%70%2d%6a%73%6f%6e\/wp\/v2\/posts\/180306","targetHints":{"allow":["GET"]}}],"collection":[{"href":"https:\/\/informelitoral.com.ar\/%77%70%2d%6a%73%6f%6e\/wp\/v2\/posts"}],"about":[{"href":"https:\/\/informelitoral.com.ar\/%77%70%2d%6a%73%6f%6e\/wp\/v2\/types\/post"}],"author":[{"embeddable":true,"href":"https:\/\/informelitoral.com.ar\/%77%70%2d%6a%73%6f%6e\/wp\/v2\/users\/8"}],"replies":[{"embeddable":true,"href":"https:\/\/informelitoral.com.ar\/%77%70%2d%6a%73%6f%6e\/wp\/v2\/comments?post=180306"}],"version-history":[{"count":0,"href":"https:\/\/informelitoral.com.ar\/%77%70%2d%6a%73%6f%6e\/wp\/v2\/posts\/180306\/revisions"}],"wp:featuredmedia":[{"embeddable":true,"href":"https:\/\/informelitoral.com.ar\/%77%70%2d%6a%73%6f%6e\/wp\/v2\/media\/180308"}],"wp:attachment":[{"href":"https:\/\/informelitoral.com.ar\/%77%70%2d%6a%73%6f%6e\/wp\/v2\/media?parent=180306"}],"wp:term":[{"taxonomy":"category","embeddable":true,"href":"https:\/\/informelitoral.com.ar\/%77%70%2d%6a%73%6f%6e\/wp\/v2\/categories?post=180306"},{"taxonomy":"post_tag","embeddable":true,"href":"https:\/\/informelitoral.com.ar\/%77%70%2d%6a%73%6f%6e\/wp\/v2\/tags?post=180306"}],"curies":[{"name":"wp","href":"https:\/\/api.w.org\/{rel}","templated":true}]}}