{"id":179263,"date":"2024-01-22T08:57:37","date_gmt":"2024-01-22T11:57:37","guid":{"rendered":"https:\/\/www.informelitoral.com.ar\/?p=179263"},"modified":"2024-01-23T07:37:04","modified_gmt":"2024-01-23T10:37:04","slug":"presentaron-un-proyecto-de-ley-para-incluir-la-vacuna-contra-el-dengue-en-el-calendario-obligatorio","status":"publish","type":"post","link":"https:\/\/informelitoral.com.ar\/presentaron-un-proyecto-de-ley-para-incluir-la-vacuna-contra-el-dengue-en-el-calendario-obligatorio\/","title":{"rendered":"Presentaron un proyecto de ley para incluir la vacuna contra el Dengue en el calendario obligatorio"},"content":{"rendered":"<p>Los casos de dengue en Argentina aumentaron durante las primeras semanas en 2024 y el bloque de Diputados del PRO present\u00f3 un proyecto de ley para que el Ministerio de Salud logre que los centros m\u00e9dicos p\u00fablicos, obra sociales y prepagas la brinden de manera gratuida y se incluya en el calendario obligatorio.<\/p>\n<p>Quien impuso la iniciativa fue Sabrina Ajmechet y tuvo el apoyo del presidente del PRO en la C\u00e1mara Baja, Cristian Ritondo, Mar\u00eda Sotolano, Sof\u00eda Brambilla, Mart\u00edn Ardohain, Silvana Giudici, Ana Clara Romero, An\u00edbal Tortoriello, Diego Santilli, Gabriel Chumpitaz, Alejandro Finocchiaro, Gabriela Besana, Sergio Capozzi, Ver\u00f3nica Razzini, Fernando Iglesias, Mar\u00eda Eugenia Vidal y H\u00e9ctor Antonio Stefani.<\/p>\n<p>Fue la misma representante de Ciudad de Buenos Aires quien revel\u00f3 su experiencia: \u201cTuve dengue hace casi 10 a\u00f1os, cuando no se sab\u00eda en CABA de qu\u00e9 se trataba ni c\u00f3mo hacer el seguimiento. Nunca me sent\u00ed tan mal en mi vida\u201d.<\/p>\n<p>Explic\u00f3 tambi\u00e9n que el virus deriva de la picadura del Aaedes Aegypty y confirm\u00f3 que el \u00fanico consejo que le dieron es que se ponga repelente contra insectos: \u201cHoy por fin me pude dar la vacuna. No es una vacuna accesible y todos los que tuvimos dengue tenemos que d\u00e1rnosla\u201d.<\/p>\n<p>El esquema de vacunaci\u00f3n consiste en la aplicaci\u00f3n de dos dosis de 0,5ml cada una que deben ser inyectadas en un intervalo de tres meses. Un estudio asegur\u00f3 que puede reducir un 80% de los s\u00edntomas febriles y un 90% los riesgos de hospitalizaci\u00f3n.<\/p>\n<p>Tal y como indica el primer Bolet\u00edn Epidemiol\u00f3gico Nacional del a\u00f1o, las \u00faltimas semanas dieron como resultado un total de 17.540 casos positivos y el 57% de ellos se detectaron a mediados de diciembre y a principios de enero.<\/p>\n<h2><strong>Cu\u00e1l es la diferencia de una picadura del mosquito del dengue con la de la encefalitis equina<\/strong><\/h2>\n<p>La invasi\u00f3n de mosquitos en la Ciudad de Buenos Aires y el conurbano gener\u00f3 un aumento en los casos positivos de dengue y encefalitis equina. Sin embargo, ante este escenario es importante saber c\u00f3mo diferenciar ambas picaduras.<\/p>\n<p>El mosquito Aedes Aegypti, que es el que transmite el dengue, es uno de los m\u00e1s comunes en las zonas urbanas ya que se reproduce en los hogares donde se acumula agua.<\/p>\n<p>Por otra parte, el mosquito Aedes albifasciatus es el que transmite la enfermedad encefalitis equina y que en las \u00faltimas semanas comenz\u00f3 a darse a conocer por su contagio a seres humanos.<\/p>\n<p>En esta ocasi\u00f3n dicha especie se crea en espacios rurales producto de las intensas lluvias. Los experto se\u00f1alan que esta especie pica fuerte porque est\u00e1 acostumbrada a alimentarse de bovinos, quienes tienen un cuero fuerte.<\/p>\n<p>\u00abA diferencia del mosquito que nosotros tenemos ac\u00e1 en la ciudad, en nuestras casas, que es el Aedes aegypti, que transmite el dengue, chikungunya y otras virosis, este es un mosquito charquero que molesta mucho y es agresivo\u00bb, explic\u00f3 a Noticias Argentinas el ingeniero zootecnista, Guillermo Pedro Mariategui.<\/p>\n","protected":false},"excerpt":{"rendered":"<p>El pedido se da durante una \u00e9poca donde se registra un fuerte aumento de casos. Hay provincias que reportan hasta 100 contagios por d\u00eda durante este verano en curso.<\/p>\n","protected":false},"author":8,"featured_media":142836,"comment_status":"open","ping_status":"open","sticky":false,"template":"","format":"standard","meta":{"fifu_image_url":"","fifu_image_alt":"","footnotes":""},"categories":[16],"tags":[242,1566],"class_list":{"0":"post-179263","1":"post","2":"type-post","3":"status-publish","4":"format-standard","5":"has-post-thumbnail","7":"category-politi","8":"tag-dengue","9":"tag-vacuna"},"yoast_head":"<title>Presentaron un proyecto de ley para incluir la vacuna contra el Dengue en el calendario obligatorio - Informe Litoral<\/title>\n<meta name=\"robots\" content=\"index, follow, max-snippet:-1, max-image-preview:large, max-video-preview:-1\" \/>\n<link rel=\"canonical\" href=\"https:\/\/informelitoral.com.ar\/presentaron-un-proyecto-de-ley-para-incluir-la-vacuna-contra-el-dengue-en-el-calendario-obligatorio\/\" \/>\n<meta property=\"og:locale\" content=\"es_ES\" \/>\n<meta property=\"og:type\" content=\"article\" \/>\n<meta property=\"og:title\" content=\"Presentaron un proyecto de ley para incluir la vacuna contra el Dengue en el calendario obligatorio - Informe Litoral\" \/>\n<meta property=\"og:description\" content=\"El pedido se da durante una \u00e9poca donde se registra un fuerte aumento de casos. Hay provincias que reportan hasta 100 contagios por d\u00eda durante este verano en curso.\" \/>\n<meta property=\"og:url\" content=\"https:\/\/informelitoral.com.ar\/presentaron-un-proyecto-de-ley-para-incluir-la-vacuna-contra-el-dengue-en-el-calendario-obligatorio\/\" \/>\n<meta property=\"og:site_name\" content=\"Informe Litoral\" \/>\n<meta property=\"article:publisher\" content=\"https:\/\/www.facebook.com\/informelitoral\/\" \/>\n<meta property=\"article:published_time\" content=\"2024-01-22T11:57:37+00:00\" \/>\n<meta property=\"article:modified_time\" content=\"2024-01-23T10:37:04+00:00\" \/>\n<meta property=\"og:image\" content=\"https:\/\/informelitoral.com.ar\/%77%70%2d%63%6f%6e%74%65%6e%74\/uploads\/2023\/04\/Dengue-ilustrativa-17042023-editada.webp\" \/>\n\t<meta property=\"og:image:width\" content=\"730\" \/>\n\t<meta property=\"og:image:height\" content=\"443\" \/>\n\t<meta property=\"og:image:type\" content=\"image\/webp\" \/>\n<meta name=\"author\" content=\"Sebastian\" \/>\n<meta name=\"twitter:card\" content=\"summary_large_image\" \/>\n<meta name=\"twitter:creator\" content=\"@InformeLitoral\" \/>\n<meta name=\"twitter:site\" content=\"@InformeLitoral\" \/>\n<meta name=\"twitter:label1\" content=\"Escrito por\" \/>\n\t<meta name=\"twitter:data1\" content=\"Sebastian\" \/>\n\t<meta name=\"twitter:label2\" content=\"Tiempo de lectura\" \/>\n\t<meta name=\"twitter:data2\" content=\"3 minutos\" \/>\n<script type=\"application\/ld+json\" class=\"yoast-schema-graph\">{\"@context\":\"https:\\\/\\\/schema.org\",\"@graph\":[{\"@type\":\"Article\",\"@id\":\"https:\\\/\\\/informelitoral.com.ar\\\/presentaron-un-proyecto-de-ley-para-incluir-la-vacuna-contra-el-dengue-en-el-calendario-obligatorio\\\/#article\",\"isPartOf\":{\"@id\":\"https:\\\/\\\/informelitoral.com.ar\\\/presentaron-un-proyecto-de-ley-para-incluir-la-vacuna-contra-el-dengue-en-el-calendario-obligatorio\\\/\"},\"author\":{\"name\":\"Sebastian\",\"@id\":\"https:\\\/\\\/informelitoral.com.ar\\\/#\\\/schema\\\/person\\\/f05f9f461677119578717524b127d6d5\"},\"headline\":\"Presentaron un proyecto de ley para incluir la vacuna contra el Dengue en el calendario obligatorio\",\"datePublished\":\"2024-01-22T11:57:37+00:00\",\"dateModified\":\"2024-01-23T10:37:04+00:00\",\"mainEntityOfPage\":{\"@id\":\"https:\\\/\\\/informelitoral.com.ar\\\/presentaron-un-proyecto-de-ley-para-incluir-la-vacuna-contra-el-dengue-en-el-calendario-obligatorio\\\/\"},\"wordCount\":522,\"commentCount\":0,\"publisher\":{\"@id\":\"https:\\\/\\\/informelitoral.com.ar\\\/#organization\"},\"image\":{\"@id\":\"https:\\\/\\\/informelitoral.com.ar\\\/presentaron-un-proyecto-de-ley-para-incluir-la-vacuna-contra-el-dengue-en-el-calendario-obligatorio\\\/#primaryimage\"},\"thumbnailUrl\":\"https:\\\/\\\/informelitoral.com.ar\\\/%77%70%2d%63%6f%6e%74%65%6e%74\\\/uploads\\\/2023\\\/04\\\/Dengue-ilustrativa-17042023-editada.webp\",\"keywords\":[\"Dengue\",\"vacuna\"],\"articleSection\":[\"Politica\"],\"inLanguage\":\"es\",\"potentialAction\":[{\"@type\":\"CommentAction\",\"name\":\"Comment\",\"target\":[\"https:\\\/\\\/informelitoral.com.ar\\\/presentaron-un-proyecto-de-ley-para-incluir-la-vacuna-contra-el-dengue-en-el-calendario-obligatorio\\\/#respond\"]}]},{\"@type\":\"WebPage\",\"@id\":\"https:\\\/\\\/informelitoral.com.ar\\\/presentaron-un-proyecto-de-ley-para-incluir-la-vacuna-contra-el-dengue-en-el-calendario-obligatorio\\\/\",\"url\":\"https:\\\/\\\/informelitoral.com.ar\\\/presentaron-un-proyecto-de-ley-para-incluir-la-vacuna-contra-el-dengue-en-el-calendario-obligatorio\\\/\",\"name\":\"Presentaron un proyecto de ley para incluir la vacuna contra el Dengue en el calendario obligatorio - Informe Litoral\",\"isPartOf\":{\"@id\":\"https:\\\/\\\/informelitoral.com.ar\\\/#website\"},\"primaryImageOfPage\":{\"@id\":\"https:\\\/\\\/informelitoral.com.ar\\\/presentaron-un-proyecto-de-ley-para-incluir-la-vacuna-contra-el-dengue-en-el-calendario-obligatorio\\\/#primaryimage\"},\"image\":{\"@id\":\"https:\\\/\\\/informelitoral.com.ar\\\/presentaron-un-proyecto-de-ley-para-incluir-la-vacuna-contra-el-dengue-en-el-calendario-obligatorio\\\/#primaryimage\"},\"thumbnailUrl\":\"https:\\\/\\\/informelitoral.com.ar\\\/%77%70%2d%63%6f%6e%74%65%6e%74\\\/uploads\\\/2023\\\/04\\\/Dengue-ilustrativa-17042023-editada.webp\",\"datePublished\":\"2024-01-22T11:57:37+00:00\",\"dateModified\":\"2024-01-23T10:37:04+00:00\",\"breadcrumb\":{\"@id\":\"https:\\\/\\\/informelitoral.com.ar\\\/presentaron-un-proyecto-de-ley-para-incluir-la-vacuna-contra-el-dengue-en-el-calendario-obligatorio\\\/#breadcrumb\"},\"inLanguage\":\"es\",\"potentialAction\":[{\"@type\":\"ReadAction\",\"target\":[\"https:\\\/\\\/informelitoral.com.ar\\\/presentaron-un-proyecto-de-ley-para-incluir-la-vacuna-contra-el-dengue-en-el-calendario-obligatorio\\\/\"]}]},{\"@type\":\"ImageObject\",\"inLanguage\":\"es\",\"@id\":\"https:\\\/\\\/informelitoral.com.ar\\\/presentaron-un-proyecto-de-ley-para-incluir-la-vacuna-contra-el-dengue-en-el-calendario-obligatorio\\\/#primaryimage\",\"url\":\"https:\\\/\\\/informelitoral.com.ar\\\/%77%70%2d%63%6f%6e%74%65%6e%74\\\/uploads\\\/2023\\\/04\\\/Dengue-ilustrativa-17042023-editada.webp\",\"contentUrl\":\"https:\\\/\\\/informelitoral.com.ar\\\/%77%70%2d%63%6f%6e%74%65%6e%74\\\/uploads\\\/2023\\\/04\\\/Dengue-ilustrativa-17042023-editada.webp\",\"width\":730,\"height\":443},{\"@type\":\"BreadcrumbList\",\"@id\":\"https:\\\/\\\/informelitoral.com.ar\\\/presentaron-un-proyecto-de-ley-para-incluir-la-vacuna-contra-el-dengue-en-el-calendario-obligatorio\\\/#breadcrumb\",\"itemListElement\":[{\"@type\":\"ListItem\",\"position\":1,\"name\":\"Portada\",\"item\":\"https:\\\/\\\/informelitoral.com.ar\\\/\"},{\"@type\":\"ListItem\",\"position\":2,\"name\":\"Presentaron un proyecto de ley para incluir la vacuna contra el Dengue en el calendario obligatorio\"}]},{\"@type\":\"WebSite\",\"@id\":\"https:\\\/\\\/informelitoral.com.ar\\\/#website\",\"url\":\"https:\\\/\\\/informelitoral.com.ar\\\/\",\"name\":\"Informe Litoral\",\"description\":\"&quot;Nos informamos&quot; \",\"publisher\":{\"@id\":\"https:\\\/\\\/informelitoral.com.ar\\\/#organization\"},\"potentialAction\":[{\"@type\":\"SearchAction\",\"target\":{\"@type\":\"EntryPoint\",\"urlTemplate\":\"https:\\\/\\\/informelitoral.com.ar\\\/?s={search_term_string}\"},\"query-input\":{\"@type\":\"PropertyValueSpecification\",\"valueRequired\":true,\"valueName\":\"search_term_string\"}}],\"inLanguage\":\"es\"},{\"@type\":\"Organization\",\"@id\":\"https:\\\/\\\/informelitoral.com.ar\\\/#organization\",\"name\":\"Informe Litoral\",\"url\":\"https:\\\/\\\/informelitoral.com.ar\\\/\",\"logo\":{\"@type\":\"ImageObject\",\"inLanguage\":\"es\",\"@id\":\"https:\\\/\\\/informelitoral.com.ar\\\/#\\\/schema\\\/logo\\\/image\\\/\",\"url\":\"https:\\\/\\\/informelitoral.com.ar\\\/%77%70%2d%63%6f%6e%74%65%6e%74\\\/uploads\\\/2021\\\/01\\\/circulo.png\",\"contentUrl\":\"https:\\\/\\\/informelitoral.com.ar\\\/%77%70%2d%63%6f%6e%74%65%6e%74\\\/uploads\\\/2021\\\/01\\\/circulo.png\",\"width\":723,\"height\":731,\"caption\":\"Informe Litoral\"},\"image\":{\"@id\":\"https:\\\/\\\/informelitoral.com.ar\\\/#\\\/schema\\\/logo\\\/image\\\/\"},\"sameAs\":[\"https:\\\/\\\/www.facebook.com\\\/informelitoral\\\/\",\"https:\\\/\\\/x.com\\\/InformeLitoral\",\"https:\\\/\\\/www.instagram.com\\\/informelitoral\\\/\",\"https:\\\/\\\/www.youtube.com\\\/channel\\\/UCua4Qvz8Icb6MYqhoq9xLXw\"]},{\"@type\":\"Person\",\"@id\":\"https:\\\/\\\/informelitoral.com.ar\\\/#\\\/schema\\\/person\\\/f05f9f461677119578717524b127d6d5\",\"name\":\"Sebastian\",\"image\":{\"@type\":\"ImageObject\",\"inLanguage\":\"es\",\"@id\":\"https:\\\/\\\/secure.gravatar.com\\\/avatar\\\/b71bf7481d447dfb9583c7f2798e7cc64de6efb9067b74633ed8c31059a3bd82?s=96&d=mm&r=g\",\"url\":\"https:\\\/\\\/secure.gravatar.com\\\/avatar\\\/b71bf7481d447dfb9583c7f2798e7cc64de6efb9067b74633ed8c31059a3bd82?s=96&d=mm&r=g\",\"contentUrl\":\"https:\\\/\\\/secure.gravatar.com\\\/avatar\\\/b71bf7481d447dfb9583c7f2798e7cc64de6efb9067b74633ed8c31059a3bd82?s=96&d=mm&r=g\",\"caption\":\"Sebastian\"},\"url\":\"https:\\\/\\\/informelitoral.com.ar\\\/author\\\/sebastian\\\/\"}]}<\/script>","yoast_head_json":{"title":"Presentaron un proyecto de ley para incluir la vacuna contra el Dengue en el calendario obligatorio - Informe Litoral","robots":{"index":"index","follow":"follow","max-snippet":"max-snippet:-1","max-image-preview":"max-image-preview:large","max-video-preview":"max-video-preview:-1"},"canonical":"https:\/\/informelitoral.com.ar\/presentaron-un-proyecto-de-ley-para-incluir-la-vacuna-contra-el-dengue-en-el-calendario-obligatorio\/","og_locale":"es_ES","og_type":"article","og_title":"Presentaron un proyecto de ley para incluir la vacuna contra el Dengue en el calendario obligatorio - Informe Litoral","og_description":"El pedido se da durante una \u00e9poca donde se registra un fuerte aumento de casos. Hay provincias que reportan hasta 100 contagios por d\u00eda durante este verano en curso.","og_url":"https:\/\/informelitoral.com.ar\/presentaron-un-proyecto-de-ley-para-incluir-la-vacuna-contra-el-dengue-en-el-calendario-obligatorio\/","og_site_name":"Informe Litoral","article_publisher":"https:\/\/www.facebook.com\/informelitoral\/","article_published_time":"2024-01-22T11:57:37+00:00","article_modified_time":"2024-01-23T10:37:04+00:00","og_image":[{"width":730,"height":443,"url":"https:\/\/informelitoral.com.ar\/%77%70%2d%63%6f%6e%74%65%6e%74\/uploads\/2023\/04\/Dengue-ilustrativa-17042023-editada.webp","type":"image\/webp"}],"author":"Sebastian","twitter_card":"summary_large_image","twitter_creator":"@InformeLitoral","twitter_site":"@InformeLitoral","twitter_misc":{"Escrito por":"Sebastian","Tiempo de lectura":"3 minutos"},"schema":{"@context":"https:\/\/schema.org","@graph":[{"@type":"Article","@id":"https:\/\/informelitoral.com.ar\/presentaron-un-proyecto-de-ley-para-incluir-la-vacuna-contra-el-dengue-en-el-calendario-obligatorio\/#article","isPartOf":{"@id":"https:\/\/informelitoral.com.ar\/presentaron-un-proyecto-de-ley-para-incluir-la-vacuna-contra-el-dengue-en-el-calendario-obligatorio\/"},"author":{"name":"Sebastian","@id":"https:\/\/informelitoral.com.ar\/#\/schema\/person\/f05f9f461677119578717524b127d6d5"},"headline":"Presentaron un proyecto de ley para incluir la vacuna contra el Dengue en el calendario obligatorio","datePublished":"2024-01-22T11:57:37+00:00","dateModified":"2024-01-23T10:37:04+00:00","mainEntityOfPage":{"@id":"https:\/\/informelitoral.com.ar\/presentaron-un-proyecto-de-ley-para-incluir-la-vacuna-contra-el-dengue-en-el-calendario-obligatorio\/"},"wordCount":522,"commentCount":0,"publisher":{"@id":"https:\/\/informelitoral.com.ar\/#organization"},"image":{"@id":"https:\/\/informelitoral.com.ar\/presentaron-un-proyecto-de-ley-para-incluir-la-vacuna-contra-el-dengue-en-el-calendario-obligatorio\/#primaryimage"},"thumbnailUrl":"https:\/\/informelitoral.com.ar\/%77%70%2d%63%6f%6e%74%65%6e%74\/uploads\/2023\/04\/Dengue-ilustrativa-17042023-editada.webp","keywords":["Dengue","vacuna"],"articleSection":["Politica"],"inLanguage":"es","potentialAction":[{"@type":"CommentAction","name":"Comment","target":["https:\/\/informelitoral.com.ar\/presentaron-un-proyecto-de-ley-para-incluir-la-vacuna-contra-el-dengue-en-el-calendario-obligatorio\/#respond"]}]},{"@type":"WebPage","@id":"https:\/\/informelitoral.com.ar\/presentaron-un-proyecto-de-ley-para-incluir-la-vacuna-contra-el-dengue-en-el-calendario-obligatorio\/","url":"https:\/\/informelitoral.com.ar\/presentaron-un-proyecto-de-ley-para-incluir-la-vacuna-contra-el-dengue-en-el-calendario-obligatorio\/","name":"Presentaron un proyecto de ley para incluir la vacuna contra el Dengue en el calendario obligatorio - Informe Litoral","isPartOf":{"@id":"https:\/\/informelitoral.com.ar\/#website"},"primaryImageOfPage":{"@id":"https:\/\/informelitoral.com.ar\/presentaron-un-proyecto-de-ley-para-incluir-la-vacuna-contra-el-dengue-en-el-calendario-obligatorio\/#primaryimage"},"image":{"@id":"https:\/\/informelitoral.com.ar\/presentaron-un-proyecto-de-ley-para-incluir-la-vacuna-contra-el-dengue-en-el-calendario-obligatorio\/#primaryimage"},"thumbnailUrl":"https:\/\/informelitoral.com.ar\/%77%70%2d%63%6f%6e%74%65%6e%74\/uploads\/2023\/04\/Dengue-ilustrativa-17042023-editada.webp","datePublished":"2024-01-22T11:57:37+00:00","dateModified":"2024-01-23T10:37:04+00:00","breadcrumb":{"@id":"https:\/\/informelitoral.com.ar\/presentaron-un-proyecto-de-ley-para-incluir-la-vacuna-contra-el-dengue-en-el-calendario-obligatorio\/#breadcrumb"},"inLanguage":"es","potentialAction":[{"@type":"ReadAction","target":["https:\/\/informelitoral.com.ar\/presentaron-un-proyecto-de-ley-para-incluir-la-vacuna-contra-el-dengue-en-el-calendario-obligatorio\/"]}]},{"@type":"ImageObject","inLanguage":"es","@id":"https:\/\/informelitoral.com.ar\/presentaron-un-proyecto-de-ley-para-incluir-la-vacuna-contra-el-dengue-en-el-calendario-obligatorio\/#primaryimage","url":"https:\/\/informelitoral.com.ar\/%77%70%2d%63%6f%6e%74%65%6e%74\/uploads\/2023\/04\/Dengue-ilustrativa-17042023-editada.webp","contentUrl":"https:\/\/informelitoral.com.ar\/%77%70%2d%63%6f%6e%74%65%6e%74\/uploads\/2023\/04\/Dengue-ilustrativa-17042023-editada.webp","width":730,"height":443},{"@type":"BreadcrumbList","@id":"https:\/\/informelitoral.com.ar\/presentaron-un-proyecto-de-ley-para-incluir-la-vacuna-contra-el-dengue-en-el-calendario-obligatorio\/#breadcrumb","itemListElement":[{"@type":"ListItem","position":1,"name":"Portada","item":"https:\/\/informelitoral.com.ar\/"},{"@type":"ListItem","position":2,"name":"Presentaron un proyecto de ley para incluir la vacuna contra el Dengue en el calendario obligatorio"}]},{"@type":"WebSite","@id":"https:\/\/informelitoral.com.ar\/#website","url":"https:\/\/informelitoral.com.ar\/","name":"Informe Litoral","description":"&quot;Nos informamos&quot; ","publisher":{"@id":"https:\/\/informelitoral.com.ar\/#organization"},"potentialAction":[{"@type":"SearchAction","target":{"@type":"EntryPoint","urlTemplate":"https:\/\/informelitoral.com.ar\/?s={search_term_string}"},"query-input":{"@type":"PropertyValueSpecification","valueRequired":true,"valueName":"search_term_string"}}],"inLanguage":"es"},{"@type":"Organization","@id":"https:\/\/informelitoral.com.ar\/#organization","name":"Informe Litoral","url":"https:\/\/informelitoral.com.ar\/","logo":{"@type":"ImageObject","inLanguage":"es","@id":"https:\/\/informelitoral.com.ar\/#\/schema\/logo\/image\/","url":"https:\/\/informelitoral.com.ar\/%77%70%2d%63%6f%6e%74%65%6e%74\/uploads\/2021\/01\/circulo.png","contentUrl":"https:\/\/informelitoral.com.ar\/%77%70%2d%63%6f%6e%74%65%6e%74\/uploads\/2021\/01\/circulo.png","width":723,"height":731,"caption":"Informe Litoral"},"image":{"@id":"https:\/\/informelitoral.com.ar\/#\/schema\/logo\/image\/"},"sameAs":["https:\/\/www.facebook.com\/informelitoral\/","https:\/\/x.com\/InformeLitoral","https:\/\/www.instagram.com\/informelitoral\/","https:\/\/www.youtube.com\/channel\/UCua4Qvz8Icb6MYqhoq9xLXw"]},{"@type":"Person","@id":"https:\/\/informelitoral.com.ar\/#\/schema\/person\/f05f9f461677119578717524b127d6d5","name":"Sebastian","image":{"@type":"ImageObject","inLanguage":"es","@id":"https:\/\/secure.gravatar.com\/avatar\/b71bf7481d447dfb9583c7f2798e7cc64de6efb9067b74633ed8c31059a3bd82?s=96&d=mm&r=g","url":"https:\/\/secure.gravatar.com\/avatar\/b71bf7481d447dfb9583c7f2798e7cc64de6efb9067b74633ed8c31059a3bd82?s=96&d=mm&r=g","contentUrl":"https:\/\/secure.gravatar.com\/avatar\/b71bf7481d447dfb9583c7f2798e7cc64de6efb9067b74633ed8c31059a3bd82?s=96&d=mm&r=g","caption":"Sebastian"},"url":"https:\/\/informelitoral.com.ar\/author\/sebastian\/"}]}},"_links":{"self":[{"href":"https:\/\/informelitoral.com.ar\/%77%70%2d%6a%73%6f%6e\/wp\/v2\/posts\/179263","targetHints":{"allow":["GET"]}}],"collection":[{"href":"https:\/\/informelitoral.com.ar\/%77%70%2d%6a%73%6f%6e\/wp\/v2\/posts"}],"about":[{"href":"https:\/\/informelitoral.com.ar\/%77%70%2d%6a%73%6f%6e\/wp\/v2\/types\/post"}],"author":[{"embeddable":true,"href":"https:\/\/informelitoral.com.ar\/%77%70%2d%6a%73%6f%6e\/wp\/v2\/users\/8"}],"replies":[{"embeddable":true,"href":"https:\/\/informelitoral.com.ar\/%77%70%2d%6a%73%6f%6e\/wp\/v2\/comments?post=179263"}],"version-history":[{"count":0,"href":"https:\/\/informelitoral.com.ar\/%77%70%2d%6a%73%6f%6e\/wp\/v2\/posts\/179263\/revisions"}],"wp:featuredmedia":[{"embeddable":true,"href":"https:\/\/informelitoral.com.ar\/%77%70%2d%6a%73%6f%6e\/wp\/v2\/media\/142836"}],"wp:attachment":[{"href":"https:\/\/informelitoral.com.ar\/%77%70%2d%6a%73%6f%6e\/wp\/v2\/media?parent=179263"}],"wp:term":[{"taxonomy":"category","embeddable":true,"href":"https:\/\/informelitoral.com.ar\/%77%70%2d%6a%73%6f%6e\/wp\/v2\/categories?post=179263"},{"taxonomy":"post_tag","embeddable":true,"href":"https:\/\/informelitoral.com.ar\/%77%70%2d%6a%73%6f%6e\/wp\/v2\/tags?post=179263"}],"curies":[{"name":"wp","href":"https:\/\/api.w.org\/{rel}","templated":true}]}}