{"id":179056,"date":"2024-01-19T08:11:06","date_gmt":"2024-01-19T11:11:06","guid":{"rendered":"https:\/\/www.informelitoral.com.ar\/?p=179056"},"modified":"2024-01-19T19:20:15","modified_gmt":"2024-01-19T22:20:15","slug":"un-vehiculo-exploto-en-la-ruta-26-una-persona-resulto-herida","status":"publish","type":"post","link":"https:\/\/informelitoral.com.ar\/un-vehiculo-exploto-en-la-ruta-26-una-persona-resulto-herida\/","title":{"rendered":"Un veh\u00edculo explot\u00f3 en la ruta 26: una persona result\u00f3 herida"},"content":{"rendered":"<p><b>Explot\u00f3 un veh\u00edculo con GNC en la ruta 26, que comunica Nogoy\u00e1 con Victoria. Lamentablemente, hubo que lamentar p\u00e9rdidas totales en el rodado<\/b>. Sucedi\u00f3 en horas de la tarde del jueves.<\/p>\n<p>El subjefe de la Jefatura Departamental de Nogoy\u00e1, <strong>Diego San Mart\u00edn,<\/strong>\u00a0precis\u00f3 los detalles de lo que ocurri\u00f3: \u201cEran tres familias que ven\u00edan de vacaciones de Brasil, una en cada auto. El que iba adelante, un <b>Renault Fluence 1.6<\/b> empez\u00f3 a salir por la ruta 26 saliendo de Nogoy\u00e1 para el lado de Victoria. Antes de llegar al puente de arroyo Malo, empez\u00f3 a salirle humo. El hombre se para en la banquina, quiere abrir el capot y no le abre\u201d.<\/p>\n<figure class=\"embed\"><img decoding=\"async\" class=\" ls-is-cached lazyloaded\" title=\"\" src=\"https:\/\/elonce-media.elonce.com\/fotos-nuevo\/2024\/01\/18\/o_1705619384.jpg\" alt=\"\" width=\"640\" data-src=\"https:\/\/elonce-media.elonce.com\/fotos-nuevo\/2024\/01\/18\/o_1705619384.jpg\" \/><\/figure>\n<p>Cabe destacar que en ese autom\u00f3vil se trasladaba la esposa, un ni\u00f1o de 11 a\u00f1os y otra nena de ocho. Ante la imposibilidad de abrir el capot, \u201clos baj\u00f3, empez\u00f3 a sacar los bolsos y los compa\u00f1eros que ven\u00edan con ellos pararon m\u00e1s lejos. Quisieron apagar el fuego con el matafuego, pero segu\u00edan sin poder abrir el capot\u201d.<\/p>\n<p>Tras el intento fallido, se hizo presente personal de la polic\u00eda y de Bomberos Voluntarios de Nogoy\u00e1. \u201c<b>Cuando empezaron a desplegar la manguera e iba un oficial de polic\u00eda hacia el veh\u00edculo, estall\u00f3 el tanque de GNC<\/b>\u201d. Al respecto de ese momento, el comisario inspector detall\u00f3: \u201cSalen las chapas del auto.\u00a0<b>Hab\u00eda chapas a dos metros y a 60<\/b>\u201d.<\/p>\n<figure class=\"embed\"><img decoding=\"async\" class=\" ls-is-cached lazyloaded\" title=\"\" src=\"https:\/\/elonce-media.elonce.com\/fotos-nuevo\/2024\/01\/18\/o_1705619385.jpg\" alt=\"\" width=\"640\" data-src=\"https:\/\/elonce-media.elonce.com\/fotos-nuevo\/2024\/01\/18\/o_1705619385.jpg\" \/><\/figure>\n<p>A ra\u00edz de esto, el uniformado result\u00f3 herido: \u201c<b>Una de las chapas le peg\u00f3 al oficial, le corta la mano derecha debajo del me\u00f1ique y le hicieron cinco o seis puntos. Tambi\u00e9n le impact\u00f3 en el intercostal derecho<\/b>\u201d.<\/p>\n<figure class=\"embed\"><img decoding=\"async\" class=\" ls-is-cached lazyloaded\" title=\"\" src=\"https:\/\/elonce-media.elonce.com\/fotos-nuevo\/2024\/01\/18\/o_1705619386.jpg\" alt=\"\" width=\"640\" data-src=\"https:\/\/elonce-media.elonce.com\/fotos-nuevo\/2024\/01\/18\/o_1705619386.jpg\" \/><\/figure>\n<p>No se tuvieron que lamentar m\u00e1s heridos. La familia oriunda de Rosario que se encontraba en el veh\u00edculo ya estaba a resguardo.<\/p>\n","protected":false},"excerpt":{"rendered":"<p>Se produjo la explosi\u00f3n de un autom\u00f3vil en la jurisdicci\u00f3n de Nogoy\u00e1. El veh\u00edculo ten\u00eda tres ocupantes oriundos de Rosario. Las p\u00e9rdidas fueron totales y las chapas volaron hasta 60 metros.<\/p>\n","protected":false},"author":8,"featured_media":179058,"comment_status":"open","ping_status":"open","sticky":false,"template":"","format":"standard","meta":{"fifu_image_url":"","fifu_image_alt":"","footnotes":""},"categories":[14],"tags":[304,74],"class_list":{"0":"post-179056","1":"post","2":"type-post","3":"status-publish","4":"format-standard","5":"has-post-thumbnail","7":"category-policiales","8":"tag-accidente-vial","9":"tag-nogoya"},"yoast_head":"<title>Un veh\u00edculo explot\u00f3 en la ruta 26: una persona result\u00f3 herida - Informe Litoral<\/title>\n<meta name=\"robots\" content=\"index, follow, max-snippet:-1, max-image-preview:large, max-video-preview:-1\" \/>\n<link rel=\"canonical\" href=\"https:\/\/informelitoral.com.ar\/un-vehiculo-exploto-en-la-ruta-26-una-persona-resulto-herida\/\" \/>\n<meta property=\"og:locale\" content=\"es_ES\" \/>\n<meta property=\"og:type\" content=\"article\" \/>\n<meta property=\"og:title\" content=\"Un veh\u00edculo explot\u00f3 en la ruta 26: una persona result\u00f3 herida - Informe Litoral\" \/>\n<meta property=\"og:description\" content=\"Se produjo la explosi\u00f3n de un autom\u00f3vil en la jurisdicci\u00f3n de Nogoy\u00e1. El veh\u00edculo ten\u00eda tres ocupantes oriundos de Rosario. Las p\u00e9rdidas fueron totales y las chapas volaron hasta 60 metros.\" \/>\n<meta property=\"og:url\" content=\"https:\/\/informelitoral.com.ar\/un-vehiculo-exploto-en-la-ruta-26-una-persona-resulto-herida\/\" \/>\n<meta property=\"og:site_name\" content=\"Informe Litoral\" \/>\n<meta property=\"article:publisher\" content=\"https:\/\/www.facebook.com\/informelitoral\/\" \/>\n<meta property=\"article:published_time\" content=\"2024-01-19T11:11:06+00:00\" \/>\n<meta property=\"article:modified_time\" content=\"2024-01-19T22:20:15+00:00\" \/>\n<meta property=\"og:image\" content=\"https:\/\/informelitoral.com.ar\/%77%70%2d%63%6f%6e%74%65%6e%74\/uploads\/2024\/01\/o_1705619383.jpg\" \/>\n\t<meta property=\"og:image:width\" content=\"800\" \/>\n\t<meta property=\"og:image:height\" content=\"450\" \/>\n\t<meta property=\"og:image:type\" content=\"image\/jpeg\" \/>\n<meta name=\"author\" content=\"Sebastian\" \/>\n<meta name=\"twitter:card\" content=\"summary_large_image\" \/>\n<meta name=\"twitter:creator\" content=\"@InformeLitoral\" \/>\n<meta name=\"twitter:site\" content=\"@InformeLitoral\" \/>\n<meta name=\"twitter:label1\" content=\"Escrito por\" \/>\n\t<meta name=\"twitter:data1\" content=\"Sebastian\" \/>\n\t<meta name=\"twitter:label2\" content=\"Tiempo de lectura\" \/>\n\t<meta name=\"twitter:data2\" content=\"2 minutos\" \/>\n<script type=\"application\/ld+json\" class=\"yoast-schema-graph\">{\"@context\":\"https:\\\/\\\/schema.org\",\"@graph\":[{\"@type\":\"Article\",\"@id\":\"https:\\\/\\\/informelitoral.com.ar\\\/un-vehiculo-exploto-en-la-ruta-26-una-persona-resulto-herida\\\/#article\",\"isPartOf\":{\"@id\":\"https:\\\/\\\/informelitoral.com.ar\\\/un-vehiculo-exploto-en-la-ruta-26-una-persona-resulto-herida\\\/\"},\"author\":{\"name\":\"Sebastian\",\"@id\":\"https:\\\/\\\/informelitoral.com.ar\\\/#\\\/schema\\\/person\\\/f05f9f461677119578717524b127d6d5\"},\"headline\":\"Un veh\u00edculo explot\u00f3 en la ruta 26: una persona result\u00f3 herida\",\"datePublished\":\"2024-01-19T11:11:06+00:00\",\"dateModified\":\"2024-01-19T22:20:15+00:00\",\"mainEntityOfPage\":{\"@id\":\"https:\\\/\\\/informelitoral.com.ar\\\/un-vehiculo-exploto-en-la-ruta-26-una-persona-resulto-herida\\\/\"},\"wordCount\":315,\"commentCount\":0,\"publisher\":{\"@id\":\"https:\\\/\\\/informelitoral.com.ar\\\/#organization\"},\"image\":{\"@id\":\"https:\\\/\\\/informelitoral.com.ar\\\/un-vehiculo-exploto-en-la-ruta-26-una-persona-resulto-herida\\\/#primaryimage\"},\"thumbnailUrl\":\"https:\\\/\\\/informelitoral.com.ar\\\/%77%70%2d%63%6f%6e%74%65%6e%74\\\/uploads\\\/2024\\\/01\\\/o_1705619383.jpg\",\"keywords\":[\"Accidente vial\",\"Nogoy\u00e1\"],\"articleSection\":[\"Policiales\"],\"inLanguage\":\"es\",\"potentialAction\":[{\"@type\":\"CommentAction\",\"name\":\"Comment\",\"target\":[\"https:\\\/\\\/informelitoral.com.ar\\\/un-vehiculo-exploto-en-la-ruta-26-una-persona-resulto-herida\\\/#respond\"]}]},{\"@type\":\"WebPage\",\"@id\":\"https:\\\/\\\/informelitoral.com.ar\\\/un-vehiculo-exploto-en-la-ruta-26-una-persona-resulto-herida\\\/\",\"url\":\"https:\\\/\\\/informelitoral.com.ar\\\/un-vehiculo-exploto-en-la-ruta-26-una-persona-resulto-herida\\\/\",\"name\":\"Un veh\u00edculo explot\u00f3 en la ruta 26: una persona result\u00f3 herida - Informe Litoral\",\"isPartOf\":{\"@id\":\"https:\\\/\\\/informelitoral.com.ar\\\/#website\"},\"primaryImageOfPage\":{\"@id\":\"https:\\\/\\\/informelitoral.com.ar\\\/un-vehiculo-exploto-en-la-ruta-26-una-persona-resulto-herida\\\/#primaryimage\"},\"image\":{\"@id\":\"https:\\\/\\\/informelitoral.com.ar\\\/un-vehiculo-exploto-en-la-ruta-26-una-persona-resulto-herida\\\/#primaryimage\"},\"thumbnailUrl\":\"https:\\\/\\\/informelitoral.com.ar\\\/%77%70%2d%63%6f%6e%74%65%6e%74\\\/uploads\\\/2024\\\/01\\\/o_1705619383.jpg\",\"datePublished\":\"2024-01-19T11:11:06+00:00\",\"dateModified\":\"2024-01-19T22:20:15+00:00\",\"breadcrumb\":{\"@id\":\"https:\\\/\\\/informelitoral.com.ar\\\/un-vehiculo-exploto-en-la-ruta-26-una-persona-resulto-herida\\\/#breadcrumb\"},\"inLanguage\":\"es\",\"potentialAction\":[{\"@type\":\"ReadAction\",\"target\":[\"https:\\\/\\\/informelitoral.com.ar\\\/un-vehiculo-exploto-en-la-ruta-26-una-persona-resulto-herida\\\/\"]}]},{\"@type\":\"ImageObject\",\"inLanguage\":\"es\",\"@id\":\"https:\\\/\\\/informelitoral.com.ar\\\/un-vehiculo-exploto-en-la-ruta-26-una-persona-resulto-herida\\\/#primaryimage\",\"url\":\"https:\\\/\\\/informelitoral.com.ar\\\/%77%70%2d%63%6f%6e%74%65%6e%74\\\/uploads\\\/2024\\\/01\\\/o_1705619383.jpg\",\"contentUrl\":\"https:\\\/\\\/informelitoral.com.ar\\\/%77%70%2d%63%6f%6e%74%65%6e%74\\\/uploads\\\/2024\\\/01\\\/o_1705619383.jpg\",\"width\":800,\"height\":450},{\"@type\":\"BreadcrumbList\",\"@id\":\"https:\\\/\\\/informelitoral.com.ar\\\/un-vehiculo-exploto-en-la-ruta-26-una-persona-resulto-herida\\\/#breadcrumb\",\"itemListElement\":[{\"@type\":\"ListItem\",\"position\":1,\"name\":\"Portada\",\"item\":\"https:\\\/\\\/informelitoral.com.ar\\\/\"},{\"@type\":\"ListItem\",\"position\":2,\"name\":\"Un veh\u00edculo explot\u00f3 en la ruta 26: una persona result\u00f3 herida\"}]},{\"@type\":\"WebSite\",\"@id\":\"https:\\\/\\\/informelitoral.com.ar\\\/#website\",\"url\":\"https:\\\/\\\/informelitoral.com.ar\\\/\",\"name\":\"Informe Litoral\",\"description\":\"&quot;Nos informamos&quot; \",\"publisher\":{\"@id\":\"https:\\\/\\\/informelitoral.com.ar\\\/#organization\"},\"potentialAction\":[{\"@type\":\"SearchAction\",\"target\":{\"@type\":\"EntryPoint\",\"urlTemplate\":\"https:\\\/\\\/informelitoral.com.ar\\\/?s={search_term_string}\"},\"query-input\":{\"@type\":\"PropertyValueSpecification\",\"valueRequired\":true,\"valueName\":\"search_term_string\"}}],\"inLanguage\":\"es\"},{\"@type\":\"Organization\",\"@id\":\"https:\\\/\\\/informelitoral.com.ar\\\/#organization\",\"name\":\"Informe Litoral\",\"url\":\"https:\\\/\\\/informelitoral.com.ar\\\/\",\"logo\":{\"@type\":\"ImageObject\",\"inLanguage\":\"es\",\"@id\":\"https:\\\/\\\/informelitoral.com.ar\\\/#\\\/schema\\\/logo\\\/image\\\/\",\"url\":\"https:\\\/\\\/informelitoral.com.ar\\\/%77%70%2d%63%6f%6e%74%65%6e%74\\\/uploads\\\/2021\\\/01\\\/circulo.png\",\"contentUrl\":\"https:\\\/\\\/informelitoral.com.ar\\\/%77%70%2d%63%6f%6e%74%65%6e%74\\\/uploads\\\/2021\\\/01\\\/circulo.png\",\"width\":723,\"height\":731,\"caption\":\"Informe Litoral\"},\"image\":{\"@id\":\"https:\\\/\\\/informelitoral.com.ar\\\/#\\\/schema\\\/logo\\\/image\\\/\"},\"sameAs\":[\"https:\\\/\\\/www.facebook.com\\\/informelitoral\\\/\",\"https:\\\/\\\/x.com\\\/InformeLitoral\",\"https:\\\/\\\/www.instagram.com\\\/informelitoral\\\/\",\"https:\\\/\\\/www.youtube.com\\\/channel\\\/UCua4Qvz8Icb6MYqhoq9xLXw\"]},{\"@type\":\"Person\",\"@id\":\"https:\\\/\\\/informelitoral.com.ar\\\/#\\\/schema\\\/person\\\/f05f9f461677119578717524b127d6d5\",\"name\":\"Sebastian\",\"image\":{\"@type\":\"ImageObject\",\"inLanguage\":\"es\",\"@id\":\"https:\\\/\\\/secure.gravatar.com\\\/avatar\\\/b71bf7481d447dfb9583c7f2798e7cc64de6efb9067b74633ed8c31059a3bd82?s=96&d=mm&r=g\",\"url\":\"https:\\\/\\\/secure.gravatar.com\\\/avatar\\\/b71bf7481d447dfb9583c7f2798e7cc64de6efb9067b74633ed8c31059a3bd82?s=96&d=mm&r=g\",\"contentUrl\":\"https:\\\/\\\/secure.gravatar.com\\\/avatar\\\/b71bf7481d447dfb9583c7f2798e7cc64de6efb9067b74633ed8c31059a3bd82?s=96&d=mm&r=g\",\"caption\":\"Sebastian\"},\"url\":\"https:\\\/\\\/informelitoral.com.ar\\\/author\\\/sebastian\\\/\"}]}<\/script>","yoast_head_json":{"title":"Un veh\u00edculo explot\u00f3 en la ruta 26: una persona result\u00f3 herida - Informe Litoral","robots":{"index":"index","follow":"follow","max-snippet":"max-snippet:-1","max-image-preview":"max-image-preview:large","max-video-preview":"max-video-preview:-1"},"canonical":"https:\/\/informelitoral.com.ar\/un-vehiculo-exploto-en-la-ruta-26-una-persona-resulto-herida\/","og_locale":"es_ES","og_type":"article","og_title":"Un veh\u00edculo explot\u00f3 en la ruta 26: una persona result\u00f3 herida - Informe Litoral","og_description":"Se produjo la explosi\u00f3n de un autom\u00f3vil en la jurisdicci\u00f3n de Nogoy\u00e1. El veh\u00edculo ten\u00eda tres ocupantes oriundos de Rosario. Las p\u00e9rdidas fueron totales y las chapas volaron hasta 60 metros.","og_url":"https:\/\/informelitoral.com.ar\/un-vehiculo-exploto-en-la-ruta-26-una-persona-resulto-herida\/","og_site_name":"Informe Litoral","article_publisher":"https:\/\/www.facebook.com\/informelitoral\/","article_published_time":"2024-01-19T11:11:06+00:00","article_modified_time":"2024-01-19T22:20:15+00:00","og_image":[{"width":800,"height":450,"url":"https:\/\/informelitoral.com.ar\/%77%70%2d%63%6f%6e%74%65%6e%74\/uploads\/2024\/01\/o_1705619383.jpg","type":"image\/jpeg"}],"author":"Sebastian","twitter_card":"summary_large_image","twitter_creator":"@InformeLitoral","twitter_site":"@InformeLitoral","twitter_misc":{"Escrito por":"Sebastian","Tiempo de lectura":"2 minutos"},"schema":{"@context":"https:\/\/schema.org","@graph":[{"@type":"Article","@id":"https:\/\/informelitoral.com.ar\/un-vehiculo-exploto-en-la-ruta-26-una-persona-resulto-herida\/#article","isPartOf":{"@id":"https:\/\/informelitoral.com.ar\/un-vehiculo-exploto-en-la-ruta-26-una-persona-resulto-herida\/"},"author":{"name":"Sebastian","@id":"https:\/\/informelitoral.com.ar\/#\/schema\/person\/f05f9f461677119578717524b127d6d5"},"headline":"Un veh\u00edculo explot\u00f3 en la ruta 26: una persona result\u00f3 herida","datePublished":"2024-01-19T11:11:06+00:00","dateModified":"2024-01-19T22:20:15+00:00","mainEntityOfPage":{"@id":"https:\/\/informelitoral.com.ar\/un-vehiculo-exploto-en-la-ruta-26-una-persona-resulto-herida\/"},"wordCount":315,"commentCount":0,"publisher":{"@id":"https:\/\/informelitoral.com.ar\/#organization"},"image":{"@id":"https:\/\/informelitoral.com.ar\/un-vehiculo-exploto-en-la-ruta-26-una-persona-resulto-herida\/#primaryimage"},"thumbnailUrl":"https:\/\/informelitoral.com.ar\/%77%70%2d%63%6f%6e%74%65%6e%74\/uploads\/2024\/01\/o_1705619383.jpg","keywords":["Accidente vial","Nogoy\u00e1"],"articleSection":["Policiales"],"inLanguage":"es","potentialAction":[{"@type":"CommentAction","name":"Comment","target":["https:\/\/informelitoral.com.ar\/un-vehiculo-exploto-en-la-ruta-26-una-persona-resulto-herida\/#respond"]}]},{"@type":"WebPage","@id":"https:\/\/informelitoral.com.ar\/un-vehiculo-exploto-en-la-ruta-26-una-persona-resulto-herida\/","url":"https:\/\/informelitoral.com.ar\/un-vehiculo-exploto-en-la-ruta-26-una-persona-resulto-herida\/","name":"Un veh\u00edculo explot\u00f3 en la ruta 26: una persona result\u00f3 herida - Informe Litoral","isPartOf":{"@id":"https:\/\/informelitoral.com.ar\/#website"},"primaryImageOfPage":{"@id":"https:\/\/informelitoral.com.ar\/un-vehiculo-exploto-en-la-ruta-26-una-persona-resulto-herida\/#primaryimage"},"image":{"@id":"https:\/\/informelitoral.com.ar\/un-vehiculo-exploto-en-la-ruta-26-una-persona-resulto-herida\/#primaryimage"},"thumbnailUrl":"https:\/\/informelitoral.com.ar\/%77%70%2d%63%6f%6e%74%65%6e%74\/uploads\/2024\/01\/o_1705619383.jpg","datePublished":"2024-01-19T11:11:06+00:00","dateModified":"2024-01-19T22:20:15+00:00","breadcrumb":{"@id":"https:\/\/informelitoral.com.ar\/un-vehiculo-exploto-en-la-ruta-26-una-persona-resulto-herida\/#breadcrumb"},"inLanguage":"es","potentialAction":[{"@type":"ReadAction","target":["https:\/\/informelitoral.com.ar\/un-vehiculo-exploto-en-la-ruta-26-una-persona-resulto-herida\/"]}]},{"@type":"ImageObject","inLanguage":"es","@id":"https:\/\/informelitoral.com.ar\/un-vehiculo-exploto-en-la-ruta-26-una-persona-resulto-herida\/#primaryimage","url":"https:\/\/informelitoral.com.ar\/%77%70%2d%63%6f%6e%74%65%6e%74\/uploads\/2024\/01\/o_1705619383.jpg","contentUrl":"https:\/\/informelitoral.com.ar\/%77%70%2d%63%6f%6e%74%65%6e%74\/uploads\/2024\/01\/o_1705619383.jpg","width":800,"height":450},{"@type":"BreadcrumbList","@id":"https:\/\/informelitoral.com.ar\/un-vehiculo-exploto-en-la-ruta-26-una-persona-resulto-herida\/#breadcrumb","itemListElement":[{"@type":"ListItem","position":1,"name":"Portada","item":"https:\/\/informelitoral.com.ar\/"},{"@type":"ListItem","position":2,"name":"Un veh\u00edculo explot\u00f3 en la ruta 26: una persona result\u00f3 herida"}]},{"@type":"WebSite","@id":"https:\/\/informelitoral.com.ar\/#website","url":"https:\/\/informelitoral.com.ar\/","name":"Informe Litoral","description":"&quot;Nos informamos&quot; ","publisher":{"@id":"https:\/\/informelitoral.com.ar\/#organization"},"potentialAction":[{"@type":"SearchAction","target":{"@type":"EntryPoint","urlTemplate":"https:\/\/informelitoral.com.ar\/?s={search_term_string}"},"query-input":{"@type":"PropertyValueSpecification","valueRequired":true,"valueName":"search_term_string"}}],"inLanguage":"es"},{"@type":"Organization","@id":"https:\/\/informelitoral.com.ar\/#organization","name":"Informe Litoral","url":"https:\/\/informelitoral.com.ar\/","logo":{"@type":"ImageObject","inLanguage":"es","@id":"https:\/\/informelitoral.com.ar\/#\/schema\/logo\/image\/","url":"https:\/\/informelitoral.com.ar\/%77%70%2d%63%6f%6e%74%65%6e%74\/uploads\/2021\/01\/circulo.png","contentUrl":"https:\/\/informelitoral.com.ar\/%77%70%2d%63%6f%6e%74%65%6e%74\/uploads\/2021\/01\/circulo.png","width":723,"height":731,"caption":"Informe Litoral"},"image":{"@id":"https:\/\/informelitoral.com.ar\/#\/schema\/logo\/image\/"},"sameAs":["https:\/\/www.facebook.com\/informelitoral\/","https:\/\/x.com\/InformeLitoral","https:\/\/www.instagram.com\/informelitoral\/","https:\/\/www.youtube.com\/channel\/UCua4Qvz8Icb6MYqhoq9xLXw"]},{"@type":"Person","@id":"https:\/\/informelitoral.com.ar\/#\/schema\/person\/f05f9f461677119578717524b127d6d5","name":"Sebastian","image":{"@type":"ImageObject","inLanguage":"es","@id":"https:\/\/secure.gravatar.com\/avatar\/b71bf7481d447dfb9583c7f2798e7cc64de6efb9067b74633ed8c31059a3bd82?s=96&d=mm&r=g","url":"https:\/\/secure.gravatar.com\/avatar\/b71bf7481d447dfb9583c7f2798e7cc64de6efb9067b74633ed8c31059a3bd82?s=96&d=mm&r=g","contentUrl":"https:\/\/secure.gravatar.com\/avatar\/b71bf7481d447dfb9583c7f2798e7cc64de6efb9067b74633ed8c31059a3bd82?s=96&d=mm&r=g","caption":"Sebastian"},"url":"https:\/\/informelitoral.com.ar\/author\/sebastian\/"}]}},"_links":{"self":[{"href":"https:\/\/informelitoral.com.ar\/%77%70%2d%6a%73%6f%6e\/wp\/v2\/posts\/179056","targetHints":{"allow":["GET"]}}],"collection":[{"href":"https:\/\/informelitoral.com.ar\/%77%70%2d%6a%73%6f%6e\/wp\/v2\/posts"}],"about":[{"href":"https:\/\/informelitoral.com.ar\/%77%70%2d%6a%73%6f%6e\/wp\/v2\/types\/post"}],"author":[{"embeddable":true,"href":"https:\/\/informelitoral.com.ar\/%77%70%2d%6a%73%6f%6e\/wp\/v2\/users\/8"}],"replies":[{"embeddable":true,"href":"https:\/\/informelitoral.com.ar\/%77%70%2d%6a%73%6f%6e\/wp\/v2\/comments?post=179056"}],"version-history":[{"count":0,"href":"https:\/\/informelitoral.com.ar\/%77%70%2d%6a%73%6f%6e\/wp\/v2\/posts\/179056\/revisions"}],"wp:featuredmedia":[{"embeddable":true,"href":"https:\/\/informelitoral.com.ar\/%77%70%2d%6a%73%6f%6e\/wp\/v2\/media\/179058"}],"wp:attachment":[{"href":"https:\/\/informelitoral.com.ar\/%77%70%2d%6a%73%6f%6e\/wp\/v2\/media?parent=179056"}],"wp:term":[{"taxonomy":"category","embeddable":true,"href":"https:\/\/informelitoral.com.ar\/%77%70%2d%6a%73%6f%6e\/wp\/v2\/categories?post=179056"},{"taxonomy":"post_tag","embeddable":true,"href":"https:\/\/informelitoral.com.ar\/%77%70%2d%6a%73%6f%6e\/wp\/v2\/tags?post=179056"}],"curies":[{"name":"wp","href":"https:\/\/api.w.org\/{rel}","templated":true}]}}