{"id":179042,"date":"2024-01-19T07:58:22","date_gmt":"2024-01-19T10:58:22","guid":{"rendered":"https:\/\/www.informelitoral.com.ar\/?p=179042"},"modified":"2024-01-19T19:25:11","modified_gmt":"2024-01-19T22:25:11","slug":"anuncian-prorroga-para-la-recategorizacion-de-monotributistas","status":"publish","type":"post","link":"https:\/\/informelitoral.com.ar\/anuncian-prorroga-para-la-recategorizacion-de-monotributistas\/","title":{"rendered":"Anuncian pr\u00f3rroga para la recategorizaci\u00f3n de monotributistas"},"content":{"rendered":"<p>La AFIP habr\u00eda accedido al pedido de prorrogar la <a href=\"https:\/\/www.informelitoral.com.ar\/monotributo-en-que-meses-se-pagaran-tres-cuotas-juntas-en-categorias-mas-bajas\/\" target=\"_blank\" rel=\"noopener\">recategorizaci\u00f3n del monotributo<\/a>, seg\u00fan inform\u00f3 el Consejo Profesional de Ciencias Econ\u00f3micas de la Ciudad de Buenos Aires.<\/p>\n<p>El vencimiento para recategorizarse era hasta el 22 de enero. Ahora, el nuevo plazo ser\u00eda el 5 de febrero.<\/p>\n<p>\u00abA partir de nuestras gestiones, la AFIP defini\u00f3 que se extienda el plazo para realizar el tr\u00e1mite hasta el 05 de febrero (originalmente, el vencimiento operaba el 22 de enero). En los pr\u00f3ximos d\u00edas se notificar\u00e1 en el Bolet\u00edn Oficial\u00bb, anunci\u00f3 el CPCE.<\/p>\n<p>Los per\u00edodos de recategorizaci\u00f3n se realizan dos veces al a\u00f1o, en enero y julio, y contemplan lo hecho durante los \u00faltimos 12 meses.<\/p>\n<h2><b>\u00bfCu\u00e1les son las nuevas categor\u00edas del monotributo de AFIP?<\/b><\/h2>\n<p>Los par\u00e1metros de cada categor\u00eda fueron actualizados a partir del 1\u00b0 de enero y quedaron establecidos en los siguientes valores:<\/p>\n<p>En el caso de los ingresos m\u00e1ximos permitidos, de acuerdo con la tabla publicada por el organismo, los valores son los siguientes. Categor\u00eda A: $2.108.288; B: $3.133.941; C: $4.387.518; D: $5.449.094; E: $6.416.528; F: $8.020.660; G: $9.624.793; H (escal\u00f3n m\u00e1s alto para la prestaci\u00f3n de servicios): $11.916.410.<\/p>\n<p>En las tres categor\u00edas en las que solo se admite a quienes se dedican a la venta de cosas muebles, los topes de ingresos son de $13.337.213 (I); $15.285.088 (J), y $16.957.968 (K).<\/p>\n<h2><b>\u00bfAFIP: c\u00f3mo se realiza la recategorizaci\u00f3n del monotributo?<\/b><\/h2>\n<div class=\"publi-top publi-listado\">\n<div class=\"publi-728\">\n<div id=\"banner-interior-b\" class=\"banner-zone-found banner-step-1 banner-loop-1 banner-is-dfp banner-step-4\" data-google-query-id=\"CO2snqql6YMDFT6IlQId2YgG4Q\">En el portal de AFIP completar CUIT y clave fiscal e ingresar al micrositio \u00abMonotributo\u00bb. Una vez all\u00ed, seleccionar la opci\u00f3n \u00abRecategorizarme\u00bb. Autom\u00e1ticamente, el sistema informar\u00e1 la categor\u00eda actual del contribuyente y los topes de cada par\u00e1metro de esa categor\u00eda. Luego se debe seleccionar la opci\u00f3n \u00abContinuar recategorizaci\u00f3n\u00bb.<\/div>\n<div data-google-query-id=\"CO2snqql6YMDFT6IlQId2YgG4Q\"><\/div>\n<div class=\"banner-zone-found banner-step-1 banner-loop-1 banner-is-dfp banner-step-4\" data-google-query-id=\"CO2snqql6YMDFT6IlQId2YgG4Q\">En el siguiente paso, se debe ingresar informaci\u00f3n sobre el monto facturado en los \u00faltimos 12 meses, datos sobre superficie afectada, alquileres devengados, precio unitario, etc\u00e9tera.<br \/>\nCon estos datos, el sistema determinar\u00e1 la nueva categor\u00eda en la que queda encuadrado el contribuyente.<\/div>\n<div data-google-query-id=\"CO2snqql6YMDFT6IlQId2YgG4Q\"><\/div>\n<div class=\"banner-zone-found banner-step-1 banner-loop-1 banner-is-dfp banner-step-4\" data-google-query-id=\"CO2snqql6YMDFT6IlQId2YgG4Q\">Luego, se debe seleccionar la opci\u00f3n \u00abConfirmar categor\u00eda\u00bb y por \u00faltimo, imprimir la nuevacredencial.<\/div>\n<\/div>\n<\/div>\n<h6 data-google-query-id=\"CO2snqql6YMDFT6IlQId2YgG4Q\"><em><strong>Ver tambi\u00e9n:\u00a0<a href=\"https:\/\/www.informelitoral.com.ar\/como-hacer-la-recategorizacion-de-monotributo\/\" target=\"_blank\" rel=\"noopener\">C\u00f3mo hacer la recategorizaci\u00f3n de monotributo<\/a><\/strong><\/em><\/h6>\n","protected":false},"excerpt":{"rendered":"<p>\u00abA partir de nuestras gestiones, la AFIP defini\u00f3 que se extienda el plazo para realizar el tr\u00e1mite hasta el 05 de febrero. En los pr\u00f3ximos d\u00edas se notificar\u00e1 en el Bolet\u00edn Oficial\u00bb, inform\u00f3 el Consejo Profesional de Ciencias Econ\u00f3micas.<\/p>\n","protected":false},"author":8,"featured_media":49380,"comment_status":"open","ping_status":"open","sticky":false,"template":"","format":"standard","meta":{"fifu_image_url":"","fifu_image_alt":"","footnotes":""},"categories":[7],"tags":[158,2462,605,2856],"class_list":{"0":"post-179042","1":"post","2":"type-post","3":"status-publish","4":"format-standard","5":"has-post-thumbnail","7":"category-nacionales","8":"tag-afip","9":"tag-monotributistas","10":"tag-monotributo","11":"tag-recategorizacion"},"yoast_head":"<title>Anuncian pr\u00f3rroga para la recategorizaci\u00f3n de monotributistas - Informe Litoral<\/title>\n<meta name=\"robots\" content=\"index, follow, max-snippet:-1, max-image-preview:large, max-video-preview:-1\" \/>\n<link rel=\"canonical\" href=\"https:\/\/informelitoral.com.ar\/anuncian-prorroga-para-la-recategorizacion-de-monotributistas\/\" \/>\n<meta property=\"og:locale\" content=\"es_ES\" \/>\n<meta property=\"og:type\" content=\"article\" \/>\n<meta property=\"og:title\" content=\"Anuncian pr\u00f3rroga para la recategorizaci\u00f3n de monotributistas - Informe Litoral\" \/>\n<meta property=\"og:description\" content=\"&quot;A partir de nuestras gestiones, la AFIP defini\u00f3 que se extienda el plazo para realizar el tr\u00e1mite hasta el 05 de febrero. En los pr\u00f3ximos d\u00edas se notificar\u00e1 en el Bolet\u00edn Oficial&quot;, inform\u00f3 el Consejo Profesional de Ciencias Econ\u00f3micas.\" \/>\n<meta property=\"og:url\" content=\"https:\/\/informelitoral.com.ar\/anuncian-prorroga-para-la-recategorizacion-de-monotributistas\/\" \/>\n<meta property=\"og:site_name\" content=\"Informe Litoral\" \/>\n<meta property=\"article:publisher\" content=\"https:\/\/www.facebook.com\/informelitoral\/\" \/>\n<meta property=\"article:published_time\" content=\"2024-01-19T10:58:22+00:00\" \/>\n<meta property=\"article:modified_time\" content=\"2024-01-19T22:25:11+00:00\" \/>\n<meta property=\"og:image\" content=\"https:\/\/informelitoral.com.ar\/%77%70%2d%63%6f%6e%74%65%6e%74\/uploads\/2020\/09\/Afip.jpg\" \/>\n\t<meta property=\"og:image:width\" content=\"1330\" \/>\n\t<meta property=\"og:image:height\" content=\"880\" \/>\n\t<meta property=\"og:image:type\" content=\"image\/jpeg\" \/>\n<meta name=\"author\" content=\"Sebastian\" \/>\n<meta name=\"twitter:card\" content=\"summary_large_image\" \/>\n<meta name=\"twitter:creator\" content=\"@InformeLitoral\" \/>\n<meta name=\"twitter:site\" content=\"@InformeLitoral\" \/>\n<meta name=\"twitter:label1\" content=\"Escrito por\" \/>\n\t<meta name=\"twitter:data1\" content=\"Sebastian\" \/>\n\t<meta name=\"twitter:label2\" content=\"Tiempo de lectura\" \/>\n\t<meta name=\"twitter:data2\" content=\"2 minutos\" \/>\n<script type=\"application\/ld+json\" class=\"yoast-schema-graph\">{\"@context\":\"https:\\\/\\\/schema.org\",\"@graph\":[{\"@type\":\"Article\",\"@id\":\"https:\\\/\\\/informelitoral.com.ar\\\/anuncian-prorroga-para-la-recategorizacion-de-monotributistas\\\/#article\",\"isPartOf\":{\"@id\":\"https:\\\/\\\/informelitoral.com.ar\\\/anuncian-prorroga-para-la-recategorizacion-de-monotributistas\\\/\"},\"author\":{\"name\":\"Sebastian\",\"@id\":\"https:\\\/\\\/informelitoral.com.ar\\\/#\\\/schema\\\/person\\\/f05f9f461677119578717524b127d6d5\"},\"headline\":\"Anuncian pr\u00f3rroga para la recategorizaci\u00f3n de monotributistas\",\"datePublished\":\"2024-01-19T10:58:22+00:00\",\"dateModified\":\"2024-01-19T22:25:11+00:00\",\"mainEntityOfPage\":{\"@id\":\"https:\\\/\\\/informelitoral.com.ar\\\/anuncian-prorroga-para-la-recategorizacion-de-monotributistas\\\/\"},\"wordCount\":370,\"commentCount\":0,\"publisher\":{\"@id\":\"https:\\\/\\\/informelitoral.com.ar\\\/#organization\"},\"image\":{\"@id\":\"https:\\\/\\\/informelitoral.com.ar\\\/anuncian-prorroga-para-la-recategorizacion-de-monotributistas\\\/#primaryimage\"},\"thumbnailUrl\":\"https:\\\/\\\/informelitoral.com.ar\\\/%77%70%2d%63%6f%6e%74%65%6e%74\\\/uploads\\\/2020\\\/09\\\/Afip.jpg\",\"keywords\":[\"AFIP\",\"Monotributistas\",\"Monotributo\",\"Recategorizaci\u00f3n\"],\"articleSection\":[\"Nacionales\"],\"inLanguage\":\"es\",\"potentialAction\":[{\"@type\":\"CommentAction\",\"name\":\"Comment\",\"target\":[\"https:\\\/\\\/informelitoral.com.ar\\\/anuncian-prorroga-para-la-recategorizacion-de-monotributistas\\\/#respond\"]}]},{\"@type\":\"WebPage\",\"@id\":\"https:\\\/\\\/informelitoral.com.ar\\\/anuncian-prorroga-para-la-recategorizacion-de-monotributistas\\\/\",\"url\":\"https:\\\/\\\/informelitoral.com.ar\\\/anuncian-prorroga-para-la-recategorizacion-de-monotributistas\\\/\",\"name\":\"Anuncian pr\u00f3rroga para la recategorizaci\u00f3n de monotributistas - Informe Litoral\",\"isPartOf\":{\"@id\":\"https:\\\/\\\/informelitoral.com.ar\\\/#website\"},\"primaryImageOfPage\":{\"@id\":\"https:\\\/\\\/informelitoral.com.ar\\\/anuncian-prorroga-para-la-recategorizacion-de-monotributistas\\\/#primaryimage\"},\"image\":{\"@id\":\"https:\\\/\\\/informelitoral.com.ar\\\/anuncian-prorroga-para-la-recategorizacion-de-monotributistas\\\/#primaryimage\"},\"thumbnailUrl\":\"https:\\\/\\\/informelitoral.com.ar\\\/%77%70%2d%63%6f%6e%74%65%6e%74\\\/uploads\\\/2020\\\/09\\\/Afip.jpg\",\"datePublished\":\"2024-01-19T10:58:22+00:00\",\"dateModified\":\"2024-01-19T22:25:11+00:00\",\"breadcrumb\":{\"@id\":\"https:\\\/\\\/informelitoral.com.ar\\\/anuncian-prorroga-para-la-recategorizacion-de-monotributistas\\\/#breadcrumb\"},\"inLanguage\":\"es\",\"potentialAction\":[{\"@type\":\"ReadAction\",\"target\":[\"https:\\\/\\\/informelitoral.com.ar\\\/anuncian-prorroga-para-la-recategorizacion-de-monotributistas\\\/\"]}]},{\"@type\":\"ImageObject\",\"inLanguage\":\"es\",\"@id\":\"https:\\\/\\\/informelitoral.com.ar\\\/anuncian-prorroga-para-la-recategorizacion-de-monotributistas\\\/#primaryimage\",\"url\":\"https:\\\/\\\/informelitoral.com.ar\\\/%77%70%2d%63%6f%6e%74%65%6e%74\\\/uploads\\\/2020\\\/09\\\/Afip.jpg\",\"contentUrl\":\"https:\\\/\\\/informelitoral.com.ar\\\/%77%70%2d%63%6f%6e%74%65%6e%74\\\/uploads\\\/2020\\\/09\\\/Afip.jpg\",\"width\":1330,\"height\":880},{\"@type\":\"BreadcrumbList\",\"@id\":\"https:\\\/\\\/informelitoral.com.ar\\\/anuncian-prorroga-para-la-recategorizacion-de-monotributistas\\\/#breadcrumb\",\"itemListElement\":[{\"@type\":\"ListItem\",\"position\":1,\"name\":\"Portada\",\"item\":\"https:\\\/\\\/informelitoral.com.ar\\\/\"},{\"@type\":\"ListItem\",\"position\":2,\"name\":\"Anuncian pr\u00f3rroga para la recategorizaci\u00f3n de monotributistas\"}]},{\"@type\":\"WebSite\",\"@id\":\"https:\\\/\\\/informelitoral.com.ar\\\/#website\",\"url\":\"https:\\\/\\\/informelitoral.com.ar\\\/\",\"name\":\"Informe Litoral\",\"description\":\"&quot;Nos informamos&quot; \",\"publisher\":{\"@id\":\"https:\\\/\\\/informelitoral.com.ar\\\/#organization\"},\"potentialAction\":[{\"@type\":\"SearchAction\",\"target\":{\"@type\":\"EntryPoint\",\"urlTemplate\":\"https:\\\/\\\/informelitoral.com.ar\\\/?s={search_term_string}\"},\"query-input\":{\"@type\":\"PropertyValueSpecification\",\"valueRequired\":true,\"valueName\":\"search_term_string\"}}],\"inLanguage\":\"es\"},{\"@type\":\"Organization\",\"@id\":\"https:\\\/\\\/informelitoral.com.ar\\\/#organization\",\"name\":\"Informe Litoral\",\"url\":\"https:\\\/\\\/informelitoral.com.ar\\\/\",\"logo\":{\"@type\":\"ImageObject\",\"inLanguage\":\"es\",\"@id\":\"https:\\\/\\\/informelitoral.com.ar\\\/#\\\/schema\\\/logo\\\/image\\\/\",\"url\":\"https:\\\/\\\/informelitoral.com.ar\\\/%77%70%2d%63%6f%6e%74%65%6e%74\\\/uploads\\\/2021\\\/01\\\/circulo.png\",\"contentUrl\":\"https:\\\/\\\/informelitoral.com.ar\\\/%77%70%2d%63%6f%6e%74%65%6e%74\\\/uploads\\\/2021\\\/01\\\/circulo.png\",\"width\":723,\"height\":731,\"caption\":\"Informe Litoral\"},\"image\":{\"@id\":\"https:\\\/\\\/informelitoral.com.ar\\\/#\\\/schema\\\/logo\\\/image\\\/\"},\"sameAs\":[\"https:\\\/\\\/www.facebook.com\\\/informelitoral\\\/\",\"https:\\\/\\\/x.com\\\/InformeLitoral\",\"https:\\\/\\\/www.instagram.com\\\/informelitoral\\\/\",\"https:\\\/\\\/www.youtube.com\\\/channel\\\/UCua4Qvz8Icb6MYqhoq9xLXw\"]},{\"@type\":\"Person\",\"@id\":\"https:\\\/\\\/informelitoral.com.ar\\\/#\\\/schema\\\/person\\\/f05f9f461677119578717524b127d6d5\",\"name\":\"Sebastian\",\"image\":{\"@type\":\"ImageObject\",\"inLanguage\":\"es\",\"@id\":\"https:\\\/\\\/secure.gravatar.com\\\/avatar\\\/b71bf7481d447dfb9583c7f2798e7cc64de6efb9067b74633ed8c31059a3bd82?s=96&d=mm&r=g\",\"url\":\"https:\\\/\\\/secure.gravatar.com\\\/avatar\\\/b71bf7481d447dfb9583c7f2798e7cc64de6efb9067b74633ed8c31059a3bd82?s=96&d=mm&r=g\",\"contentUrl\":\"https:\\\/\\\/secure.gravatar.com\\\/avatar\\\/b71bf7481d447dfb9583c7f2798e7cc64de6efb9067b74633ed8c31059a3bd82?s=96&d=mm&r=g\",\"caption\":\"Sebastian\"},\"url\":\"https:\\\/\\\/informelitoral.com.ar\\\/author\\\/sebastian\\\/\"}]}<\/script>","yoast_head_json":{"title":"Anuncian pr\u00f3rroga para la recategorizaci\u00f3n de monotributistas - Informe Litoral","robots":{"index":"index","follow":"follow","max-snippet":"max-snippet:-1","max-image-preview":"max-image-preview:large","max-video-preview":"max-video-preview:-1"},"canonical":"https:\/\/informelitoral.com.ar\/anuncian-prorroga-para-la-recategorizacion-de-monotributistas\/","og_locale":"es_ES","og_type":"article","og_title":"Anuncian pr\u00f3rroga para la recategorizaci\u00f3n de monotributistas - Informe Litoral","og_description":"\"A partir de nuestras gestiones, la AFIP defini\u00f3 que se extienda el plazo para realizar el tr\u00e1mite hasta el 05 de febrero. En los pr\u00f3ximos d\u00edas se notificar\u00e1 en el Bolet\u00edn Oficial\", inform\u00f3 el Consejo Profesional de Ciencias Econ\u00f3micas.","og_url":"https:\/\/informelitoral.com.ar\/anuncian-prorroga-para-la-recategorizacion-de-monotributistas\/","og_site_name":"Informe Litoral","article_publisher":"https:\/\/www.facebook.com\/informelitoral\/","article_published_time":"2024-01-19T10:58:22+00:00","article_modified_time":"2024-01-19T22:25:11+00:00","og_image":[{"width":1330,"height":880,"url":"https:\/\/informelitoral.com.ar\/%77%70%2d%63%6f%6e%74%65%6e%74\/uploads\/2020\/09\/Afip.jpg","type":"image\/jpeg"}],"author":"Sebastian","twitter_card":"summary_large_image","twitter_creator":"@InformeLitoral","twitter_site":"@InformeLitoral","twitter_misc":{"Escrito por":"Sebastian","Tiempo de lectura":"2 minutos"},"schema":{"@context":"https:\/\/schema.org","@graph":[{"@type":"Article","@id":"https:\/\/informelitoral.com.ar\/anuncian-prorroga-para-la-recategorizacion-de-monotributistas\/#article","isPartOf":{"@id":"https:\/\/informelitoral.com.ar\/anuncian-prorroga-para-la-recategorizacion-de-monotributistas\/"},"author":{"name":"Sebastian","@id":"https:\/\/informelitoral.com.ar\/#\/schema\/person\/f05f9f461677119578717524b127d6d5"},"headline":"Anuncian pr\u00f3rroga para la recategorizaci\u00f3n de monotributistas","datePublished":"2024-01-19T10:58:22+00:00","dateModified":"2024-01-19T22:25:11+00:00","mainEntityOfPage":{"@id":"https:\/\/informelitoral.com.ar\/anuncian-prorroga-para-la-recategorizacion-de-monotributistas\/"},"wordCount":370,"commentCount":0,"publisher":{"@id":"https:\/\/informelitoral.com.ar\/#organization"},"image":{"@id":"https:\/\/informelitoral.com.ar\/anuncian-prorroga-para-la-recategorizacion-de-monotributistas\/#primaryimage"},"thumbnailUrl":"https:\/\/informelitoral.com.ar\/%77%70%2d%63%6f%6e%74%65%6e%74\/uploads\/2020\/09\/Afip.jpg","keywords":["AFIP","Monotributistas","Monotributo","Recategorizaci\u00f3n"],"articleSection":["Nacionales"],"inLanguage":"es","potentialAction":[{"@type":"CommentAction","name":"Comment","target":["https:\/\/informelitoral.com.ar\/anuncian-prorroga-para-la-recategorizacion-de-monotributistas\/#respond"]}]},{"@type":"WebPage","@id":"https:\/\/informelitoral.com.ar\/anuncian-prorroga-para-la-recategorizacion-de-monotributistas\/","url":"https:\/\/informelitoral.com.ar\/anuncian-prorroga-para-la-recategorizacion-de-monotributistas\/","name":"Anuncian pr\u00f3rroga para la recategorizaci\u00f3n de monotributistas - Informe Litoral","isPartOf":{"@id":"https:\/\/informelitoral.com.ar\/#website"},"primaryImageOfPage":{"@id":"https:\/\/informelitoral.com.ar\/anuncian-prorroga-para-la-recategorizacion-de-monotributistas\/#primaryimage"},"image":{"@id":"https:\/\/informelitoral.com.ar\/anuncian-prorroga-para-la-recategorizacion-de-monotributistas\/#primaryimage"},"thumbnailUrl":"https:\/\/informelitoral.com.ar\/%77%70%2d%63%6f%6e%74%65%6e%74\/uploads\/2020\/09\/Afip.jpg","datePublished":"2024-01-19T10:58:22+00:00","dateModified":"2024-01-19T22:25:11+00:00","breadcrumb":{"@id":"https:\/\/informelitoral.com.ar\/anuncian-prorroga-para-la-recategorizacion-de-monotributistas\/#breadcrumb"},"inLanguage":"es","potentialAction":[{"@type":"ReadAction","target":["https:\/\/informelitoral.com.ar\/anuncian-prorroga-para-la-recategorizacion-de-monotributistas\/"]}]},{"@type":"ImageObject","inLanguage":"es","@id":"https:\/\/informelitoral.com.ar\/anuncian-prorroga-para-la-recategorizacion-de-monotributistas\/#primaryimage","url":"https:\/\/informelitoral.com.ar\/%77%70%2d%63%6f%6e%74%65%6e%74\/uploads\/2020\/09\/Afip.jpg","contentUrl":"https:\/\/informelitoral.com.ar\/%77%70%2d%63%6f%6e%74%65%6e%74\/uploads\/2020\/09\/Afip.jpg","width":1330,"height":880},{"@type":"BreadcrumbList","@id":"https:\/\/informelitoral.com.ar\/anuncian-prorroga-para-la-recategorizacion-de-monotributistas\/#breadcrumb","itemListElement":[{"@type":"ListItem","position":1,"name":"Portada","item":"https:\/\/informelitoral.com.ar\/"},{"@type":"ListItem","position":2,"name":"Anuncian pr\u00f3rroga para la recategorizaci\u00f3n de monotributistas"}]},{"@type":"WebSite","@id":"https:\/\/informelitoral.com.ar\/#website","url":"https:\/\/informelitoral.com.ar\/","name":"Informe Litoral","description":"&quot;Nos informamos&quot; ","publisher":{"@id":"https:\/\/informelitoral.com.ar\/#organization"},"potentialAction":[{"@type":"SearchAction","target":{"@type":"EntryPoint","urlTemplate":"https:\/\/informelitoral.com.ar\/?s={search_term_string}"},"query-input":{"@type":"PropertyValueSpecification","valueRequired":true,"valueName":"search_term_string"}}],"inLanguage":"es"},{"@type":"Organization","@id":"https:\/\/informelitoral.com.ar\/#organization","name":"Informe Litoral","url":"https:\/\/informelitoral.com.ar\/","logo":{"@type":"ImageObject","inLanguage":"es","@id":"https:\/\/informelitoral.com.ar\/#\/schema\/logo\/image\/","url":"https:\/\/informelitoral.com.ar\/%77%70%2d%63%6f%6e%74%65%6e%74\/uploads\/2021\/01\/circulo.png","contentUrl":"https:\/\/informelitoral.com.ar\/%77%70%2d%63%6f%6e%74%65%6e%74\/uploads\/2021\/01\/circulo.png","width":723,"height":731,"caption":"Informe Litoral"},"image":{"@id":"https:\/\/informelitoral.com.ar\/#\/schema\/logo\/image\/"},"sameAs":["https:\/\/www.facebook.com\/informelitoral\/","https:\/\/x.com\/InformeLitoral","https:\/\/www.instagram.com\/informelitoral\/","https:\/\/www.youtube.com\/channel\/UCua4Qvz8Icb6MYqhoq9xLXw"]},{"@type":"Person","@id":"https:\/\/informelitoral.com.ar\/#\/schema\/person\/f05f9f461677119578717524b127d6d5","name":"Sebastian","image":{"@type":"ImageObject","inLanguage":"es","@id":"https:\/\/secure.gravatar.com\/avatar\/b71bf7481d447dfb9583c7f2798e7cc64de6efb9067b74633ed8c31059a3bd82?s=96&d=mm&r=g","url":"https:\/\/secure.gravatar.com\/avatar\/b71bf7481d447dfb9583c7f2798e7cc64de6efb9067b74633ed8c31059a3bd82?s=96&d=mm&r=g","contentUrl":"https:\/\/secure.gravatar.com\/avatar\/b71bf7481d447dfb9583c7f2798e7cc64de6efb9067b74633ed8c31059a3bd82?s=96&d=mm&r=g","caption":"Sebastian"},"url":"https:\/\/informelitoral.com.ar\/author\/sebastian\/"}]}},"_links":{"self":[{"href":"https:\/\/informelitoral.com.ar\/%77%70%2d%6a%73%6f%6e\/wp\/v2\/posts\/179042","targetHints":{"allow":["GET"]}}],"collection":[{"href":"https:\/\/informelitoral.com.ar\/%77%70%2d%6a%73%6f%6e\/wp\/v2\/posts"}],"about":[{"href":"https:\/\/informelitoral.com.ar\/%77%70%2d%6a%73%6f%6e\/wp\/v2\/types\/post"}],"author":[{"embeddable":true,"href":"https:\/\/informelitoral.com.ar\/%77%70%2d%6a%73%6f%6e\/wp\/v2\/users\/8"}],"replies":[{"embeddable":true,"href":"https:\/\/informelitoral.com.ar\/%77%70%2d%6a%73%6f%6e\/wp\/v2\/comments?post=179042"}],"version-history":[{"count":0,"href":"https:\/\/informelitoral.com.ar\/%77%70%2d%6a%73%6f%6e\/wp\/v2\/posts\/179042\/revisions"}],"wp:featuredmedia":[{"embeddable":true,"href":"https:\/\/informelitoral.com.ar\/%77%70%2d%6a%73%6f%6e\/wp\/v2\/media\/49380"}],"wp:attachment":[{"href":"https:\/\/informelitoral.com.ar\/%77%70%2d%6a%73%6f%6e\/wp\/v2\/media?parent=179042"}],"wp:term":[{"taxonomy":"category","embeddable":true,"href":"https:\/\/informelitoral.com.ar\/%77%70%2d%6a%73%6f%6e\/wp\/v2\/categories?post=179042"},{"taxonomy":"post_tag","embeddable":true,"href":"https:\/\/informelitoral.com.ar\/%77%70%2d%6a%73%6f%6e\/wp\/v2\/tags?post=179042"}],"curies":[{"name":"wp","href":"https:\/\/api.w.org\/{rel}","templated":true}]}}