{"id":177630,"date":"2024-01-05T10:26:03","date_gmt":"2024-01-05T13:26:03","guid":{"rendered":"https:\/\/www.informelitoral.com.ar\/?p=177630"},"modified":"2024-01-05T15:01:08","modified_gmt":"2024-01-05T18:01:08","slug":"frigerio-remarco-que-hay-que-garantizar-los-190-dias-de-clases","status":"publish","type":"post","link":"https:\/\/informelitoral.com.ar\/frigerio-remarco-que-hay-que-garantizar-los-190-dias-de-clases\/","title":{"rendered":"Frigerio remarc\u00f3 que hay que garantizar los 190 d\u00edas de clases"},"content":{"rendered":"<p>En la reuni\u00f3n, realizada en el auditorio General San Mart\u00edn del Consejo General de Educaci\u00f3n (CGE), la titular del organismo,<strong> Alicia Fregonese,<\/strong> present\u00f3 su equipo de trabajo. All\u00ed, el gobernador manifest\u00f3 que \u201cgarantizar los 190 d\u00edas de clases es nuestra obligaci\u00f3n\u201d y pidi\u00f3 a quienes estar\u00e1n dirigiendo las direcciones departamentales de escuelas \u201credoblar esfuerzos para que eso ocurra en todas las escuelas de la provincia\u201d.<\/p>\n<p>\u201cNuestra tarea tiene que ver con la inserci\u00f3n laboral de los estudiantes, la capacitaci\u00f3n de los docentes, la infraestructura escolar, un plan de alfabetizaci\u00f3n, la evaluaci\u00f3n permanente, para saber d\u00f3nde estamos parados. Porque todos los a\u00f1os tenemos que fijarnos metas de progreso para mejorar todos los d\u00edas\u00bb, destac\u00f3 el mandatario.<\/p>\n<p>Durante la jornada se plantearon los principales lineamientos del plan de trabajo y del rol que deben cumplir quienes est\u00e1n al frente de las direcciones departamentales. El foco estuvo puesto en la necesidad de trabajar en forma coordinada y agilizar las cuestiones administrativas para poner en primer plano la tarea educativa.<\/p>\n","protected":false},"excerpt":{"rendered":"<p>El gobernador Rogelio Frigerio particip\u00f3 del primer encuentro de trabajo con quienes estar\u00e1n a cargo de las direcciones departamentales de escuelas. En ese marco, asegur\u00f3 que los 190 d\u00edas de clases \u201cno es un promedio, tiene que ocurrir en cada escuela\u201d.<\/p>\n","protected":false},"author":8,"featured_media":175239,"comment_status":"open","ping_status":"open","sticky":false,"template":"","format":"standard","meta":{"fifu_image_url":"","fifu_image_alt":"","footnotes":""},"categories":[6,16],"tags":[2329,1545,81,949],"class_list":{"0":"post-177630","1":"post","2":"type-post","3":"status-publish","4":"format-standard","5":"has-post-thumbnail","7":"category-entre-rios","8":"category-politi","9":"tag-ciclo-lectivo","10":"tag-clases","11":"tag-entre-rios","12":"tag-rogelio-frigerio"},"yoast_head":"<title>Frigerio remarc\u00f3 que hay que garantizar los 190 d\u00edas de clases - Informe Litoral<\/title>\n<meta name=\"robots\" content=\"index, follow, max-snippet:-1, max-image-preview:large, max-video-preview:-1\" \/>\n<link rel=\"canonical\" href=\"https:\/\/informelitoral.com.ar\/frigerio-remarco-que-hay-que-garantizar-los-190-dias-de-clases\/\" \/>\n<meta property=\"og:locale\" content=\"es_ES\" \/>\n<meta property=\"og:type\" content=\"article\" \/>\n<meta property=\"og:title\" content=\"Frigerio remarc\u00f3 que hay que garantizar los 190 d\u00edas de clases - Informe Litoral\" \/>\n<meta property=\"og:description\" content=\"El gobernador Rogelio Frigerio particip\u00f3 del primer encuentro de trabajo con quienes estar\u00e1n a cargo de las direcciones departamentales de escuelas. En ese marco, asegur\u00f3 que los 190 d\u00edas de clases \u201cno es un promedio, tiene que ocurrir en cada escuela\u201d.\" \/>\n<meta property=\"og:url\" content=\"https:\/\/informelitoral.com.ar\/frigerio-remarco-que-hay-que-garantizar-los-190-dias-de-clases\/\" \/>\n<meta property=\"og:site_name\" content=\"Informe Litoral\" \/>\n<meta property=\"article:publisher\" content=\"https:\/\/www.facebook.com\/informelitoral\/\" \/>\n<meta property=\"article:published_time\" content=\"2024-01-05T13:26:03+00:00\" \/>\n<meta property=\"article:modified_time\" content=\"2024-01-05T18:01:08+00:00\" \/>\n<meta property=\"og:image\" content=\"https:\/\/informelitoral.com.ar\/%77%70%2d%63%6f%6e%74%65%6e%74\/uploads\/2023\/12\/frigerio-asuncion.jpg\" \/>\n\t<meta property=\"og:image:width\" content=\"2048\" \/>\n\t<meta property=\"og:image:height\" content=\"1369\" \/>\n\t<meta property=\"og:image:type\" content=\"image\/jpeg\" \/>\n<meta name=\"author\" content=\"Sebastian\" \/>\n<meta name=\"twitter:card\" content=\"summary_large_image\" \/>\n<meta name=\"twitter:creator\" content=\"@InformeLitoral\" \/>\n<meta name=\"twitter:site\" content=\"@InformeLitoral\" \/>\n<meta name=\"twitter:label1\" content=\"Escrito por\" \/>\n\t<meta name=\"twitter:data1\" content=\"Sebastian\" \/>\n\t<meta name=\"twitter:label2\" content=\"Tiempo de lectura\" \/>\n\t<meta name=\"twitter:data2\" content=\"1 minuto\" \/>\n<script type=\"application\/ld+json\" class=\"yoast-schema-graph\">{\"@context\":\"https:\\\/\\\/schema.org\",\"@graph\":[{\"@type\":\"Article\",\"@id\":\"https:\\\/\\\/informelitoral.com.ar\\\/frigerio-remarco-que-hay-que-garantizar-los-190-dias-de-clases\\\/#article\",\"isPartOf\":{\"@id\":\"https:\\\/\\\/informelitoral.com.ar\\\/frigerio-remarco-que-hay-que-garantizar-los-190-dias-de-clases\\\/\"},\"author\":{\"name\":\"Sebastian\",\"@id\":\"https:\\\/\\\/informelitoral.com.ar\\\/#\\\/schema\\\/person\\\/f05f9f461677119578717524b127d6d5\"},\"headline\":\"Frigerio remarc\u00f3 que hay que garantizar los 190 d\u00edas de clases\",\"datePublished\":\"2024-01-05T13:26:03+00:00\",\"dateModified\":\"2024-01-05T18:01:08+00:00\",\"mainEntityOfPage\":{\"@id\":\"https:\\\/\\\/informelitoral.com.ar\\\/frigerio-remarco-que-hay-que-garantizar-los-190-dias-de-clases\\\/\"},\"wordCount\":190,\"commentCount\":0,\"publisher\":{\"@id\":\"https:\\\/\\\/informelitoral.com.ar\\\/#organization\"},\"image\":{\"@id\":\"https:\\\/\\\/informelitoral.com.ar\\\/frigerio-remarco-que-hay-que-garantizar-los-190-dias-de-clases\\\/#primaryimage\"},\"thumbnailUrl\":\"https:\\\/\\\/informelitoral.com.ar\\\/%77%70%2d%63%6f%6e%74%65%6e%74\\\/uploads\\\/2023\\\/12\\\/frigerio-asuncion.jpg\",\"keywords\":[\"Ciclo lectivo\",\"Clases\",\"Entre R\u00edos\",\"Rogelio Frigerio\"],\"articleSection\":[\"Entre R\u00edos\",\"Politica\"],\"inLanguage\":\"es\",\"potentialAction\":[{\"@type\":\"CommentAction\",\"name\":\"Comment\",\"target\":[\"https:\\\/\\\/informelitoral.com.ar\\\/frigerio-remarco-que-hay-que-garantizar-los-190-dias-de-clases\\\/#respond\"]}]},{\"@type\":\"WebPage\",\"@id\":\"https:\\\/\\\/informelitoral.com.ar\\\/frigerio-remarco-que-hay-que-garantizar-los-190-dias-de-clases\\\/\",\"url\":\"https:\\\/\\\/informelitoral.com.ar\\\/frigerio-remarco-que-hay-que-garantizar-los-190-dias-de-clases\\\/\",\"name\":\"Frigerio remarc\u00f3 que hay que garantizar los 190 d\u00edas de clases - Informe Litoral\",\"isPartOf\":{\"@id\":\"https:\\\/\\\/informelitoral.com.ar\\\/#website\"},\"primaryImageOfPage\":{\"@id\":\"https:\\\/\\\/informelitoral.com.ar\\\/frigerio-remarco-que-hay-que-garantizar-los-190-dias-de-clases\\\/#primaryimage\"},\"image\":{\"@id\":\"https:\\\/\\\/informelitoral.com.ar\\\/frigerio-remarco-que-hay-que-garantizar-los-190-dias-de-clases\\\/#primaryimage\"},\"thumbnailUrl\":\"https:\\\/\\\/informelitoral.com.ar\\\/%77%70%2d%63%6f%6e%74%65%6e%74\\\/uploads\\\/2023\\\/12\\\/frigerio-asuncion.jpg\",\"datePublished\":\"2024-01-05T13:26:03+00:00\",\"dateModified\":\"2024-01-05T18:01:08+00:00\",\"breadcrumb\":{\"@id\":\"https:\\\/\\\/informelitoral.com.ar\\\/frigerio-remarco-que-hay-que-garantizar-los-190-dias-de-clases\\\/#breadcrumb\"},\"inLanguage\":\"es\",\"potentialAction\":[{\"@type\":\"ReadAction\",\"target\":[\"https:\\\/\\\/informelitoral.com.ar\\\/frigerio-remarco-que-hay-que-garantizar-los-190-dias-de-clases\\\/\"]}]},{\"@type\":\"ImageObject\",\"inLanguage\":\"es\",\"@id\":\"https:\\\/\\\/informelitoral.com.ar\\\/frigerio-remarco-que-hay-que-garantizar-los-190-dias-de-clases\\\/#primaryimage\",\"url\":\"https:\\\/\\\/informelitoral.com.ar\\\/%77%70%2d%63%6f%6e%74%65%6e%74\\\/uploads\\\/2023\\\/12\\\/frigerio-asuncion.jpg\",\"contentUrl\":\"https:\\\/\\\/informelitoral.com.ar\\\/%77%70%2d%63%6f%6e%74%65%6e%74\\\/uploads\\\/2023\\\/12\\\/frigerio-asuncion.jpg\",\"width\":2048,\"height\":1369},{\"@type\":\"BreadcrumbList\",\"@id\":\"https:\\\/\\\/informelitoral.com.ar\\\/frigerio-remarco-que-hay-que-garantizar-los-190-dias-de-clases\\\/#breadcrumb\",\"itemListElement\":[{\"@type\":\"ListItem\",\"position\":1,\"name\":\"Portada\",\"item\":\"https:\\\/\\\/informelitoral.com.ar\\\/\"},{\"@type\":\"ListItem\",\"position\":2,\"name\":\"Frigerio remarc\u00f3 que hay que garantizar los 190 d\u00edas de clases\"}]},{\"@type\":\"WebSite\",\"@id\":\"https:\\\/\\\/informelitoral.com.ar\\\/#website\",\"url\":\"https:\\\/\\\/informelitoral.com.ar\\\/\",\"name\":\"Informe Litoral\",\"description\":\"&quot;Nos informamos&quot; \",\"publisher\":{\"@id\":\"https:\\\/\\\/informelitoral.com.ar\\\/#organization\"},\"potentialAction\":[{\"@type\":\"SearchAction\",\"target\":{\"@type\":\"EntryPoint\",\"urlTemplate\":\"https:\\\/\\\/informelitoral.com.ar\\\/?s={search_term_string}\"},\"query-input\":{\"@type\":\"PropertyValueSpecification\",\"valueRequired\":true,\"valueName\":\"search_term_string\"}}],\"inLanguage\":\"es\"},{\"@type\":\"Organization\",\"@id\":\"https:\\\/\\\/informelitoral.com.ar\\\/#organization\",\"name\":\"Informe Litoral\",\"url\":\"https:\\\/\\\/informelitoral.com.ar\\\/\",\"logo\":{\"@type\":\"ImageObject\",\"inLanguage\":\"es\",\"@id\":\"https:\\\/\\\/informelitoral.com.ar\\\/#\\\/schema\\\/logo\\\/image\\\/\",\"url\":\"https:\\\/\\\/informelitoral.com.ar\\\/%77%70%2d%63%6f%6e%74%65%6e%74\\\/uploads\\\/2021\\\/01\\\/circulo.png\",\"contentUrl\":\"https:\\\/\\\/informelitoral.com.ar\\\/%77%70%2d%63%6f%6e%74%65%6e%74\\\/uploads\\\/2021\\\/01\\\/circulo.png\",\"width\":723,\"height\":731,\"caption\":\"Informe Litoral\"},\"image\":{\"@id\":\"https:\\\/\\\/informelitoral.com.ar\\\/#\\\/schema\\\/logo\\\/image\\\/\"},\"sameAs\":[\"https:\\\/\\\/www.facebook.com\\\/informelitoral\\\/\",\"https:\\\/\\\/x.com\\\/InformeLitoral\",\"https:\\\/\\\/www.instagram.com\\\/informelitoral\\\/\",\"https:\\\/\\\/www.youtube.com\\\/channel\\\/UCua4Qvz8Icb6MYqhoq9xLXw\"]},{\"@type\":\"Person\",\"@id\":\"https:\\\/\\\/informelitoral.com.ar\\\/#\\\/schema\\\/person\\\/f05f9f461677119578717524b127d6d5\",\"name\":\"Sebastian\",\"image\":{\"@type\":\"ImageObject\",\"inLanguage\":\"es\",\"@id\":\"https:\\\/\\\/secure.gravatar.com\\\/avatar\\\/b71bf7481d447dfb9583c7f2798e7cc64de6efb9067b74633ed8c31059a3bd82?s=96&d=mm&r=g\",\"url\":\"https:\\\/\\\/secure.gravatar.com\\\/avatar\\\/b71bf7481d447dfb9583c7f2798e7cc64de6efb9067b74633ed8c31059a3bd82?s=96&d=mm&r=g\",\"contentUrl\":\"https:\\\/\\\/secure.gravatar.com\\\/avatar\\\/b71bf7481d447dfb9583c7f2798e7cc64de6efb9067b74633ed8c31059a3bd82?s=96&d=mm&r=g\",\"caption\":\"Sebastian\"},\"url\":\"https:\\\/\\\/informelitoral.com.ar\\\/author\\\/sebastian\\\/\"}]}<\/script>","yoast_head_json":{"title":"Frigerio remarc\u00f3 que hay que garantizar los 190 d\u00edas de clases - Informe Litoral","robots":{"index":"index","follow":"follow","max-snippet":"max-snippet:-1","max-image-preview":"max-image-preview:large","max-video-preview":"max-video-preview:-1"},"canonical":"https:\/\/informelitoral.com.ar\/frigerio-remarco-que-hay-que-garantizar-los-190-dias-de-clases\/","og_locale":"es_ES","og_type":"article","og_title":"Frigerio remarc\u00f3 que hay que garantizar los 190 d\u00edas de clases - Informe Litoral","og_description":"El gobernador Rogelio Frigerio particip\u00f3 del primer encuentro de trabajo con quienes estar\u00e1n a cargo de las direcciones departamentales de escuelas. En ese marco, asegur\u00f3 que los 190 d\u00edas de clases \u201cno es un promedio, tiene que ocurrir en cada escuela\u201d.","og_url":"https:\/\/informelitoral.com.ar\/frigerio-remarco-que-hay-que-garantizar-los-190-dias-de-clases\/","og_site_name":"Informe Litoral","article_publisher":"https:\/\/www.facebook.com\/informelitoral\/","article_published_time":"2024-01-05T13:26:03+00:00","article_modified_time":"2024-01-05T18:01:08+00:00","og_image":[{"width":2048,"height":1369,"url":"https:\/\/informelitoral.com.ar\/%77%70%2d%63%6f%6e%74%65%6e%74\/uploads\/2023\/12\/frigerio-asuncion.jpg","type":"image\/jpeg"}],"author":"Sebastian","twitter_card":"summary_large_image","twitter_creator":"@InformeLitoral","twitter_site":"@InformeLitoral","twitter_misc":{"Escrito por":"Sebastian","Tiempo de lectura":"1 minuto"},"schema":{"@context":"https:\/\/schema.org","@graph":[{"@type":"Article","@id":"https:\/\/informelitoral.com.ar\/frigerio-remarco-que-hay-que-garantizar-los-190-dias-de-clases\/#article","isPartOf":{"@id":"https:\/\/informelitoral.com.ar\/frigerio-remarco-que-hay-que-garantizar-los-190-dias-de-clases\/"},"author":{"name":"Sebastian","@id":"https:\/\/informelitoral.com.ar\/#\/schema\/person\/f05f9f461677119578717524b127d6d5"},"headline":"Frigerio remarc\u00f3 que hay que garantizar los 190 d\u00edas de clases","datePublished":"2024-01-05T13:26:03+00:00","dateModified":"2024-01-05T18:01:08+00:00","mainEntityOfPage":{"@id":"https:\/\/informelitoral.com.ar\/frigerio-remarco-que-hay-que-garantizar-los-190-dias-de-clases\/"},"wordCount":190,"commentCount":0,"publisher":{"@id":"https:\/\/informelitoral.com.ar\/#organization"},"image":{"@id":"https:\/\/informelitoral.com.ar\/frigerio-remarco-que-hay-que-garantizar-los-190-dias-de-clases\/#primaryimage"},"thumbnailUrl":"https:\/\/informelitoral.com.ar\/%77%70%2d%63%6f%6e%74%65%6e%74\/uploads\/2023\/12\/frigerio-asuncion.jpg","keywords":["Ciclo lectivo","Clases","Entre R\u00edos","Rogelio Frigerio"],"articleSection":["Entre R\u00edos","Politica"],"inLanguage":"es","potentialAction":[{"@type":"CommentAction","name":"Comment","target":["https:\/\/informelitoral.com.ar\/frigerio-remarco-que-hay-que-garantizar-los-190-dias-de-clases\/#respond"]}]},{"@type":"WebPage","@id":"https:\/\/informelitoral.com.ar\/frigerio-remarco-que-hay-que-garantizar-los-190-dias-de-clases\/","url":"https:\/\/informelitoral.com.ar\/frigerio-remarco-que-hay-que-garantizar-los-190-dias-de-clases\/","name":"Frigerio remarc\u00f3 que hay que garantizar los 190 d\u00edas de clases - Informe Litoral","isPartOf":{"@id":"https:\/\/informelitoral.com.ar\/#website"},"primaryImageOfPage":{"@id":"https:\/\/informelitoral.com.ar\/frigerio-remarco-que-hay-que-garantizar-los-190-dias-de-clases\/#primaryimage"},"image":{"@id":"https:\/\/informelitoral.com.ar\/frigerio-remarco-que-hay-que-garantizar-los-190-dias-de-clases\/#primaryimage"},"thumbnailUrl":"https:\/\/informelitoral.com.ar\/%77%70%2d%63%6f%6e%74%65%6e%74\/uploads\/2023\/12\/frigerio-asuncion.jpg","datePublished":"2024-01-05T13:26:03+00:00","dateModified":"2024-01-05T18:01:08+00:00","breadcrumb":{"@id":"https:\/\/informelitoral.com.ar\/frigerio-remarco-que-hay-que-garantizar-los-190-dias-de-clases\/#breadcrumb"},"inLanguage":"es","potentialAction":[{"@type":"ReadAction","target":["https:\/\/informelitoral.com.ar\/frigerio-remarco-que-hay-que-garantizar-los-190-dias-de-clases\/"]}]},{"@type":"ImageObject","inLanguage":"es","@id":"https:\/\/informelitoral.com.ar\/frigerio-remarco-que-hay-que-garantizar-los-190-dias-de-clases\/#primaryimage","url":"https:\/\/informelitoral.com.ar\/%77%70%2d%63%6f%6e%74%65%6e%74\/uploads\/2023\/12\/frigerio-asuncion.jpg","contentUrl":"https:\/\/informelitoral.com.ar\/%77%70%2d%63%6f%6e%74%65%6e%74\/uploads\/2023\/12\/frigerio-asuncion.jpg","width":2048,"height":1369},{"@type":"BreadcrumbList","@id":"https:\/\/informelitoral.com.ar\/frigerio-remarco-que-hay-que-garantizar-los-190-dias-de-clases\/#breadcrumb","itemListElement":[{"@type":"ListItem","position":1,"name":"Portada","item":"https:\/\/informelitoral.com.ar\/"},{"@type":"ListItem","position":2,"name":"Frigerio remarc\u00f3 que hay que garantizar los 190 d\u00edas de clases"}]},{"@type":"WebSite","@id":"https:\/\/informelitoral.com.ar\/#website","url":"https:\/\/informelitoral.com.ar\/","name":"Informe Litoral","description":"&quot;Nos informamos&quot; ","publisher":{"@id":"https:\/\/informelitoral.com.ar\/#organization"},"potentialAction":[{"@type":"SearchAction","target":{"@type":"EntryPoint","urlTemplate":"https:\/\/informelitoral.com.ar\/?s={search_term_string}"},"query-input":{"@type":"PropertyValueSpecification","valueRequired":true,"valueName":"search_term_string"}}],"inLanguage":"es"},{"@type":"Organization","@id":"https:\/\/informelitoral.com.ar\/#organization","name":"Informe Litoral","url":"https:\/\/informelitoral.com.ar\/","logo":{"@type":"ImageObject","inLanguage":"es","@id":"https:\/\/informelitoral.com.ar\/#\/schema\/logo\/image\/","url":"https:\/\/informelitoral.com.ar\/%77%70%2d%63%6f%6e%74%65%6e%74\/uploads\/2021\/01\/circulo.png","contentUrl":"https:\/\/informelitoral.com.ar\/%77%70%2d%63%6f%6e%74%65%6e%74\/uploads\/2021\/01\/circulo.png","width":723,"height":731,"caption":"Informe Litoral"},"image":{"@id":"https:\/\/informelitoral.com.ar\/#\/schema\/logo\/image\/"},"sameAs":["https:\/\/www.facebook.com\/informelitoral\/","https:\/\/x.com\/InformeLitoral","https:\/\/www.instagram.com\/informelitoral\/","https:\/\/www.youtube.com\/channel\/UCua4Qvz8Icb6MYqhoq9xLXw"]},{"@type":"Person","@id":"https:\/\/informelitoral.com.ar\/#\/schema\/person\/f05f9f461677119578717524b127d6d5","name":"Sebastian","image":{"@type":"ImageObject","inLanguage":"es","@id":"https:\/\/secure.gravatar.com\/avatar\/b71bf7481d447dfb9583c7f2798e7cc64de6efb9067b74633ed8c31059a3bd82?s=96&d=mm&r=g","url":"https:\/\/secure.gravatar.com\/avatar\/b71bf7481d447dfb9583c7f2798e7cc64de6efb9067b74633ed8c31059a3bd82?s=96&d=mm&r=g","contentUrl":"https:\/\/secure.gravatar.com\/avatar\/b71bf7481d447dfb9583c7f2798e7cc64de6efb9067b74633ed8c31059a3bd82?s=96&d=mm&r=g","caption":"Sebastian"},"url":"https:\/\/informelitoral.com.ar\/author\/sebastian\/"}]}},"_links":{"self":[{"href":"https:\/\/informelitoral.com.ar\/%77%70%2d%6a%73%6f%6e\/wp\/v2\/posts\/177630","targetHints":{"allow":["GET"]}}],"collection":[{"href":"https:\/\/informelitoral.com.ar\/%77%70%2d%6a%73%6f%6e\/wp\/v2\/posts"}],"about":[{"href":"https:\/\/informelitoral.com.ar\/%77%70%2d%6a%73%6f%6e\/wp\/v2\/types\/post"}],"author":[{"embeddable":true,"href":"https:\/\/informelitoral.com.ar\/%77%70%2d%6a%73%6f%6e\/wp\/v2\/users\/8"}],"replies":[{"embeddable":true,"href":"https:\/\/informelitoral.com.ar\/%77%70%2d%6a%73%6f%6e\/wp\/v2\/comments?post=177630"}],"version-history":[{"count":0,"href":"https:\/\/informelitoral.com.ar\/%77%70%2d%6a%73%6f%6e\/wp\/v2\/posts\/177630\/revisions"}],"wp:featuredmedia":[{"embeddable":true,"href":"https:\/\/informelitoral.com.ar\/%77%70%2d%6a%73%6f%6e\/wp\/v2\/media\/175239"}],"wp:attachment":[{"href":"https:\/\/informelitoral.com.ar\/%77%70%2d%6a%73%6f%6e\/wp\/v2\/media?parent=177630"}],"wp:term":[{"taxonomy":"category","embeddable":true,"href":"https:\/\/informelitoral.com.ar\/%77%70%2d%6a%73%6f%6e\/wp\/v2\/categories?post=177630"},{"taxonomy":"post_tag","embeddable":true,"href":"https:\/\/informelitoral.com.ar\/%77%70%2d%6a%73%6f%6e\/wp\/v2\/tags?post=177630"}],"curies":[{"name":"wp","href":"https:\/\/api.w.org\/{rel}","templated":true}]}}