{"id":177606,"date":"2024-01-05T09:51:21","date_gmt":"2024-01-05T12:51:21","guid":{"rendered":"https:\/\/www.informelitoral.com.ar\/?p=177606"},"modified":"2024-01-05T09:55:34","modified_gmt":"2024-01-05T12:55:34","slug":"infraganti-dos-detenidos-cuando-se-aprestaban-a-hurtar-bicicletas","status":"publish","type":"post","link":"https:\/\/informelitoral.com.ar\/infraganti-dos-detenidos-cuando-se-aprestaban-a-hurtar-bicicletas\/","title":{"rendered":"Nogoy\u00e1: dos detenidos cuando se aprestaban a hurtar bicicletas"},"content":{"rendered":"<p>En horas de la siesta del martes, efectivos de la Divisi\u00f3n Investigaciones de Nogoy\u00e1 tomaron intervenci\u00f3n en lo que en pocos segundos m\u00e1s ser\u00eda un delito perpetrado. El Jefe Departamental, Rafael Godoy, precis\u00f3\u00a0que \u00abalrededor de las 13:35, la Divisi\u00f3n Investigaciones tom\u00f3 conocimiento que en una obra en construcci\u00f3n -ubicada en calle Mihura y Bicentenario-, andaban dos hombres, desconocidos para los vecinos, con aparentes intenciones de cometer un hecho delictivo\u00bb.<\/p>\n<p>Una dotaci\u00f3n acudi\u00f3 hasta la zona \u00aby localiz\u00f3 a ambos individuos, en calle Belgrano, siendo demorados con dos bicicletas y una pala ancha nueva, elementos de los que no pudieron acreditar propiedad, manifestando vacilaciones respecto de la procedencia\u00bb, sostuvo Godoy.<\/p>\n<p>La Fiscal\u00eda en turno orden\u00f3 el traslado de los sujetos -de 29 y 33 a\u00f1os de edad-, hasta la Jefatura Departamental de Polic\u00eda, quedando alojados por el supuesto delito de Tentativa de Hurto en Flagrancia.<\/p>\n<p>Asimismo, los efectos fueron secuestrados; inici\u00e1ndose una causa paralela a los fines de \u00abEstablecer real Procedencia y Propiedad\u00bb, con intervenci\u00f3n del gabinete criminal\u00edstico.<\/p>\n","protected":false},"excerpt":{"rendered":"<p>J\u00f3venes nogoyaenses fueron apresados en flagrancia, evitando as\u00ed la polic\u00eda que dos ciudadanos se vieran afectados por la sustracci\u00f3n de sus respectivos medios de movilidad.<\/p>\n","protected":false},"author":8,"featured_media":24888,"comment_status":"open","ping_status":"open","sticky":false,"template":"","format":"standard","meta":{"fifu_image_url":"","fifu_image_alt":"","footnotes":""},"categories":[14],"tags":[74,308],"class_list":{"0":"post-177606","1":"post","2":"type-post","3":"status-publish","4":"format-standard","5":"has-post-thumbnail","7":"category-policiales","8":"tag-nogoya","9":"tag-robo"},"yoast_head":"<title>Nogoy\u00e1: dos detenidos cuando se aprestaban a hurtar bicicletas - Informe Litoral<\/title>\n<meta name=\"robots\" content=\"index, follow, max-snippet:-1, max-image-preview:large, max-video-preview:-1\" \/>\n<link rel=\"canonical\" href=\"https:\/\/informelitoral.com.ar\/infraganti-dos-detenidos-cuando-se-aprestaban-a-hurtar-bicicletas\/\" \/>\n<meta property=\"og:locale\" content=\"es_ES\" \/>\n<meta property=\"og:type\" content=\"article\" \/>\n<meta property=\"og:title\" content=\"Nogoy\u00e1: dos detenidos cuando se aprestaban a hurtar bicicletas - Informe Litoral\" \/>\n<meta property=\"og:description\" content=\"J\u00f3venes nogoyaenses fueron apresados en flagrancia, evitando as\u00ed la polic\u00eda que dos ciudadanos se vieran afectados por la sustracci\u00f3n de sus respectivos medios de movilidad.\" \/>\n<meta property=\"og:url\" content=\"https:\/\/informelitoral.com.ar\/infraganti-dos-detenidos-cuando-se-aprestaban-a-hurtar-bicicletas\/\" \/>\n<meta property=\"og:site_name\" content=\"Informe Litoral\" \/>\n<meta property=\"article:publisher\" content=\"https:\/\/www.facebook.com\/informelitoral\/\" \/>\n<meta property=\"article:published_time\" content=\"2024-01-05T12:51:21+00:00\" \/>\n<meta property=\"article:modified_time\" content=\"2024-01-05T12:55:34+00:00\" \/>\n<meta property=\"og:image\" content=\"https:\/\/informelitoral.com.ar\/%77%70%2d%63%6f%6e%74%65%6e%74\/uploads\/2018\/02\/policia-patrullero-768x506.jpg\" \/>\n\t<meta property=\"og:image:width\" content=\"768\" \/>\n\t<meta property=\"og:image:height\" content=\"506\" \/>\n\t<meta property=\"og:image:type\" content=\"image\/jpeg\" \/>\n<meta name=\"author\" content=\"Sebastian\" \/>\n<meta name=\"twitter:card\" content=\"summary_large_image\" \/>\n<meta name=\"twitter:creator\" content=\"@InformeLitoral\" \/>\n<meta name=\"twitter:site\" content=\"@InformeLitoral\" \/>\n<meta name=\"twitter:label1\" content=\"Escrito por\" \/>\n\t<meta name=\"twitter:data1\" content=\"Sebastian\" \/>\n\t<meta name=\"twitter:label2\" content=\"Tiempo de lectura\" \/>\n\t<meta name=\"twitter:data2\" content=\"1 minuto\" \/>\n<script type=\"application\/ld+json\" class=\"yoast-schema-graph\">{\"@context\":\"https:\\\/\\\/schema.org\",\"@graph\":[{\"@type\":\"Article\",\"@id\":\"https:\\\/\\\/informelitoral.com.ar\\\/infraganti-dos-detenidos-cuando-se-aprestaban-a-hurtar-bicicletas\\\/#article\",\"isPartOf\":{\"@id\":\"https:\\\/\\\/informelitoral.com.ar\\\/infraganti-dos-detenidos-cuando-se-aprestaban-a-hurtar-bicicletas\\\/\"},\"author\":{\"name\":\"Sebastian\",\"@id\":\"https:\\\/\\\/informelitoral.com.ar\\\/#\\\/schema\\\/person\\\/f05f9f461677119578717524b127d6d5\"},\"headline\":\"Nogoy\u00e1: dos detenidos cuando se aprestaban a hurtar bicicletas\",\"datePublished\":\"2024-01-05T12:51:21+00:00\",\"dateModified\":\"2024-01-05T12:55:34+00:00\",\"mainEntityOfPage\":{\"@id\":\"https:\\\/\\\/informelitoral.com.ar\\\/infraganti-dos-detenidos-cuando-se-aprestaban-a-hurtar-bicicletas\\\/\"},\"wordCount\":187,\"commentCount\":0,\"publisher\":{\"@id\":\"https:\\\/\\\/informelitoral.com.ar\\\/#organization\"},\"image\":{\"@id\":\"https:\\\/\\\/informelitoral.com.ar\\\/infraganti-dos-detenidos-cuando-se-aprestaban-a-hurtar-bicicletas\\\/#primaryimage\"},\"thumbnailUrl\":\"https:\\\/\\\/informelitoral.com.ar\\\/%77%70%2d%63%6f%6e%74%65%6e%74\\\/uploads\\\/2018\\\/02\\\/policia-patrullero-768x506.jpg\",\"keywords\":[\"Nogoy\u00e1\",\"Robo\"],\"articleSection\":[\"Policiales\"],\"inLanguage\":\"es\",\"potentialAction\":[{\"@type\":\"CommentAction\",\"name\":\"Comment\",\"target\":[\"https:\\\/\\\/informelitoral.com.ar\\\/infraganti-dos-detenidos-cuando-se-aprestaban-a-hurtar-bicicletas\\\/#respond\"]}]},{\"@type\":\"WebPage\",\"@id\":\"https:\\\/\\\/informelitoral.com.ar\\\/infraganti-dos-detenidos-cuando-se-aprestaban-a-hurtar-bicicletas\\\/\",\"url\":\"https:\\\/\\\/informelitoral.com.ar\\\/infraganti-dos-detenidos-cuando-se-aprestaban-a-hurtar-bicicletas\\\/\",\"name\":\"Nogoy\u00e1: dos detenidos cuando se aprestaban a hurtar bicicletas - Informe Litoral\",\"isPartOf\":{\"@id\":\"https:\\\/\\\/informelitoral.com.ar\\\/#website\"},\"primaryImageOfPage\":{\"@id\":\"https:\\\/\\\/informelitoral.com.ar\\\/infraganti-dos-detenidos-cuando-se-aprestaban-a-hurtar-bicicletas\\\/#primaryimage\"},\"image\":{\"@id\":\"https:\\\/\\\/informelitoral.com.ar\\\/infraganti-dos-detenidos-cuando-se-aprestaban-a-hurtar-bicicletas\\\/#primaryimage\"},\"thumbnailUrl\":\"https:\\\/\\\/informelitoral.com.ar\\\/%77%70%2d%63%6f%6e%74%65%6e%74\\\/uploads\\\/2018\\\/02\\\/policia-patrullero-768x506.jpg\",\"datePublished\":\"2024-01-05T12:51:21+00:00\",\"dateModified\":\"2024-01-05T12:55:34+00:00\",\"breadcrumb\":{\"@id\":\"https:\\\/\\\/informelitoral.com.ar\\\/infraganti-dos-detenidos-cuando-se-aprestaban-a-hurtar-bicicletas\\\/#breadcrumb\"},\"inLanguage\":\"es\",\"potentialAction\":[{\"@type\":\"ReadAction\",\"target\":[\"https:\\\/\\\/informelitoral.com.ar\\\/infraganti-dos-detenidos-cuando-se-aprestaban-a-hurtar-bicicletas\\\/\"]}]},{\"@type\":\"ImageObject\",\"inLanguage\":\"es\",\"@id\":\"https:\\\/\\\/informelitoral.com.ar\\\/infraganti-dos-detenidos-cuando-se-aprestaban-a-hurtar-bicicletas\\\/#primaryimage\",\"url\":\"https:\\\/\\\/informelitoral.com.ar\\\/%77%70%2d%63%6f%6e%74%65%6e%74\\\/uploads\\\/2018\\\/02\\\/policia-patrullero-768x506.jpg\",\"contentUrl\":\"https:\\\/\\\/informelitoral.com.ar\\\/%77%70%2d%63%6f%6e%74%65%6e%74\\\/uploads\\\/2018\\\/02\\\/policia-patrullero-768x506.jpg\",\"width\":768,\"height\":506},{\"@type\":\"BreadcrumbList\",\"@id\":\"https:\\\/\\\/informelitoral.com.ar\\\/infraganti-dos-detenidos-cuando-se-aprestaban-a-hurtar-bicicletas\\\/#breadcrumb\",\"itemListElement\":[{\"@type\":\"ListItem\",\"position\":1,\"name\":\"Portada\",\"item\":\"https:\\\/\\\/informelitoral.com.ar\\\/\"},{\"@type\":\"ListItem\",\"position\":2,\"name\":\"Nogoy\u00e1: dos detenidos cuando se aprestaban a hurtar bicicletas\"}]},{\"@type\":\"WebSite\",\"@id\":\"https:\\\/\\\/informelitoral.com.ar\\\/#website\",\"url\":\"https:\\\/\\\/informelitoral.com.ar\\\/\",\"name\":\"Informe Litoral\",\"description\":\"&quot;Nos informamos&quot; \",\"publisher\":{\"@id\":\"https:\\\/\\\/informelitoral.com.ar\\\/#organization\"},\"potentialAction\":[{\"@type\":\"SearchAction\",\"target\":{\"@type\":\"EntryPoint\",\"urlTemplate\":\"https:\\\/\\\/informelitoral.com.ar\\\/?s={search_term_string}\"},\"query-input\":{\"@type\":\"PropertyValueSpecification\",\"valueRequired\":true,\"valueName\":\"search_term_string\"}}],\"inLanguage\":\"es\"},{\"@type\":\"Organization\",\"@id\":\"https:\\\/\\\/informelitoral.com.ar\\\/#organization\",\"name\":\"Informe Litoral\",\"url\":\"https:\\\/\\\/informelitoral.com.ar\\\/\",\"logo\":{\"@type\":\"ImageObject\",\"inLanguage\":\"es\",\"@id\":\"https:\\\/\\\/informelitoral.com.ar\\\/#\\\/schema\\\/logo\\\/image\\\/\",\"url\":\"https:\\\/\\\/informelitoral.com.ar\\\/%77%70%2d%63%6f%6e%74%65%6e%74\\\/uploads\\\/2021\\\/01\\\/circulo.png\",\"contentUrl\":\"https:\\\/\\\/informelitoral.com.ar\\\/%77%70%2d%63%6f%6e%74%65%6e%74\\\/uploads\\\/2021\\\/01\\\/circulo.png\",\"width\":723,\"height\":731,\"caption\":\"Informe Litoral\"},\"image\":{\"@id\":\"https:\\\/\\\/informelitoral.com.ar\\\/#\\\/schema\\\/logo\\\/image\\\/\"},\"sameAs\":[\"https:\\\/\\\/www.facebook.com\\\/informelitoral\\\/\",\"https:\\\/\\\/x.com\\\/InformeLitoral\",\"https:\\\/\\\/www.instagram.com\\\/informelitoral\\\/\",\"https:\\\/\\\/www.youtube.com\\\/channel\\\/UCua4Qvz8Icb6MYqhoq9xLXw\"]},{\"@type\":\"Person\",\"@id\":\"https:\\\/\\\/informelitoral.com.ar\\\/#\\\/schema\\\/person\\\/f05f9f461677119578717524b127d6d5\",\"name\":\"Sebastian\",\"image\":{\"@type\":\"ImageObject\",\"inLanguage\":\"es\",\"@id\":\"https:\\\/\\\/secure.gravatar.com\\\/avatar\\\/b71bf7481d447dfb9583c7f2798e7cc64de6efb9067b74633ed8c31059a3bd82?s=96&d=mm&r=g\",\"url\":\"https:\\\/\\\/secure.gravatar.com\\\/avatar\\\/b71bf7481d447dfb9583c7f2798e7cc64de6efb9067b74633ed8c31059a3bd82?s=96&d=mm&r=g\",\"contentUrl\":\"https:\\\/\\\/secure.gravatar.com\\\/avatar\\\/b71bf7481d447dfb9583c7f2798e7cc64de6efb9067b74633ed8c31059a3bd82?s=96&d=mm&r=g\",\"caption\":\"Sebastian\"},\"url\":\"https:\\\/\\\/informelitoral.com.ar\\\/author\\\/sebastian\\\/\"}]}<\/script>","yoast_head_json":{"title":"Nogoy\u00e1: dos detenidos cuando se aprestaban a hurtar bicicletas - Informe Litoral","robots":{"index":"index","follow":"follow","max-snippet":"max-snippet:-1","max-image-preview":"max-image-preview:large","max-video-preview":"max-video-preview:-1"},"canonical":"https:\/\/informelitoral.com.ar\/infraganti-dos-detenidos-cuando-se-aprestaban-a-hurtar-bicicletas\/","og_locale":"es_ES","og_type":"article","og_title":"Nogoy\u00e1: dos detenidos cuando se aprestaban a hurtar bicicletas - Informe Litoral","og_description":"J\u00f3venes nogoyaenses fueron apresados en flagrancia, evitando as\u00ed la polic\u00eda que dos ciudadanos se vieran afectados por la sustracci\u00f3n de sus respectivos medios de movilidad.","og_url":"https:\/\/informelitoral.com.ar\/infraganti-dos-detenidos-cuando-se-aprestaban-a-hurtar-bicicletas\/","og_site_name":"Informe Litoral","article_publisher":"https:\/\/www.facebook.com\/informelitoral\/","article_published_time":"2024-01-05T12:51:21+00:00","article_modified_time":"2024-01-05T12:55:34+00:00","og_image":[{"width":768,"height":506,"url":"https:\/\/informelitoral.com.ar\/%77%70%2d%63%6f%6e%74%65%6e%74\/uploads\/2018\/02\/policia-patrullero-768x506.jpg","type":"image\/jpeg"}],"author":"Sebastian","twitter_card":"summary_large_image","twitter_creator":"@InformeLitoral","twitter_site":"@InformeLitoral","twitter_misc":{"Escrito por":"Sebastian","Tiempo de lectura":"1 minuto"},"schema":{"@context":"https:\/\/schema.org","@graph":[{"@type":"Article","@id":"https:\/\/informelitoral.com.ar\/infraganti-dos-detenidos-cuando-se-aprestaban-a-hurtar-bicicletas\/#article","isPartOf":{"@id":"https:\/\/informelitoral.com.ar\/infraganti-dos-detenidos-cuando-se-aprestaban-a-hurtar-bicicletas\/"},"author":{"name":"Sebastian","@id":"https:\/\/informelitoral.com.ar\/#\/schema\/person\/f05f9f461677119578717524b127d6d5"},"headline":"Nogoy\u00e1: dos detenidos cuando se aprestaban a hurtar bicicletas","datePublished":"2024-01-05T12:51:21+00:00","dateModified":"2024-01-05T12:55:34+00:00","mainEntityOfPage":{"@id":"https:\/\/informelitoral.com.ar\/infraganti-dos-detenidos-cuando-se-aprestaban-a-hurtar-bicicletas\/"},"wordCount":187,"commentCount":0,"publisher":{"@id":"https:\/\/informelitoral.com.ar\/#organization"},"image":{"@id":"https:\/\/informelitoral.com.ar\/infraganti-dos-detenidos-cuando-se-aprestaban-a-hurtar-bicicletas\/#primaryimage"},"thumbnailUrl":"https:\/\/informelitoral.com.ar\/%77%70%2d%63%6f%6e%74%65%6e%74\/uploads\/2018\/02\/policia-patrullero-768x506.jpg","keywords":["Nogoy\u00e1","Robo"],"articleSection":["Policiales"],"inLanguage":"es","potentialAction":[{"@type":"CommentAction","name":"Comment","target":["https:\/\/informelitoral.com.ar\/infraganti-dos-detenidos-cuando-se-aprestaban-a-hurtar-bicicletas\/#respond"]}]},{"@type":"WebPage","@id":"https:\/\/informelitoral.com.ar\/infraganti-dos-detenidos-cuando-se-aprestaban-a-hurtar-bicicletas\/","url":"https:\/\/informelitoral.com.ar\/infraganti-dos-detenidos-cuando-se-aprestaban-a-hurtar-bicicletas\/","name":"Nogoy\u00e1: dos detenidos cuando se aprestaban a hurtar bicicletas - Informe Litoral","isPartOf":{"@id":"https:\/\/informelitoral.com.ar\/#website"},"primaryImageOfPage":{"@id":"https:\/\/informelitoral.com.ar\/infraganti-dos-detenidos-cuando-se-aprestaban-a-hurtar-bicicletas\/#primaryimage"},"image":{"@id":"https:\/\/informelitoral.com.ar\/infraganti-dos-detenidos-cuando-se-aprestaban-a-hurtar-bicicletas\/#primaryimage"},"thumbnailUrl":"https:\/\/informelitoral.com.ar\/%77%70%2d%63%6f%6e%74%65%6e%74\/uploads\/2018\/02\/policia-patrullero-768x506.jpg","datePublished":"2024-01-05T12:51:21+00:00","dateModified":"2024-01-05T12:55:34+00:00","breadcrumb":{"@id":"https:\/\/informelitoral.com.ar\/infraganti-dos-detenidos-cuando-se-aprestaban-a-hurtar-bicicletas\/#breadcrumb"},"inLanguage":"es","potentialAction":[{"@type":"ReadAction","target":["https:\/\/informelitoral.com.ar\/infraganti-dos-detenidos-cuando-se-aprestaban-a-hurtar-bicicletas\/"]}]},{"@type":"ImageObject","inLanguage":"es","@id":"https:\/\/informelitoral.com.ar\/infraganti-dos-detenidos-cuando-se-aprestaban-a-hurtar-bicicletas\/#primaryimage","url":"https:\/\/informelitoral.com.ar\/%77%70%2d%63%6f%6e%74%65%6e%74\/uploads\/2018\/02\/policia-patrullero-768x506.jpg","contentUrl":"https:\/\/informelitoral.com.ar\/%77%70%2d%63%6f%6e%74%65%6e%74\/uploads\/2018\/02\/policia-patrullero-768x506.jpg","width":768,"height":506},{"@type":"BreadcrumbList","@id":"https:\/\/informelitoral.com.ar\/infraganti-dos-detenidos-cuando-se-aprestaban-a-hurtar-bicicletas\/#breadcrumb","itemListElement":[{"@type":"ListItem","position":1,"name":"Portada","item":"https:\/\/informelitoral.com.ar\/"},{"@type":"ListItem","position":2,"name":"Nogoy\u00e1: dos detenidos cuando se aprestaban a hurtar bicicletas"}]},{"@type":"WebSite","@id":"https:\/\/informelitoral.com.ar\/#website","url":"https:\/\/informelitoral.com.ar\/","name":"Informe Litoral","description":"&quot;Nos informamos&quot; ","publisher":{"@id":"https:\/\/informelitoral.com.ar\/#organization"},"potentialAction":[{"@type":"SearchAction","target":{"@type":"EntryPoint","urlTemplate":"https:\/\/informelitoral.com.ar\/?s={search_term_string}"},"query-input":{"@type":"PropertyValueSpecification","valueRequired":true,"valueName":"search_term_string"}}],"inLanguage":"es"},{"@type":"Organization","@id":"https:\/\/informelitoral.com.ar\/#organization","name":"Informe Litoral","url":"https:\/\/informelitoral.com.ar\/","logo":{"@type":"ImageObject","inLanguage":"es","@id":"https:\/\/informelitoral.com.ar\/#\/schema\/logo\/image\/","url":"https:\/\/informelitoral.com.ar\/%77%70%2d%63%6f%6e%74%65%6e%74\/uploads\/2021\/01\/circulo.png","contentUrl":"https:\/\/informelitoral.com.ar\/%77%70%2d%63%6f%6e%74%65%6e%74\/uploads\/2021\/01\/circulo.png","width":723,"height":731,"caption":"Informe Litoral"},"image":{"@id":"https:\/\/informelitoral.com.ar\/#\/schema\/logo\/image\/"},"sameAs":["https:\/\/www.facebook.com\/informelitoral\/","https:\/\/x.com\/InformeLitoral","https:\/\/www.instagram.com\/informelitoral\/","https:\/\/www.youtube.com\/channel\/UCua4Qvz8Icb6MYqhoq9xLXw"]},{"@type":"Person","@id":"https:\/\/informelitoral.com.ar\/#\/schema\/person\/f05f9f461677119578717524b127d6d5","name":"Sebastian","image":{"@type":"ImageObject","inLanguage":"es","@id":"https:\/\/secure.gravatar.com\/avatar\/b71bf7481d447dfb9583c7f2798e7cc64de6efb9067b74633ed8c31059a3bd82?s=96&d=mm&r=g","url":"https:\/\/secure.gravatar.com\/avatar\/b71bf7481d447dfb9583c7f2798e7cc64de6efb9067b74633ed8c31059a3bd82?s=96&d=mm&r=g","contentUrl":"https:\/\/secure.gravatar.com\/avatar\/b71bf7481d447dfb9583c7f2798e7cc64de6efb9067b74633ed8c31059a3bd82?s=96&d=mm&r=g","caption":"Sebastian"},"url":"https:\/\/informelitoral.com.ar\/author\/sebastian\/"}]}},"_links":{"self":[{"href":"https:\/\/informelitoral.com.ar\/%77%70%2d%6a%73%6f%6e\/wp\/v2\/posts\/177606","targetHints":{"allow":["GET"]}}],"collection":[{"href":"https:\/\/informelitoral.com.ar\/%77%70%2d%6a%73%6f%6e\/wp\/v2\/posts"}],"about":[{"href":"https:\/\/informelitoral.com.ar\/%77%70%2d%6a%73%6f%6e\/wp\/v2\/types\/post"}],"author":[{"embeddable":true,"href":"https:\/\/informelitoral.com.ar\/%77%70%2d%6a%73%6f%6e\/wp\/v2\/users\/8"}],"replies":[{"embeddable":true,"href":"https:\/\/informelitoral.com.ar\/%77%70%2d%6a%73%6f%6e\/wp\/v2\/comments?post=177606"}],"version-history":[{"count":0,"href":"https:\/\/informelitoral.com.ar\/%77%70%2d%6a%73%6f%6e\/wp\/v2\/posts\/177606\/revisions"}],"wp:featuredmedia":[{"embeddable":true,"href":"https:\/\/informelitoral.com.ar\/%77%70%2d%6a%73%6f%6e\/wp\/v2\/media\/24888"}],"wp:attachment":[{"href":"https:\/\/informelitoral.com.ar\/%77%70%2d%6a%73%6f%6e\/wp\/v2\/media?parent=177606"}],"wp:term":[{"taxonomy":"category","embeddable":true,"href":"https:\/\/informelitoral.com.ar\/%77%70%2d%6a%73%6f%6e\/wp\/v2\/categories?post=177606"},{"taxonomy":"post_tag","embeddable":true,"href":"https:\/\/informelitoral.com.ar\/%77%70%2d%6a%73%6f%6e\/wp\/v2\/tags?post=177606"}],"curies":[{"name":"wp","href":"https:\/\/api.w.org\/{rel}","templated":true}]}}