{"id":177261,"date":"2024-01-02T09:37:11","date_gmt":"2024-01-02T12:37:11","guid":{"rendered":"https:\/\/www.informelitoral.com.ar\/?p=177261"},"modified":"2024-01-02T09:41:34","modified_gmt":"2024-01-02T12:41:34","slug":"bono-para-jubilados-cuando-se-paga-y-que-pasa-con-quienes-cobran-mas-de-105000","status":"publish","type":"post","link":"https:\/\/informelitoral.com.ar\/bono-para-jubilados-cuando-se-paga-y-que-pasa-con-quienes-cobran-mas-de-105000\/","title":{"rendered":"Bono para jubilados: ya tiene fecha de cobro"},"content":{"rendered":"<article class=\"cont-cuerpo\">\n<section class=\"texto\">En el marco del Decreto 116\/23, los jubilados y pensionados de la m\u00ednima cobrar\u00e1n un bono de hasta 55.000 pesos en enero, que\u00a0<b>ser\u00e1 depositado junto con los haberes desde el pr\u00f3ximo viernes 5<\/b>.<\/section>\n<section class=\"texto\">Los titulares de las\u00a0<b>Pensiones No Contributivas<\/b>\u00a0(PNC), cuyos haberes comienzan ma\u00f1ana y tengan DNI terminados en 0, 1, 2, 3, 4 y 5,\u00a0<b>recibir\u00e1n el bono en un pago complementario ese mismo 5 de enero<\/b>.<\/p>\n<p>Las personas que durante esos meses cobrar\u00edan 105.712 pesos (haber m\u00ednimo), con la medida anunciada, alcanzar\u00e1n los 160.712 pesos.<\/p>\n<p>Tambi\u00e9n percibir\u00e1n un\u00a0<b>bono proporcional todas las personas que cobren menos de esa cifra, lo que significa que un jubilado con un haber de 120 mil pesos cobrar\u00e1 un aumento de 40.712 pesos para alcanzar el monto de 160.712 pesos<\/b>.<\/p>\n<p>Los jubilados y pensionados que cobran haberes m\u00ednimos con 30 a\u00f1os o m\u00e1s de aportes efectivos y que no hayan necesitado de una moratoria para jubilarse recibir\u00e1n junto al bono de 55 mil pesos un complemento de hasta 22.207 pesos.<\/p>\n<p>Las prestaciones alcanzadas por la medida son todas las jubilaciones y pensiones del SIPA, la Prestaci\u00f3n Universal para el Adulto Mayor (PUAM) y las Pensiones No Contributivas (PNC).<\/p>\n<h2><b>Calendarios de pago<\/b><\/h2>\n<p><b>Pensiones No contributivas<\/b><br \/>\nDNI terminados en 0 y 1: mi\u00e9rcoles 3 de enero.<br \/>\nDNI terminados en 2 y 3: jueves 4 de enero.<br \/>\nDNI terminados en 4 y 5: viernes 5 de enero.<br \/>\nDNI terminados en 6 y 7: lunes 8 de enero.<br \/>\nDNI terminados en 8 y 9: martes 9 de enero.<\/p>\n<p><b>Jubilaciones y pensiones que no superen un haber m\u00ednimo:<\/b><\/p>\n<p>DNI terminados en 0: mi\u00e9rcoles 10 de enero.<br \/>\nDNI terminados en 1: jueves 11 de enero.<br \/>\nDNI terminados en 2: viernes 12 de enero.<br \/>\nDNI terminados en 3: lunes 15 de enero.<br \/>\nDNI terminados en 4: martes 16 de enero.<br \/>\nDNI terminados en 5: mi\u00e9rcoles 17 de enero.<br \/>\nDNI terminados en 6: jueves 18 de enero.<br \/>\nDNI terminados en 7: viernes 19 de enero.<br \/>\nDNI terminados en 8: lunes 22 de enero.<br \/>\nDNI terminados en 9: martes 23 de enero.<\/p>\n<p><b>Jubilaciones y Pensiones que superen un haber m\u00ednimo:<\/b><\/p>\n<p>DNI terminados en 0 y 1: mi\u00e9rcoles 24 de enero.<br \/>\nDNI terminados en 2 y 3: jueves 25 de enero.<br \/>\nDNI terminados en 4 y 5: viernes 25 de enero.<br \/>\nDNI terminados en 6 y 7: lunes 29 de enero.<br \/>\nDNI terminados en 8 y 9: martes 30 de enero.<\/p>\n<\/section>\n<div class=\"publi-top publi-listado\">\n<div class=\"publi-728\">\n<div id=\"banner-interior-b\" class=\"banner-zone-found banner-step-1 banner-loop-1 banner-is-dfp banner-step-4\" data-google-query-id=\"CO7YgYjcvoMDFZ6hlQIdp5EKGw\">\n<div id=\"google_ads_iframe_\/1017853\/Elonce-Economicas-Top-728x90_1__container__\"><\/div>\n<\/div>\n<\/div>\n<\/div>\n<\/article>\n<div class=\"herramientas fin-nota\">\n<div class=\"advthis\">\n<div class=\"redes\"><\/div>\n<\/div>\n<\/div>\n","protected":false},"excerpt":{"rendered":"<p>Los jubilados y pensionados que cobran haberes m\u00ednimos con 30 a\u00f1os o m\u00e1s de aportes efectivos y que no hayan necesitado de una moratoria para jubilarse recibir\u00e1n junto al bono de 55 mil pesos un complemento de hasta 22.207 pesos.<\/p>\n","protected":false},"author":8,"featured_media":17650,"comment_status":"open","ping_status":"open","sticky":false,"template":"","format":"standard","meta":{"fifu_image_url":"","fifu_image_alt":"","footnotes":""},"categories":[1594],"tags":[269,2042,2129],"class_list":{"0":"post-177261","1":"post","2":"type-post","3":"status-publish","4":"format-standard","5":"has-post-thumbnail","7":"category-economia","8":"tag-anses","9":"tag-bono","10":"tag-jubilacion"},"yoast_head":"<title>Bono para jubilados: ya tiene fecha de cobro - Informe Litoral<\/title>\n<meta name=\"robots\" content=\"index, follow, max-snippet:-1, max-image-preview:large, max-video-preview:-1\" \/>\n<link rel=\"canonical\" href=\"https:\/\/informelitoral.com.ar\/bono-para-jubilados-cuando-se-paga-y-que-pasa-con-quienes-cobran-mas-de-105000\/\" \/>\n<meta property=\"og:locale\" content=\"es_ES\" \/>\n<meta property=\"og:type\" content=\"article\" \/>\n<meta property=\"og:title\" content=\"Bono para jubilados: ya tiene fecha de cobro - Informe Litoral\" \/>\n<meta property=\"og:description\" content=\"Los jubilados y pensionados que cobran haberes m\u00ednimos con 30 a\u00f1os o m\u00e1s de aportes efectivos y que no hayan necesitado de una moratoria para jubilarse recibir\u00e1n junto al bono de 55 mil pesos un complemento de hasta 22.207 pesos.\" \/>\n<meta property=\"og:url\" content=\"https:\/\/informelitoral.com.ar\/bono-para-jubilados-cuando-se-paga-y-que-pasa-con-quienes-cobran-mas-de-105000\/\" \/>\n<meta property=\"og:site_name\" content=\"Informe Litoral\" \/>\n<meta property=\"article:publisher\" content=\"https:\/\/www.facebook.com\/informelitoral\/\" \/>\n<meta property=\"article:published_time\" content=\"2024-01-02T12:37:11+00:00\" \/>\n<meta property=\"article:modified_time\" content=\"2024-01-02T12:41:34+00:00\" \/>\n<meta property=\"og:image\" content=\"https:\/\/informelitoral.com.ar\/%77%70%2d%63%6f%6e%74%65%6e%74\/uploads\/2016\/08\/ANSES-1.jpg\" \/>\n\t<meta property=\"og:image:width\" content=\"1508\" \/>\n\t<meta property=\"og:image:height\" content=\"706\" \/>\n\t<meta property=\"og:image:type\" content=\"image\/jpeg\" \/>\n<meta name=\"author\" content=\"Sebastian\" \/>\n<meta name=\"twitter:card\" content=\"summary_large_image\" \/>\n<meta name=\"twitter:creator\" content=\"@InformeLitoral\" \/>\n<meta name=\"twitter:site\" content=\"@InformeLitoral\" \/>\n<meta name=\"twitter:label1\" content=\"Escrito por\" \/>\n\t<meta name=\"twitter:data1\" content=\"Sebastian\" \/>\n\t<meta name=\"twitter:label2\" content=\"Tiempo de lectura\" \/>\n\t<meta name=\"twitter:data2\" content=\"2 minutos\" \/>\n<script type=\"application\/ld+json\" class=\"yoast-schema-graph\">{\"@context\":\"https:\\\/\\\/schema.org\",\"@graph\":[{\"@type\":\"Article\",\"@id\":\"https:\\\/\\\/informelitoral.com.ar\\\/bono-para-jubilados-cuando-se-paga-y-que-pasa-con-quienes-cobran-mas-de-105000\\\/#article\",\"isPartOf\":{\"@id\":\"https:\\\/\\\/informelitoral.com.ar\\\/bono-para-jubilados-cuando-se-paga-y-que-pasa-con-quienes-cobran-mas-de-105000\\\/\"},\"author\":{\"name\":\"Sebastian\",\"@id\":\"https:\\\/\\\/informelitoral.com.ar\\\/#\\\/schema\\\/person\\\/f05f9f461677119578717524b127d6d5\"},\"headline\":\"Bono para jubilados: ya tiene fecha de cobro\",\"datePublished\":\"2024-01-02T12:37:11+00:00\",\"dateModified\":\"2024-01-02T12:41:34+00:00\",\"mainEntityOfPage\":{\"@id\":\"https:\\\/\\\/informelitoral.com.ar\\\/bono-para-jubilados-cuando-se-paga-y-que-pasa-con-quienes-cobran-mas-de-105000\\\/\"},\"wordCount\":361,\"commentCount\":0,\"publisher\":{\"@id\":\"https:\\\/\\\/informelitoral.com.ar\\\/#organization\"},\"image\":{\"@id\":\"https:\\\/\\\/informelitoral.com.ar\\\/bono-para-jubilados-cuando-se-paga-y-que-pasa-con-quienes-cobran-mas-de-105000\\\/#primaryimage\"},\"thumbnailUrl\":\"https:\\\/\\\/informelitoral.com.ar\\\/%77%70%2d%63%6f%6e%74%65%6e%74\\\/uploads\\\/2016\\\/08\\\/ANSES-1.jpg\",\"keywords\":[\"Anses\",\"Bono\",\"Jubilaci\u00f3n\"],\"articleSection\":[\"Econom\u00eda\"],\"inLanguage\":\"es\",\"potentialAction\":[{\"@type\":\"CommentAction\",\"name\":\"Comment\",\"target\":[\"https:\\\/\\\/informelitoral.com.ar\\\/bono-para-jubilados-cuando-se-paga-y-que-pasa-con-quienes-cobran-mas-de-105000\\\/#respond\"]}]},{\"@type\":\"WebPage\",\"@id\":\"https:\\\/\\\/informelitoral.com.ar\\\/bono-para-jubilados-cuando-se-paga-y-que-pasa-con-quienes-cobran-mas-de-105000\\\/\",\"url\":\"https:\\\/\\\/informelitoral.com.ar\\\/bono-para-jubilados-cuando-se-paga-y-que-pasa-con-quienes-cobran-mas-de-105000\\\/\",\"name\":\"Bono para jubilados: ya tiene fecha de cobro - Informe Litoral\",\"isPartOf\":{\"@id\":\"https:\\\/\\\/informelitoral.com.ar\\\/#website\"},\"primaryImageOfPage\":{\"@id\":\"https:\\\/\\\/informelitoral.com.ar\\\/bono-para-jubilados-cuando-se-paga-y-que-pasa-con-quienes-cobran-mas-de-105000\\\/#primaryimage\"},\"image\":{\"@id\":\"https:\\\/\\\/informelitoral.com.ar\\\/bono-para-jubilados-cuando-se-paga-y-que-pasa-con-quienes-cobran-mas-de-105000\\\/#primaryimage\"},\"thumbnailUrl\":\"https:\\\/\\\/informelitoral.com.ar\\\/%77%70%2d%63%6f%6e%74%65%6e%74\\\/uploads\\\/2016\\\/08\\\/ANSES-1.jpg\",\"datePublished\":\"2024-01-02T12:37:11+00:00\",\"dateModified\":\"2024-01-02T12:41:34+00:00\",\"breadcrumb\":{\"@id\":\"https:\\\/\\\/informelitoral.com.ar\\\/bono-para-jubilados-cuando-se-paga-y-que-pasa-con-quienes-cobran-mas-de-105000\\\/#breadcrumb\"},\"inLanguage\":\"es\",\"potentialAction\":[{\"@type\":\"ReadAction\",\"target\":[\"https:\\\/\\\/informelitoral.com.ar\\\/bono-para-jubilados-cuando-se-paga-y-que-pasa-con-quienes-cobran-mas-de-105000\\\/\"]}]},{\"@type\":\"ImageObject\",\"inLanguage\":\"es\",\"@id\":\"https:\\\/\\\/informelitoral.com.ar\\\/bono-para-jubilados-cuando-se-paga-y-que-pasa-con-quienes-cobran-mas-de-105000\\\/#primaryimage\",\"url\":\"https:\\\/\\\/informelitoral.com.ar\\\/%77%70%2d%63%6f%6e%74%65%6e%74\\\/uploads\\\/2016\\\/08\\\/ANSES-1.jpg\",\"contentUrl\":\"https:\\\/\\\/informelitoral.com.ar\\\/%77%70%2d%63%6f%6e%74%65%6e%74\\\/uploads\\\/2016\\\/08\\\/ANSES-1.jpg\",\"width\":1508,\"height\":706},{\"@type\":\"BreadcrumbList\",\"@id\":\"https:\\\/\\\/informelitoral.com.ar\\\/bono-para-jubilados-cuando-se-paga-y-que-pasa-con-quienes-cobran-mas-de-105000\\\/#breadcrumb\",\"itemListElement\":[{\"@type\":\"ListItem\",\"position\":1,\"name\":\"Portada\",\"item\":\"https:\\\/\\\/informelitoral.com.ar\\\/\"},{\"@type\":\"ListItem\",\"position\":2,\"name\":\"Bono para jubilados: ya tiene fecha de cobro\"}]},{\"@type\":\"WebSite\",\"@id\":\"https:\\\/\\\/informelitoral.com.ar\\\/#website\",\"url\":\"https:\\\/\\\/informelitoral.com.ar\\\/\",\"name\":\"Informe Litoral\",\"description\":\"&quot;Nos informamos&quot; \",\"publisher\":{\"@id\":\"https:\\\/\\\/informelitoral.com.ar\\\/#organization\"},\"potentialAction\":[{\"@type\":\"SearchAction\",\"target\":{\"@type\":\"EntryPoint\",\"urlTemplate\":\"https:\\\/\\\/informelitoral.com.ar\\\/?s={search_term_string}\"},\"query-input\":{\"@type\":\"PropertyValueSpecification\",\"valueRequired\":true,\"valueName\":\"search_term_string\"}}],\"inLanguage\":\"es\"},{\"@type\":\"Organization\",\"@id\":\"https:\\\/\\\/informelitoral.com.ar\\\/#organization\",\"name\":\"Informe Litoral\",\"url\":\"https:\\\/\\\/informelitoral.com.ar\\\/\",\"logo\":{\"@type\":\"ImageObject\",\"inLanguage\":\"es\",\"@id\":\"https:\\\/\\\/informelitoral.com.ar\\\/#\\\/schema\\\/logo\\\/image\\\/\",\"url\":\"https:\\\/\\\/informelitoral.com.ar\\\/%77%70%2d%63%6f%6e%74%65%6e%74\\\/uploads\\\/2021\\\/01\\\/circulo.png\",\"contentUrl\":\"https:\\\/\\\/informelitoral.com.ar\\\/%77%70%2d%63%6f%6e%74%65%6e%74\\\/uploads\\\/2021\\\/01\\\/circulo.png\",\"width\":723,\"height\":731,\"caption\":\"Informe Litoral\"},\"image\":{\"@id\":\"https:\\\/\\\/informelitoral.com.ar\\\/#\\\/schema\\\/logo\\\/image\\\/\"},\"sameAs\":[\"https:\\\/\\\/www.facebook.com\\\/informelitoral\\\/\",\"https:\\\/\\\/x.com\\\/InformeLitoral\",\"https:\\\/\\\/www.instagram.com\\\/informelitoral\\\/\",\"https:\\\/\\\/www.youtube.com\\\/channel\\\/UCua4Qvz8Icb6MYqhoq9xLXw\"]},{\"@type\":\"Person\",\"@id\":\"https:\\\/\\\/informelitoral.com.ar\\\/#\\\/schema\\\/person\\\/f05f9f461677119578717524b127d6d5\",\"name\":\"Sebastian\",\"image\":{\"@type\":\"ImageObject\",\"inLanguage\":\"es\",\"@id\":\"https:\\\/\\\/secure.gravatar.com\\\/avatar\\\/b71bf7481d447dfb9583c7f2798e7cc64de6efb9067b74633ed8c31059a3bd82?s=96&d=mm&r=g\",\"url\":\"https:\\\/\\\/secure.gravatar.com\\\/avatar\\\/b71bf7481d447dfb9583c7f2798e7cc64de6efb9067b74633ed8c31059a3bd82?s=96&d=mm&r=g\",\"contentUrl\":\"https:\\\/\\\/secure.gravatar.com\\\/avatar\\\/b71bf7481d447dfb9583c7f2798e7cc64de6efb9067b74633ed8c31059a3bd82?s=96&d=mm&r=g\",\"caption\":\"Sebastian\"},\"url\":\"https:\\\/\\\/informelitoral.com.ar\\\/author\\\/sebastian\\\/\"}]}<\/script>","yoast_head_json":{"title":"Bono para jubilados: ya tiene fecha de cobro - Informe Litoral","robots":{"index":"index","follow":"follow","max-snippet":"max-snippet:-1","max-image-preview":"max-image-preview:large","max-video-preview":"max-video-preview:-1"},"canonical":"https:\/\/informelitoral.com.ar\/bono-para-jubilados-cuando-se-paga-y-que-pasa-con-quienes-cobran-mas-de-105000\/","og_locale":"es_ES","og_type":"article","og_title":"Bono para jubilados: ya tiene fecha de cobro - Informe Litoral","og_description":"Los jubilados y pensionados que cobran haberes m\u00ednimos con 30 a\u00f1os o m\u00e1s de aportes efectivos y que no hayan necesitado de una moratoria para jubilarse recibir\u00e1n junto al bono de 55 mil pesos un complemento de hasta 22.207 pesos.","og_url":"https:\/\/informelitoral.com.ar\/bono-para-jubilados-cuando-se-paga-y-que-pasa-con-quienes-cobran-mas-de-105000\/","og_site_name":"Informe Litoral","article_publisher":"https:\/\/www.facebook.com\/informelitoral\/","article_published_time":"2024-01-02T12:37:11+00:00","article_modified_time":"2024-01-02T12:41:34+00:00","og_image":[{"width":1508,"height":706,"url":"https:\/\/informelitoral.com.ar\/%77%70%2d%63%6f%6e%74%65%6e%74\/uploads\/2016\/08\/ANSES-1.jpg","type":"image\/jpeg"}],"author":"Sebastian","twitter_card":"summary_large_image","twitter_creator":"@InformeLitoral","twitter_site":"@InformeLitoral","twitter_misc":{"Escrito por":"Sebastian","Tiempo de lectura":"2 minutos"},"schema":{"@context":"https:\/\/schema.org","@graph":[{"@type":"Article","@id":"https:\/\/informelitoral.com.ar\/bono-para-jubilados-cuando-se-paga-y-que-pasa-con-quienes-cobran-mas-de-105000\/#article","isPartOf":{"@id":"https:\/\/informelitoral.com.ar\/bono-para-jubilados-cuando-se-paga-y-que-pasa-con-quienes-cobran-mas-de-105000\/"},"author":{"name":"Sebastian","@id":"https:\/\/informelitoral.com.ar\/#\/schema\/person\/f05f9f461677119578717524b127d6d5"},"headline":"Bono para jubilados: ya tiene fecha de cobro","datePublished":"2024-01-02T12:37:11+00:00","dateModified":"2024-01-02T12:41:34+00:00","mainEntityOfPage":{"@id":"https:\/\/informelitoral.com.ar\/bono-para-jubilados-cuando-se-paga-y-que-pasa-con-quienes-cobran-mas-de-105000\/"},"wordCount":361,"commentCount":0,"publisher":{"@id":"https:\/\/informelitoral.com.ar\/#organization"},"image":{"@id":"https:\/\/informelitoral.com.ar\/bono-para-jubilados-cuando-se-paga-y-que-pasa-con-quienes-cobran-mas-de-105000\/#primaryimage"},"thumbnailUrl":"https:\/\/informelitoral.com.ar\/%77%70%2d%63%6f%6e%74%65%6e%74\/uploads\/2016\/08\/ANSES-1.jpg","keywords":["Anses","Bono","Jubilaci\u00f3n"],"articleSection":["Econom\u00eda"],"inLanguage":"es","potentialAction":[{"@type":"CommentAction","name":"Comment","target":["https:\/\/informelitoral.com.ar\/bono-para-jubilados-cuando-se-paga-y-que-pasa-con-quienes-cobran-mas-de-105000\/#respond"]}]},{"@type":"WebPage","@id":"https:\/\/informelitoral.com.ar\/bono-para-jubilados-cuando-se-paga-y-que-pasa-con-quienes-cobran-mas-de-105000\/","url":"https:\/\/informelitoral.com.ar\/bono-para-jubilados-cuando-se-paga-y-que-pasa-con-quienes-cobran-mas-de-105000\/","name":"Bono para jubilados: ya tiene fecha de cobro - Informe Litoral","isPartOf":{"@id":"https:\/\/informelitoral.com.ar\/#website"},"primaryImageOfPage":{"@id":"https:\/\/informelitoral.com.ar\/bono-para-jubilados-cuando-se-paga-y-que-pasa-con-quienes-cobran-mas-de-105000\/#primaryimage"},"image":{"@id":"https:\/\/informelitoral.com.ar\/bono-para-jubilados-cuando-se-paga-y-que-pasa-con-quienes-cobran-mas-de-105000\/#primaryimage"},"thumbnailUrl":"https:\/\/informelitoral.com.ar\/%77%70%2d%63%6f%6e%74%65%6e%74\/uploads\/2016\/08\/ANSES-1.jpg","datePublished":"2024-01-02T12:37:11+00:00","dateModified":"2024-01-02T12:41:34+00:00","breadcrumb":{"@id":"https:\/\/informelitoral.com.ar\/bono-para-jubilados-cuando-se-paga-y-que-pasa-con-quienes-cobran-mas-de-105000\/#breadcrumb"},"inLanguage":"es","potentialAction":[{"@type":"ReadAction","target":["https:\/\/informelitoral.com.ar\/bono-para-jubilados-cuando-se-paga-y-que-pasa-con-quienes-cobran-mas-de-105000\/"]}]},{"@type":"ImageObject","inLanguage":"es","@id":"https:\/\/informelitoral.com.ar\/bono-para-jubilados-cuando-se-paga-y-que-pasa-con-quienes-cobran-mas-de-105000\/#primaryimage","url":"https:\/\/informelitoral.com.ar\/%77%70%2d%63%6f%6e%74%65%6e%74\/uploads\/2016\/08\/ANSES-1.jpg","contentUrl":"https:\/\/informelitoral.com.ar\/%77%70%2d%63%6f%6e%74%65%6e%74\/uploads\/2016\/08\/ANSES-1.jpg","width":1508,"height":706},{"@type":"BreadcrumbList","@id":"https:\/\/informelitoral.com.ar\/bono-para-jubilados-cuando-se-paga-y-que-pasa-con-quienes-cobran-mas-de-105000\/#breadcrumb","itemListElement":[{"@type":"ListItem","position":1,"name":"Portada","item":"https:\/\/informelitoral.com.ar\/"},{"@type":"ListItem","position":2,"name":"Bono para jubilados: ya tiene fecha de cobro"}]},{"@type":"WebSite","@id":"https:\/\/informelitoral.com.ar\/#website","url":"https:\/\/informelitoral.com.ar\/","name":"Informe Litoral","description":"&quot;Nos informamos&quot; ","publisher":{"@id":"https:\/\/informelitoral.com.ar\/#organization"},"potentialAction":[{"@type":"SearchAction","target":{"@type":"EntryPoint","urlTemplate":"https:\/\/informelitoral.com.ar\/?s={search_term_string}"},"query-input":{"@type":"PropertyValueSpecification","valueRequired":true,"valueName":"search_term_string"}}],"inLanguage":"es"},{"@type":"Organization","@id":"https:\/\/informelitoral.com.ar\/#organization","name":"Informe Litoral","url":"https:\/\/informelitoral.com.ar\/","logo":{"@type":"ImageObject","inLanguage":"es","@id":"https:\/\/informelitoral.com.ar\/#\/schema\/logo\/image\/","url":"https:\/\/informelitoral.com.ar\/%77%70%2d%63%6f%6e%74%65%6e%74\/uploads\/2021\/01\/circulo.png","contentUrl":"https:\/\/informelitoral.com.ar\/%77%70%2d%63%6f%6e%74%65%6e%74\/uploads\/2021\/01\/circulo.png","width":723,"height":731,"caption":"Informe Litoral"},"image":{"@id":"https:\/\/informelitoral.com.ar\/#\/schema\/logo\/image\/"},"sameAs":["https:\/\/www.facebook.com\/informelitoral\/","https:\/\/x.com\/InformeLitoral","https:\/\/www.instagram.com\/informelitoral\/","https:\/\/www.youtube.com\/channel\/UCua4Qvz8Icb6MYqhoq9xLXw"]},{"@type":"Person","@id":"https:\/\/informelitoral.com.ar\/#\/schema\/person\/f05f9f461677119578717524b127d6d5","name":"Sebastian","image":{"@type":"ImageObject","inLanguage":"es","@id":"https:\/\/secure.gravatar.com\/avatar\/b71bf7481d447dfb9583c7f2798e7cc64de6efb9067b74633ed8c31059a3bd82?s=96&d=mm&r=g","url":"https:\/\/secure.gravatar.com\/avatar\/b71bf7481d447dfb9583c7f2798e7cc64de6efb9067b74633ed8c31059a3bd82?s=96&d=mm&r=g","contentUrl":"https:\/\/secure.gravatar.com\/avatar\/b71bf7481d447dfb9583c7f2798e7cc64de6efb9067b74633ed8c31059a3bd82?s=96&d=mm&r=g","caption":"Sebastian"},"url":"https:\/\/informelitoral.com.ar\/author\/sebastian\/"}]}},"_links":{"self":[{"href":"https:\/\/informelitoral.com.ar\/%77%70%2d%6a%73%6f%6e\/wp\/v2\/posts\/177261","targetHints":{"allow":["GET"]}}],"collection":[{"href":"https:\/\/informelitoral.com.ar\/%77%70%2d%6a%73%6f%6e\/wp\/v2\/posts"}],"about":[{"href":"https:\/\/informelitoral.com.ar\/%77%70%2d%6a%73%6f%6e\/wp\/v2\/types\/post"}],"author":[{"embeddable":true,"href":"https:\/\/informelitoral.com.ar\/%77%70%2d%6a%73%6f%6e\/wp\/v2\/users\/8"}],"replies":[{"embeddable":true,"href":"https:\/\/informelitoral.com.ar\/%77%70%2d%6a%73%6f%6e\/wp\/v2\/comments?post=177261"}],"version-history":[{"count":0,"href":"https:\/\/informelitoral.com.ar\/%77%70%2d%6a%73%6f%6e\/wp\/v2\/posts\/177261\/revisions"}],"wp:featuredmedia":[{"embeddable":true,"href":"https:\/\/informelitoral.com.ar\/%77%70%2d%6a%73%6f%6e\/wp\/v2\/media\/17650"}],"wp:attachment":[{"href":"https:\/\/informelitoral.com.ar\/%77%70%2d%6a%73%6f%6e\/wp\/v2\/media?parent=177261"}],"wp:term":[{"taxonomy":"category","embeddable":true,"href":"https:\/\/informelitoral.com.ar\/%77%70%2d%6a%73%6f%6e\/wp\/v2\/categories?post=177261"},{"taxonomy":"post_tag","embeddable":true,"href":"https:\/\/informelitoral.com.ar\/%77%70%2d%6a%73%6f%6e\/wp\/v2\/tags?post=177261"}],"curies":[{"name":"wp","href":"https:\/\/api.w.org\/{rel}","templated":true}]}}