{"id":17630,"date":"2016-08-09T07:34:15","date_gmt":"2016-08-09T10:34:15","guid":{"rendered":"http:\/\/www.isletasnoticias.com.ar\/?p=17630"},"modified":"2016-08-09T07:34:15","modified_gmt":"2016-08-09T10:34:15","slug":"parana-comienza-la-venta-de-entradas-para-la-fiesta-de-disfrases","status":"publish","type":"post","link":"https:\/\/informelitoral.com.ar\/parana-comienza-la-venta-de-entradas-para-la-fiesta-de-disfrases\/","title":{"rendered":"Paran\u00e1: comienza la venta de entradas para la Fiesta de Disfrases"},"content":{"rendered":"<p><strong>Los organizadores de la tradicional Fiesta de disfraces que se realiza cada a\u00f1o en Paran\u00e1, anunciaron el lunes que la venta de entradas anticipadas comenzar\u00e1 el fin de semana y se realizar\u00e1 \u00fanicamente a trav\u00e9s de la p\u00e1gina web propia, que a\u00fan no est\u00e1 habilitada.<a href=\"http:\/\/www.isletasnoticias.com.ar\/%77%70%2d%63%6f%6e%74%65%6e%74\/uploads\/2016\/08\/image.jpeg\"><img loading=\"lazy\" decoding=\"async\" class=\"aligncenter wp-image-17631 size-full\" src=\"http:\/\/www.isletasnoticias.com.ar\/%77%70%2d%63%6f%6e%74%65%6e%74\/uploads\/2016\/08\/image.jpeg\" alt=\"image\" width=\"960\" height=\"636\" srcset=\"https:\/\/informelitoral.com.ar\/%77%70%2d%63%6f%6e%74%65%6e%74\/uploads\/2016\/08\/image.jpeg 960w, https:\/\/informelitoral.com.ar\/%77%70%2d%63%6f%6e%74%65%6e%74\/uploads\/2016\/08\/image-300x199.jpeg 300w, https:\/\/informelitoral.com.ar\/%77%70%2d%63%6f%6e%74%65%6e%74\/uploads\/2016\/08\/image-768x509.jpeg 768w\" sizes=\"auto, (max-width: 960px) 100vw, 960px\" \/><\/a><\/strong><\/p>\n<p>Falta poco para que Paran\u00e1 vuelva a recibir la Fiesta de Disfraces. Este a\u00f1o, el megaevento viene renovado ya que la fecha a realizarse ser\u00e1 el 9 de octubre. Por otro lado, cambi\u00f3 el escenario, un poco m\u00e1s cerca a la capital entrerriana, por el Acceso Norte, indic\u00f3 <em>9 Ahora.<\/em><\/p>\n<p>Pero el lunes se conoci\u00f3 uno de los detalles m\u00e1s importantes, el comienzo de la venta de entradas. Desde la organizaci\u00f3n anunciaron que los tickets podr\u00e1n adquirirse desde el fin de semana s\u00f3lo por sitio web oficial de la Fiesta.<\/p>\n<p>Los pagos ser\u00e1n procesados autom\u00e1ticamente en la plataforma de MercadoPago. En Paran\u00e1 y Santa Fe habr\u00e1 puntos de entregas especiales, sin costo alguno. Mientras que aquellos que est\u00e9n fuera de estas dos ciudades, podr\u00e1n ser retiradas posteriormente en alguno de los puntos de entrega Andreani o enviados a domicilio a todo el pa\u00eds. Las formas de pagos son variadas. Con tarjeta de cr\u00e9dito en 12, 6 y 3 cuotas sin inter\u00e9s y pago en efectivo a trav\u00e9s de Pago F\u00e1cil o Rapipago<\/p>\n","protected":false},"excerpt":{"rendered":"<p>Los organizadores de la tradicional Fiesta de disfraces que se realiza cada a&ntilde;o en Paran&aacute;, anunciaron el lunes que la venta de entradas anticipadas comenzar&aacute; el fin de semana y se realizar&aacute; &uacute;nicamente a trav&eacute;s de la p&aacute;gina web propia, que a&uacute;n no est&aacute; habilitada. Falta poco para que Paran&aacute; vuelva a recibir la Fiesta [&hellip;]<\/p>\n","protected":false},"author":2,"featured_media":0,"comment_status":"open","ping_status":"open","sticky":false,"template":"","format":"standard","meta":{"fifu_image_url":"","fifu_image_alt":"","footnotes":""},"categories":[6,9],"tags":[],"class_list":{"0":"post-17630","1":"post","2":"type-post","3":"status-publish","4":"format-standard","6":"category-entre-rios","7":"category-sociedad"},"yoast_head":"<title>Paran\u00e1: comienza la venta de entradas para la Fiesta de Disfrases - Informe Litoral<\/title>\n<meta name=\"robots\" content=\"index, follow, max-snippet:-1, max-image-preview:large, max-video-preview:-1\" \/>\n<link rel=\"canonical\" href=\"https:\/\/informelitoral.com.ar\/parana-comienza-la-venta-de-entradas-para-la-fiesta-de-disfrases\/\" \/>\n<meta property=\"og:locale\" content=\"es_ES\" \/>\n<meta property=\"og:type\" content=\"article\" \/>\n<meta property=\"og:title\" content=\"Paran\u00e1: comienza la venta de entradas para la Fiesta de Disfrases - Informe Litoral\" \/>\n<meta property=\"og:description\" content=\"Los organizadores de la tradicional Fiesta de disfraces que se realiza cada a&ntilde;o en Paran&aacute;, anunciaron el lunes que la venta de entradas anticipadas comenzar&aacute; el fin de semana y se realizar&aacute; &uacute;nicamente a trav&eacute;s de la p&aacute;gina web propia, que a&uacute;n no est&aacute; habilitada. Falta poco para que Paran&aacute; vuelva a recibir la Fiesta [&hellip;]\" \/>\n<meta property=\"og:url\" content=\"https:\/\/informelitoral.com.ar\/parana-comienza-la-venta-de-entradas-para-la-fiesta-de-disfrases\/\" \/>\n<meta property=\"og:site_name\" content=\"Informe Litoral\" \/>\n<meta property=\"article:publisher\" content=\"https:\/\/www.facebook.com\/informelitoral\/\" \/>\n<meta property=\"article:published_time\" content=\"2016-08-09T10:34:15+00:00\" \/>\n<meta property=\"og:image\" content=\"https:\/\/informelitoral.com.ar\/%77%70%2d%63%6f%6e%74%65%6e%74\/uploads\/2016\/08\/image.jpeg\" \/>\n\t<meta property=\"og:image:width\" content=\"960\" \/>\n\t<meta property=\"og:image:height\" content=\"636\" \/>\n\t<meta property=\"og:image:type\" content=\"image\/jpeg\" \/>\n<meta name=\"author\" content=\"Gonzalo Schmidt\" \/>\n<meta name=\"twitter:card\" content=\"summary_large_image\" \/>\n<meta name=\"twitter:creator\" content=\"@InformeLitoral\" \/>\n<meta name=\"twitter:site\" content=\"@InformeLitoral\" \/>\n<meta name=\"twitter:label1\" content=\"Escrito por\" \/>\n\t<meta name=\"twitter:data1\" content=\"Gonzalo Schmidt\" \/>\n\t<meta name=\"twitter:label2\" content=\"Tiempo de lectura\" \/>\n\t<meta name=\"twitter:data2\" content=\"1 minuto\" \/>\n<script type=\"application\/ld+json\" class=\"yoast-schema-graph\">{\"@context\":\"https:\\\/\\\/schema.org\",\"@graph\":[{\"@type\":\"Article\",\"@id\":\"https:\\\/\\\/informelitoral.com.ar\\\/parana-comienza-la-venta-de-entradas-para-la-fiesta-de-disfrases\\\/#article\",\"isPartOf\":{\"@id\":\"https:\\\/\\\/informelitoral.com.ar\\\/parana-comienza-la-venta-de-entradas-para-la-fiesta-de-disfrases\\\/\"},\"author\":{\"name\":\"Gonzalo Schmidt\",\"@id\":\"https:\\\/\\\/informelitoral.com.ar\\\/#\\\/schema\\\/person\\\/b9d00407c836482871ef1d57bf8e3180\"},\"headline\":\"Paran\u00e1: comienza la venta de entradas para la Fiesta de Disfrases\",\"datePublished\":\"2016-08-09T10:34:15+00:00\",\"mainEntityOfPage\":{\"@id\":\"https:\\\/\\\/informelitoral.com.ar\\\/parana-comienza-la-venta-de-entradas-para-la-fiesta-de-disfrases\\\/\"},\"wordCount\":242,\"commentCount\":0,\"publisher\":{\"@id\":\"https:\\\/\\\/informelitoral.com.ar\\\/#organization\"},\"image\":{\"@id\":\"https:\\\/\\\/informelitoral.com.ar\\\/parana-comienza-la-venta-de-entradas-para-la-fiesta-de-disfrases\\\/#primaryimage\"},\"thumbnailUrl\":\"http:\\\/\\\/www.isletasnoticias.com.ar\\\/%77%70%2d%63%6f%6e%74%65%6e%74\\\/uploads\\\/2016\\\/08\\\/image.jpeg\",\"articleSection\":[\"Entre R\u00edos\",\"Sociedad\"],\"inLanguage\":\"es\",\"potentialAction\":[{\"@type\":\"CommentAction\",\"name\":\"Comment\",\"target\":[\"https:\\\/\\\/informelitoral.com.ar\\\/parana-comienza-la-venta-de-entradas-para-la-fiesta-de-disfrases\\\/#respond\"]}]},{\"@type\":\"WebPage\",\"@id\":\"https:\\\/\\\/informelitoral.com.ar\\\/parana-comienza-la-venta-de-entradas-para-la-fiesta-de-disfrases\\\/\",\"url\":\"https:\\\/\\\/informelitoral.com.ar\\\/parana-comienza-la-venta-de-entradas-para-la-fiesta-de-disfrases\\\/\",\"name\":\"Paran\u00e1: comienza la venta de entradas para la Fiesta de Disfrases - Informe Litoral\",\"isPartOf\":{\"@id\":\"https:\\\/\\\/informelitoral.com.ar\\\/#website\"},\"primaryImageOfPage\":{\"@id\":\"https:\\\/\\\/informelitoral.com.ar\\\/parana-comienza-la-venta-de-entradas-para-la-fiesta-de-disfrases\\\/#primaryimage\"},\"image\":{\"@id\":\"https:\\\/\\\/informelitoral.com.ar\\\/parana-comienza-la-venta-de-entradas-para-la-fiesta-de-disfrases\\\/#primaryimage\"},\"thumbnailUrl\":\"http:\\\/\\\/www.isletasnoticias.com.ar\\\/%77%70%2d%63%6f%6e%74%65%6e%74\\\/uploads\\\/2016\\\/08\\\/image.jpeg\",\"datePublished\":\"2016-08-09T10:34:15+00:00\",\"breadcrumb\":{\"@id\":\"https:\\\/\\\/informelitoral.com.ar\\\/parana-comienza-la-venta-de-entradas-para-la-fiesta-de-disfrases\\\/#breadcrumb\"},\"inLanguage\":\"es\",\"potentialAction\":[{\"@type\":\"ReadAction\",\"target\":[\"https:\\\/\\\/informelitoral.com.ar\\\/parana-comienza-la-venta-de-entradas-para-la-fiesta-de-disfrases\\\/\"]}]},{\"@type\":\"ImageObject\",\"inLanguage\":\"es\",\"@id\":\"https:\\\/\\\/informelitoral.com.ar\\\/parana-comienza-la-venta-de-entradas-para-la-fiesta-de-disfrases\\\/#primaryimage\",\"url\":\"http:\\\/\\\/www.isletasnoticias.com.ar\\\/%77%70%2d%63%6f%6e%74%65%6e%74\\\/uploads\\\/2016\\\/08\\\/image.jpeg\",\"contentUrl\":\"http:\\\/\\\/www.isletasnoticias.com.ar\\\/%77%70%2d%63%6f%6e%74%65%6e%74\\\/uploads\\\/2016\\\/08\\\/image.jpeg\"},{\"@type\":\"BreadcrumbList\",\"@id\":\"https:\\\/\\\/informelitoral.com.ar\\\/parana-comienza-la-venta-de-entradas-para-la-fiesta-de-disfrases\\\/#breadcrumb\",\"itemListElement\":[{\"@type\":\"ListItem\",\"position\":1,\"name\":\"Portada\",\"item\":\"https:\\\/\\\/informelitoral.com.ar\\\/\"},{\"@type\":\"ListItem\",\"position\":2,\"name\":\"Paran\u00e1: comienza la venta de entradas para la Fiesta de Disfrases\"}]},{\"@type\":\"WebSite\",\"@id\":\"https:\\\/\\\/informelitoral.com.ar\\\/#website\",\"url\":\"https:\\\/\\\/informelitoral.com.ar\\\/\",\"name\":\"Informe Litoral\",\"description\":\"&quot;Nos informamos&quot; \",\"publisher\":{\"@id\":\"https:\\\/\\\/informelitoral.com.ar\\\/#organization\"},\"potentialAction\":[{\"@type\":\"SearchAction\",\"target\":{\"@type\":\"EntryPoint\",\"urlTemplate\":\"https:\\\/\\\/informelitoral.com.ar\\\/?s={search_term_string}\"},\"query-input\":{\"@type\":\"PropertyValueSpecification\",\"valueRequired\":true,\"valueName\":\"search_term_string\"}}],\"inLanguage\":\"es\"},{\"@type\":\"Organization\",\"@id\":\"https:\\\/\\\/informelitoral.com.ar\\\/#organization\",\"name\":\"Informe Litoral\",\"url\":\"https:\\\/\\\/informelitoral.com.ar\\\/\",\"logo\":{\"@type\":\"ImageObject\",\"inLanguage\":\"es\",\"@id\":\"https:\\\/\\\/informelitoral.com.ar\\\/#\\\/schema\\\/logo\\\/image\\\/\",\"url\":\"https:\\\/\\\/informelitoral.com.ar\\\/%77%70%2d%63%6f%6e%74%65%6e%74\\\/uploads\\\/2021\\\/01\\\/circulo.png\",\"contentUrl\":\"https:\\\/\\\/informelitoral.com.ar\\\/%77%70%2d%63%6f%6e%74%65%6e%74\\\/uploads\\\/2021\\\/01\\\/circulo.png\",\"width\":723,\"height\":731,\"caption\":\"Informe Litoral\"},\"image\":{\"@id\":\"https:\\\/\\\/informelitoral.com.ar\\\/#\\\/schema\\\/logo\\\/image\\\/\"},\"sameAs\":[\"https:\\\/\\\/www.facebook.com\\\/informelitoral\\\/\",\"https:\\\/\\\/x.com\\\/InformeLitoral\",\"https:\\\/\\\/www.instagram.com\\\/informelitoral\\\/\",\"https:\\\/\\\/www.youtube.com\\\/channel\\\/UCua4Qvz8Icb6MYqhoq9xLXw\"]},{\"@type\":\"Person\",\"@id\":\"https:\\\/\\\/informelitoral.com.ar\\\/#\\\/schema\\\/person\\\/b9d00407c836482871ef1d57bf8e3180\",\"name\":\"Gonzalo Schmidt\",\"image\":{\"@type\":\"ImageObject\",\"inLanguage\":\"es\",\"@id\":\"https:\\\/\\\/secure.gravatar.com\\\/avatar\\\/31a1a7b66ff2de83bd0e9fd79d026630d2d99e55e8bfe501287647b4fd9743de?s=96&d=mm&r=g\",\"url\":\"https:\\\/\\\/secure.gravatar.com\\\/avatar\\\/31a1a7b66ff2de83bd0e9fd79d026630d2d99e55e8bfe501287647b4fd9743de?s=96&d=mm&r=g\",\"contentUrl\":\"https:\\\/\\\/secure.gravatar.com\\\/avatar\\\/31a1a7b66ff2de83bd0e9fd79d026630d2d99e55e8bfe501287647b4fd9743de?s=96&d=mm&r=g\",\"caption\":\"Gonzalo Schmidt\"},\"description\":\"Sitio web de noticias de la provincia de Entre R\u00edos, Argentina. Informaci\u00f3n y entretenimiento. Informe Litoral, nos informamos.\",\"sameAs\":[\"http:\\\/\\\/www.isletasnoticias.com.ar\"],\"url\":\"https:\\\/\\\/informelitoral.com.ar\\\/author\\\/gonzalo\\\/\"}]}<\/script>","yoast_head_json":{"title":"Paran\u00e1: comienza la venta de entradas para la Fiesta de Disfrases - Informe Litoral","robots":{"index":"index","follow":"follow","max-snippet":"max-snippet:-1","max-image-preview":"max-image-preview:large","max-video-preview":"max-video-preview:-1"},"canonical":"https:\/\/informelitoral.com.ar\/parana-comienza-la-venta-de-entradas-para-la-fiesta-de-disfrases\/","og_locale":"es_ES","og_type":"article","og_title":"Paran\u00e1: comienza la venta de entradas para la Fiesta de Disfrases - Informe Litoral","og_description":"Los organizadores de la tradicional Fiesta de disfraces que se realiza cada a&ntilde;o en Paran&aacute;, anunciaron el lunes que la venta de entradas anticipadas comenzar&aacute; el fin de semana y se realizar&aacute; &uacute;nicamente a trav&eacute;s de la p&aacute;gina web propia, que a&uacute;n no est&aacute; habilitada. Falta poco para que Paran&aacute; vuelva a recibir la Fiesta [&hellip;]","og_url":"https:\/\/informelitoral.com.ar\/parana-comienza-la-venta-de-entradas-para-la-fiesta-de-disfrases\/","og_site_name":"Informe Litoral","article_publisher":"https:\/\/www.facebook.com\/informelitoral\/","article_published_time":"2016-08-09T10:34:15+00:00","og_image":[{"width":960,"height":636,"url":"https:\/\/informelitoral.com.ar\/%77%70%2d%63%6f%6e%74%65%6e%74\/uploads\/2016\/08\/image.jpeg","type":"image\/jpeg"}],"author":"Gonzalo Schmidt","twitter_card":"summary_large_image","twitter_creator":"@InformeLitoral","twitter_site":"@InformeLitoral","twitter_misc":{"Escrito por":"Gonzalo Schmidt","Tiempo de lectura":"1 minuto"},"schema":{"@context":"https:\/\/schema.org","@graph":[{"@type":"Article","@id":"https:\/\/informelitoral.com.ar\/parana-comienza-la-venta-de-entradas-para-la-fiesta-de-disfrases\/#article","isPartOf":{"@id":"https:\/\/informelitoral.com.ar\/parana-comienza-la-venta-de-entradas-para-la-fiesta-de-disfrases\/"},"author":{"name":"Gonzalo Schmidt","@id":"https:\/\/informelitoral.com.ar\/#\/schema\/person\/b9d00407c836482871ef1d57bf8e3180"},"headline":"Paran\u00e1: comienza la venta de entradas para la Fiesta de Disfrases","datePublished":"2016-08-09T10:34:15+00:00","mainEntityOfPage":{"@id":"https:\/\/informelitoral.com.ar\/parana-comienza-la-venta-de-entradas-para-la-fiesta-de-disfrases\/"},"wordCount":242,"commentCount":0,"publisher":{"@id":"https:\/\/informelitoral.com.ar\/#organization"},"image":{"@id":"https:\/\/informelitoral.com.ar\/parana-comienza-la-venta-de-entradas-para-la-fiesta-de-disfrases\/#primaryimage"},"thumbnailUrl":"http:\/\/www.isletasnoticias.com.ar\/%77%70%2d%63%6f%6e%74%65%6e%74\/uploads\/2016\/08\/image.jpeg","articleSection":["Entre R\u00edos","Sociedad"],"inLanguage":"es","potentialAction":[{"@type":"CommentAction","name":"Comment","target":["https:\/\/informelitoral.com.ar\/parana-comienza-la-venta-de-entradas-para-la-fiesta-de-disfrases\/#respond"]}]},{"@type":"WebPage","@id":"https:\/\/informelitoral.com.ar\/parana-comienza-la-venta-de-entradas-para-la-fiesta-de-disfrases\/","url":"https:\/\/informelitoral.com.ar\/parana-comienza-la-venta-de-entradas-para-la-fiesta-de-disfrases\/","name":"Paran\u00e1: comienza la venta de entradas para la Fiesta de Disfrases - Informe Litoral","isPartOf":{"@id":"https:\/\/informelitoral.com.ar\/#website"},"primaryImageOfPage":{"@id":"https:\/\/informelitoral.com.ar\/parana-comienza-la-venta-de-entradas-para-la-fiesta-de-disfrases\/#primaryimage"},"image":{"@id":"https:\/\/informelitoral.com.ar\/parana-comienza-la-venta-de-entradas-para-la-fiesta-de-disfrases\/#primaryimage"},"thumbnailUrl":"http:\/\/www.isletasnoticias.com.ar\/%77%70%2d%63%6f%6e%74%65%6e%74\/uploads\/2016\/08\/image.jpeg","datePublished":"2016-08-09T10:34:15+00:00","breadcrumb":{"@id":"https:\/\/informelitoral.com.ar\/parana-comienza-la-venta-de-entradas-para-la-fiesta-de-disfrases\/#breadcrumb"},"inLanguage":"es","potentialAction":[{"@type":"ReadAction","target":["https:\/\/informelitoral.com.ar\/parana-comienza-la-venta-de-entradas-para-la-fiesta-de-disfrases\/"]}]},{"@type":"ImageObject","inLanguage":"es","@id":"https:\/\/informelitoral.com.ar\/parana-comienza-la-venta-de-entradas-para-la-fiesta-de-disfrases\/#primaryimage","url":"http:\/\/www.isletasnoticias.com.ar\/%77%70%2d%63%6f%6e%74%65%6e%74\/uploads\/2016\/08\/image.jpeg","contentUrl":"http:\/\/www.isletasnoticias.com.ar\/%77%70%2d%63%6f%6e%74%65%6e%74\/uploads\/2016\/08\/image.jpeg"},{"@type":"BreadcrumbList","@id":"https:\/\/informelitoral.com.ar\/parana-comienza-la-venta-de-entradas-para-la-fiesta-de-disfrases\/#breadcrumb","itemListElement":[{"@type":"ListItem","position":1,"name":"Portada","item":"https:\/\/informelitoral.com.ar\/"},{"@type":"ListItem","position":2,"name":"Paran\u00e1: comienza la venta de entradas para la Fiesta de Disfrases"}]},{"@type":"WebSite","@id":"https:\/\/informelitoral.com.ar\/#website","url":"https:\/\/informelitoral.com.ar\/","name":"Informe Litoral","description":"&quot;Nos informamos&quot; ","publisher":{"@id":"https:\/\/informelitoral.com.ar\/#organization"},"potentialAction":[{"@type":"SearchAction","target":{"@type":"EntryPoint","urlTemplate":"https:\/\/informelitoral.com.ar\/?s={search_term_string}"},"query-input":{"@type":"PropertyValueSpecification","valueRequired":true,"valueName":"search_term_string"}}],"inLanguage":"es"},{"@type":"Organization","@id":"https:\/\/informelitoral.com.ar\/#organization","name":"Informe Litoral","url":"https:\/\/informelitoral.com.ar\/","logo":{"@type":"ImageObject","inLanguage":"es","@id":"https:\/\/informelitoral.com.ar\/#\/schema\/logo\/image\/","url":"https:\/\/informelitoral.com.ar\/%77%70%2d%63%6f%6e%74%65%6e%74\/uploads\/2021\/01\/circulo.png","contentUrl":"https:\/\/informelitoral.com.ar\/%77%70%2d%63%6f%6e%74%65%6e%74\/uploads\/2021\/01\/circulo.png","width":723,"height":731,"caption":"Informe Litoral"},"image":{"@id":"https:\/\/informelitoral.com.ar\/#\/schema\/logo\/image\/"},"sameAs":["https:\/\/www.facebook.com\/informelitoral\/","https:\/\/x.com\/InformeLitoral","https:\/\/www.instagram.com\/informelitoral\/","https:\/\/www.youtube.com\/channel\/UCua4Qvz8Icb6MYqhoq9xLXw"]},{"@type":"Person","@id":"https:\/\/informelitoral.com.ar\/#\/schema\/person\/b9d00407c836482871ef1d57bf8e3180","name":"Gonzalo Schmidt","image":{"@type":"ImageObject","inLanguage":"es","@id":"https:\/\/secure.gravatar.com\/avatar\/31a1a7b66ff2de83bd0e9fd79d026630d2d99e55e8bfe501287647b4fd9743de?s=96&d=mm&r=g","url":"https:\/\/secure.gravatar.com\/avatar\/31a1a7b66ff2de83bd0e9fd79d026630d2d99e55e8bfe501287647b4fd9743de?s=96&d=mm&r=g","contentUrl":"https:\/\/secure.gravatar.com\/avatar\/31a1a7b66ff2de83bd0e9fd79d026630d2d99e55e8bfe501287647b4fd9743de?s=96&d=mm&r=g","caption":"Gonzalo Schmidt"},"description":"Sitio web de noticias de la provincia de Entre R\u00edos, Argentina. Informaci\u00f3n y entretenimiento. Informe Litoral, nos informamos.","sameAs":["http:\/\/www.isletasnoticias.com.ar"],"url":"https:\/\/informelitoral.com.ar\/author\/gonzalo\/"}]}},"_links":{"self":[{"href":"https:\/\/informelitoral.com.ar\/%77%70%2d%6a%73%6f%6e\/wp\/v2\/posts\/17630","targetHints":{"allow":["GET"]}}],"collection":[{"href":"https:\/\/informelitoral.com.ar\/%77%70%2d%6a%73%6f%6e\/wp\/v2\/posts"}],"about":[{"href":"https:\/\/informelitoral.com.ar\/%77%70%2d%6a%73%6f%6e\/wp\/v2\/types\/post"}],"author":[{"embeddable":true,"href":"https:\/\/informelitoral.com.ar\/%77%70%2d%6a%73%6f%6e\/wp\/v2\/users\/2"}],"replies":[{"embeddable":true,"href":"https:\/\/informelitoral.com.ar\/%77%70%2d%6a%73%6f%6e\/wp\/v2\/comments?post=17630"}],"version-history":[{"count":0,"href":"https:\/\/informelitoral.com.ar\/%77%70%2d%6a%73%6f%6e\/wp\/v2\/posts\/17630\/revisions"}],"wp:attachment":[{"href":"https:\/\/informelitoral.com.ar\/%77%70%2d%6a%73%6f%6e\/wp\/v2\/media?parent=17630"}],"wp:term":[{"taxonomy":"category","embeddable":true,"href":"https:\/\/informelitoral.com.ar\/%77%70%2d%6a%73%6f%6e\/wp\/v2\/categories?post=17630"},{"taxonomy":"post_tag","embeddable":true,"href":"https:\/\/informelitoral.com.ar\/%77%70%2d%6a%73%6f%6e\/wp\/v2\/tags?post=17630"}],"curies":[{"name":"wp","href":"https:\/\/api.w.org\/{rel}","templated":true}]}}