{"id":17627,"date":"2016-08-09T07:25:19","date_gmt":"2016-08-09T10:25:19","guid":{"rendered":"http:\/\/www.isletasnoticias.com.ar\/?p=17627"},"modified":"2016-08-09T07:25:19","modified_gmt":"2016-08-09T10:25:19","slug":"preocupacion-en-el-sector-de-las-maquinarias-por-el-ingreso-de-sembradoras-importadas","status":"publish","type":"post","link":"https:\/\/informelitoral.com.ar\/preocupacion-en-el-sector-de-las-maquinarias-por-el-ingreso-de-sembradoras-importadas\/","title":{"rendered":"Preocupaci\u00f3n en el sector de las maquinarias por el ingreso de sembradoras importadas"},"content":{"rendered":"<p><strong>Algunos fabricantes llevaron el reclamo a funcionarios del Ministerio de Agroindustria. Ante el pedido, el Gobierno Nacional prometi\u00f3 investigar la operatoria. Hasta ahora, pr\u00e1cticamente todas las sembradoras vendidas en el mercado local son de origen nacional.<a href=\"http:\/\/www.isletasnoticias.com.ar\/%77%70%2d%63%6f%6e%74%65%6e%74\/uploads\/2016\/08\/i22560-sembradora-631.jpg\"><img loading=\"lazy\" decoding=\"async\" class=\"aligncenter wp-image-17628 size-full\" src=\"http:\/\/www.isletasnoticias.com.ar\/%77%70%2d%63%6f%6e%74%65%6e%74\/uploads\/2016\/08\/i22560-sembradora-631.jpg\" alt=\"i22560-sembradora-631\" width=\"631\" height=\"280\" srcset=\"https:\/\/informelitoral.com.ar\/%77%70%2d%63%6f%6e%74%65%6e%74\/uploads\/2016\/08\/i22560-sembradora-631.jpg 631w, https:\/\/informelitoral.com.ar\/%77%70%2d%63%6f%6e%74%65%6e%74\/uploads\/2016\/08\/i22560-sembradora-631-300x133.jpg 300w\" sizes=\"auto, (max-width: 631px) 100vw, 631px\" \/><\/a><\/strong><\/p>\n<p>Los fabricantes de sembradoras advirtieron a funcionarios del Gobierno Nacional sobre el ingreso de sembradoras al pa\u00eds, importadas por parte de una compa\u00f1\u00eda multinacional. El comentario fue realizado durante la Exposici\u00f3n Rural de Palermo, en una de las tantas reuniones que empresarios y representantes del Gobierno mantuvieron en la muestra porte\u00f1a.<\/p>\n<p>\u201cYa hemos realizado el reclamo pertinente al Gobierno\u201d, asegur\u00f3 <strong>Marcelo Valfiorani<\/strong>, presidente del C\u00e1mara Argentina de Fabricantes de Maquinaria Agr\u00edcola (CAFMA), seg\u00fan public\u00f3 <em>Infocampo.\u00a0<\/em><\/p>\n<p>Desde el Ministerio de Agroindustria se comprometieron a investigar la existencia y el alcance de la operatoria, que habr\u00eda reunido a alrededor de 20 equipos.<\/p>\n<p><strong>Todo nacional<\/strong><br \/>\nEl ingreso de sembradoras del exterior gener\u00f3 preocupaci\u00f3n en el sector, en especial entre los fabricantes del rubro en el que se desempe\u00f1an alrededor de 50 empresas, la mayor\u00eda de las cuales son Pymes.<\/p>\n<p>Se trata del \u00fanico sector de la maquinaria agr\u00edcola en el que las ventas en el mercado interno son (o eran) 100% de industria nacional.<\/p>\n<p>En los primeros meses del a\u00f1o, la producci\u00f3n y venta de sembradoras hab\u00eda recuperado terreno, luego de tocar durante el \u00faltimo a\u00f1o el piso hist\u00f3rico en ambos indicadores.<br \/>\nSembradora Pierob\u00f3n exportada a Sud\u00e1fricaExportaciones<\/p>\n<p>Si bien la comercializaci\u00f3n dom\u00e9stica exhibe una mejora, las exportaciones de sembradoras tienen un desempe\u00f1o inferior a 2015. En los primeros seis meses del a\u00f1o, las f\u00e1bricas argentinas declararon embarques por 68 sembradoras, por una facturaci\u00f3n de U$S 4,6 millones.<\/p>\n<p>Entre enero y junio pasado, el ritmo en el comercio exterior fue 21,8% menor en cantidad de unidades y 16,6% en ingresos de divisas respecto al primer semestre del a\u00f1o pasado.<\/p>\n<p>En el desagregado de empresas exportadoras de sembradoras, las firmas de Santa Fe monopolizaron el podio: S\u00faper W\u00e1lter (Las Parejas), Apache (Las Parejas) y Gherardi (Casilda).<\/p>\n","protected":false},"excerpt":{"rendered":"<p>Algunos fabricantes llevaron el reclamo a funcionarios del Ministerio de Agroindustria. Ante el pedido, el Gobierno Nacional prometi&oacute; investigar la operatoria. Hasta ahora, pr&aacute;cticamente todas las sembradoras vendidas en el mercado local son de origen nacional. Los fabricantes de sembradoras advirtieron a funcionarios del Gobierno Nacional sobre el ingreso de sembradoras al pa&iacute;s, importadas por [&hellip;]<\/p>\n","protected":false},"author":2,"featured_media":0,"comment_status":"open","ping_status":"open","sticky":false,"template":"","format":"standard","meta":{"fifu_image_url":"","fifu_image_alt":"","footnotes":""},"categories":[10],"tags":[],"class_list":{"0":"post-17627","1":"post","2":"type-post","3":"status-publish","4":"format-standard","6":"category-campo"},"yoast_head":"<title>Preocupaci\u00f3n en el sector de las maquinarias por el ingreso de sembradoras importadas - Informe Litoral<\/title>\n<meta name=\"robots\" content=\"index, follow, max-snippet:-1, max-image-preview:large, max-video-preview:-1\" \/>\n<link rel=\"canonical\" href=\"https:\/\/informelitoral.com.ar\/preocupacion-en-el-sector-de-las-maquinarias-por-el-ingreso-de-sembradoras-importadas\/\" \/>\n<meta property=\"og:locale\" content=\"es_ES\" \/>\n<meta property=\"og:type\" content=\"article\" \/>\n<meta property=\"og:title\" content=\"Preocupaci\u00f3n en el sector de las maquinarias por el ingreso de sembradoras importadas - Informe Litoral\" \/>\n<meta property=\"og:description\" content=\"Algunos fabricantes llevaron el reclamo a funcionarios del Ministerio de Agroindustria. Ante el pedido, el Gobierno Nacional prometi&oacute; investigar la operatoria. Hasta ahora, pr&aacute;cticamente todas las sembradoras vendidas en el mercado local son de origen nacional. Los fabricantes de sembradoras advirtieron a funcionarios del Gobierno Nacional sobre el ingreso de sembradoras al pa&iacute;s, importadas por [&hellip;]\" \/>\n<meta property=\"og:url\" content=\"https:\/\/informelitoral.com.ar\/preocupacion-en-el-sector-de-las-maquinarias-por-el-ingreso-de-sembradoras-importadas\/\" \/>\n<meta property=\"og:site_name\" content=\"Informe Litoral\" \/>\n<meta property=\"article:publisher\" content=\"https:\/\/www.facebook.com\/informelitoral\/\" \/>\n<meta property=\"article:published_time\" content=\"2016-08-09T10:25:19+00:00\" \/>\n<meta property=\"og:image\" content=\"https:\/\/informelitoral.com.ar\/%77%70%2d%63%6f%6e%74%65%6e%74\/uploads\/2016\/08\/i22560-sembradora-631.jpg\" \/>\n\t<meta property=\"og:image:width\" content=\"631\" \/>\n\t<meta property=\"og:image:height\" content=\"280\" \/>\n\t<meta property=\"og:image:type\" content=\"image\/jpeg\" \/>\n<meta name=\"author\" content=\"Gonzalo Schmidt\" \/>\n<meta name=\"twitter:card\" content=\"summary_large_image\" \/>\n<meta name=\"twitter:creator\" content=\"@InformeLitoral\" \/>\n<meta name=\"twitter:site\" content=\"@InformeLitoral\" \/>\n<meta name=\"twitter:label1\" content=\"Escrito por\" \/>\n\t<meta name=\"twitter:data1\" content=\"Gonzalo Schmidt\" \/>\n\t<meta name=\"twitter:label2\" content=\"Tiempo de lectura\" \/>\n\t<meta name=\"twitter:data2\" content=\"2 minutos\" \/>\n<script type=\"application\/ld+json\" class=\"yoast-schema-graph\">{\"@context\":\"https:\\\/\\\/schema.org\",\"@graph\":[{\"@type\":\"Article\",\"@id\":\"https:\\\/\\\/informelitoral.com.ar\\\/preocupacion-en-el-sector-de-las-maquinarias-por-el-ingreso-de-sembradoras-importadas\\\/#article\",\"isPartOf\":{\"@id\":\"https:\\\/\\\/informelitoral.com.ar\\\/preocupacion-en-el-sector-de-las-maquinarias-por-el-ingreso-de-sembradoras-importadas\\\/\"},\"author\":{\"name\":\"Gonzalo Schmidt\",\"@id\":\"https:\\\/\\\/informelitoral.com.ar\\\/#\\\/schema\\\/person\\\/b9d00407c836482871ef1d57bf8e3180\"},\"headline\":\"Preocupaci\u00f3n en el sector de las maquinarias por el ingreso de sembradoras importadas\",\"datePublished\":\"2016-08-09T10:25:19+00:00\",\"mainEntityOfPage\":{\"@id\":\"https:\\\/\\\/informelitoral.com.ar\\\/preocupacion-en-el-sector-de-las-maquinarias-por-el-ingreso-de-sembradoras-importadas\\\/\"},\"wordCount\":363,\"commentCount\":0,\"publisher\":{\"@id\":\"https:\\\/\\\/informelitoral.com.ar\\\/#organization\"},\"image\":{\"@id\":\"https:\\\/\\\/informelitoral.com.ar\\\/preocupacion-en-el-sector-de-las-maquinarias-por-el-ingreso-de-sembradoras-importadas\\\/#primaryimage\"},\"thumbnailUrl\":\"http:\\\/\\\/www.isletasnoticias.com.ar\\\/%77%70%2d%63%6f%6e%74%65%6e%74\\\/uploads\\\/2016\\\/08\\\/i22560-sembradora-631.jpg\",\"articleSection\":[\"Campo\"],\"inLanguage\":\"es\",\"potentialAction\":[{\"@type\":\"CommentAction\",\"name\":\"Comment\",\"target\":[\"https:\\\/\\\/informelitoral.com.ar\\\/preocupacion-en-el-sector-de-las-maquinarias-por-el-ingreso-de-sembradoras-importadas\\\/#respond\"]}]},{\"@type\":\"WebPage\",\"@id\":\"https:\\\/\\\/informelitoral.com.ar\\\/preocupacion-en-el-sector-de-las-maquinarias-por-el-ingreso-de-sembradoras-importadas\\\/\",\"url\":\"https:\\\/\\\/informelitoral.com.ar\\\/preocupacion-en-el-sector-de-las-maquinarias-por-el-ingreso-de-sembradoras-importadas\\\/\",\"name\":\"Preocupaci\u00f3n en el sector de las maquinarias por el ingreso de sembradoras importadas - Informe Litoral\",\"isPartOf\":{\"@id\":\"https:\\\/\\\/informelitoral.com.ar\\\/#website\"},\"primaryImageOfPage\":{\"@id\":\"https:\\\/\\\/informelitoral.com.ar\\\/preocupacion-en-el-sector-de-las-maquinarias-por-el-ingreso-de-sembradoras-importadas\\\/#primaryimage\"},\"image\":{\"@id\":\"https:\\\/\\\/informelitoral.com.ar\\\/preocupacion-en-el-sector-de-las-maquinarias-por-el-ingreso-de-sembradoras-importadas\\\/#primaryimage\"},\"thumbnailUrl\":\"http:\\\/\\\/www.isletasnoticias.com.ar\\\/%77%70%2d%63%6f%6e%74%65%6e%74\\\/uploads\\\/2016\\\/08\\\/i22560-sembradora-631.jpg\",\"datePublished\":\"2016-08-09T10:25:19+00:00\",\"breadcrumb\":{\"@id\":\"https:\\\/\\\/informelitoral.com.ar\\\/preocupacion-en-el-sector-de-las-maquinarias-por-el-ingreso-de-sembradoras-importadas\\\/#breadcrumb\"},\"inLanguage\":\"es\",\"potentialAction\":[{\"@type\":\"ReadAction\",\"target\":[\"https:\\\/\\\/informelitoral.com.ar\\\/preocupacion-en-el-sector-de-las-maquinarias-por-el-ingreso-de-sembradoras-importadas\\\/\"]}]},{\"@type\":\"ImageObject\",\"inLanguage\":\"es\",\"@id\":\"https:\\\/\\\/informelitoral.com.ar\\\/preocupacion-en-el-sector-de-las-maquinarias-por-el-ingreso-de-sembradoras-importadas\\\/#primaryimage\",\"url\":\"http:\\\/\\\/www.isletasnoticias.com.ar\\\/%77%70%2d%63%6f%6e%74%65%6e%74\\\/uploads\\\/2016\\\/08\\\/i22560-sembradora-631.jpg\",\"contentUrl\":\"http:\\\/\\\/www.isletasnoticias.com.ar\\\/%77%70%2d%63%6f%6e%74%65%6e%74\\\/uploads\\\/2016\\\/08\\\/i22560-sembradora-631.jpg\"},{\"@type\":\"BreadcrumbList\",\"@id\":\"https:\\\/\\\/informelitoral.com.ar\\\/preocupacion-en-el-sector-de-las-maquinarias-por-el-ingreso-de-sembradoras-importadas\\\/#breadcrumb\",\"itemListElement\":[{\"@type\":\"ListItem\",\"position\":1,\"name\":\"Portada\",\"item\":\"https:\\\/\\\/informelitoral.com.ar\\\/\"},{\"@type\":\"ListItem\",\"position\":2,\"name\":\"Preocupaci\u00f3n en el sector de las maquinarias por el ingreso de sembradoras importadas\"}]},{\"@type\":\"WebSite\",\"@id\":\"https:\\\/\\\/informelitoral.com.ar\\\/#website\",\"url\":\"https:\\\/\\\/informelitoral.com.ar\\\/\",\"name\":\"Informe Litoral\",\"description\":\"&quot;Nos informamos&quot; \",\"publisher\":{\"@id\":\"https:\\\/\\\/informelitoral.com.ar\\\/#organization\"},\"potentialAction\":[{\"@type\":\"SearchAction\",\"target\":{\"@type\":\"EntryPoint\",\"urlTemplate\":\"https:\\\/\\\/informelitoral.com.ar\\\/?s={search_term_string}\"},\"query-input\":{\"@type\":\"PropertyValueSpecification\",\"valueRequired\":true,\"valueName\":\"search_term_string\"}}],\"inLanguage\":\"es\"},{\"@type\":\"Organization\",\"@id\":\"https:\\\/\\\/informelitoral.com.ar\\\/#organization\",\"name\":\"Informe Litoral\",\"url\":\"https:\\\/\\\/informelitoral.com.ar\\\/\",\"logo\":{\"@type\":\"ImageObject\",\"inLanguage\":\"es\",\"@id\":\"https:\\\/\\\/informelitoral.com.ar\\\/#\\\/schema\\\/logo\\\/image\\\/\",\"url\":\"https:\\\/\\\/informelitoral.com.ar\\\/%77%70%2d%63%6f%6e%74%65%6e%74\\\/uploads\\\/2021\\\/01\\\/circulo.png\",\"contentUrl\":\"https:\\\/\\\/informelitoral.com.ar\\\/%77%70%2d%63%6f%6e%74%65%6e%74\\\/uploads\\\/2021\\\/01\\\/circulo.png\",\"width\":723,\"height\":731,\"caption\":\"Informe Litoral\"},\"image\":{\"@id\":\"https:\\\/\\\/informelitoral.com.ar\\\/#\\\/schema\\\/logo\\\/image\\\/\"},\"sameAs\":[\"https:\\\/\\\/www.facebook.com\\\/informelitoral\\\/\",\"https:\\\/\\\/x.com\\\/InformeLitoral\",\"https:\\\/\\\/www.instagram.com\\\/informelitoral\\\/\",\"https:\\\/\\\/www.youtube.com\\\/channel\\\/UCua4Qvz8Icb6MYqhoq9xLXw\"]},{\"@type\":\"Person\",\"@id\":\"https:\\\/\\\/informelitoral.com.ar\\\/#\\\/schema\\\/person\\\/b9d00407c836482871ef1d57bf8e3180\",\"name\":\"Gonzalo Schmidt\",\"image\":{\"@type\":\"ImageObject\",\"inLanguage\":\"es\",\"@id\":\"https:\\\/\\\/secure.gravatar.com\\\/avatar\\\/31a1a7b66ff2de83bd0e9fd79d026630d2d99e55e8bfe501287647b4fd9743de?s=96&d=mm&r=g\",\"url\":\"https:\\\/\\\/secure.gravatar.com\\\/avatar\\\/31a1a7b66ff2de83bd0e9fd79d026630d2d99e55e8bfe501287647b4fd9743de?s=96&d=mm&r=g\",\"contentUrl\":\"https:\\\/\\\/secure.gravatar.com\\\/avatar\\\/31a1a7b66ff2de83bd0e9fd79d026630d2d99e55e8bfe501287647b4fd9743de?s=96&d=mm&r=g\",\"caption\":\"Gonzalo Schmidt\"},\"description\":\"Sitio web de noticias de la provincia de Entre R\u00edos, Argentina. Informaci\u00f3n y entretenimiento. Informe Litoral, nos informamos.\",\"sameAs\":[\"http:\\\/\\\/www.isletasnoticias.com.ar\"],\"url\":\"https:\\\/\\\/informelitoral.com.ar\\\/author\\\/gonzalo\\\/\"}]}<\/script>","yoast_head_json":{"title":"Preocupaci\u00f3n en el sector de las maquinarias por el ingreso de sembradoras importadas - Informe Litoral","robots":{"index":"index","follow":"follow","max-snippet":"max-snippet:-1","max-image-preview":"max-image-preview:large","max-video-preview":"max-video-preview:-1"},"canonical":"https:\/\/informelitoral.com.ar\/preocupacion-en-el-sector-de-las-maquinarias-por-el-ingreso-de-sembradoras-importadas\/","og_locale":"es_ES","og_type":"article","og_title":"Preocupaci\u00f3n en el sector de las maquinarias por el ingreso de sembradoras importadas - Informe Litoral","og_description":"Algunos fabricantes llevaron el reclamo a funcionarios del Ministerio de Agroindustria. Ante el pedido, el Gobierno Nacional prometi&oacute; investigar la operatoria. Hasta ahora, pr&aacute;cticamente todas las sembradoras vendidas en el mercado local son de origen nacional. Los fabricantes de sembradoras advirtieron a funcionarios del Gobierno Nacional sobre el ingreso de sembradoras al pa&iacute;s, importadas por [&hellip;]","og_url":"https:\/\/informelitoral.com.ar\/preocupacion-en-el-sector-de-las-maquinarias-por-el-ingreso-de-sembradoras-importadas\/","og_site_name":"Informe Litoral","article_publisher":"https:\/\/www.facebook.com\/informelitoral\/","article_published_time":"2016-08-09T10:25:19+00:00","og_image":[{"width":631,"height":280,"url":"https:\/\/informelitoral.com.ar\/%77%70%2d%63%6f%6e%74%65%6e%74\/uploads\/2016\/08\/i22560-sembradora-631.jpg","type":"image\/jpeg"}],"author":"Gonzalo Schmidt","twitter_card":"summary_large_image","twitter_creator":"@InformeLitoral","twitter_site":"@InformeLitoral","twitter_misc":{"Escrito por":"Gonzalo Schmidt","Tiempo de lectura":"2 minutos"},"schema":{"@context":"https:\/\/schema.org","@graph":[{"@type":"Article","@id":"https:\/\/informelitoral.com.ar\/preocupacion-en-el-sector-de-las-maquinarias-por-el-ingreso-de-sembradoras-importadas\/#article","isPartOf":{"@id":"https:\/\/informelitoral.com.ar\/preocupacion-en-el-sector-de-las-maquinarias-por-el-ingreso-de-sembradoras-importadas\/"},"author":{"name":"Gonzalo Schmidt","@id":"https:\/\/informelitoral.com.ar\/#\/schema\/person\/b9d00407c836482871ef1d57bf8e3180"},"headline":"Preocupaci\u00f3n en el sector de las maquinarias por el ingreso de sembradoras importadas","datePublished":"2016-08-09T10:25:19+00:00","mainEntityOfPage":{"@id":"https:\/\/informelitoral.com.ar\/preocupacion-en-el-sector-de-las-maquinarias-por-el-ingreso-de-sembradoras-importadas\/"},"wordCount":363,"commentCount":0,"publisher":{"@id":"https:\/\/informelitoral.com.ar\/#organization"},"image":{"@id":"https:\/\/informelitoral.com.ar\/preocupacion-en-el-sector-de-las-maquinarias-por-el-ingreso-de-sembradoras-importadas\/#primaryimage"},"thumbnailUrl":"http:\/\/www.isletasnoticias.com.ar\/%77%70%2d%63%6f%6e%74%65%6e%74\/uploads\/2016\/08\/i22560-sembradora-631.jpg","articleSection":["Campo"],"inLanguage":"es","potentialAction":[{"@type":"CommentAction","name":"Comment","target":["https:\/\/informelitoral.com.ar\/preocupacion-en-el-sector-de-las-maquinarias-por-el-ingreso-de-sembradoras-importadas\/#respond"]}]},{"@type":"WebPage","@id":"https:\/\/informelitoral.com.ar\/preocupacion-en-el-sector-de-las-maquinarias-por-el-ingreso-de-sembradoras-importadas\/","url":"https:\/\/informelitoral.com.ar\/preocupacion-en-el-sector-de-las-maquinarias-por-el-ingreso-de-sembradoras-importadas\/","name":"Preocupaci\u00f3n en el sector de las maquinarias por el ingreso de sembradoras importadas - Informe Litoral","isPartOf":{"@id":"https:\/\/informelitoral.com.ar\/#website"},"primaryImageOfPage":{"@id":"https:\/\/informelitoral.com.ar\/preocupacion-en-el-sector-de-las-maquinarias-por-el-ingreso-de-sembradoras-importadas\/#primaryimage"},"image":{"@id":"https:\/\/informelitoral.com.ar\/preocupacion-en-el-sector-de-las-maquinarias-por-el-ingreso-de-sembradoras-importadas\/#primaryimage"},"thumbnailUrl":"http:\/\/www.isletasnoticias.com.ar\/%77%70%2d%63%6f%6e%74%65%6e%74\/uploads\/2016\/08\/i22560-sembradora-631.jpg","datePublished":"2016-08-09T10:25:19+00:00","breadcrumb":{"@id":"https:\/\/informelitoral.com.ar\/preocupacion-en-el-sector-de-las-maquinarias-por-el-ingreso-de-sembradoras-importadas\/#breadcrumb"},"inLanguage":"es","potentialAction":[{"@type":"ReadAction","target":["https:\/\/informelitoral.com.ar\/preocupacion-en-el-sector-de-las-maquinarias-por-el-ingreso-de-sembradoras-importadas\/"]}]},{"@type":"ImageObject","inLanguage":"es","@id":"https:\/\/informelitoral.com.ar\/preocupacion-en-el-sector-de-las-maquinarias-por-el-ingreso-de-sembradoras-importadas\/#primaryimage","url":"http:\/\/www.isletasnoticias.com.ar\/%77%70%2d%63%6f%6e%74%65%6e%74\/uploads\/2016\/08\/i22560-sembradora-631.jpg","contentUrl":"http:\/\/www.isletasnoticias.com.ar\/%77%70%2d%63%6f%6e%74%65%6e%74\/uploads\/2016\/08\/i22560-sembradora-631.jpg"},{"@type":"BreadcrumbList","@id":"https:\/\/informelitoral.com.ar\/preocupacion-en-el-sector-de-las-maquinarias-por-el-ingreso-de-sembradoras-importadas\/#breadcrumb","itemListElement":[{"@type":"ListItem","position":1,"name":"Portada","item":"https:\/\/informelitoral.com.ar\/"},{"@type":"ListItem","position":2,"name":"Preocupaci\u00f3n en el sector de las maquinarias por el ingreso de sembradoras importadas"}]},{"@type":"WebSite","@id":"https:\/\/informelitoral.com.ar\/#website","url":"https:\/\/informelitoral.com.ar\/","name":"Informe Litoral","description":"&quot;Nos informamos&quot; ","publisher":{"@id":"https:\/\/informelitoral.com.ar\/#organization"},"potentialAction":[{"@type":"SearchAction","target":{"@type":"EntryPoint","urlTemplate":"https:\/\/informelitoral.com.ar\/?s={search_term_string}"},"query-input":{"@type":"PropertyValueSpecification","valueRequired":true,"valueName":"search_term_string"}}],"inLanguage":"es"},{"@type":"Organization","@id":"https:\/\/informelitoral.com.ar\/#organization","name":"Informe Litoral","url":"https:\/\/informelitoral.com.ar\/","logo":{"@type":"ImageObject","inLanguage":"es","@id":"https:\/\/informelitoral.com.ar\/#\/schema\/logo\/image\/","url":"https:\/\/informelitoral.com.ar\/%77%70%2d%63%6f%6e%74%65%6e%74\/uploads\/2021\/01\/circulo.png","contentUrl":"https:\/\/informelitoral.com.ar\/%77%70%2d%63%6f%6e%74%65%6e%74\/uploads\/2021\/01\/circulo.png","width":723,"height":731,"caption":"Informe Litoral"},"image":{"@id":"https:\/\/informelitoral.com.ar\/#\/schema\/logo\/image\/"},"sameAs":["https:\/\/www.facebook.com\/informelitoral\/","https:\/\/x.com\/InformeLitoral","https:\/\/www.instagram.com\/informelitoral\/","https:\/\/www.youtube.com\/channel\/UCua4Qvz8Icb6MYqhoq9xLXw"]},{"@type":"Person","@id":"https:\/\/informelitoral.com.ar\/#\/schema\/person\/b9d00407c836482871ef1d57bf8e3180","name":"Gonzalo Schmidt","image":{"@type":"ImageObject","inLanguage":"es","@id":"https:\/\/secure.gravatar.com\/avatar\/31a1a7b66ff2de83bd0e9fd79d026630d2d99e55e8bfe501287647b4fd9743de?s=96&d=mm&r=g","url":"https:\/\/secure.gravatar.com\/avatar\/31a1a7b66ff2de83bd0e9fd79d026630d2d99e55e8bfe501287647b4fd9743de?s=96&d=mm&r=g","contentUrl":"https:\/\/secure.gravatar.com\/avatar\/31a1a7b66ff2de83bd0e9fd79d026630d2d99e55e8bfe501287647b4fd9743de?s=96&d=mm&r=g","caption":"Gonzalo Schmidt"},"description":"Sitio web de noticias de la provincia de Entre R\u00edos, Argentina. Informaci\u00f3n y entretenimiento. Informe Litoral, nos informamos.","sameAs":["http:\/\/www.isletasnoticias.com.ar"],"url":"https:\/\/informelitoral.com.ar\/author\/gonzalo\/"}]}},"_links":{"self":[{"href":"https:\/\/informelitoral.com.ar\/%77%70%2d%6a%73%6f%6e\/wp\/v2\/posts\/17627","targetHints":{"allow":["GET"]}}],"collection":[{"href":"https:\/\/informelitoral.com.ar\/%77%70%2d%6a%73%6f%6e\/wp\/v2\/posts"}],"about":[{"href":"https:\/\/informelitoral.com.ar\/%77%70%2d%6a%73%6f%6e\/wp\/v2\/types\/post"}],"author":[{"embeddable":true,"href":"https:\/\/informelitoral.com.ar\/%77%70%2d%6a%73%6f%6e\/wp\/v2\/users\/2"}],"replies":[{"embeddable":true,"href":"https:\/\/informelitoral.com.ar\/%77%70%2d%6a%73%6f%6e\/wp\/v2\/comments?post=17627"}],"version-history":[{"count":0,"href":"https:\/\/informelitoral.com.ar\/%77%70%2d%6a%73%6f%6e\/wp\/v2\/posts\/17627\/revisions"}],"wp:attachment":[{"href":"https:\/\/informelitoral.com.ar\/%77%70%2d%6a%73%6f%6e\/wp\/v2\/media?parent=17627"}],"wp:term":[{"taxonomy":"category","embeddable":true,"href":"https:\/\/informelitoral.com.ar\/%77%70%2d%6a%73%6f%6e\/wp\/v2\/categories?post=17627"},{"taxonomy":"post_tag","embeddable":true,"href":"https:\/\/informelitoral.com.ar\/%77%70%2d%6a%73%6f%6e\/wp\/v2\/tags?post=17627"}],"curies":[{"name":"wp","href":"https:\/\/api.w.org\/{rel}","templated":true}]}}