{"id":17599,"date":"2016-08-05T08:32:27","date_gmt":"2016-08-05T11:32:27","guid":{"rendered":"http:\/\/www.isletasnoticias.com.ar\/?p=17599"},"modified":"2016-08-05T08:32:27","modified_gmt":"2016-08-05T11:32:27","slug":"se-presentaron-los-juegos-evita-provinciales-2016","status":"publish","type":"post","link":"https:\/\/informelitoral.com.ar\/se-presentaron-los-juegos-evita-provinciales-2016\/","title":{"rendered":"Se presentaron los Juegos Evita provinciales 2016"},"content":{"rendered":"<p><strong>Se present\u00f3 el jueves la edici\u00f3n 2016 de los Juegos Evita Provinciales. Un nuevo a\u00f1o para que miles de j\u00f3venes y adultos mayores entrerrianos alcancen su sue\u00f1o de llegar a Mar del Plata para la instancia Nacional. \u201cSon un \u00edcono de la inclusi\u00f3n social, que este a\u00f1o moviliza a 70 mil gurises\u201d, dijo la ministra de Desarrollo Social, <em>Laura Stratta,<\/em> junto al secretario de Deportes, <em>Jos\u00e9 G\u00f3mez<\/em>, y al concejal de Paran\u00e1, <em>Sebasti\u00e1n B\u00e9rtoli.<a href=\"http:\/\/www.isletasnoticias.com.ar\/%77%70%2d%63%6f%6e%74%65%6e%74\/uploads\/2016\/08\/b_1470338903.jpg\"><img loading=\"lazy\" decoding=\"async\" class=\"aligncenter wp-image-17600 size-full\" src=\"http:\/\/www.isletasnoticias.com.ar\/%77%70%2d%63%6f%6e%74%65%6e%74\/uploads\/2016\/08\/b_1470338903.jpg\" alt=\"b_1470338903\" width=\"492\" height=\"326\" srcset=\"https:\/\/informelitoral.com.ar\/%77%70%2d%63%6f%6e%74%65%6e%74\/uploads\/2016\/08\/b_1470338903.jpg 492w, https:\/\/informelitoral.com.ar\/%77%70%2d%63%6f%6e%74%65%6e%74\/uploads\/2016\/08\/b_1470338903-300x199.jpg 300w\" sizes=\"auto, (max-width: 492px) 100vw, 492px\" \/><\/a><\/em><\/strong><\/p>\n<p>En esta edici\u00f3n 2016 la inversi\u00f3n del gobierno provincial, a trav\u00e9s de la Secretar\u00eda de Deportes del Ministerio de Desarrollo Social, es de 15 millones de pesos. La coordinaci\u00f3n y fiscalizaci\u00f3n de las etapas se realiza en forma mancomunada entre Municipios, Federaciones y la Secretar\u00eda de Deportes. Hay que destacar que todos los participantes estar\u00e1n asegurados por el Instituto Aut\u00e1rquico Provincial del Seguro.<\/p>\n<p>Los Juegos Evita 2016 dar\u00e1n comienzo el d\u00eda 10 de agosto en las localidades Col\u00f3n y San Jos\u00e9 con la definici\u00f3n de la disciplina voleibol sub 14 y sub 16.  El acto cont\u00f3 con la presencia de intendentes, funcionarios provinciales y municipales que llegaron hasta el Centro Cultual y de Convenciones, La Vieja Usina, en la capital provincial.<\/p>\n<p>\u201cCelebramos que el deporte sea una pol\u00edtica de Estado en nuestra provincia y lo vemos plasmado en estos espacios y en cada uno de los programas y herramientas que impulsamos desde el Ministerio de Desarrollo Social. Estamos convencidos que el deporte promueve valores y forma buenas personas, que es un pilar fundamental para el fortalecimiento del tejido social\u201d, asever\u00f3 la ministra Laura Stratta.<\/p>\n<p>En tanto, el secretario G\u00f3mez resalt\u00f3 la gran participaci\u00f3n que se ha dado en las etapas locales y dijo que \u201cesta jornada es muy importante porque estamos todos reunidos poniendo en valor el trabajo de tanta gente de la comunidad del deporte, pero fundamentalmente de los equipos del gobierno provincial y de los gobiernos municipales que estamos trabajando articuladamente para llevar adelante en la provincia esta magn\u00edfica idea que son los Juegos Evita\u201d.<\/p>\n<p>Por otra parte, agradeci\u00f3 la labor de los municipios que \u201ccon la mejor predisposici\u00f3n se encuentran trabajando con nosotros para que muchos de nuestros gurises puedan llegar por primera vez a Mar del Plata para compartir unos d\u00edas con otros chicos y disfrutar de una de las ciudades m\u00e1s lindas del pa\u00eds. Estos Juegos son el s\u00edmbolo de la inclusi\u00f3n y de la democracia; la idea ha sido movilizadora y transformadora para nuestro pa\u00eds\u201d.<\/p>\n<p>Por \u00faltimo, G\u00f3mez hizo referencia al programa Escuelas Nacionales de Iniciaci\u00f3n Deportiva e indic\u00f3 que se realiz\u00f3 un trabajo conjunto con Naci\u00f3n y las Federaciones para decidir d\u00f3nde ubicar cada Escuela en el objetivo de potenciar el deporte de base.<\/p>\n<p>Durante la presentaci\u00f3n se procedi\u00f3 a la firma de los convenios entre el gobierno provincial y los municipios sedes de las finales provinciales de los juegos. Estuvieron presentes los intendentes Amilcar Ulises Tomassi, de Cerrito; Jos\u00e9 Eduardo Lauritto, de Concepci\u00f3n del Uruguay; Enrique Cresto, de Concordia; Carlos Jaime Secco, de Federaci\u00f3n; Hugo Ma\u00edn, de Mar\u00eda Grande; Sergio Varisco, de Paran\u00e1; Irma Monjo, de San Jos\u00e9; Domingo Maiocco, de Victoria, y en representaci\u00f3n de Mariano Rebord, de Col\u00f3n, estuvo Gustavo Blanc, secretario de Gobierno y Pol\u00edticas Sociales y de Salud.<\/p>\n<p>Entrega de aportes<br \/>\nAdem\u00e1s, se adjudicaron aportes por un total de 2.140.000 pesos a las 28 federaciones de diferentes disciplinas y a la Confederaci\u00f3n Entrerriana de Deportes, enmarcadas en lo dispuesto por la ley provincial N\u00b0 10.373 y los decretos N\u00b0 1339\/14 Medypa y 385\/16 MDS.<\/p>\n<p>Programa de Escuelas Nacionales de Iniciaci\u00f3n Deportiva<br \/>\nPor otra parte, se realiz\u00f3 una entrega simb\u00f3lica de material deportivo en el marco de programa Escuelas Nacionales de Iniciaci\u00f3n Deportiva. Un total de 63 escuelas, centros de tecnificaci\u00f3n y centros de desarrollo estar\u00e1n distribuidos por distintas localidades de la provincia en las disciplinas de atletismo, triatl\u00f3n, voleibol, softbol, h\u00e1ndbol, pat\u00edn, nataci\u00f3n, f\u00fatbol, b\u00e1squet, hockey sobre c\u00e9sped, rugby, karate, atleta urbano, canotaje, boxeo y pesas.<\/p>\n<p>Finales Provinciales Juegos Evita 2016<br \/>\nFecha: 10, 11 y 12 de agosto<br \/>\nSede: Col\u00f3n<br \/>\nDisciplina: Voleibol sub14<br \/>\nSede: San Jos\u00e9<br \/>\nDisciplina: Voleibol Sub16<\/p>\n<p>Fecha: 17, 18 y 19 de agosto<br \/>\nSede: Victoria<br \/>\nDisciplina: F\u00fatbol femenino y masculino<\/p>\n<p>Fecha: 22, 23 y 24 de agosto<br \/>\nSede: Concepci\u00f3n del Uruguay<br \/>\nDisciplinas: B\u00e1squet 5&#215;5 femenino y masculino<\/p>\n<p>Fecha: 31 de agosto, 1 y 2 de septiembre<br \/>\nSede: Concepci\u00f3n del Uruguay<br \/>\nDisciplina: Rugby, b\u00e1squet 3&#215;3 y Hockey masculino Sus14 y sub16<\/p>\n<p>Fecha: 7, 8 y 9 de septiembre<br \/>\nSede: Federaci\u00f3n<br \/>\nAbuelos en Acci\u00f3n<\/p>\n<p>Fecha: 12, 13 y 14 de septiembre<br \/>\nSede: Concordia<br \/>\nDisciplina: Atletismo femenino y masculino. Discapacidad: goalball, boccia, tenis de mesa, atletismo, nataci\u00f3n, b\u00e1squet, nataci\u00f3n, b\u00e1squet 3&#215;3, f\u00fatbol pc.<\/p>\n<p>Fecha: 28, 29 y 30 de septiembre<br \/>\nSede: Mar\u00eda Grande<br \/>\nDisciplina: Tenis de mesa, ajedrez sub 14 y sub 16<br \/>\nSede: Cerrito<br \/>\nDisciplina: Beach Voley<br \/>\nSede: Paran\u00e1<br \/>\nDisciplina: Hockey sobre c\u00e9sped, organizada en conjunto con la Asociaci\u00f3n Paranaense.<\/p>\n<p>Actividades organizadas conjuntamente con la Confederaci\u00f3n Entrerriana de Deportes:<br \/>\nFecha: 20 y 21 de agosto<br \/>\nSede: Paran\u00e1<br \/>\nDisciplina: Ciclismo<\/p>\n<p>Fecha: 3 y 4 de septiembre<br \/>\nSede: Paran\u00e1<br \/>\nDisciplina: Mountain Bike<\/p>\n<p>Fecha: 23 y 24 de septiembre<br \/>\nSede: Paran\u00e1<br \/>\nDisciplina: Taekwondo<\/p>\n<p>Fecha: 29 y 30 de septiembre<br \/>\nSede: A confirmar<br \/>\nDisciplina: Pat\u00edn Art\u00edstico<\/p>\n<p>Falta definir fechas de: Tiro, Esgrima, Acuatl\u00f3n, Gimnasia Art\u00edstica, Gimnasia Deportiva, Boxeo, Canotaje, Levantamiento Ol\u00edmpico, Nactaci\u00f3n, Karate, Judo, Lucha, B\u00e1dminton y Cestoball.<\/p>\n<p>Finales Nacionales:<br \/>\nJuegos Evita: 22 al 27 de octubre en Mar del Plata. 840 participantes<br \/>\nAbuelos en Acci\u00f3n: 10 al 13 de noviembre en Embalse R\u00edo III. 50 participantes<\/p>\n","protected":false},"excerpt":{"rendered":"<p>Se present&oacute; el jueves la edici&oacute;n 2016 de los Juegos Evita Provinciales. Un nuevo a&ntilde;o para que miles de j&oacute;venes y adultos mayores entrerrianos alcancen su sue&ntilde;o de llegar a Mar del Plata para la instancia Nacional. &ldquo;Son un &iacute;cono de la inclusi&oacute;n social, que este a&ntilde;o moviliza a 70 mil gurises&rdquo;, dijo la ministra [&hellip;]<\/p>\n","protected":false},"author":2,"featured_media":0,"comment_status":"open","ping_status":"open","sticky":false,"template":"","format":"standard","meta":{"fifu_image_url":"","fifu_image_alt":"","footnotes":""},"categories":[13,6],"tags":[],"class_list":{"0":"post-17599","1":"post","2":"type-post","3":"status-publish","4":"format-standard","6":"category-deportes","7":"category-entre-rios"},"yoast_head":"<title>Se presentaron los Juegos Evita provinciales 2016 - Informe Litoral<\/title>\n<meta name=\"robots\" content=\"index, follow, max-snippet:-1, max-image-preview:large, max-video-preview:-1\" \/>\n<link rel=\"canonical\" href=\"https:\/\/informelitoral.com.ar\/se-presentaron-los-juegos-evita-provinciales-2016\/\" \/>\n<meta property=\"og:locale\" content=\"es_ES\" \/>\n<meta property=\"og:type\" content=\"article\" \/>\n<meta property=\"og:title\" content=\"Se presentaron los Juegos Evita provinciales 2016 - Informe Litoral\" \/>\n<meta property=\"og:description\" content=\"Se present&oacute; el jueves la edici&oacute;n 2016 de los Juegos Evita Provinciales. Un nuevo a&ntilde;o para que miles de j&oacute;venes y adultos mayores entrerrianos alcancen su sue&ntilde;o de llegar a Mar del Plata para la instancia Nacional. &ldquo;Son un &iacute;cono de la inclusi&oacute;n social, que este a&ntilde;o moviliza a 70 mil gurises&rdquo;, dijo la ministra [&hellip;]\" \/>\n<meta property=\"og:url\" content=\"https:\/\/informelitoral.com.ar\/se-presentaron-los-juegos-evita-provinciales-2016\/\" \/>\n<meta property=\"og:site_name\" content=\"Informe Litoral\" \/>\n<meta property=\"article:publisher\" content=\"https:\/\/www.facebook.com\/informelitoral\/\" \/>\n<meta property=\"article:published_time\" content=\"2016-08-05T11:32:27+00:00\" \/>\n<meta property=\"og:image\" content=\"https:\/\/informelitoral.com.ar\/%77%70%2d%63%6f%6e%74%65%6e%74\/uploads\/2016\/08\/b_1470338903.jpg\" \/>\n\t<meta property=\"og:image:width\" content=\"492\" \/>\n\t<meta property=\"og:image:height\" content=\"326\" \/>\n\t<meta property=\"og:image:type\" content=\"image\/jpeg\" \/>\n<meta name=\"author\" content=\"Gonzalo Schmidt\" \/>\n<meta name=\"twitter:card\" content=\"summary_large_image\" \/>\n<meta name=\"twitter:creator\" content=\"@InformeLitoral\" \/>\n<meta name=\"twitter:site\" content=\"@InformeLitoral\" \/>\n<meta name=\"twitter:label1\" content=\"Escrito por\" \/>\n\t<meta name=\"twitter:data1\" content=\"Gonzalo Schmidt\" \/>\n\t<meta name=\"twitter:label2\" content=\"Tiempo de lectura\" \/>\n\t<meta name=\"twitter:data2\" content=\"5 minutos\" \/>\n<script type=\"application\/ld+json\" class=\"yoast-schema-graph\">{\"@context\":\"https:\\\/\\\/schema.org\",\"@graph\":[{\"@type\":\"Article\",\"@id\":\"https:\\\/\\\/informelitoral.com.ar\\\/se-presentaron-los-juegos-evita-provinciales-2016\\\/#article\",\"isPartOf\":{\"@id\":\"https:\\\/\\\/informelitoral.com.ar\\\/se-presentaron-los-juegos-evita-provinciales-2016\\\/\"},\"author\":{\"name\":\"Gonzalo Schmidt\",\"@id\":\"https:\\\/\\\/informelitoral.com.ar\\\/#\\\/schema\\\/person\\\/b9d00407c836482871ef1d57bf8e3180\"},\"headline\":\"Se presentaron los Juegos Evita provinciales 2016\",\"datePublished\":\"2016-08-05T11:32:27+00:00\",\"mainEntityOfPage\":{\"@id\":\"https:\\\/\\\/informelitoral.com.ar\\\/se-presentaron-los-juegos-evita-provinciales-2016\\\/\"},\"wordCount\":949,\"commentCount\":0,\"publisher\":{\"@id\":\"https:\\\/\\\/informelitoral.com.ar\\\/#organization\"},\"image\":{\"@id\":\"https:\\\/\\\/informelitoral.com.ar\\\/se-presentaron-los-juegos-evita-provinciales-2016\\\/#primaryimage\"},\"thumbnailUrl\":\"http:\\\/\\\/www.isletasnoticias.com.ar\\\/%77%70%2d%63%6f%6e%74%65%6e%74\\\/uploads\\\/2016\\\/08\\\/b_1470338903.jpg\",\"articleSection\":[\"Deportes\",\"Entre R\u00edos\"],\"inLanguage\":\"es\",\"potentialAction\":[{\"@type\":\"CommentAction\",\"name\":\"Comment\",\"target\":[\"https:\\\/\\\/informelitoral.com.ar\\\/se-presentaron-los-juegos-evita-provinciales-2016\\\/#respond\"]}]},{\"@type\":\"WebPage\",\"@id\":\"https:\\\/\\\/informelitoral.com.ar\\\/se-presentaron-los-juegos-evita-provinciales-2016\\\/\",\"url\":\"https:\\\/\\\/informelitoral.com.ar\\\/se-presentaron-los-juegos-evita-provinciales-2016\\\/\",\"name\":\"Se presentaron los Juegos Evita provinciales 2016 - Informe Litoral\",\"isPartOf\":{\"@id\":\"https:\\\/\\\/informelitoral.com.ar\\\/#website\"},\"primaryImageOfPage\":{\"@id\":\"https:\\\/\\\/informelitoral.com.ar\\\/se-presentaron-los-juegos-evita-provinciales-2016\\\/#primaryimage\"},\"image\":{\"@id\":\"https:\\\/\\\/informelitoral.com.ar\\\/se-presentaron-los-juegos-evita-provinciales-2016\\\/#primaryimage\"},\"thumbnailUrl\":\"http:\\\/\\\/www.isletasnoticias.com.ar\\\/%77%70%2d%63%6f%6e%74%65%6e%74\\\/uploads\\\/2016\\\/08\\\/b_1470338903.jpg\",\"datePublished\":\"2016-08-05T11:32:27+00:00\",\"breadcrumb\":{\"@id\":\"https:\\\/\\\/informelitoral.com.ar\\\/se-presentaron-los-juegos-evita-provinciales-2016\\\/#breadcrumb\"},\"inLanguage\":\"es\",\"potentialAction\":[{\"@type\":\"ReadAction\",\"target\":[\"https:\\\/\\\/informelitoral.com.ar\\\/se-presentaron-los-juegos-evita-provinciales-2016\\\/\"]}]},{\"@type\":\"ImageObject\",\"inLanguage\":\"es\",\"@id\":\"https:\\\/\\\/informelitoral.com.ar\\\/se-presentaron-los-juegos-evita-provinciales-2016\\\/#primaryimage\",\"url\":\"http:\\\/\\\/www.isletasnoticias.com.ar\\\/%77%70%2d%63%6f%6e%74%65%6e%74\\\/uploads\\\/2016\\\/08\\\/b_1470338903.jpg\",\"contentUrl\":\"http:\\\/\\\/www.isletasnoticias.com.ar\\\/%77%70%2d%63%6f%6e%74%65%6e%74\\\/uploads\\\/2016\\\/08\\\/b_1470338903.jpg\"},{\"@type\":\"BreadcrumbList\",\"@id\":\"https:\\\/\\\/informelitoral.com.ar\\\/se-presentaron-los-juegos-evita-provinciales-2016\\\/#breadcrumb\",\"itemListElement\":[{\"@type\":\"ListItem\",\"position\":1,\"name\":\"Portada\",\"item\":\"https:\\\/\\\/informelitoral.com.ar\\\/\"},{\"@type\":\"ListItem\",\"position\":2,\"name\":\"Se presentaron los Juegos Evita provinciales 2016\"}]},{\"@type\":\"WebSite\",\"@id\":\"https:\\\/\\\/informelitoral.com.ar\\\/#website\",\"url\":\"https:\\\/\\\/informelitoral.com.ar\\\/\",\"name\":\"Informe Litoral\",\"description\":\"&quot;Nos informamos&quot; \",\"publisher\":{\"@id\":\"https:\\\/\\\/informelitoral.com.ar\\\/#organization\"},\"potentialAction\":[{\"@type\":\"SearchAction\",\"target\":{\"@type\":\"EntryPoint\",\"urlTemplate\":\"https:\\\/\\\/informelitoral.com.ar\\\/?s={search_term_string}\"},\"query-input\":{\"@type\":\"PropertyValueSpecification\",\"valueRequired\":true,\"valueName\":\"search_term_string\"}}],\"inLanguage\":\"es\"},{\"@type\":\"Organization\",\"@id\":\"https:\\\/\\\/informelitoral.com.ar\\\/#organization\",\"name\":\"Informe Litoral\",\"url\":\"https:\\\/\\\/informelitoral.com.ar\\\/\",\"logo\":{\"@type\":\"ImageObject\",\"inLanguage\":\"es\",\"@id\":\"https:\\\/\\\/informelitoral.com.ar\\\/#\\\/schema\\\/logo\\\/image\\\/\",\"url\":\"https:\\\/\\\/informelitoral.com.ar\\\/%77%70%2d%63%6f%6e%74%65%6e%74\\\/uploads\\\/2021\\\/01\\\/circulo.png\",\"contentUrl\":\"https:\\\/\\\/informelitoral.com.ar\\\/%77%70%2d%63%6f%6e%74%65%6e%74\\\/uploads\\\/2021\\\/01\\\/circulo.png\",\"width\":723,\"height\":731,\"caption\":\"Informe Litoral\"},\"image\":{\"@id\":\"https:\\\/\\\/informelitoral.com.ar\\\/#\\\/schema\\\/logo\\\/image\\\/\"},\"sameAs\":[\"https:\\\/\\\/www.facebook.com\\\/informelitoral\\\/\",\"https:\\\/\\\/x.com\\\/InformeLitoral\",\"https:\\\/\\\/www.instagram.com\\\/informelitoral\\\/\",\"https:\\\/\\\/www.youtube.com\\\/channel\\\/UCua4Qvz8Icb6MYqhoq9xLXw\"]},{\"@type\":\"Person\",\"@id\":\"https:\\\/\\\/informelitoral.com.ar\\\/#\\\/schema\\\/person\\\/b9d00407c836482871ef1d57bf8e3180\",\"name\":\"Gonzalo Schmidt\",\"image\":{\"@type\":\"ImageObject\",\"inLanguage\":\"es\",\"@id\":\"https:\\\/\\\/secure.gravatar.com\\\/avatar\\\/31a1a7b66ff2de83bd0e9fd79d026630d2d99e55e8bfe501287647b4fd9743de?s=96&d=mm&r=g\",\"url\":\"https:\\\/\\\/secure.gravatar.com\\\/avatar\\\/31a1a7b66ff2de83bd0e9fd79d026630d2d99e55e8bfe501287647b4fd9743de?s=96&d=mm&r=g\",\"contentUrl\":\"https:\\\/\\\/secure.gravatar.com\\\/avatar\\\/31a1a7b66ff2de83bd0e9fd79d026630d2d99e55e8bfe501287647b4fd9743de?s=96&d=mm&r=g\",\"caption\":\"Gonzalo Schmidt\"},\"description\":\"Sitio web de noticias de la provincia de Entre R\u00edos, Argentina. Informaci\u00f3n y entretenimiento. Informe Litoral, nos informamos.\",\"sameAs\":[\"http:\\\/\\\/www.isletasnoticias.com.ar\"],\"url\":\"https:\\\/\\\/informelitoral.com.ar\\\/author\\\/gonzalo\\\/\"}]}<\/script>","yoast_head_json":{"title":"Se presentaron los Juegos Evita provinciales 2016 - Informe Litoral","robots":{"index":"index","follow":"follow","max-snippet":"max-snippet:-1","max-image-preview":"max-image-preview:large","max-video-preview":"max-video-preview:-1"},"canonical":"https:\/\/informelitoral.com.ar\/se-presentaron-los-juegos-evita-provinciales-2016\/","og_locale":"es_ES","og_type":"article","og_title":"Se presentaron los Juegos Evita provinciales 2016 - Informe Litoral","og_description":"Se present&oacute; el jueves la edici&oacute;n 2016 de los Juegos Evita Provinciales. Un nuevo a&ntilde;o para que miles de j&oacute;venes y adultos mayores entrerrianos alcancen su sue&ntilde;o de llegar a Mar del Plata para la instancia Nacional. &ldquo;Son un &iacute;cono de la inclusi&oacute;n social, que este a&ntilde;o moviliza a 70 mil gurises&rdquo;, dijo la ministra [&hellip;]","og_url":"https:\/\/informelitoral.com.ar\/se-presentaron-los-juegos-evita-provinciales-2016\/","og_site_name":"Informe Litoral","article_publisher":"https:\/\/www.facebook.com\/informelitoral\/","article_published_time":"2016-08-05T11:32:27+00:00","og_image":[{"width":492,"height":326,"url":"https:\/\/informelitoral.com.ar\/%77%70%2d%63%6f%6e%74%65%6e%74\/uploads\/2016\/08\/b_1470338903.jpg","type":"image\/jpeg"}],"author":"Gonzalo Schmidt","twitter_card":"summary_large_image","twitter_creator":"@InformeLitoral","twitter_site":"@InformeLitoral","twitter_misc":{"Escrito por":"Gonzalo Schmidt","Tiempo de lectura":"5 minutos"},"schema":{"@context":"https:\/\/schema.org","@graph":[{"@type":"Article","@id":"https:\/\/informelitoral.com.ar\/se-presentaron-los-juegos-evita-provinciales-2016\/#article","isPartOf":{"@id":"https:\/\/informelitoral.com.ar\/se-presentaron-los-juegos-evita-provinciales-2016\/"},"author":{"name":"Gonzalo Schmidt","@id":"https:\/\/informelitoral.com.ar\/#\/schema\/person\/b9d00407c836482871ef1d57bf8e3180"},"headline":"Se presentaron los Juegos Evita provinciales 2016","datePublished":"2016-08-05T11:32:27+00:00","mainEntityOfPage":{"@id":"https:\/\/informelitoral.com.ar\/se-presentaron-los-juegos-evita-provinciales-2016\/"},"wordCount":949,"commentCount":0,"publisher":{"@id":"https:\/\/informelitoral.com.ar\/#organization"},"image":{"@id":"https:\/\/informelitoral.com.ar\/se-presentaron-los-juegos-evita-provinciales-2016\/#primaryimage"},"thumbnailUrl":"http:\/\/www.isletasnoticias.com.ar\/%77%70%2d%63%6f%6e%74%65%6e%74\/uploads\/2016\/08\/b_1470338903.jpg","articleSection":["Deportes","Entre R\u00edos"],"inLanguage":"es","potentialAction":[{"@type":"CommentAction","name":"Comment","target":["https:\/\/informelitoral.com.ar\/se-presentaron-los-juegos-evita-provinciales-2016\/#respond"]}]},{"@type":"WebPage","@id":"https:\/\/informelitoral.com.ar\/se-presentaron-los-juegos-evita-provinciales-2016\/","url":"https:\/\/informelitoral.com.ar\/se-presentaron-los-juegos-evita-provinciales-2016\/","name":"Se presentaron los Juegos Evita provinciales 2016 - Informe Litoral","isPartOf":{"@id":"https:\/\/informelitoral.com.ar\/#website"},"primaryImageOfPage":{"@id":"https:\/\/informelitoral.com.ar\/se-presentaron-los-juegos-evita-provinciales-2016\/#primaryimage"},"image":{"@id":"https:\/\/informelitoral.com.ar\/se-presentaron-los-juegos-evita-provinciales-2016\/#primaryimage"},"thumbnailUrl":"http:\/\/www.isletasnoticias.com.ar\/%77%70%2d%63%6f%6e%74%65%6e%74\/uploads\/2016\/08\/b_1470338903.jpg","datePublished":"2016-08-05T11:32:27+00:00","breadcrumb":{"@id":"https:\/\/informelitoral.com.ar\/se-presentaron-los-juegos-evita-provinciales-2016\/#breadcrumb"},"inLanguage":"es","potentialAction":[{"@type":"ReadAction","target":["https:\/\/informelitoral.com.ar\/se-presentaron-los-juegos-evita-provinciales-2016\/"]}]},{"@type":"ImageObject","inLanguage":"es","@id":"https:\/\/informelitoral.com.ar\/se-presentaron-los-juegos-evita-provinciales-2016\/#primaryimage","url":"http:\/\/www.isletasnoticias.com.ar\/%77%70%2d%63%6f%6e%74%65%6e%74\/uploads\/2016\/08\/b_1470338903.jpg","contentUrl":"http:\/\/www.isletasnoticias.com.ar\/%77%70%2d%63%6f%6e%74%65%6e%74\/uploads\/2016\/08\/b_1470338903.jpg"},{"@type":"BreadcrumbList","@id":"https:\/\/informelitoral.com.ar\/se-presentaron-los-juegos-evita-provinciales-2016\/#breadcrumb","itemListElement":[{"@type":"ListItem","position":1,"name":"Portada","item":"https:\/\/informelitoral.com.ar\/"},{"@type":"ListItem","position":2,"name":"Se presentaron los Juegos Evita provinciales 2016"}]},{"@type":"WebSite","@id":"https:\/\/informelitoral.com.ar\/#website","url":"https:\/\/informelitoral.com.ar\/","name":"Informe Litoral","description":"&quot;Nos informamos&quot; ","publisher":{"@id":"https:\/\/informelitoral.com.ar\/#organization"},"potentialAction":[{"@type":"SearchAction","target":{"@type":"EntryPoint","urlTemplate":"https:\/\/informelitoral.com.ar\/?s={search_term_string}"},"query-input":{"@type":"PropertyValueSpecification","valueRequired":true,"valueName":"search_term_string"}}],"inLanguage":"es"},{"@type":"Organization","@id":"https:\/\/informelitoral.com.ar\/#organization","name":"Informe Litoral","url":"https:\/\/informelitoral.com.ar\/","logo":{"@type":"ImageObject","inLanguage":"es","@id":"https:\/\/informelitoral.com.ar\/#\/schema\/logo\/image\/","url":"https:\/\/informelitoral.com.ar\/%77%70%2d%63%6f%6e%74%65%6e%74\/uploads\/2021\/01\/circulo.png","contentUrl":"https:\/\/informelitoral.com.ar\/%77%70%2d%63%6f%6e%74%65%6e%74\/uploads\/2021\/01\/circulo.png","width":723,"height":731,"caption":"Informe Litoral"},"image":{"@id":"https:\/\/informelitoral.com.ar\/#\/schema\/logo\/image\/"},"sameAs":["https:\/\/www.facebook.com\/informelitoral\/","https:\/\/x.com\/InformeLitoral","https:\/\/www.instagram.com\/informelitoral\/","https:\/\/www.youtube.com\/channel\/UCua4Qvz8Icb6MYqhoq9xLXw"]},{"@type":"Person","@id":"https:\/\/informelitoral.com.ar\/#\/schema\/person\/b9d00407c836482871ef1d57bf8e3180","name":"Gonzalo Schmidt","image":{"@type":"ImageObject","inLanguage":"es","@id":"https:\/\/secure.gravatar.com\/avatar\/31a1a7b66ff2de83bd0e9fd79d026630d2d99e55e8bfe501287647b4fd9743de?s=96&d=mm&r=g","url":"https:\/\/secure.gravatar.com\/avatar\/31a1a7b66ff2de83bd0e9fd79d026630d2d99e55e8bfe501287647b4fd9743de?s=96&d=mm&r=g","contentUrl":"https:\/\/secure.gravatar.com\/avatar\/31a1a7b66ff2de83bd0e9fd79d026630d2d99e55e8bfe501287647b4fd9743de?s=96&d=mm&r=g","caption":"Gonzalo Schmidt"},"description":"Sitio web de noticias de la provincia de Entre R\u00edos, Argentina. Informaci\u00f3n y entretenimiento. Informe Litoral, nos informamos.","sameAs":["http:\/\/www.isletasnoticias.com.ar"],"url":"https:\/\/informelitoral.com.ar\/author\/gonzalo\/"}]}},"_links":{"self":[{"href":"https:\/\/informelitoral.com.ar\/%77%70%2d%6a%73%6f%6e\/wp\/v2\/posts\/17599","targetHints":{"allow":["GET"]}}],"collection":[{"href":"https:\/\/informelitoral.com.ar\/%77%70%2d%6a%73%6f%6e\/wp\/v2\/posts"}],"about":[{"href":"https:\/\/informelitoral.com.ar\/%77%70%2d%6a%73%6f%6e\/wp\/v2\/types\/post"}],"author":[{"embeddable":true,"href":"https:\/\/informelitoral.com.ar\/%77%70%2d%6a%73%6f%6e\/wp\/v2\/users\/2"}],"replies":[{"embeddable":true,"href":"https:\/\/informelitoral.com.ar\/%77%70%2d%6a%73%6f%6e\/wp\/v2\/comments?post=17599"}],"version-history":[{"count":0,"href":"https:\/\/informelitoral.com.ar\/%77%70%2d%6a%73%6f%6e\/wp\/v2\/posts\/17599\/revisions"}],"wp:attachment":[{"href":"https:\/\/informelitoral.com.ar\/%77%70%2d%6a%73%6f%6e\/wp\/v2\/media?parent=17599"}],"wp:term":[{"taxonomy":"category","embeddable":true,"href":"https:\/\/informelitoral.com.ar\/%77%70%2d%6a%73%6f%6e\/wp\/v2\/categories?post=17599"},{"taxonomy":"post_tag","embeddable":true,"href":"https:\/\/informelitoral.com.ar\/%77%70%2d%6a%73%6f%6e\/wp\/v2\/tags?post=17599"}],"curies":[{"name":"wp","href":"https:\/\/api.w.org\/{rel}","templated":true}]}}