{"id":17594,"date":"2016-08-05T08:23:16","date_gmt":"2016-08-05T11:23:16","guid":{"rendered":"http:\/\/www.isletasnoticias.com.ar\/?p=17594"},"modified":"2016-08-05T08:27:19","modified_gmt":"2016-08-05T11:27:19","slug":"en-crecimiento-estiman-que-se-sembraran-5-000-hectareas-de-girasol-en-entre-rios","status":"publish","type":"post","link":"https:\/\/informelitoral.com.ar\/en-crecimiento-estiman-que-se-sembraran-5-000-hectareas-de-girasol-en-entre-rios\/","title":{"rendered":"En crecimiento: estiman que se sembrar\u00e1n 5.000 hect\u00e1reas de girasol en Entre R\u00edos"},"content":{"rendered":"<p><strong>La siembra de girasol refleja un escenario positivo en la campa\u00f1a 2016\/17 en Entre R\u00edos. En el \u00faltimo ciclo agr\u00edcola se registr\u00f3 una superficie de s\u00f3lo 500 hect\u00e1reas, la menor cantidad de los \u00faltimos 20 a\u00f1os.<a href=\"http:\/\/www.isletasnoticias.com.ar\/%77%70%2d%63%6f%6e%74%65%6e%74\/uploads\/2016\/08\/girasol.jpg\"><img loading=\"lazy\" decoding=\"async\" class=\"aligncenter wp-image-17595 size-large\" src=\"http:\/\/www.isletasnoticias.com.ar\/%77%70%2d%63%6f%6e%74%65%6e%74\/uploads\/2016\/08\/girasol-1024x768.jpg\" alt=\"girasol\" width=\"600\" height=\"450\" srcset=\"https:\/\/informelitoral.com.ar\/%77%70%2d%63%6f%6e%74%65%6e%74\/uploads\/2016\/08\/girasol.jpg 1024w, https:\/\/informelitoral.com.ar\/%77%70%2d%63%6f%6e%74%65%6e%74\/uploads\/2016\/08\/girasol-300x225.jpg 300w, https:\/\/informelitoral.com.ar\/%77%70%2d%63%6f%6e%74%65%6e%74\/uploads\/2016\/08\/girasol-768x576.jpg 768w\" sizes=\"auto, (max-width: 600px) 100vw, 600px\" \/><\/a><\/strong><\/p>\n<p>Seg\u00fan el Sistema de Informaci\u00f3n de la Bolsa de Cereales de Entre R\u00edos (SIBER), en el \u00faltimo ciclo agr\u00edcola se registr\u00f3 la menor superficie (500 hect\u00e1reas) de los \u00faltimos 20 a\u00f1os, condicionado por la baja cotizaci\u00f3n con respecto al cultivo de soja y a las p\u00e9rdidas ocasionadas por palomas.<\/p>\n<p>Los semilleros reportan un incremento en el n\u00famero de consultas y mayor inter\u00e9s por parte del productor para la siembra de girasol. Dentro de los factores mencionados como atractivos, se encuentran:<\/p>\n<p>&#8211; La quita de retenciones, que ha permitido a la oleaginosa ganar competitividad frente al resto de los cultivos estivales.<\/p>\n<p>El anuncio de un a\u00f1o bajo la influencia de La Ni\u00f1a, que trae la posibilidad de reducciones en el monto de las precipitaciones en el verano y donde el girasol cuenta con ventaja si se lo compara con los cultivos de soja y ma\u00edz frente a situaciones de d\u00e9ficit h\u00eddrico.<\/p>\n<p>Para el SIBER, la conjunci\u00f3n de estos factores eleva la expectativa de las hect\u00e1reas destinadas a la oleaginosa en la geograf\u00eda entrerriana, que podr\u00eda alcanzar el orden de las 5.000 ha.<\/p>\n","protected":false},"excerpt":{"rendered":"<p>La siembra de girasol refleja un escenario positivo en la campa&ntilde;a 2016\/17 en Entre R&iacute;os. En el &uacute;ltimo ciclo agr&iacute;cola se registr&oacute; una superficie de s&oacute;lo 500 hect&aacute;reas, la menor cantidad de los &uacute;ltimos 20 a&ntilde;os. Seg&uacute;n el Sistema de Informaci&oacute;n de la Bolsa de Cereales de Entre R&iacute;os (SIBER), en el &uacute;ltimo ciclo agr&iacute;cola [&hellip;]<\/p>\n","protected":false},"author":2,"featured_media":0,"comment_status":"open","ping_status":"open","sticky":false,"template":"","format":"standard","meta":{"fifu_image_url":"","fifu_image_alt":"","footnotes":""},"categories":[10,6],"tags":[],"class_list":{"0":"post-17594","1":"post","2":"type-post","3":"status-publish","4":"format-standard","6":"category-campo","7":"category-entre-rios"},"yoast_head":"<title>En crecimiento: estiman que se sembrar\u00e1n 5.000 hect\u00e1reas de girasol en Entre R\u00edos - Informe Litoral<\/title>\n<meta name=\"robots\" content=\"index, follow, max-snippet:-1, max-image-preview:large, max-video-preview:-1\" \/>\n<link rel=\"canonical\" href=\"https:\/\/informelitoral.com.ar\/en-crecimiento-estiman-que-se-sembraran-5-000-hectareas-de-girasol-en-entre-rios\/\" \/>\n<meta property=\"og:locale\" content=\"es_ES\" \/>\n<meta property=\"og:type\" content=\"article\" \/>\n<meta property=\"og:title\" content=\"En crecimiento: estiman que se sembrar\u00e1n 5.000 hect\u00e1reas de girasol en Entre R\u00edos - Informe Litoral\" \/>\n<meta property=\"og:description\" content=\"La siembra de girasol refleja un escenario positivo en la campa&ntilde;a 2016\/17 en Entre R&iacute;os. En el &uacute;ltimo ciclo agr&iacute;cola se registr&oacute; una superficie de s&oacute;lo 500 hect&aacute;reas, la menor cantidad de los &uacute;ltimos 20 a&ntilde;os. Seg&uacute;n el Sistema de Informaci&oacute;n de la Bolsa de Cereales de Entre R&iacute;os (SIBER), en el &uacute;ltimo ciclo agr&iacute;cola [&hellip;]\" \/>\n<meta property=\"og:url\" content=\"https:\/\/informelitoral.com.ar\/en-crecimiento-estiman-que-se-sembraran-5-000-hectareas-de-girasol-en-entre-rios\/\" \/>\n<meta property=\"og:site_name\" content=\"Informe Litoral\" \/>\n<meta property=\"article:publisher\" content=\"https:\/\/www.facebook.com\/informelitoral\/\" \/>\n<meta property=\"article:published_time\" content=\"2016-08-05T11:23:16+00:00\" \/>\n<meta property=\"article:modified_time\" content=\"2016-08-05T11:27:19+00:00\" \/>\n<meta property=\"og:image\" content=\"https:\/\/informelitoral.com.ar\/%77%70%2d%63%6f%6e%74%65%6e%74\/uploads\/2016\/08\/girasol.jpg\" \/>\n\t<meta property=\"og:image:width\" content=\"1024\" \/>\n\t<meta property=\"og:image:height\" content=\"768\" \/>\n\t<meta property=\"og:image:type\" content=\"image\/jpeg\" \/>\n<meta name=\"author\" content=\"Gonzalo Schmidt\" \/>\n<meta name=\"twitter:card\" content=\"summary_large_image\" \/>\n<meta name=\"twitter:creator\" content=\"@InformeLitoral\" \/>\n<meta name=\"twitter:site\" content=\"@InformeLitoral\" \/>\n<meta name=\"twitter:label1\" content=\"Escrito por\" \/>\n\t<meta name=\"twitter:data1\" content=\"Gonzalo Schmidt\" \/>\n\t<meta name=\"twitter:label2\" content=\"Tiempo de lectura\" \/>\n\t<meta name=\"twitter:data2\" content=\"1 minuto\" \/>\n<script type=\"application\/ld+json\" class=\"yoast-schema-graph\">{\"@context\":\"https:\\\/\\\/schema.org\",\"@graph\":[{\"@type\":\"Article\",\"@id\":\"https:\\\/\\\/informelitoral.com.ar\\\/en-crecimiento-estiman-que-se-sembraran-5-000-hectareas-de-girasol-en-entre-rios\\\/#article\",\"isPartOf\":{\"@id\":\"https:\\\/\\\/informelitoral.com.ar\\\/en-crecimiento-estiman-que-se-sembraran-5-000-hectareas-de-girasol-en-entre-rios\\\/\"},\"author\":{\"name\":\"Gonzalo Schmidt\",\"@id\":\"https:\\\/\\\/informelitoral.com.ar\\\/#\\\/schema\\\/person\\\/b9d00407c836482871ef1d57bf8e3180\"},\"headline\":\"En crecimiento: estiman que se sembrar\u00e1n 5.000 hect\u00e1reas de girasol en Entre R\u00edos\",\"datePublished\":\"2016-08-05T11:23:16+00:00\",\"dateModified\":\"2016-08-05T11:27:19+00:00\",\"mainEntityOfPage\":{\"@id\":\"https:\\\/\\\/informelitoral.com.ar\\\/en-crecimiento-estiman-que-se-sembraran-5-000-hectareas-de-girasol-en-entre-rios\\\/\"},\"wordCount\":251,\"commentCount\":0,\"publisher\":{\"@id\":\"https:\\\/\\\/informelitoral.com.ar\\\/#organization\"},\"image\":{\"@id\":\"https:\\\/\\\/informelitoral.com.ar\\\/en-crecimiento-estiman-que-se-sembraran-5-000-hectareas-de-girasol-en-entre-rios\\\/#primaryimage\"},\"thumbnailUrl\":\"http:\\\/\\\/www.isletasnoticias.com.ar\\\/%77%70%2d%63%6f%6e%74%65%6e%74\\\/uploads\\\/2016\\\/08\\\/girasol-1024x768.jpg\",\"articleSection\":[\"Campo\",\"Entre R\u00edos\"],\"inLanguage\":\"es\",\"potentialAction\":[{\"@type\":\"CommentAction\",\"name\":\"Comment\",\"target\":[\"https:\\\/\\\/informelitoral.com.ar\\\/en-crecimiento-estiman-que-se-sembraran-5-000-hectareas-de-girasol-en-entre-rios\\\/#respond\"]}]},{\"@type\":\"WebPage\",\"@id\":\"https:\\\/\\\/informelitoral.com.ar\\\/en-crecimiento-estiman-que-se-sembraran-5-000-hectareas-de-girasol-en-entre-rios\\\/\",\"url\":\"https:\\\/\\\/informelitoral.com.ar\\\/en-crecimiento-estiman-que-se-sembraran-5-000-hectareas-de-girasol-en-entre-rios\\\/\",\"name\":\"En crecimiento: estiman que se sembrar\u00e1n 5.000 hect\u00e1reas de girasol en Entre R\u00edos - Informe Litoral\",\"isPartOf\":{\"@id\":\"https:\\\/\\\/informelitoral.com.ar\\\/#website\"},\"primaryImageOfPage\":{\"@id\":\"https:\\\/\\\/informelitoral.com.ar\\\/en-crecimiento-estiman-que-se-sembraran-5-000-hectareas-de-girasol-en-entre-rios\\\/#primaryimage\"},\"image\":{\"@id\":\"https:\\\/\\\/informelitoral.com.ar\\\/en-crecimiento-estiman-que-se-sembraran-5-000-hectareas-de-girasol-en-entre-rios\\\/#primaryimage\"},\"thumbnailUrl\":\"http:\\\/\\\/www.isletasnoticias.com.ar\\\/%77%70%2d%63%6f%6e%74%65%6e%74\\\/uploads\\\/2016\\\/08\\\/girasol-1024x768.jpg\",\"datePublished\":\"2016-08-05T11:23:16+00:00\",\"dateModified\":\"2016-08-05T11:27:19+00:00\",\"breadcrumb\":{\"@id\":\"https:\\\/\\\/informelitoral.com.ar\\\/en-crecimiento-estiman-que-se-sembraran-5-000-hectareas-de-girasol-en-entre-rios\\\/#breadcrumb\"},\"inLanguage\":\"es\",\"potentialAction\":[{\"@type\":\"ReadAction\",\"target\":[\"https:\\\/\\\/informelitoral.com.ar\\\/en-crecimiento-estiman-que-se-sembraran-5-000-hectareas-de-girasol-en-entre-rios\\\/\"]}]},{\"@type\":\"ImageObject\",\"inLanguage\":\"es\",\"@id\":\"https:\\\/\\\/informelitoral.com.ar\\\/en-crecimiento-estiman-que-se-sembraran-5-000-hectareas-de-girasol-en-entre-rios\\\/#primaryimage\",\"url\":\"http:\\\/\\\/www.isletasnoticias.com.ar\\\/%77%70%2d%63%6f%6e%74%65%6e%74\\\/uploads\\\/2016\\\/08\\\/girasol-1024x768.jpg\",\"contentUrl\":\"http:\\\/\\\/www.isletasnoticias.com.ar\\\/%77%70%2d%63%6f%6e%74%65%6e%74\\\/uploads\\\/2016\\\/08\\\/girasol-1024x768.jpg\"},{\"@type\":\"BreadcrumbList\",\"@id\":\"https:\\\/\\\/informelitoral.com.ar\\\/en-crecimiento-estiman-que-se-sembraran-5-000-hectareas-de-girasol-en-entre-rios\\\/#breadcrumb\",\"itemListElement\":[{\"@type\":\"ListItem\",\"position\":1,\"name\":\"Portada\",\"item\":\"https:\\\/\\\/informelitoral.com.ar\\\/\"},{\"@type\":\"ListItem\",\"position\":2,\"name\":\"En crecimiento: estiman que se sembrar\u00e1n 5.000 hect\u00e1reas de girasol en Entre R\u00edos\"}]},{\"@type\":\"WebSite\",\"@id\":\"https:\\\/\\\/informelitoral.com.ar\\\/#website\",\"url\":\"https:\\\/\\\/informelitoral.com.ar\\\/\",\"name\":\"Informe Litoral\",\"description\":\"&quot;Nos informamos&quot; \",\"publisher\":{\"@id\":\"https:\\\/\\\/informelitoral.com.ar\\\/#organization\"},\"potentialAction\":[{\"@type\":\"SearchAction\",\"target\":{\"@type\":\"EntryPoint\",\"urlTemplate\":\"https:\\\/\\\/informelitoral.com.ar\\\/?s={search_term_string}\"},\"query-input\":{\"@type\":\"PropertyValueSpecification\",\"valueRequired\":true,\"valueName\":\"search_term_string\"}}],\"inLanguage\":\"es\"},{\"@type\":\"Organization\",\"@id\":\"https:\\\/\\\/informelitoral.com.ar\\\/#organization\",\"name\":\"Informe Litoral\",\"url\":\"https:\\\/\\\/informelitoral.com.ar\\\/\",\"logo\":{\"@type\":\"ImageObject\",\"inLanguage\":\"es\",\"@id\":\"https:\\\/\\\/informelitoral.com.ar\\\/#\\\/schema\\\/logo\\\/image\\\/\",\"url\":\"https:\\\/\\\/informelitoral.com.ar\\\/%77%70%2d%63%6f%6e%74%65%6e%74\\\/uploads\\\/2021\\\/01\\\/circulo.png\",\"contentUrl\":\"https:\\\/\\\/informelitoral.com.ar\\\/%77%70%2d%63%6f%6e%74%65%6e%74\\\/uploads\\\/2021\\\/01\\\/circulo.png\",\"width\":723,\"height\":731,\"caption\":\"Informe Litoral\"},\"image\":{\"@id\":\"https:\\\/\\\/informelitoral.com.ar\\\/#\\\/schema\\\/logo\\\/image\\\/\"},\"sameAs\":[\"https:\\\/\\\/www.facebook.com\\\/informelitoral\\\/\",\"https:\\\/\\\/x.com\\\/InformeLitoral\",\"https:\\\/\\\/www.instagram.com\\\/informelitoral\\\/\",\"https:\\\/\\\/www.youtube.com\\\/channel\\\/UCua4Qvz8Icb6MYqhoq9xLXw\"]},{\"@type\":\"Person\",\"@id\":\"https:\\\/\\\/informelitoral.com.ar\\\/#\\\/schema\\\/person\\\/b9d00407c836482871ef1d57bf8e3180\",\"name\":\"Gonzalo Schmidt\",\"image\":{\"@type\":\"ImageObject\",\"inLanguage\":\"es\",\"@id\":\"https:\\\/\\\/secure.gravatar.com\\\/avatar\\\/31a1a7b66ff2de83bd0e9fd79d026630d2d99e55e8bfe501287647b4fd9743de?s=96&d=mm&r=g\",\"url\":\"https:\\\/\\\/secure.gravatar.com\\\/avatar\\\/31a1a7b66ff2de83bd0e9fd79d026630d2d99e55e8bfe501287647b4fd9743de?s=96&d=mm&r=g\",\"contentUrl\":\"https:\\\/\\\/secure.gravatar.com\\\/avatar\\\/31a1a7b66ff2de83bd0e9fd79d026630d2d99e55e8bfe501287647b4fd9743de?s=96&d=mm&r=g\",\"caption\":\"Gonzalo Schmidt\"},\"description\":\"Sitio web de noticias de la provincia de Entre R\u00edos, Argentina. Informaci\u00f3n y entretenimiento. Informe Litoral, nos informamos.\",\"sameAs\":[\"http:\\\/\\\/www.isletasnoticias.com.ar\"],\"url\":\"https:\\\/\\\/informelitoral.com.ar\\\/author\\\/gonzalo\\\/\"}]}<\/script>","yoast_head_json":{"title":"En crecimiento: estiman que se sembrar\u00e1n 5.000 hect\u00e1reas de girasol en Entre R\u00edos - Informe Litoral","robots":{"index":"index","follow":"follow","max-snippet":"max-snippet:-1","max-image-preview":"max-image-preview:large","max-video-preview":"max-video-preview:-1"},"canonical":"https:\/\/informelitoral.com.ar\/en-crecimiento-estiman-que-se-sembraran-5-000-hectareas-de-girasol-en-entre-rios\/","og_locale":"es_ES","og_type":"article","og_title":"En crecimiento: estiman que se sembrar\u00e1n 5.000 hect\u00e1reas de girasol en Entre R\u00edos - Informe Litoral","og_description":"La siembra de girasol refleja un escenario positivo en la campa&ntilde;a 2016\/17 en Entre R&iacute;os. En el &uacute;ltimo ciclo agr&iacute;cola se registr&oacute; una superficie de s&oacute;lo 500 hect&aacute;reas, la menor cantidad de los &uacute;ltimos 20 a&ntilde;os. Seg&uacute;n el Sistema de Informaci&oacute;n de la Bolsa de Cereales de Entre R&iacute;os (SIBER), en el &uacute;ltimo ciclo agr&iacute;cola [&hellip;]","og_url":"https:\/\/informelitoral.com.ar\/en-crecimiento-estiman-que-se-sembraran-5-000-hectareas-de-girasol-en-entre-rios\/","og_site_name":"Informe Litoral","article_publisher":"https:\/\/www.facebook.com\/informelitoral\/","article_published_time":"2016-08-05T11:23:16+00:00","article_modified_time":"2016-08-05T11:27:19+00:00","og_image":[{"width":1024,"height":768,"url":"https:\/\/informelitoral.com.ar\/%77%70%2d%63%6f%6e%74%65%6e%74\/uploads\/2016\/08\/girasol.jpg","type":"image\/jpeg"}],"author":"Gonzalo Schmidt","twitter_card":"summary_large_image","twitter_creator":"@InformeLitoral","twitter_site":"@InformeLitoral","twitter_misc":{"Escrito por":"Gonzalo Schmidt","Tiempo de lectura":"1 minuto"},"schema":{"@context":"https:\/\/schema.org","@graph":[{"@type":"Article","@id":"https:\/\/informelitoral.com.ar\/en-crecimiento-estiman-que-se-sembraran-5-000-hectareas-de-girasol-en-entre-rios\/#article","isPartOf":{"@id":"https:\/\/informelitoral.com.ar\/en-crecimiento-estiman-que-se-sembraran-5-000-hectareas-de-girasol-en-entre-rios\/"},"author":{"name":"Gonzalo Schmidt","@id":"https:\/\/informelitoral.com.ar\/#\/schema\/person\/b9d00407c836482871ef1d57bf8e3180"},"headline":"En crecimiento: estiman que se sembrar\u00e1n 5.000 hect\u00e1reas de girasol en Entre R\u00edos","datePublished":"2016-08-05T11:23:16+00:00","dateModified":"2016-08-05T11:27:19+00:00","mainEntityOfPage":{"@id":"https:\/\/informelitoral.com.ar\/en-crecimiento-estiman-que-se-sembraran-5-000-hectareas-de-girasol-en-entre-rios\/"},"wordCount":251,"commentCount":0,"publisher":{"@id":"https:\/\/informelitoral.com.ar\/#organization"},"image":{"@id":"https:\/\/informelitoral.com.ar\/en-crecimiento-estiman-que-se-sembraran-5-000-hectareas-de-girasol-en-entre-rios\/#primaryimage"},"thumbnailUrl":"http:\/\/www.isletasnoticias.com.ar\/%77%70%2d%63%6f%6e%74%65%6e%74\/uploads\/2016\/08\/girasol-1024x768.jpg","articleSection":["Campo","Entre R\u00edos"],"inLanguage":"es","potentialAction":[{"@type":"CommentAction","name":"Comment","target":["https:\/\/informelitoral.com.ar\/en-crecimiento-estiman-que-se-sembraran-5-000-hectareas-de-girasol-en-entre-rios\/#respond"]}]},{"@type":"WebPage","@id":"https:\/\/informelitoral.com.ar\/en-crecimiento-estiman-que-se-sembraran-5-000-hectareas-de-girasol-en-entre-rios\/","url":"https:\/\/informelitoral.com.ar\/en-crecimiento-estiman-que-se-sembraran-5-000-hectareas-de-girasol-en-entre-rios\/","name":"En crecimiento: estiman que se sembrar\u00e1n 5.000 hect\u00e1reas de girasol en Entre R\u00edos - Informe Litoral","isPartOf":{"@id":"https:\/\/informelitoral.com.ar\/#website"},"primaryImageOfPage":{"@id":"https:\/\/informelitoral.com.ar\/en-crecimiento-estiman-que-se-sembraran-5-000-hectareas-de-girasol-en-entre-rios\/#primaryimage"},"image":{"@id":"https:\/\/informelitoral.com.ar\/en-crecimiento-estiman-que-se-sembraran-5-000-hectareas-de-girasol-en-entre-rios\/#primaryimage"},"thumbnailUrl":"http:\/\/www.isletasnoticias.com.ar\/%77%70%2d%63%6f%6e%74%65%6e%74\/uploads\/2016\/08\/girasol-1024x768.jpg","datePublished":"2016-08-05T11:23:16+00:00","dateModified":"2016-08-05T11:27:19+00:00","breadcrumb":{"@id":"https:\/\/informelitoral.com.ar\/en-crecimiento-estiman-que-se-sembraran-5-000-hectareas-de-girasol-en-entre-rios\/#breadcrumb"},"inLanguage":"es","potentialAction":[{"@type":"ReadAction","target":["https:\/\/informelitoral.com.ar\/en-crecimiento-estiman-que-se-sembraran-5-000-hectareas-de-girasol-en-entre-rios\/"]}]},{"@type":"ImageObject","inLanguage":"es","@id":"https:\/\/informelitoral.com.ar\/en-crecimiento-estiman-que-se-sembraran-5-000-hectareas-de-girasol-en-entre-rios\/#primaryimage","url":"http:\/\/www.isletasnoticias.com.ar\/%77%70%2d%63%6f%6e%74%65%6e%74\/uploads\/2016\/08\/girasol-1024x768.jpg","contentUrl":"http:\/\/www.isletasnoticias.com.ar\/%77%70%2d%63%6f%6e%74%65%6e%74\/uploads\/2016\/08\/girasol-1024x768.jpg"},{"@type":"BreadcrumbList","@id":"https:\/\/informelitoral.com.ar\/en-crecimiento-estiman-que-se-sembraran-5-000-hectareas-de-girasol-en-entre-rios\/#breadcrumb","itemListElement":[{"@type":"ListItem","position":1,"name":"Portada","item":"https:\/\/informelitoral.com.ar\/"},{"@type":"ListItem","position":2,"name":"En crecimiento: estiman que se sembrar\u00e1n 5.000 hect\u00e1reas de girasol en Entre R\u00edos"}]},{"@type":"WebSite","@id":"https:\/\/informelitoral.com.ar\/#website","url":"https:\/\/informelitoral.com.ar\/","name":"Informe Litoral","description":"&quot;Nos informamos&quot; ","publisher":{"@id":"https:\/\/informelitoral.com.ar\/#organization"},"potentialAction":[{"@type":"SearchAction","target":{"@type":"EntryPoint","urlTemplate":"https:\/\/informelitoral.com.ar\/?s={search_term_string}"},"query-input":{"@type":"PropertyValueSpecification","valueRequired":true,"valueName":"search_term_string"}}],"inLanguage":"es"},{"@type":"Organization","@id":"https:\/\/informelitoral.com.ar\/#organization","name":"Informe Litoral","url":"https:\/\/informelitoral.com.ar\/","logo":{"@type":"ImageObject","inLanguage":"es","@id":"https:\/\/informelitoral.com.ar\/#\/schema\/logo\/image\/","url":"https:\/\/informelitoral.com.ar\/%77%70%2d%63%6f%6e%74%65%6e%74\/uploads\/2021\/01\/circulo.png","contentUrl":"https:\/\/informelitoral.com.ar\/%77%70%2d%63%6f%6e%74%65%6e%74\/uploads\/2021\/01\/circulo.png","width":723,"height":731,"caption":"Informe Litoral"},"image":{"@id":"https:\/\/informelitoral.com.ar\/#\/schema\/logo\/image\/"},"sameAs":["https:\/\/www.facebook.com\/informelitoral\/","https:\/\/x.com\/InformeLitoral","https:\/\/www.instagram.com\/informelitoral\/","https:\/\/www.youtube.com\/channel\/UCua4Qvz8Icb6MYqhoq9xLXw"]},{"@type":"Person","@id":"https:\/\/informelitoral.com.ar\/#\/schema\/person\/b9d00407c836482871ef1d57bf8e3180","name":"Gonzalo Schmidt","image":{"@type":"ImageObject","inLanguage":"es","@id":"https:\/\/secure.gravatar.com\/avatar\/31a1a7b66ff2de83bd0e9fd79d026630d2d99e55e8bfe501287647b4fd9743de?s=96&d=mm&r=g","url":"https:\/\/secure.gravatar.com\/avatar\/31a1a7b66ff2de83bd0e9fd79d026630d2d99e55e8bfe501287647b4fd9743de?s=96&d=mm&r=g","contentUrl":"https:\/\/secure.gravatar.com\/avatar\/31a1a7b66ff2de83bd0e9fd79d026630d2d99e55e8bfe501287647b4fd9743de?s=96&d=mm&r=g","caption":"Gonzalo Schmidt"},"description":"Sitio web de noticias de la provincia de Entre R\u00edos, Argentina. Informaci\u00f3n y entretenimiento. Informe Litoral, nos informamos.","sameAs":["http:\/\/www.isletasnoticias.com.ar"],"url":"https:\/\/informelitoral.com.ar\/author\/gonzalo\/"}]}},"_links":{"self":[{"href":"https:\/\/informelitoral.com.ar\/%77%70%2d%6a%73%6f%6e\/wp\/v2\/posts\/17594","targetHints":{"allow":["GET"]}}],"collection":[{"href":"https:\/\/informelitoral.com.ar\/%77%70%2d%6a%73%6f%6e\/wp\/v2\/posts"}],"about":[{"href":"https:\/\/informelitoral.com.ar\/%77%70%2d%6a%73%6f%6e\/wp\/v2\/types\/post"}],"author":[{"embeddable":true,"href":"https:\/\/informelitoral.com.ar\/%77%70%2d%6a%73%6f%6e\/wp\/v2\/users\/2"}],"replies":[{"embeddable":true,"href":"https:\/\/informelitoral.com.ar\/%77%70%2d%6a%73%6f%6e\/wp\/v2\/comments?post=17594"}],"version-history":[{"count":0,"href":"https:\/\/informelitoral.com.ar\/%77%70%2d%6a%73%6f%6e\/wp\/v2\/posts\/17594\/revisions"}],"wp:attachment":[{"href":"https:\/\/informelitoral.com.ar\/%77%70%2d%6a%73%6f%6e\/wp\/v2\/media?parent=17594"}],"wp:term":[{"taxonomy":"category","embeddable":true,"href":"https:\/\/informelitoral.com.ar\/%77%70%2d%6a%73%6f%6e\/wp\/v2\/categories?post=17594"},{"taxonomy":"post_tag","embeddable":true,"href":"https:\/\/informelitoral.com.ar\/%77%70%2d%6a%73%6f%6e\/wp\/v2\/tags?post=17594"}],"curies":[{"name":"wp","href":"https:\/\/api.w.org\/{rel}","templated":true}]}}